{"id":27341,"date":"2021-09-30T20:00:09","date_gmt":"2021-09-30T23:00:09","guid":{"rendered":"https:\/\/marcelolopes.jor.br\/?p=27341"},"modified":"2021-09-30T18:11:36","modified_gmt":"2021-09-30T21:11:36","slug":"comite-covid-decide-e-cataguases-progride-para-a-onda-verde","status":"publish","type":"post","link":"https:\/\/marcelolopes.jor.br\/site\/2021\/09\/30\/comite-covid-decide-e-cataguases-progride-para-a-onda-verde\/","title":{"rendered":"Comit\u00ea Covid decide e Cataguases progride para a Onda Verde"},"content":{"rendered":"<p style=\"text-align: justify;\">Reuni\u00e3o do Comit\u00ea Covid realizada na tarde desta quinta-feira, 30 de setembro, decidiu que Cataguases vai progredir para a Onda Verde do Programa Minas Consciente. Decreto neste sentido ser\u00e1 editado pelo prefeito Jos\u00e9 Henriques, provavelmente nesta sexta-feira, 1\u00ba de outubro, segundo informa\u00e7\u00f5es extraoficiais obtidas pelo Site. Cataguases \u00e9 um dos \u00faltimos munic\u00edpios da regi\u00e3o a ingressar na nova Onda uma vez que toda Minas Gerais j\u00e1 havia sido autorizada a progredir para esta\u00a0fase, a mais flex\u00edvel do plano de retomada segura e gradual das atividades econ\u00f4micas.<!--more--><\/p>\n<p style=\"text-align: justify;\">De acordo com o presidente do Comit\u00ea Covid, m\u00e9dico Joseph Freire, os indicadores que medem a doen\u00e7a est\u00e3o em n\u00edveis seguros. &#8220;Por isso, \u00e9 poss\u00edvel progredir para a Onda Verde, inclusive, no Hospital de Cataguases o volume de interna\u00e7\u00f5es s\u00f3 n\u00e3o \u00e9 menor porque h\u00e1 pacientes de outras cidades. No caso de hoje, por exemplo, n\u00e3o h\u00e1 nenhum cataguasense na UTI Covid e apenas tr\u00eas internados na Enfermaria Covid&#8221;, explicou. Ele completou dizendo que esta realidade vem se mantendo h\u00e1 v\u00e1rios dias o que d\u00e1 uma seguran\u00e7a maior para ingressar na Onda Verde.<\/p>\n<p style=\"text-align: justify;\">Com a progress\u00e3o, os eventos poder\u00e3o receber p\u00fablico de at\u00e9 150 pessoas, mantendo o distanciamento de um metro e meio com ocupa\u00e7\u00e3o de refer\u00eancia de quatro metros quadrados, acrescentou Joseph. Ele lembrou tamb\u00e9m que o novo decreto vai alterar o valor da multa por infra\u00e7\u00e3o \u00e0s novas regras que ser\u00e1 de 50 UFM, o que equivale a cerca de R$ 17 mil, al\u00e9m da interdi\u00e7\u00e3o do local por seis meses. Por fim ele salientou: &#8220;Esses n\u00fameros em queda constante confirmam a efic\u00e1cia da vacina\u00e7\u00e3o.\u201d<\/p>\n<p><strong>Veja o que pode voltar a funcionar na Onda Verde:<\/strong><br \/>\n<strong><em>&#8211; Atividades art\u00edsticas, como produ\u00e7\u00e3o teatral, musical e de dan\u00e7a e circo<\/em><\/strong><br \/>\n<strong><em>&#8211; Cinemas, bibliotecas, museus, arquivos<\/em><\/strong><br \/>\n<strong><em>&#8211; Parques, zool\u00f3gicos e jardins<\/em><\/strong><br \/>\n<strong><em>&#8211; Feiras, congressos, exposi\u00e7\u00f5es, filmagens de festas, casas de festas, buf\u00ea<\/em><\/strong><br \/>\n<strong><em>&#8211; Parques de divers\u00e3o, discotecas, boliches, sinuca<\/em><\/strong><br \/>\n<strong><em>&#8211; Bares com entretenimento (shows e espet\u00e1culos)<\/em><\/strong><br \/>\n<strong><em>&#8211; Servi\u00e7os de coloca\u00e7\u00e3o de piercings e tatuagens<\/em><\/strong><\/p>\n<p>Foto: Tumisu por Pixabay<\/p>\n<div class=\"ujrbb69f743c98d582\" ><br><\/div><style type=\"text\/css\">\r\n@media screen and (min-width: 1201px) {\r\n.ujrbb69f743c98d582 {\r\ndisplay: block;\r\n}\r\n}\r\n@media screen and (min-width: 993px) and (max-width: 1200px) {\r\n.ujrbb69f743c98d582 {\r\ndisplay: block;\r\n}\r\n}\r\n@media screen and (min-width: 769px) and (max-width: 992px) {\r\n.ujrbb69f743c98d582 {\r\ndisplay: block;\r\n}\r\n}\r\n@media screen and (min-width: 768px) and (max-width: 768px) {\r\n.ujrbb69f743c98d582 {\r\ndisplay: block;\r\n}\r\n}\r\n@media screen and (max-width: 767px) {\r\n.ujrbb69f743c98d582 {\r\ndisplay: block;\r\n}\r\n}\r\n<\/style>\r\n<div class=\"xgqrj69f743c993d88\" ><div id=\"div_destino\"><\/div>\r\n<script src=\"https:\/\/cdn.snsrsv.com\/sdk.js\"><\/script>\r\n<script >\r\n      new sdk(\"464030C30061EA8BE065000000000001\") \r\n          .appendTo(\"div_destino\")\r\n          .disableStyle(true) \r\n          .setCacheBusterMacro(\"%%CACHEBUSTER%%\")\r\n          .setSize(\"800\",\"214\")\r\n          .setClickMacro(\"%%CLICK_URL_ESC%%\") \r\n          .setReferrerUrlMacro(\"%%REFERRER_URL_ESC%%\") \r\n          .start(); \r\n<\/script><\/div><style type=\"text\/css\">\r\n@media screen and (min-width: 1201px) {\r\n.xgqrj69f743c993d88 {\r\ndisplay: block;\r\n}\r\n}\r\n@media screen and (min-width: 993px) and (max-width: 1200px) {\r\n.xgqrj69f743c993d88 {\r\ndisplay: block;\r\n}\r\n}\r\n@media screen and (min-width: 769px) and (max-width: 992px) {\r\n.xgqrj69f743c993d88 {\r\ndisplay: block;\r\n}\r\n}\r\n@media screen and (min-width: 768px) and (max-width: 768px) {\r\n.xgqrj69f743c993d88 {\r\ndisplay: block;\r\n}\r\n}\r\n@media screen and (max-width: 767px) {\r\n.xgqrj69f743c993d88 {\r\ndisplay: block;\r\n}\r\n}\r\n<\/style>\r\n","protected":false},"excerpt":{"rendered":"<p>Reuni\u00e3o do Comit\u00ea Covid realizada na tarde desta quinta-feira, 30 de setembro, decidiu que Cataguases vai progredir para a Onda Verde do Programa Minas Consciente. Decreto neste sentido ser\u00e1 editado pelo prefeito Jos\u00e9 Henriques, provavelmente nesta sexta-feira, 1\u00ba de outubro,<\/p>\n<p class=\"link-more\"><a class=\"more-link\" href=\"https:\/\/marcelolopes.jor.br\/site\/2021\/09\/30\/comite-covid-decide-e-cataguases-progride-para-a-onda-verde\/\">Leia mais <span class=\"screen-reader-text\">Comit\u00ea Covid decide e Cataguases progride para a Onda Verde<\/span><\/a><\/p>\n","protected":false},"author":2,"featured_media":27343,"comment_status":"open","ping_status":"open","sticky":false,"template":"","format":"standard","meta":{"footnotes":""},"categories":[1],"tags":[1332,2959,3817,3789],"class_list":["post-27341","post","type-post","status-publish","format-standard","has-post-thumbnail","hentry","category-noticias","tag-campanha-de-vacinacao","tag-onda-verde","tag-programa-minas-consciente","tag-taxa-de-ocupacao","thumb-below-title"],"yoast_head":"<!-- This site is optimized with the Yoast SEO plugin v27.4 - https:\/\/yoast.com\/product\/yoast-seo-wordpress\/ -->\n<title>Comit\u00ea Covid decide e Cataguases progride para a Onda Verde | Marcelo Lopes<\/title>\n<meta name=\"robots\" content=\"index, follow, max-snippet:-1, max-image-preview:large, max-video-preview:-1\" \/>\n<link rel=\"canonical\" href=\"https:\/\/marcelolopes.jor.br\/site\/2021\/09\/30\/comite-covid-decide-e-cataguases-progride-para-a-onda-verde\/\" \/>\n<meta property=\"og:locale\" content=\"pt_BR\" \/>\n<meta property=\"og:type\" content=\"article\" \/>\n<meta property=\"og:title\" content=\"Comit\u00ea Covid decide e Cataguases progride para a Onda Verde | Marcelo Lopes\" \/>\n<meta property=\"og:description\" content=\"Reuni\u00e3o do Comit\u00ea Covid realizada na tarde desta quinta-feira, 30 de setembro, decidiu que Cataguases vai progredir para a Onda Verde do Programa Minas Consciente. Decreto neste sentido ser\u00e1 editado pelo prefeito Jos\u00e9 Henriques, provavelmente nesta sexta-feira, 1\u00ba de outubro,Leia mais Comit\u00ea Covid decide e Cataguases progride para a Onda Verde\" \/>\n<meta property=\"og:url\" content=\"https:\/\/marcelolopes.jor.br\/site\/2021\/09\/30\/comite-covid-decide-e-cataguases-progride-para-a-onda-verde\/\" \/>\n<meta property=\"og:site_name\" content=\"Marcelo Lopes\" \/>\n<meta property=\"article:publisher\" content=\"https:\/\/www.facebook.com\/sitedomarcelolopes\" \/>\n<meta property=\"article:published_time\" content=\"2021-09-30T23:00:09+00:00\" \/>\n<meta property=\"og:image\" content=\"https:\/\/marcelolopes.jor.br\/site\/wp-content\/uploads\/2021\/09\/coronavirus-4914028_1280.jpg\" \/>\n\t<meta property=\"og:image:width\" content=\"1280\" \/>\n\t<meta property=\"og:image:height\" content=\"726\" \/>\n\t<meta property=\"og:image:type\" content=\"image\/jpeg\" \/>\n<meta name=\"author\" content=\"Marcelo Lopes\" \/>\n<meta name=\"twitter:card\" content=\"summary_large_image\" \/>\n<meta name=\"twitter:label1\" content=\"Escrito por\" \/>\n\t<meta name=\"twitter:data1\" content=\"Marcelo Lopes\" \/>\n\t<meta name=\"twitter:label2\" content=\"Est. tempo de leitura\" \/>\n\t<meta name=\"twitter:data2\" content=\"2 minutos\" \/>\n<script type=\"application\/ld+json\" class=\"yoast-schema-graph\">{\"@context\":\"https:\\\/\\\/schema.org\",\"@graph\":[{\"@type\":\"NewsArticle\",\"@id\":\"https:\\\/\\\/marcelolopes.jor.br\\\/site\\\/2021\\\/09\\\/30\\\/comite-covid-decide-e-cataguases-progride-para-a-onda-verde\\\/#article\",\"isPartOf\":{\"@id\":\"https:\\\/\\\/marcelolopes.jor.br\\\/site\\\/2021\\\/09\\\/30\\\/comite-covid-decide-e-cataguases-progride-para-a-onda-verde\\\/\"},\"author\":{\"name\":\"Marcelo Lopes\",\"@id\":\"https:\\\/\\\/marcelolopes.jor.br\\\/site\\\/#\\\/schema\\\/person\\\/3e7216a35c34d8fdf952b31da3d1f89f\"},\"headline\":\"Comit\u00ea Covid decide e Cataguases progride para a Onda Verde\",\"datePublished\":\"2021-09-30T23:00:09+00:00\",\"mainEntityOfPage\":{\"@id\":\"https:\\\/\\\/marcelolopes.jor.br\\\/site\\\/2021\\\/09\\\/30\\\/comite-covid-decide-e-cataguases-progride-para-a-onda-verde\\\/\"},\"wordCount\":373,\"commentCount\":0,\"publisher\":{\"@id\":\"https:\\\/\\\/marcelolopes.jor.br\\\/site\\\/#organization\"},\"image\":{\"@id\":\"https:\\\/\\\/marcelolopes.jor.br\\\/site\\\/2021\\\/09\\\/30\\\/comite-covid-decide-e-cataguases-progride-para-a-onda-verde\\\/#primaryimage\"},\"thumbnailUrl\":\"https:\\\/\\\/marcelolopes.jor.br\\\/site\\\/wp-content\\\/uploads\\\/2021\\\/09\\\/coronavirus-4914028_1280.jpg\",\"keywords\":[\"campanha de vacina\u00e7\u00e3o\",\"Onda Verde\",\"Programa Minas Consciente\",\"taxa de ocupa\u00e7\u00e3o\"],\"articleSection\":[\"Not\u00edcias\"],\"inLanguage\":\"pt-BR\",\"potentialAction\":[{\"@type\":\"CommentAction\",\"name\":\"Comment\",\"target\":[\"https:\\\/\\\/marcelolopes.jor.br\\\/site\\\/2021\\\/09\\\/30\\\/comite-covid-decide-e-cataguases-progride-para-a-onda-verde\\\/#respond\"]}]},{\"@type\":\"WebPage\",\"@id\":\"https:\\\/\\\/marcelolopes.jor.br\\\/site\\\/2021\\\/09\\\/30\\\/comite-covid-decide-e-cataguases-progride-para-a-onda-verde\\\/\",\"url\":\"https:\\\/\\\/marcelolopes.jor.br\\\/site\\\/2021\\\/09\\\/30\\\/comite-covid-decide-e-cataguases-progride-para-a-onda-verde\\\/\",\"name\":\"Comit\u00ea Covid decide e Cataguases progride para a Onda Verde | Marcelo Lopes\",\"isPartOf\":{\"@id\":\"https:\\\/\\\/marcelolopes.jor.br\\\/site\\\/#website\"},\"primaryImageOfPage\":{\"@id\":\"https:\\\/\\\/marcelolopes.jor.br\\\/site\\\/2021\\\/09\\\/30\\\/comite-covid-decide-e-cataguases-progride-para-a-onda-verde\\\/#primaryimage\"},\"image\":{\"@id\":\"https:\\\/\\\/marcelolopes.jor.br\\\/site\\\/2021\\\/09\\\/30\\\/comite-covid-decide-e-cataguases-progride-para-a-onda-verde\\\/#primaryimage\"},\"thumbnailUrl\":\"https:\\\/\\\/marcelolopes.jor.br\\\/site\\\/wp-content\\\/uploads\\\/2021\\\/09\\\/coronavirus-4914028_1280.jpg\",\"datePublished\":\"2021-09-30T23:00:09+00:00\",\"breadcrumb\":{\"@id\":\"https:\\\/\\\/marcelolopes.jor.br\\\/site\\\/2021\\\/09\\\/30\\\/comite-covid-decide-e-cataguases-progride-para-a-onda-verde\\\/#breadcrumb\"},\"inLanguage\":\"pt-BR\",\"potentialAction\":[{\"@type\":\"ReadAction\",\"target\":[\"https:\\\/\\\/marcelolopes.jor.br\\\/site\\\/2021\\\/09\\\/30\\\/comite-covid-decide-e-cataguases-progride-para-a-onda-verde\\\/\"]}]},{\"@type\":\"ImageObject\",\"inLanguage\":\"pt-BR\",\"@id\":\"https:\\\/\\\/marcelolopes.jor.br\\\/site\\\/2021\\\/09\\\/30\\\/comite-covid-decide-e-cataguases-progride-para-a-onda-verde\\\/#primaryimage\",\"url\":\"https:\\\/\\\/marcelolopes.jor.br\\\/site\\\/wp-content\\\/uploads\\\/2021\\\/09\\\/coronavirus-4914028_1280.jpg\",\"contentUrl\":\"https:\\\/\\\/marcelolopes.jor.br\\\/site\\\/wp-content\\\/uploads\\\/2021\\\/09\\\/coronavirus-4914028_1280.jpg\",\"width\":1280,\"height\":726},{\"@type\":\"BreadcrumbList\",\"@id\":\"https:\\\/\\\/marcelolopes.jor.br\\\/site\\\/2021\\\/09\\\/30\\\/comite-covid-decide-e-cataguases-progride-para-a-onda-verde\\\/#breadcrumb\",\"itemListElement\":[{\"@type\":\"ListItem\",\"position\":1,\"name\":\"Home\",\"item\":\"https:\\\/\\\/marcelolopes.jor.br\\\/site\\\/\"},{\"@type\":\"ListItem\",\"position\":2,\"name\":\"Comit\u00ea Covid decide e Cataguases progride para a Onda Verde\"}]},{\"@type\":\"WebSite\",\"@id\":\"https:\\\/\\\/marcelolopes.jor.br\\\/site\\\/#website\",\"url\":\"https:\\\/\\\/marcelolopes.jor.br\\\/site\\\/\",\"name\":\"Marcelo Lopes\",\"description\":\"Not\u00edcias de Cataguases e Regi\u00e3o\",\"publisher\":{\"@id\":\"https:\\\/\\\/marcelolopes.jor.br\\\/site\\\/#organization\"},\"potentialAction\":[{\"@type\":\"SearchAction\",\"target\":{\"@type\":\"EntryPoint\",\"urlTemplate\":\"https:\\\/\\\/marcelolopes.jor.br\\\/site\\\/?s={search_term_string}\"},\"query-input\":{\"@type\":\"PropertyValueSpecification\",\"valueRequired\":true,\"valueName\":\"search_term_string\"}}],\"inLanguage\":\"pt-BR\"},{\"@type\":\"Organization\",\"@id\":\"https:\\\/\\\/marcelolopes.jor.br\\\/site\\\/#organization\",\"name\":\"Site do Marcelo Lopes\",\"url\":\"https:\\\/\\\/marcelolopes.jor.br\\\/site\\\/\",\"logo\":{\"@type\":\"ImageObject\",\"inLanguage\":\"pt-BR\",\"@id\":\"https:\\\/\\\/marcelolopes.jor.br\\\/site\\\/#\\\/schema\\\/logo\\\/image\\\/\",\"url\":\"https:\\\/\\\/marcelolopes.jor.br\\\/site\\\/wp-content\\\/uploads\\\/2024\\\/11\\\/logo-1.png\",\"contentUrl\":\"https:\\\/\\\/marcelolopes.jor.br\\\/site\\\/wp-content\\\/uploads\\\/2024\\\/11\\\/logo-1.png\",\"width\":475,\"height\":80,\"caption\":\"Site do Marcelo Lopes\"},\"image\":{\"@id\":\"https:\\\/\\\/marcelolopes.jor.br\\\/site\\\/#\\\/schema\\\/logo\\\/image\\\/\"},\"sameAs\":[\"https:\\\/\\\/www.facebook.com\\\/sitedomarcelolopes\",\"https:\\\/\\\/www.instagram.com\\\/sitedomarcelolopes\\\/\",\"https:\\\/\\\/www.linkedin.com\\\/company\\\/site-do-marcelo-lopes\\\/\",\"https:\\\/\\\/www.youtube.com\\\/user\\\/marcelolopes957\"]},{\"@type\":\"Person\",\"@id\":\"https:\\\/\\\/marcelolopes.jor.br\\\/site\\\/#\\\/schema\\\/person\\\/3e7216a35c34d8fdf952b31da3d1f89f\",\"name\":\"Marcelo Lopes\",\"sameAs\":[\"http:\\\/\\\/www.marcelolopes.jor.br\"],\"url\":\"https:\\\/\\\/marcelolopes.jor.br\\\/site\\\/author\\\/marcelo\\\/\"}]}<\/script>\n<!-- \/ Yoast SEO plugin. -->","yoast_head_json":{"title":"Comit\u00ea Covid decide e Cataguases progride para a Onda Verde | Marcelo Lopes","robots":{"index":"index","follow":"follow","max-snippet":"max-snippet:-1","max-image-preview":"max-image-preview:large","max-video-preview":"max-video-preview:-1"},"canonical":"https:\/\/marcelolopes.jor.br\/site\/2021\/09\/30\/comite-covid-decide-e-cataguases-progride-para-a-onda-verde\/","og_locale":"pt_BR","og_type":"article","og_title":"Comit\u00ea Covid decide e Cataguases progride para a Onda Verde | Marcelo Lopes","og_description":"Reuni\u00e3o do Comit\u00ea Covid realizada na tarde desta quinta-feira, 30 de setembro, decidiu que Cataguases vai progredir para a Onda Verde do Programa Minas Consciente. Decreto neste sentido ser\u00e1 editado pelo prefeito Jos\u00e9 Henriques, provavelmente nesta sexta-feira, 1\u00ba de outubro,Leia mais Comit\u00ea Covid decide e Cataguases progride para a Onda Verde","og_url":"https:\/\/marcelolopes.jor.br\/site\/2021\/09\/30\/comite-covid-decide-e-cataguases-progride-para-a-onda-verde\/","og_site_name":"Marcelo Lopes","article_publisher":"https:\/\/www.facebook.com\/sitedomarcelolopes","article_published_time":"2021-09-30T23:00:09+00:00","og_image":[{"width":1280,"height":726,"url":"https:\/\/marcelolopes.jor.br\/site\/wp-content\/uploads\/2021\/09\/coronavirus-4914028_1280.jpg","type":"image\/jpeg"}],"author":"Marcelo Lopes","twitter_card":"summary_large_image","twitter_misc":{"Escrito por":"Marcelo Lopes","Est. tempo de leitura":"2 minutos"},"schema":{"@context":"https:\/\/schema.org","@graph":[{"@type":"NewsArticle","@id":"https:\/\/marcelolopes.jor.br\/site\/2021\/09\/30\/comite-covid-decide-e-cataguases-progride-para-a-onda-verde\/#article","isPartOf":{"@id":"https:\/\/marcelolopes.jor.br\/site\/2021\/09\/30\/comite-covid-decide-e-cataguases-progride-para-a-onda-verde\/"},"author":{"name":"Marcelo Lopes","@id":"https:\/\/marcelolopes.jor.br\/site\/#\/schema\/person\/3e7216a35c34d8fdf952b31da3d1f89f"},"headline":"Comit\u00ea Covid decide e Cataguases progride para a Onda Verde","datePublished":"2021-09-30T23:00:09+00:00","mainEntityOfPage":{"@id":"https:\/\/marcelolopes.jor.br\/site\/2021\/09\/30\/comite-covid-decide-e-cataguases-progride-para-a-onda-verde\/"},"wordCount":373,"commentCount":0,"publisher":{"@id":"https:\/\/marcelolopes.jor.br\/site\/#organization"},"image":{"@id":"https:\/\/marcelolopes.jor.br\/site\/2021\/09\/30\/comite-covid-decide-e-cataguases-progride-para-a-onda-verde\/#primaryimage"},"thumbnailUrl":"https:\/\/marcelolopes.jor.br\/site\/wp-content\/uploads\/2021\/09\/coronavirus-4914028_1280.jpg","keywords":["campanha de vacina\u00e7\u00e3o","Onda Verde","Programa Minas Consciente","taxa de ocupa\u00e7\u00e3o"],"articleSection":["Not\u00edcias"],"inLanguage":"pt-BR","potentialAction":[{"@type":"CommentAction","name":"Comment","target":["https:\/\/marcelolopes.jor.br\/site\/2021\/09\/30\/comite-covid-decide-e-cataguases-progride-para-a-onda-verde\/#respond"]}]},{"@type":"WebPage","@id":"https:\/\/marcelolopes.jor.br\/site\/2021\/09\/30\/comite-covid-decide-e-cataguases-progride-para-a-onda-verde\/","url":"https:\/\/marcelolopes.jor.br\/site\/2021\/09\/30\/comite-covid-decide-e-cataguases-progride-para-a-onda-verde\/","name":"Comit\u00ea Covid decide e Cataguases progride para a Onda Verde | Marcelo Lopes","isPartOf":{"@id":"https:\/\/marcelolopes.jor.br\/site\/#website"},"primaryImageOfPage":{"@id":"https:\/\/marcelolopes.jor.br\/site\/2021\/09\/30\/comite-covid-decide-e-cataguases-progride-para-a-onda-verde\/#primaryimage"},"image":{"@id":"https:\/\/marcelolopes.jor.br\/site\/2021\/09\/30\/comite-covid-decide-e-cataguases-progride-para-a-onda-verde\/#primaryimage"},"thumbnailUrl":"https:\/\/marcelolopes.jor.br\/site\/wp-content\/uploads\/2021\/09\/coronavirus-4914028_1280.jpg","datePublished":"2021-09-30T23:00:09+00:00","breadcrumb":{"@id":"https:\/\/marcelolopes.jor.br\/site\/2021\/09\/30\/comite-covid-decide-e-cataguases-progride-para-a-onda-verde\/#breadcrumb"},"inLanguage":"pt-BR","potentialAction":[{"@type":"ReadAction","target":["https:\/\/marcelolopes.jor.br\/site\/2021\/09\/30\/comite-covid-decide-e-cataguases-progride-para-a-onda-verde\/"]}]},{"@type":"ImageObject","inLanguage":"pt-BR","@id":"https:\/\/marcelolopes.jor.br\/site\/2021\/09\/30\/comite-covid-decide-e-cataguases-progride-para-a-onda-verde\/#primaryimage","url":"https:\/\/marcelolopes.jor.br\/site\/wp-content\/uploads\/2021\/09\/coronavirus-4914028_1280.jpg","contentUrl":"https:\/\/marcelolopes.jor.br\/site\/wp-content\/uploads\/2021\/09\/coronavirus-4914028_1280.jpg","width":1280,"height":726},{"@type":"BreadcrumbList","@id":"https:\/\/marcelolopes.jor.br\/site\/2021\/09\/30\/comite-covid-decide-e-cataguases-progride-para-a-onda-verde\/#breadcrumb","itemListElement":[{"@type":"ListItem","position":1,"name":"Home","item":"https:\/\/marcelolopes.jor.br\/site\/"},{"@type":"ListItem","position":2,"name":"Comit\u00ea Covid decide e Cataguases progride para a Onda Verde"}]},{"@type":"WebSite","@id":"https:\/\/marcelolopes.jor.br\/site\/#website","url":"https:\/\/marcelolopes.jor.br\/site\/","name":"Marcelo Lopes","description":"Not\u00edcias de Cataguases e Regi\u00e3o","publisher":{"@id":"https:\/\/marcelolopes.jor.br\/site\/#organization"},"potentialAction":[{"@type":"SearchAction","target":{"@type":"EntryPoint","urlTemplate":"https:\/\/marcelolopes.jor.br\/site\/?s={search_term_string}"},"query-input":{"@type":"PropertyValueSpecification","valueRequired":true,"valueName":"search_term_string"}}],"inLanguage":"pt-BR"},{"@type":"Organization","@id":"https:\/\/marcelolopes.jor.br\/site\/#organization","name":"Site do Marcelo Lopes","url":"https:\/\/marcelolopes.jor.br\/site\/","logo":{"@type":"ImageObject","inLanguage":"pt-BR","@id":"https:\/\/marcelolopes.jor.br\/site\/#\/schema\/logo\/image\/","url":"https:\/\/marcelolopes.jor.br\/site\/wp-content\/uploads\/2024\/11\/logo-1.png","contentUrl":"https:\/\/marcelolopes.jor.br\/site\/wp-content\/uploads\/2024\/11\/logo-1.png","width":475,"height":80,"caption":"Site do Marcelo Lopes"},"image":{"@id":"https:\/\/marcelolopes.jor.br\/site\/#\/schema\/logo\/image\/"},"sameAs":["https:\/\/www.facebook.com\/sitedomarcelolopes","https:\/\/www.instagram.com\/sitedomarcelolopes\/","https:\/\/www.linkedin.com\/company\/site-do-marcelo-lopes\/","https:\/\/www.youtube.com\/user\/marcelolopes957"]},{"@type":"Person","@id":"https:\/\/marcelolopes.jor.br\/site\/#\/schema\/person\/3e7216a35c34d8fdf952b31da3d1f89f","name":"Marcelo Lopes","sameAs":["http:\/\/www.marcelolopes.jor.br"],"url":"https:\/\/marcelolopes.jor.br\/site\/author\/marcelo\/"}]}},"wps_subtitle":"Reuni\u00e3o aconteceu na tarde desta quinta-feira, 30. Veja o que muda.","_links":{"self":[{"href":"https:\/\/marcelolopes.jor.br\/site\/wp-json\/wp\/v2\/posts\/27341","targetHints":{"allow":["GET"]}}],"collection":[{"href":"https:\/\/marcelolopes.jor.br\/site\/wp-json\/wp\/v2\/posts"}],"about":[{"href":"https:\/\/marcelolopes.jor.br\/site\/wp-json\/wp\/v2\/types\/post"}],"author":[{"embeddable":true,"href":"https:\/\/marcelolopes.jor.br\/site\/wp-json\/wp\/v2\/users\/2"}],"replies":[{"embeddable":true,"href":"https:\/\/marcelolopes.jor.br\/site\/wp-json\/wp\/v2\/comments?post=27341"}],"version-history":[{"count":0,"href":"https:\/\/marcelolopes.jor.br\/site\/wp-json\/wp\/v2\/posts\/27341\/revisions"}],"wp:featuredmedia":[{"embeddable":true,"href":"https:\/\/marcelolopes.jor.br\/site\/wp-json\/wp\/v2\/media\/27343"}],"wp:attachment":[{"href":"https:\/\/marcelolopes.jor.br\/site\/wp-json\/wp\/v2\/media?parent=27341"}],"wp:term":[{"taxonomy":"category","embeddable":true,"href":"https:\/\/marcelolopes.jor.br\/site\/wp-json\/wp\/v2\/categories?post=27341"},{"taxonomy":"post_tag","embeddable":true,"href":"https:\/\/marcelolopes.jor.br\/site\/wp-json\/wp\/v2\/tags?post=27341"}],"curies":[{"name":"wp","href":"https:\/\/api.w.org\/{rel}","templated":true}]}}