{"id":27331,"date":"2021-10-01T07:00:17","date_gmt":"2021-10-01T10:00:17","guid":{"rendered":"https:\/\/marcelolopes.jor.br\/?p=27331"},"modified":"2021-09-30T17:31:03","modified_gmt":"2021-09-30T20:31:03","slug":"companhia-industrial-e-dalila-abrem-showroom-unico-em-sao-paulo","status":"publish","type":"post","link":"https:\/\/marcelolopes.jor.br\/site\/2021\/10\/01\/companhia-industrial-e-dalila-abrem-showroom-unico-em-sao-paulo\/","title":{"rendered":"Companhia Industrial e Dalila abrem showroom \u00fanico em S\u00e3o Paulo"},"content":{"rendered":"<p style=\"text-align: justify;\">A Companhia Industrial Cataguases e a Dalila T\u00eaxtil, sediada em Santa Catarina, que se aproximaram em agosto de 2020 em torno do acabamento anti-Covid, formalizaram mais uma parceria in\u00e9dita. Naquela \u00e9poca a ind\u00fastria cataguasense passou a utilizar a solu\u00e7\u00e3o desenvolvida pela malharia catarinense em seus tecidos. Um ano depois, a segunda parceria acontece; as duas empresas abriram um showroom compartilhado na capital paulista.<!--more--><\/p>\n<p style=\"text-align: justify;\">De acordo com informa\u00e7\u00e3o do site GBLJeans, especialista no setor jeans, n\u00e3o h\u00e1 conversas sobre uma eventual fus\u00e3o de neg\u00f3cios. \u201cA inten\u00e7\u00e3o de ambas as empresas \u00e9 ter essa colabora\u00e7\u00e3o como um laborat\u00f3rio de novos projetos em todas as \u00e1reas, mas sem perder a identidade e estrutura que cada uma j\u00e1 tem. Ambas empresas possuem uma hist\u00f3ria e legado muito fortes e que transforma essa conex\u00e3o em uma experi\u00eancia \u00fanica de enriquecimento para ambas potencializarem suas opera\u00e7\u00f5es\u201d, informou a Industrial Cataguases.<\/p>\n<p style=\"text-align: justify;\">Com o showroom \u00fanico, a inten\u00e7\u00e3o \u00e9 otimizar a rotina de clientes comuns que encontrar\u00e1 as cole\u00e7\u00f5es de ambas, acrescentou a companhia. \u201cNossa inten\u00e7\u00e3o \u00e9 trocar conhecimento, abrir as portas a clientes que ainda n\u00e3o temos entrada e s\u00e3o atendidos pela Dalila e vice-versa\u201d, explicou a nota.<\/p>\n<p style=\"text-align: justify;\">As opera\u00e7\u00f5es comerciais continuam independentes, assim como processos produtivo e criativo. Ainda de acordo com a nota, o mercado de ambas \u00e9 majoritariamente masculino. Al\u00e9m das cole\u00e7\u00f5es, o showroom apresenta 25 looks produzidos de forma conjunta, com mescla de tecidos plano e malha em uma \u00fanica pe\u00e7a.<\/p>\n<p><img loading=\"lazy\" decoding=\"async\" class=\"aligncenter wp-image-27335\" src=\"https:\/\/marcelolopes.jor.br\/site\/wp-content\/uploads\/2021\/09\/WhatsApp-Image-2021-09-30-at-16.58.27-1024x678.jpeg\" alt=\"\" width=\"700\" height=\"463\" srcset=\"https:\/\/marcelolopes.jor.br\/site\/wp-content\/uploads\/2021\/09\/WhatsApp-Image-2021-09-30-at-16.58.27-1024x678.jpeg 1024w, https:\/\/marcelolopes.jor.br\/site\/wp-content\/uploads\/2021\/09\/WhatsApp-Image-2021-09-30-at-16.58.27-300x199.jpeg 300w, https:\/\/marcelolopes.jor.br\/site\/wp-content\/uploads\/2021\/09\/WhatsApp-Image-2021-09-30-at-16.58.27-768x508.jpeg 768w, https:\/\/marcelolopes.jor.br\/site\/wp-content\/uploads\/2021\/09\/WhatsApp-Image-2021-09-30-at-16.58.27-1200x794.jpeg 1200w, https:\/\/marcelolopes.jor.br\/site\/wp-content\/uploads\/2021\/09\/WhatsApp-Image-2021-09-30-at-16.58.27.jpeg 1280w\" sizes=\"auto, (max-width: 700px) 100vw, 700px\" \/><\/p>\n<p style=\"text-align: justify;\"><strong>AS EMPRESAS<\/strong><br \/>\nCom 85 anos, a Companhia Industrial Cataguases produz algo em torno de 2 milh\u00f5es de metros lineares por m\u00eas. No primeiro semestre de 2021, sua receita l\u00edquida alcan\u00e7ou R$95,6 milh\u00f5es, com lucro l\u00edquido de R$2,2 milh\u00f5es.<\/p>\n<p style=\"text-align: justify;\">Com quase 30 anos, a catarinense Dalila mant\u00e9m produ\u00e7\u00e3o que ronda 500 toneladas de malha por m\u00eas, dividida em duas plantas, uma em Jaragu\u00e1 do Sul e outra em Presidente Get\u00falio, ambas cidades de Santa Catarina.<\/p>\n<p>Fonte: GBLJeans | Fotos: Companhia Industrial Cataguases<\/p>\n<div class=\"aahio69f75bf93fea3\" ><br><\/div><style type=\"text\/css\">\r\n@media screen and (min-width: 1201px) {\r\n.aahio69f75bf93fea3 {\r\ndisplay: block;\r\n}\r\n}\r\n@media screen and (min-width: 993px) and (max-width: 1200px) {\r\n.aahio69f75bf93fea3 {\r\ndisplay: block;\r\n}\r\n}\r\n@media screen and (min-width: 769px) and (max-width: 992px) {\r\n.aahio69f75bf93fea3 {\r\ndisplay: block;\r\n}\r\n}\r\n@media screen and (min-width: 768px) and (max-width: 768px) {\r\n.aahio69f75bf93fea3 {\r\ndisplay: block;\r\n}\r\n}\r\n@media screen and (max-width: 767px) {\r\n.aahio69f75bf93fea3 {\r\ndisplay: block;\r\n}\r\n}\r\n<\/style>\r\n<div class=\"jfuql69f75bf946efa\" ><div id=\"div_destino\"><\/div>\r\n<script src=\"https:\/\/cdn.snsrsv.com\/sdk.js\"><\/script>\r\n<script >\r\n      new sdk(\"464030C30061EA8BE065000000000001\") \r\n          .appendTo(\"div_destino\")\r\n          .disableStyle(true) \r\n          .setCacheBusterMacro(\"%%CACHEBUSTER%%\")\r\n          .setSize(\"800\",\"214\")\r\n          .setClickMacro(\"%%CLICK_URL_ESC%%\") \r\n          .setReferrerUrlMacro(\"%%REFERRER_URL_ESC%%\") \r\n          .start(); \r\n<\/script><\/div><style type=\"text\/css\">\r\n@media screen and (min-width: 1201px) {\r\n.jfuql69f75bf946efa {\r\ndisplay: block;\r\n}\r\n}\r\n@media screen and (min-width: 993px) and (max-width: 1200px) {\r\n.jfuql69f75bf946efa {\r\ndisplay: block;\r\n}\r\n}\r\n@media screen and (min-width: 769px) and (max-width: 992px) {\r\n.jfuql69f75bf946efa {\r\ndisplay: block;\r\n}\r\n}\r\n@media screen and (min-width: 768px) and (max-width: 768px) {\r\n.jfuql69f75bf946efa {\r\ndisplay: block;\r\n}\r\n}\r\n@media screen and (max-width: 767px) {\r\n.jfuql69f75bf946efa {\r\ndisplay: block;\r\n}\r\n}\r\n<\/style>\r\n","protected":false},"excerpt":{"rendered":"<p>A Companhia Industrial Cataguases e a Dalila T\u00eaxtil, sediada em Santa Catarina, que se aproximaram em agosto de 2020 em torno do acabamento anti-Covid, formalizaram mais uma parceria in\u00e9dita. Naquela \u00e9poca a ind\u00fastria cataguasense passou a utilizar a solu\u00e7\u00e3o desenvolvida<\/p>\n<p class=\"link-more\"><a class=\"more-link\" href=\"https:\/\/marcelolopes.jor.br\/site\/2021\/10\/01\/companhia-industrial-e-dalila-abrem-showroom-unico-em-sao-paulo\/\">Leia mais <span class=\"screen-reader-text\">Companhia Industrial e Dalila abrem showroom \u00fanico em S\u00e3o Paulo<\/span><\/a><\/p>\n","protected":false},"author":2,"featured_media":27336,"comment_status":"open","ping_status":"open","sticky":false,"template":"","format":"standard","meta":{"footnotes":""},"categories":[1],"tags":[494,2795,495,3730],"class_list":["post-27331","post","type-post","status-publish","format-standard","has-post-thumbnail","hentry","category-noticias","tag-companhia-industrial","tag-dalila-textil","tag-industrial","tag-showroom","thumb-below-title"],"yoast_head":"<!-- This site is optimized with the Yoast SEO plugin v27.4 - https:\/\/yoast.com\/product\/yoast-seo-wordpress\/ -->\n<title>Companhia Industrial e Dalila abrem showroom \u00fanico em S\u00e3o Paulo | Marcelo Lopes<\/title>\n<meta name=\"robots\" content=\"index, follow, max-snippet:-1, max-image-preview:large, max-video-preview:-1\" \/>\n<link rel=\"canonical\" href=\"https:\/\/marcelolopes.jor.br\/site\/2021\/10\/01\/companhia-industrial-e-dalila-abrem-showroom-unico-em-sao-paulo\/\" \/>\n<meta property=\"og:locale\" content=\"pt_BR\" \/>\n<meta property=\"og:type\" content=\"article\" \/>\n<meta property=\"og:title\" content=\"Companhia Industrial e Dalila abrem showroom \u00fanico em S\u00e3o Paulo | Marcelo Lopes\" \/>\n<meta property=\"og:description\" content=\"A Companhia Industrial Cataguases e a Dalila T\u00eaxtil, sediada em Santa Catarina, que se aproximaram em agosto de 2020 em torno do acabamento anti-Covid, formalizaram mais uma parceria in\u00e9dita. Naquela \u00e9poca a ind\u00fastria cataguasense passou a utilizar a solu\u00e7\u00e3o desenvolvidaLeia mais Companhia Industrial e Dalila abrem showroom \u00fanico em S\u00e3o Paulo\" \/>\n<meta property=\"og:url\" content=\"https:\/\/marcelolopes.jor.br\/site\/2021\/10\/01\/companhia-industrial-e-dalila-abrem-showroom-unico-em-sao-paulo\/\" \/>\n<meta property=\"og:site_name\" content=\"Marcelo Lopes\" \/>\n<meta property=\"article:publisher\" content=\"https:\/\/www.facebook.com\/sitedomarcelolopes\" \/>\n<meta property=\"article:published_time\" content=\"2021-10-01T10:00:17+00:00\" \/>\n<meta property=\"og:image\" content=\"https:\/\/marcelolopes.jor.br\/site\/wp-content\/uploads\/2021\/09\/WhatsApp-Image-2021-09-30-at-16.58.28.jpeg\" \/>\n\t<meta property=\"og:image:width\" content=\"1280\" \/>\n\t<meta property=\"og:image:height\" content=\"847\" \/>\n\t<meta property=\"og:image:type\" content=\"image\/jpeg\" \/>\n<meta name=\"author\" content=\"Marcelo Lopes\" \/>\n<meta name=\"twitter:card\" content=\"summary_large_image\" \/>\n<meta name=\"twitter:label1\" content=\"Escrito por\" \/>\n\t<meta name=\"twitter:data1\" content=\"Marcelo Lopes\" \/>\n\t<meta name=\"twitter:label2\" content=\"Est. tempo de leitura\" \/>\n\t<meta name=\"twitter:data2\" content=\"2 minutos\" \/>\n<script type=\"application\/ld+json\" class=\"yoast-schema-graph\">{\"@context\":\"https:\\\/\\\/schema.org\",\"@graph\":[{\"@type\":\"NewsArticle\",\"@id\":\"https:\\\/\\\/marcelolopes.jor.br\\\/site\\\/2021\\\/10\\\/01\\\/companhia-industrial-e-dalila-abrem-showroom-unico-em-sao-paulo\\\/#article\",\"isPartOf\":{\"@id\":\"https:\\\/\\\/marcelolopes.jor.br\\\/site\\\/2021\\\/10\\\/01\\\/companhia-industrial-e-dalila-abrem-showroom-unico-em-sao-paulo\\\/\"},\"author\":{\"name\":\"Marcelo Lopes\",\"@id\":\"https:\\\/\\\/marcelolopes.jor.br\\\/site\\\/#\\\/schema\\\/person\\\/3e7216a35c34d8fdf952b31da3d1f89f\"},\"headline\":\"Companhia Industrial e Dalila abrem showroom \u00fanico em S\u00e3o Paulo\",\"datePublished\":\"2021-10-01T10:00:17+00:00\",\"mainEntityOfPage\":{\"@id\":\"https:\\\/\\\/marcelolopes.jor.br\\\/site\\\/2021\\\/10\\\/01\\\/companhia-industrial-e-dalila-abrem-showroom-unico-em-sao-paulo\\\/\"},\"wordCount\":353,\"commentCount\":0,\"publisher\":{\"@id\":\"https:\\\/\\\/marcelolopes.jor.br\\\/site\\\/#organization\"},\"image\":{\"@id\":\"https:\\\/\\\/marcelolopes.jor.br\\\/site\\\/2021\\\/10\\\/01\\\/companhia-industrial-e-dalila-abrem-showroom-unico-em-sao-paulo\\\/#primaryimage\"},\"thumbnailUrl\":\"https:\\\/\\\/marcelolopes.jor.br\\\/site\\\/wp-content\\\/uploads\\\/2021\\\/09\\\/WhatsApp-Image-2021-09-30-at-16.58.28.jpeg\",\"keywords\":[\"Companhia Industrial\",\"Dalila T\u00eaxtil\",\"Industrial\",\"showroom\"],\"articleSection\":[\"Not\u00edcias\"],\"inLanguage\":\"pt-BR\",\"potentialAction\":[{\"@type\":\"CommentAction\",\"name\":\"Comment\",\"target\":[\"https:\\\/\\\/marcelolopes.jor.br\\\/site\\\/2021\\\/10\\\/01\\\/companhia-industrial-e-dalila-abrem-showroom-unico-em-sao-paulo\\\/#respond\"]}]},{\"@type\":\"WebPage\",\"@id\":\"https:\\\/\\\/marcelolopes.jor.br\\\/site\\\/2021\\\/10\\\/01\\\/companhia-industrial-e-dalila-abrem-showroom-unico-em-sao-paulo\\\/\",\"url\":\"https:\\\/\\\/marcelolopes.jor.br\\\/site\\\/2021\\\/10\\\/01\\\/companhia-industrial-e-dalila-abrem-showroom-unico-em-sao-paulo\\\/\",\"name\":\"Companhia Industrial e Dalila abrem showroom \u00fanico em S\u00e3o Paulo | Marcelo Lopes\",\"isPartOf\":{\"@id\":\"https:\\\/\\\/marcelolopes.jor.br\\\/site\\\/#website\"},\"primaryImageOfPage\":{\"@id\":\"https:\\\/\\\/marcelolopes.jor.br\\\/site\\\/2021\\\/10\\\/01\\\/companhia-industrial-e-dalila-abrem-showroom-unico-em-sao-paulo\\\/#primaryimage\"},\"image\":{\"@id\":\"https:\\\/\\\/marcelolopes.jor.br\\\/site\\\/2021\\\/10\\\/01\\\/companhia-industrial-e-dalila-abrem-showroom-unico-em-sao-paulo\\\/#primaryimage\"},\"thumbnailUrl\":\"https:\\\/\\\/marcelolopes.jor.br\\\/site\\\/wp-content\\\/uploads\\\/2021\\\/09\\\/WhatsApp-Image-2021-09-30-at-16.58.28.jpeg\",\"datePublished\":\"2021-10-01T10:00:17+00:00\",\"breadcrumb\":{\"@id\":\"https:\\\/\\\/marcelolopes.jor.br\\\/site\\\/2021\\\/10\\\/01\\\/companhia-industrial-e-dalila-abrem-showroom-unico-em-sao-paulo\\\/#breadcrumb\"},\"inLanguage\":\"pt-BR\",\"potentialAction\":[{\"@type\":\"ReadAction\",\"target\":[\"https:\\\/\\\/marcelolopes.jor.br\\\/site\\\/2021\\\/10\\\/01\\\/companhia-industrial-e-dalila-abrem-showroom-unico-em-sao-paulo\\\/\"]}]},{\"@type\":\"ImageObject\",\"inLanguage\":\"pt-BR\",\"@id\":\"https:\\\/\\\/marcelolopes.jor.br\\\/site\\\/2021\\\/10\\\/01\\\/companhia-industrial-e-dalila-abrem-showroom-unico-em-sao-paulo\\\/#primaryimage\",\"url\":\"https:\\\/\\\/marcelolopes.jor.br\\\/site\\\/wp-content\\\/uploads\\\/2021\\\/09\\\/WhatsApp-Image-2021-09-30-at-16.58.28.jpeg\",\"contentUrl\":\"https:\\\/\\\/marcelolopes.jor.br\\\/site\\\/wp-content\\\/uploads\\\/2021\\\/09\\\/WhatsApp-Image-2021-09-30-at-16.58.28.jpeg\",\"width\":1280,\"height\":847},{\"@type\":\"BreadcrumbList\",\"@id\":\"https:\\\/\\\/marcelolopes.jor.br\\\/site\\\/2021\\\/10\\\/01\\\/companhia-industrial-e-dalila-abrem-showroom-unico-em-sao-paulo\\\/#breadcrumb\",\"itemListElement\":[{\"@type\":\"ListItem\",\"position\":1,\"name\":\"Home\",\"item\":\"https:\\\/\\\/marcelolopes.jor.br\\\/site\\\/\"},{\"@type\":\"ListItem\",\"position\":2,\"name\":\"Companhia Industrial e Dalila abrem showroom \u00fanico em S\u00e3o Paulo\"}]},{\"@type\":\"WebSite\",\"@id\":\"https:\\\/\\\/marcelolopes.jor.br\\\/site\\\/#website\",\"url\":\"https:\\\/\\\/marcelolopes.jor.br\\\/site\\\/\",\"name\":\"Marcelo Lopes\",\"description\":\"Not\u00edcias de Cataguases e Regi\u00e3o\",\"publisher\":{\"@id\":\"https:\\\/\\\/marcelolopes.jor.br\\\/site\\\/#organization\"},\"potentialAction\":[{\"@type\":\"SearchAction\",\"target\":{\"@type\":\"EntryPoint\",\"urlTemplate\":\"https:\\\/\\\/marcelolopes.jor.br\\\/site\\\/?s={search_term_string}\"},\"query-input\":{\"@type\":\"PropertyValueSpecification\",\"valueRequired\":true,\"valueName\":\"search_term_string\"}}],\"inLanguage\":\"pt-BR\"},{\"@type\":\"Organization\",\"@id\":\"https:\\\/\\\/marcelolopes.jor.br\\\/site\\\/#organization\",\"name\":\"Site do Marcelo Lopes\",\"url\":\"https:\\\/\\\/marcelolopes.jor.br\\\/site\\\/\",\"logo\":{\"@type\":\"ImageObject\",\"inLanguage\":\"pt-BR\",\"@id\":\"https:\\\/\\\/marcelolopes.jor.br\\\/site\\\/#\\\/schema\\\/logo\\\/image\\\/\",\"url\":\"https:\\\/\\\/marcelolopes.jor.br\\\/site\\\/wp-content\\\/uploads\\\/2024\\\/11\\\/logo-1.png\",\"contentUrl\":\"https:\\\/\\\/marcelolopes.jor.br\\\/site\\\/wp-content\\\/uploads\\\/2024\\\/11\\\/logo-1.png\",\"width\":475,\"height\":80,\"caption\":\"Site do Marcelo Lopes\"},\"image\":{\"@id\":\"https:\\\/\\\/marcelolopes.jor.br\\\/site\\\/#\\\/schema\\\/logo\\\/image\\\/\"},\"sameAs\":[\"https:\\\/\\\/www.facebook.com\\\/sitedomarcelolopes\",\"https:\\\/\\\/www.instagram.com\\\/sitedomarcelolopes\\\/\",\"https:\\\/\\\/www.linkedin.com\\\/company\\\/site-do-marcelo-lopes\\\/\",\"https:\\\/\\\/www.youtube.com\\\/user\\\/marcelolopes957\"]},{\"@type\":\"Person\",\"@id\":\"https:\\\/\\\/marcelolopes.jor.br\\\/site\\\/#\\\/schema\\\/person\\\/3e7216a35c34d8fdf952b31da3d1f89f\",\"name\":\"Marcelo Lopes\",\"sameAs\":[\"http:\\\/\\\/www.marcelolopes.jor.br\"],\"url\":\"https:\\\/\\\/marcelolopes.jor.br\\\/site\\\/author\\\/marcelo\\\/\"}]}<\/script>\n<!-- \/ Yoast SEO plugin. -->","yoast_head_json":{"title":"Companhia Industrial e Dalila abrem showroom \u00fanico em S\u00e3o Paulo | Marcelo Lopes","robots":{"index":"index","follow":"follow","max-snippet":"max-snippet:-1","max-image-preview":"max-image-preview:large","max-video-preview":"max-video-preview:-1"},"canonical":"https:\/\/marcelolopes.jor.br\/site\/2021\/10\/01\/companhia-industrial-e-dalila-abrem-showroom-unico-em-sao-paulo\/","og_locale":"pt_BR","og_type":"article","og_title":"Companhia Industrial e Dalila abrem showroom \u00fanico em S\u00e3o Paulo | Marcelo Lopes","og_description":"A Companhia Industrial Cataguases e a Dalila T\u00eaxtil, sediada em Santa Catarina, que se aproximaram em agosto de 2020 em torno do acabamento anti-Covid, formalizaram mais uma parceria in\u00e9dita. Naquela \u00e9poca a ind\u00fastria cataguasense passou a utilizar a solu\u00e7\u00e3o desenvolvidaLeia mais Companhia Industrial e Dalila abrem showroom \u00fanico em S\u00e3o Paulo","og_url":"https:\/\/marcelolopes.jor.br\/site\/2021\/10\/01\/companhia-industrial-e-dalila-abrem-showroom-unico-em-sao-paulo\/","og_site_name":"Marcelo Lopes","article_publisher":"https:\/\/www.facebook.com\/sitedomarcelolopes","article_published_time":"2021-10-01T10:00:17+00:00","og_image":[{"width":1280,"height":847,"url":"https:\/\/marcelolopes.jor.br\/site\/wp-content\/uploads\/2021\/09\/WhatsApp-Image-2021-09-30-at-16.58.28.jpeg","type":"image\/jpeg"}],"author":"Marcelo Lopes","twitter_card":"summary_large_image","twitter_misc":{"Escrito por":"Marcelo Lopes","Est. tempo de leitura":"2 minutos"},"schema":{"@context":"https:\/\/schema.org","@graph":[{"@type":"NewsArticle","@id":"https:\/\/marcelolopes.jor.br\/site\/2021\/10\/01\/companhia-industrial-e-dalila-abrem-showroom-unico-em-sao-paulo\/#article","isPartOf":{"@id":"https:\/\/marcelolopes.jor.br\/site\/2021\/10\/01\/companhia-industrial-e-dalila-abrem-showroom-unico-em-sao-paulo\/"},"author":{"name":"Marcelo Lopes","@id":"https:\/\/marcelolopes.jor.br\/site\/#\/schema\/person\/3e7216a35c34d8fdf952b31da3d1f89f"},"headline":"Companhia Industrial e Dalila abrem showroom \u00fanico em S\u00e3o Paulo","datePublished":"2021-10-01T10:00:17+00:00","mainEntityOfPage":{"@id":"https:\/\/marcelolopes.jor.br\/site\/2021\/10\/01\/companhia-industrial-e-dalila-abrem-showroom-unico-em-sao-paulo\/"},"wordCount":353,"commentCount":0,"publisher":{"@id":"https:\/\/marcelolopes.jor.br\/site\/#organization"},"image":{"@id":"https:\/\/marcelolopes.jor.br\/site\/2021\/10\/01\/companhia-industrial-e-dalila-abrem-showroom-unico-em-sao-paulo\/#primaryimage"},"thumbnailUrl":"https:\/\/marcelolopes.jor.br\/site\/wp-content\/uploads\/2021\/09\/WhatsApp-Image-2021-09-30-at-16.58.28.jpeg","keywords":["Companhia Industrial","Dalila T\u00eaxtil","Industrial","showroom"],"articleSection":["Not\u00edcias"],"inLanguage":"pt-BR","potentialAction":[{"@type":"CommentAction","name":"Comment","target":["https:\/\/marcelolopes.jor.br\/site\/2021\/10\/01\/companhia-industrial-e-dalila-abrem-showroom-unico-em-sao-paulo\/#respond"]}]},{"@type":"WebPage","@id":"https:\/\/marcelolopes.jor.br\/site\/2021\/10\/01\/companhia-industrial-e-dalila-abrem-showroom-unico-em-sao-paulo\/","url":"https:\/\/marcelolopes.jor.br\/site\/2021\/10\/01\/companhia-industrial-e-dalila-abrem-showroom-unico-em-sao-paulo\/","name":"Companhia Industrial e Dalila abrem showroom \u00fanico em S\u00e3o Paulo | Marcelo Lopes","isPartOf":{"@id":"https:\/\/marcelolopes.jor.br\/site\/#website"},"primaryImageOfPage":{"@id":"https:\/\/marcelolopes.jor.br\/site\/2021\/10\/01\/companhia-industrial-e-dalila-abrem-showroom-unico-em-sao-paulo\/#primaryimage"},"image":{"@id":"https:\/\/marcelolopes.jor.br\/site\/2021\/10\/01\/companhia-industrial-e-dalila-abrem-showroom-unico-em-sao-paulo\/#primaryimage"},"thumbnailUrl":"https:\/\/marcelolopes.jor.br\/site\/wp-content\/uploads\/2021\/09\/WhatsApp-Image-2021-09-30-at-16.58.28.jpeg","datePublished":"2021-10-01T10:00:17+00:00","breadcrumb":{"@id":"https:\/\/marcelolopes.jor.br\/site\/2021\/10\/01\/companhia-industrial-e-dalila-abrem-showroom-unico-em-sao-paulo\/#breadcrumb"},"inLanguage":"pt-BR","potentialAction":[{"@type":"ReadAction","target":["https:\/\/marcelolopes.jor.br\/site\/2021\/10\/01\/companhia-industrial-e-dalila-abrem-showroom-unico-em-sao-paulo\/"]}]},{"@type":"ImageObject","inLanguage":"pt-BR","@id":"https:\/\/marcelolopes.jor.br\/site\/2021\/10\/01\/companhia-industrial-e-dalila-abrem-showroom-unico-em-sao-paulo\/#primaryimage","url":"https:\/\/marcelolopes.jor.br\/site\/wp-content\/uploads\/2021\/09\/WhatsApp-Image-2021-09-30-at-16.58.28.jpeg","contentUrl":"https:\/\/marcelolopes.jor.br\/site\/wp-content\/uploads\/2021\/09\/WhatsApp-Image-2021-09-30-at-16.58.28.jpeg","width":1280,"height":847},{"@type":"BreadcrumbList","@id":"https:\/\/marcelolopes.jor.br\/site\/2021\/10\/01\/companhia-industrial-e-dalila-abrem-showroom-unico-em-sao-paulo\/#breadcrumb","itemListElement":[{"@type":"ListItem","position":1,"name":"Home","item":"https:\/\/marcelolopes.jor.br\/site\/"},{"@type":"ListItem","position":2,"name":"Companhia Industrial e Dalila abrem showroom \u00fanico em S\u00e3o Paulo"}]},{"@type":"WebSite","@id":"https:\/\/marcelolopes.jor.br\/site\/#website","url":"https:\/\/marcelolopes.jor.br\/site\/","name":"Marcelo Lopes","description":"Not\u00edcias de Cataguases e Regi\u00e3o","publisher":{"@id":"https:\/\/marcelolopes.jor.br\/site\/#organization"},"potentialAction":[{"@type":"SearchAction","target":{"@type":"EntryPoint","urlTemplate":"https:\/\/marcelolopes.jor.br\/site\/?s={search_term_string}"},"query-input":{"@type":"PropertyValueSpecification","valueRequired":true,"valueName":"search_term_string"}}],"inLanguage":"pt-BR"},{"@type":"Organization","@id":"https:\/\/marcelolopes.jor.br\/site\/#organization","name":"Site do Marcelo Lopes","url":"https:\/\/marcelolopes.jor.br\/site\/","logo":{"@type":"ImageObject","inLanguage":"pt-BR","@id":"https:\/\/marcelolopes.jor.br\/site\/#\/schema\/logo\/image\/","url":"https:\/\/marcelolopes.jor.br\/site\/wp-content\/uploads\/2024\/11\/logo-1.png","contentUrl":"https:\/\/marcelolopes.jor.br\/site\/wp-content\/uploads\/2024\/11\/logo-1.png","width":475,"height":80,"caption":"Site do Marcelo Lopes"},"image":{"@id":"https:\/\/marcelolopes.jor.br\/site\/#\/schema\/logo\/image\/"},"sameAs":["https:\/\/www.facebook.com\/sitedomarcelolopes","https:\/\/www.instagram.com\/sitedomarcelolopes\/","https:\/\/www.linkedin.com\/company\/site-do-marcelo-lopes\/","https:\/\/www.youtube.com\/user\/marcelolopes957"]},{"@type":"Person","@id":"https:\/\/marcelolopes.jor.br\/site\/#\/schema\/person\/3e7216a35c34d8fdf952b31da3d1f89f","name":"Marcelo Lopes","sameAs":["http:\/\/www.marcelolopes.jor.br"],"url":"https:\/\/marcelolopes.jor.br\/site\/author\/marcelo\/"}]}},"wps_subtitle":"Espa\u00e7o Conex\u00e3o mant\u00e9m independ\u00eancia comercial e colabora\u00e7\u00e3o m\u00fatua.","_links":{"self":[{"href":"https:\/\/marcelolopes.jor.br\/site\/wp-json\/wp\/v2\/posts\/27331","targetHints":{"allow":["GET"]}}],"collection":[{"href":"https:\/\/marcelolopes.jor.br\/site\/wp-json\/wp\/v2\/posts"}],"about":[{"href":"https:\/\/marcelolopes.jor.br\/site\/wp-json\/wp\/v2\/types\/post"}],"author":[{"embeddable":true,"href":"https:\/\/marcelolopes.jor.br\/site\/wp-json\/wp\/v2\/users\/2"}],"replies":[{"embeddable":true,"href":"https:\/\/marcelolopes.jor.br\/site\/wp-json\/wp\/v2\/comments?post=27331"}],"version-history":[{"count":0,"href":"https:\/\/marcelolopes.jor.br\/site\/wp-json\/wp\/v2\/posts\/27331\/revisions"}],"wp:featuredmedia":[{"embeddable":true,"href":"https:\/\/marcelolopes.jor.br\/site\/wp-json\/wp\/v2\/media\/27336"}],"wp:attachment":[{"href":"https:\/\/marcelolopes.jor.br\/site\/wp-json\/wp\/v2\/media?parent=27331"}],"wp:term":[{"taxonomy":"category","embeddable":true,"href":"https:\/\/marcelolopes.jor.br\/site\/wp-json\/wp\/v2\/categories?post=27331"},{"taxonomy":"post_tag","embeddable":true,"href":"https:\/\/marcelolopes.jor.br\/site\/wp-json\/wp\/v2\/tags?post=27331"}],"curies":[{"name":"wp","href":"https:\/\/api.w.org\/{rel}","templated":true}]}}