{"id":27327,"date":"2021-09-30T16:00:25","date_gmt":"2021-09-30T19:00:25","guid":{"rendered":"https:\/\/marcelolopes.jor.br\/?p=27327"},"modified":"2021-09-30T18:12:31","modified_gmt":"2021-09-30T21:12:31","slug":"designer-de-cataguases-participa-de-debate-no-polo-uninter-juiz-de-fora","status":"publish","type":"post","link":"https:\/\/marcelolopes.jor.br\/site\/2021\/09\/30\/designer-de-cataguases-participa-de-debate-no-polo-uninter-juiz-de-fora\/","title":{"rendered":"Designer de Cataguases participa de debate no Polo Uninter Juiz de Fora"},"content":{"rendered":"<p style=\"text-align: justify;\">O ilustrador e Analista de Marketing cataguasense, Gustavo LeGusta, participou de um debate ao vivo com o Polo Uninter Juiz de Fora sobre ilustra\u00e7\u00e3o, design e marketing, no \u00faltimo dia 16 de setembro. O objetivo foi tirar d\u00favidas dos alunos, contar sobre seu trabalho, experi\u00eancia e seus projetos como, por exemplo, o lan\u00e7amento da sua primeira revista, \u201cLegustirinha\u201d.<span class=\"Apple-converted-space\">\u00a0<\/span><!--more--><\/p>\n<p style=\"text-align: justify;\">Ilustrador e formado em Design Gr\u00e1fico na Est\u00e1cio de S\u00e1 e Analista de Marketing da Companhia Industrial Cataguases ele come\u00e7ou em 2017 a desenvolver artes em Giz para restaurantes, padarias e resid\u00eancias na cidade de Barbacena. Quando voltou a Cataguases passou a trabalhar com design, ilustra\u00e7\u00e3o, murais em giz e pintura, conta. &#8220;Estes trabalhos me renderam projetos importantes para minha carreira como o lan\u00e7amento da colet\u00e2nea das LeGustirinhas, participei do Cataguajazz com uma arte em Giz juntamente com a Renatta Barbosa e, atualmente, exponho um quadro nas comemora\u00e7\u00f5es da semana cultural de Cataguases\u201d, explica.<span class=\"Apple-converted-space\">\u00a0<\/span><\/p>\n<p style=\"text-align: justify;\">Sobre o convite para participar do debate no Polo Uninter, Gustavo afirma que foi uma oportunidade para disseminar a sua experi\u00eancia a um p\u00fablico de novos talentos. \u201cEu fiquei muito feliz pelo convite, mas n\u00e3o imaginava que seria t\u00e3o bom conversar com eles sobre carreira, projetos e futuro. Eles me fizeram revisitar essa jornada e valorizar ainda mais onde cheguei\u201d, reconhece o artista. Atrav\u00e9s de sua experi\u00eancia o p\u00fablico conheceu as v\u00e1rias formas de trabalho pertencentes \u00e0 \u00e1rea e como se estabelecer no meio profissional, sobretudo por meio da forma\u00e7\u00e3o necess\u00e1ria, disse Rafael Rodrigues, jornalista que apresenta o debate.<\/p>\n<p style=\"text-align: justify;\">O programa \u201cA Hora \u00e9 Agora&#8221; vai ao ar \u00e0s quintas-feiras, \u00e0s 11 horas, no Canal 10 WebTV e depois \u00e9 disponibilizado nas m\u00eddias sociais, conta Rafael, que divide a apresenta\u00e7\u00e3o com Maria Dornellas, gestora do Polo. Durante o bate papo, o convidado da semana conta sobre seu trabalho, projetos, carreira, entre outros detalhes relevantes para o p\u00fablico. Quem quiser conferir a participa\u00e7\u00e3o LeGusta no programa \u00e9 s\u00f3 clicar abaixo.<span class=\"Apple-converted-space\">\u00a0<\/span><\/p>\n<p><iframe loading=\"lazy\" width=\"880\" height=\"495\" src=\"https:\/\/www.youtube.com\/embed\/bQ9tLTOlf4E?feature=oembed\" frameborder=\"0\" allow=\"accelerometer; autoplay; clipboard-write; encrypted-media; gyroscope; picture-in-picture\" allowfullscreen><\/iframe><\/p>\n<div class=\"yuwom69f732c66092b\" ><br><\/div><style type=\"text\/css\">\r\n@media screen and (min-width: 1201px) {\r\n.yuwom69f732c66092b {\r\ndisplay: block;\r\n}\r\n}\r\n@media screen and (min-width: 993px) and (max-width: 1200px) {\r\n.yuwom69f732c66092b {\r\ndisplay: block;\r\n}\r\n}\r\n@media screen and (min-width: 769px) and (max-width: 992px) {\r\n.yuwom69f732c66092b {\r\ndisplay: block;\r\n}\r\n}\r\n@media screen and (min-width: 768px) and (max-width: 768px) {\r\n.yuwom69f732c66092b {\r\ndisplay: block;\r\n}\r\n}\r\n@media screen and (max-width: 767px) {\r\n.yuwom69f732c66092b {\r\ndisplay: block;\r\n}\r\n}\r\n<\/style>\r\n<div class=\"cocxz69f732c666f3c\" ><div id=\"div_destino\"><\/div>\r\n<script src=\"https:\/\/cdn.snsrsv.com\/sdk.js\"><\/script>\r\n<script >\r\n      new sdk(\"464030C30061EA8BE065000000000001\") \r\n          .appendTo(\"div_destino\")\r\n          .disableStyle(true) \r\n          .setCacheBusterMacro(\"%%CACHEBUSTER%%\")\r\n          .setSize(\"800\",\"214\")\r\n          .setClickMacro(\"%%CLICK_URL_ESC%%\") \r\n          .setReferrerUrlMacro(\"%%REFERRER_URL_ESC%%\") \r\n          .start(); \r\n<\/script><\/div><style type=\"text\/css\">\r\n@media screen and (min-width: 1201px) {\r\n.cocxz69f732c666f3c {\r\ndisplay: block;\r\n}\r\n}\r\n@media screen and (min-width: 993px) and (max-width: 1200px) {\r\n.cocxz69f732c666f3c {\r\ndisplay: block;\r\n}\r\n}\r\n@media screen and (min-width: 769px) and (max-width: 992px) {\r\n.cocxz69f732c666f3c {\r\ndisplay: block;\r\n}\r\n}\r\n@media screen and (min-width: 768px) and (max-width: 768px) {\r\n.cocxz69f732c666f3c {\r\ndisplay: block;\r\n}\r\n}\r\n@media screen and (max-width: 767px) {\r\n.cocxz69f732c666f3c {\r\ndisplay: block;\r\n}\r\n}\r\n<\/style>\r\n","protected":false},"excerpt":{"rendered":"<p>O ilustrador e Analista de Marketing cataguasense, Gustavo LeGusta, participou de um debate ao vivo com o Polo Uninter Juiz de Fora sobre ilustra\u00e7\u00e3o, design e marketing, no \u00faltimo dia 16 de setembro. O objetivo foi tirar d\u00favidas dos alunos,<\/p>\n<p class=\"link-more\"><a class=\"more-link\" href=\"https:\/\/marcelolopes.jor.br\/site\/2021\/09\/30\/designer-de-cataguases-participa-de-debate-no-polo-uninter-juiz-de-fora\/\">Leia mais <span class=\"screen-reader-text\">Designer de Cataguases participa de debate no Polo Uninter Juiz de Fora<\/span><\/a><\/p>\n","protected":false},"author":2,"featured_media":27329,"comment_status":"open","ping_status":"open","sticky":false,"template":"","format":"standard","meta":{"footnotes":""},"categories":[1],"tags":[4784,4166,4782,4783],"class_list":["post-27327","post","type-post","status-publish","format-standard","has-post-thumbnail","hentry","category-noticias","tag-a-hora-e-agora","tag-gustavo-legusta","tag-legusta","tag-polo-uninter","thumb-below-title"],"yoast_head":"<!-- This site is optimized with the Yoast SEO plugin v27.4 - https:\/\/yoast.com\/product\/yoast-seo-wordpress\/ -->\n<title>Designer de Cataguases participa de debate no Polo Uninter Juiz de Fora | Marcelo Lopes<\/title>\n<meta name=\"robots\" content=\"index, follow, max-snippet:-1, max-image-preview:large, max-video-preview:-1\" \/>\n<link rel=\"canonical\" href=\"https:\/\/marcelolopes.jor.br\/site\/2021\/09\/30\/designer-de-cataguases-participa-de-debate-no-polo-uninter-juiz-de-fora\/\" \/>\n<meta property=\"og:locale\" content=\"pt_BR\" \/>\n<meta property=\"og:type\" content=\"article\" \/>\n<meta property=\"og:title\" content=\"Designer de Cataguases participa de debate no Polo Uninter Juiz de Fora | Marcelo Lopes\" \/>\n<meta property=\"og:description\" content=\"O ilustrador e Analista de Marketing cataguasense, Gustavo LeGusta, participou de um debate ao vivo com o Polo Uninter Juiz de Fora sobre ilustra\u00e7\u00e3o, design e marketing, no \u00faltimo dia 16 de setembro. O objetivo foi tirar d\u00favidas dos alunos,Leia mais Designer de Cataguases participa de debate no Polo Uninter Juiz de Fora\" \/>\n<meta property=\"og:url\" content=\"https:\/\/marcelolopes.jor.br\/site\/2021\/09\/30\/designer-de-cataguases-participa-de-debate-no-polo-uninter-juiz-de-fora\/\" \/>\n<meta property=\"og:site_name\" content=\"Marcelo Lopes\" \/>\n<meta property=\"article:publisher\" content=\"https:\/\/www.facebook.com\/sitedomarcelolopes\" \/>\n<meta property=\"article:published_time\" content=\"2021-09-30T19:00:25+00:00\" \/>\n<meta property=\"article:modified_time\" content=\"2021-09-30T21:12:31+00:00\" \/>\n<meta property=\"og:image\" content=\"https:\/\/marcelolopes.jor.br\/site\/wp-content\/uploads\/2021\/09\/79486390_3305865839485269_8173508139371462656_n.jpg\" \/>\n\t<meta property=\"og:image:width\" content=\"800\" \/>\n\t<meta property=\"og:image:height\" content=\"566\" \/>\n\t<meta property=\"og:image:type\" content=\"image\/jpeg\" \/>\n<meta name=\"author\" content=\"Marcelo Lopes\" \/>\n<meta name=\"twitter:card\" content=\"summary_large_image\" \/>\n<meta name=\"twitter:label1\" content=\"Escrito por\" \/>\n\t<meta name=\"twitter:data1\" content=\"Marcelo Lopes\" \/>\n\t<meta name=\"twitter:label2\" content=\"Est. tempo de leitura\" \/>\n\t<meta name=\"twitter:data2\" content=\"2 minutos\" \/>\n<script type=\"application\/ld+json\" class=\"yoast-schema-graph\">{\"@context\":\"https:\\\/\\\/schema.org\",\"@graph\":[{\"@type\":\"NewsArticle\",\"@id\":\"https:\\\/\\\/marcelolopes.jor.br\\\/site\\\/2021\\\/09\\\/30\\\/designer-de-cataguases-participa-de-debate-no-polo-uninter-juiz-de-fora\\\/#article\",\"isPartOf\":{\"@id\":\"https:\\\/\\\/marcelolopes.jor.br\\\/site\\\/2021\\\/09\\\/30\\\/designer-de-cataguases-participa-de-debate-no-polo-uninter-juiz-de-fora\\\/\"},\"author\":{\"name\":\"Marcelo Lopes\",\"@id\":\"https:\\\/\\\/marcelolopes.jor.br\\\/site\\\/#\\\/schema\\\/person\\\/3e7216a35c34d8fdf952b31da3d1f89f\"},\"headline\":\"Designer de Cataguases participa de debate no Polo Uninter Juiz de Fora\",\"datePublished\":\"2021-09-30T19:00:25+00:00\",\"dateModified\":\"2021-09-30T21:12:31+00:00\",\"mainEntityOfPage\":{\"@id\":\"https:\\\/\\\/marcelolopes.jor.br\\\/site\\\/2021\\\/09\\\/30\\\/designer-de-cataguases-participa-de-debate-no-polo-uninter-juiz-de-fora\\\/\"},\"wordCount\":360,\"commentCount\":0,\"publisher\":{\"@id\":\"https:\\\/\\\/marcelolopes.jor.br\\\/site\\\/#organization\"},\"image\":{\"@id\":\"https:\\\/\\\/marcelolopes.jor.br\\\/site\\\/2021\\\/09\\\/30\\\/designer-de-cataguases-participa-de-debate-no-polo-uninter-juiz-de-fora\\\/#primaryimage\"},\"thumbnailUrl\":\"https:\\\/\\\/marcelolopes.jor.br\\\/site\\\/wp-content\\\/uploads\\\/2021\\\/09\\\/79486390_3305865839485269_8173508139371462656_n.jpg\",\"keywords\":[\"A Hora \u00e9 Agora\",\"Gustavo Legusta\",\"LeGusta\",\"Polo Uninter\"],\"articleSection\":[\"Not\u00edcias\"],\"inLanguage\":\"pt-BR\",\"potentialAction\":[{\"@type\":\"CommentAction\",\"name\":\"Comment\",\"target\":[\"https:\\\/\\\/marcelolopes.jor.br\\\/site\\\/2021\\\/09\\\/30\\\/designer-de-cataguases-participa-de-debate-no-polo-uninter-juiz-de-fora\\\/#respond\"]}]},{\"@type\":\"WebPage\",\"@id\":\"https:\\\/\\\/marcelolopes.jor.br\\\/site\\\/2021\\\/09\\\/30\\\/designer-de-cataguases-participa-de-debate-no-polo-uninter-juiz-de-fora\\\/\",\"url\":\"https:\\\/\\\/marcelolopes.jor.br\\\/site\\\/2021\\\/09\\\/30\\\/designer-de-cataguases-participa-de-debate-no-polo-uninter-juiz-de-fora\\\/\",\"name\":\"Designer de Cataguases participa de debate no Polo Uninter Juiz de Fora | Marcelo Lopes\",\"isPartOf\":{\"@id\":\"https:\\\/\\\/marcelolopes.jor.br\\\/site\\\/#website\"},\"primaryImageOfPage\":{\"@id\":\"https:\\\/\\\/marcelolopes.jor.br\\\/site\\\/2021\\\/09\\\/30\\\/designer-de-cataguases-participa-de-debate-no-polo-uninter-juiz-de-fora\\\/#primaryimage\"},\"image\":{\"@id\":\"https:\\\/\\\/marcelolopes.jor.br\\\/site\\\/2021\\\/09\\\/30\\\/designer-de-cataguases-participa-de-debate-no-polo-uninter-juiz-de-fora\\\/#primaryimage\"},\"thumbnailUrl\":\"https:\\\/\\\/marcelolopes.jor.br\\\/site\\\/wp-content\\\/uploads\\\/2021\\\/09\\\/79486390_3305865839485269_8173508139371462656_n.jpg\",\"datePublished\":\"2021-09-30T19:00:25+00:00\",\"dateModified\":\"2021-09-30T21:12:31+00:00\",\"breadcrumb\":{\"@id\":\"https:\\\/\\\/marcelolopes.jor.br\\\/site\\\/2021\\\/09\\\/30\\\/designer-de-cataguases-participa-de-debate-no-polo-uninter-juiz-de-fora\\\/#breadcrumb\"},\"inLanguage\":\"pt-BR\",\"potentialAction\":[{\"@type\":\"ReadAction\",\"target\":[\"https:\\\/\\\/marcelolopes.jor.br\\\/site\\\/2021\\\/09\\\/30\\\/designer-de-cataguases-participa-de-debate-no-polo-uninter-juiz-de-fora\\\/\"]}]},{\"@type\":\"ImageObject\",\"inLanguage\":\"pt-BR\",\"@id\":\"https:\\\/\\\/marcelolopes.jor.br\\\/site\\\/2021\\\/09\\\/30\\\/designer-de-cataguases-participa-de-debate-no-polo-uninter-juiz-de-fora\\\/#primaryimage\",\"url\":\"https:\\\/\\\/marcelolopes.jor.br\\\/site\\\/wp-content\\\/uploads\\\/2021\\\/09\\\/79486390_3305865839485269_8173508139371462656_n.jpg\",\"contentUrl\":\"https:\\\/\\\/marcelolopes.jor.br\\\/site\\\/wp-content\\\/uploads\\\/2021\\\/09\\\/79486390_3305865839485269_8173508139371462656_n.jpg\",\"width\":800,\"height\":566},{\"@type\":\"BreadcrumbList\",\"@id\":\"https:\\\/\\\/marcelolopes.jor.br\\\/site\\\/2021\\\/09\\\/30\\\/designer-de-cataguases-participa-de-debate-no-polo-uninter-juiz-de-fora\\\/#breadcrumb\",\"itemListElement\":[{\"@type\":\"ListItem\",\"position\":1,\"name\":\"Home\",\"item\":\"https:\\\/\\\/marcelolopes.jor.br\\\/site\\\/\"},{\"@type\":\"ListItem\",\"position\":2,\"name\":\"Designer de Cataguases participa de debate no Polo Uninter Juiz de Fora\"}]},{\"@type\":\"WebSite\",\"@id\":\"https:\\\/\\\/marcelolopes.jor.br\\\/site\\\/#website\",\"url\":\"https:\\\/\\\/marcelolopes.jor.br\\\/site\\\/\",\"name\":\"Marcelo Lopes\",\"description\":\"Not\u00edcias de Cataguases e Regi\u00e3o\",\"publisher\":{\"@id\":\"https:\\\/\\\/marcelolopes.jor.br\\\/site\\\/#organization\"},\"potentialAction\":[{\"@type\":\"SearchAction\",\"target\":{\"@type\":\"EntryPoint\",\"urlTemplate\":\"https:\\\/\\\/marcelolopes.jor.br\\\/site\\\/?s={search_term_string}\"},\"query-input\":{\"@type\":\"PropertyValueSpecification\",\"valueRequired\":true,\"valueName\":\"search_term_string\"}}],\"inLanguage\":\"pt-BR\"},{\"@type\":\"Organization\",\"@id\":\"https:\\\/\\\/marcelolopes.jor.br\\\/site\\\/#organization\",\"name\":\"Site do Marcelo Lopes\",\"url\":\"https:\\\/\\\/marcelolopes.jor.br\\\/site\\\/\",\"logo\":{\"@type\":\"ImageObject\",\"inLanguage\":\"pt-BR\",\"@id\":\"https:\\\/\\\/marcelolopes.jor.br\\\/site\\\/#\\\/schema\\\/logo\\\/image\\\/\",\"url\":\"https:\\\/\\\/marcelolopes.jor.br\\\/site\\\/wp-content\\\/uploads\\\/2024\\\/11\\\/logo-1.png\",\"contentUrl\":\"https:\\\/\\\/marcelolopes.jor.br\\\/site\\\/wp-content\\\/uploads\\\/2024\\\/11\\\/logo-1.png\",\"width\":475,\"height\":80,\"caption\":\"Site do Marcelo Lopes\"},\"image\":{\"@id\":\"https:\\\/\\\/marcelolopes.jor.br\\\/site\\\/#\\\/schema\\\/logo\\\/image\\\/\"},\"sameAs\":[\"https:\\\/\\\/www.facebook.com\\\/sitedomarcelolopes\",\"https:\\\/\\\/www.instagram.com\\\/sitedomarcelolopes\\\/\",\"https:\\\/\\\/www.linkedin.com\\\/company\\\/site-do-marcelo-lopes\\\/\",\"https:\\\/\\\/www.youtube.com\\\/user\\\/marcelolopes957\"]},{\"@type\":\"Person\",\"@id\":\"https:\\\/\\\/marcelolopes.jor.br\\\/site\\\/#\\\/schema\\\/person\\\/3e7216a35c34d8fdf952b31da3d1f89f\",\"name\":\"Marcelo Lopes\",\"sameAs\":[\"http:\\\/\\\/www.marcelolopes.jor.br\"],\"url\":\"https:\\\/\\\/marcelolopes.jor.br\\\/site\\\/author\\\/marcelo\\\/\"}]}<\/script>\n<!-- \/ Yoast SEO plugin. -->","yoast_head_json":{"title":"Designer de Cataguases participa de debate no Polo Uninter Juiz de Fora | Marcelo Lopes","robots":{"index":"index","follow":"follow","max-snippet":"max-snippet:-1","max-image-preview":"max-image-preview:large","max-video-preview":"max-video-preview:-1"},"canonical":"https:\/\/marcelolopes.jor.br\/site\/2021\/09\/30\/designer-de-cataguases-participa-de-debate-no-polo-uninter-juiz-de-fora\/","og_locale":"pt_BR","og_type":"article","og_title":"Designer de Cataguases participa de debate no Polo Uninter Juiz de Fora | Marcelo Lopes","og_description":"O ilustrador e Analista de Marketing cataguasense, Gustavo LeGusta, participou de um debate ao vivo com o Polo Uninter Juiz de Fora sobre ilustra\u00e7\u00e3o, design e marketing, no \u00faltimo dia 16 de setembro. O objetivo foi tirar d\u00favidas dos alunos,Leia mais Designer de Cataguases participa de debate no Polo Uninter Juiz de Fora","og_url":"https:\/\/marcelolopes.jor.br\/site\/2021\/09\/30\/designer-de-cataguases-participa-de-debate-no-polo-uninter-juiz-de-fora\/","og_site_name":"Marcelo Lopes","article_publisher":"https:\/\/www.facebook.com\/sitedomarcelolopes","article_published_time":"2021-09-30T19:00:25+00:00","article_modified_time":"2021-09-30T21:12:31+00:00","og_image":[{"width":800,"height":566,"url":"https:\/\/marcelolopes.jor.br\/site\/wp-content\/uploads\/2021\/09\/79486390_3305865839485269_8173508139371462656_n.jpg","type":"image\/jpeg"}],"author":"Marcelo Lopes","twitter_card":"summary_large_image","twitter_misc":{"Escrito por":"Marcelo Lopes","Est. tempo de leitura":"2 minutos"},"schema":{"@context":"https:\/\/schema.org","@graph":[{"@type":"NewsArticle","@id":"https:\/\/marcelolopes.jor.br\/site\/2021\/09\/30\/designer-de-cataguases-participa-de-debate-no-polo-uninter-juiz-de-fora\/#article","isPartOf":{"@id":"https:\/\/marcelolopes.jor.br\/site\/2021\/09\/30\/designer-de-cataguases-participa-de-debate-no-polo-uninter-juiz-de-fora\/"},"author":{"name":"Marcelo Lopes","@id":"https:\/\/marcelolopes.jor.br\/site\/#\/schema\/person\/3e7216a35c34d8fdf952b31da3d1f89f"},"headline":"Designer de Cataguases participa de debate no Polo Uninter Juiz de Fora","datePublished":"2021-09-30T19:00:25+00:00","dateModified":"2021-09-30T21:12:31+00:00","mainEntityOfPage":{"@id":"https:\/\/marcelolopes.jor.br\/site\/2021\/09\/30\/designer-de-cataguases-participa-de-debate-no-polo-uninter-juiz-de-fora\/"},"wordCount":360,"commentCount":0,"publisher":{"@id":"https:\/\/marcelolopes.jor.br\/site\/#organization"},"image":{"@id":"https:\/\/marcelolopes.jor.br\/site\/2021\/09\/30\/designer-de-cataguases-participa-de-debate-no-polo-uninter-juiz-de-fora\/#primaryimage"},"thumbnailUrl":"https:\/\/marcelolopes.jor.br\/site\/wp-content\/uploads\/2021\/09\/79486390_3305865839485269_8173508139371462656_n.jpg","keywords":["A Hora \u00e9 Agora","Gustavo Legusta","LeGusta","Polo Uninter"],"articleSection":["Not\u00edcias"],"inLanguage":"pt-BR","potentialAction":[{"@type":"CommentAction","name":"Comment","target":["https:\/\/marcelolopes.jor.br\/site\/2021\/09\/30\/designer-de-cataguases-participa-de-debate-no-polo-uninter-juiz-de-fora\/#respond"]}]},{"@type":"WebPage","@id":"https:\/\/marcelolopes.jor.br\/site\/2021\/09\/30\/designer-de-cataguases-participa-de-debate-no-polo-uninter-juiz-de-fora\/","url":"https:\/\/marcelolopes.jor.br\/site\/2021\/09\/30\/designer-de-cataguases-participa-de-debate-no-polo-uninter-juiz-de-fora\/","name":"Designer de Cataguases participa de debate no Polo Uninter Juiz de Fora | Marcelo Lopes","isPartOf":{"@id":"https:\/\/marcelolopes.jor.br\/site\/#website"},"primaryImageOfPage":{"@id":"https:\/\/marcelolopes.jor.br\/site\/2021\/09\/30\/designer-de-cataguases-participa-de-debate-no-polo-uninter-juiz-de-fora\/#primaryimage"},"image":{"@id":"https:\/\/marcelolopes.jor.br\/site\/2021\/09\/30\/designer-de-cataguases-participa-de-debate-no-polo-uninter-juiz-de-fora\/#primaryimage"},"thumbnailUrl":"https:\/\/marcelolopes.jor.br\/site\/wp-content\/uploads\/2021\/09\/79486390_3305865839485269_8173508139371462656_n.jpg","datePublished":"2021-09-30T19:00:25+00:00","dateModified":"2021-09-30T21:12:31+00:00","breadcrumb":{"@id":"https:\/\/marcelolopes.jor.br\/site\/2021\/09\/30\/designer-de-cataguases-participa-de-debate-no-polo-uninter-juiz-de-fora\/#breadcrumb"},"inLanguage":"pt-BR","potentialAction":[{"@type":"ReadAction","target":["https:\/\/marcelolopes.jor.br\/site\/2021\/09\/30\/designer-de-cataguases-participa-de-debate-no-polo-uninter-juiz-de-fora\/"]}]},{"@type":"ImageObject","inLanguage":"pt-BR","@id":"https:\/\/marcelolopes.jor.br\/site\/2021\/09\/30\/designer-de-cataguases-participa-de-debate-no-polo-uninter-juiz-de-fora\/#primaryimage","url":"https:\/\/marcelolopes.jor.br\/site\/wp-content\/uploads\/2021\/09\/79486390_3305865839485269_8173508139371462656_n.jpg","contentUrl":"https:\/\/marcelolopes.jor.br\/site\/wp-content\/uploads\/2021\/09\/79486390_3305865839485269_8173508139371462656_n.jpg","width":800,"height":566},{"@type":"BreadcrumbList","@id":"https:\/\/marcelolopes.jor.br\/site\/2021\/09\/30\/designer-de-cataguases-participa-de-debate-no-polo-uninter-juiz-de-fora\/#breadcrumb","itemListElement":[{"@type":"ListItem","position":1,"name":"Home","item":"https:\/\/marcelolopes.jor.br\/site\/"},{"@type":"ListItem","position":2,"name":"Designer de Cataguases participa de debate no Polo Uninter Juiz de Fora"}]},{"@type":"WebSite","@id":"https:\/\/marcelolopes.jor.br\/site\/#website","url":"https:\/\/marcelolopes.jor.br\/site\/","name":"Marcelo Lopes","description":"Not\u00edcias de Cataguases e Regi\u00e3o","publisher":{"@id":"https:\/\/marcelolopes.jor.br\/site\/#organization"},"potentialAction":[{"@type":"SearchAction","target":{"@type":"EntryPoint","urlTemplate":"https:\/\/marcelolopes.jor.br\/site\/?s={search_term_string}"},"query-input":{"@type":"PropertyValueSpecification","valueRequired":true,"valueName":"search_term_string"}}],"inLanguage":"pt-BR"},{"@type":"Organization","@id":"https:\/\/marcelolopes.jor.br\/site\/#organization","name":"Site do Marcelo Lopes","url":"https:\/\/marcelolopes.jor.br\/site\/","logo":{"@type":"ImageObject","inLanguage":"pt-BR","@id":"https:\/\/marcelolopes.jor.br\/site\/#\/schema\/logo\/image\/","url":"https:\/\/marcelolopes.jor.br\/site\/wp-content\/uploads\/2024\/11\/logo-1.png","contentUrl":"https:\/\/marcelolopes.jor.br\/site\/wp-content\/uploads\/2024\/11\/logo-1.png","width":475,"height":80,"caption":"Site do Marcelo Lopes"},"image":{"@id":"https:\/\/marcelolopes.jor.br\/site\/#\/schema\/logo\/image\/"},"sameAs":["https:\/\/www.facebook.com\/sitedomarcelolopes","https:\/\/www.instagram.com\/sitedomarcelolopes\/","https:\/\/www.linkedin.com\/company\/site-do-marcelo-lopes\/","https:\/\/www.youtube.com\/user\/marcelolopes957"]},{"@type":"Person","@id":"https:\/\/marcelolopes.jor.br\/site\/#\/schema\/person\/3e7216a35c34d8fdf952b31da3d1f89f","name":"Marcelo Lopes","sameAs":["http:\/\/www.marcelolopes.jor.br"],"url":"https:\/\/marcelolopes.jor.br\/site\/author\/marcelo\/"}]}},"wps_subtitle":"Gustavo LeGusta contou sua experi\u00eancia profissional e\u00a0novos projetos.","_links":{"self":[{"href":"https:\/\/marcelolopes.jor.br\/site\/wp-json\/wp\/v2\/posts\/27327","targetHints":{"allow":["GET"]}}],"collection":[{"href":"https:\/\/marcelolopes.jor.br\/site\/wp-json\/wp\/v2\/posts"}],"about":[{"href":"https:\/\/marcelolopes.jor.br\/site\/wp-json\/wp\/v2\/types\/post"}],"author":[{"embeddable":true,"href":"https:\/\/marcelolopes.jor.br\/site\/wp-json\/wp\/v2\/users\/2"}],"replies":[{"embeddable":true,"href":"https:\/\/marcelolopes.jor.br\/site\/wp-json\/wp\/v2\/comments?post=27327"}],"version-history":[{"count":0,"href":"https:\/\/marcelolopes.jor.br\/site\/wp-json\/wp\/v2\/posts\/27327\/revisions"}],"wp:featuredmedia":[{"embeddable":true,"href":"https:\/\/marcelolopes.jor.br\/site\/wp-json\/wp\/v2\/media\/27329"}],"wp:attachment":[{"href":"https:\/\/marcelolopes.jor.br\/site\/wp-json\/wp\/v2\/media?parent=27327"}],"wp:term":[{"taxonomy":"category","embeddable":true,"href":"https:\/\/marcelolopes.jor.br\/site\/wp-json\/wp\/v2\/categories?post=27327"},{"taxonomy":"post_tag","embeddable":true,"href":"https:\/\/marcelolopes.jor.br\/site\/wp-json\/wp\/v2\/tags?post=27327"}],"curies":[{"name":"wp","href":"https:\/\/api.w.org\/{rel}","templated":true}]}}