{"id":27316,"date":"2021-09-29T20:00:02","date_gmt":"2021-09-29T23:00:02","guid":{"rendered":"https:\/\/marcelolopes.jor.br\/?p=27316"},"modified":"2021-09-29T19:45:59","modified_gmt":"2021-09-29T22:45:59","slug":"casal-de-vicosa-que-tomou-quatro-doses-da-vacina-contra-a-covid-e-denunciado-pelo-mp","status":"publish","type":"post","link":"https:\/\/marcelolopes.jor.br\/site\/2021\/09\/29\/casal-de-vicosa-que-tomou-quatro-doses-da-vacina-contra-a-covid-e-denunciado-pelo-mp\/","title":{"rendered":"Casal de Vi\u00e7osa que tomou quatro doses da vacina contra a Covid \u00e9 denunciado pelo MP"},"content":{"rendered":"<p style=\"text-align: justify;\">O Minist\u00e9rio P\u00fablico de Minas Gerais ofereceu Den\u00fancia contra um casal de empres\u00e1rios de Vi\u00e7osa que tomou duas doses extras e indevidas da vacina contra a Covid-19. Eles v\u00e3o responder pelo crime de estelionato e tamb\u00e9m podem ter que pagar indeniza\u00e7\u00e3o m\u00ednima de R$ 500 mil cada um por danos morais coletivos.<!--more--><\/p>\n<p style=\"text-align: justify;\"><a href=\"http:\/\/www.agenciaram.com.br\"><img loading=\"lazy\" decoding=\"async\" class=\"aligncenter wp-image-26883 size-full\" src=\"https:\/\/marcelolopes.jor.br\/site\/wp-content\/uploads\/2021\/09\/Agencia-RAM-novo.jpg\" alt=\"\" width=\"800\" height=\"214\" srcset=\"https:\/\/marcelolopes.jor.br\/site\/wp-content\/uploads\/2021\/09\/Agencia-RAM-novo.jpg 800w, https:\/\/marcelolopes.jor.br\/site\/wp-content\/uploads\/2021\/09\/Agencia-RAM-novo-300x80.jpg 300w, https:\/\/marcelolopes.jor.br\/site\/wp-content\/uploads\/2021\/09\/Agencia-RAM-novo-768x205.jpg 768w\" sizes=\"auto, (max-width: 800px) 100vw, 800px\" \/><\/a>J.L.S, 69 anos, e sua esposa M.C.C.S, 73 anos, omitiram que tinham recebido duas doses de Coronavac, em Vi\u00e7osa, e, usando de meio fraudulento, burlaram o sistema de vacina\u00e7\u00e3o e receberam mais duas doses de imunizante, uma dose de AstraZeneca Oxford na cidade do Rio de Janeiro, e uma de Pfizer, no campus da Universidade Federal de Vi\u00e7osa.<\/p>\n<p style=\"text-align: justify;\">&#8220;Salienta-se que o insumo \u00e9 raro, escasso e pertence \u00e0 administra\u00e7\u00e3o p\u00fablica que as adquiriu com a finalidade de imunizar a popula\u00e7\u00e3o, seguindo o Programa Nacional de Imuniza\u00e7\u00e3o, tendo, portanto, a conduta sido praticada em detrimento de entidades de direito p\u00fablico e sendo aplic\u00e1vel a causa de aumento de pena prevista no artigo 171, \u00a7 3\u00ba do C\u00f3digo Penal&#8221;, destacou o promotor Lu\u00eds Cl\u00e1udio Fonseca Magalh\u00e3es, da Comarca de Vi\u00e7osa.<\/p>\n<p style=\"text-align: justify;\">A investiga\u00e7\u00e3o come\u00e7ou depois que o MPMG recebeu of\u00edcio da Coordena\u00e7\u00e3o de Aten\u00e7\u00e3o Prim\u00e1ria em Imuniza\u00e7\u00e3o e Campanha da Secretaria Municipal de Sa\u00fade de Vi\u00e7osa narrando a vacina\u00e7\u00e3o irregular de J.L.S.. O procurador-geral do munic\u00edpio de Vi\u00e7osa enviou uma representa\u00e7\u00e3o ao MPMG informando que o Setor de Aten\u00e7\u00e3o Prim\u00e1ria em Imuniza\u00e7\u00e3o e Campanha da Secretaria Municipal de Sa\u00fade de Vi\u00e7osa identificou que a M.C.C.S tamb\u00e9m tomou as quatro doses de imunizantes contra a Covid-19.<\/p>\n<p style=\"text-align: justify;\">A partir da\u00ed, foram instaurados Procedimentos Investigat\u00f3rios Criminais e tentativas de celebra\u00e7\u00e3o da acordo de n\u00e3o persecu\u00e7\u00e3o penal, que n\u00e3o foram concretizadas. Cada um dos acusados responder\u00e1 duas vezes pelo crime de estelionato, artigo 171 do C\u00f3digo Penal, que prev\u00ea pena de um a cinco anos de pris\u00e3o, aumentada em um ter\u00e7o pelo par\u00e1grafo 3\u00ba do mesmo artigo, al\u00e9m de indeniza\u00e7\u00e3o por danos morais coletivos.<\/p>\n<p style=\"text-align: justify;\">Fonte: Assessoria de Comunica\u00e7\u00e3o do MPMG | Foto: Primeiro a Saber<\/p>\n<div class=\"jmmil69f5db77f3a41\" ><br><\/div><style type=\"text\/css\">\r\n@media screen and (min-width: 1201px) {\r\n.jmmil69f5db77f3a41 {\r\ndisplay: block;\r\n}\r\n}\r\n@media screen and (min-width: 993px) and (max-width: 1200px) {\r\n.jmmil69f5db77f3a41 {\r\ndisplay: block;\r\n}\r\n}\r\n@media screen and (min-width: 769px) and (max-width: 992px) {\r\n.jmmil69f5db77f3a41 {\r\ndisplay: block;\r\n}\r\n}\r\n@media screen and (min-width: 768px) and (max-width: 768px) {\r\n.jmmil69f5db77f3a41 {\r\ndisplay: block;\r\n}\r\n}\r\n@media screen and (max-width: 767px) {\r\n.jmmil69f5db77f3a41 {\r\ndisplay: block;\r\n}\r\n}\r\n<\/style>\r\n<div class=\"extca69f5db7804447\" ><div id=\"div_destino\"><\/div>\r\n<script src=\"https:\/\/cdn.snsrsv.com\/sdk.js\"><\/script>\r\n<script >\r\n      new sdk(\"464030C30061EA8BE065000000000001\") \r\n          .appendTo(\"div_destino\")\r\n          .disableStyle(true) \r\n          .setCacheBusterMacro(\"%%CACHEBUSTER%%\")\r\n          .setSize(\"800\",\"214\")\r\n          .setClickMacro(\"%%CLICK_URL_ESC%%\") \r\n          .setReferrerUrlMacro(\"%%REFERRER_URL_ESC%%\") \r\n          .start(); \r\n<\/script><\/div><style type=\"text\/css\">\r\n@media screen and (min-width: 1201px) {\r\n.extca69f5db7804447 {\r\ndisplay: block;\r\n}\r\n}\r\n@media screen and (min-width: 993px) and (max-width: 1200px) {\r\n.extca69f5db7804447 {\r\ndisplay: block;\r\n}\r\n}\r\n@media screen and (min-width: 769px) and (max-width: 992px) {\r\n.extca69f5db7804447 {\r\ndisplay: block;\r\n}\r\n}\r\n@media screen and (min-width: 768px) and (max-width: 768px) {\r\n.extca69f5db7804447 {\r\ndisplay: block;\r\n}\r\n}\r\n@media screen and (max-width: 767px) {\r\n.extca69f5db7804447 {\r\ndisplay: block;\r\n}\r\n}\r\n<\/style>\r\n","protected":false},"excerpt":{"rendered":"<p>O Minist\u00e9rio P\u00fablico de Minas Gerais ofereceu Den\u00fancia contra um casal de empres\u00e1rios de Vi\u00e7osa que tomou duas doses extras e indevidas da vacina contra a Covid-19. Eles v\u00e3o responder pelo crime de estelionato e tamb\u00e9m podem ter que pagar<\/p>\n<p class=\"link-more\"><a class=\"more-link\" href=\"https:\/\/marcelolopes.jor.br\/site\/2021\/09\/29\/casal-de-vicosa-que-tomou-quatro-doses-da-vacina-contra-a-covid-e-denunciado-pelo-mp\/\">Leia mais <span class=\"screen-reader-text\">Casal de Vi\u00e7osa que tomou quatro doses da vacina contra a Covid \u00e9 denunciado pelo MP<\/span><\/a><\/p>\n","protected":false},"author":2,"featured_media":27318,"comment_status":"open","ping_status":"open","sticky":false,"template":"","format":"standard","meta":{"footnotes":""},"categories":[1],"tags":[4779,4781,1201,4780],"class_list":["post-27316","post","type-post","status-publish","format-standard","has-post-thumbnail","hentry","category-noticias","tag-casal-de-vicosa","tag-fraude-na-vacinacao","tag-mpmg","tag-vacina-a-mais","thumb-below-title"],"yoast_head":"<!-- This site is optimized with the Yoast SEO plugin v27.4 - https:\/\/yoast.com\/product\/yoast-seo-wordpress\/ -->\n<title>Casal de Vi\u00e7osa que tomou quatro doses da vacina contra a Covid \u00e9 denunciado pelo MP | Marcelo Lopes<\/title>\n<meta name=\"robots\" content=\"index, follow, max-snippet:-1, max-image-preview:large, max-video-preview:-1\" \/>\n<link rel=\"canonical\" href=\"https:\/\/marcelolopes.jor.br\/site\/2021\/09\/29\/casal-de-vicosa-que-tomou-quatro-doses-da-vacina-contra-a-covid-e-denunciado-pelo-mp\/\" \/>\n<meta property=\"og:locale\" content=\"pt_BR\" \/>\n<meta property=\"og:type\" content=\"article\" \/>\n<meta property=\"og:title\" content=\"Casal de Vi\u00e7osa que tomou quatro doses da vacina contra a Covid \u00e9 denunciado pelo MP | Marcelo Lopes\" \/>\n<meta property=\"og:description\" content=\"O Minist\u00e9rio P\u00fablico de Minas Gerais ofereceu Den\u00fancia contra um casal de empres\u00e1rios de Vi\u00e7osa que tomou duas doses extras e indevidas da vacina contra a Covid-19. Eles v\u00e3o responder pelo crime de estelionato e tamb\u00e9m podem ter que pagarLeia mais Casal de Vi\u00e7osa que tomou quatro doses da vacina contra a Covid \u00e9 denunciado pelo MP\" \/>\n<meta property=\"og:url\" content=\"https:\/\/marcelolopes.jor.br\/site\/2021\/09\/29\/casal-de-vicosa-que-tomou-quatro-doses-da-vacina-contra-a-covid-e-denunciado-pelo-mp\/\" \/>\n<meta property=\"og:site_name\" content=\"Marcelo Lopes\" \/>\n<meta property=\"article:publisher\" content=\"https:\/\/www.facebook.com\/sitedomarcelolopes\" \/>\n<meta property=\"article:published_time\" content=\"2021-09-29T23:00:02+00:00\" \/>\n<meta property=\"og:image\" content=\"https:\/\/marcelolopes.jor.br\/site\/wp-content\/uploads\/2021\/09\/MP-de-Vi\u00e7osa.jpg\" \/>\n\t<meta property=\"og:image:width\" content=\"800\" \/>\n\t<meta property=\"og:image:height\" content=\"505\" \/>\n\t<meta property=\"og:image:type\" content=\"image\/jpeg\" \/>\n<meta name=\"author\" content=\"Marcelo Lopes\" \/>\n<meta name=\"twitter:card\" content=\"summary_large_image\" \/>\n<meta name=\"twitter:label1\" content=\"Escrito por\" \/>\n\t<meta name=\"twitter:data1\" content=\"Marcelo Lopes\" \/>\n\t<meta name=\"twitter:label2\" content=\"Est. tempo de leitura\" \/>\n\t<meta name=\"twitter:data2\" content=\"2 minutos\" \/>\n<script type=\"application\/ld+json\" class=\"yoast-schema-graph\">{\"@context\":\"https:\\\/\\\/schema.org\",\"@graph\":[{\"@type\":\"NewsArticle\",\"@id\":\"https:\\\/\\\/marcelolopes.jor.br\\\/site\\\/2021\\\/09\\\/29\\\/casal-de-vicosa-que-tomou-quatro-doses-da-vacina-contra-a-covid-e-denunciado-pelo-mp\\\/#article\",\"isPartOf\":{\"@id\":\"https:\\\/\\\/marcelolopes.jor.br\\\/site\\\/2021\\\/09\\\/29\\\/casal-de-vicosa-que-tomou-quatro-doses-da-vacina-contra-a-covid-e-denunciado-pelo-mp\\\/\"},\"author\":{\"name\":\"Marcelo Lopes\",\"@id\":\"https:\\\/\\\/marcelolopes.jor.br\\\/site\\\/#\\\/schema\\\/person\\\/3e7216a35c34d8fdf952b31da3d1f89f\"},\"headline\":\"Casal de Vi\u00e7osa que tomou quatro doses da vacina contra a Covid \u00e9 denunciado pelo MP\",\"datePublished\":\"2021-09-29T23:00:02+00:00\",\"mainEntityOfPage\":{\"@id\":\"https:\\\/\\\/marcelolopes.jor.br\\\/site\\\/2021\\\/09\\\/29\\\/casal-de-vicosa-que-tomou-quatro-doses-da-vacina-contra-a-covid-e-denunciado-pelo-mp\\\/\"},\"wordCount\":399,\"commentCount\":0,\"publisher\":{\"@id\":\"https:\\\/\\\/marcelolopes.jor.br\\\/site\\\/#organization\"},\"image\":{\"@id\":\"https:\\\/\\\/marcelolopes.jor.br\\\/site\\\/2021\\\/09\\\/29\\\/casal-de-vicosa-que-tomou-quatro-doses-da-vacina-contra-a-covid-e-denunciado-pelo-mp\\\/#primaryimage\"},\"thumbnailUrl\":\"https:\\\/\\\/marcelolopes.jor.br\\\/site\\\/wp-content\\\/uploads\\\/2021\\\/09\\\/MP-de-Vi\u00e7osa.jpg\",\"keywords\":[\"casal de Vi\u00e7osa\",\"fraude na vacina\u00e7\u00e3o\",\"MPMG\",\"vacina a mais\"],\"articleSection\":[\"Not\u00edcias\"],\"inLanguage\":\"pt-BR\",\"potentialAction\":[{\"@type\":\"CommentAction\",\"name\":\"Comment\",\"target\":[\"https:\\\/\\\/marcelolopes.jor.br\\\/site\\\/2021\\\/09\\\/29\\\/casal-de-vicosa-que-tomou-quatro-doses-da-vacina-contra-a-covid-e-denunciado-pelo-mp\\\/#respond\"]}]},{\"@type\":\"WebPage\",\"@id\":\"https:\\\/\\\/marcelolopes.jor.br\\\/site\\\/2021\\\/09\\\/29\\\/casal-de-vicosa-que-tomou-quatro-doses-da-vacina-contra-a-covid-e-denunciado-pelo-mp\\\/\",\"url\":\"https:\\\/\\\/marcelolopes.jor.br\\\/site\\\/2021\\\/09\\\/29\\\/casal-de-vicosa-que-tomou-quatro-doses-da-vacina-contra-a-covid-e-denunciado-pelo-mp\\\/\",\"name\":\"Casal de Vi\u00e7osa que tomou quatro doses da vacina contra a Covid \u00e9 denunciado pelo MP | Marcelo Lopes\",\"isPartOf\":{\"@id\":\"https:\\\/\\\/marcelolopes.jor.br\\\/site\\\/#website\"},\"primaryImageOfPage\":{\"@id\":\"https:\\\/\\\/marcelolopes.jor.br\\\/site\\\/2021\\\/09\\\/29\\\/casal-de-vicosa-que-tomou-quatro-doses-da-vacina-contra-a-covid-e-denunciado-pelo-mp\\\/#primaryimage\"},\"image\":{\"@id\":\"https:\\\/\\\/marcelolopes.jor.br\\\/site\\\/2021\\\/09\\\/29\\\/casal-de-vicosa-que-tomou-quatro-doses-da-vacina-contra-a-covid-e-denunciado-pelo-mp\\\/#primaryimage\"},\"thumbnailUrl\":\"https:\\\/\\\/marcelolopes.jor.br\\\/site\\\/wp-content\\\/uploads\\\/2021\\\/09\\\/MP-de-Vi\u00e7osa.jpg\",\"datePublished\":\"2021-09-29T23:00:02+00:00\",\"breadcrumb\":{\"@id\":\"https:\\\/\\\/marcelolopes.jor.br\\\/site\\\/2021\\\/09\\\/29\\\/casal-de-vicosa-que-tomou-quatro-doses-da-vacina-contra-a-covid-e-denunciado-pelo-mp\\\/#breadcrumb\"},\"inLanguage\":\"pt-BR\",\"potentialAction\":[{\"@type\":\"ReadAction\",\"target\":[\"https:\\\/\\\/marcelolopes.jor.br\\\/site\\\/2021\\\/09\\\/29\\\/casal-de-vicosa-que-tomou-quatro-doses-da-vacina-contra-a-covid-e-denunciado-pelo-mp\\\/\"]}]},{\"@type\":\"ImageObject\",\"inLanguage\":\"pt-BR\",\"@id\":\"https:\\\/\\\/marcelolopes.jor.br\\\/site\\\/2021\\\/09\\\/29\\\/casal-de-vicosa-que-tomou-quatro-doses-da-vacina-contra-a-covid-e-denunciado-pelo-mp\\\/#primaryimage\",\"url\":\"https:\\\/\\\/marcelolopes.jor.br\\\/site\\\/wp-content\\\/uploads\\\/2021\\\/09\\\/MP-de-Vi\u00e7osa.jpg\",\"contentUrl\":\"https:\\\/\\\/marcelolopes.jor.br\\\/site\\\/wp-content\\\/uploads\\\/2021\\\/09\\\/MP-de-Vi\u00e7osa.jpg\",\"width\":800,\"height\":505},{\"@type\":\"BreadcrumbList\",\"@id\":\"https:\\\/\\\/marcelolopes.jor.br\\\/site\\\/2021\\\/09\\\/29\\\/casal-de-vicosa-que-tomou-quatro-doses-da-vacina-contra-a-covid-e-denunciado-pelo-mp\\\/#breadcrumb\",\"itemListElement\":[{\"@type\":\"ListItem\",\"position\":1,\"name\":\"Home\",\"item\":\"https:\\\/\\\/marcelolopes.jor.br\\\/site\\\/\"},{\"@type\":\"ListItem\",\"position\":2,\"name\":\"Casal de Vi\u00e7osa que tomou quatro doses da vacina contra a Covid \u00e9 denunciado pelo MP\"}]},{\"@type\":\"WebSite\",\"@id\":\"https:\\\/\\\/marcelolopes.jor.br\\\/site\\\/#website\",\"url\":\"https:\\\/\\\/marcelolopes.jor.br\\\/site\\\/\",\"name\":\"Marcelo Lopes\",\"description\":\"Not\u00edcias de Cataguases e Regi\u00e3o\",\"publisher\":{\"@id\":\"https:\\\/\\\/marcelolopes.jor.br\\\/site\\\/#organization\"},\"potentialAction\":[{\"@type\":\"SearchAction\",\"target\":{\"@type\":\"EntryPoint\",\"urlTemplate\":\"https:\\\/\\\/marcelolopes.jor.br\\\/site\\\/?s={search_term_string}\"},\"query-input\":{\"@type\":\"PropertyValueSpecification\",\"valueRequired\":true,\"valueName\":\"search_term_string\"}}],\"inLanguage\":\"pt-BR\"},{\"@type\":\"Organization\",\"@id\":\"https:\\\/\\\/marcelolopes.jor.br\\\/site\\\/#organization\",\"name\":\"Site do Marcelo Lopes\",\"url\":\"https:\\\/\\\/marcelolopes.jor.br\\\/site\\\/\",\"logo\":{\"@type\":\"ImageObject\",\"inLanguage\":\"pt-BR\",\"@id\":\"https:\\\/\\\/marcelolopes.jor.br\\\/site\\\/#\\\/schema\\\/logo\\\/image\\\/\",\"url\":\"https:\\\/\\\/marcelolopes.jor.br\\\/site\\\/wp-content\\\/uploads\\\/2024\\\/11\\\/logo-1.png\",\"contentUrl\":\"https:\\\/\\\/marcelolopes.jor.br\\\/site\\\/wp-content\\\/uploads\\\/2024\\\/11\\\/logo-1.png\",\"width\":475,\"height\":80,\"caption\":\"Site do Marcelo Lopes\"},\"image\":{\"@id\":\"https:\\\/\\\/marcelolopes.jor.br\\\/site\\\/#\\\/schema\\\/logo\\\/image\\\/\"},\"sameAs\":[\"https:\\\/\\\/www.facebook.com\\\/sitedomarcelolopes\",\"https:\\\/\\\/www.instagram.com\\\/sitedomarcelolopes\\\/\",\"https:\\\/\\\/www.linkedin.com\\\/company\\\/site-do-marcelo-lopes\\\/\",\"https:\\\/\\\/www.youtube.com\\\/user\\\/marcelolopes957\"]},{\"@type\":\"Person\",\"@id\":\"https:\\\/\\\/marcelolopes.jor.br\\\/site\\\/#\\\/schema\\\/person\\\/3e7216a35c34d8fdf952b31da3d1f89f\",\"name\":\"Marcelo Lopes\",\"sameAs\":[\"http:\\\/\\\/www.marcelolopes.jor.br\"],\"url\":\"https:\\\/\\\/marcelolopes.jor.br\\\/site\\\/author\\\/marcelo\\\/\"}]}<\/script>\n<!-- \/ Yoast SEO plugin. -->","yoast_head_json":{"title":"Casal de Vi\u00e7osa que tomou quatro doses da vacina contra a Covid \u00e9 denunciado pelo MP | Marcelo Lopes","robots":{"index":"index","follow":"follow","max-snippet":"max-snippet:-1","max-image-preview":"max-image-preview:large","max-video-preview":"max-video-preview:-1"},"canonical":"https:\/\/marcelolopes.jor.br\/site\/2021\/09\/29\/casal-de-vicosa-que-tomou-quatro-doses-da-vacina-contra-a-covid-e-denunciado-pelo-mp\/","og_locale":"pt_BR","og_type":"article","og_title":"Casal de Vi\u00e7osa que tomou quatro doses da vacina contra a Covid \u00e9 denunciado pelo MP | Marcelo Lopes","og_description":"O Minist\u00e9rio P\u00fablico de Minas Gerais ofereceu Den\u00fancia contra um casal de empres\u00e1rios de Vi\u00e7osa que tomou duas doses extras e indevidas da vacina contra a Covid-19. Eles v\u00e3o responder pelo crime de estelionato e tamb\u00e9m podem ter que pagarLeia mais Casal de Vi\u00e7osa que tomou quatro doses da vacina contra a Covid \u00e9 denunciado pelo MP","og_url":"https:\/\/marcelolopes.jor.br\/site\/2021\/09\/29\/casal-de-vicosa-que-tomou-quatro-doses-da-vacina-contra-a-covid-e-denunciado-pelo-mp\/","og_site_name":"Marcelo Lopes","article_publisher":"https:\/\/www.facebook.com\/sitedomarcelolopes","article_published_time":"2021-09-29T23:00:02+00:00","og_image":[{"width":800,"height":505,"url":"https:\/\/marcelolopes.jor.br\/site\/wp-content\/uploads\/2021\/09\/MP-de-Vi\u00e7osa.jpg","type":"image\/jpeg"}],"author":"Marcelo Lopes","twitter_card":"summary_large_image","twitter_misc":{"Escrito por":"Marcelo Lopes","Est. tempo de leitura":"2 minutos"},"schema":{"@context":"https:\/\/schema.org","@graph":[{"@type":"NewsArticle","@id":"https:\/\/marcelolopes.jor.br\/site\/2021\/09\/29\/casal-de-vicosa-que-tomou-quatro-doses-da-vacina-contra-a-covid-e-denunciado-pelo-mp\/#article","isPartOf":{"@id":"https:\/\/marcelolopes.jor.br\/site\/2021\/09\/29\/casal-de-vicosa-que-tomou-quatro-doses-da-vacina-contra-a-covid-e-denunciado-pelo-mp\/"},"author":{"name":"Marcelo Lopes","@id":"https:\/\/marcelolopes.jor.br\/site\/#\/schema\/person\/3e7216a35c34d8fdf952b31da3d1f89f"},"headline":"Casal de Vi\u00e7osa que tomou quatro doses da vacina contra a Covid \u00e9 denunciado pelo MP","datePublished":"2021-09-29T23:00:02+00:00","mainEntityOfPage":{"@id":"https:\/\/marcelolopes.jor.br\/site\/2021\/09\/29\/casal-de-vicosa-que-tomou-quatro-doses-da-vacina-contra-a-covid-e-denunciado-pelo-mp\/"},"wordCount":399,"commentCount":0,"publisher":{"@id":"https:\/\/marcelolopes.jor.br\/site\/#organization"},"image":{"@id":"https:\/\/marcelolopes.jor.br\/site\/2021\/09\/29\/casal-de-vicosa-que-tomou-quatro-doses-da-vacina-contra-a-covid-e-denunciado-pelo-mp\/#primaryimage"},"thumbnailUrl":"https:\/\/marcelolopes.jor.br\/site\/wp-content\/uploads\/2021\/09\/MP-de-Vi\u00e7osa.jpg","keywords":["casal de Vi\u00e7osa","fraude na vacina\u00e7\u00e3o","MPMG","vacina a mais"],"articleSection":["Not\u00edcias"],"inLanguage":"pt-BR","potentialAction":[{"@type":"CommentAction","name":"Comment","target":["https:\/\/marcelolopes.jor.br\/site\/2021\/09\/29\/casal-de-vicosa-que-tomou-quatro-doses-da-vacina-contra-a-covid-e-denunciado-pelo-mp\/#respond"]}]},{"@type":"WebPage","@id":"https:\/\/marcelolopes.jor.br\/site\/2021\/09\/29\/casal-de-vicosa-que-tomou-quatro-doses-da-vacina-contra-a-covid-e-denunciado-pelo-mp\/","url":"https:\/\/marcelolopes.jor.br\/site\/2021\/09\/29\/casal-de-vicosa-que-tomou-quatro-doses-da-vacina-contra-a-covid-e-denunciado-pelo-mp\/","name":"Casal de Vi\u00e7osa que tomou quatro doses da vacina contra a Covid \u00e9 denunciado pelo MP | Marcelo Lopes","isPartOf":{"@id":"https:\/\/marcelolopes.jor.br\/site\/#website"},"primaryImageOfPage":{"@id":"https:\/\/marcelolopes.jor.br\/site\/2021\/09\/29\/casal-de-vicosa-que-tomou-quatro-doses-da-vacina-contra-a-covid-e-denunciado-pelo-mp\/#primaryimage"},"image":{"@id":"https:\/\/marcelolopes.jor.br\/site\/2021\/09\/29\/casal-de-vicosa-que-tomou-quatro-doses-da-vacina-contra-a-covid-e-denunciado-pelo-mp\/#primaryimage"},"thumbnailUrl":"https:\/\/marcelolopes.jor.br\/site\/wp-content\/uploads\/2021\/09\/MP-de-Vi\u00e7osa.jpg","datePublished":"2021-09-29T23:00:02+00:00","breadcrumb":{"@id":"https:\/\/marcelolopes.jor.br\/site\/2021\/09\/29\/casal-de-vicosa-que-tomou-quatro-doses-da-vacina-contra-a-covid-e-denunciado-pelo-mp\/#breadcrumb"},"inLanguage":"pt-BR","potentialAction":[{"@type":"ReadAction","target":["https:\/\/marcelolopes.jor.br\/site\/2021\/09\/29\/casal-de-vicosa-que-tomou-quatro-doses-da-vacina-contra-a-covid-e-denunciado-pelo-mp\/"]}]},{"@type":"ImageObject","inLanguage":"pt-BR","@id":"https:\/\/marcelolopes.jor.br\/site\/2021\/09\/29\/casal-de-vicosa-que-tomou-quatro-doses-da-vacina-contra-a-covid-e-denunciado-pelo-mp\/#primaryimage","url":"https:\/\/marcelolopes.jor.br\/site\/wp-content\/uploads\/2021\/09\/MP-de-Vi\u00e7osa.jpg","contentUrl":"https:\/\/marcelolopes.jor.br\/site\/wp-content\/uploads\/2021\/09\/MP-de-Vi\u00e7osa.jpg","width":800,"height":505},{"@type":"BreadcrumbList","@id":"https:\/\/marcelolopes.jor.br\/site\/2021\/09\/29\/casal-de-vicosa-que-tomou-quatro-doses-da-vacina-contra-a-covid-e-denunciado-pelo-mp\/#breadcrumb","itemListElement":[{"@type":"ListItem","position":1,"name":"Home","item":"https:\/\/marcelolopes.jor.br\/site\/"},{"@type":"ListItem","position":2,"name":"Casal de Vi\u00e7osa que tomou quatro doses da vacina contra a Covid \u00e9 denunciado pelo MP"}]},{"@type":"WebSite","@id":"https:\/\/marcelolopes.jor.br\/site\/#website","url":"https:\/\/marcelolopes.jor.br\/site\/","name":"Marcelo Lopes","description":"Not\u00edcias de Cataguases e Regi\u00e3o","publisher":{"@id":"https:\/\/marcelolopes.jor.br\/site\/#organization"},"potentialAction":[{"@type":"SearchAction","target":{"@type":"EntryPoint","urlTemplate":"https:\/\/marcelolopes.jor.br\/site\/?s={search_term_string}"},"query-input":{"@type":"PropertyValueSpecification","valueRequired":true,"valueName":"search_term_string"}}],"inLanguage":"pt-BR"},{"@type":"Organization","@id":"https:\/\/marcelolopes.jor.br\/site\/#organization","name":"Site do Marcelo Lopes","url":"https:\/\/marcelolopes.jor.br\/site\/","logo":{"@type":"ImageObject","inLanguage":"pt-BR","@id":"https:\/\/marcelolopes.jor.br\/site\/#\/schema\/logo\/image\/","url":"https:\/\/marcelolopes.jor.br\/site\/wp-content\/uploads\/2024\/11\/logo-1.png","contentUrl":"https:\/\/marcelolopes.jor.br\/site\/wp-content\/uploads\/2024\/11\/logo-1.png","width":475,"height":80,"caption":"Site do Marcelo Lopes"},"image":{"@id":"https:\/\/marcelolopes.jor.br\/site\/#\/schema\/logo\/image\/"},"sameAs":["https:\/\/www.facebook.com\/sitedomarcelolopes","https:\/\/www.instagram.com\/sitedomarcelolopes\/","https:\/\/www.linkedin.com\/company\/site-do-marcelo-lopes\/","https:\/\/www.youtube.com\/user\/marcelolopes957"]},{"@type":"Person","@id":"https:\/\/marcelolopes.jor.br\/site\/#\/schema\/person\/3e7216a35c34d8fdf952b31da3d1f89f","name":"Marcelo Lopes","sameAs":["http:\/\/www.marcelolopes.jor.br"],"url":"https:\/\/marcelolopes.jor.br\/site\/author\/marcelo\/"}]}},"wps_subtitle":"Promotoria quer indeniza\u00e7\u00e3o de R$ 1 milh\u00e3o ao casal por danos morais coletivos.","_links":{"self":[{"href":"https:\/\/marcelolopes.jor.br\/site\/wp-json\/wp\/v2\/posts\/27316","targetHints":{"allow":["GET"]}}],"collection":[{"href":"https:\/\/marcelolopes.jor.br\/site\/wp-json\/wp\/v2\/posts"}],"about":[{"href":"https:\/\/marcelolopes.jor.br\/site\/wp-json\/wp\/v2\/types\/post"}],"author":[{"embeddable":true,"href":"https:\/\/marcelolopes.jor.br\/site\/wp-json\/wp\/v2\/users\/2"}],"replies":[{"embeddable":true,"href":"https:\/\/marcelolopes.jor.br\/site\/wp-json\/wp\/v2\/comments?post=27316"}],"version-history":[{"count":0,"href":"https:\/\/marcelolopes.jor.br\/site\/wp-json\/wp\/v2\/posts\/27316\/revisions"}],"wp:featuredmedia":[{"embeddable":true,"href":"https:\/\/marcelolopes.jor.br\/site\/wp-json\/wp\/v2\/media\/27318"}],"wp:attachment":[{"href":"https:\/\/marcelolopes.jor.br\/site\/wp-json\/wp\/v2\/media?parent=27316"}],"wp:term":[{"taxonomy":"category","embeddable":true,"href":"https:\/\/marcelolopes.jor.br\/site\/wp-json\/wp\/v2\/categories?post=27316"},{"taxonomy":"post_tag","embeddable":true,"href":"https:\/\/marcelolopes.jor.br\/site\/wp-json\/wp\/v2\/tags?post=27316"}],"curies":[{"name":"wp","href":"https:\/\/api.w.org\/{rel}","templated":true}]}}