{"id":27152,"date":"2021-09-23T12:00:45","date_gmt":"2021-09-23T15:00:45","guid":{"rendered":"https:\/\/marcelolopes.jor.br\/?p=27152"},"modified":"2021-09-23T11:53:20","modified_gmt":"2021-09-23T14:53:20","slug":"banda-surfa-esta-na-final-do-festival-minas-music","status":"publish","type":"post","link":"https:\/\/marcelolopes.jor.br\/site\/2021\/09\/23\/banda-surfa-esta-na-final-do-festival-minas-music\/","title":{"rendered":"Banda Surfa est\u00e1 na final do Festival Minas Music"},"content":{"rendered":"<p style=\"text-align: justify;\">A banda Surfa, de Leopoldina, cuja forma\u00e7\u00e3o conta com m\u00fasicos de Cataguases e daquela cidade, est\u00e1 classificada para a final do Festival Minas Music que vai acontecer dia 2 de outubro, em Uberl\u00e2ndia. A realiza\u00e7\u00e3o \u00e9 da Viva Marketing Eventos e Cultura por meio da Lei Estadual de Incentivo \u00e0 Cultura de Minas Gerais.<!--more--><\/p>\n<p style=\"text-align: justify;\"><a href=\"http:\/\/www.agenciaram.com.br\"><img loading=\"lazy\" decoding=\"async\" class=\"aligncenter wp-image-26883 size-full\" src=\"https:\/\/marcelolopes.jor.br\/site\/wp-content\/uploads\/2021\/09\/Agencia-RAM-novo.jpg\" alt=\"\" width=\"800\" height=\"214\" srcset=\"https:\/\/marcelolopes.jor.br\/site\/wp-content\/uploads\/2021\/09\/Agencia-RAM-novo.jpg 800w, https:\/\/marcelolopes.jor.br\/site\/wp-content\/uploads\/2021\/09\/Agencia-RAM-novo-300x80.jpg 300w, https:\/\/marcelolopes.jor.br\/site\/wp-content\/uploads\/2021\/09\/Agencia-RAM-novo-768x205.jpg 768w\" sizes=\"auto, (max-width: 800px) 100vw, 800px\" \/><\/a>Cinco jurados foram os respons\u00e1veis pela seletiva do Minas Music. A supervisora de comunica\u00e7\u00e3o Ana Paula, o produtor art\u00edstico Daniel Lopes, o m\u00fasico e diretor t\u00e9cnico executivo Fl\u00e1vio Borges, o gestor e produtor cultural Marcelo Mamede e o produtor art\u00edstico Carlos Alberto Donancio Rodrigues Xaulim.<\/p>\n<p style=\"text-align: justify;\">Na \u00faltima semana de inscri\u00e7\u00f5es, o festival abriu espa\u00e7o para artistas e bandas de todo o pa\u00eds. Ant\u00f4nia Nunes, da Viva Marketing, realizadora do evento, afirma que a produ\u00e7\u00e3o recebeu com entusiasmo o volume de inscri\u00e7\u00f5es.\u00a0\u201cIsso mostra que acertamos nas mudan\u00e7as que fizemos no festival. Aumentamos a abrang\u00eancia, melhoramos a premia\u00e7\u00e3o e ampliamos o n\u00famero de artistas que receber\u00e3o algum tipo de pr\u00eamio de acordo com a classifica\u00e7\u00e3o que conseguiram\u201d, disse ela.<\/p>\n<p style=\"text-align: justify;\">A Surfa foi formada na reta final de 2016 a partir de um convite do baixista Ricardo Oliveira ao cantor Rodrigo Rosa para que tocassem com o baterista Tiago Viana em uma jam. Assim, surgiu a primeira configura\u00e7\u00e3o da banda, um trio compacto e harmonioso que trazia consigo influ\u00eancias do rock\u2019n\u2019roll, reggae, surf music e MPB. Em 2018, o amigo Murilo Gazola entrou para o projeto assumindo as linhas de guitarra e colocando sua assinatura no projeto.<\/p>\n<p><img loading=\"lazy\" decoding=\"async\" class=\"alignnone size-large\" src=\"https:\/\/www.ovigilanteonline.com.br\/site\/wp-content\/uploads\/2021\/09\/WhatsApp-Video-2021-09-22-at-16.37.23.mp4\" width=\"640\" height=\"640\" \/><\/p>\n<p style=\"text-align: justify;\">As oito bandas finalistas receber\u00e3o um cach\u00ea de R$ 1,5 mil e ajuda de custo de R$ 1,2 mil para grava\u00e7\u00e3o do material para a live, totalizando um pr\u00eamio de R$ 2.7 mil. As tr\u00eas melhores \u2013 escolhidas por j\u00fari especializado e com voto popular, que acrescentar\u00e1 pontua\u00e7\u00e3o para a mais votada pela internet. Dia 2 de outubro os shows ser\u00e3o transmitidos pelo canal do festival no YouTube onde j\u00e1 ser\u00e3o anunciadas as vencedoras que participar\u00e3o da live comemorativa do festival junto com os convidados Tico Santa Cruz, Beto Bruno e banda Venosa no dia 17 de outubro. Os pr\u00eamios para as tr\u00eas melhores s\u00e3o: 1\u00ba lugar R$ 7 mil, 2\u00ba lugar R$ 6 mil e 3\u00ba lugar R$ 5 mil.<\/p>\n<p style=\"text-align: justify;\">Se apresentam na final do dia 2 de outubro, no canal do YouTube do festival, artistas dos estados de Minas Gerais, S\u00e3o Paulo e Rio de Janeiro. Uberl\u00e2ndia tem duas representantes, Dado e Duda in The Sky. O time mineiro fecha com ETC, de Juiz de Fora, Nobat, de Belo Horizonte, Surfa, de Leopoldina e Help Rock, de Espera Feliz. S\u00e3o Paulo \u00e9 representado por Brasil in Conserto, de Jundia\u00ed, e o Rio de Janeiro pela banda Os Trutas, de Resende.<\/p>\n<p style=\"text-align: justify;\">Para assistir \u00e0s apresenta\u00e7\u00f5es da grande final \u00e9 s\u00f3 <a href=\"https:\/\/www.youtube.com\/channel\/UCZemwWwFFSTAk3hTOOaK3NQ\"><strong><span style=\"color: #800080;\">clicar aqui<\/span><\/strong><\/a>.<\/p>\n<div class=\"czdgc69f75bf8b8075\" ><br><\/div><style type=\"text\/css\">\r\n@media screen and (min-width: 1201px) {\r\n.czdgc69f75bf8b8075 {\r\ndisplay: block;\r\n}\r\n}\r\n@media screen and (min-width: 993px) and (max-width: 1200px) {\r\n.czdgc69f75bf8b8075 {\r\ndisplay: block;\r\n}\r\n}\r\n@media screen and (min-width: 769px) and (max-width: 992px) {\r\n.czdgc69f75bf8b8075 {\r\ndisplay: block;\r\n}\r\n}\r\n@media screen and (min-width: 768px) and (max-width: 768px) {\r\n.czdgc69f75bf8b8075 {\r\ndisplay: block;\r\n}\r\n}\r\n@media screen and (max-width: 767px) {\r\n.czdgc69f75bf8b8075 {\r\ndisplay: block;\r\n}\r\n}\r\n<\/style>\r\n<div class=\"sxluq69f75bf8beb09\" ><div id=\"div_destino\"><\/div>\r\n<script src=\"https:\/\/cdn.snsrsv.com\/sdk.js\"><\/script>\r\n<script >\r\n      new sdk(\"464030C30061EA8BE065000000000001\") \r\n          .appendTo(\"div_destino\")\r\n          .disableStyle(true) \r\n          .setCacheBusterMacro(\"%%CACHEBUSTER%%\")\r\n          .setSize(\"800\",\"214\")\r\n          .setClickMacro(\"%%CLICK_URL_ESC%%\") \r\n          .setReferrerUrlMacro(\"%%REFERRER_URL_ESC%%\") \r\n          .start(); \r\n<\/script><\/div><style type=\"text\/css\">\r\n@media screen and (min-width: 1201px) {\r\n.sxluq69f75bf8beb09 {\r\ndisplay: block;\r\n}\r\n}\r\n@media screen and (min-width: 993px) and (max-width: 1200px) {\r\n.sxluq69f75bf8beb09 {\r\ndisplay: block;\r\n}\r\n}\r\n@media screen and (min-width: 769px) and (max-width: 992px) {\r\n.sxluq69f75bf8beb09 {\r\ndisplay: block;\r\n}\r\n}\r\n@media screen and (min-width: 768px) and (max-width: 768px) {\r\n.sxluq69f75bf8beb09 {\r\ndisplay: block;\r\n}\r\n}\r\n@media screen and (max-width: 767px) {\r\n.sxluq69f75bf8beb09 {\r\ndisplay: block;\r\n}\r\n}\r\n<\/style>\r\n","protected":false},"excerpt":{"rendered":"<p>A banda Surfa, de Leopoldina, cuja forma\u00e7\u00e3o conta com m\u00fasicos de Cataguases e daquela cidade, est\u00e1 classificada para a final do Festival Minas Music que vai acontecer dia 2 de outubro, em Uberl\u00e2ndia. A realiza\u00e7\u00e3o \u00e9 da Viva Marketing Eventos<\/p>\n<p class=\"link-more\"><a class=\"more-link\" href=\"https:\/\/marcelolopes.jor.br\/site\/2021\/09\/23\/banda-surfa-esta-na-final-do-festival-minas-music\/\">Leia mais <span class=\"screen-reader-text\">Banda Surfa est\u00e1 na final do Festival Minas Music<\/span><\/a><\/p>\n","protected":false},"author":2,"featured_media":27154,"comment_status":"open","ping_status":"open","sticky":false,"template":"","format":"standard","meta":{"footnotes":""},"categories":[1],"tags":[3371,456,4745,4746],"class_list":["post-27152","post","type-post","status-publish","format-standard","has-post-thumbnail","hentry","category-noticias","tag-banda-de-rock","tag-banda-surfa","tag-festival-minas-music","tag-finalista","thumb-below-title"],"yoast_head":"<!-- This site is optimized with the Yoast SEO plugin v27.4 - https:\/\/yoast.com\/product\/yoast-seo-wordpress\/ -->\n<title>Banda Surfa est\u00e1 na final do Festival Minas Music | Marcelo Lopes<\/title>\n<meta name=\"robots\" content=\"index, follow, max-snippet:-1, max-image-preview:large, max-video-preview:-1\" \/>\n<link rel=\"canonical\" href=\"https:\/\/marcelolopes.jor.br\/site\/2021\/09\/23\/banda-surfa-esta-na-final-do-festival-minas-music\/\" \/>\n<meta property=\"og:locale\" content=\"pt_BR\" \/>\n<meta property=\"og:type\" content=\"article\" \/>\n<meta property=\"og:title\" content=\"Banda Surfa est\u00e1 na final do Festival Minas Music | Marcelo Lopes\" \/>\n<meta property=\"og:description\" content=\"A banda Surfa, de Leopoldina, cuja forma\u00e7\u00e3o conta com m\u00fasicos de Cataguases e daquela cidade, est\u00e1 classificada para a final do Festival Minas Music que vai acontecer dia 2 de outubro, em Uberl\u00e2ndia. A realiza\u00e7\u00e3o \u00e9 da Viva Marketing EventosLeia mais Banda Surfa est\u00e1 na final do Festival Minas Music\" \/>\n<meta property=\"og:url\" content=\"https:\/\/marcelolopes.jor.br\/site\/2021\/09\/23\/banda-surfa-esta-na-final-do-festival-minas-music\/\" \/>\n<meta property=\"og:site_name\" content=\"Marcelo Lopes\" \/>\n<meta property=\"article:publisher\" content=\"https:\/\/www.facebook.com\/sitedomarcelolopes\" \/>\n<meta property=\"article:published_time\" content=\"2021-09-23T15:00:45+00:00\" \/>\n<meta property=\"og:image\" content=\"https:\/\/marcelolopes.jor.br\/site\/wp-content\/uploads\/2021\/09\/banda-surfa-1080x600.jpeg\" \/>\n\t<meta property=\"og:image:width\" content=\"1080\" \/>\n\t<meta property=\"og:image:height\" content=\"600\" \/>\n\t<meta property=\"og:image:type\" content=\"image\/jpeg\" \/>\n<meta name=\"author\" content=\"Marcelo Lopes\" \/>\n<meta name=\"twitter:card\" content=\"summary_large_image\" \/>\n<meta name=\"twitter:label1\" content=\"Escrito por\" \/>\n\t<meta name=\"twitter:data1\" content=\"Marcelo Lopes\" \/>\n\t<meta name=\"twitter:label2\" content=\"Est. tempo de leitura\" \/>\n\t<meta name=\"twitter:data2\" content=\"2 minutos\" \/>\n<script type=\"application\/ld+json\" class=\"yoast-schema-graph\">{\"@context\":\"https:\\\/\\\/schema.org\",\"@graph\":[{\"@type\":\"NewsArticle\",\"@id\":\"https:\\\/\\\/marcelolopes.jor.br\\\/site\\\/2021\\\/09\\\/23\\\/banda-surfa-esta-na-final-do-festival-minas-music\\\/#article\",\"isPartOf\":{\"@id\":\"https:\\\/\\\/marcelolopes.jor.br\\\/site\\\/2021\\\/09\\\/23\\\/banda-surfa-esta-na-final-do-festival-minas-music\\\/\"},\"author\":{\"name\":\"Marcelo Lopes\",\"@id\":\"https:\\\/\\\/marcelolopes.jor.br\\\/site\\\/#\\\/schema\\\/person\\\/3e7216a35c34d8fdf952b31da3d1f89f\"},\"headline\":\"Banda Surfa est\u00e1 na final do Festival Minas Music\",\"datePublished\":\"2021-09-23T15:00:45+00:00\",\"mainEntityOfPage\":{\"@id\":\"https:\\\/\\\/marcelolopes.jor.br\\\/site\\\/2021\\\/09\\\/23\\\/banda-surfa-esta-na-final-do-festival-minas-music\\\/\"},\"wordCount\":495,\"commentCount\":0,\"publisher\":{\"@id\":\"https:\\\/\\\/marcelolopes.jor.br\\\/site\\\/#organization\"},\"image\":{\"@id\":\"https:\\\/\\\/marcelolopes.jor.br\\\/site\\\/2021\\\/09\\\/23\\\/banda-surfa-esta-na-final-do-festival-minas-music\\\/#primaryimage\"},\"thumbnailUrl\":\"https:\\\/\\\/marcelolopes.jor.br\\\/site\\\/wp-content\\\/uploads\\\/2021\\\/09\\\/banda-surfa-1080x600.jpeg\",\"keywords\":[\"banda de rock\",\"Banda Surfa\",\"Festival Minas Music\",\"finalista\"],\"articleSection\":[\"Not\u00edcias\"],\"inLanguage\":\"pt-BR\",\"potentialAction\":[{\"@type\":\"CommentAction\",\"name\":\"Comment\",\"target\":[\"https:\\\/\\\/marcelolopes.jor.br\\\/site\\\/2021\\\/09\\\/23\\\/banda-surfa-esta-na-final-do-festival-minas-music\\\/#respond\"]}]},{\"@type\":\"WebPage\",\"@id\":\"https:\\\/\\\/marcelolopes.jor.br\\\/site\\\/2021\\\/09\\\/23\\\/banda-surfa-esta-na-final-do-festival-minas-music\\\/\",\"url\":\"https:\\\/\\\/marcelolopes.jor.br\\\/site\\\/2021\\\/09\\\/23\\\/banda-surfa-esta-na-final-do-festival-minas-music\\\/\",\"name\":\"Banda Surfa est\u00e1 na final do Festival Minas Music | Marcelo Lopes\",\"isPartOf\":{\"@id\":\"https:\\\/\\\/marcelolopes.jor.br\\\/site\\\/#website\"},\"primaryImageOfPage\":{\"@id\":\"https:\\\/\\\/marcelolopes.jor.br\\\/site\\\/2021\\\/09\\\/23\\\/banda-surfa-esta-na-final-do-festival-minas-music\\\/#primaryimage\"},\"image\":{\"@id\":\"https:\\\/\\\/marcelolopes.jor.br\\\/site\\\/2021\\\/09\\\/23\\\/banda-surfa-esta-na-final-do-festival-minas-music\\\/#primaryimage\"},\"thumbnailUrl\":\"https:\\\/\\\/marcelolopes.jor.br\\\/site\\\/wp-content\\\/uploads\\\/2021\\\/09\\\/banda-surfa-1080x600.jpeg\",\"datePublished\":\"2021-09-23T15:00:45+00:00\",\"breadcrumb\":{\"@id\":\"https:\\\/\\\/marcelolopes.jor.br\\\/site\\\/2021\\\/09\\\/23\\\/banda-surfa-esta-na-final-do-festival-minas-music\\\/#breadcrumb\"},\"inLanguage\":\"pt-BR\",\"potentialAction\":[{\"@type\":\"ReadAction\",\"target\":[\"https:\\\/\\\/marcelolopes.jor.br\\\/site\\\/2021\\\/09\\\/23\\\/banda-surfa-esta-na-final-do-festival-minas-music\\\/\"]}]},{\"@type\":\"ImageObject\",\"inLanguage\":\"pt-BR\",\"@id\":\"https:\\\/\\\/marcelolopes.jor.br\\\/site\\\/2021\\\/09\\\/23\\\/banda-surfa-esta-na-final-do-festival-minas-music\\\/#primaryimage\",\"url\":\"https:\\\/\\\/marcelolopes.jor.br\\\/site\\\/wp-content\\\/uploads\\\/2021\\\/09\\\/banda-surfa-1080x600.jpeg\",\"contentUrl\":\"https:\\\/\\\/marcelolopes.jor.br\\\/site\\\/wp-content\\\/uploads\\\/2021\\\/09\\\/banda-surfa-1080x600.jpeg\",\"width\":1080,\"height\":600},{\"@type\":\"BreadcrumbList\",\"@id\":\"https:\\\/\\\/marcelolopes.jor.br\\\/site\\\/2021\\\/09\\\/23\\\/banda-surfa-esta-na-final-do-festival-minas-music\\\/#breadcrumb\",\"itemListElement\":[{\"@type\":\"ListItem\",\"position\":1,\"name\":\"Home\",\"item\":\"https:\\\/\\\/marcelolopes.jor.br\\\/site\\\/\"},{\"@type\":\"ListItem\",\"position\":2,\"name\":\"Banda Surfa est\u00e1 na final do Festival Minas Music\"}]},{\"@type\":\"WebSite\",\"@id\":\"https:\\\/\\\/marcelolopes.jor.br\\\/site\\\/#website\",\"url\":\"https:\\\/\\\/marcelolopes.jor.br\\\/site\\\/\",\"name\":\"Marcelo Lopes\",\"description\":\"Not\u00edcias de Cataguases e Regi\u00e3o\",\"publisher\":{\"@id\":\"https:\\\/\\\/marcelolopes.jor.br\\\/site\\\/#organization\"},\"potentialAction\":[{\"@type\":\"SearchAction\",\"target\":{\"@type\":\"EntryPoint\",\"urlTemplate\":\"https:\\\/\\\/marcelolopes.jor.br\\\/site\\\/?s={search_term_string}\"},\"query-input\":{\"@type\":\"PropertyValueSpecification\",\"valueRequired\":true,\"valueName\":\"search_term_string\"}}],\"inLanguage\":\"pt-BR\"},{\"@type\":\"Organization\",\"@id\":\"https:\\\/\\\/marcelolopes.jor.br\\\/site\\\/#organization\",\"name\":\"Site do Marcelo Lopes\",\"url\":\"https:\\\/\\\/marcelolopes.jor.br\\\/site\\\/\",\"logo\":{\"@type\":\"ImageObject\",\"inLanguage\":\"pt-BR\",\"@id\":\"https:\\\/\\\/marcelolopes.jor.br\\\/site\\\/#\\\/schema\\\/logo\\\/image\\\/\",\"url\":\"https:\\\/\\\/marcelolopes.jor.br\\\/site\\\/wp-content\\\/uploads\\\/2024\\\/11\\\/logo-1.png\",\"contentUrl\":\"https:\\\/\\\/marcelolopes.jor.br\\\/site\\\/wp-content\\\/uploads\\\/2024\\\/11\\\/logo-1.png\",\"width\":475,\"height\":80,\"caption\":\"Site do Marcelo Lopes\"},\"image\":{\"@id\":\"https:\\\/\\\/marcelolopes.jor.br\\\/site\\\/#\\\/schema\\\/logo\\\/image\\\/\"},\"sameAs\":[\"https:\\\/\\\/www.facebook.com\\\/sitedomarcelolopes\",\"https:\\\/\\\/www.instagram.com\\\/sitedomarcelolopes\\\/\",\"https:\\\/\\\/www.linkedin.com\\\/company\\\/site-do-marcelo-lopes\\\/\",\"https:\\\/\\\/www.youtube.com\\\/user\\\/marcelolopes957\"]},{\"@type\":\"Person\",\"@id\":\"https:\\\/\\\/marcelolopes.jor.br\\\/site\\\/#\\\/schema\\\/person\\\/3e7216a35c34d8fdf952b31da3d1f89f\",\"name\":\"Marcelo Lopes\",\"sameAs\":[\"http:\\\/\\\/www.marcelolopes.jor.br\"],\"url\":\"https:\\\/\\\/marcelolopes.jor.br\\\/site\\\/author\\\/marcelo\\\/\"}]}<\/script>\n<!-- \/ Yoast SEO plugin. -->","yoast_head_json":{"title":"Banda Surfa est\u00e1 na final do Festival Minas Music | Marcelo Lopes","robots":{"index":"index","follow":"follow","max-snippet":"max-snippet:-1","max-image-preview":"max-image-preview:large","max-video-preview":"max-video-preview:-1"},"canonical":"https:\/\/marcelolopes.jor.br\/site\/2021\/09\/23\/banda-surfa-esta-na-final-do-festival-minas-music\/","og_locale":"pt_BR","og_type":"article","og_title":"Banda Surfa est\u00e1 na final do Festival Minas Music | Marcelo Lopes","og_description":"A banda Surfa, de Leopoldina, cuja forma\u00e7\u00e3o conta com m\u00fasicos de Cataguases e daquela cidade, est\u00e1 classificada para a final do Festival Minas Music que vai acontecer dia 2 de outubro, em Uberl\u00e2ndia. A realiza\u00e7\u00e3o \u00e9 da Viva Marketing EventosLeia mais Banda Surfa est\u00e1 na final do Festival Minas Music","og_url":"https:\/\/marcelolopes.jor.br\/site\/2021\/09\/23\/banda-surfa-esta-na-final-do-festival-minas-music\/","og_site_name":"Marcelo Lopes","article_publisher":"https:\/\/www.facebook.com\/sitedomarcelolopes","article_published_time":"2021-09-23T15:00:45+00:00","og_image":[{"width":1080,"height":600,"url":"https:\/\/marcelolopes.jor.br\/site\/wp-content\/uploads\/2021\/09\/banda-surfa-1080x600.jpeg","type":"image\/jpeg"}],"author":"Marcelo Lopes","twitter_card":"summary_large_image","twitter_misc":{"Escrito por":"Marcelo Lopes","Est. tempo de leitura":"2 minutos"},"schema":{"@context":"https:\/\/schema.org","@graph":[{"@type":"NewsArticle","@id":"https:\/\/marcelolopes.jor.br\/site\/2021\/09\/23\/banda-surfa-esta-na-final-do-festival-minas-music\/#article","isPartOf":{"@id":"https:\/\/marcelolopes.jor.br\/site\/2021\/09\/23\/banda-surfa-esta-na-final-do-festival-minas-music\/"},"author":{"name":"Marcelo Lopes","@id":"https:\/\/marcelolopes.jor.br\/site\/#\/schema\/person\/3e7216a35c34d8fdf952b31da3d1f89f"},"headline":"Banda Surfa est\u00e1 na final do Festival Minas Music","datePublished":"2021-09-23T15:00:45+00:00","mainEntityOfPage":{"@id":"https:\/\/marcelolopes.jor.br\/site\/2021\/09\/23\/banda-surfa-esta-na-final-do-festival-minas-music\/"},"wordCount":495,"commentCount":0,"publisher":{"@id":"https:\/\/marcelolopes.jor.br\/site\/#organization"},"image":{"@id":"https:\/\/marcelolopes.jor.br\/site\/2021\/09\/23\/banda-surfa-esta-na-final-do-festival-minas-music\/#primaryimage"},"thumbnailUrl":"https:\/\/marcelolopes.jor.br\/site\/wp-content\/uploads\/2021\/09\/banda-surfa-1080x600.jpeg","keywords":["banda de rock","Banda Surfa","Festival Minas Music","finalista"],"articleSection":["Not\u00edcias"],"inLanguage":"pt-BR","potentialAction":[{"@type":"CommentAction","name":"Comment","target":["https:\/\/marcelolopes.jor.br\/site\/2021\/09\/23\/banda-surfa-esta-na-final-do-festival-minas-music\/#respond"]}]},{"@type":"WebPage","@id":"https:\/\/marcelolopes.jor.br\/site\/2021\/09\/23\/banda-surfa-esta-na-final-do-festival-minas-music\/","url":"https:\/\/marcelolopes.jor.br\/site\/2021\/09\/23\/banda-surfa-esta-na-final-do-festival-minas-music\/","name":"Banda Surfa est\u00e1 na final do Festival Minas Music | Marcelo Lopes","isPartOf":{"@id":"https:\/\/marcelolopes.jor.br\/site\/#website"},"primaryImageOfPage":{"@id":"https:\/\/marcelolopes.jor.br\/site\/2021\/09\/23\/banda-surfa-esta-na-final-do-festival-minas-music\/#primaryimage"},"image":{"@id":"https:\/\/marcelolopes.jor.br\/site\/2021\/09\/23\/banda-surfa-esta-na-final-do-festival-minas-music\/#primaryimage"},"thumbnailUrl":"https:\/\/marcelolopes.jor.br\/site\/wp-content\/uploads\/2021\/09\/banda-surfa-1080x600.jpeg","datePublished":"2021-09-23T15:00:45+00:00","breadcrumb":{"@id":"https:\/\/marcelolopes.jor.br\/site\/2021\/09\/23\/banda-surfa-esta-na-final-do-festival-minas-music\/#breadcrumb"},"inLanguage":"pt-BR","potentialAction":[{"@type":"ReadAction","target":["https:\/\/marcelolopes.jor.br\/site\/2021\/09\/23\/banda-surfa-esta-na-final-do-festival-minas-music\/"]}]},{"@type":"ImageObject","inLanguage":"pt-BR","@id":"https:\/\/marcelolopes.jor.br\/site\/2021\/09\/23\/banda-surfa-esta-na-final-do-festival-minas-music\/#primaryimage","url":"https:\/\/marcelolopes.jor.br\/site\/wp-content\/uploads\/2021\/09\/banda-surfa-1080x600.jpeg","contentUrl":"https:\/\/marcelolopes.jor.br\/site\/wp-content\/uploads\/2021\/09\/banda-surfa-1080x600.jpeg","width":1080,"height":600},{"@type":"BreadcrumbList","@id":"https:\/\/marcelolopes.jor.br\/site\/2021\/09\/23\/banda-surfa-esta-na-final-do-festival-minas-music\/#breadcrumb","itemListElement":[{"@type":"ListItem","position":1,"name":"Home","item":"https:\/\/marcelolopes.jor.br\/site\/"},{"@type":"ListItem","position":2,"name":"Banda Surfa est\u00e1 na final do Festival Minas Music"}]},{"@type":"WebSite","@id":"https:\/\/marcelolopes.jor.br\/site\/#website","url":"https:\/\/marcelolopes.jor.br\/site\/","name":"Marcelo Lopes","description":"Not\u00edcias de Cataguases e Regi\u00e3o","publisher":{"@id":"https:\/\/marcelolopes.jor.br\/site\/#organization"},"potentialAction":[{"@type":"SearchAction","target":{"@type":"EntryPoint","urlTemplate":"https:\/\/marcelolopes.jor.br\/site\/?s={search_term_string}"},"query-input":{"@type":"PropertyValueSpecification","valueRequired":true,"valueName":"search_term_string"}}],"inLanguage":"pt-BR"},{"@type":"Organization","@id":"https:\/\/marcelolopes.jor.br\/site\/#organization","name":"Site do Marcelo Lopes","url":"https:\/\/marcelolopes.jor.br\/site\/","logo":{"@type":"ImageObject","inLanguage":"pt-BR","@id":"https:\/\/marcelolopes.jor.br\/site\/#\/schema\/logo\/image\/","url":"https:\/\/marcelolopes.jor.br\/site\/wp-content\/uploads\/2024\/11\/logo-1.png","contentUrl":"https:\/\/marcelolopes.jor.br\/site\/wp-content\/uploads\/2024\/11\/logo-1.png","width":475,"height":80,"caption":"Site do Marcelo Lopes"},"image":{"@id":"https:\/\/marcelolopes.jor.br\/site\/#\/schema\/logo\/image\/"},"sameAs":["https:\/\/www.facebook.com\/sitedomarcelolopes","https:\/\/www.instagram.com\/sitedomarcelolopes\/","https:\/\/www.linkedin.com\/company\/site-do-marcelo-lopes\/","https:\/\/www.youtube.com\/user\/marcelolopes957"]},{"@type":"Person","@id":"https:\/\/marcelolopes.jor.br\/site\/#\/schema\/person\/3e7216a35c34d8fdf952b31da3d1f89f","name":"Marcelo Lopes","sameAs":["http:\/\/www.marcelolopes.jor.br"],"url":"https:\/\/marcelolopes.jor.br\/site\/author\/marcelo\/"}]}},"wps_subtitle":"Ela \u00e9 formada por integrantes de Leopoldina e Cataguases.","_links":{"self":[{"href":"https:\/\/marcelolopes.jor.br\/site\/wp-json\/wp\/v2\/posts\/27152","targetHints":{"allow":["GET"]}}],"collection":[{"href":"https:\/\/marcelolopes.jor.br\/site\/wp-json\/wp\/v2\/posts"}],"about":[{"href":"https:\/\/marcelolopes.jor.br\/site\/wp-json\/wp\/v2\/types\/post"}],"author":[{"embeddable":true,"href":"https:\/\/marcelolopes.jor.br\/site\/wp-json\/wp\/v2\/users\/2"}],"replies":[{"embeddable":true,"href":"https:\/\/marcelolopes.jor.br\/site\/wp-json\/wp\/v2\/comments?post=27152"}],"version-history":[{"count":0,"href":"https:\/\/marcelolopes.jor.br\/site\/wp-json\/wp\/v2\/posts\/27152\/revisions"}],"wp:featuredmedia":[{"embeddable":true,"href":"https:\/\/marcelolopes.jor.br\/site\/wp-json\/wp\/v2\/media\/27154"}],"wp:attachment":[{"href":"https:\/\/marcelolopes.jor.br\/site\/wp-json\/wp\/v2\/media?parent=27152"}],"wp:term":[{"taxonomy":"category","embeddable":true,"href":"https:\/\/marcelolopes.jor.br\/site\/wp-json\/wp\/v2\/categories?post=27152"},{"taxonomy":"post_tag","embeddable":true,"href":"https:\/\/marcelolopes.jor.br\/site\/wp-json\/wp\/v2\/tags?post=27152"}],"curies":[{"name":"wp","href":"https:\/\/api.w.org\/{rel}","templated":true}]}}