{"id":27030,"date":"2021-09-18T12:00:47","date_gmt":"2021-09-18T15:00:47","guid":{"rendered":"https:\/\/marcelolopes.jor.br\/?p=27030"},"modified":"2021-09-18T11:25:14","modified_gmt":"2021-09-18T14:25:14","slug":"dia-mundial-da-limpeza-mobiliza-voluntarios-na-manha-deste-sabado","status":"publish","type":"post","link":"https:\/\/marcelolopes.jor.br\/site\/2021\/09\/18\/dia-mundial-da-limpeza-mobiliza-voluntarios-na-manha-deste-sabado\/","title":{"rendered":"Dia Mundial da Limpeza mobiliza volunt\u00e1rios na manh\u00e3 deste s\u00e1bado"},"content":{"rendered":"<p style=\"text-align: justify;\">Neste s\u00e1bado, 18 de setembro, em muitos pa\u00edses do mundo est\u00e1 sendo celebrado o Dia Mundial da Limpeza. E Cataguases aderiu ao movimento que cresce a cada ano visando tornar o planeta mais limpo e sustent\u00e1vel, por meio do recolhimento de tudo que \u00e9 recicl\u00e1vel, inclusive \u00f3leo de cozinha usado, al\u00e9m de enviar a mensagem de preserva\u00e7\u00e3o ambiental. Todo o material ser\u00e1 destinado \u00e0s entidades catadoras de materiais recicl\u00e1veis do munic\u00edpio ASCATAG e ASCARGECAT que tamb\u00e9m est\u00e3o participando do movimento.<!--more--><\/p>\n<p style=\"text-align: justify;\"><a href=\"http:\/\/www.agenciaram.com.br\"><img loading=\"lazy\" decoding=\"async\" class=\"aligncenter wp-image-26883 size-full\" src=\"https:\/\/marcelolopes.jor.br\/site\/wp-content\/uploads\/2021\/09\/Agencia-RAM-novo.jpg\" alt=\"\" width=\"800\" height=\"214\" srcset=\"https:\/\/marcelolopes.jor.br\/site\/wp-content\/uploads\/2021\/09\/Agencia-RAM-novo.jpg 800w, https:\/\/marcelolopes.jor.br\/site\/wp-content\/uploads\/2021\/09\/Agencia-RAM-novo-300x80.jpg 300w, https:\/\/marcelolopes.jor.br\/site\/wp-content\/uploads\/2021\/09\/Agencia-RAM-novo-768x205.jpg 768w\" sizes=\"auto, (max-width: 800px) 100vw, 800px\" \/><\/a>Mais de 140 pessoas, todas volunt\u00e1rias, participam do projeto que \u00e9 organizado por La\u00eds Abadias, Michelle Lacerda, Priscila Rios Penha, Maria Eduarda Benevenute, Tatiana Miranda, Amanda Trotta, Fernanda Sousa, L\u00e9o Amaral, Thiago Pinheiro Nunes e Douglas Maldonado, al\u00e9m do apoio da Prefeitura de Cataguases atrav\u00e9s das Secretaria Municipal de Agricultura e Meio Ambiente e a de Servi\u00e7os Urbanos. No meio desta manh\u00e3, o volume de material recolhido das ruas ou entregue voluntariamente pela popula\u00e7\u00e3o, j\u00e1 chamava a aten\u00e7\u00e3o, mas um balan\u00e7o final s\u00f3 deve ser conhecido na segunda-feira, conforme proje\u00e7\u00e3o dos organizadores.<\/p>\n<p style=\"text-align: justify;\">O Dia Mundial da Limpeza \u00e9 um movimento c\u00edvico que une 180 pa\u00edses e milh\u00f5es de pessoas em todo o mundo para limpar o planeta em um \u00fanico dia. No Brasil o evento acontece pelo quarto ano consecutivo. Desde 2018, 50 milh\u00f5es de pessoas sa\u00edram e limparam suas cidades, rios e comunidades dos res\u00edduos. A meta para este ano \u00e9 dobrar o n\u00famero de participantes, segundo revela o Instituto Limpa Brasil, entidade sem fins lucrativos que atua no Brasil como parceira do projeto global Let\u2019s do It que, mundialmente, est\u00e1 \u00e0 frente desta iniciativa.<\/p>\n<p><img loading=\"lazy\" decoding=\"async\" class=\"aligncenter wp-image-27032\" src=\"https:\/\/marcelolopes.jor.br\/site\/wp-content\/uploads\/2021\/09\/IMG_9813.jpeg\" alt=\"\" width=\"700\" height=\"394\" srcset=\"https:\/\/marcelolopes.jor.br\/site\/wp-content\/uploads\/2021\/09\/IMG_9813.jpeg 800w, https:\/\/marcelolopes.jor.br\/site\/wp-content\/uploads\/2021\/09\/IMG_9813-300x169.jpeg 300w, https:\/\/marcelolopes.jor.br\/site\/wp-content\/uploads\/2021\/09\/IMG_9813-768x432.jpeg 768w\" sizes=\"auto, (max-width: 700px) 100vw, 700px\" \/><\/p>\n<p><img loading=\"lazy\" decoding=\"async\" class=\"aligncenter wp-image-27033\" src=\"https:\/\/marcelolopes.jor.br\/site\/wp-content\/uploads\/2021\/09\/87ff6982-cc56-45fb-b2a4-4200d368831a-1024x768.jpg\" alt=\"\" width=\"700\" height=\"525\" srcset=\"https:\/\/marcelolopes.jor.br\/site\/wp-content\/uploads\/2021\/09\/87ff6982-cc56-45fb-b2a4-4200d368831a-1024x768.jpg 1024w, https:\/\/marcelolopes.jor.br\/site\/wp-content\/uploads\/2021\/09\/87ff6982-cc56-45fb-b2a4-4200d368831a-300x225.jpg 300w, https:\/\/marcelolopes.jor.br\/site\/wp-content\/uploads\/2021\/09\/87ff6982-cc56-45fb-b2a4-4200d368831a-768x576.jpg 768w, https:\/\/marcelolopes.jor.br\/site\/wp-content\/uploads\/2021\/09\/87ff6982-cc56-45fb-b2a4-4200d368831a-1200x900.jpg 1200w, https:\/\/marcelolopes.jor.br\/site\/wp-content\/uploads\/2021\/09\/87ff6982-cc56-45fb-b2a4-4200d368831a-320x240.jpg 320w, https:\/\/marcelolopes.jor.br\/site\/wp-content\/uploads\/2021\/09\/87ff6982-cc56-45fb-b2a4-4200d368831a.jpg 1600w\" sizes=\"auto, (max-width: 700px) 100vw, 700px\" \/><\/p>\n<p><img loading=\"lazy\" decoding=\"async\" class=\"aligncenter wp-image-27034\" src=\"https:\/\/marcelolopes.jor.br\/site\/wp-content\/uploads\/2021\/09\/IMG_9819.jpeg\" alt=\"\" width=\"700\" height=\"394\" srcset=\"https:\/\/marcelolopes.jor.br\/site\/wp-content\/uploads\/2021\/09\/IMG_9819.jpeg 800w, https:\/\/marcelolopes.jor.br\/site\/wp-content\/uploads\/2021\/09\/IMG_9819-300x169.jpeg 300w, https:\/\/marcelolopes.jor.br\/site\/wp-content\/uploads\/2021\/09\/IMG_9819-768x432.jpeg 768w\" sizes=\"auto, (max-width: 700px) 100vw, 700px\" \/><\/p>\n<p style=\"text-align: justify;\">*Com informa\u00e7\u00f5es do Instituto Limpa Brasil<\/p>\n<div class=\"xajgv69f7022aec6d3\" ><br><\/div><style type=\"text\/css\">\r\n@media screen and (min-width: 1201px) {\r\n.xajgv69f7022aec6d3 {\r\ndisplay: block;\r\n}\r\n}\r\n@media screen and (min-width: 993px) and (max-width: 1200px) {\r\n.xajgv69f7022aec6d3 {\r\ndisplay: block;\r\n}\r\n}\r\n@media screen and (min-width: 769px) and (max-width: 992px) {\r\n.xajgv69f7022aec6d3 {\r\ndisplay: block;\r\n}\r\n}\r\n@media screen and (min-width: 768px) and (max-width: 768px) {\r\n.xajgv69f7022aec6d3 {\r\ndisplay: block;\r\n}\r\n}\r\n@media screen and (max-width: 767px) {\r\n.xajgv69f7022aec6d3 {\r\ndisplay: block;\r\n}\r\n}\r\n<\/style>\r\n<div class=\"jwypy69f7022af1bd7\" ><div id=\"div_destino\"><\/div>\r\n<script src=\"https:\/\/cdn.snsrsv.com\/sdk.js\"><\/script>\r\n<script >\r\n      new sdk(\"464030C30061EA8BE065000000000001\") \r\n          .appendTo(\"div_destino\")\r\n          .disableStyle(true) \r\n          .setCacheBusterMacro(\"%%CACHEBUSTER%%\")\r\n          .setSize(\"800\",\"214\")\r\n          .setClickMacro(\"%%CLICK_URL_ESC%%\") \r\n          .setReferrerUrlMacro(\"%%REFERRER_URL_ESC%%\") \r\n          .start(); \r\n<\/script><\/div><style type=\"text\/css\">\r\n@media screen and (min-width: 1201px) {\r\n.jwypy69f7022af1bd7 {\r\ndisplay: block;\r\n}\r\n}\r\n@media screen and (min-width: 993px) and (max-width: 1200px) {\r\n.jwypy69f7022af1bd7 {\r\ndisplay: block;\r\n}\r\n}\r\n@media screen and (min-width: 769px) and (max-width: 992px) {\r\n.jwypy69f7022af1bd7 {\r\ndisplay: block;\r\n}\r\n}\r\n@media screen and (min-width: 768px) and (max-width: 768px) {\r\n.jwypy69f7022af1bd7 {\r\ndisplay: block;\r\n}\r\n}\r\n@media screen and (max-width: 767px) {\r\n.jwypy69f7022af1bd7 {\r\ndisplay: block;\r\n}\r\n}\r\n<\/style>\r\n","protected":false},"excerpt":{"rendered":"<p>Neste s\u00e1bado, 18 de setembro, em muitos pa\u00edses do mundo est\u00e1 sendo celebrado o Dia Mundial da Limpeza. E Cataguases aderiu ao movimento que cresce a cada ano visando tornar o planeta mais limpo e sustent\u00e1vel, por meio do recolhimento<\/p>\n<p class=\"link-more\"><a class=\"more-link\" href=\"https:\/\/marcelolopes.jor.br\/site\/2021\/09\/18\/dia-mundial-da-limpeza-mobiliza-voluntarios-na-manha-deste-sabado\/\">Leia mais <span class=\"screen-reader-text\">Dia Mundial da Limpeza mobiliza volunt\u00e1rios na manh\u00e3 deste s\u00e1bado<\/span><\/a><\/p>\n","protected":false},"author":2,"featured_media":27035,"comment_status":"open","ping_status":"open","sticky":false,"template":"","format":"standard","meta":{"footnotes":""},"categories":[1],"tags":[4571,4713,3884,4712],"class_list":["post-27030","post","type-post","status-publish","format-standard","has-post-thumbnail","hentry","category-noticias","tag-dia-mundial-da-limpeza","tag-planeta-sustentavel","tag-preservacao-ambiental","tag-voluntarios","thumb-below-title"],"yoast_head":"<!-- This site is optimized with the Yoast SEO plugin v27.4 - https:\/\/yoast.com\/product\/yoast-seo-wordpress\/ -->\n<title>Dia Mundial da Limpeza mobiliza volunt\u00e1rios na manh\u00e3 deste s\u00e1bado | Marcelo Lopes<\/title>\n<meta name=\"robots\" content=\"index, follow, max-snippet:-1, max-image-preview:large, max-video-preview:-1\" \/>\n<link rel=\"canonical\" href=\"https:\/\/marcelolopes.jor.br\/site\/2021\/09\/18\/dia-mundial-da-limpeza-mobiliza-voluntarios-na-manha-deste-sabado\/\" \/>\n<meta property=\"og:locale\" content=\"pt_BR\" \/>\n<meta property=\"og:type\" content=\"article\" \/>\n<meta property=\"og:title\" content=\"Dia Mundial da Limpeza mobiliza volunt\u00e1rios na manh\u00e3 deste s\u00e1bado | Marcelo Lopes\" \/>\n<meta property=\"og:description\" content=\"Neste s\u00e1bado, 18 de setembro, em muitos pa\u00edses do mundo est\u00e1 sendo celebrado o Dia Mundial da Limpeza. E Cataguases aderiu ao movimento que cresce a cada ano visando tornar o planeta mais limpo e sustent\u00e1vel, por meio do recolhimentoLeia mais Dia Mundial da Limpeza mobiliza volunt\u00e1rios na manh\u00e3 deste s\u00e1bado\" \/>\n<meta property=\"og:url\" content=\"https:\/\/marcelolopes.jor.br\/site\/2021\/09\/18\/dia-mundial-da-limpeza-mobiliza-voluntarios-na-manha-deste-sabado\/\" \/>\n<meta property=\"og:site_name\" content=\"Marcelo Lopes\" \/>\n<meta property=\"article:publisher\" content=\"https:\/\/www.facebook.com\/sitedomarcelolopes\" \/>\n<meta property=\"article:published_time\" content=\"2021-09-18T15:00:47+00:00\" \/>\n<meta property=\"og:image\" content=\"https:\/\/marcelolopes.jor.br\/site\/wp-content\/uploads\/2021\/09\/IMG_9823.jpeg\" \/>\n\t<meta property=\"og:image:width\" content=\"800\" \/>\n\t<meta property=\"og:image:height\" content=\"450\" \/>\n\t<meta property=\"og:image:type\" content=\"image\/jpeg\" \/>\n<meta name=\"author\" content=\"Marcelo Lopes\" \/>\n<meta name=\"twitter:card\" content=\"summary_large_image\" \/>\n<meta name=\"twitter:label1\" content=\"Escrito por\" \/>\n\t<meta name=\"twitter:data1\" content=\"Marcelo Lopes\" \/>\n\t<meta name=\"twitter:label2\" content=\"Est. tempo de leitura\" \/>\n\t<meta name=\"twitter:data2\" content=\"1 minuto\" \/>\n<script type=\"application\/ld+json\" class=\"yoast-schema-graph\">{\"@context\":\"https:\\\/\\\/schema.org\",\"@graph\":[{\"@type\":\"NewsArticle\",\"@id\":\"https:\\\/\\\/marcelolopes.jor.br\\\/site\\\/2021\\\/09\\\/18\\\/dia-mundial-da-limpeza-mobiliza-voluntarios-na-manha-deste-sabado\\\/#article\",\"isPartOf\":{\"@id\":\"https:\\\/\\\/marcelolopes.jor.br\\\/site\\\/2021\\\/09\\\/18\\\/dia-mundial-da-limpeza-mobiliza-voluntarios-na-manha-deste-sabado\\\/\"},\"author\":{\"name\":\"Marcelo Lopes\",\"@id\":\"https:\\\/\\\/marcelolopes.jor.br\\\/site\\\/#\\\/schema\\\/person\\\/3e7216a35c34d8fdf952b31da3d1f89f\"},\"headline\":\"Dia Mundial da Limpeza mobiliza volunt\u00e1rios na manh\u00e3 deste s\u00e1bado\",\"datePublished\":\"2021-09-18T15:00:47+00:00\",\"mainEntityOfPage\":{\"@id\":\"https:\\\/\\\/marcelolopes.jor.br\\\/site\\\/2021\\\/09\\\/18\\\/dia-mundial-da-limpeza-mobiliza-voluntarios-na-manha-deste-sabado\\\/\"},\"wordCount\":303,\"commentCount\":0,\"publisher\":{\"@id\":\"https:\\\/\\\/marcelolopes.jor.br\\\/site\\\/#organization\"},\"image\":{\"@id\":\"https:\\\/\\\/marcelolopes.jor.br\\\/site\\\/2021\\\/09\\\/18\\\/dia-mundial-da-limpeza-mobiliza-voluntarios-na-manha-deste-sabado\\\/#primaryimage\"},\"thumbnailUrl\":\"https:\\\/\\\/marcelolopes.jor.br\\\/site\\\/wp-content\\\/uploads\\\/2021\\\/09\\\/IMG_9823.jpeg\",\"keywords\":[\"Dia Mundial da Limpeza\",\"planeta sustent\u00e1vel\",\"preserva\u00e7\u00e3o ambiental\",\"volunt\u00e1rios\"],\"articleSection\":[\"Not\u00edcias\"],\"inLanguage\":\"pt-BR\",\"potentialAction\":[{\"@type\":\"CommentAction\",\"name\":\"Comment\",\"target\":[\"https:\\\/\\\/marcelolopes.jor.br\\\/site\\\/2021\\\/09\\\/18\\\/dia-mundial-da-limpeza-mobiliza-voluntarios-na-manha-deste-sabado\\\/#respond\"]}]},{\"@type\":\"WebPage\",\"@id\":\"https:\\\/\\\/marcelolopes.jor.br\\\/site\\\/2021\\\/09\\\/18\\\/dia-mundial-da-limpeza-mobiliza-voluntarios-na-manha-deste-sabado\\\/\",\"url\":\"https:\\\/\\\/marcelolopes.jor.br\\\/site\\\/2021\\\/09\\\/18\\\/dia-mundial-da-limpeza-mobiliza-voluntarios-na-manha-deste-sabado\\\/\",\"name\":\"Dia Mundial da Limpeza mobiliza volunt\u00e1rios na manh\u00e3 deste s\u00e1bado | Marcelo Lopes\",\"isPartOf\":{\"@id\":\"https:\\\/\\\/marcelolopes.jor.br\\\/site\\\/#website\"},\"primaryImageOfPage\":{\"@id\":\"https:\\\/\\\/marcelolopes.jor.br\\\/site\\\/2021\\\/09\\\/18\\\/dia-mundial-da-limpeza-mobiliza-voluntarios-na-manha-deste-sabado\\\/#primaryimage\"},\"image\":{\"@id\":\"https:\\\/\\\/marcelolopes.jor.br\\\/site\\\/2021\\\/09\\\/18\\\/dia-mundial-da-limpeza-mobiliza-voluntarios-na-manha-deste-sabado\\\/#primaryimage\"},\"thumbnailUrl\":\"https:\\\/\\\/marcelolopes.jor.br\\\/site\\\/wp-content\\\/uploads\\\/2021\\\/09\\\/IMG_9823.jpeg\",\"datePublished\":\"2021-09-18T15:00:47+00:00\",\"breadcrumb\":{\"@id\":\"https:\\\/\\\/marcelolopes.jor.br\\\/site\\\/2021\\\/09\\\/18\\\/dia-mundial-da-limpeza-mobiliza-voluntarios-na-manha-deste-sabado\\\/#breadcrumb\"},\"inLanguage\":\"pt-BR\",\"potentialAction\":[{\"@type\":\"ReadAction\",\"target\":[\"https:\\\/\\\/marcelolopes.jor.br\\\/site\\\/2021\\\/09\\\/18\\\/dia-mundial-da-limpeza-mobiliza-voluntarios-na-manha-deste-sabado\\\/\"]}]},{\"@type\":\"ImageObject\",\"inLanguage\":\"pt-BR\",\"@id\":\"https:\\\/\\\/marcelolopes.jor.br\\\/site\\\/2021\\\/09\\\/18\\\/dia-mundial-da-limpeza-mobiliza-voluntarios-na-manha-deste-sabado\\\/#primaryimage\",\"url\":\"https:\\\/\\\/marcelolopes.jor.br\\\/site\\\/wp-content\\\/uploads\\\/2021\\\/09\\\/IMG_9823.jpeg\",\"contentUrl\":\"https:\\\/\\\/marcelolopes.jor.br\\\/site\\\/wp-content\\\/uploads\\\/2021\\\/09\\\/IMG_9823.jpeg\",\"width\":800,\"height\":450},{\"@type\":\"BreadcrumbList\",\"@id\":\"https:\\\/\\\/marcelolopes.jor.br\\\/site\\\/2021\\\/09\\\/18\\\/dia-mundial-da-limpeza-mobiliza-voluntarios-na-manha-deste-sabado\\\/#breadcrumb\",\"itemListElement\":[{\"@type\":\"ListItem\",\"position\":1,\"name\":\"Home\",\"item\":\"https:\\\/\\\/marcelolopes.jor.br\\\/site\\\/\"},{\"@type\":\"ListItem\",\"position\":2,\"name\":\"Dia Mundial da Limpeza mobiliza volunt\u00e1rios na manh\u00e3 deste s\u00e1bado\"}]},{\"@type\":\"WebSite\",\"@id\":\"https:\\\/\\\/marcelolopes.jor.br\\\/site\\\/#website\",\"url\":\"https:\\\/\\\/marcelolopes.jor.br\\\/site\\\/\",\"name\":\"Marcelo Lopes\",\"description\":\"Not\u00edcias de Cataguases e Regi\u00e3o\",\"publisher\":{\"@id\":\"https:\\\/\\\/marcelolopes.jor.br\\\/site\\\/#organization\"},\"potentialAction\":[{\"@type\":\"SearchAction\",\"target\":{\"@type\":\"EntryPoint\",\"urlTemplate\":\"https:\\\/\\\/marcelolopes.jor.br\\\/site\\\/?s={search_term_string}\"},\"query-input\":{\"@type\":\"PropertyValueSpecification\",\"valueRequired\":true,\"valueName\":\"search_term_string\"}}],\"inLanguage\":\"pt-BR\"},{\"@type\":\"Organization\",\"@id\":\"https:\\\/\\\/marcelolopes.jor.br\\\/site\\\/#organization\",\"name\":\"Site do Marcelo Lopes\",\"url\":\"https:\\\/\\\/marcelolopes.jor.br\\\/site\\\/\",\"logo\":{\"@type\":\"ImageObject\",\"inLanguage\":\"pt-BR\",\"@id\":\"https:\\\/\\\/marcelolopes.jor.br\\\/site\\\/#\\\/schema\\\/logo\\\/image\\\/\",\"url\":\"https:\\\/\\\/marcelolopes.jor.br\\\/site\\\/wp-content\\\/uploads\\\/2024\\\/11\\\/logo-1.png\",\"contentUrl\":\"https:\\\/\\\/marcelolopes.jor.br\\\/site\\\/wp-content\\\/uploads\\\/2024\\\/11\\\/logo-1.png\",\"width\":475,\"height\":80,\"caption\":\"Site do Marcelo Lopes\"},\"image\":{\"@id\":\"https:\\\/\\\/marcelolopes.jor.br\\\/site\\\/#\\\/schema\\\/logo\\\/image\\\/\"},\"sameAs\":[\"https:\\\/\\\/www.facebook.com\\\/sitedomarcelolopes\",\"https:\\\/\\\/www.instagram.com\\\/sitedomarcelolopes\\\/\",\"https:\\\/\\\/www.linkedin.com\\\/company\\\/site-do-marcelo-lopes\\\/\",\"https:\\\/\\\/www.youtube.com\\\/user\\\/marcelolopes957\"]},{\"@type\":\"Person\",\"@id\":\"https:\\\/\\\/marcelolopes.jor.br\\\/site\\\/#\\\/schema\\\/person\\\/3e7216a35c34d8fdf952b31da3d1f89f\",\"name\":\"Marcelo Lopes\",\"sameAs\":[\"http:\\\/\\\/www.marcelolopes.jor.br\"],\"url\":\"https:\\\/\\\/marcelolopes.jor.br\\\/site\\\/author\\\/marcelo\\\/\"}]}<\/script>\n<!-- \/ Yoast SEO plugin. -->","yoast_head_json":{"title":"Dia Mundial da Limpeza mobiliza volunt\u00e1rios na manh\u00e3 deste s\u00e1bado | Marcelo Lopes","robots":{"index":"index","follow":"follow","max-snippet":"max-snippet:-1","max-image-preview":"max-image-preview:large","max-video-preview":"max-video-preview:-1"},"canonical":"https:\/\/marcelolopes.jor.br\/site\/2021\/09\/18\/dia-mundial-da-limpeza-mobiliza-voluntarios-na-manha-deste-sabado\/","og_locale":"pt_BR","og_type":"article","og_title":"Dia Mundial da Limpeza mobiliza volunt\u00e1rios na manh\u00e3 deste s\u00e1bado | Marcelo Lopes","og_description":"Neste s\u00e1bado, 18 de setembro, em muitos pa\u00edses do mundo est\u00e1 sendo celebrado o Dia Mundial da Limpeza. E Cataguases aderiu ao movimento que cresce a cada ano visando tornar o planeta mais limpo e sustent\u00e1vel, por meio do recolhimentoLeia mais Dia Mundial da Limpeza mobiliza volunt\u00e1rios na manh\u00e3 deste s\u00e1bado","og_url":"https:\/\/marcelolopes.jor.br\/site\/2021\/09\/18\/dia-mundial-da-limpeza-mobiliza-voluntarios-na-manha-deste-sabado\/","og_site_name":"Marcelo Lopes","article_publisher":"https:\/\/www.facebook.com\/sitedomarcelolopes","article_published_time":"2021-09-18T15:00:47+00:00","og_image":[{"width":800,"height":450,"url":"https:\/\/marcelolopes.jor.br\/site\/wp-content\/uploads\/2021\/09\/IMG_9823.jpeg","type":"image\/jpeg"}],"author":"Marcelo Lopes","twitter_card":"summary_large_image","twitter_misc":{"Escrito por":"Marcelo Lopes","Est. tempo de leitura":"1 minuto"},"schema":{"@context":"https:\/\/schema.org","@graph":[{"@type":"NewsArticle","@id":"https:\/\/marcelolopes.jor.br\/site\/2021\/09\/18\/dia-mundial-da-limpeza-mobiliza-voluntarios-na-manha-deste-sabado\/#article","isPartOf":{"@id":"https:\/\/marcelolopes.jor.br\/site\/2021\/09\/18\/dia-mundial-da-limpeza-mobiliza-voluntarios-na-manha-deste-sabado\/"},"author":{"name":"Marcelo Lopes","@id":"https:\/\/marcelolopes.jor.br\/site\/#\/schema\/person\/3e7216a35c34d8fdf952b31da3d1f89f"},"headline":"Dia Mundial da Limpeza mobiliza volunt\u00e1rios na manh\u00e3 deste s\u00e1bado","datePublished":"2021-09-18T15:00:47+00:00","mainEntityOfPage":{"@id":"https:\/\/marcelolopes.jor.br\/site\/2021\/09\/18\/dia-mundial-da-limpeza-mobiliza-voluntarios-na-manha-deste-sabado\/"},"wordCount":303,"commentCount":0,"publisher":{"@id":"https:\/\/marcelolopes.jor.br\/site\/#organization"},"image":{"@id":"https:\/\/marcelolopes.jor.br\/site\/2021\/09\/18\/dia-mundial-da-limpeza-mobiliza-voluntarios-na-manha-deste-sabado\/#primaryimage"},"thumbnailUrl":"https:\/\/marcelolopes.jor.br\/site\/wp-content\/uploads\/2021\/09\/IMG_9823.jpeg","keywords":["Dia Mundial da Limpeza","planeta sustent\u00e1vel","preserva\u00e7\u00e3o ambiental","volunt\u00e1rios"],"articleSection":["Not\u00edcias"],"inLanguage":"pt-BR","potentialAction":[{"@type":"CommentAction","name":"Comment","target":["https:\/\/marcelolopes.jor.br\/site\/2021\/09\/18\/dia-mundial-da-limpeza-mobiliza-voluntarios-na-manha-deste-sabado\/#respond"]}]},{"@type":"WebPage","@id":"https:\/\/marcelolopes.jor.br\/site\/2021\/09\/18\/dia-mundial-da-limpeza-mobiliza-voluntarios-na-manha-deste-sabado\/","url":"https:\/\/marcelolopes.jor.br\/site\/2021\/09\/18\/dia-mundial-da-limpeza-mobiliza-voluntarios-na-manha-deste-sabado\/","name":"Dia Mundial da Limpeza mobiliza volunt\u00e1rios na manh\u00e3 deste s\u00e1bado | Marcelo Lopes","isPartOf":{"@id":"https:\/\/marcelolopes.jor.br\/site\/#website"},"primaryImageOfPage":{"@id":"https:\/\/marcelolopes.jor.br\/site\/2021\/09\/18\/dia-mundial-da-limpeza-mobiliza-voluntarios-na-manha-deste-sabado\/#primaryimage"},"image":{"@id":"https:\/\/marcelolopes.jor.br\/site\/2021\/09\/18\/dia-mundial-da-limpeza-mobiliza-voluntarios-na-manha-deste-sabado\/#primaryimage"},"thumbnailUrl":"https:\/\/marcelolopes.jor.br\/site\/wp-content\/uploads\/2021\/09\/IMG_9823.jpeg","datePublished":"2021-09-18T15:00:47+00:00","breadcrumb":{"@id":"https:\/\/marcelolopes.jor.br\/site\/2021\/09\/18\/dia-mundial-da-limpeza-mobiliza-voluntarios-na-manha-deste-sabado\/#breadcrumb"},"inLanguage":"pt-BR","potentialAction":[{"@type":"ReadAction","target":["https:\/\/marcelolopes.jor.br\/site\/2021\/09\/18\/dia-mundial-da-limpeza-mobiliza-voluntarios-na-manha-deste-sabado\/"]}]},{"@type":"ImageObject","inLanguage":"pt-BR","@id":"https:\/\/marcelolopes.jor.br\/site\/2021\/09\/18\/dia-mundial-da-limpeza-mobiliza-voluntarios-na-manha-deste-sabado\/#primaryimage","url":"https:\/\/marcelolopes.jor.br\/site\/wp-content\/uploads\/2021\/09\/IMG_9823.jpeg","contentUrl":"https:\/\/marcelolopes.jor.br\/site\/wp-content\/uploads\/2021\/09\/IMG_9823.jpeg","width":800,"height":450},{"@type":"BreadcrumbList","@id":"https:\/\/marcelolopes.jor.br\/site\/2021\/09\/18\/dia-mundial-da-limpeza-mobiliza-voluntarios-na-manha-deste-sabado\/#breadcrumb","itemListElement":[{"@type":"ListItem","position":1,"name":"Home","item":"https:\/\/marcelolopes.jor.br\/site\/"},{"@type":"ListItem","position":2,"name":"Dia Mundial da Limpeza mobiliza volunt\u00e1rios na manh\u00e3 deste s\u00e1bado"}]},{"@type":"WebSite","@id":"https:\/\/marcelolopes.jor.br\/site\/#website","url":"https:\/\/marcelolopes.jor.br\/site\/","name":"Marcelo Lopes","description":"Not\u00edcias de Cataguases e Regi\u00e3o","publisher":{"@id":"https:\/\/marcelolopes.jor.br\/site\/#organization"},"potentialAction":[{"@type":"SearchAction","target":{"@type":"EntryPoint","urlTemplate":"https:\/\/marcelolopes.jor.br\/site\/?s={search_term_string}"},"query-input":{"@type":"PropertyValueSpecification","valueRequired":true,"valueName":"search_term_string"}}],"inLanguage":"pt-BR"},{"@type":"Organization","@id":"https:\/\/marcelolopes.jor.br\/site\/#organization","name":"Site do Marcelo Lopes","url":"https:\/\/marcelolopes.jor.br\/site\/","logo":{"@type":"ImageObject","inLanguage":"pt-BR","@id":"https:\/\/marcelolopes.jor.br\/site\/#\/schema\/logo\/image\/","url":"https:\/\/marcelolopes.jor.br\/site\/wp-content\/uploads\/2024\/11\/logo-1.png","contentUrl":"https:\/\/marcelolopes.jor.br\/site\/wp-content\/uploads\/2024\/11\/logo-1.png","width":475,"height":80,"caption":"Site do Marcelo Lopes"},"image":{"@id":"https:\/\/marcelolopes.jor.br\/site\/#\/schema\/logo\/image\/"},"sameAs":["https:\/\/www.facebook.com\/sitedomarcelolopes","https:\/\/www.instagram.com\/sitedomarcelolopes\/","https:\/\/www.linkedin.com\/company\/site-do-marcelo-lopes\/","https:\/\/www.youtube.com\/user\/marcelolopes957"]},{"@type":"Person","@id":"https:\/\/marcelolopes.jor.br\/site\/#\/schema\/person\/3e7216a35c34d8fdf952b31da3d1f89f","name":"Marcelo Lopes","sameAs":["http:\/\/www.marcelolopes.jor.br"],"url":"https:\/\/marcelolopes.jor.br\/site\/author\/marcelo\/"}]}},"wps_subtitle":"Equipes est\u00e3o atuando em diversos bairros da cidade recolhendo recicl\u00e1veis.","_links":{"self":[{"href":"https:\/\/marcelolopes.jor.br\/site\/wp-json\/wp\/v2\/posts\/27030","targetHints":{"allow":["GET"]}}],"collection":[{"href":"https:\/\/marcelolopes.jor.br\/site\/wp-json\/wp\/v2\/posts"}],"about":[{"href":"https:\/\/marcelolopes.jor.br\/site\/wp-json\/wp\/v2\/types\/post"}],"author":[{"embeddable":true,"href":"https:\/\/marcelolopes.jor.br\/site\/wp-json\/wp\/v2\/users\/2"}],"replies":[{"embeddable":true,"href":"https:\/\/marcelolopes.jor.br\/site\/wp-json\/wp\/v2\/comments?post=27030"}],"version-history":[{"count":0,"href":"https:\/\/marcelolopes.jor.br\/site\/wp-json\/wp\/v2\/posts\/27030\/revisions"}],"wp:featuredmedia":[{"embeddable":true,"href":"https:\/\/marcelolopes.jor.br\/site\/wp-json\/wp\/v2\/media\/27035"}],"wp:attachment":[{"href":"https:\/\/marcelolopes.jor.br\/site\/wp-json\/wp\/v2\/media?parent=27030"}],"wp:term":[{"taxonomy":"category","embeddable":true,"href":"https:\/\/marcelolopes.jor.br\/site\/wp-json\/wp\/v2\/categories?post=27030"},{"taxonomy":"post_tag","embeddable":true,"href":"https:\/\/marcelolopes.jor.br\/site\/wp-json\/wp\/v2\/tags?post=27030"}],"curies":[{"name":"wp","href":"https:\/\/api.w.org\/{rel}","templated":true}]}}