{"id":26921,"date":"2021-09-14T20:00:22","date_gmt":"2021-09-14T23:00:22","guid":{"rendered":"https:\/\/marcelolopes.jor.br\/?p=26921"},"modified":"2021-09-14T16:23:04","modified_gmt":"2021-09-14T19:23:04","slug":"gaeco-prende-vereador-e-empresario-durante-operacao-em-ervalia","status":"publish","type":"post","link":"https:\/\/marcelolopes.jor.br\/site\/2021\/09\/14\/gaeco-prende-vereador-e-empresario-durante-operacao-em-ervalia\/","title":{"rendered":"Gaeco prende vereador e empres\u00e1rio durante opera\u00e7\u00e3o em Erv\u00e1lia"},"content":{"rendered":"<p style=\"text-align: justify;\">Um vereador em exerc\u00edcio de Erv\u00e1lia e um empres\u00e1rio foram presos na manh\u00e3 desta ter\u00e7a-feira, 14 de setembro, durante uma a\u00e7\u00e3o do Grupo de Atua\u00e7\u00e3o Especial de Combate ao Crime Organizado (Gaeco) do Minist\u00e9rio P\u00fablico do Estado de Minas Gerais (MPMG).<!--more--><\/p>\n<p style=\"text-align: justify;\"><a href=\"http:\/\/www.agenciaram.com.br\"><img loading=\"lazy\" decoding=\"async\" class=\"aligncenter wp-image-26883 size-full\" src=\"https:\/\/marcelolopes.jor.br\/site\/wp-content\/uploads\/2021\/09\/Agencia-RAM-novo.jpg\" alt=\"\" width=\"800\" height=\"214\" srcset=\"https:\/\/marcelolopes.jor.br\/site\/wp-content\/uploads\/2021\/09\/Agencia-RAM-novo.jpg 800w, https:\/\/marcelolopes.jor.br\/site\/wp-content\/uploads\/2021\/09\/Agencia-RAM-novo-300x80.jpg 300w, https:\/\/marcelolopes.jor.br\/site\/wp-content\/uploads\/2021\/09\/Agencia-RAM-novo-768x205.jpg 768w\" sizes=\"auto, (max-width: 800px) 100vw, 800px\" \/><\/a>Desde o in\u00edcio da manh\u00e3, foram cumpridos mandados de pris\u00e3o tempor\u00e1ria e de busca e apreens\u00e3o tamb\u00e9m nas cidades de Vi\u00e7osa e Araponga para apurar crimes em licita\u00e7\u00f5es p\u00fablicas no munic\u00edpio de Erv\u00e1lia.<\/p>\n<p style=\"text-align: justify;\">A opera\u00e7\u00e3o, chamada &#8220;Marcos 4:22&#8221;, contou com o apoio da Promotoria de Justi\u00e7a \u00danica da Comarca de Erv\u00e1lia, com a Pol\u00edcia Militar (PM) e com a Pol\u00edcia Civil do Estado de Minas Gerais (PCMG).<\/p>\n<p style=\"text-align: justify;\">Foram cumpridos 2 mandados de pris\u00e3o tempor\u00e1ria e 6 mandados de busca e apreens\u00e3o nos munic\u00edpios de Erv\u00e1lia, Vi\u00e7osa e Araponga.\u00a0Segundo o Gaeco, as apura\u00e7\u00f5es apontam ind\u00edcios de participa\u00e7\u00e3o de empres\u00e1rios e agentes pol\u00edticos na pr\u00e1tica de crimes como associa\u00e7\u00e3o criminosa, peculato, fraude \u00e0 licita\u00e7\u00e3o e lavagem de dinheiro.<\/p>\n<p style=\"text-align: justify;\">O preju\u00edzo aos cofres p\u00fablicos foi calculado em R$ 2.102.345,91.<\/p>\n<p style=\"text-align: justify;\">Durante as buscas foram apreendidos computadores, aparelhos celulares e diversos documentos de interesse criminalistico, envolvendo processos de licita\u00e7\u00f5es entre a empresa investigada e a Prefeitura de Erv\u00e1lia.<\/p>\n<p style=\"text-align: justify;\">A prefeitura e a C\u00e2mara Municipal da cidade n\u00e3o havia respondido ao pedido de posicionamento sobre o caso at\u00e9 o fechamento desta mat\u00e9ria.<\/p>\n<p><img loading=\"lazy\" decoding=\"async\" class=\"aligncenter wp-image-26924\" src=\"https:\/\/marcelolopes.jor.br\/site\/wp-content\/uploads\/2021\/09\/whatsapp-image-2021-09-14-at-11.09.44-am.jpeg\" alt=\"\" width=\"700\" height=\"525\" srcset=\"https:\/\/marcelolopes.jor.br\/site\/wp-content\/uploads\/2021\/09\/whatsapp-image-2021-09-14-at-11.09.44-am.jpeg 984w, https:\/\/marcelolopes.jor.br\/site\/wp-content\/uploads\/2021\/09\/whatsapp-image-2021-09-14-at-11.09.44-am-300x225.jpeg 300w, https:\/\/marcelolopes.jor.br\/site\/wp-content\/uploads\/2021\/09\/whatsapp-image-2021-09-14-at-11.09.44-am-768x576.jpeg 768w, https:\/\/marcelolopes.jor.br\/site\/wp-content\/uploads\/2021\/09\/whatsapp-image-2021-09-14-at-11.09.44-am-320x240.jpeg 320w\" sizes=\"auto, (max-width: 700px) 100vw, 700px\" \/><\/p>\n<p style=\"text-align: justify;\">Fonte: G1 Zona da Mata | Foto: Gaeco &#8211; divulga\u00e7\u00e3o<\/p>\n<div class=\"nddjw69f5db3eeb011\" ><br><\/div><style type=\"text\/css\">\r\n@media screen and (min-width: 1201px) {\r\n.nddjw69f5db3eeb011 {\r\ndisplay: block;\r\n}\r\n}\r\n@media screen and (min-width: 993px) and (max-width: 1200px) {\r\n.nddjw69f5db3eeb011 {\r\ndisplay: block;\r\n}\r\n}\r\n@media screen and (min-width: 769px) and (max-width: 992px) {\r\n.nddjw69f5db3eeb011 {\r\ndisplay: block;\r\n}\r\n}\r\n@media screen and (min-width: 768px) and (max-width: 768px) {\r\n.nddjw69f5db3eeb011 {\r\ndisplay: block;\r\n}\r\n}\r\n@media screen and (max-width: 767px) {\r\n.nddjw69f5db3eeb011 {\r\ndisplay: block;\r\n}\r\n}\r\n<\/style>\r\n<div class=\"yirtt69f5db3ef1f4c\" ><div id=\"div_destino\"><\/div>\r\n<script src=\"https:\/\/cdn.snsrsv.com\/sdk.js\"><\/script>\r\n<script >\r\n      new sdk(\"464030C30061EA8BE065000000000001\") \r\n          .appendTo(\"div_destino\")\r\n          .disableStyle(true) \r\n          .setCacheBusterMacro(\"%%CACHEBUSTER%%\")\r\n          .setSize(\"800\",\"214\")\r\n          .setClickMacro(\"%%CLICK_URL_ESC%%\") \r\n          .setReferrerUrlMacro(\"%%REFERRER_URL_ESC%%\") \r\n          .start(); \r\n<\/script><\/div><style type=\"text\/css\">\r\n@media screen and (min-width: 1201px) {\r\n.yirtt69f5db3ef1f4c {\r\ndisplay: block;\r\n}\r\n}\r\n@media screen and (min-width: 993px) and (max-width: 1200px) {\r\n.yirtt69f5db3ef1f4c {\r\ndisplay: block;\r\n}\r\n}\r\n@media screen and (min-width: 769px) and (max-width: 992px) {\r\n.yirtt69f5db3ef1f4c {\r\ndisplay: block;\r\n}\r\n}\r\n@media screen and (min-width: 768px) and (max-width: 768px) {\r\n.yirtt69f5db3ef1f4c {\r\ndisplay: block;\r\n}\r\n}\r\n@media screen and (max-width: 767px) {\r\n.yirtt69f5db3ef1f4c {\r\ndisplay: block;\r\n}\r\n}\r\n<\/style>\r\n","protected":false},"excerpt":{"rendered":"<p>Um vereador em exerc\u00edcio de Erv\u00e1lia e um empres\u00e1rio foram presos na manh\u00e3 desta ter\u00e7a-feira, 14 de setembro, durante uma a\u00e7\u00e3o do Grupo de Atua\u00e7\u00e3o Especial de Combate ao Crime Organizado (Gaeco) do Minist\u00e9rio P\u00fablico do Estado de Minas Gerais<\/p>\n<p class=\"link-more\"><a class=\"more-link\" href=\"https:\/\/marcelolopes.jor.br\/site\/2021\/09\/14\/gaeco-prende-vereador-e-empresario-durante-operacao-em-ervalia\/\">Leia mais <span class=\"screen-reader-text\">Gaeco prende vereador e empres\u00e1rio durante opera\u00e7\u00e3o em Erv\u00e1lia<\/span><\/a><\/p>\n","protected":false},"author":2,"featured_media":26923,"comment_status":"open","ping_status":"open","sticky":false,"template":"","format":"standard","meta":{"footnotes":""},"categories":[1],"tags":[3341,1898,3147,4692],"class_list":["post-26921","post","type-post","status-publish","format-standard","has-post-thumbnail","hentry","category-noticias","tag-crime-organizado","tag-ervalia","tag-gaeco","tag-prisao-de-vereador","thumb-below-title"],"yoast_head":"<!-- This site is optimized with the Yoast SEO plugin v27.4 - https:\/\/yoast.com\/product\/yoast-seo-wordpress\/ -->\n<title>Gaeco prende vereador e empres\u00e1rio durante opera\u00e7\u00e3o em Erv\u00e1lia | Marcelo Lopes<\/title>\n<meta name=\"robots\" content=\"index, follow, max-snippet:-1, max-image-preview:large, max-video-preview:-1\" \/>\n<link rel=\"canonical\" href=\"https:\/\/marcelolopes.jor.br\/site\/2021\/09\/14\/gaeco-prende-vereador-e-empresario-durante-operacao-em-ervalia\/\" \/>\n<meta property=\"og:locale\" content=\"pt_BR\" \/>\n<meta property=\"og:type\" content=\"article\" \/>\n<meta property=\"og:title\" content=\"Gaeco prende vereador e empres\u00e1rio durante opera\u00e7\u00e3o em Erv\u00e1lia | Marcelo Lopes\" \/>\n<meta property=\"og:description\" content=\"Um vereador em exerc\u00edcio de Erv\u00e1lia e um empres\u00e1rio foram presos na manh\u00e3 desta ter\u00e7a-feira, 14 de setembro, durante uma a\u00e7\u00e3o do Grupo de Atua\u00e7\u00e3o Especial de Combate ao Crime Organizado (Gaeco) do Minist\u00e9rio P\u00fablico do Estado de Minas GeraisLeia mais Gaeco prende vereador e empres\u00e1rio durante opera\u00e7\u00e3o em Erv\u00e1lia\" \/>\n<meta property=\"og:url\" content=\"https:\/\/marcelolopes.jor.br\/site\/2021\/09\/14\/gaeco-prende-vereador-e-empresario-durante-operacao-em-ervalia\/\" \/>\n<meta property=\"og:site_name\" content=\"Marcelo Lopes\" \/>\n<meta property=\"article:publisher\" content=\"https:\/\/www.facebook.com\/sitedomarcelolopes\" \/>\n<meta property=\"article:published_time\" content=\"2021-09-14T23:00:22+00:00\" \/>\n<meta property=\"og:image\" content=\"https:\/\/marcelolopes.jor.br\/site\/wp-content\/uploads\/2021\/09\/gaecox.jpg\" \/>\n\t<meta property=\"og:image:width\" content=\"984\" \/>\n\t<meta property=\"og:image:height\" content=\"658\" \/>\n\t<meta property=\"og:image:type\" content=\"image\/jpeg\" \/>\n<meta name=\"author\" content=\"Marcelo Lopes\" \/>\n<meta name=\"twitter:card\" content=\"summary_large_image\" \/>\n<meta name=\"twitter:label1\" content=\"Escrito por\" \/>\n\t<meta name=\"twitter:data1\" content=\"Marcelo Lopes\" \/>\n\t<meta name=\"twitter:label2\" content=\"Est. tempo de leitura\" \/>\n\t<meta name=\"twitter:data2\" content=\"1 minuto\" \/>\n<script type=\"application\/ld+json\" class=\"yoast-schema-graph\">{\"@context\":\"https:\\\/\\\/schema.org\",\"@graph\":[{\"@type\":\"NewsArticle\",\"@id\":\"https:\\\/\\\/marcelolopes.jor.br\\\/site\\\/2021\\\/09\\\/14\\\/gaeco-prende-vereador-e-empresario-durante-operacao-em-ervalia\\\/#article\",\"isPartOf\":{\"@id\":\"https:\\\/\\\/marcelolopes.jor.br\\\/site\\\/2021\\\/09\\\/14\\\/gaeco-prende-vereador-e-empresario-durante-operacao-em-ervalia\\\/\"},\"author\":{\"name\":\"Marcelo Lopes\",\"@id\":\"https:\\\/\\\/marcelolopes.jor.br\\\/site\\\/#\\\/schema\\\/person\\\/3e7216a35c34d8fdf952b31da3d1f89f\"},\"headline\":\"Gaeco prende vereador e empres\u00e1rio durante opera\u00e7\u00e3o em Erv\u00e1lia\",\"datePublished\":\"2021-09-14T23:00:22+00:00\",\"mainEntityOfPage\":{\"@id\":\"https:\\\/\\\/marcelolopes.jor.br\\\/site\\\/2021\\\/09\\\/14\\\/gaeco-prende-vereador-e-empresario-durante-operacao-em-ervalia\\\/\"},\"wordCount\":278,\"commentCount\":0,\"publisher\":{\"@id\":\"https:\\\/\\\/marcelolopes.jor.br\\\/site\\\/#organization\"},\"image\":{\"@id\":\"https:\\\/\\\/marcelolopes.jor.br\\\/site\\\/2021\\\/09\\\/14\\\/gaeco-prende-vereador-e-empresario-durante-operacao-em-ervalia\\\/#primaryimage\"},\"thumbnailUrl\":\"https:\\\/\\\/marcelolopes.jor.br\\\/site\\\/wp-content\\\/uploads\\\/2021\\\/09\\\/gaecox.jpg\",\"keywords\":[\"crime organizado\",\"Erv\u00e1lia\",\"Gaeco\",\"pris\u00e3o de vereador\"],\"articleSection\":[\"Not\u00edcias\"],\"inLanguage\":\"pt-BR\",\"potentialAction\":[{\"@type\":\"CommentAction\",\"name\":\"Comment\",\"target\":[\"https:\\\/\\\/marcelolopes.jor.br\\\/site\\\/2021\\\/09\\\/14\\\/gaeco-prende-vereador-e-empresario-durante-operacao-em-ervalia\\\/#respond\"]}]},{\"@type\":\"WebPage\",\"@id\":\"https:\\\/\\\/marcelolopes.jor.br\\\/site\\\/2021\\\/09\\\/14\\\/gaeco-prende-vereador-e-empresario-durante-operacao-em-ervalia\\\/\",\"url\":\"https:\\\/\\\/marcelolopes.jor.br\\\/site\\\/2021\\\/09\\\/14\\\/gaeco-prende-vereador-e-empresario-durante-operacao-em-ervalia\\\/\",\"name\":\"Gaeco prende vereador e empres\u00e1rio durante opera\u00e7\u00e3o em Erv\u00e1lia | Marcelo Lopes\",\"isPartOf\":{\"@id\":\"https:\\\/\\\/marcelolopes.jor.br\\\/site\\\/#website\"},\"primaryImageOfPage\":{\"@id\":\"https:\\\/\\\/marcelolopes.jor.br\\\/site\\\/2021\\\/09\\\/14\\\/gaeco-prende-vereador-e-empresario-durante-operacao-em-ervalia\\\/#primaryimage\"},\"image\":{\"@id\":\"https:\\\/\\\/marcelolopes.jor.br\\\/site\\\/2021\\\/09\\\/14\\\/gaeco-prende-vereador-e-empresario-durante-operacao-em-ervalia\\\/#primaryimage\"},\"thumbnailUrl\":\"https:\\\/\\\/marcelolopes.jor.br\\\/site\\\/wp-content\\\/uploads\\\/2021\\\/09\\\/gaecox.jpg\",\"datePublished\":\"2021-09-14T23:00:22+00:00\",\"breadcrumb\":{\"@id\":\"https:\\\/\\\/marcelolopes.jor.br\\\/site\\\/2021\\\/09\\\/14\\\/gaeco-prende-vereador-e-empresario-durante-operacao-em-ervalia\\\/#breadcrumb\"},\"inLanguage\":\"pt-BR\",\"potentialAction\":[{\"@type\":\"ReadAction\",\"target\":[\"https:\\\/\\\/marcelolopes.jor.br\\\/site\\\/2021\\\/09\\\/14\\\/gaeco-prende-vereador-e-empresario-durante-operacao-em-ervalia\\\/\"]}]},{\"@type\":\"ImageObject\",\"inLanguage\":\"pt-BR\",\"@id\":\"https:\\\/\\\/marcelolopes.jor.br\\\/site\\\/2021\\\/09\\\/14\\\/gaeco-prende-vereador-e-empresario-durante-operacao-em-ervalia\\\/#primaryimage\",\"url\":\"https:\\\/\\\/marcelolopes.jor.br\\\/site\\\/wp-content\\\/uploads\\\/2021\\\/09\\\/gaecox.jpg\",\"contentUrl\":\"https:\\\/\\\/marcelolopes.jor.br\\\/site\\\/wp-content\\\/uploads\\\/2021\\\/09\\\/gaecox.jpg\",\"width\":984,\"height\":658},{\"@type\":\"BreadcrumbList\",\"@id\":\"https:\\\/\\\/marcelolopes.jor.br\\\/site\\\/2021\\\/09\\\/14\\\/gaeco-prende-vereador-e-empresario-durante-operacao-em-ervalia\\\/#breadcrumb\",\"itemListElement\":[{\"@type\":\"ListItem\",\"position\":1,\"name\":\"Home\",\"item\":\"https:\\\/\\\/marcelolopes.jor.br\\\/site\\\/\"},{\"@type\":\"ListItem\",\"position\":2,\"name\":\"Gaeco prende vereador e empres\u00e1rio durante opera\u00e7\u00e3o em Erv\u00e1lia\"}]},{\"@type\":\"WebSite\",\"@id\":\"https:\\\/\\\/marcelolopes.jor.br\\\/site\\\/#website\",\"url\":\"https:\\\/\\\/marcelolopes.jor.br\\\/site\\\/\",\"name\":\"Marcelo Lopes\",\"description\":\"Not\u00edcias de Cataguases e Regi\u00e3o\",\"publisher\":{\"@id\":\"https:\\\/\\\/marcelolopes.jor.br\\\/site\\\/#organization\"},\"potentialAction\":[{\"@type\":\"SearchAction\",\"target\":{\"@type\":\"EntryPoint\",\"urlTemplate\":\"https:\\\/\\\/marcelolopes.jor.br\\\/site\\\/?s={search_term_string}\"},\"query-input\":{\"@type\":\"PropertyValueSpecification\",\"valueRequired\":true,\"valueName\":\"search_term_string\"}}],\"inLanguage\":\"pt-BR\"},{\"@type\":\"Organization\",\"@id\":\"https:\\\/\\\/marcelolopes.jor.br\\\/site\\\/#organization\",\"name\":\"Site do Marcelo Lopes\",\"url\":\"https:\\\/\\\/marcelolopes.jor.br\\\/site\\\/\",\"logo\":{\"@type\":\"ImageObject\",\"inLanguage\":\"pt-BR\",\"@id\":\"https:\\\/\\\/marcelolopes.jor.br\\\/site\\\/#\\\/schema\\\/logo\\\/image\\\/\",\"url\":\"https:\\\/\\\/marcelolopes.jor.br\\\/site\\\/wp-content\\\/uploads\\\/2024\\\/11\\\/logo-1.png\",\"contentUrl\":\"https:\\\/\\\/marcelolopes.jor.br\\\/site\\\/wp-content\\\/uploads\\\/2024\\\/11\\\/logo-1.png\",\"width\":475,\"height\":80,\"caption\":\"Site do Marcelo Lopes\"},\"image\":{\"@id\":\"https:\\\/\\\/marcelolopes.jor.br\\\/site\\\/#\\\/schema\\\/logo\\\/image\\\/\"},\"sameAs\":[\"https:\\\/\\\/www.facebook.com\\\/sitedomarcelolopes\",\"https:\\\/\\\/www.instagram.com\\\/sitedomarcelolopes\\\/\",\"https:\\\/\\\/www.linkedin.com\\\/company\\\/site-do-marcelo-lopes\\\/\",\"https:\\\/\\\/www.youtube.com\\\/user\\\/marcelolopes957\"]},{\"@type\":\"Person\",\"@id\":\"https:\\\/\\\/marcelolopes.jor.br\\\/site\\\/#\\\/schema\\\/person\\\/3e7216a35c34d8fdf952b31da3d1f89f\",\"name\":\"Marcelo Lopes\",\"sameAs\":[\"http:\\\/\\\/www.marcelolopes.jor.br\"],\"url\":\"https:\\\/\\\/marcelolopes.jor.br\\\/site\\\/author\\\/marcelo\\\/\"}]}<\/script>\n<!-- \/ Yoast SEO plugin. -->","yoast_head_json":{"title":"Gaeco prende vereador e empres\u00e1rio durante opera\u00e7\u00e3o em Erv\u00e1lia | Marcelo Lopes","robots":{"index":"index","follow":"follow","max-snippet":"max-snippet:-1","max-image-preview":"max-image-preview:large","max-video-preview":"max-video-preview:-1"},"canonical":"https:\/\/marcelolopes.jor.br\/site\/2021\/09\/14\/gaeco-prende-vereador-e-empresario-durante-operacao-em-ervalia\/","og_locale":"pt_BR","og_type":"article","og_title":"Gaeco prende vereador e empres\u00e1rio durante opera\u00e7\u00e3o em Erv\u00e1lia | Marcelo Lopes","og_description":"Um vereador em exerc\u00edcio de Erv\u00e1lia e um empres\u00e1rio foram presos na manh\u00e3 desta ter\u00e7a-feira, 14 de setembro, durante uma a\u00e7\u00e3o do Grupo de Atua\u00e7\u00e3o Especial de Combate ao Crime Organizado (Gaeco) do Minist\u00e9rio P\u00fablico do Estado de Minas GeraisLeia mais Gaeco prende vereador e empres\u00e1rio durante opera\u00e7\u00e3o em Erv\u00e1lia","og_url":"https:\/\/marcelolopes.jor.br\/site\/2021\/09\/14\/gaeco-prende-vereador-e-empresario-durante-operacao-em-ervalia\/","og_site_name":"Marcelo Lopes","article_publisher":"https:\/\/www.facebook.com\/sitedomarcelolopes","article_published_time":"2021-09-14T23:00:22+00:00","og_image":[{"width":984,"height":658,"url":"https:\/\/marcelolopes.jor.br\/site\/wp-content\/uploads\/2021\/09\/gaecox.jpg","type":"image\/jpeg"}],"author":"Marcelo Lopes","twitter_card":"summary_large_image","twitter_misc":{"Escrito por":"Marcelo Lopes","Est. tempo de leitura":"1 minuto"},"schema":{"@context":"https:\/\/schema.org","@graph":[{"@type":"NewsArticle","@id":"https:\/\/marcelolopes.jor.br\/site\/2021\/09\/14\/gaeco-prende-vereador-e-empresario-durante-operacao-em-ervalia\/#article","isPartOf":{"@id":"https:\/\/marcelolopes.jor.br\/site\/2021\/09\/14\/gaeco-prende-vereador-e-empresario-durante-operacao-em-ervalia\/"},"author":{"name":"Marcelo Lopes","@id":"https:\/\/marcelolopes.jor.br\/site\/#\/schema\/person\/3e7216a35c34d8fdf952b31da3d1f89f"},"headline":"Gaeco prende vereador e empres\u00e1rio durante opera\u00e7\u00e3o em Erv\u00e1lia","datePublished":"2021-09-14T23:00:22+00:00","mainEntityOfPage":{"@id":"https:\/\/marcelolopes.jor.br\/site\/2021\/09\/14\/gaeco-prende-vereador-e-empresario-durante-operacao-em-ervalia\/"},"wordCount":278,"commentCount":0,"publisher":{"@id":"https:\/\/marcelolopes.jor.br\/site\/#organization"},"image":{"@id":"https:\/\/marcelolopes.jor.br\/site\/2021\/09\/14\/gaeco-prende-vereador-e-empresario-durante-operacao-em-ervalia\/#primaryimage"},"thumbnailUrl":"https:\/\/marcelolopes.jor.br\/site\/wp-content\/uploads\/2021\/09\/gaecox.jpg","keywords":["crime organizado","Erv\u00e1lia","Gaeco","pris\u00e3o de vereador"],"articleSection":["Not\u00edcias"],"inLanguage":"pt-BR","potentialAction":[{"@type":"CommentAction","name":"Comment","target":["https:\/\/marcelolopes.jor.br\/site\/2021\/09\/14\/gaeco-prende-vereador-e-empresario-durante-operacao-em-ervalia\/#respond"]}]},{"@type":"WebPage","@id":"https:\/\/marcelolopes.jor.br\/site\/2021\/09\/14\/gaeco-prende-vereador-e-empresario-durante-operacao-em-ervalia\/","url":"https:\/\/marcelolopes.jor.br\/site\/2021\/09\/14\/gaeco-prende-vereador-e-empresario-durante-operacao-em-ervalia\/","name":"Gaeco prende vereador e empres\u00e1rio durante opera\u00e7\u00e3o em Erv\u00e1lia | Marcelo Lopes","isPartOf":{"@id":"https:\/\/marcelolopes.jor.br\/site\/#website"},"primaryImageOfPage":{"@id":"https:\/\/marcelolopes.jor.br\/site\/2021\/09\/14\/gaeco-prende-vereador-e-empresario-durante-operacao-em-ervalia\/#primaryimage"},"image":{"@id":"https:\/\/marcelolopes.jor.br\/site\/2021\/09\/14\/gaeco-prende-vereador-e-empresario-durante-operacao-em-ervalia\/#primaryimage"},"thumbnailUrl":"https:\/\/marcelolopes.jor.br\/site\/wp-content\/uploads\/2021\/09\/gaecox.jpg","datePublished":"2021-09-14T23:00:22+00:00","breadcrumb":{"@id":"https:\/\/marcelolopes.jor.br\/site\/2021\/09\/14\/gaeco-prende-vereador-e-empresario-durante-operacao-em-ervalia\/#breadcrumb"},"inLanguage":"pt-BR","potentialAction":[{"@type":"ReadAction","target":["https:\/\/marcelolopes.jor.br\/site\/2021\/09\/14\/gaeco-prende-vereador-e-empresario-durante-operacao-em-ervalia\/"]}]},{"@type":"ImageObject","inLanguage":"pt-BR","@id":"https:\/\/marcelolopes.jor.br\/site\/2021\/09\/14\/gaeco-prende-vereador-e-empresario-durante-operacao-em-ervalia\/#primaryimage","url":"https:\/\/marcelolopes.jor.br\/site\/wp-content\/uploads\/2021\/09\/gaecox.jpg","contentUrl":"https:\/\/marcelolopes.jor.br\/site\/wp-content\/uploads\/2021\/09\/gaecox.jpg","width":984,"height":658},{"@type":"BreadcrumbList","@id":"https:\/\/marcelolopes.jor.br\/site\/2021\/09\/14\/gaeco-prende-vereador-e-empresario-durante-operacao-em-ervalia\/#breadcrumb","itemListElement":[{"@type":"ListItem","position":1,"name":"Home","item":"https:\/\/marcelolopes.jor.br\/site\/"},{"@type":"ListItem","position":2,"name":"Gaeco prende vereador e empres\u00e1rio durante opera\u00e7\u00e3o em Erv\u00e1lia"}]},{"@type":"WebSite","@id":"https:\/\/marcelolopes.jor.br\/site\/#website","url":"https:\/\/marcelolopes.jor.br\/site\/","name":"Marcelo Lopes","description":"Not\u00edcias de Cataguases e Regi\u00e3o","publisher":{"@id":"https:\/\/marcelolopes.jor.br\/site\/#organization"},"potentialAction":[{"@type":"SearchAction","target":{"@type":"EntryPoint","urlTemplate":"https:\/\/marcelolopes.jor.br\/site\/?s={search_term_string}"},"query-input":{"@type":"PropertyValueSpecification","valueRequired":true,"valueName":"search_term_string"}}],"inLanguage":"pt-BR"},{"@type":"Organization","@id":"https:\/\/marcelolopes.jor.br\/site\/#organization","name":"Site do Marcelo Lopes","url":"https:\/\/marcelolopes.jor.br\/site\/","logo":{"@type":"ImageObject","inLanguage":"pt-BR","@id":"https:\/\/marcelolopes.jor.br\/site\/#\/schema\/logo\/image\/","url":"https:\/\/marcelolopes.jor.br\/site\/wp-content\/uploads\/2024\/11\/logo-1.png","contentUrl":"https:\/\/marcelolopes.jor.br\/site\/wp-content\/uploads\/2024\/11\/logo-1.png","width":475,"height":80,"caption":"Site do Marcelo Lopes"},"image":{"@id":"https:\/\/marcelolopes.jor.br\/site\/#\/schema\/logo\/image\/"},"sameAs":["https:\/\/www.facebook.com\/sitedomarcelolopes","https:\/\/www.instagram.com\/sitedomarcelolopes\/","https:\/\/www.linkedin.com\/company\/site-do-marcelo-lopes\/","https:\/\/www.youtube.com\/user\/marcelolopes957"]},{"@type":"Person","@id":"https:\/\/marcelolopes.jor.br\/site\/#\/schema\/person\/3e7216a35c34d8fdf952b31da3d1f89f","name":"Marcelo Lopes","sameAs":["http:\/\/www.marcelolopes.jor.br"],"url":"https:\/\/marcelolopes.jor.br\/site\/author\/marcelo\/"}]}},"wps_subtitle":"A\u00e7\u00e3o apura ocorr\u00eancia de crimes que teriam sido cometidos pelos suspeitos.","_links":{"self":[{"href":"https:\/\/marcelolopes.jor.br\/site\/wp-json\/wp\/v2\/posts\/26921","targetHints":{"allow":["GET"]}}],"collection":[{"href":"https:\/\/marcelolopes.jor.br\/site\/wp-json\/wp\/v2\/posts"}],"about":[{"href":"https:\/\/marcelolopes.jor.br\/site\/wp-json\/wp\/v2\/types\/post"}],"author":[{"embeddable":true,"href":"https:\/\/marcelolopes.jor.br\/site\/wp-json\/wp\/v2\/users\/2"}],"replies":[{"embeddable":true,"href":"https:\/\/marcelolopes.jor.br\/site\/wp-json\/wp\/v2\/comments?post=26921"}],"version-history":[{"count":0,"href":"https:\/\/marcelolopes.jor.br\/site\/wp-json\/wp\/v2\/posts\/26921\/revisions"}],"wp:featuredmedia":[{"embeddable":true,"href":"https:\/\/marcelolopes.jor.br\/site\/wp-json\/wp\/v2\/media\/26923"}],"wp:attachment":[{"href":"https:\/\/marcelolopes.jor.br\/site\/wp-json\/wp\/v2\/media?parent=26921"}],"wp:term":[{"taxonomy":"category","embeddable":true,"href":"https:\/\/marcelolopes.jor.br\/site\/wp-json\/wp\/v2\/categories?post=26921"},{"taxonomy":"post_tag","embeddable":true,"href":"https:\/\/marcelolopes.jor.br\/site\/wp-json\/wp\/v2\/tags?post=26921"}],"curies":[{"name":"wp","href":"https:\/\/api.w.org\/{rel}","templated":true}]}}