{"id":26913,"date":"2021-09-14T12:00:51","date_gmt":"2021-09-14T15:00:51","guid":{"rendered":"https:\/\/marcelolopes.jor.br\/?p=26913"},"modified":"2021-09-14T11:04:11","modified_gmt":"2021-09-14T14:04:11","slug":"reabertas-inscricoes-do-enem-para-isentos-ausentes-no-exame-de-2020","status":"publish","type":"post","link":"https:\/\/marcelolopes.jor.br\/site\/2021\/09\/14\/reabertas-inscricoes-do-enem-para-isentos-ausentes-no-exame-de-2020\/","title":{"rendered":"Reabertas inscri\u00e7\u00f5es do Enem para isentos ausentes no exame de 2020"},"content":{"rendered":"<p style=\"text-align: justify;\">As inscri\u00e7\u00f5es do Exame Nacional do Ensino M\u00e9dio (Enem) 2021 come\u00e7am hoje, 14 de setembro, para os estudantes de baixa renda que tiveram isen\u00e7\u00e3o de taxa na edi\u00e7\u00e3o do exame em 2020 e n\u00e3o compareceram \u00e0s provas. Elas podem ser feitas na P\u00e1gina do Participante, sem que seja necess\u00e1rio justificar a aus\u00eancia no Enem 2020 ou pagar a taxa de inscri\u00e7\u00e3o.<!--more--><\/p>\n<p style=\"text-align: justify;\"><a href=\"http:\/\/www.agenciaram.com.br\"><img loading=\"lazy\" decoding=\"async\" class=\"aligncenter wp-image-26883 size-full\" src=\"https:\/\/marcelolopes.jor.br\/site\/wp-content\/uploads\/2021\/09\/Agencia-RAM-novo.jpg\" alt=\"\" width=\"800\" height=\"214\" srcset=\"https:\/\/marcelolopes.jor.br\/site\/wp-content\/uploads\/2021\/09\/Agencia-RAM-novo.jpg 800w, https:\/\/marcelolopes.jor.br\/site\/wp-content\/uploads\/2021\/09\/Agencia-RAM-novo-300x80.jpg 300w, https:\/\/marcelolopes.jor.br\/site\/wp-content\/uploads\/2021\/09\/Agencia-RAM-novo-768x205.jpg 768w\" sizes=\"auto, (max-width: 800px) 100vw, 800px\" \/><\/a>O prazo vai at\u00e9 26 de setembro e as inscri\u00e7\u00f5es s\u00e3o exclusivas para o Enem impresso. Os isentos ausentes no Enem 2020 tamb\u00e9m poder\u00e3o solicitar, at\u00e9 27 de setembro, o atendimento especializado e tratamento pelo nome social.<\/p>\n<p style=\"text-align: justify;\">Para esse p\u00fablico, as provas do Enem 2021 ser\u00e3o aplicadas em 9 e 16 de janeiro de 2022, mesma data da realiza\u00e7\u00e3o do Enem para Pessoas Privadas de Liberdade e jovens sob medida socioeducativa que inclua priva\u00e7\u00e3o de liberdade (Enem PPL).<\/p>\n<p style=\"text-align: justify;\">A aplica\u00e7\u00e3o das provas nos dias 21 e 28 de novembro de 2021 est\u00e1 mantida para todos os participantes que j\u00e1 tiveram a inscri\u00e7\u00e3o confirmada no exame, conforme previsto no edital regular. Ao todo, 3.109.762 pessoas foram confirmadas para o Enem 2021, nas duas vers\u00f5es do exame, impressa e digital. Esse foi o menor n\u00famero de inscri\u00e7\u00f5es desde 2005.<\/p>\n<p style=\"text-align: justify;\"><strong>Decis\u00e3o do STF<\/strong><br \/>\nO Instituto Nacional de Estudos e Pesquisas Educacionais An\u00edsio Teixeira (Inep) reabriu o prazo de inscri\u00e7\u00e3o para os isentos ausentes no Enem 2020 em cumprimento a uma decis\u00e3o do Supremo Tribunal Federal (STF). A medida foi formalizada hoje (14) em edital complementar publicado no Di\u00e1rio Oficial da Uni\u00e3o.<\/p>\n<p style=\"text-align: justify;\"><strong>Quem tem direito \u00e0 isen\u00e7\u00e3o?<\/strong><br \/>\nO novo prazo para inscri\u00e7\u00e3o com isen\u00e7\u00e3o da taxa vale para aqueles que comprovarem ter direito \u00e0 gratuidade, mas sem que precisem justificar falta em edi\u00e7\u00e3o anterior do exame.<\/p>\n<p style=\"text-align: justify;\">Pessoas que cursaram todo o ensino m\u00e9dio em escola p\u00fablica ou que foram bolsistas integrais durante toda a etapa em escolas particulares t\u00eam direito \u00e0 gratuidade na inscri\u00e7\u00e3o do exame.<\/p>\n<p style=\"text-align: justify;\">Alunos que est\u00e3o cursando a \u00faltima s\u00e9rie do ensino m\u00e9dio na rede p\u00fablica, no ano de 2021, tamb\u00e9m podem pedir a isen\u00e7\u00e3o.<\/p>\n<p style=\"text-align: justify;\">O mesmo vale para quem est\u00e1 em situa\u00e7\u00e3o de vulnerabilidade socioecon\u00f4mica por ser membro de fam\u00edlia de baixa renda. Nesse caso, \u00e9 preciso comprovar a inscri\u00e7\u00e3o no Cadastro \u00danico para Programas Sociais do Governo Federal (Cad\u00danico).<\/p>\n<p style=\"text-align: justify;\">Fonte: Ag\u00eancia Brasil | Foto: Marcelo Casal<\/p>\n<div class=\"zwehp69f7114046ff6\" ><br><\/div><style type=\"text\/css\">\r\n@media screen and (min-width: 1201px) {\r\n.zwehp69f7114046ff6 {\r\ndisplay: block;\r\n}\r\n}\r\n@media screen and (min-width: 993px) and (max-width: 1200px) {\r\n.zwehp69f7114046ff6 {\r\ndisplay: block;\r\n}\r\n}\r\n@media screen and (min-width: 769px) and (max-width: 992px) {\r\n.zwehp69f7114046ff6 {\r\ndisplay: block;\r\n}\r\n}\r\n@media screen and (min-width: 768px) and (max-width: 768px) {\r\n.zwehp69f7114046ff6 {\r\ndisplay: block;\r\n}\r\n}\r\n@media screen and (max-width: 767px) {\r\n.zwehp69f7114046ff6 {\r\ndisplay: block;\r\n}\r\n}\r\n<\/style>\r\n<div class=\"hhpvb69f711404c297\" ><div id=\"div_destino\"><\/div>\r\n<script src=\"https:\/\/cdn.snsrsv.com\/sdk.js\"><\/script>\r\n<script >\r\n      new sdk(\"464030C30061EA8BE065000000000001\") \r\n          .appendTo(\"div_destino\")\r\n          .disableStyle(true) \r\n          .setCacheBusterMacro(\"%%CACHEBUSTER%%\")\r\n          .setSize(\"800\",\"214\")\r\n          .setClickMacro(\"%%CLICK_URL_ESC%%\") \r\n          .setReferrerUrlMacro(\"%%REFERRER_URL_ESC%%\") \r\n          .start(); \r\n<\/script><\/div><style type=\"text\/css\">\r\n@media screen and (min-width: 1201px) {\r\n.hhpvb69f711404c297 {\r\ndisplay: block;\r\n}\r\n}\r\n@media screen and (min-width: 993px) and (max-width: 1200px) {\r\n.hhpvb69f711404c297 {\r\ndisplay: block;\r\n}\r\n}\r\n@media screen and (min-width: 769px) and (max-width: 992px) {\r\n.hhpvb69f711404c297 {\r\ndisplay: block;\r\n}\r\n}\r\n@media screen and (min-width: 768px) and (max-width: 768px) {\r\n.hhpvb69f711404c297 {\r\ndisplay: block;\r\n}\r\n}\r\n@media screen and (max-width: 767px) {\r\n.hhpvb69f711404c297 {\r\ndisplay: block;\r\n}\r\n}\r\n<\/style>\r\n","protected":false},"excerpt":{"rendered":"<p>As inscri\u00e7\u00f5es do Exame Nacional do Ensino M\u00e9dio (Enem) 2021 come\u00e7am hoje, 14 de setembro, para os estudantes de baixa renda que tiveram isen\u00e7\u00e3o de taxa na edi\u00e7\u00e3o do exame em 2020 e n\u00e3o compareceram \u00e0s provas. Elas podem ser<\/p>\n<p class=\"link-more\"><a class=\"more-link\" href=\"https:\/\/marcelolopes.jor.br\/site\/2021\/09\/14\/reabertas-inscricoes-do-enem-para-isentos-ausentes-no-exame-de-2020\/\">Leia mais <span class=\"screen-reader-text\">Reabertas inscri\u00e7\u00f5es do Enem para isentos ausentes no exame de 2020<\/span><\/a><\/p>\n","protected":false},"author":2,"featured_media":26915,"comment_status":"open","ping_status":"open","sticky":false,"template":"","format":"standard","meta":{"footnotes":""},"categories":[1],"tags":[3360,4688,4689,4690],"class_list":["post-26913","post","type-post","status-publish","format-standard","has-post-thumbnail","hentry","category-noticias","tag-enem-2021","tag-inscricoes-do-enem","tag-isencao-da-taxa","tag-provas-do-enem","thumb-below-title"],"yoast_head":"<!-- This site is optimized with the Yoast SEO plugin v27.4 - https:\/\/yoast.com\/product\/yoast-seo-wordpress\/ -->\n<title>Reabertas inscri\u00e7\u00f5es do Enem para isentos ausentes no exame de 2020 | Marcelo Lopes<\/title>\n<meta name=\"robots\" content=\"index, follow, max-snippet:-1, max-image-preview:large, max-video-preview:-1\" \/>\n<link rel=\"canonical\" href=\"https:\/\/marcelolopes.jor.br\/site\/2021\/09\/14\/reabertas-inscricoes-do-enem-para-isentos-ausentes-no-exame-de-2020\/\" \/>\n<meta property=\"og:locale\" content=\"pt_BR\" \/>\n<meta property=\"og:type\" content=\"article\" \/>\n<meta property=\"og:title\" content=\"Reabertas inscri\u00e7\u00f5es do Enem para isentos ausentes no exame de 2020 | Marcelo Lopes\" \/>\n<meta property=\"og:description\" content=\"As inscri\u00e7\u00f5es do Exame Nacional do Ensino M\u00e9dio (Enem) 2021 come\u00e7am hoje, 14 de setembro, para os estudantes de baixa renda que tiveram isen\u00e7\u00e3o de taxa na edi\u00e7\u00e3o do exame em 2020 e n\u00e3o compareceram \u00e0s provas. Elas podem serLeia mais Reabertas inscri\u00e7\u00f5es do Enem para isentos ausentes no exame de 2020\" \/>\n<meta property=\"og:url\" content=\"https:\/\/marcelolopes.jor.br\/site\/2021\/09\/14\/reabertas-inscricoes-do-enem-para-isentos-ausentes-no-exame-de-2020\/\" \/>\n<meta property=\"og:site_name\" content=\"Marcelo Lopes\" \/>\n<meta property=\"article:publisher\" content=\"https:\/\/www.facebook.com\/sitedomarcelolopes\" \/>\n<meta property=\"article:published_time\" content=\"2021-09-14T15:00:51+00:00\" \/>\n<meta property=\"og:image\" content=\"https:\/\/marcelolopes.jor.br\/site\/wp-content\/uploads\/2021\/09\/Enem.jpg\" \/>\n\t<meta property=\"og:image:width\" content=\"1170\" \/>\n\t<meta property=\"og:image:height\" content=\"700\" \/>\n\t<meta property=\"og:image:type\" content=\"image\/jpeg\" \/>\n<meta name=\"author\" content=\"Marcelo Lopes\" \/>\n<meta name=\"twitter:card\" content=\"summary_large_image\" \/>\n<meta name=\"twitter:label1\" content=\"Escrito por\" \/>\n\t<meta name=\"twitter:data1\" content=\"Marcelo Lopes\" \/>\n\t<meta name=\"twitter:label2\" content=\"Est. tempo de leitura\" \/>\n\t<meta name=\"twitter:data2\" content=\"2 minutos\" \/>\n<script type=\"application\/ld+json\" class=\"yoast-schema-graph\">{\"@context\":\"https:\\\/\\\/schema.org\",\"@graph\":[{\"@type\":\"NewsArticle\",\"@id\":\"https:\\\/\\\/marcelolopes.jor.br\\\/site\\\/2021\\\/09\\\/14\\\/reabertas-inscricoes-do-enem-para-isentos-ausentes-no-exame-de-2020\\\/#article\",\"isPartOf\":{\"@id\":\"https:\\\/\\\/marcelolopes.jor.br\\\/site\\\/2021\\\/09\\\/14\\\/reabertas-inscricoes-do-enem-para-isentos-ausentes-no-exame-de-2020\\\/\"},\"author\":{\"name\":\"Marcelo Lopes\",\"@id\":\"https:\\\/\\\/marcelolopes.jor.br\\\/site\\\/#\\\/schema\\\/person\\\/3e7216a35c34d8fdf952b31da3d1f89f\"},\"headline\":\"Reabertas inscri\u00e7\u00f5es do Enem para isentos ausentes no exame de 2020\",\"datePublished\":\"2021-09-14T15:00:51+00:00\",\"mainEntityOfPage\":{\"@id\":\"https:\\\/\\\/marcelolopes.jor.br\\\/site\\\/2021\\\/09\\\/14\\\/reabertas-inscricoes-do-enem-para-isentos-ausentes-no-exame-de-2020\\\/\"},\"wordCount\":413,\"commentCount\":0,\"publisher\":{\"@id\":\"https:\\\/\\\/marcelolopes.jor.br\\\/site\\\/#organization\"},\"image\":{\"@id\":\"https:\\\/\\\/marcelolopes.jor.br\\\/site\\\/2021\\\/09\\\/14\\\/reabertas-inscricoes-do-enem-para-isentos-ausentes-no-exame-de-2020\\\/#primaryimage\"},\"thumbnailUrl\":\"https:\\\/\\\/marcelolopes.jor.br\\\/site\\\/wp-content\\\/uploads\\\/2021\\\/09\\\/Enem.jpg\",\"keywords\":[\"ENEM 2021\",\"inscri\u00e7\u00f5es do Enem\",\"isen\u00e7\u00e3o da taxa\",\"provas do Enem\"],\"articleSection\":[\"Not\u00edcias\"],\"inLanguage\":\"pt-BR\",\"potentialAction\":[{\"@type\":\"CommentAction\",\"name\":\"Comment\",\"target\":[\"https:\\\/\\\/marcelolopes.jor.br\\\/site\\\/2021\\\/09\\\/14\\\/reabertas-inscricoes-do-enem-para-isentos-ausentes-no-exame-de-2020\\\/#respond\"]}]},{\"@type\":\"WebPage\",\"@id\":\"https:\\\/\\\/marcelolopes.jor.br\\\/site\\\/2021\\\/09\\\/14\\\/reabertas-inscricoes-do-enem-para-isentos-ausentes-no-exame-de-2020\\\/\",\"url\":\"https:\\\/\\\/marcelolopes.jor.br\\\/site\\\/2021\\\/09\\\/14\\\/reabertas-inscricoes-do-enem-para-isentos-ausentes-no-exame-de-2020\\\/\",\"name\":\"Reabertas inscri\u00e7\u00f5es do Enem para isentos ausentes no exame de 2020 | Marcelo Lopes\",\"isPartOf\":{\"@id\":\"https:\\\/\\\/marcelolopes.jor.br\\\/site\\\/#website\"},\"primaryImageOfPage\":{\"@id\":\"https:\\\/\\\/marcelolopes.jor.br\\\/site\\\/2021\\\/09\\\/14\\\/reabertas-inscricoes-do-enem-para-isentos-ausentes-no-exame-de-2020\\\/#primaryimage\"},\"image\":{\"@id\":\"https:\\\/\\\/marcelolopes.jor.br\\\/site\\\/2021\\\/09\\\/14\\\/reabertas-inscricoes-do-enem-para-isentos-ausentes-no-exame-de-2020\\\/#primaryimage\"},\"thumbnailUrl\":\"https:\\\/\\\/marcelolopes.jor.br\\\/site\\\/wp-content\\\/uploads\\\/2021\\\/09\\\/Enem.jpg\",\"datePublished\":\"2021-09-14T15:00:51+00:00\",\"breadcrumb\":{\"@id\":\"https:\\\/\\\/marcelolopes.jor.br\\\/site\\\/2021\\\/09\\\/14\\\/reabertas-inscricoes-do-enem-para-isentos-ausentes-no-exame-de-2020\\\/#breadcrumb\"},\"inLanguage\":\"pt-BR\",\"potentialAction\":[{\"@type\":\"ReadAction\",\"target\":[\"https:\\\/\\\/marcelolopes.jor.br\\\/site\\\/2021\\\/09\\\/14\\\/reabertas-inscricoes-do-enem-para-isentos-ausentes-no-exame-de-2020\\\/\"]}]},{\"@type\":\"ImageObject\",\"inLanguage\":\"pt-BR\",\"@id\":\"https:\\\/\\\/marcelolopes.jor.br\\\/site\\\/2021\\\/09\\\/14\\\/reabertas-inscricoes-do-enem-para-isentos-ausentes-no-exame-de-2020\\\/#primaryimage\",\"url\":\"https:\\\/\\\/marcelolopes.jor.br\\\/site\\\/wp-content\\\/uploads\\\/2021\\\/09\\\/Enem.jpg\",\"contentUrl\":\"https:\\\/\\\/marcelolopes.jor.br\\\/site\\\/wp-content\\\/uploads\\\/2021\\\/09\\\/Enem.jpg\",\"width\":1170,\"height\":700,\"caption\":\"Exame Nacional do Ensino M\u00e9dio,Enem\"},{\"@type\":\"BreadcrumbList\",\"@id\":\"https:\\\/\\\/marcelolopes.jor.br\\\/site\\\/2021\\\/09\\\/14\\\/reabertas-inscricoes-do-enem-para-isentos-ausentes-no-exame-de-2020\\\/#breadcrumb\",\"itemListElement\":[{\"@type\":\"ListItem\",\"position\":1,\"name\":\"Home\",\"item\":\"https:\\\/\\\/marcelolopes.jor.br\\\/site\\\/\"},{\"@type\":\"ListItem\",\"position\":2,\"name\":\"Reabertas inscri\u00e7\u00f5es do Enem para isentos ausentes no exame de 2020\"}]},{\"@type\":\"WebSite\",\"@id\":\"https:\\\/\\\/marcelolopes.jor.br\\\/site\\\/#website\",\"url\":\"https:\\\/\\\/marcelolopes.jor.br\\\/site\\\/\",\"name\":\"Marcelo Lopes\",\"description\":\"Not\u00edcias de Cataguases e Regi\u00e3o\",\"publisher\":{\"@id\":\"https:\\\/\\\/marcelolopes.jor.br\\\/site\\\/#organization\"},\"potentialAction\":[{\"@type\":\"SearchAction\",\"target\":{\"@type\":\"EntryPoint\",\"urlTemplate\":\"https:\\\/\\\/marcelolopes.jor.br\\\/site\\\/?s={search_term_string}\"},\"query-input\":{\"@type\":\"PropertyValueSpecification\",\"valueRequired\":true,\"valueName\":\"search_term_string\"}}],\"inLanguage\":\"pt-BR\"},{\"@type\":\"Organization\",\"@id\":\"https:\\\/\\\/marcelolopes.jor.br\\\/site\\\/#organization\",\"name\":\"Site do Marcelo Lopes\",\"url\":\"https:\\\/\\\/marcelolopes.jor.br\\\/site\\\/\",\"logo\":{\"@type\":\"ImageObject\",\"inLanguage\":\"pt-BR\",\"@id\":\"https:\\\/\\\/marcelolopes.jor.br\\\/site\\\/#\\\/schema\\\/logo\\\/image\\\/\",\"url\":\"https:\\\/\\\/marcelolopes.jor.br\\\/site\\\/wp-content\\\/uploads\\\/2024\\\/11\\\/logo-1.png\",\"contentUrl\":\"https:\\\/\\\/marcelolopes.jor.br\\\/site\\\/wp-content\\\/uploads\\\/2024\\\/11\\\/logo-1.png\",\"width\":475,\"height\":80,\"caption\":\"Site do Marcelo Lopes\"},\"image\":{\"@id\":\"https:\\\/\\\/marcelolopes.jor.br\\\/site\\\/#\\\/schema\\\/logo\\\/image\\\/\"},\"sameAs\":[\"https:\\\/\\\/www.facebook.com\\\/sitedomarcelolopes\",\"https:\\\/\\\/www.instagram.com\\\/sitedomarcelolopes\\\/\",\"https:\\\/\\\/www.linkedin.com\\\/company\\\/site-do-marcelo-lopes\\\/\",\"https:\\\/\\\/www.youtube.com\\\/user\\\/marcelolopes957\"]},{\"@type\":\"Person\",\"@id\":\"https:\\\/\\\/marcelolopes.jor.br\\\/site\\\/#\\\/schema\\\/person\\\/3e7216a35c34d8fdf952b31da3d1f89f\",\"name\":\"Marcelo Lopes\",\"sameAs\":[\"http:\\\/\\\/www.marcelolopes.jor.br\"],\"url\":\"https:\\\/\\\/marcelolopes.jor.br\\\/site\\\/author\\\/marcelo\\\/\"}]}<\/script>\n<!-- \/ Yoast SEO plugin. -->","yoast_head_json":{"title":"Reabertas inscri\u00e7\u00f5es do Enem para isentos ausentes no exame de 2020 | Marcelo Lopes","robots":{"index":"index","follow":"follow","max-snippet":"max-snippet:-1","max-image-preview":"max-image-preview:large","max-video-preview":"max-video-preview:-1"},"canonical":"https:\/\/marcelolopes.jor.br\/site\/2021\/09\/14\/reabertas-inscricoes-do-enem-para-isentos-ausentes-no-exame-de-2020\/","og_locale":"pt_BR","og_type":"article","og_title":"Reabertas inscri\u00e7\u00f5es do Enem para isentos ausentes no exame de 2020 | Marcelo Lopes","og_description":"As inscri\u00e7\u00f5es do Exame Nacional do Ensino M\u00e9dio (Enem) 2021 come\u00e7am hoje, 14 de setembro, para os estudantes de baixa renda que tiveram isen\u00e7\u00e3o de taxa na edi\u00e7\u00e3o do exame em 2020 e n\u00e3o compareceram \u00e0s provas. Elas podem serLeia mais Reabertas inscri\u00e7\u00f5es do Enem para isentos ausentes no exame de 2020","og_url":"https:\/\/marcelolopes.jor.br\/site\/2021\/09\/14\/reabertas-inscricoes-do-enem-para-isentos-ausentes-no-exame-de-2020\/","og_site_name":"Marcelo Lopes","article_publisher":"https:\/\/www.facebook.com\/sitedomarcelolopes","article_published_time":"2021-09-14T15:00:51+00:00","og_image":[{"width":1170,"height":700,"url":"https:\/\/marcelolopes.jor.br\/site\/wp-content\/uploads\/2021\/09\/Enem.jpg","type":"image\/jpeg"}],"author":"Marcelo Lopes","twitter_card":"summary_large_image","twitter_misc":{"Escrito por":"Marcelo Lopes","Est. tempo de leitura":"2 minutos"},"schema":{"@context":"https:\/\/schema.org","@graph":[{"@type":"NewsArticle","@id":"https:\/\/marcelolopes.jor.br\/site\/2021\/09\/14\/reabertas-inscricoes-do-enem-para-isentos-ausentes-no-exame-de-2020\/#article","isPartOf":{"@id":"https:\/\/marcelolopes.jor.br\/site\/2021\/09\/14\/reabertas-inscricoes-do-enem-para-isentos-ausentes-no-exame-de-2020\/"},"author":{"name":"Marcelo Lopes","@id":"https:\/\/marcelolopes.jor.br\/site\/#\/schema\/person\/3e7216a35c34d8fdf952b31da3d1f89f"},"headline":"Reabertas inscri\u00e7\u00f5es do Enem para isentos ausentes no exame de 2020","datePublished":"2021-09-14T15:00:51+00:00","mainEntityOfPage":{"@id":"https:\/\/marcelolopes.jor.br\/site\/2021\/09\/14\/reabertas-inscricoes-do-enem-para-isentos-ausentes-no-exame-de-2020\/"},"wordCount":413,"commentCount":0,"publisher":{"@id":"https:\/\/marcelolopes.jor.br\/site\/#organization"},"image":{"@id":"https:\/\/marcelolopes.jor.br\/site\/2021\/09\/14\/reabertas-inscricoes-do-enem-para-isentos-ausentes-no-exame-de-2020\/#primaryimage"},"thumbnailUrl":"https:\/\/marcelolopes.jor.br\/site\/wp-content\/uploads\/2021\/09\/Enem.jpg","keywords":["ENEM 2021","inscri\u00e7\u00f5es do Enem","isen\u00e7\u00e3o da taxa","provas do Enem"],"articleSection":["Not\u00edcias"],"inLanguage":"pt-BR","potentialAction":[{"@type":"CommentAction","name":"Comment","target":["https:\/\/marcelolopes.jor.br\/site\/2021\/09\/14\/reabertas-inscricoes-do-enem-para-isentos-ausentes-no-exame-de-2020\/#respond"]}]},{"@type":"WebPage","@id":"https:\/\/marcelolopes.jor.br\/site\/2021\/09\/14\/reabertas-inscricoes-do-enem-para-isentos-ausentes-no-exame-de-2020\/","url":"https:\/\/marcelolopes.jor.br\/site\/2021\/09\/14\/reabertas-inscricoes-do-enem-para-isentos-ausentes-no-exame-de-2020\/","name":"Reabertas inscri\u00e7\u00f5es do Enem para isentos ausentes no exame de 2020 | Marcelo Lopes","isPartOf":{"@id":"https:\/\/marcelolopes.jor.br\/site\/#website"},"primaryImageOfPage":{"@id":"https:\/\/marcelolopes.jor.br\/site\/2021\/09\/14\/reabertas-inscricoes-do-enem-para-isentos-ausentes-no-exame-de-2020\/#primaryimage"},"image":{"@id":"https:\/\/marcelolopes.jor.br\/site\/2021\/09\/14\/reabertas-inscricoes-do-enem-para-isentos-ausentes-no-exame-de-2020\/#primaryimage"},"thumbnailUrl":"https:\/\/marcelolopes.jor.br\/site\/wp-content\/uploads\/2021\/09\/Enem.jpg","datePublished":"2021-09-14T15:00:51+00:00","breadcrumb":{"@id":"https:\/\/marcelolopes.jor.br\/site\/2021\/09\/14\/reabertas-inscricoes-do-enem-para-isentos-ausentes-no-exame-de-2020\/#breadcrumb"},"inLanguage":"pt-BR","potentialAction":[{"@type":"ReadAction","target":["https:\/\/marcelolopes.jor.br\/site\/2021\/09\/14\/reabertas-inscricoes-do-enem-para-isentos-ausentes-no-exame-de-2020\/"]}]},{"@type":"ImageObject","inLanguage":"pt-BR","@id":"https:\/\/marcelolopes.jor.br\/site\/2021\/09\/14\/reabertas-inscricoes-do-enem-para-isentos-ausentes-no-exame-de-2020\/#primaryimage","url":"https:\/\/marcelolopes.jor.br\/site\/wp-content\/uploads\/2021\/09\/Enem.jpg","contentUrl":"https:\/\/marcelolopes.jor.br\/site\/wp-content\/uploads\/2021\/09\/Enem.jpg","width":1170,"height":700,"caption":"Exame Nacional do Ensino M\u00e9dio,Enem"},{"@type":"BreadcrumbList","@id":"https:\/\/marcelolopes.jor.br\/site\/2021\/09\/14\/reabertas-inscricoes-do-enem-para-isentos-ausentes-no-exame-de-2020\/#breadcrumb","itemListElement":[{"@type":"ListItem","position":1,"name":"Home","item":"https:\/\/marcelolopes.jor.br\/site\/"},{"@type":"ListItem","position":2,"name":"Reabertas inscri\u00e7\u00f5es do Enem para isentos ausentes no exame de 2020"}]},{"@type":"WebSite","@id":"https:\/\/marcelolopes.jor.br\/site\/#website","url":"https:\/\/marcelolopes.jor.br\/site\/","name":"Marcelo Lopes","description":"Not\u00edcias de Cataguases e Regi\u00e3o","publisher":{"@id":"https:\/\/marcelolopes.jor.br\/site\/#organization"},"potentialAction":[{"@type":"SearchAction","target":{"@type":"EntryPoint","urlTemplate":"https:\/\/marcelolopes.jor.br\/site\/?s={search_term_string}"},"query-input":{"@type":"PropertyValueSpecification","valueRequired":true,"valueName":"search_term_string"}}],"inLanguage":"pt-BR"},{"@type":"Organization","@id":"https:\/\/marcelolopes.jor.br\/site\/#organization","name":"Site do Marcelo Lopes","url":"https:\/\/marcelolopes.jor.br\/site\/","logo":{"@type":"ImageObject","inLanguage":"pt-BR","@id":"https:\/\/marcelolopes.jor.br\/site\/#\/schema\/logo\/image\/","url":"https:\/\/marcelolopes.jor.br\/site\/wp-content\/uploads\/2024\/11\/logo-1.png","contentUrl":"https:\/\/marcelolopes.jor.br\/site\/wp-content\/uploads\/2024\/11\/logo-1.png","width":475,"height":80,"caption":"Site do Marcelo Lopes"},"image":{"@id":"https:\/\/marcelolopes.jor.br\/site\/#\/schema\/logo\/image\/"},"sameAs":["https:\/\/www.facebook.com\/sitedomarcelolopes","https:\/\/www.instagram.com\/sitedomarcelolopes\/","https:\/\/www.linkedin.com\/company\/site-do-marcelo-lopes\/","https:\/\/www.youtube.com\/user\/marcelolopes957"]},{"@type":"Person","@id":"https:\/\/marcelolopes.jor.br\/site\/#\/schema\/person\/3e7216a35c34d8fdf952b31da3d1f89f","name":"Marcelo Lopes","sameAs":["http:\/\/www.marcelolopes.jor.br"],"url":"https:\/\/marcelolopes.jor.br\/site\/author\/marcelo\/"}]}},"wps_subtitle":"Para esse p\u00fablico, as provas do Enem ser\u00e3o aplicadas em 9 e 16 de janeiro.\u2028","_links":{"self":[{"href":"https:\/\/marcelolopes.jor.br\/site\/wp-json\/wp\/v2\/posts\/26913","targetHints":{"allow":["GET"]}}],"collection":[{"href":"https:\/\/marcelolopes.jor.br\/site\/wp-json\/wp\/v2\/posts"}],"about":[{"href":"https:\/\/marcelolopes.jor.br\/site\/wp-json\/wp\/v2\/types\/post"}],"author":[{"embeddable":true,"href":"https:\/\/marcelolopes.jor.br\/site\/wp-json\/wp\/v2\/users\/2"}],"replies":[{"embeddable":true,"href":"https:\/\/marcelolopes.jor.br\/site\/wp-json\/wp\/v2\/comments?post=26913"}],"version-history":[{"count":0,"href":"https:\/\/marcelolopes.jor.br\/site\/wp-json\/wp\/v2\/posts\/26913\/revisions"}],"wp:featuredmedia":[{"embeddable":true,"href":"https:\/\/marcelolopes.jor.br\/site\/wp-json\/wp\/v2\/media\/26915"}],"wp:attachment":[{"href":"https:\/\/marcelolopes.jor.br\/site\/wp-json\/wp\/v2\/media?parent=26913"}],"wp:term":[{"taxonomy":"category","embeddable":true,"href":"https:\/\/marcelolopes.jor.br\/site\/wp-json\/wp\/v2\/categories?post=26913"},{"taxonomy":"post_tag","embeddable":true,"href":"https:\/\/marcelolopes.jor.br\/site\/wp-json\/wp\/v2\/tags?post=26913"}],"curies":[{"name":"wp","href":"https:\/\/api.w.org\/{rel}","templated":true}]}}