{"id":26822,"date":"2021-09-10T12:00:15","date_gmt":"2021-09-10T15:00:15","guid":{"rendered":"https:\/\/marcelolopes.jor.br\/?p=26822"},"modified":"2021-09-10T09:49:10","modified_gmt":"2021-09-10T12:49:10","slug":"if-sudeste-de-cataguases-abre-inscricoes-para-tres-cursos-gratuitos","status":"publish","type":"post","link":"https:\/\/marcelolopes.jor.br\/site\/2021\/09\/10\/if-sudeste-de-cataguases-abre-inscricoes-para-tres-cursos-gratuitos\/","title":{"rendered":"IF Sudeste de Cataguases abre inscri\u00e7\u00f5es para tr\u00eas cursos gratuitos"},"content":{"rendered":"<p style=\"text-align: justify;\">O IF Sudeste MG, Campus Avan\u00e7ado Cataguases, est\u00e1 lan\u00e7ando tr\u00eas cursos de forma\u00e7\u00e3o inicial cujas aulas v\u00e3o come\u00e7ar neste segundo semestre. S\u00e3o 180 vagas no total, sendo 60 para o curso de Ingl\u00eas B\u00e1sico (noturno), 60 para o curso de Operador de Computador (noturno) e 60 vagas para o curso de Programador Web (tarde). Todos eles s\u00e3o gratuitos. Os interessados podem se inscrever at\u00e9 o dia 1\u00ba de outubro <a href=\"https:\/\/forms.gle\/7HZUxy6kzdmgCWNCA\"><strong><span style=\"color: #800080;\">clicando aqui<\/span><\/strong><\/a>.<!--more--><\/p>\n<p style=\"text-align: justify;\"><a href=\"http:\/\/www.agenciaram.com.br\"><img loading=\"lazy\" decoding=\"async\" class=\"aligncenter wp-image-26617 size-full\" src=\"https:\/\/marcelolopes.jor.br\/site\/wp-content\/uploads\/2021\/09\/Banner-Ag\u00eancia-RAM.jpeg\" alt=\"\" width=\"800\" height=\"214\" srcset=\"https:\/\/marcelolopes.jor.br\/site\/wp-content\/uploads\/2021\/09\/Banner-Ag\u00eancia-RAM.jpeg 800w, https:\/\/marcelolopes.jor.br\/site\/wp-content\/uploads\/2021\/09\/Banner-Ag\u00eancia-RAM-300x80.jpeg 300w, https:\/\/marcelolopes.jor.br\/site\/wp-content\/uploads\/2021\/09\/Banner-Ag\u00eancia-RAM-768x205.jpeg 768w\" sizes=\"auto, (max-width: 800px) 100vw, 800px\" \/><\/a>As aulas ser\u00e3o presenciais, mas enquanto durarem as medidas sanit\u00e1rias contra a Covid-19 as atividades acad\u00eamicas ser\u00e3o realizadas atrav\u00e9s do Ensino Remoto Emergencial (ERE), e ter\u00e3o in\u00edcio no dia 20 de outubro de 2021, com previs\u00e3o de t\u00e9rmino no m\u00eas de mar\u00e7o de 2022. As vagas ofertadas para os cursos ser\u00e3o preenchidas por ordem de inscri\u00e7\u00e3o, sendo que os excedentes entrar\u00e3o em uma lista de espera.<\/p>\n<p style=\"text-align: justify;\">Os interessados em fazer um dos cursos devem se enquadrar nas seguintes exig\u00eancias:<\/p>\n<p style=\"text-align: justify;\"><strong>Curso de Ingl\u00eas B\u00e1sico<\/strong> &#8211; Ter cursado o Ensino Fundamental I Completo (1\u00ba ao 5\u00ba Ano) e ter idade igual ou superior a 15 anos.<\/p>\n<p style=\"text-align: justify;\"><strong>Curso de Operador de Computador<\/strong> &#8211; Ter cursado o Ensino Fundamental I Completo (1\u00ba ao 5\u00ba Ano) e ter idade igual ou superior a 15 anos.<\/p>\n<p style=\"text-align: justify;\"><strong>Curso de Programador Web<\/strong> &#8211; Ter cursado o Ensino Fundamental II Completo (6\u00ba ao 9\u00ba Ano) e ter idade igual ou superior a 15 (quinze) anos.<\/p>\n<p style=\"text-align: justify;\">O resultado final com os nomes dos inscritos ser\u00e1 divulgado dia 18 de outubro. Todos os detalhes est\u00e3o no edital que est\u00e1 dispon\u00edvel para download abaixo.<\/p>\n<p><a href=\"https:\/\/marcelolopes.jor.br\/site\/wp-content\/uploads\/2021\/09\/edital_05_21-cursos-fic-2021-2.pdf\">edital_05_21-cursos-fic-2021-2<\/a><\/p>\n<div class=\"zsluv69f710d1668ab\" ><br><\/div><style type=\"text\/css\">\r\n@media screen and (min-width: 1201px) {\r\n.zsluv69f710d1668ab {\r\ndisplay: block;\r\n}\r\n}\r\n@media screen and (min-width: 993px) and (max-width: 1200px) {\r\n.zsluv69f710d1668ab {\r\ndisplay: block;\r\n}\r\n}\r\n@media screen and (min-width: 769px) and (max-width: 992px) {\r\n.zsluv69f710d1668ab {\r\ndisplay: block;\r\n}\r\n}\r\n@media screen and (min-width: 768px) and (max-width: 768px) {\r\n.zsluv69f710d1668ab {\r\ndisplay: block;\r\n}\r\n}\r\n@media screen and (max-width: 767px) {\r\n.zsluv69f710d1668ab {\r\ndisplay: block;\r\n}\r\n}\r\n<\/style>\r\n<div class=\"sgbdq69f710d16cb27\" ><div id=\"div_destino\"><\/div>\r\n<script src=\"https:\/\/cdn.snsrsv.com\/sdk.js\"><\/script>\r\n<script >\r\n      new sdk(\"464030C30061EA8BE065000000000001\") \r\n          .appendTo(\"div_destino\")\r\n          .disableStyle(true) \r\n          .setCacheBusterMacro(\"%%CACHEBUSTER%%\")\r\n          .setSize(\"800\",\"214\")\r\n          .setClickMacro(\"%%CLICK_URL_ESC%%\") \r\n          .setReferrerUrlMacro(\"%%REFERRER_URL_ESC%%\") \r\n          .start(); \r\n<\/script><\/div><style type=\"text\/css\">\r\n@media screen and (min-width: 1201px) {\r\n.sgbdq69f710d16cb27 {\r\ndisplay: block;\r\n}\r\n}\r\n@media screen and (min-width: 993px) and (max-width: 1200px) {\r\n.sgbdq69f710d16cb27 {\r\ndisplay: block;\r\n}\r\n}\r\n@media screen and (min-width: 769px) and (max-width: 992px) {\r\n.sgbdq69f710d16cb27 {\r\ndisplay: block;\r\n}\r\n}\r\n@media screen and (min-width: 768px) and (max-width: 768px) {\r\n.sgbdq69f710d16cb27 {\r\ndisplay: block;\r\n}\r\n}\r\n@media screen and (max-width: 767px) {\r\n.sgbdq69f710d16cb27 {\r\ndisplay: block;\r\n}\r\n}\r\n<\/style>\r\n","protected":false},"excerpt":{"rendered":"<p>O IF Sudeste MG, Campus Avan\u00e7ado Cataguases, est\u00e1 lan\u00e7ando tr\u00eas cursos de forma\u00e7\u00e3o inicial cujas aulas v\u00e3o come\u00e7ar neste segundo semestre. S\u00e3o 180 vagas no total, sendo 60 para o curso de Ingl\u00eas B\u00e1sico (noturno), 60 para o curso de<\/p>\n<p class=\"link-more\"><a class=\"more-link\" href=\"https:\/\/marcelolopes.jor.br\/site\/2021\/09\/10\/if-sudeste-de-cataguases-abre-inscricoes-para-tres-cursos-gratuitos\/\">Leia mais <span class=\"screen-reader-text\">IF Sudeste de Cataguases abre inscri\u00e7\u00f5es para tr\u00eas cursos gratuitos<\/span><\/a><\/p>\n","protected":false},"author":2,"featured_media":26825,"comment_status":"open","ping_status":"open","sticky":false,"template":"","format":"standard","meta":{"footnotes":""},"categories":[1],"tags":[2345,1336,2874,1191],"class_list":["post-26822","post","type-post","status-publish","format-standard","has-post-thumbnail","hentry","category-noticias","tag-cursos-gratuitos","tag-cursos-profissionalizantes","tag-if-sudeste-cataguases","tag-inscricoes-abertas","thumb-below-title"],"yoast_head":"<!-- This site is optimized with the Yoast SEO plugin v27.4 - https:\/\/yoast.com\/product\/yoast-seo-wordpress\/ -->\n<title>IF Sudeste de Cataguases abre inscri\u00e7\u00f5es para tr\u00eas cursos gratuitos | Marcelo Lopes<\/title>\n<meta name=\"robots\" content=\"index, follow, max-snippet:-1, max-image-preview:large, max-video-preview:-1\" \/>\n<link rel=\"canonical\" href=\"https:\/\/marcelolopes.jor.br\/site\/2021\/09\/10\/if-sudeste-de-cataguases-abre-inscricoes-para-tres-cursos-gratuitos\/\" \/>\n<meta property=\"og:locale\" content=\"pt_BR\" \/>\n<meta property=\"og:type\" content=\"article\" \/>\n<meta property=\"og:title\" content=\"IF Sudeste de Cataguases abre inscri\u00e7\u00f5es para tr\u00eas cursos gratuitos | Marcelo Lopes\" \/>\n<meta property=\"og:description\" content=\"O IF Sudeste MG, Campus Avan\u00e7ado Cataguases, est\u00e1 lan\u00e7ando tr\u00eas cursos de forma\u00e7\u00e3o inicial cujas aulas v\u00e3o come\u00e7ar neste segundo semestre. S\u00e3o 180 vagas no total, sendo 60 para o curso de Ingl\u00eas B\u00e1sico (noturno), 60 para o curso deLeia mais IF Sudeste de Cataguases abre inscri\u00e7\u00f5es para tr\u00eas cursos gratuitos\" \/>\n<meta property=\"og:url\" content=\"https:\/\/marcelolopes.jor.br\/site\/2021\/09\/10\/if-sudeste-de-cataguases-abre-inscricoes-para-tres-cursos-gratuitos\/\" \/>\n<meta property=\"og:site_name\" content=\"Marcelo Lopes\" \/>\n<meta property=\"article:publisher\" content=\"https:\/\/www.facebook.com\/sitedomarcelolopes\" \/>\n<meta property=\"article:published_time\" content=\"2021-09-10T15:00:15+00:00\" \/>\n<meta property=\"og:image\" content=\"https:\/\/marcelolopes.jor.br\/site\/wp-content\/uploads\/2021\/09\/IMG_0124.jpg\" \/>\n\t<meta property=\"og:image:width\" content=\"640\" \/>\n\t<meta property=\"og:image:height\" content=\"480\" \/>\n\t<meta property=\"og:image:type\" content=\"image\/jpeg\" \/>\n<meta name=\"author\" content=\"Marcelo Lopes\" \/>\n<meta name=\"twitter:card\" content=\"summary_large_image\" \/>\n<meta name=\"twitter:label1\" content=\"Escrito por\" \/>\n\t<meta name=\"twitter:data1\" content=\"Marcelo Lopes\" \/>\n\t<meta name=\"twitter:label2\" content=\"Est. tempo de leitura\" \/>\n\t<meta name=\"twitter:data2\" content=\"1 minuto\" \/>\n<script type=\"application\/ld+json\" class=\"yoast-schema-graph\">{\"@context\":\"https:\\\/\\\/schema.org\",\"@graph\":[{\"@type\":\"NewsArticle\",\"@id\":\"https:\\\/\\\/marcelolopes.jor.br\\\/site\\\/2021\\\/09\\\/10\\\/if-sudeste-de-cataguases-abre-inscricoes-para-tres-cursos-gratuitos\\\/#article\",\"isPartOf\":{\"@id\":\"https:\\\/\\\/marcelolopes.jor.br\\\/site\\\/2021\\\/09\\\/10\\\/if-sudeste-de-cataguases-abre-inscricoes-para-tres-cursos-gratuitos\\\/\"},\"author\":{\"name\":\"Marcelo Lopes\",\"@id\":\"https:\\\/\\\/marcelolopes.jor.br\\\/site\\\/#\\\/schema\\\/person\\\/3e7216a35c34d8fdf952b31da3d1f89f\"},\"headline\":\"IF Sudeste de Cataguases abre inscri\u00e7\u00f5es para tr\u00eas cursos gratuitos\",\"datePublished\":\"2021-09-10T15:00:15+00:00\",\"mainEntityOfPage\":{\"@id\":\"https:\\\/\\\/marcelolopes.jor.br\\\/site\\\/2021\\\/09\\\/10\\\/if-sudeste-de-cataguases-abre-inscricoes-para-tres-cursos-gratuitos\\\/\"},\"wordCount\":279,\"commentCount\":0,\"publisher\":{\"@id\":\"https:\\\/\\\/marcelolopes.jor.br\\\/site\\\/#organization\"},\"image\":{\"@id\":\"https:\\\/\\\/marcelolopes.jor.br\\\/site\\\/2021\\\/09\\\/10\\\/if-sudeste-de-cataguases-abre-inscricoes-para-tres-cursos-gratuitos\\\/#primaryimage\"},\"thumbnailUrl\":\"https:\\\/\\\/marcelolopes.jor.br\\\/site\\\/wp-content\\\/uploads\\\/2021\\\/09\\\/IMG_0124.jpg\",\"keywords\":[\"cursos gratuitos\",\"cursos profissionalizantes\",\"IF Sudeste Cataguases\",\"Inscri\u00e7\u00f5es abertas\"],\"articleSection\":[\"Not\u00edcias\"],\"inLanguage\":\"pt-BR\",\"potentialAction\":[{\"@type\":\"CommentAction\",\"name\":\"Comment\",\"target\":[\"https:\\\/\\\/marcelolopes.jor.br\\\/site\\\/2021\\\/09\\\/10\\\/if-sudeste-de-cataguases-abre-inscricoes-para-tres-cursos-gratuitos\\\/#respond\"]}]},{\"@type\":\"WebPage\",\"@id\":\"https:\\\/\\\/marcelolopes.jor.br\\\/site\\\/2021\\\/09\\\/10\\\/if-sudeste-de-cataguases-abre-inscricoes-para-tres-cursos-gratuitos\\\/\",\"url\":\"https:\\\/\\\/marcelolopes.jor.br\\\/site\\\/2021\\\/09\\\/10\\\/if-sudeste-de-cataguases-abre-inscricoes-para-tres-cursos-gratuitos\\\/\",\"name\":\"IF Sudeste de Cataguases abre inscri\u00e7\u00f5es para tr\u00eas cursos gratuitos | Marcelo Lopes\",\"isPartOf\":{\"@id\":\"https:\\\/\\\/marcelolopes.jor.br\\\/site\\\/#website\"},\"primaryImageOfPage\":{\"@id\":\"https:\\\/\\\/marcelolopes.jor.br\\\/site\\\/2021\\\/09\\\/10\\\/if-sudeste-de-cataguases-abre-inscricoes-para-tres-cursos-gratuitos\\\/#primaryimage\"},\"image\":{\"@id\":\"https:\\\/\\\/marcelolopes.jor.br\\\/site\\\/2021\\\/09\\\/10\\\/if-sudeste-de-cataguases-abre-inscricoes-para-tres-cursos-gratuitos\\\/#primaryimage\"},\"thumbnailUrl\":\"https:\\\/\\\/marcelolopes.jor.br\\\/site\\\/wp-content\\\/uploads\\\/2021\\\/09\\\/IMG_0124.jpg\",\"datePublished\":\"2021-09-10T15:00:15+00:00\",\"breadcrumb\":{\"@id\":\"https:\\\/\\\/marcelolopes.jor.br\\\/site\\\/2021\\\/09\\\/10\\\/if-sudeste-de-cataguases-abre-inscricoes-para-tres-cursos-gratuitos\\\/#breadcrumb\"},\"inLanguage\":\"pt-BR\",\"potentialAction\":[{\"@type\":\"ReadAction\",\"target\":[\"https:\\\/\\\/marcelolopes.jor.br\\\/site\\\/2021\\\/09\\\/10\\\/if-sudeste-de-cataguases-abre-inscricoes-para-tres-cursos-gratuitos\\\/\"]}]},{\"@type\":\"ImageObject\",\"inLanguage\":\"pt-BR\",\"@id\":\"https:\\\/\\\/marcelolopes.jor.br\\\/site\\\/2021\\\/09\\\/10\\\/if-sudeste-de-cataguases-abre-inscricoes-para-tres-cursos-gratuitos\\\/#primaryimage\",\"url\":\"https:\\\/\\\/marcelolopes.jor.br\\\/site\\\/wp-content\\\/uploads\\\/2021\\\/09\\\/IMG_0124.jpg\",\"contentUrl\":\"https:\\\/\\\/marcelolopes.jor.br\\\/site\\\/wp-content\\\/uploads\\\/2021\\\/09\\\/IMG_0124.jpg\",\"width\":640,\"height\":480},{\"@type\":\"BreadcrumbList\",\"@id\":\"https:\\\/\\\/marcelolopes.jor.br\\\/site\\\/2021\\\/09\\\/10\\\/if-sudeste-de-cataguases-abre-inscricoes-para-tres-cursos-gratuitos\\\/#breadcrumb\",\"itemListElement\":[{\"@type\":\"ListItem\",\"position\":1,\"name\":\"Home\",\"item\":\"https:\\\/\\\/marcelolopes.jor.br\\\/site\\\/\"},{\"@type\":\"ListItem\",\"position\":2,\"name\":\"IF Sudeste de Cataguases abre inscri\u00e7\u00f5es para tr\u00eas cursos gratuitos\"}]},{\"@type\":\"WebSite\",\"@id\":\"https:\\\/\\\/marcelolopes.jor.br\\\/site\\\/#website\",\"url\":\"https:\\\/\\\/marcelolopes.jor.br\\\/site\\\/\",\"name\":\"Marcelo Lopes\",\"description\":\"Not\u00edcias de Cataguases e Regi\u00e3o\",\"publisher\":{\"@id\":\"https:\\\/\\\/marcelolopes.jor.br\\\/site\\\/#organization\"},\"potentialAction\":[{\"@type\":\"SearchAction\",\"target\":{\"@type\":\"EntryPoint\",\"urlTemplate\":\"https:\\\/\\\/marcelolopes.jor.br\\\/site\\\/?s={search_term_string}\"},\"query-input\":{\"@type\":\"PropertyValueSpecification\",\"valueRequired\":true,\"valueName\":\"search_term_string\"}}],\"inLanguage\":\"pt-BR\"},{\"@type\":\"Organization\",\"@id\":\"https:\\\/\\\/marcelolopes.jor.br\\\/site\\\/#organization\",\"name\":\"Site do Marcelo Lopes\",\"url\":\"https:\\\/\\\/marcelolopes.jor.br\\\/site\\\/\",\"logo\":{\"@type\":\"ImageObject\",\"inLanguage\":\"pt-BR\",\"@id\":\"https:\\\/\\\/marcelolopes.jor.br\\\/site\\\/#\\\/schema\\\/logo\\\/image\\\/\",\"url\":\"https:\\\/\\\/marcelolopes.jor.br\\\/site\\\/wp-content\\\/uploads\\\/2024\\\/11\\\/logo-1.png\",\"contentUrl\":\"https:\\\/\\\/marcelolopes.jor.br\\\/site\\\/wp-content\\\/uploads\\\/2024\\\/11\\\/logo-1.png\",\"width\":475,\"height\":80,\"caption\":\"Site do Marcelo Lopes\"},\"image\":{\"@id\":\"https:\\\/\\\/marcelolopes.jor.br\\\/site\\\/#\\\/schema\\\/logo\\\/image\\\/\"},\"sameAs\":[\"https:\\\/\\\/www.facebook.com\\\/sitedomarcelolopes\",\"https:\\\/\\\/www.instagram.com\\\/sitedomarcelolopes\\\/\",\"https:\\\/\\\/www.linkedin.com\\\/company\\\/site-do-marcelo-lopes\\\/\",\"https:\\\/\\\/www.youtube.com\\\/user\\\/marcelolopes957\"]},{\"@type\":\"Person\",\"@id\":\"https:\\\/\\\/marcelolopes.jor.br\\\/site\\\/#\\\/schema\\\/person\\\/3e7216a35c34d8fdf952b31da3d1f89f\",\"name\":\"Marcelo Lopes\",\"sameAs\":[\"http:\\\/\\\/www.marcelolopes.jor.br\"],\"url\":\"https:\\\/\\\/marcelolopes.jor.br\\\/site\\\/author\\\/marcelo\\\/\"}]}<\/script>\n<!-- \/ Yoast SEO plugin. -->","yoast_head_json":{"title":"IF Sudeste de Cataguases abre inscri\u00e7\u00f5es para tr\u00eas cursos gratuitos | Marcelo Lopes","robots":{"index":"index","follow":"follow","max-snippet":"max-snippet:-1","max-image-preview":"max-image-preview:large","max-video-preview":"max-video-preview:-1"},"canonical":"https:\/\/marcelolopes.jor.br\/site\/2021\/09\/10\/if-sudeste-de-cataguases-abre-inscricoes-para-tres-cursos-gratuitos\/","og_locale":"pt_BR","og_type":"article","og_title":"IF Sudeste de Cataguases abre inscri\u00e7\u00f5es para tr\u00eas cursos gratuitos | Marcelo Lopes","og_description":"O IF Sudeste MG, Campus Avan\u00e7ado Cataguases, est\u00e1 lan\u00e7ando tr\u00eas cursos de forma\u00e7\u00e3o inicial cujas aulas v\u00e3o come\u00e7ar neste segundo semestre. S\u00e3o 180 vagas no total, sendo 60 para o curso de Ingl\u00eas B\u00e1sico (noturno), 60 para o curso deLeia mais IF Sudeste de Cataguases abre inscri\u00e7\u00f5es para tr\u00eas cursos gratuitos","og_url":"https:\/\/marcelolopes.jor.br\/site\/2021\/09\/10\/if-sudeste-de-cataguases-abre-inscricoes-para-tres-cursos-gratuitos\/","og_site_name":"Marcelo Lopes","article_publisher":"https:\/\/www.facebook.com\/sitedomarcelolopes","article_published_time":"2021-09-10T15:00:15+00:00","og_image":[{"width":640,"height":480,"url":"https:\/\/marcelolopes.jor.br\/site\/wp-content\/uploads\/2021\/09\/IMG_0124.jpg","type":"image\/jpeg"}],"author":"Marcelo Lopes","twitter_card":"summary_large_image","twitter_misc":{"Escrito por":"Marcelo Lopes","Est. tempo de leitura":"1 minuto"},"schema":{"@context":"https:\/\/schema.org","@graph":[{"@type":"NewsArticle","@id":"https:\/\/marcelolopes.jor.br\/site\/2021\/09\/10\/if-sudeste-de-cataguases-abre-inscricoes-para-tres-cursos-gratuitos\/#article","isPartOf":{"@id":"https:\/\/marcelolopes.jor.br\/site\/2021\/09\/10\/if-sudeste-de-cataguases-abre-inscricoes-para-tres-cursos-gratuitos\/"},"author":{"name":"Marcelo Lopes","@id":"https:\/\/marcelolopes.jor.br\/site\/#\/schema\/person\/3e7216a35c34d8fdf952b31da3d1f89f"},"headline":"IF Sudeste de Cataguases abre inscri\u00e7\u00f5es para tr\u00eas cursos gratuitos","datePublished":"2021-09-10T15:00:15+00:00","mainEntityOfPage":{"@id":"https:\/\/marcelolopes.jor.br\/site\/2021\/09\/10\/if-sudeste-de-cataguases-abre-inscricoes-para-tres-cursos-gratuitos\/"},"wordCount":279,"commentCount":0,"publisher":{"@id":"https:\/\/marcelolopes.jor.br\/site\/#organization"},"image":{"@id":"https:\/\/marcelolopes.jor.br\/site\/2021\/09\/10\/if-sudeste-de-cataguases-abre-inscricoes-para-tres-cursos-gratuitos\/#primaryimage"},"thumbnailUrl":"https:\/\/marcelolopes.jor.br\/site\/wp-content\/uploads\/2021\/09\/IMG_0124.jpg","keywords":["cursos gratuitos","cursos profissionalizantes","IF Sudeste Cataguases","Inscri\u00e7\u00f5es abertas"],"articleSection":["Not\u00edcias"],"inLanguage":"pt-BR","potentialAction":[{"@type":"CommentAction","name":"Comment","target":["https:\/\/marcelolopes.jor.br\/site\/2021\/09\/10\/if-sudeste-de-cataguases-abre-inscricoes-para-tres-cursos-gratuitos\/#respond"]}]},{"@type":"WebPage","@id":"https:\/\/marcelolopes.jor.br\/site\/2021\/09\/10\/if-sudeste-de-cataguases-abre-inscricoes-para-tres-cursos-gratuitos\/","url":"https:\/\/marcelolopes.jor.br\/site\/2021\/09\/10\/if-sudeste-de-cataguases-abre-inscricoes-para-tres-cursos-gratuitos\/","name":"IF Sudeste de Cataguases abre inscri\u00e7\u00f5es para tr\u00eas cursos gratuitos | Marcelo Lopes","isPartOf":{"@id":"https:\/\/marcelolopes.jor.br\/site\/#website"},"primaryImageOfPage":{"@id":"https:\/\/marcelolopes.jor.br\/site\/2021\/09\/10\/if-sudeste-de-cataguases-abre-inscricoes-para-tres-cursos-gratuitos\/#primaryimage"},"image":{"@id":"https:\/\/marcelolopes.jor.br\/site\/2021\/09\/10\/if-sudeste-de-cataguases-abre-inscricoes-para-tres-cursos-gratuitos\/#primaryimage"},"thumbnailUrl":"https:\/\/marcelolopes.jor.br\/site\/wp-content\/uploads\/2021\/09\/IMG_0124.jpg","datePublished":"2021-09-10T15:00:15+00:00","breadcrumb":{"@id":"https:\/\/marcelolopes.jor.br\/site\/2021\/09\/10\/if-sudeste-de-cataguases-abre-inscricoes-para-tres-cursos-gratuitos\/#breadcrumb"},"inLanguage":"pt-BR","potentialAction":[{"@type":"ReadAction","target":["https:\/\/marcelolopes.jor.br\/site\/2021\/09\/10\/if-sudeste-de-cataguases-abre-inscricoes-para-tres-cursos-gratuitos\/"]}]},{"@type":"ImageObject","inLanguage":"pt-BR","@id":"https:\/\/marcelolopes.jor.br\/site\/2021\/09\/10\/if-sudeste-de-cataguases-abre-inscricoes-para-tres-cursos-gratuitos\/#primaryimage","url":"https:\/\/marcelolopes.jor.br\/site\/wp-content\/uploads\/2021\/09\/IMG_0124.jpg","contentUrl":"https:\/\/marcelolopes.jor.br\/site\/wp-content\/uploads\/2021\/09\/IMG_0124.jpg","width":640,"height":480},{"@type":"BreadcrumbList","@id":"https:\/\/marcelolopes.jor.br\/site\/2021\/09\/10\/if-sudeste-de-cataguases-abre-inscricoes-para-tres-cursos-gratuitos\/#breadcrumb","itemListElement":[{"@type":"ListItem","position":1,"name":"Home","item":"https:\/\/marcelolopes.jor.br\/site\/"},{"@type":"ListItem","position":2,"name":"IF Sudeste de Cataguases abre inscri\u00e7\u00f5es para tr\u00eas cursos gratuitos"}]},{"@type":"WebSite","@id":"https:\/\/marcelolopes.jor.br\/site\/#website","url":"https:\/\/marcelolopes.jor.br\/site\/","name":"Marcelo Lopes","description":"Not\u00edcias de Cataguases e Regi\u00e3o","publisher":{"@id":"https:\/\/marcelolopes.jor.br\/site\/#organization"},"potentialAction":[{"@type":"SearchAction","target":{"@type":"EntryPoint","urlTemplate":"https:\/\/marcelolopes.jor.br\/site\/?s={search_term_string}"},"query-input":{"@type":"PropertyValueSpecification","valueRequired":true,"valueName":"search_term_string"}}],"inLanguage":"pt-BR"},{"@type":"Organization","@id":"https:\/\/marcelolopes.jor.br\/site\/#organization","name":"Site do Marcelo Lopes","url":"https:\/\/marcelolopes.jor.br\/site\/","logo":{"@type":"ImageObject","inLanguage":"pt-BR","@id":"https:\/\/marcelolopes.jor.br\/site\/#\/schema\/logo\/image\/","url":"https:\/\/marcelolopes.jor.br\/site\/wp-content\/uploads\/2024\/11\/logo-1.png","contentUrl":"https:\/\/marcelolopes.jor.br\/site\/wp-content\/uploads\/2024\/11\/logo-1.png","width":475,"height":80,"caption":"Site do Marcelo Lopes"},"image":{"@id":"https:\/\/marcelolopes.jor.br\/site\/#\/schema\/logo\/image\/"},"sameAs":["https:\/\/www.facebook.com\/sitedomarcelolopes","https:\/\/www.instagram.com\/sitedomarcelolopes\/","https:\/\/www.linkedin.com\/company\/site-do-marcelo-lopes\/","https:\/\/www.youtube.com\/user\/marcelolopes957"]},{"@type":"Person","@id":"https:\/\/marcelolopes.jor.br\/site\/#\/schema\/person\/3e7216a35c34d8fdf952b31da3d1f89f","name":"Marcelo Lopes","sameAs":["http:\/\/www.marcelolopes.jor.br"],"url":"https:\/\/marcelolopes.jor.br\/site\/author\/marcelo\/"}]}},"wps_subtitle":"S\u00e3o 60 vagas para cada curso e as inscri\u00e7\u00f5es terminam dia 1\u00ba de outubro.","_links":{"self":[{"href":"https:\/\/marcelolopes.jor.br\/site\/wp-json\/wp\/v2\/posts\/26822","targetHints":{"allow":["GET"]}}],"collection":[{"href":"https:\/\/marcelolopes.jor.br\/site\/wp-json\/wp\/v2\/posts"}],"about":[{"href":"https:\/\/marcelolopes.jor.br\/site\/wp-json\/wp\/v2\/types\/post"}],"author":[{"embeddable":true,"href":"https:\/\/marcelolopes.jor.br\/site\/wp-json\/wp\/v2\/users\/2"}],"replies":[{"embeddable":true,"href":"https:\/\/marcelolopes.jor.br\/site\/wp-json\/wp\/v2\/comments?post=26822"}],"version-history":[{"count":0,"href":"https:\/\/marcelolopes.jor.br\/site\/wp-json\/wp\/v2\/posts\/26822\/revisions"}],"wp:featuredmedia":[{"embeddable":true,"href":"https:\/\/marcelolopes.jor.br\/site\/wp-json\/wp\/v2\/media\/26825"}],"wp:attachment":[{"href":"https:\/\/marcelolopes.jor.br\/site\/wp-json\/wp\/v2\/media?parent=26822"}],"wp:term":[{"taxonomy":"category","embeddable":true,"href":"https:\/\/marcelolopes.jor.br\/site\/wp-json\/wp\/v2\/categories?post=26822"},{"taxonomy":"post_tag","embeddable":true,"href":"https:\/\/marcelolopes.jor.br\/site\/wp-json\/wp\/v2\/tags?post=26822"}],"curies":[{"name":"wp","href":"https:\/\/api.w.org\/{rel}","templated":true}]}}