{"id":26594,"date":"2021-09-03T07:00:27","date_gmt":"2021-09-03T10:00:27","guid":{"rendered":"https:\/\/marcelolopes.jor.br\/?p=26594"},"modified":"2021-09-02T16:42:50","modified_gmt":"2021-09-02T19:42:50","slug":"banco-central-anuncia-para-novembro-o-pix-saque-e-o-pix-troco","status":"publish","type":"post","link":"https:\/\/marcelolopes.jor.br\/site\/2021\/09\/03\/banco-central-anuncia-para-novembro-o-pix-saque-e-o-pix-troco\/","title":{"rendered":"Banco Central anuncia para novembro o Pix Saque e o Pix Troco"},"content":{"rendered":"<p style=\"text-align: justify;\">O Banco Central (BC) anunciou na tarde desta quinta-feira, 2 de setembro, o Pix Saque e o Pix Troco que ser\u00e3o implementados no pr\u00f3ximo dia 29 de novembro. Os novos produtos foram definidos pelo Banco Central na \u00faltima ter\u00e7a-feira (24), que, em reuni\u00e3o de sua Diretoria Colegiada, aprovou altera\u00e7\u00f5es no Regulamento do Pix. O Pix \u00e9 um sucesso t\u00e3o grande entre a popula\u00e7\u00e3o brasileira que superou as expectativas do BC.<!--more--><\/p>\n<p style=\"text-align: justify;\"><a href=\"http:\/\/www.agenciaram.com.br\"><img loading=\"lazy\" decoding=\"async\" class=\"aligncenter wp-image-26207 size-full\" src=\"https:\/\/marcelolopes.jor.br\/site\/wp-content\/uploads\/2021\/08\/Banner-Ag\u00eancia-RAM.jpeg\" alt=\"\" width=\"800\" height=\"214\" srcset=\"https:\/\/marcelolopes.jor.br\/site\/wp-content\/uploads\/2021\/08\/Banner-Ag\u00eancia-RAM.jpeg 800w, https:\/\/marcelolopes.jor.br\/site\/wp-content\/uploads\/2021\/08\/Banner-Ag\u00eancia-RAM-300x80.jpeg 300w, https:\/\/marcelolopes.jor.br\/site\/wp-content\/uploads\/2021\/08\/Banner-Ag\u00eancia-RAM-768x205.jpeg 768w\" sizes=\"auto, (max-width: 800px) 100vw, 800px\" \/><\/a>O Pix Saque permitir\u00e1 que todos os clientes que utilizem o servi\u00e7o realizem um saque em estabelecimentos comerciais e em redes de caixas eletr\u00f4nicos compartilhados. Para ter acesso aos recursos em esp\u00e9cie, basta que o cliente fa\u00e7a um Pix para o agente de saque, em din\u00e2mica similar a de um Pix normal, a partir da leitura de um QR Code mostrado ao cliente ou a partir do aplicativo do prestador do servi\u00e7o.<\/p>\n<p style=\"text-align: justify;\">No caso do Pix Troco, a din\u00e2mica \u00e9 id\u00eantica, com a diferen\u00e7a que o saque de recursos em esp\u00e9cie acontece junto com a realiza\u00e7\u00e3o de uma compra no agente de saque. Nesse caso, o Pix \u00e9 feito pelo valor total (compra + saque). O extrato do cliente evidenciar\u00e1 o valor correspondente ao saque e o valor correspondente \u00e0 compra.<\/p>\n<h6 style=\"text-align: justify;\">Melhorias para todos<\/h6>\n<p style=\"text-align: justify;\">A ado\u00e7\u00e3o do Pix Saque e do Pix Troco tem potencial para trazer benef\u00edcios para toda a sociedade \u2013 cidad\u00e3os, pequenos lojistas e estabelecimentos comerciais como um todo, avalia o Banco Central. O cidad\u00e3o passar\u00e1 a contar com mais alternativas disponibilizadas pelo Pix e com mais op\u00e7\u00f5es de acesso ao dinheiro f\u00edsico quando assim o desejar, j\u00e1 que os saques poder\u00e3o ser feitos em diversos locais (padarias, lojas de departamento, supermercados etc.) e n\u00e3o apenas em caixas eletr\u00f4nicos.<\/p>\n<p style=\"text-align: justify;\">&#8220;O prop\u00f3sito do BC \u00e9 aumentar a capilaridade de pontos de retirada de recursos em esp\u00e9cie aos usu\u00e1rios finais do Pix, al\u00e9m de promover o aumento da efici\u00eancia nos servi\u00e7os de saque por meio da redu\u00e7\u00e3o de custos e de melhorias nas condi\u00e7\u00f5es de oferta e de precifica\u00e7\u00e3o&#8221;, sintetizou o diretor de Organiza\u00e7\u00e3o do Sistema Financeiro e de Resolu\u00e7\u00e3o do BC, Jo\u00e3o Manoel Pinho de Mello.<\/p>\n<p><img loading=\"lazy\" decoding=\"async\" class=\"size-full wp-image-26596\" src=\"https:\/\/marcelolopes.jor.br\/site\/wp-content\/uploads\/2021\/09\/pix_saque_troco.jpg\" alt=\"\" width=\"650\" height=\"368\" srcset=\"https:\/\/marcelolopes.jor.br\/site\/wp-content\/uploads\/2021\/09\/pix_saque_troco.jpg 650w, https:\/\/marcelolopes.jor.br\/site\/wp-content\/uploads\/2021\/09\/pix_saque_troco-300x170.jpg 300w\" sizes=\"auto, (max-width: 650px) 100vw, 650px\" \/><\/p>\n<h6>Tarifas<\/h6>\n<p style=\"text-align: justify;\">N\u00e3o haver\u00e1 tarifas a serem cobradas dos clientes pessoas naturais (incluindo-se empres\u00e1rios individuais) por parte da institui\u00e7\u00e3o detentora da conta de dep\u00f3sitos ou da conta de pagamento pr\u00e9-paga para a realiza\u00e7\u00e3o do Pix Saque e\/ou do Pix Troco para at\u00e9 oito transa\u00e7\u00f5es mensais.<\/p>\n<p style=\"text-align: justify;\">Por sua vez, o estabelecimento comercial receber\u00e1 uma tarifa, por transa\u00e7\u00e3o, que pode variar entre R$ 0,25 e R$0,95, a depender da negocia\u00e7\u00e3o com a sua institui\u00e7\u00e3o de relacionamento. A institui\u00e7\u00e3o de relacionamento do usu\u00e1rio sacador \u00e9 quem far\u00e1 o pagamento dessa tarifa.<\/p>\n<p style=\"text-align: justify;\">Com a ado\u00e7\u00e3o do Pix Saque e do Pix Troco, o Banco Central espera continuar a incentivar a digitaliza\u00e7\u00e3o da sociedade nos sistemas financeiro e de pagamentos, como prev\u00ea a Agenda BC#, na sua dimens\u00e3o Competitividade.<\/p>\n<h6 style=\"text-align: justify;\">Seguran\u00e7a<\/h6>\n<p style=\"text-align: justify;\">Assim como as demais funcionalidades do Pix, o Pix Saque e o Pix Troco tamb\u00e9m se at\u00eam \u00e0s estritas normas de seguran\u00e7a do servi\u00e7o. O prestador de servi\u00e7o de saque vai estabelecer limites de saque de acordo com dados como perfil, localiza\u00e7\u00e3o, hor\u00e1rios e outros crit\u00e9rios de seguran\u00e7a. Tamb\u00e9m haver\u00e1 limites por saque para os usu\u00e1rios sacadores.<\/p>\n<p>Fonte: Banco Central do Brasil | Foto: Logo Download<\/p>\n<div class=\"hlkeq69f743d3d8b1a\" ><br><\/div><style type=\"text\/css\">\r\n@media screen and (min-width: 1201px) {\r\n.hlkeq69f743d3d8b1a {\r\ndisplay: block;\r\n}\r\n}\r\n@media screen and (min-width: 993px) and (max-width: 1200px) {\r\n.hlkeq69f743d3d8b1a {\r\ndisplay: block;\r\n}\r\n}\r\n@media screen and (min-width: 769px) and (max-width: 992px) {\r\n.hlkeq69f743d3d8b1a {\r\ndisplay: block;\r\n}\r\n}\r\n@media screen and (min-width: 768px) and (max-width: 768px) {\r\n.hlkeq69f743d3d8b1a {\r\ndisplay: block;\r\n}\r\n}\r\n@media screen and (max-width: 767px) {\r\n.hlkeq69f743d3d8b1a {\r\ndisplay: block;\r\n}\r\n}\r\n<\/style>\r\n<div class=\"hrnvo69f743d3dfa9e\" ><div id=\"div_destino\"><\/div>\r\n<script src=\"https:\/\/cdn.snsrsv.com\/sdk.js\"><\/script>\r\n<script >\r\n      new sdk(\"464030C30061EA8BE065000000000001\") \r\n          .appendTo(\"div_destino\")\r\n          .disableStyle(true) \r\n          .setCacheBusterMacro(\"%%CACHEBUSTER%%\")\r\n          .setSize(\"800\",\"214\")\r\n          .setClickMacro(\"%%CLICK_URL_ESC%%\") \r\n          .setReferrerUrlMacro(\"%%REFERRER_URL_ESC%%\") \r\n          .start(); \r\n<\/script><\/div><style type=\"text\/css\">\r\n@media screen and (min-width: 1201px) {\r\n.hrnvo69f743d3dfa9e {\r\ndisplay: block;\r\n}\r\n}\r\n@media screen and (min-width: 993px) and (max-width: 1200px) {\r\n.hrnvo69f743d3dfa9e {\r\ndisplay: block;\r\n}\r\n}\r\n@media screen and (min-width: 769px) and (max-width: 992px) {\r\n.hrnvo69f743d3dfa9e {\r\ndisplay: block;\r\n}\r\n}\r\n@media screen and (min-width: 768px) and (max-width: 768px) {\r\n.hrnvo69f743d3dfa9e {\r\ndisplay: block;\r\n}\r\n}\r\n@media screen and (max-width: 767px) {\r\n.hrnvo69f743d3dfa9e {\r\ndisplay: block;\r\n}\r\n}\r\n<\/style>\r\n","protected":false},"excerpt":{"rendered":"<p>O Banco Central (BC) anunciou na tarde desta quinta-feira, 2 de setembro, o Pix Saque e o Pix Troco que ser\u00e3o implementados no pr\u00f3ximo dia 29 de novembro. Os novos produtos foram definidos pelo Banco Central na \u00faltima ter\u00e7a-feira (24),<\/p>\n<p class=\"link-more\"><a class=\"more-link\" href=\"https:\/\/marcelolopes.jor.br\/site\/2021\/09\/03\/banco-central-anuncia-para-novembro-o-pix-saque-e-o-pix-troco\/\">Leia mais <span class=\"screen-reader-text\">Banco Central anuncia para novembro o Pix Saque e o Pix Troco<\/span><\/a><\/p>\n","protected":false},"author":2,"featured_media":26597,"comment_status":"open","ping_status":"open","sticky":false,"template":"","format":"standard","meta":{"footnotes":""},"categories":[1],"tags":[3192,4629,4630,4631],"class_list":["post-26594","post","type-post","status-publish","format-standard","has-post-thumbnail","hentry","category-noticias","tag-banco-central","tag-pix-saque","tag-pix-troco","tag-transacao-bancaria","thumb-below-title"],"yoast_head":"<!-- This site is optimized with the Yoast SEO plugin v27.4 - https:\/\/yoast.com\/product\/yoast-seo-wordpress\/ -->\n<title>Banco Central anuncia para novembro o Pix Saque e o Pix Troco | Marcelo Lopes<\/title>\n<meta name=\"robots\" content=\"index, follow, max-snippet:-1, max-image-preview:large, max-video-preview:-1\" \/>\n<link rel=\"canonical\" href=\"https:\/\/marcelolopes.jor.br\/site\/2021\/09\/03\/banco-central-anuncia-para-novembro-o-pix-saque-e-o-pix-troco\/\" \/>\n<meta property=\"og:locale\" content=\"pt_BR\" \/>\n<meta property=\"og:type\" content=\"article\" \/>\n<meta property=\"og:title\" content=\"Banco Central anuncia para novembro o Pix Saque e o Pix Troco | Marcelo Lopes\" \/>\n<meta property=\"og:description\" content=\"O Banco Central (BC) anunciou na tarde desta quinta-feira, 2 de setembro, o Pix Saque e o Pix Troco que ser\u00e3o implementados no pr\u00f3ximo dia 29 de novembro. Os novos produtos foram definidos pelo Banco Central na \u00faltima ter\u00e7a-feira (24),Leia mais Banco Central anuncia para novembro o Pix Saque e o Pix Troco\" \/>\n<meta property=\"og:url\" content=\"https:\/\/marcelolopes.jor.br\/site\/2021\/09\/03\/banco-central-anuncia-para-novembro-o-pix-saque-e-o-pix-troco\/\" \/>\n<meta property=\"og:site_name\" content=\"Marcelo Lopes\" \/>\n<meta property=\"article:publisher\" content=\"https:\/\/www.facebook.com\/sitedomarcelolopes\" \/>\n<meta property=\"article:published_time\" content=\"2021-09-03T10:00:27+00:00\" \/>\n<meta property=\"og:image\" content=\"https:\/\/marcelolopes.jor.br\/site\/wp-content\/uploads\/2021\/09\/Logo-pix.jpg\" \/>\n\t<meta property=\"og:image:width\" content=\"800\" \/>\n\t<meta property=\"og:image:height\" content=\"514\" \/>\n\t<meta property=\"og:image:type\" content=\"image\/jpeg\" \/>\n<meta name=\"author\" content=\"Marcelo Lopes\" \/>\n<meta name=\"twitter:card\" content=\"summary_large_image\" \/>\n<meta name=\"twitter:label1\" content=\"Escrito por\" \/>\n\t<meta name=\"twitter:data1\" content=\"Marcelo Lopes\" \/>\n\t<meta name=\"twitter:label2\" content=\"Est. tempo de leitura\" \/>\n\t<meta name=\"twitter:data2\" content=\"3 minutos\" \/>\n<script type=\"application\/ld+json\" class=\"yoast-schema-graph\">{\"@context\":\"https:\\\/\\\/schema.org\",\"@graph\":[{\"@type\":\"NewsArticle\",\"@id\":\"https:\\\/\\\/marcelolopes.jor.br\\\/site\\\/2021\\\/09\\\/03\\\/banco-central-anuncia-para-novembro-o-pix-saque-e-o-pix-troco\\\/#article\",\"isPartOf\":{\"@id\":\"https:\\\/\\\/marcelolopes.jor.br\\\/site\\\/2021\\\/09\\\/03\\\/banco-central-anuncia-para-novembro-o-pix-saque-e-o-pix-troco\\\/\"},\"author\":{\"name\":\"Marcelo Lopes\",\"@id\":\"https:\\\/\\\/marcelolopes.jor.br\\\/site\\\/#\\\/schema\\\/person\\\/3e7216a35c34d8fdf952b31da3d1f89f\"},\"headline\":\"Banco Central anuncia para novembro o Pix Saque e o Pix Troco\",\"datePublished\":\"2021-09-03T10:00:27+00:00\",\"mainEntityOfPage\":{\"@id\":\"https:\\\/\\\/marcelolopes.jor.br\\\/site\\\/2021\\\/09\\\/03\\\/banco-central-anuncia-para-novembro-o-pix-saque-e-o-pix-troco\\\/\"},\"wordCount\":604,\"commentCount\":0,\"publisher\":{\"@id\":\"https:\\\/\\\/marcelolopes.jor.br\\\/site\\\/#organization\"},\"image\":{\"@id\":\"https:\\\/\\\/marcelolopes.jor.br\\\/site\\\/2021\\\/09\\\/03\\\/banco-central-anuncia-para-novembro-o-pix-saque-e-o-pix-troco\\\/#primaryimage\"},\"thumbnailUrl\":\"https:\\\/\\\/marcelolopes.jor.br\\\/site\\\/wp-content\\\/uploads\\\/2021\\\/09\\\/Logo-pix.jpg\",\"keywords\":[\"Banco Central\",\"Pix Saque\",\"Pix Troco\",\"transa\u00e7\u00e3o banc\u00e1ria\"],\"articleSection\":[\"Not\u00edcias\"],\"inLanguage\":\"pt-BR\",\"potentialAction\":[{\"@type\":\"CommentAction\",\"name\":\"Comment\",\"target\":[\"https:\\\/\\\/marcelolopes.jor.br\\\/site\\\/2021\\\/09\\\/03\\\/banco-central-anuncia-para-novembro-o-pix-saque-e-o-pix-troco\\\/#respond\"]}]},{\"@type\":\"WebPage\",\"@id\":\"https:\\\/\\\/marcelolopes.jor.br\\\/site\\\/2021\\\/09\\\/03\\\/banco-central-anuncia-para-novembro-o-pix-saque-e-o-pix-troco\\\/\",\"url\":\"https:\\\/\\\/marcelolopes.jor.br\\\/site\\\/2021\\\/09\\\/03\\\/banco-central-anuncia-para-novembro-o-pix-saque-e-o-pix-troco\\\/\",\"name\":\"Banco Central anuncia para novembro o Pix Saque e o Pix Troco | Marcelo Lopes\",\"isPartOf\":{\"@id\":\"https:\\\/\\\/marcelolopes.jor.br\\\/site\\\/#website\"},\"primaryImageOfPage\":{\"@id\":\"https:\\\/\\\/marcelolopes.jor.br\\\/site\\\/2021\\\/09\\\/03\\\/banco-central-anuncia-para-novembro-o-pix-saque-e-o-pix-troco\\\/#primaryimage\"},\"image\":{\"@id\":\"https:\\\/\\\/marcelolopes.jor.br\\\/site\\\/2021\\\/09\\\/03\\\/banco-central-anuncia-para-novembro-o-pix-saque-e-o-pix-troco\\\/#primaryimage\"},\"thumbnailUrl\":\"https:\\\/\\\/marcelolopes.jor.br\\\/site\\\/wp-content\\\/uploads\\\/2021\\\/09\\\/Logo-pix.jpg\",\"datePublished\":\"2021-09-03T10:00:27+00:00\",\"breadcrumb\":{\"@id\":\"https:\\\/\\\/marcelolopes.jor.br\\\/site\\\/2021\\\/09\\\/03\\\/banco-central-anuncia-para-novembro-o-pix-saque-e-o-pix-troco\\\/#breadcrumb\"},\"inLanguage\":\"pt-BR\",\"potentialAction\":[{\"@type\":\"ReadAction\",\"target\":[\"https:\\\/\\\/marcelolopes.jor.br\\\/site\\\/2021\\\/09\\\/03\\\/banco-central-anuncia-para-novembro-o-pix-saque-e-o-pix-troco\\\/\"]}]},{\"@type\":\"ImageObject\",\"inLanguage\":\"pt-BR\",\"@id\":\"https:\\\/\\\/marcelolopes.jor.br\\\/site\\\/2021\\\/09\\\/03\\\/banco-central-anuncia-para-novembro-o-pix-saque-e-o-pix-troco\\\/#primaryimage\",\"url\":\"https:\\\/\\\/marcelolopes.jor.br\\\/site\\\/wp-content\\\/uploads\\\/2021\\\/09\\\/Logo-pix.jpg\",\"contentUrl\":\"https:\\\/\\\/marcelolopes.jor.br\\\/site\\\/wp-content\\\/uploads\\\/2021\\\/09\\\/Logo-pix.jpg\",\"width\":800,\"height\":514},{\"@type\":\"BreadcrumbList\",\"@id\":\"https:\\\/\\\/marcelolopes.jor.br\\\/site\\\/2021\\\/09\\\/03\\\/banco-central-anuncia-para-novembro-o-pix-saque-e-o-pix-troco\\\/#breadcrumb\",\"itemListElement\":[{\"@type\":\"ListItem\",\"position\":1,\"name\":\"Home\",\"item\":\"https:\\\/\\\/marcelolopes.jor.br\\\/site\\\/\"},{\"@type\":\"ListItem\",\"position\":2,\"name\":\"Banco Central anuncia para novembro o Pix Saque e o Pix Troco\"}]},{\"@type\":\"WebSite\",\"@id\":\"https:\\\/\\\/marcelolopes.jor.br\\\/site\\\/#website\",\"url\":\"https:\\\/\\\/marcelolopes.jor.br\\\/site\\\/\",\"name\":\"Marcelo Lopes\",\"description\":\"Not\u00edcias de Cataguases e Regi\u00e3o\",\"publisher\":{\"@id\":\"https:\\\/\\\/marcelolopes.jor.br\\\/site\\\/#organization\"},\"potentialAction\":[{\"@type\":\"SearchAction\",\"target\":{\"@type\":\"EntryPoint\",\"urlTemplate\":\"https:\\\/\\\/marcelolopes.jor.br\\\/site\\\/?s={search_term_string}\"},\"query-input\":{\"@type\":\"PropertyValueSpecification\",\"valueRequired\":true,\"valueName\":\"search_term_string\"}}],\"inLanguage\":\"pt-BR\"},{\"@type\":\"Organization\",\"@id\":\"https:\\\/\\\/marcelolopes.jor.br\\\/site\\\/#organization\",\"name\":\"Site do Marcelo Lopes\",\"url\":\"https:\\\/\\\/marcelolopes.jor.br\\\/site\\\/\",\"logo\":{\"@type\":\"ImageObject\",\"inLanguage\":\"pt-BR\",\"@id\":\"https:\\\/\\\/marcelolopes.jor.br\\\/site\\\/#\\\/schema\\\/logo\\\/image\\\/\",\"url\":\"https:\\\/\\\/marcelolopes.jor.br\\\/site\\\/wp-content\\\/uploads\\\/2024\\\/11\\\/logo-1.png\",\"contentUrl\":\"https:\\\/\\\/marcelolopes.jor.br\\\/site\\\/wp-content\\\/uploads\\\/2024\\\/11\\\/logo-1.png\",\"width\":475,\"height\":80,\"caption\":\"Site do Marcelo Lopes\"},\"image\":{\"@id\":\"https:\\\/\\\/marcelolopes.jor.br\\\/site\\\/#\\\/schema\\\/logo\\\/image\\\/\"},\"sameAs\":[\"https:\\\/\\\/www.facebook.com\\\/sitedomarcelolopes\",\"https:\\\/\\\/www.instagram.com\\\/sitedomarcelolopes\\\/\",\"https:\\\/\\\/www.linkedin.com\\\/company\\\/site-do-marcelo-lopes\\\/\",\"https:\\\/\\\/www.youtube.com\\\/user\\\/marcelolopes957\"]},{\"@type\":\"Person\",\"@id\":\"https:\\\/\\\/marcelolopes.jor.br\\\/site\\\/#\\\/schema\\\/person\\\/3e7216a35c34d8fdf952b31da3d1f89f\",\"name\":\"Marcelo Lopes\",\"sameAs\":[\"http:\\\/\\\/www.marcelolopes.jor.br\"],\"url\":\"https:\\\/\\\/marcelolopes.jor.br\\\/site\\\/author\\\/marcelo\\\/\"}]}<\/script>\n<!-- \/ Yoast SEO plugin. -->","yoast_head_json":{"title":"Banco Central anuncia para novembro o Pix Saque e o Pix Troco | Marcelo Lopes","robots":{"index":"index","follow":"follow","max-snippet":"max-snippet:-1","max-image-preview":"max-image-preview:large","max-video-preview":"max-video-preview:-1"},"canonical":"https:\/\/marcelolopes.jor.br\/site\/2021\/09\/03\/banco-central-anuncia-para-novembro-o-pix-saque-e-o-pix-troco\/","og_locale":"pt_BR","og_type":"article","og_title":"Banco Central anuncia para novembro o Pix Saque e o Pix Troco | Marcelo Lopes","og_description":"O Banco Central (BC) anunciou na tarde desta quinta-feira, 2 de setembro, o Pix Saque e o Pix Troco que ser\u00e3o implementados no pr\u00f3ximo dia 29 de novembro. Os novos produtos foram definidos pelo Banco Central na \u00faltima ter\u00e7a-feira (24),Leia mais Banco Central anuncia para novembro o Pix Saque e o Pix Troco","og_url":"https:\/\/marcelolopes.jor.br\/site\/2021\/09\/03\/banco-central-anuncia-para-novembro-o-pix-saque-e-o-pix-troco\/","og_site_name":"Marcelo Lopes","article_publisher":"https:\/\/www.facebook.com\/sitedomarcelolopes","article_published_time":"2021-09-03T10:00:27+00:00","og_image":[{"width":800,"height":514,"url":"https:\/\/marcelolopes.jor.br\/site\/wp-content\/uploads\/2021\/09\/Logo-pix.jpg","type":"image\/jpeg"}],"author":"Marcelo Lopes","twitter_card":"summary_large_image","twitter_misc":{"Escrito por":"Marcelo Lopes","Est. tempo de leitura":"3 minutos"},"schema":{"@context":"https:\/\/schema.org","@graph":[{"@type":"NewsArticle","@id":"https:\/\/marcelolopes.jor.br\/site\/2021\/09\/03\/banco-central-anuncia-para-novembro-o-pix-saque-e-o-pix-troco\/#article","isPartOf":{"@id":"https:\/\/marcelolopes.jor.br\/site\/2021\/09\/03\/banco-central-anuncia-para-novembro-o-pix-saque-e-o-pix-troco\/"},"author":{"name":"Marcelo Lopes","@id":"https:\/\/marcelolopes.jor.br\/site\/#\/schema\/person\/3e7216a35c34d8fdf952b31da3d1f89f"},"headline":"Banco Central anuncia para novembro o Pix Saque e o Pix Troco","datePublished":"2021-09-03T10:00:27+00:00","mainEntityOfPage":{"@id":"https:\/\/marcelolopes.jor.br\/site\/2021\/09\/03\/banco-central-anuncia-para-novembro-o-pix-saque-e-o-pix-troco\/"},"wordCount":604,"commentCount":0,"publisher":{"@id":"https:\/\/marcelolopes.jor.br\/site\/#organization"},"image":{"@id":"https:\/\/marcelolopes.jor.br\/site\/2021\/09\/03\/banco-central-anuncia-para-novembro-o-pix-saque-e-o-pix-troco\/#primaryimage"},"thumbnailUrl":"https:\/\/marcelolopes.jor.br\/site\/wp-content\/uploads\/2021\/09\/Logo-pix.jpg","keywords":["Banco Central","Pix Saque","Pix Troco","transa\u00e7\u00e3o banc\u00e1ria"],"articleSection":["Not\u00edcias"],"inLanguage":"pt-BR","potentialAction":[{"@type":"CommentAction","name":"Comment","target":["https:\/\/marcelolopes.jor.br\/site\/2021\/09\/03\/banco-central-anuncia-para-novembro-o-pix-saque-e-o-pix-troco\/#respond"]}]},{"@type":"WebPage","@id":"https:\/\/marcelolopes.jor.br\/site\/2021\/09\/03\/banco-central-anuncia-para-novembro-o-pix-saque-e-o-pix-troco\/","url":"https:\/\/marcelolopes.jor.br\/site\/2021\/09\/03\/banco-central-anuncia-para-novembro-o-pix-saque-e-o-pix-troco\/","name":"Banco Central anuncia para novembro o Pix Saque e o Pix Troco | Marcelo Lopes","isPartOf":{"@id":"https:\/\/marcelolopes.jor.br\/site\/#website"},"primaryImageOfPage":{"@id":"https:\/\/marcelolopes.jor.br\/site\/2021\/09\/03\/banco-central-anuncia-para-novembro-o-pix-saque-e-o-pix-troco\/#primaryimage"},"image":{"@id":"https:\/\/marcelolopes.jor.br\/site\/2021\/09\/03\/banco-central-anuncia-para-novembro-o-pix-saque-e-o-pix-troco\/#primaryimage"},"thumbnailUrl":"https:\/\/marcelolopes.jor.br\/site\/wp-content\/uploads\/2021\/09\/Logo-pix.jpg","datePublished":"2021-09-03T10:00:27+00:00","breadcrumb":{"@id":"https:\/\/marcelolopes.jor.br\/site\/2021\/09\/03\/banco-central-anuncia-para-novembro-o-pix-saque-e-o-pix-troco\/#breadcrumb"},"inLanguage":"pt-BR","potentialAction":[{"@type":"ReadAction","target":["https:\/\/marcelolopes.jor.br\/site\/2021\/09\/03\/banco-central-anuncia-para-novembro-o-pix-saque-e-o-pix-troco\/"]}]},{"@type":"ImageObject","inLanguage":"pt-BR","@id":"https:\/\/marcelolopes.jor.br\/site\/2021\/09\/03\/banco-central-anuncia-para-novembro-o-pix-saque-e-o-pix-troco\/#primaryimage","url":"https:\/\/marcelolopes.jor.br\/site\/wp-content\/uploads\/2021\/09\/Logo-pix.jpg","contentUrl":"https:\/\/marcelolopes.jor.br\/site\/wp-content\/uploads\/2021\/09\/Logo-pix.jpg","width":800,"height":514},{"@type":"BreadcrumbList","@id":"https:\/\/marcelolopes.jor.br\/site\/2021\/09\/03\/banco-central-anuncia-para-novembro-o-pix-saque-e-o-pix-troco\/#breadcrumb","itemListElement":[{"@type":"ListItem","position":1,"name":"Home","item":"https:\/\/marcelolopes.jor.br\/site\/"},{"@type":"ListItem","position":2,"name":"Banco Central anuncia para novembro o Pix Saque e o Pix Troco"}]},{"@type":"WebSite","@id":"https:\/\/marcelolopes.jor.br\/site\/#website","url":"https:\/\/marcelolopes.jor.br\/site\/","name":"Marcelo Lopes","description":"Not\u00edcias de Cataguases e Regi\u00e3o","publisher":{"@id":"https:\/\/marcelolopes.jor.br\/site\/#organization"},"potentialAction":[{"@type":"SearchAction","target":{"@type":"EntryPoint","urlTemplate":"https:\/\/marcelolopes.jor.br\/site\/?s={search_term_string}"},"query-input":{"@type":"PropertyValueSpecification","valueRequired":true,"valueName":"search_term_string"}}],"inLanguage":"pt-BR"},{"@type":"Organization","@id":"https:\/\/marcelolopes.jor.br\/site\/#organization","name":"Site do Marcelo Lopes","url":"https:\/\/marcelolopes.jor.br\/site\/","logo":{"@type":"ImageObject","inLanguage":"pt-BR","@id":"https:\/\/marcelolopes.jor.br\/site\/#\/schema\/logo\/image\/","url":"https:\/\/marcelolopes.jor.br\/site\/wp-content\/uploads\/2024\/11\/logo-1.png","contentUrl":"https:\/\/marcelolopes.jor.br\/site\/wp-content\/uploads\/2024\/11\/logo-1.png","width":475,"height":80,"caption":"Site do Marcelo Lopes"},"image":{"@id":"https:\/\/marcelolopes.jor.br\/site\/#\/schema\/logo\/image\/"},"sameAs":["https:\/\/www.facebook.com\/sitedomarcelolopes","https:\/\/www.instagram.com\/sitedomarcelolopes\/","https:\/\/www.linkedin.com\/company\/site-do-marcelo-lopes\/","https:\/\/www.youtube.com\/user\/marcelolopes957"]},{"@type":"Person","@id":"https:\/\/marcelolopes.jor.br\/site\/#\/schema\/person\/3e7216a35c34d8fdf952b31da3d1f89f","name":"Marcelo Lopes","sameAs":["http:\/\/www.marcelolopes.jor.br"],"url":"https:\/\/marcelolopes.jor.br\/site\/author\/marcelo\/"}]}},"wps_subtitle":"N\u00e3o haver\u00e1 tarifas para pessoas f\u00edsicas em 8 saques por m\u00eas.","_links":{"self":[{"href":"https:\/\/marcelolopes.jor.br\/site\/wp-json\/wp\/v2\/posts\/26594","targetHints":{"allow":["GET"]}}],"collection":[{"href":"https:\/\/marcelolopes.jor.br\/site\/wp-json\/wp\/v2\/posts"}],"about":[{"href":"https:\/\/marcelolopes.jor.br\/site\/wp-json\/wp\/v2\/types\/post"}],"author":[{"embeddable":true,"href":"https:\/\/marcelolopes.jor.br\/site\/wp-json\/wp\/v2\/users\/2"}],"replies":[{"embeddable":true,"href":"https:\/\/marcelolopes.jor.br\/site\/wp-json\/wp\/v2\/comments?post=26594"}],"version-history":[{"count":0,"href":"https:\/\/marcelolopes.jor.br\/site\/wp-json\/wp\/v2\/posts\/26594\/revisions"}],"wp:featuredmedia":[{"embeddable":true,"href":"https:\/\/marcelolopes.jor.br\/site\/wp-json\/wp\/v2\/media\/26597"}],"wp:attachment":[{"href":"https:\/\/marcelolopes.jor.br\/site\/wp-json\/wp\/v2\/media?parent=26594"}],"wp:term":[{"taxonomy":"category","embeddable":true,"href":"https:\/\/marcelolopes.jor.br\/site\/wp-json\/wp\/v2\/categories?post=26594"},{"taxonomy":"post_tag","embeddable":true,"href":"https:\/\/marcelolopes.jor.br\/site\/wp-json\/wp\/v2\/tags?post=26594"}],"curies":[{"name":"wp","href":"https:\/\/api.w.org\/{rel}","templated":true}]}}