{"id":26547,"date":"2021-08-31T20:00:20","date_gmt":"2021-08-31T23:00:20","guid":{"rendered":"https:\/\/marcelolopes.jor.br\/?p=26547"},"modified":"2021-08-31T19:52:25","modified_gmt":"2021-08-31T22:52:25","slug":"em-leopoldina-crianca-com-covid-19-e-transferida-entubada-para-juiz-de-fora","status":"publish","type":"post","link":"https:\/\/marcelolopes.jor.br\/site\/2021\/08\/31\/em-leopoldina-crianca-com-covid-19-e-transferida-entubada-para-juiz-de-fora\/","title":{"rendered":"Em Leopoldina crian\u00e7a com Covid-19 \u00e9 transferida entubada para Juiz de Fora"},"content":{"rendered":"<p style=\"text-align: justify;\">Uma menina de 12 anos de idade, diagnosticada com Covid-19 ap\u00f3s realiza\u00e7\u00e3o de teste neste sentido realizado nesta ter\u00e7a-feira, 31 de agosto, foi transferida para a Unidade de Terapia Intensiva Pedi\u00e1trica do Hospital Jo\u00e3o Penido, em Juiz de Fora. Ela estava internada na Casa de Caridade Leopoldinense.<!--more--><\/p>\n<p style=\"text-align: justify;\"><a href=\"http:\/\/www.agenciaram.com.br\"><img loading=\"lazy\" decoding=\"async\" class=\"aligncenter wp-image-26207 size-full\" src=\"https:\/\/marcelolopes.jor.br\/site\/wp-content\/uploads\/2021\/08\/Banner-Ag\u00eancia-RAM.jpeg\" alt=\"\" width=\"800\" height=\"214\" srcset=\"https:\/\/marcelolopes.jor.br\/site\/wp-content\/uploads\/2021\/08\/Banner-Ag\u00eancia-RAM.jpeg 800w, https:\/\/marcelolopes.jor.br\/site\/wp-content\/uploads\/2021\/08\/Banner-Ag\u00eancia-RAM-300x80.jpeg 300w, https:\/\/marcelolopes.jor.br\/site\/wp-content\/uploads\/2021\/08\/Banner-Ag\u00eancia-RAM-768x205.jpeg 768w\" sizes=\"auto, (max-width: 800px) 100vw, 800px\" \/><\/a>De acordo com as informa\u00e7\u00f5es divulgadas pelo site do Jornal O Vigilante Online, a crian\u00e7a \u00e9 de Leopoldina e deu entrada na Casa de Caridade Leopoldinense na tarde dessa segunda-feira, dia 30. Com o agravamento do caso, que levou a uma piora da condi\u00e7\u00e3o pulmonar da paciente, ela foi levada para o CTI adulto daquela Santa Casa que n\u00e3o disp\u00f5e de CTI Pedi\u00e1trico, uma exce\u00e7\u00e3o devido a gravidade do caso, ressaltou o site.<\/p>\n<p style=\"text-align: justify;\">Na manh\u00e3 desta ter\u00e7a-feira, a menina precisou ser entubada e colocada em um respirador, ocasi\u00e3o em que houve uma melhora na oxigena\u00e7\u00e3o, possibilitando sua transfer\u00eancia para o CTI Pedi\u00e1trico do Hospital Jo\u00e3o Penido, em Juiz de Fora. Tamb\u00e9m nesta ter\u00e7a-feira a Casa de Caridade Leopoldinense registra 13 pessoas internadas positivas ou suspeitas de Covid-19, cinco delas internadas em UTI Covid. N\u00e3o h\u00e1 informa\u00e7\u00f5es do estado de sa\u00fade da menina ap\u00f3s sua entrada no Hospital Jo\u00e3o Penido.<\/p>\n<p style=\"text-align: justify;\">Fonte e foto: Jornal O Vigilante Online<\/p>\n<div class=\"trbog69f747f109b80\" ><br><\/div><style type=\"text\/css\">\r\n@media screen and (min-width: 1201px) {\r\n.trbog69f747f109b80 {\r\ndisplay: block;\r\n}\r\n}\r\n@media screen and (min-width: 993px) and (max-width: 1200px) {\r\n.trbog69f747f109b80 {\r\ndisplay: block;\r\n}\r\n}\r\n@media screen and (min-width: 769px) and (max-width: 992px) {\r\n.trbog69f747f109b80 {\r\ndisplay: block;\r\n}\r\n}\r\n@media screen and (min-width: 768px) and (max-width: 768px) {\r\n.trbog69f747f109b80 {\r\ndisplay: block;\r\n}\r\n}\r\n@media screen and (max-width: 767px) {\r\n.trbog69f747f109b80 {\r\ndisplay: block;\r\n}\r\n}\r\n<\/style>\r\n<div class=\"jtkqn69f747f10fbbd\" ><div id=\"div_destino\"><\/div>\r\n<script src=\"https:\/\/cdn.snsrsv.com\/sdk.js\"><\/script>\r\n<script >\r\n      new sdk(\"464030C30061EA8BE065000000000001\") \r\n          .appendTo(\"div_destino\")\r\n          .disableStyle(true) \r\n          .setCacheBusterMacro(\"%%CACHEBUSTER%%\")\r\n          .setSize(\"800\",\"214\")\r\n          .setClickMacro(\"%%CLICK_URL_ESC%%\") \r\n          .setReferrerUrlMacro(\"%%REFERRER_URL_ESC%%\") \r\n          .start(); \r\n<\/script><\/div><style type=\"text\/css\">\r\n@media screen and (min-width: 1201px) {\r\n.jtkqn69f747f10fbbd {\r\ndisplay: block;\r\n}\r\n}\r\n@media screen and (min-width: 993px) and (max-width: 1200px) {\r\n.jtkqn69f747f10fbbd {\r\ndisplay: block;\r\n}\r\n}\r\n@media screen and (min-width: 769px) and (max-width: 992px) {\r\n.jtkqn69f747f10fbbd {\r\ndisplay: block;\r\n}\r\n}\r\n@media screen and (min-width: 768px) and (max-width: 768px) {\r\n.jtkqn69f747f10fbbd {\r\ndisplay: block;\r\n}\r\n}\r\n@media screen and (max-width: 767px) {\r\n.jtkqn69f747f10fbbd {\r\ndisplay: block;\r\n}\r\n}\r\n<\/style>\r\n","protected":false},"excerpt":{"rendered":"<p>Uma menina de 12 anos de idade, diagnosticada com Covid-19 ap\u00f3s realiza\u00e7\u00e3o de teste neste sentido realizado nesta ter\u00e7a-feira, 31 de agosto, foi transferida para a Unidade de Terapia Intensiva Pedi\u00e1trica do Hospital Jo\u00e3o Penido, em Juiz de Fora. Ela<\/p>\n<p class=\"link-more\"><a class=\"more-link\" href=\"https:\/\/marcelolopes.jor.br\/site\/2021\/08\/31\/em-leopoldina-crianca-com-covid-19-e-transferida-entubada-para-juiz-de-fora\/\">Leia mais <span class=\"screen-reader-text\">Em Leopoldina crian\u00e7a com Covid-19 \u00e9 transferida entubada para Juiz de Fora<\/span><\/a><\/p>\n","protected":false},"author":2,"featured_media":14814,"comment_status":"open","ping_status":"open","sticky":false,"template":"","format":"standard","meta":{"footnotes":""},"categories":[1],"tags":[2312,4617,4615,4616],"class_list":["post-26547","post","type-post","status-publish","format-standard","has-post-thumbnail","hentry","category-noticias","tag-casa-de-caridade-leopoldinense","tag-crianca-com-covid-19","tag-crianca-entubada","tag-crianca-internada","thumb-below-title"],"yoast_head":"<!-- This site is optimized with the Yoast SEO plugin v27.4 - https:\/\/yoast.com\/product\/yoast-seo-wordpress\/ -->\n<title>Em Leopoldina crian\u00e7a com Covid-19 \u00e9 transferida entubada para Juiz de Fora | Marcelo Lopes<\/title>\n<meta name=\"robots\" content=\"index, follow, max-snippet:-1, max-image-preview:large, max-video-preview:-1\" \/>\n<link rel=\"canonical\" href=\"https:\/\/marcelolopes.jor.br\/site\/2021\/08\/31\/em-leopoldina-crianca-com-covid-19-e-transferida-entubada-para-juiz-de-fora\/\" \/>\n<meta property=\"og:locale\" content=\"pt_BR\" \/>\n<meta property=\"og:type\" content=\"article\" \/>\n<meta property=\"og:title\" content=\"Em Leopoldina crian\u00e7a com Covid-19 \u00e9 transferida entubada para Juiz de Fora | Marcelo Lopes\" \/>\n<meta property=\"og:description\" content=\"Uma menina de 12 anos de idade, diagnosticada com Covid-19 ap\u00f3s realiza\u00e7\u00e3o de teste neste sentido realizado nesta ter\u00e7a-feira, 31 de agosto, foi transferida para a Unidade de Terapia Intensiva Pedi\u00e1trica do Hospital Jo\u00e3o Penido, em Juiz de Fora. ElaLeia mais Em Leopoldina crian\u00e7a com Covid-19 \u00e9 transferida entubada para Juiz de Fora\" \/>\n<meta property=\"og:url\" content=\"https:\/\/marcelolopes.jor.br\/site\/2021\/08\/31\/em-leopoldina-crianca-com-covid-19-e-transferida-entubada-para-juiz-de-fora\/\" \/>\n<meta property=\"og:site_name\" content=\"Marcelo Lopes\" \/>\n<meta property=\"article:publisher\" content=\"https:\/\/www.facebook.com\/sitedomarcelolopes\" \/>\n<meta property=\"article:published_time\" content=\"2021-08-31T23:00:20+00:00\" \/>\n<meta property=\"og:image\" content=\"https:\/\/marcelolopes.jor.br\/site\/wp-content\/uploads\/2020\/06\/Casa-de-Caridade-Leopoldinense.jpg\" \/>\n\t<meta property=\"og:image:width\" content=\"800\" \/>\n\t<meta property=\"og:image:height\" content=\"600\" \/>\n\t<meta property=\"og:image:type\" content=\"image\/jpeg\" \/>\n<meta name=\"author\" content=\"Marcelo Lopes\" \/>\n<meta name=\"twitter:card\" content=\"summary_large_image\" \/>\n<meta name=\"twitter:label1\" content=\"Escrito por\" \/>\n\t<meta name=\"twitter:data1\" content=\"Marcelo Lopes\" \/>\n\t<meta name=\"twitter:label2\" content=\"Est. tempo de leitura\" \/>\n\t<meta name=\"twitter:data2\" content=\"1 minuto\" \/>\n<script type=\"application\/ld+json\" class=\"yoast-schema-graph\">{\"@context\":\"https:\\\/\\\/schema.org\",\"@graph\":[{\"@type\":\"NewsArticle\",\"@id\":\"https:\\\/\\\/marcelolopes.jor.br\\\/site\\\/2021\\\/08\\\/31\\\/em-leopoldina-crianca-com-covid-19-e-transferida-entubada-para-juiz-de-fora\\\/#article\",\"isPartOf\":{\"@id\":\"https:\\\/\\\/marcelolopes.jor.br\\\/site\\\/2021\\\/08\\\/31\\\/em-leopoldina-crianca-com-covid-19-e-transferida-entubada-para-juiz-de-fora\\\/\"},\"author\":{\"name\":\"Marcelo Lopes\",\"@id\":\"https:\\\/\\\/marcelolopes.jor.br\\\/site\\\/#\\\/schema\\\/person\\\/3e7216a35c34d8fdf952b31da3d1f89f\"},\"headline\":\"Em Leopoldina crian\u00e7a com Covid-19 \u00e9 transferida entubada para Juiz de Fora\",\"datePublished\":\"2021-08-31T23:00:20+00:00\",\"mainEntityOfPage\":{\"@id\":\"https:\\\/\\\/marcelolopes.jor.br\\\/site\\\/2021\\\/08\\\/31\\\/em-leopoldina-crianca-com-covid-19-e-transferida-entubada-para-juiz-de-fora\\\/\"},\"wordCount\":235,\"commentCount\":0,\"publisher\":{\"@id\":\"https:\\\/\\\/marcelolopes.jor.br\\\/site\\\/#organization\"},\"image\":{\"@id\":\"https:\\\/\\\/marcelolopes.jor.br\\\/site\\\/2021\\\/08\\\/31\\\/em-leopoldina-crianca-com-covid-19-e-transferida-entubada-para-juiz-de-fora\\\/#primaryimage\"},\"thumbnailUrl\":\"https:\\\/\\\/marcelolopes.jor.br\\\/site\\\/wp-content\\\/uploads\\\/2020\\\/06\\\/Casa-de-Caridade-Leopoldinense.jpg\",\"keywords\":[\"Casa de Caridade Leopoldinense\",\"crian\u00e7a com Covid-19\",\"crian\u00e7a entubada\",\"crian\u00e7a internada\"],\"articleSection\":[\"Not\u00edcias\"],\"inLanguage\":\"pt-BR\",\"potentialAction\":[{\"@type\":\"CommentAction\",\"name\":\"Comment\",\"target\":[\"https:\\\/\\\/marcelolopes.jor.br\\\/site\\\/2021\\\/08\\\/31\\\/em-leopoldina-crianca-com-covid-19-e-transferida-entubada-para-juiz-de-fora\\\/#respond\"]}]},{\"@type\":\"WebPage\",\"@id\":\"https:\\\/\\\/marcelolopes.jor.br\\\/site\\\/2021\\\/08\\\/31\\\/em-leopoldina-crianca-com-covid-19-e-transferida-entubada-para-juiz-de-fora\\\/\",\"url\":\"https:\\\/\\\/marcelolopes.jor.br\\\/site\\\/2021\\\/08\\\/31\\\/em-leopoldina-crianca-com-covid-19-e-transferida-entubada-para-juiz-de-fora\\\/\",\"name\":\"Em Leopoldina crian\u00e7a com Covid-19 \u00e9 transferida entubada para Juiz de Fora | Marcelo Lopes\",\"isPartOf\":{\"@id\":\"https:\\\/\\\/marcelolopes.jor.br\\\/site\\\/#website\"},\"primaryImageOfPage\":{\"@id\":\"https:\\\/\\\/marcelolopes.jor.br\\\/site\\\/2021\\\/08\\\/31\\\/em-leopoldina-crianca-com-covid-19-e-transferida-entubada-para-juiz-de-fora\\\/#primaryimage\"},\"image\":{\"@id\":\"https:\\\/\\\/marcelolopes.jor.br\\\/site\\\/2021\\\/08\\\/31\\\/em-leopoldina-crianca-com-covid-19-e-transferida-entubada-para-juiz-de-fora\\\/#primaryimage\"},\"thumbnailUrl\":\"https:\\\/\\\/marcelolopes.jor.br\\\/site\\\/wp-content\\\/uploads\\\/2020\\\/06\\\/Casa-de-Caridade-Leopoldinense.jpg\",\"datePublished\":\"2021-08-31T23:00:20+00:00\",\"breadcrumb\":{\"@id\":\"https:\\\/\\\/marcelolopes.jor.br\\\/site\\\/2021\\\/08\\\/31\\\/em-leopoldina-crianca-com-covid-19-e-transferida-entubada-para-juiz-de-fora\\\/#breadcrumb\"},\"inLanguage\":\"pt-BR\",\"potentialAction\":[{\"@type\":\"ReadAction\",\"target\":[\"https:\\\/\\\/marcelolopes.jor.br\\\/site\\\/2021\\\/08\\\/31\\\/em-leopoldina-crianca-com-covid-19-e-transferida-entubada-para-juiz-de-fora\\\/\"]}]},{\"@type\":\"ImageObject\",\"inLanguage\":\"pt-BR\",\"@id\":\"https:\\\/\\\/marcelolopes.jor.br\\\/site\\\/2021\\\/08\\\/31\\\/em-leopoldina-crianca-com-covid-19-e-transferida-entubada-para-juiz-de-fora\\\/#primaryimage\",\"url\":\"https:\\\/\\\/marcelolopes.jor.br\\\/site\\\/wp-content\\\/uploads\\\/2020\\\/06\\\/Casa-de-Caridade-Leopoldinense.jpg\",\"contentUrl\":\"https:\\\/\\\/marcelolopes.jor.br\\\/site\\\/wp-content\\\/uploads\\\/2020\\\/06\\\/Casa-de-Caridade-Leopoldinense.jpg\",\"width\":800,\"height\":600},{\"@type\":\"BreadcrumbList\",\"@id\":\"https:\\\/\\\/marcelolopes.jor.br\\\/site\\\/2021\\\/08\\\/31\\\/em-leopoldina-crianca-com-covid-19-e-transferida-entubada-para-juiz-de-fora\\\/#breadcrumb\",\"itemListElement\":[{\"@type\":\"ListItem\",\"position\":1,\"name\":\"Home\",\"item\":\"https:\\\/\\\/marcelolopes.jor.br\\\/site\\\/\"},{\"@type\":\"ListItem\",\"position\":2,\"name\":\"Em Leopoldina crian\u00e7a com Covid-19 \u00e9 transferida entubada para Juiz de Fora\"}]},{\"@type\":\"WebSite\",\"@id\":\"https:\\\/\\\/marcelolopes.jor.br\\\/site\\\/#website\",\"url\":\"https:\\\/\\\/marcelolopes.jor.br\\\/site\\\/\",\"name\":\"Marcelo Lopes\",\"description\":\"Not\u00edcias de Cataguases e Regi\u00e3o\",\"publisher\":{\"@id\":\"https:\\\/\\\/marcelolopes.jor.br\\\/site\\\/#organization\"},\"potentialAction\":[{\"@type\":\"SearchAction\",\"target\":{\"@type\":\"EntryPoint\",\"urlTemplate\":\"https:\\\/\\\/marcelolopes.jor.br\\\/site\\\/?s={search_term_string}\"},\"query-input\":{\"@type\":\"PropertyValueSpecification\",\"valueRequired\":true,\"valueName\":\"search_term_string\"}}],\"inLanguage\":\"pt-BR\"},{\"@type\":\"Organization\",\"@id\":\"https:\\\/\\\/marcelolopes.jor.br\\\/site\\\/#organization\",\"name\":\"Site do Marcelo Lopes\",\"url\":\"https:\\\/\\\/marcelolopes.jor.br\\\/site\\\/\",\"logo\":{\"@type\":\"ImageObject\",\"inLanguage\":\"pt-BR\",\"@id\":\"https:\\\/\\\/marcelolopes.jor.br\\\/site\\\/#\\\/schema\\\/logo\\\/image\\\/\",\"url\":\"https:\\\/\\\/marcelolopes.jor.br\\\/site\\\/wp-content\\\/uploads\\\/2024\\\/11\\\/logo-1.png\",\"contentUrl\":\"https:\\\/\\\/marcelolopes.jor.br\\\/site\\\/wp-content\\\/uploads\\\/2024\\\/11\\\/logo-1.png\",\"width\":475,\"height\":80,\"caption\":\"Site do Marcelo Lopes\"},\"image\":{\"@id\":\"https:\\\/\\\/marcelolopes.jor.br\\\/site\\\/#\\\/schema\\\/logo\\\/image\\\/\"},\"sameAs\":[\"https:\\\/\\\/www.facebook.com\\\/sitedomarcelolopes\",\"https:\\\/\\\/www.instagram.com\\\/sitedomarcelolopes\\\/\",\"https:\\\/\\\/www.linkedin.com\\\/company\\\/site-do-marcelo-lopes\\\/\",\"https:\\\/\\\/www.youtube.com\\\/user\\\/marcelolopes957\"]},{\"@type\":\"Person\",\"@id\":\"https:\\\/\\\/marcelolopes.jor.br\\\/site\\\/#\\\/schema\\\/person\\\/3e7216a35c34d8fdf952b31da3d1f89f\",\"name\":\"Marcelo Lopes\",\"sameAs\":[\"http:\\\/\\\/www.marcelolopes.jor.br\"],\"url\":\"https:\\\/\\\/marcelolopes.jor.br\\\/site\\\/author\\\/marcelo\\\/\"}]}<\/script>\n<!-- \/ Yoast SEO plugin. -->","yoast_head_json":{"title":"Em Leopoldina crian\u00e7a com Covid-19 \u00e9 transferida entubada para Juiz de Fora | Marcelo Lopes","robots":{"index":"index","follow":"follow","max-snippet":"max-snippet:-1","max-image-preview":"max-image-preview:large","max-video-preview":"max-video-preview:-1"},"canonical":"https:\/\/marcelolopes.jor.br\/site\/2021\/08\/31\/em-leopoldina-crianca-com-covid-19-e-transferida-entubada-para-juiz-de-fora\/","og_locale":"pt_BR","og_type":"article","og_title":"Em Leopoldina crian\u00e7a com Covid-19 \u00e9 transferida entubada para Juiz de Fora | Marcelo Lopes","og_description":"Uma menina de 12 anos de idade, diagnosticada com Covid-19 ap\u00f3s realiza\u00e7\u00e3o de teste neste sentido realizado nesta ter\u00e7a-feira, 31 de agosto, foi transferida para a Unidade de Terapia Intensiva Pedi\u00e1trica do Hospital Jo\u00e3o Penido, em Juiz de Fora. ElaLeia mais Em Leopoldina crian\u00e7a com Covid-19 \u00e9 transferida entubada para Juiz de Fora","og_url":"https:\/\/marcelolopes.jor.br\/site\/2021\/08\/31\/em-leopoldina-crianca-com-covid-19-e-transferida-entubada-para-juiz-de-fora\/","og_site_name":"Marcelo Lopes","article_publisher":"https:\/\/www.facebook.com\/sitedomarcelolopes","article_published_time":"2021-08-31T23:00:20+00:00","og_image":[{"width":800,"height":600,"url":"https:\/\/marcelolopes.jor.br\/site\/wp-content\/uploads\/2020\/06\/Casa-de-Caridade-Leopoldinense.jpg","type":"image\/jpeg"}],"author":"Marcelo Lopes","twitter_card":"summary_large_image","twitter_misc":{"Escrito por":"Marcelo Lopes","Est. tempo de leitura":"1 minuto"},"schema":{"@context":"https:\/\/schema.org","@graph":[{"@type":"NewsArticle","@id":"https:\/\/marcelolopes.jor.br\/site\/2021\/08\/31\/em-leopoldina-crianca-com-covid-19-e-transferida-entubada-para-juiz-de-fora\/#article","isPartOf":{"@id":"https:\/\/marcelolopes.jor.br\/site\/2021\/08\/31\/em-leopoldina-crianca-com-covid-19-e-transferida-entubada-para-juiz-de-fora\/"},"author":{"name":"Marcelo Lopes","@id":"https:\/\/marcelolopes.jor.br\/site\/#\/schema\/person\/3e7216a35c34d8fdf952b31da3d1f89f"},"headline":"Em Leopoldina crian\u00e7a com Covid-19 \u00e9 transferida entubada para Juiz de Fora","datePublished":"2021-08-31T23:00:20+00:00","mainEntityOfPage":{"@id":"https:\/\/marcelolopes.jor.br\/site\/2021\/08\/31\/em-leopoldina-crianca-com-covid-19-e-transferida-entubada-para-juiz-de-fora\/"},"wordCount":235,"commentCount":0,"publisher":{"@id":"https:\/\/marcelolopes.jor.br\/site\/#organization"},"image":{"@id":"https:\/\/marcelolopes.jor.br\/site\/2021\/08\/31\/em-leopoldina-crianca-com-covid-19-e-transferida-entubada-para-juiz-de-fora\/#primaryimage"},"thumbnailUrl":"https:\/\/marcelolopes.jor.br\/site\/wp-content\/uploads\/2020\/06\/Casa-de-Caridade-Leopoldinense.jpg","keywords":["Casa de Caridade Leopoldinense","crian\u00e7a com Covid-19","crian\u00e7a entubada","crian\u00e7a internada"],"articleSection":["Not\u00edcias"],"inLanguage":"pt-BR","potentialAction":[{"@type":"CommentAction","name":"Comment","target":["https:\/\/marcelolopes.jor.br\/site\/2021\/08\/31\/em-leopoldina-crianca-com-covid-19-e-transferida-entubada-para-juiz-de-fora\/#respond"]}]},{"@type":"WebPage","@id":"https:\/\/marcelolopes.jor.br\/site\/2021\/08\/31\/em-leopoldina-crianca-com-covid-19-e-transferida-entubada-para-juiz-de-fora\/","url":"https:\/\/marcelolopes.jor.br\/site\/2021\/08\/31\/em-leopoldina-crianca-com-covid-19-e-transferida-entubada-para-juiz-de-fora\/","name":"Em Leopoldina crian\u00e7a com Covid-19 \u00e9 transferida entubada para Juiz de Fora | Marcelo Lopes","isPartOf":{"@id":"https:\/\/marcelolopes.jor.br\/site\/#website"},"primaryImageOfPage":{"@id":"https:\/\/marcelolopes.jor.br\/site\/2021\/08\/31\/em-leopoldina-crianca-com-covid-19-e-transferida-entubada-para-juiz-de-fora\/#primaryimage"},"image":{"@id":"https:\/\/marcelolopes.jor.br\/site\/2021\/08\/31\/em-leopoldina-crianca-com-covid-19-e-transferida-entubada-para-juiz-de-fora\/#primaryimage"},"thumbnailUrl":"https:\/\/marcelolopes.jor.br\/site\/wp-content\/uploads\/2020\/06\/Casa-de-Caridade-Leopoldinense.jpg","datePublished":"2021-08-31T23:00:20+00:00","breadcrumb":{"@id":"https:\/\/marcelolopes.jor.br\/site\/2021\/08\/31\/em-leopoldina-crianca-com-covid-19-e-transferida-entubada-para-juiz-de-fora\/#breadcrumb"},"inLanguage":"pt-BR","potentialAction":[{"@type":"ReadAction","target":["https:\/\/marcelolopes.jor.br\/site\/2021\/08\/31\/em-leopoldina-crianca-com-covid-19-e-transferida-entubada-para-juiz-de-fora\/"]}]},{"@type":"ImageObject","inLanguage":"pt-BR","@id":"https:\/\/marcelolopes.jor.br\/site\/2021\/08\/31\/em-leopoldina-crianca-com-covid-19-e-transferida-entubada-para-juiz-de-fora\/#primaryimage","url":"https:\/\/marcelolopes.jor.br\/site\/wp-content\/uploads\/2020\/06\/Casa-de-Caridade-Leopoldinense.jpg","contentUrl":"https:\/\/marcelolopes.jor.br\/site\/wp-content\/uploads\/2020\/06\/Casa-de-Caridade-Leopoldinense.jpg","width":800,"height":600},{"@type":"BreadcrumbList","@id":"https:\/\/marcelolopes.jor.br\/site\/2021\/08\/31\/em-leopoldina-crianca-com-covid-19-e-transferida-entubada-para-juiz-de-fora\/#breadcrumb","itemListElement":[{"@type":"ListItem","position":1,"name":"Home","item":"https:\/\/marcelolopes.jor.br\/site\/"},{"@type":"ListItem","position":2,"name":"Em Leopoldina crian\u00e7a com Covid-19 \u00e9 transferida entubada para Juiz de Fora"}]},{"@type":"WebSite","@id":"https:\/\/marcelolopes.jor.br\/site\/#website","url":"https:\/\/marcelolopes.jor.br\/site\/","name":"Marcelo Lopes","description":"Not\u00edcias de Cataguases e Regi\u00e3o","publisher":{"@id":"https:\/\/marcelolopes.jor.br\/site\/#organization"},"potentialAction":[{"@type":"SearchAction","target":{"@type":"EntryPoint","urlTemplate":"https:\/\/marcelolopes.jor.br\/site\/?s={search_term_string}"},"query-input":{"@type":"PropertyValueSpecification","valueRequired":true,"valueName":"search_term_string"}}],"inLanguage":"pt-BR"},{"@type":"Organization","@id":"https:\/\/marcelolopes.jor.br\/site\/#organization","name":"Site do Marcelo Lopes","url":"https:\/\/marcelolopes.jor.br\/site\/","logo":{"@type":"ImageObject","inLanguage":"pt-BR","@id":"https:\/\/marcelolopes.jor.br\/site\/#\/schema\/logo\/image\/","url":"https:\/\/marcelolopes.jor.br\/site\/wp-content\/uploads\/2024\/11\/logo-1.png","contentUrl":"https:\/\/marcelolopes.jor.br\/site\/wp-content\/uploads\/2024\/11\/logo-1.png","width":475,"height":80,"caption":"Site do Marcelo Lopes"},"image":{"@id":"https:\/\/marcelolopes.jor.br\/site\/#\/schema\/logo\/image\/"},"sameAs":["https:\/\/www.facebook.com\/sitedomarcelolopes","https:\/\/www.instagram.com\/sitedomarcelolopes\/","https:\/\/www.linkedin.com\/company\/site-do-marcelo-lopes\/","https:\/\/www.youtube.com\/user\/marcelolopes957"]},{"@type":"Person","@id":"https:\/\/marcelolopes.jor.br\/site\/#\/schema\/person\/3e7216a35c34d8fdf952b31da3d1f89f","name":"Marcelo Lopes","sameAs":["http:\/\/www.marcelolopes.jor.br"],"url":"https:\/\/marcelolopes.jor.br\/site\/author\/marcelo\/"}]}},"wps_subtitle":"A menina, de 12 anos de idade, foi levada para o Hospital Jo\u00e3o Penido.","_links":{"self":[{"href":"https:\/\/marcelolopes.jor.br\/site\/wp-json\/wp\/v2\/posts\/26547","targetHints":{"allow":["GET"]}}],"collection":[{"href":"https:\/\/marcelolopes.jor.br\/site\/wp-json\/wp\/v2\/posts"}],"about":[{"href":"https:\/\/marcelolopes.jor.br\/site\/wp-json\/wp\/v2\/types\/post"}],"author":[{"embeddable":true,"href":"https:\/\/marcelolopes.jor.br\/site\/wp-json\/wp\/v2\/users\/2"}],"replies":[{"embeddable":true,"href":"https:\/\/marcelolopes.jor.br\/site\/wp-json\/wp\/v2\/comments?post=26547"}],"version-history":[{"count":0,"href":"https:\/\/marcelolopes.jor.br\/site\/wp-json\/wp\/v2\/posts\/26547\/revisions"}],"wp:featuredmedia":[{"embeddable":true,"href":"https:\/\/marcelolopes.jor.br\/site\/wp-json\/wp\/v2\/media\/14814"}],"wp:attachment":[{"href":"https:\/\/marcelolopes.jor.br\/site\/wp-json\/wp\/v2\/media?parent=26547"}],"wp:term":[{"taxonomy":"category","embeddable":true,"href":"https:\/\/marcelolopes.jor.br\/site\/wp-json\/wp\/v2\/categories?post=26547"},{"taxonomy":"post_tag","embeddable":true,"href":"https:\/\/marcelolopes.jor.br\/site\/wp-json\/wp\/v2\/tags?post=26547"}],"curies":[{"name":"wp","href":"https:\/\/api.w.org\/{rel}","templated":true}]}}