{"id":26515,"date":"2021-08-30T16:00:00","date_gmt":"2021-08-30T19:00:00","guid":{"rendered":"https:\/\/marcelolopes.jor.br\/?p=26515"},"modified":"2021-08-30T15:13:01","modified_gmt":"2021-08-30T18:13:01","slug":"congresso-de-ciencias-sociais-recebe-palestrantes-de-relevancia-internacional","status":"publish","type":"post","link":"https:\/\/marcelolopes.jor.br\/site\/2021\/08\/30\/congresso-de-ciencias-sociais-recebe-palestrantes-de-relevancia-internacional\/","title":{"rendered":"Congresso de Ci\u00eancias Sociais recebe palestrantes de relev\u00e2ncia internacional"},"content":{"rendered":"<p style=\"text-align: justify;\">Aprofundar o debate sobre Futuro, Meio Ambiente e Sustentabilidade e discutir sobre tem\u00e1ticas relacionadas \u00e0 sociedade, ser\u00e3o o foco central do II Congresso Internacional de Ci\u00eancias Sociais Aplicadas (CICSA), promovido pela Rede de Ensino Doctum. O evento, que acontece entre os dias 06 e 11 de setembro, recebe conferencistas de relev\u00e2ncia nacional e internacional.<!--more--><\/p>\n<p style=\"text-align: justify;\"><a href=\"http:\/\/www.agenciaram.com.br\"><img loading=\"lazy\" decoding=\"async\" class=\"aligncenter wp-image-26207 size-full\" src=\"https:\/\/marcelolopes.jor.br\/site\/wp-content\/uploads\/2021\/08\/Banner-Ag\u00eancia-RAM.jpeg\" alt=\"\" width=\"800\" height=\"214\" srcset=\"https:\/\/marcelolopes.jor.br\/site\/wp-content\/uploads\/2021\/08\/Banner-Ag\u00eancia-RAM.jpeg 800w, https:\/\/marcelolopes.jor.br\/site\/wp-content\/uploads\/2021\/08\/Banner-Ag\u00eancia-RAM-300x80.jpeg 300w, https:\/\/marcelolopes.jor.br\/site\/wp-content\/uploads\/2021\/08\/Banner-Ag\u00eancia-RAM-768x205.jpeg 768w\" sizes=\"auto, (max-width: 800px) 100vw, 800px\" \/><\/a>A programa\u00e7\u00e3o busca reunir professores, profissionais, estudantes e interessados em refletir sobre temas como Pol\u00edticas p\u00fablicas, Educa\u00e7\u00e3o; Direitos Humanos e Sustentabilidade. Ser\u00e3o mais de 10 horas de programa\u00e7\u00e3o di\u00e1ria com atividades cient\u00edficas e culturais. As inscri\u00e7\u00f5es s\u00e3o gratuitas e o evento acontece de forma online e ao vivo, podendo ser acessado em qualquer lugar do mundo.<\/p>\n<p style=\"text-align: justify;\">Para o Presidente Executivo da Rede Doctum, Professor Pedro Leit\u00e3o, o CICSA \u00e9 uma atividade acad\u00eamica extremamente importante, que nasceu da necessidade de levar para o digital os eventos presenciais. \u201cIsso ampliou a possibilidade de incluir palestrantes de vastos conhecimentos e de diversos lugares do Brasil e do mundo, proporcionando aos nossos alunos o acesso a um di\u00e1logo enriquecido, qualificado e que possibilita uma intera\u00e7\u00e3o produtiva. Reunir nomes t\u00e3o importantes mostra que a institui\u00e7\u00e3o valoriza o pensamento cr\u00edtico e continua inovando na busca de ampliar o seu debate\u201d.<\/p>\n<p style=\"text-align: justify;\">Segundo o organizador do evento e Diretor de Auditoria e Controladoria da Doctum, Roberto Fully, a segunda edi\u00e7\u00e3o do CICSA busca ser ainda maior do que a primeira, com expectativa de chegar a 130 mil visualiza\u00e7\u00f5es. \u201cNosso prop\u00f3sito \u00e9 reunir um painel com mais de 20 palestrantes para discutir um mundo melhor a partir da vis\u00e3o de diferentes \u00e1reas do conhecimento, como: sociologia, direito, economia, educa\u00e7\u00e3o e gest\u00e3o. Ser\u00e3o 20 pa\u00edses representados e 27 estados da federa\u00e7\u00e3o brasileira, o que abrange cerca de 450 cidades participando de uma programa\u00e7\u00e3o gratuita, online e universalizada\u201d.<\/p>\n<p style=\"text-align: justify;\">A Diretora de Ensino da Rede, Jana\u00edna Dardengo, tamb\u00e9m ressalta que a participa\u00e7\u00e3o em evento internacional \u00e9 um grande diferencial acad\u00eamico e pode ser um fator decis\u00f3rio no curr\u00edculo. \u201cTer a oportunidade de participar de um evento como o CICSA \u00e9 extremamente relevante para a forma\u00e7\u00e3o profissional e acad\u00eamica de nossos alunos. Eu acredito que o contato com palestrantes de diferentes pa\u00edses, com abordagens diversas na \u00e1rea das Ci\u00eancias Sociais Aplicadas, \u00e9 uma experi\u00eancia \u00fanica. \u00c9 a oportunidade de sair da sala de aula para interagir com o que est\u00e1 acontecendo no mundo\u201d.<\/p>\n<h6 style=\"text-align: justify;\">Debates Internacionais<\/h6>\n<p style=\"text-align: justify;\">A confer\u00eancia de abertura do evento contar\u00e1 com a palestra do soci\u00f3logo, escritor e pesquisador brasileiro, Jess\u00e9 Souza, internacionalmente conhecido por suas obras \u201cA Elite do Atraso\u201d e \u201cA Classe M\u00e9dia no Espelho\u201d. O evento promove ainda cerca de 30 mesas de debates, que re\u00fanem pesquisadores e palestrantes como Daniel Munduruku, Doutor em Educa\u00e7\u00e3o e lideran\u00e7a ind\u00edgena; Duda Salabert, Vereadora (BH) e ativista ambiental e de g\u00eanero; Karen Strier, Doutora em Antropologia e Presidente da Sociedade Brasileira de Primatologia; e Silvio Tendler, cineasta e um dos mais respeitados documentaristas brasileiros.<\/p>\n<p style=\"text-align: justify;\">O CICSA tem como prop\u00f3sito reunir cientistas, pesquisadores e ativistas mundialmente engajados em uma agenda de futuro, meio ambiente e sustentabilidade, nas mais diferentes interfaces em que esses temas podem ser pensados. Para tanto, o congresso conta com a participa\u00e7\u00e3o de representantes de diversos pa\u00edses, como Augusto Bila Bila, angolano e mestre em Ci\u00eancia Computacional; Filomena Br\u00e1s, portuguesa e doutora em Ci\u00eancias Empresariais; Ero Del Canto, venezuelano e doutor em Ci\u00eancias Administrativas; Chan, coreano e estudante, dentre outros.<\/p>\n<p style=\"text-align: justify;\">Compromissados com os programas gerais de desenvolvimento humano, o escopo do evento tem como proposta alinhar um di\u00e1logo entre as ci\u00eancias pedag\u00f3gicas, jur\u00eddicas e gerenciais, e os desafios pol\u00edticos e institucionais do futuro da humanidade. Al\u00e9m das confer\u00eancias e mesas de debate, o congresso recebe trabalhos acad\u00eamicos desenvolvidos por pesquisadores de diferentes \u00e1reas, al\u00e9m de mostra de fotografias e lan\u00e7amento de livros.<\/p>\n<p style=\"text-align: justify;\">As inscri\u00e7\u00f5es podem ser realizadas gratuitamente atrav\u00e9s do endere\u00e7o eletr\u00f4nico: <a href=\"http:\/\/www.even3.com.br\/cicsa21\/\"><strong><span style=\"color: #800080;\">www.even3.com.br\/cicsa21\/<\/span><\/strong><\/a><\/p>\n<p style=\"text-align: justify;\">Fonte e foto: Rede Doctum<\/p>\n<div class=\"vmkzc69f75d9749181\" ><br><\/div><style type=\"text\/css\">\r\n@media screen and (min-width: 1201px) {\r\n.vmkzc69f75d9749181 {\r\ndisplay: block;\r\n}\r\n}\r\n@media screen and (min-width: 993px) and (max-width: 1200px) {\r\n.vmkzc69f75d9749181 {\r\ndisplay: block;\r\n}\r\n}\r\n@media screen and (min-width: 769px) and (max-width: 992px) {\r\n.vmkzc69f75d9749181 {\r\ndisplay: block;\r\n}\r\n}\r\n@media screen and (min-width: 768px) and (max-width: 768px) {\r\n.vmkzc69f75d9749181 {\r\ndisplay: block;\r\n}\r\n}\r\n@media screen and (max-width: 767px) {\r\n.vmkzc69f75d9749181 {\r\ndisplay: block;\r\n}\r\n}\r\n<\/style>\r\n<div class=\"mqbls69f75d974ee4f\" ><div id=\"div_destino\"><\/div>\r\n<script src=\"https:\/\/cdn.snsrsv.com\/sdk.js\"><\/script>\r\n<script >\r\n      new sdk(\"464030C30061EA8BE065000000000001\") \r\n          .appendTo(\"div_destino\")\r\n          .disableStyle(true) \r\n          .setCacheBusterMacro(\"%%CACHEBUSTER%%\")\r\n          .setSize(\"800\",\"214\")\r\n          .setClickMacro(\"%%CLICK_URL_ESC%%\") \r\n          .setReferrerUrlMacro(\"%%REFERRER_URL_ESC%%\") \r\n          .start(); \r\n<\/script><\/div><style type=\"text\/css\">\r\n@media screen and (min-width: 1201px) {\r\n.mqbls69f75d974ee4f {\r\ndisplay: block;\r\n}\r\n}\r\n@media screen and (min-width: 993px) and (max-width: 1200px) {\r\n.mqbls69f75d974ee4f {\r\ndisplay: block;\r\n}\r\n}\r\n@media screen and (min-width: 769px) and (max-width: 992px) {\r\n.mqbls69f75d974ee4f {\r\ndisplay: block;\r\n}\r\n}\r\n@media screen and (min-width: 768px) and (max-width: 768px) {\r\n.mqbls69f75d974ee4f {\r\ndisplay: block;\r\n}\r\n}\r\n@media screen and (max-width: 767px) {\r\n.mqbls69f75d974ee4f {\r\ndisplay: block;\r\n}\r\n}\r\n<\/style>\r\n","protected":false},"excerpt":{"rendered":"<p>Aprofundar o debate sobre Futuro, Meio Ambiente e Sustentabilidade e discutir sobre tem\u00e1ticas relacionadas \u00e0 sociedade, ser\u00e3o o foco central do II Congresso Internacional de Ci\u00eancias Sociais Aplicadas (CICSA), promovido pela Rede de Ensino Doctum. O evento, que acontece entre<\/p>\n<p class=\"link-more\"><a class=\"more-link\" href=\"https:\/\/marcelolopes.jor.br\/site\/2021\/08\/30\/congresso-de-ciencias-sociais-recebe-palestrantes-de-relevancia-internacional\/\">Leia mais <span class=\"screen-reader-text\">Congresso de Ci\u00eancias Sociais recebe palestrantes de relev\u00e2ncia internacional<\/span><\/a><\/p>\n","protected":false},"author":2,"featured_media":26517,"comment_status":"open","ping_status":"open","sticky":false,"template":"","format":"standard","meta":{"footnotes":""},"categories":[1],"tags":[2639,694,4276,4611],"class_list":["post-26515","post","type-post","status-publish","format-standard","has-post-thumbnail","hentry","category-noticias","tag-congresso-internacional","tag-doctum","tag-faculdade-doctum","tag-rede-doctum","thumb-below-title"],"yoast_head":"<!-- This site is optimized with the Yoast SEO plugin v27.4 - https:\/\/yoast.com\/product\/yoast-seo-wordpress\/ -->\n<title>Congresso de Ci\u00eancias Sociais recebe palestrantes de relev\u00e2ncia internacional | Marcelo Lopes<\/title>\n<meta name=\"robots\" content=\"index, follow, max-snippet:-1, max-image-preview:large, max-video-preview:-1\" \/>\n<link rel=\"canonical\" href=\"https:\/\/marcelolopes.jor.br\/site\/2021\/08\/30\/congresso-de-ciencias-sociais-recebe-palestrantes-de-relevancia-internacional\/\" \/>\n<meta property=\"og:locale\" content=\"pt_BR\" \/>\n<meta property=\"og:type\" content=\"article\" \/>\n<meta property=\"og:title\" content=\"Congresso de Ci\u00eancias Sociais recebe palestrantes de relev\u00e2ncia internacional | Marcelo Lopes\" \/>\n<meta property=\"og:description\" content=\"Aprofundar o debate sobre Futuro, Meio Ambiente e Sustentabilidade e discutir sobre tem\u00e1ticas relacionadas \u00e0 sociedade, ser\u00e3o o foco central do II Congresso Internacional de Ci\u00eancias Sociais Aplicadas (CICSA), promovido pela Rede de Ensino Doctum. O evento, que acontece entreLeia mais Congresso de Ci\u00eancias Sociais recebe palestrantes de relev\u00e2ncia internacional\" \/>\n<meta property=\"og:url\" content=\"https:\/\/marcelolopes.jor.br\/site\/2021\/08\/30\/congresso-de-ciencias-sociais-recebe-palestrantes-de-relevancia-internacional\/\" \/>\n<meta property=\"og:site_name\" content=\"Marcelo Lopes\" \/>\n<meta property=\"article:publisher\" content=\"https:\/\/www.facebook.com\/sitedomarcelolopes\" \/>\n<meta property=\"article:published_time\" content=\"2021-08-30T19:00:00+00:00\" \/>\n<meta property=\"og:image\" content=\"https:\/\/marcelolopes.jor.br\/site\/wp-content\/uploads\/2021\/08\/Pedro-Leit\u00e3o-vice-presidente-da-Rede-Doctum-e1629465762619-300x196.png\" \/>\n\t<meta property=\"og:image:width\" content=\"782\" \/>\n\t<meta property=\"og:image:height\" content=\"511\" \/>\n\t<meta property=\"og:image:type\" content=\"image\/png\" \/>\n<meta name=\"author\" content=\"Marcelo Lopes\" \/>\n<meta name=\"twitter:card\" content=\"summary_large_image\" \/>\n<meta name=\"twitter:label1\" content=\"Escrito por\" \/>\n\t<meta name=\"twitter:data1\" content=\"Marcelo Lopes\" \/>\n\t<meta name=\"twitter:label2\" content=\"Est. tempo de leitura\" \/>\n\t<meta name=\"twitter:data2\" content=\"3 minutos\" \/>\n<script type=\"application\/ld+json\" class=\"yoast-schema-graph\">{\"@context\":\"https:\\\/\\\/schema.org\",\"@graph\":[{\"@type\":\"NewsArticle\",\"@id\":\"https:\\\/\\\/marcelolopes.jor.br\\\/site\\\/2021\\\/08\\\/30\\\/congresso-de-ciencias-sociais-recebe-palestrantes-de-relevancia-internacional\\\/#article\",\"isPartOf\":{\"@id\":\"https:\\\/\\\/marcelolopes.jor.br\\\/site\\\/2021\\\/08\\\/30\\\/congresso-de-ciencias-sociais-recebe-palestrantes-de-relevancia-internacional\\\/\"},\"author\":{\"name\":\"Marcelo Lopes\",\"@id\":\"https:\\\/\\\/marcelolopes.jor.br\\\/site\\\/#\\\/schema\\\/person\\\/3e7216a35c34d8fdf952b31da3d1f89f\"},\"headline\":\"Congresso de Ci\u00eancias Sociais recebe palestrantes de relev\u00e2ncia internacional\",\"datePublished\":\"2021-08-30T19:00:00+00:00\",\"mainEntityOfPage\":{\"@id\":\"https:\\\/\\\/marcelolopes.jor.br\\\/site\\\/2021\\\/08\\\/30\\\/congresso-de-ciencias-sociais-recebe-palestrantes-de-relevancia-internacional\\\/\"},\"wordCount\":702,\"commentCount\":0,\"publisher\":{\"@id\":\"https:\\\/\\\/marcelolopes.jor.br\\\/site\\\/#organization\"},\"image\":{\"@id\":\"https:\\\/\\\/marcelolopes.jor.br\\\/site\\\/2021\\\/08\\\/30\\\/congresso-de-ciencias-sociais-recebe-palestrantes-de-relevancia-internacional\\\/#primaryimage\"},\"thumbnailUrl\":\"https:\\\/\\\/marcelolopes.jor.br\\\/site\\\/wp-content\\\/uploads\\\/2021\\\/08\\\/Pedro-Leit\u00e3o-vice-presidente-da-Rede-Doctum-e1629465762619-300x196.png\",\"keywords\":[\"congresso internacional\",\"Doctum\",\"Faculdade Doctum\",\"Rede Doctum\"],\"articleSection\":[\"Not\u00edcias\"],\"inLanguage\":\"pt-BR\",\"potentialAction\":[{\"@type\":\"CommentAction\",\"name\":\"Comment\",\"target\":[\"https:\\\/\\\/marcelolopes.jor.br\\\/site\\\/2021\\\/08\\\/30\\\/congresso-de-ciencias-sociais-recebe-palestrantes-de-relevancia-internacional\\\/#respond\"]}]},{\"@type\":\"WebPage\",\"@id\":\"https:\\\/\\\/marcelolopes.jor.br\\\/site\\\/2021\\\/08\\\/30\\\/congresso-de-ciencias-sociais-recebe-palestrantes-de-relevancia-internacional\\\/\",\"url\":\"https:\\\/\\\/marcelolopes.jor.br\\\/site\\\/2021\\\/08\\\/30\\\/congresso-de-ciencias-sociais-recebe-palestrantes-de-relevancia-internacional\\\/\",\"name\":\"Congresso de Ci\u00eancias Sociais recebe palestrantes de relev\u00e2ncia internacional | Marcelo Lopes\",\"isPartOf\":{\"@id\":\"https:\\\/\\\/marcelolopes.jor.br\\\/site\\\/#website\"},\"primaryImageOfPage\":{\"@id\":\"https:\\\/\\\/marcelolopes.jor.br\\\/site\\\/2021\\\/08\\\/30\\\/congresso-de-ciencias-sociais-recebe-palestrantes-de-relevancia-internacional\\\/#primaryimage\"},\"image\":{\"@id\":\"https:\\\/\\\/marcelolopes.jor.br\\\/site\\\/2021\\\/08\\\/30\\\/congresso-de-ciencias-sociais-recebe-palestrantes-de-relevancia-internacional\\\/#primaryimage\"},\"thumbnailUrl\":\"https:\\\/\\\/marcelolopes.jor.br\\\/site\\\/wp-content\\\/uploads\\\/2021\\\/08\\\/Pedro-Leit\u00e3o-vice-presidente-da-Rede-Doctum-e1629465762619-300x196.png\",\"datePublished\":\"2021-08-30T19:00:00+00:00\",\"breadcrumb\":{\"@id\":\"https:\\\/\\\/marcelolopes.jor.br\\\/site\\\/2021\\\/08\\\/30\\\/congresso-de-ciencias-sociais-recebe-palestrantes-de-relevancia-internacional\\\/#breadcrumb\"},\"inLanguage\":\"pt-BR\",\"potentialAction\":[{\"@type\":\"ReadAction\",\"target\":[\"https:\\\/\\\/marcelolopes.jor.br\\\/site\\\/2021\\\/08\\\/30\\\/congresso-de-ciencias-sociais-recebe-palestrantes-de-relevancia-internacional\\\/\"]}]},{\"@type\":\"ImageObject\",\"inLanguage\":\"pt-BR\",\"@id\":\"https:\\\/\\\/marcelolopes.jor.br\\\/site\\\/2021\\\/08\\\/30\\\/congresso-de-ciencias-sociais-recebe-palestrantes-de-relevancia-internacional\\\/#primaryimage\",\"url\":\"https:\\\/\\\/marcelolopes.jor.br\\\/site\\\/wp-content\\\/uploads\\\/2021\\\/08\\\/Pedro-Leit\u00e3o-vice-presidente-da-Rede-Doctum-e1629465762619-300x196.png\",\"contentUrl\":\"https:\\\/\\\/marcelolopes.jor.br\\\/site\\\/wp-content\\\/uploads\\\/2021\\\/08\\\/Pedro-Leit\u00e3o-vice-presidente-da-Rede-Doctum-e1629465762619-300x196.png\",\"width\":782,\"height\":511},{\"@type\":\"BreadcrumbList\",\"@id\":\"https:\\\/\\\/marcelolopes.jor.br\\\/site\\\/2021\\\/08\\\/30\\\/congresso-de-ciencias-sociais-recebe-palestrantes-de-relevancia-internacional\\\/#breadcrumb\",\"itemListElement\":[{\"@type\":\"ListItem\",\"position\":1,\"name\":\"Home\",\"item\":\"https:\\\/\\\/marcelolopes.jor.br\\\/site\\\/\"},{\"@type\":\"ListItem\",\"position\":2,\"name\":\"Congresso de Ci\u00eancias Sociais recebe palestrantes de relev\u00e2ncia internacional\"}]},{\"@type\":\"WebSite\",\"@id\":\"https:\\\/\\\/marcelolopes.jor.br\\\/site\\\/#website\",\"url\":\"https:\\\/\\\/marcelolopes.jor.br\\\/site\\\/\",\"name\":\"Marcelo Lopes\",\"description\":\"Not\u00edcias de Cataguases e Regi\u00e3o\",\"publisher\":{\"@id\":\"https:\\\/\\\/marcelolopes.jor.br\\\/site\\\/#organization\"},\"potentialAction\":[{\"@type\":\"SearchAction\",\"target\":{\"@type\":\"EntryPoint\",\"urlTemplate\":\"https:\\\/\\\/marcelolopes.jor.br\\\/site\\\/?s={search_term_string}\"},\"query-input\":{\"@type\":\"PropertyValueSpecification\",\"valueRequired\":true,\"valueName\":\"search_term_string\"}}],\"inLanguage\":\"pt-BR\"},{\"@type\":\"Organization\",\"@id\":\"https:\\\/\\\/marcelolopes.jor.br\\\/site\\\/#organization\",\"name\":\"Site do Marcelo Lopes\",\"url\":\"https:\\\/\\\/marcelolopes.jor.br\\\/site\\\/\",\"logo\":{\"@type\":\"ImageObject\",\"inLanguage\":\"pt-BR\",\"@id\":\"https:\\\/\\\/marcelolopes.jor.br\\\/site\\\/#\\\/schema\\\/logo\\\/image\\\/\",\"url\":\"https:\\\/\\\/marcelolopes.jor.br\\\/site\\\/wp-content\\\/uploads\\\/2024\\\/11\\\/logo-1.png\",\"contentUrl\":\"https:\\\/\\\/marcelolopes.jor.br\\\/site\\\/wp-content\\\/uploads\\\/2024\\\/11\\\/logo-1.png\",\"width\":475,\"height\":80,\"caption\":\"Site do Marcelo Lopes\"},\"image\":{\"@id\":\"https:\\\/\\\/marcelolopes.jor.br\\\/site\\\/#\\\/schema\\\/logo\\\/image\\\/\"},\"sameAs\":[\"https:\\\/\\\/www.facebook.com\\\/sitedomarcelolopes\",\"https:\\\/\\\/www.instagram.com\\\/sitedomarcelolopes\\\/\",\"https:\\\/\\\/www.linkedin.com\\\/company\\\/site-do-marcelo-lopes\\\/\",\"https:\\\/\\\/www.youtube.com\\\/user\\\/marcelolopes957\"]},{\"@type\":\"Person\",\"@id\":\"https:\\\/\\\/marcelolopes.jor.br\\\/site\\\/#\\\/schema\\\/person\\\/3e7216a35c34d8fdf952b31da3d1f89f\",\"name\":\"Marcelo Lopes\",\"sameAs\":[\"http:\\\/\\\/www.marcelolopes.jor.br\"],\"url\":\"https:\\\/\\\/marcelolopes.jor.br\\\/site\\\/author\\\/marcelo\\\/\"}]}<\/script>\n<!-- \/ Yoast SEO plugin. -->","yoast_head_json":{"title":"Congresso de Ci\u00eancias Sociais recebe palestrantes de relev\u00e2ncia internacional | Marcelo Lopes","robots":{"index":"index","follow":"follow","max-snippet":"max-snippet:-1","max-image-preview":"max-image-preview:large","max-video-preview":"max-video-preview:-1"},"canonical":"https:\/\/marcelolopes.jor.br\/site\/2021\/08\/30\/congresso-de-ciencias-sociais-recebe-palestrantes-de-relevancia-internacional\/","og_locale":"pt_BR","og_type":"article","og_title":"Congresso de Ci\u00eancias Sociais recebe palestrantes de relev\u00e2ncia internacional | Marcelo Lopes","og_description":"Aprofundar o debate sobre Futuro, Meio Ambiente e Sustentabilidade e discutir sobre tem\u00e1ticas relacionadas \u00e0 sociedade, ser\u00e3o o foco central do II Congresso Internacional de Ci\u00eancias Sociais Aplicadas (CICSA), promovido pela Rede de Ensino Doctum. O evento, que acontece entreLeia mais Congresso de Ci\u00eancias Sociais recebe palestrantes de relev\u00e2ncia internacional","og_url":"https:\/\/marcelolopes.jor.br\/site\/2021\/08\/30\/congresso-de-ciencias-sociais-recebe-palestrantes-de-relevancia-internacional\/","og_site_name":"Marcelo Lopes","article_publisher":"https:\/\/www.facebook.com\/sitedomarcelolopes","article_published_time":"2021-08-30T19:00:00+00:00","og_image":[{"width":782,"height":511,"url":"https:\/\/marcelolopes.jor.br\/site\/wp-content\/uploads\/2021\/08\/Pedro-Leit\u00e3o-vice-presidente-da-Rede-Doctum-e1629465762619-300x196.png","type":"image\/png"}],"author":"Marcelo Lopes","twitter_card":"summary_large_image","twitter_misc":{"Escrito por":"Marcelo Lopes","Est. tempo de leitura":"3 minutos"},"schema":{"@context":"https:\/\/schema.org","@graph":[{"@type":"NewsArticle","@id":"https:\/\/marcelolopes.jor.br\/site\/2021\/08\/30\/congresso-de-ciencias-sociais-recebe-palestrantes-de-relevancia-internacional\/#article","isPartOf":{"@id":"https:\/\/marcelolopes.jor.br\/site\/2021\/08\/30\/congresso-de-ciencias-sociais-recebe-palestrantes-de-relevancia-internacional\/"},"author":{"name":"Marcelo Lopes","@id":"https:\/\/marcelolopes.jor.br\/site\/#\/schema\/person\/3e7216a35c34d8fdf952b31da3d1f89f"},"headline":"Congresso de Ci\u00eancias Sociais recebe palestrantes de relev\u00e2ncia internacional","datePublished":"2021-08-30T19:00:00+00:00","mainEntityOfPage":{"@id":"https:\/\/marcelolopes.jor.br\/site\/2021\/08\/30\/congresso-de-ciencias-sociais-recebe-palestrantes-de-relevancia-internacional\/"},"wordCount":702,"commentCount":0,"publisher":{"@id":"https:\/\/marcelolopes.jor.br\/site\/#organization"},"image":{"@id":"https:\/\/marcelolopes.jor.br\/site\/2021\/08\/30\/congresso-de-ciencias-sociais-recebe-palestrantes-de-relevancia-internacional\/#primaryimage"},"thumbnailUrl":"https:\/\/marcelolopes.jor.br\/site\/wp-content\/uploads\/2021\/08\/Pedro-Leit\u00e3o-vice-presidente-da-Rede-Doctum-e1629465762619-300x196.png","keywords":["congresso internacional","Doctum","Faculdade Doctum","Rede Doctum"],"articleSection":["Not\u00edcias"],"inLanguage":"pt-BR","potentialAction":[{"@type":"CommentAction","name":"Comment","target":["https:\/\/marcelolopes.jor.br\/site\/2021\/08\/30\/congresso-de-ciencias-sociais-recebe-palestrantes-de-relevancia-internacional\/#respond"]}]},{"@type":"WebPage","@id":"https:\/\/marcelolopes.jor.br\/site\/2021\/08\/30\/congresso-de-ciencias-sociais-recebe-palestrantes-de-relevancia-internacional\/","url":"https:\/\/marcelolopes.jor.br\/site\/2021\/08\/30\/congresso-de-ciencias-sociais-recebe-palestrantes-de-relevancia-internacional\/","name":"Congresso de Ci\u00eancias Sociais recebe palestrantes de relev\u00e2ncia internacional | Marcelo Lopes","isPartOf":{"@id":"https:\/\/marcelolopes.jor.br\/site\/#website"},"primaryImageOfPage":{"@id":"https:\/\/marcelolopes.jor.br\/site\/2021\/08\/30\/congresso-de-ciencias-sociais-recebe-palestrantes-de-relevancia-internacional\/#primaryimage"},"image":{"@id":"https:\/\/marcelolopes.jor.br\/site\/2021\/08\/30\/congresso-de-ciencias-sociais-recebe-palestrantes-de-relevancia-internacional\/#primaryimage"},"thumbnailUrl":"https:\/\/marcelolopes.jor.br\/site\/wp-content\/uploads\/2021\/08\/Pedro-Leit\u00e3o-vice-presidente-da-Rede-Doctum-e1629465762619-300x196.png","datePublished":"2021-08-30T19:00:00+00:00","breadcrumb":{"@id":"https:\/\/marcelolopes.jor.br\/site\/2021\/08\/30\/congresso-de-ciencias-sociais-recebe-palestrantes-de-relevancia-internacional\/#breadcrumb"},"inLanguage":"pt-BR","potentialAction":[{"@type":"ReadAction","target":["https:\/\/marcelolopes.jor.br\/site\/2021\/08\/30\/congresso-de-ciencias-sociais-recebe-palestrantes-de-relevancia-internacional\/"]}]},{"@type":"ImageObject","inLanguage":"pt-BR","@id":"https:\/\/marcelolopes.jor.br\/site\/2021\/08\/30\/congresso-de-ciencias-sociais-recebe-palestrantes-de-relevancia-internacional\/#primaryimage","url":"https:\/\/marcelolopes.jor.br\/site\/wp-content\/uploads\/2021\/08\/Pedro-Leit\u00e3o-vice-presidente-da-Rede-Doctum-e1629465762619-300x196.png","contentUrl":"https:\/\/marcelolopes.jor.br\/site\/wp-content\/uploads\/2021\/08\/Pedro-Leit\u00e3o-vice-presidente-da-Rede-Doctum-e1629465762619-300x196.png","width":782,"height":511},{"@type":"BreadcrumbList","@id":"https:\/\/marcelolopes.jor.br\/site\/2021\/08\/30\/congresso-de-ciencias-sociais-recebe-palestrantes-de-relevancia-internacional\/#breadcrumb","itemListElement":[{"@type":"ListItem","position":1,"name":"Home","item":"https:\/\/marcelolopes.jor.br\/site\/"},{"@type":"ListItem","position":2,"name":"Congresso de Ci\u00eancias Sociais recebe palestrantes de relev\u00e2ncia internacional"}]},{"@type":"WebSite","@id":"https:\/\/marcelolopes.jor.br\/site\/#website","url":"https:\/\/marcelolopes.jor.br\/site\/","name":"Marcelo Lopes","description":"Not\u00edcias de Cataguases e Regi\u00e3o","publisher":{"@id":"https:\/\/marcelolopes.jor.br\/site\/#organization"},"potentialAction":[{"@type":"SearchAction","target":{"@type":"EntryPoint","urlTemplate":"https:\/\/marcelolopes.jor.br\/site\/?s={search_term_string}"},"query-input":{"@type":"PropertyValueSpecification","valueRequired":true,"valueName":"search_term_string"}}],"inLanguage":"pt-BR"},{"@type":"Organization","@id":"https:\/\/marcelolopes.jor.br\/site\/#organization","name":"Site do Marcelo Lopes","url":"https:\/\/marcelolopes.jor.br\/site\/","logo":{"@type":"ImageObject","inLanguage":"pt-BR","@id":"https:\/\/marcelolopes.jor.br\/site\/#\/schema\/logo\/image\/","url":"https:\/\/marcelolopes.jor.br\/site\/wp-content\/uploads\/2024\/11\/logo-1.png","contentUrl":"https:\/\/marcelolopes.jor.br\/site\/wp-content\/uploads\/2024\/11\/logo-1.png","width":475,"height":80,"caption":"Site do Marcelo Lopes"},"image":{"@id":"https:\/\/marcelolopes.jor.br\/site\/#\/schema\/logo\/image\/"},"sameAs":["https:\/\/www.facebook.com\/sitedomarcelolopes","https:\/\/www.instagram.com\/sitedomarcelolopes\/","https:\/\/www.linkedin.com\/company\/site-do-marcelo-lopes\/","https:\/\/www.youtube.com\/user\/marcelolopes957"]},{"@type":"Person","@id":"https:\/\/marcelolopes.jor.br\/site\/#\/schema\/person\/3e7216a35c34d8fdf952b31da3d1f89f","name":"Marcelo Lopes","sameAs":["http:\/\/www.marcelolopes.jor.br"],"url":"https:\/\/marcelolopes.jor.br\/site\/author\/marcelo\/"}]}},"wps_subtitle":"As inscri\u00e7\u00f5es s\u00e3o gratuitas e o evento acontece de forma online e ao vivo.","_links":{"self":[{"href":"https:\/\/marcelolopes.jor.br\/site\/wp-json\/wp\/v2\/posts\/26515","targetHints":{"allow":["GET"]}}],"collection":[{"href":"https:\/\/marcelolopes.jor.br\/site\/wp-json\/wp\/v2\/posts"}],"about":[{"href":"https:\/\/marcelolopes.jor.br\/site\/wp-json\/wp\/v2\/types\/post"}],"author":[{"embeddable":true,"href":"https:\/\/marcelolopes.jor.br\/site\/wp-json\/wp\/v2\/users\/2"}],"replies":[{"embeddable":true,"href":"https:\/\/marcelolopes.jor.br\/site\/wp-json\/wp\/v2\/comments?post=26515"}],"version-history":[{"count":0,"href":"https:\/\/marcelolopes.jor.br\/site\/wp-json\/wp\/v2\/posts\/26515\/revisions"}],"wp:featuredmedia":[{"embeddable":true,"href":"https:\/\/marcelolopes.jor.br\/site\/wp-json\/wp\/v2\/media\/26517"}],"wp:attachment":[{"href":"https:\/\/marcelolopes.jor.br\/site\/wp-json\/wp\/v2\/media?parent=26515"}],"wp:term":[{"taxonomy":"category","embeddable":true,"href":"https:\/\/marcelolopes.jor.br\/site\/wp-json\/wp\/v2\/categories?post=26515"},{"taxonomy":"post_tag","embeddable":true,"href":"https:\/\/marcelolopes.jor.br\/site\/wp-json\/wp\/v2\/tags?post=26515"}],"curies":[{"name":"wp","href":"https:\/\/api.w.org\/{rel}","templated":true}]}}