{"id":26501,"date":"2021-08-30T09:30:46","date_gmt":"2021-08-30T12:30:46","guid":{"rendered":"https:\/\/marcelolopes.jor.br\/?p=26501"},"modified":"2021-08-30T09:14:06","modified_gmt":"2021-08-30T12:14:06","slug":"crianca-de-6-anos-morre-atropelada-por-trator-na-zona-rural-de-argirita","status":"publish","type":"post","link":"https:\/\/marcelolopes.jor.br\/site\/2021\/08\/30\/crianca-de-6-anos-morre-atropelada-por-trator-na-zona-rural-de-argirita\/","title":{"rendered":"Crian\u00e7a de 6 anos morre atropelada por trator na zona rural de Argirita"},"content":{"rendered":"<p style=\"text-align: justify;\">Uma crian\u00e7a de 6 anos de idade morreu ap\u00f3s ser atropelada por um trator em uma propriedade localizada na zona rural de Argirita. O acidente ocorreu neste domingo, 29 de agosto.<!--more--><\/p>\n<p style=\"text-align: justify;\"><a href=\"http:\/\/www.agenciaram.com.br\"><img loading=\"lazy\" decoding=\"async\" class=\"aligncenter wp-image-26207 size-full\" src=\"https:\/\/marcelolopes.jor.br\/site\/wp-content\/uploads\/2021\/08\/Banner-Ag\u00eancia-RAM.jpeg\" alt=\"\" width=\"800\" height=\"214\" srcset=\"https:\/\/marcelolopes.jor.br\/site\/wp-content\/uploads\/2021\/08\/Banner-Ag\u00eancia-RAM.jpeg 800w, https:\/\/marcelolopes.jor.br\/site\/wp-content\/uploads\/2021\/08\/Banner-Ag\u00eancia-RAM-300x80.jpeg 300w, https:\/\/marcelolopes.jor.br\/site\/wp-content\/uploads\/2021\/08\/Banner-Ag\u00eancia-RAM-768x205.jpeg 768w\" sizes=\"auto, (max-width: 800px) 100vw, 800px\" \/><\/a>De acordo com a Pol\u00edcia Militar, a corpora\u00e7\u00e3o foi acionada por populares e, ao chegar ao local os militares encontraram o menino ca\u00eddo ao solo e sem vida. Uma ambul\u00e2ncia da Secretaria Municipal de Sa\u00fade daquele munic\u00edpio foi acionada e um m\u00e9dico constatou a morte da crian\u00e7a.<\/p>\n<p style=\"text-align: justify;\">O condutor do trator, um homem de 27 anos, fugiu do local do acidente, o que impossibilitou a apura\u00e7\u00e3o das circunst\u00e2ncias do atropelamento.<\/p>\n<p style=\"text-align: justify;\">Conforme informou o jornal O Vigilante Online, a PM realiza dilig\u00eancias \u00e0 procura do condutor e durante consultas junto ao Denatran foi constatado que ele n\u00e3o possui habilita\u00e7\u00e3o para condu\u00e7\u00e3o de ve\u00edculos.<\/p>\n<p style=\"text-align: justify;\">A Per\u00edcia T\u00e9cnica da 3\u00aa Delegacia Regional da Pol\u00edcia Civil foi acionada e realizou os procedimentos de praxe para que o caso seja investigado.<\/p>\n<p style=\"text-align: justify;\">O corpo da crian\u00e7a foi encaminhado ao Instituto M\u00e9dico Legal (IML) de Leopoldina.<\/p>\n<p>Fonte: Jornal O Vigilante Online | Foto: Prefeitura de Argirita<\/p>\n<div class=\"xgioi69f5f47cac4fe\" ><br><\/div><style type=\"text\/css\">\r\n@media screen and (min-width: 1201px) {\r\n.xgioi69f5f47cac4fe {\r\ndisplay: block;\r\n}\r\n}\r\n@media screen and (min-width: 993px) and (max-width: 1200px) {\r\n.xgioi69f5f47cac4fe {\r\ndisplay: block;\r\n}\r\n}\r\n@media screen and (min-width: 769px) and (max-width: 992px) {\r\n.xgioi69f5f47cac4fe {\r\ndisplay: block;\r\n}\r\n}\r\n@media screen and (min-width: 768px) and (max-width: 768px) {\r\n.xgioi69f5f47cac4fe {\r\ndisplay: block;\r\n}\r\n}\r\n@media screen and (max-width: 767px) {\r\n.xgioi69f5f47cac4fe {\r\ndisplay: block;\r\n}\r\n}\r\n<\/style>\r\n<div class=\"uzcyq69f5f47cb1a04\" ><div id=\"div_destino\"><\/div>\r\n<script src=\"https:\/\/cdn.snsrsv.com\/sdk.js\"><\/script>\r\n<script >\r\n      new sdk(\"464030C30061EA8BE065000000000001\") \r\n          .appendTo(\"div_destino\")\r\n          .disableStyle(true) \r\n          .setCacheBusterMacro(\"%%CACHEBUSTER%%\")\r\n          .setSize(\"800\",\"214\")\r\n          .setClickMacro(\"%%CLICK_URL_ESC%%\") \r\n          .setReferrerUrlMacro(\"%%REFERRER_URL_ESC%%\") \r\n          .start(); \r\n<\/script><\/div><style type=\"text\/css\">\r\n@media screen and (min-width: 1201px) {\r\n.uzcyq69f5f47cb1a04 {\r\ndisplay: block;\r\n}\r\n}\r\n@media screen and (min-width: 993px) and (max-width: 1200px) {\r\n.uzcyq69f5f47cb1a04 {\r\ndisplay: block;\r\n}\r\n}\r\n@media screen and (min-width: 769px) and (max-width: 992px) {\r\n.uzcyq69f5f47cb1a04 {\r\ndisplay: block;\r\n}\r\n}\r\n@media screen and (min-width: 768px) and (max-width: 768px) {\r\n.uzcyq69f5f47cb1a04 {\r\ndisplay: block;\r\n}\r\n}\r\n@media screen and (max-width: 767px) {\r\n.uzcyq69f5f47cb1a04 {\r\ndisplay: block;\r\n}\r\n}\r\n<\/style>\r\n","protected":false},"excerpt":{"rendered":"<p>Uma crian\u00e7a de 6 anos de idade morreu ap\u00f3s ser atropelada por um trator em uma propriedade localizada na zona rural de Argirita. O acidente ocorreu neste domingo, 29 de agosto.<\/p>\n","protected":false},"author":2,"featured_media":26503,"comment_status":"open","ping_status":"open","sticky":false,"template":"","format":"standard","meta":{"footnotes":""},"categories":[1],"tags":[850,980,266,4140],"class_list":["post-26501","post","type-post","status-publish","format-standard","has-post-thumbnail","hentry","category-noticias","tag-argirita","tag-atropelamento","tag-crianca","tag-trator","thumb-below-title"],"yoast_head":"<!-- This site is optimized with the Yoast SEO plugin v27.4 - https:\/\/yoast.com\/product\/yoast-seo-wordpress\/ -->\n<title>Crian\u00e7a de 6 anos morre atropelada por trator na zona rural de Argirita | Marcelo Lopes<\/title>\n<meta name=\"robots\" content=\"index, follow, max-snippet:-1, max-image-preview:large, max-video-preview:-1\" \/>\n<link rel=\"canonical\" href=\"https:\/\/marcelolopes.jor.br\/site\/2021\/08\/30\/crianca-de-6-anos-morre-atropelada-por-trator-na-zona-rural-de-argirita\/\" \/>\n<meta property=\"og:locale\" content=\"pt_BR\" \/>\n<meta property=\"og:type\" content=\"article\" \/>\n<meta property=\"og:title\" content=\"Crian\u00e7a de 6 anos morre atropelada por trator na zona rural de Argirita | Marcelo Lopes\" \/>\n<meta property=\"og:description\" content=\"Uma crian\u00e7a de 6 anos de idade morreu ap\u00f3s ser atropelada por um trator em uma propriedade localizada na zona rural de Argirita. O acidente ocorreu neste domingo, 29 de agosto.\" \/>\n<meta property=\"og:url\" content=\"https:\/\/marcelolopes.jor.br\/site\/2021\/08\/30\/crianca-de-6-anos-morre-atropelada-por-trator-na-zona-rural-de-argirita\/\" \/>\n<meta property=\"og:site_name\" content=\"Marcelo Lopes\" \/>\n<meta property=\"article:publisher\" content=\"https:\/\/www.facebook.com\/sitedomarcelolopes\" \/>\n<meta property=\"article:published_time\" content=\"2021-08-30T12:30:46+00:00\" \/>\n<meta property=\"og:image\" content=\"https:\/\/marcelolopes.jor.br\/site\/wp-content\/uploads\/2021\/08\/3EECAD74-2E5B-E7BD-DE7B-5BD720EBBCD0_530X420.jpg\" \/>\n\t<meta property=\"og:image:width\" content=\"800\" \/>\n\t<meta property=\"og:image:height\" content=\"502\" \/>\n\t<meta property=\"og:image:type\" content=\"image\/jpeg\" \/>\n<meta name=\"author\" content=\"Marcelo Lopes\" \/>\n<meta name=\"twitter:card\" content=\"summary_large_image\" \/>\n<meta name=\"twitter:label1\" content=\"Escrito por\" \/>\n\t<meta name=\"twitter:data1\" content=\"Marcelo Lopes\" \/>\n\t<meta name=\"twitter:label2\" content=\"Est. tempo de leitura\" \/>\n\t<meta name=\"twitter:data2\" content=\"1 minuto\" \/>\n<script type=\"application\/ld+json\" class=\"yoast-schema-graph\">{\"@context\":\"https:\\\/\\\/schema.org\",\"@graph\":[{\"@type\":\"NewsArticle\",\"@id\":\"https:\\\/\\\/marcelolopes.jor.br\\\/site\\\/2021\\\/08\\\/30\\\/crianca-de-6-anos-morre-atropelada-por-trator-na-zona-rural-de-argirita\\\/#article\",\"isPartOf\":{\"@id\":\"https:\\\/\\\/marcelolopes.jor.br\\\/site\\\/2021\\\/08\\\/30\\\/crianca-de-6-anos-morre-atropelada-por-trator-na-zona-rural-de-argirita\\\/\"},\"author\":{\"name\":\"Marcelo Lopes\",\"@id\":\"https:\\\/\\\/marcelolopes.jor.br\\\/site\\\/#\\\/schema\\\/person\\\/3e7216a35c34d8fdf952b31da3d1f89f\"},\"headline\":\"Crian\u00e7a de 6 anos morre atropelada por trator na zona rural de Argirita\",\"datePublished\":\"2021-08-30T12:30:46+00:00\",\"mainEntityOfPage\":{\"@id\":\"https:\\\/\\\/marcelolopes.jor.br\\\/site\\\/2021\\\/08\\\/30\\\/crianca-de-6-anos-morre-atropelada-por-trator-na-zona-rural-de-argirita\\\/\"},\"wordCount\":209,\"commentCount\":0,\"publisher\":{\"@id\":\"https:\\\/\\\/marcelolopes.jor.br\\\/site\\\/#organization\"},\"image\":{\"@id\":\"https:\\\/\\\/marcelolopes.jor.br\\\/site\\\/2021\\\/08\\\/30\\\/crianca-de-6-anos-morre-atropelada-por-trator-na-zona-rural-de-argirita\\\/#primaryimage\"},\"thumbnailUrl\":\"https:\\\/\\\/marcelolopes.jor.br\\\/site\\\/wp-content\\\/uploads\\\/2021\\\/08\\\/3EECAD74-2E5B-E7BD-DE7B-5BD720EBBCD0_530X420.jpg\",\"keywords\":[\"Argirita\",\"atropelamento\",\"crian\u00e7a\",\"trator\"],\"articleSection\":[\"Not\u00edcias\"],\"inLanguage\":\"pt-BR\",\"potentialAction\":[{\"@type\":\"CommentAction\",\"name\":\"Comment\",\"target\":[\"https:\\\/\\\/marcelolopes.jor.br\\\/site\\\/2021\\\/08\\\/30\\\/crianca-de-6-anos-morre-atropelada-por-trator-na-zona-rural-de-argirita\\\/#respond\"]}]},{\"@type\":\"WebPage\",\"@id\":\"https:\\\/\\\/marcelolopes.jor.br\\\/site\\\/2021\\\/08\\\/30\\\/crianca-de-6-anos-morre-atropelada-por-trator-na-zona-rural-de-argirita\\\/\",\"url\":\"https:\\\/\\\/marcelolopes.jor.br\\\/site\\\/2021\\\/08\\\/30\\\/crianca-de-6-anos-morre-atropelada-por-trator-na-zona-rural-de-argirita\\\/\",\"name\":\"Crian\u00e7a de 6 anos morre atropelada por trator na zona rural de Argirita | Marcelo Lopes\",\"isPartOf\":{\"@id\":\"https:\\\/\\\/marcelolopes.jor.br\\\/site\\\/#website\"},\"primaryImageOfPage\":{\"@id\":\"https:\\\/\\\/marcelolopes.jor.br\\\/site\\\/2021\\\/08\\\/30\\\/crianca-de-6-anos-morre-atropelada-por-trator-na-zona-rural-de-argirita\\\/#primaryimage\"},\"image\":{\"@id\":\"https:\\\/\\\/marcelolopes.jor.br\\\/site\\\/2021\\\/08\\\/30\\\/crianca-de-6-anos-morre-atropelada-por-trator-na-zona-rural-de-argirita\\\/#primaryimage\"},\"thumbnailUrl\":\"https:\\\/\\\/marcelolopes.jor.br\\\/site\\\/wp-content\\\/uploads\\\/2021\\\/08\\\/3EECAD74-2E5B-E7BD-DE7B-5BD720EBBCD0_530X420.jpg\",\"datePublished\":\"2021-08-30T12:30:46+00:00\",\"breadcrumb\":{\"@id\":\"https:\\\/\\\/marcelolopes.jor.br\\\/site\\\/2021\\\/08\\\/30\\\/crianca-de-6-anos-morre-atropelada-por-trator-na-zona-rural-de-argirita\\\/#breadcrumb\"},\"inLanguage\":\"pt-BR\",\"potentialAction\":[{\"@type\":\"ReadAction\",\"target\":[\"https:\\\/\\\/marcelolopes.jor.br\\\/site\\\/2021\\\/08\\\/30\\\/crianca-de-6-anos-morre-atropelada-por-trator-na-zona-rural-de-argirita\\\/\"]}]},{\"@type\":\"ImageObject\",\"inLanguage\":\"pt-BR\",\"@id\":\"https:\\\/\\\/marcelolopes.jor.br\\\/site\\\/2021\\\/08\\\/30\\\/crianca-de-6-anos-morre-atropelada-por-trator-na-zona-rural-de-argirita\\\/#primaryimage\",\"url\":\"https:\\\/\\\/marcelolopes.jor.br\\\/site\\\/wp-content\\\/uploads\\\/2021\\\/08\\\/3EECAD74-2E5B-E7BD-DE7B-5BD720EBBCD0_530X420.jpg\",\"contentUrl\":\"https:\\\/\\\/marcelolopes.jor.br\\\/site\\\/wp-content\\\/uploads\\\/2021\\\/08\\\/3EECAD74-2E5B-E7BD-DE7B-5BD720EBBCD0_530X420.jpg\",\"width\":800,\"height\":502},{\"@type\":\"BreadcrumbList\",\"@id\":\"https:\\\/\\\/marcelolopes.jor.br\\\/site\\\/2021\\\/08\\\/30\\\/crianca-de-6-anos-morre-atropelada-por-trator-na-zona-rural-de-argirita\\\/#breadcrumb\",\"itemListElement\":[{\"@type\":\"ListItem\",\"position\":1,\"name\":\"Home\",\"item\":\"https:\\\/\\\/marcelolopes.jor.br\\\/site\\\/\"},{\"@type\":\"ListItem\",\"position\":2,\"name\":\"Crian\u00e7a de 6 anos morre atropelada por trator na zona rural de Argirita\"}]},{\"@type\":\"WebSite\",\"@id\":\"https:\\\/\\\/marcelolopes.jor.br\\\/site\\\/#website\",\"url\":\"https:\\\/\\\/marcelolopes.jor.br\\\/site\\\/\",\"name\":\"Marcelo Lopes\",\"description\":\"Not\u00edcias de Cataguases e Regi\u00e3o\",\"publisher\":{\"@id\":\"https:\\\/\\\/marcelolopes.jor.br\\\/site\\\/#organization\"},\"potentialAction\":[{\"@type\":\"SearchAction\",\"target\":{\"@type\":\"EntryPoint\",\"urlTemplate\":\"https:\\\/\\\/marcelolopes.jor.br\\\/site\\\/?s={search_term_string}\"},\"query-input\":{\"@type\":\"PropertyValueSpecification\",\"valueRequired\":true,\"valueName\":\"search_term_string\"}}],\"inLanguage\":\"pt-BR\"},{\"@type\":\"Organization\",\"@id\":\"https:\\\/\\\/marcelolopes.jor.br\\\/site\\\/#organization\",\"name\":\"Site do Marcelo Lopes\",\"url\":\"https:\\\/\\\/marcelolopes.jor.br\\\/site\\\/\",\"logo\":{\"@type\":\"ImageObject\",\"inLanguage\":\"pt-BR\",\"@id\":\"https:\\\/\\\/marcelolopes.jor.br\\\/site\\\/#\\\/schema\\\/logo\\\/image\\\/\",\"url\":\"https:\\\/\\\/marcelolopes.jor.br\\\/site\\\/wp-content\\\/uploads\\\/2024\\\/11\\\/logo-1.png\",\"contentUrl\":\"https:\\\/\\\/marcelolopes.jor.br\\\/site\\\/wp-content\\\/uploads\\\/2024\\\/11\\\/logo-1.png\",\"width\":475,\"height\":80,\"caption\":\"Site do Marcelo Lopes\"},\"image\":{\"@id\":\"https:\\\/\\\/marcelolopes.jor.br\\\/site\\\/#\\\/schema\\\/logo\\\/image\\\/\"},\"sameAs\":[\"https:\\\/\\\/www.facebook.com\\\/sitedomarcelolopes\",\"https:\\\/\\\/www.instagram.com\\\/sitedomarcelolopes\\\/\",\"https:\\\/\\\/www.linkedin.com\\\/company\\\/site-do-marcelo-lopes\\\/\",\"https:\\\/\\\/www.youtube.com\\\/user\\\/marcelolopes957\"]},{\"@type\":\"Person\",\"@id\":\"https:\\\/\\\/marcelolopes.jor.br\\\/site\\\/#\\\/schema\\\/person\\\/3e7216a35c34d8fdf952b31da3d1f89f\",\"name\":\"Marcelo Lopes\",\"sameAs\":[\"http:\\\/\\\/www.marcelolopes.jor.br\"],\"url\":\"https:\\\/\\\/marcelolopes.jor.br\\\/site\\\/author\\\/marcelo\\\/\"}]}<\/script>\n<!-- \/ Yoast SEO plugin. -->","yoast_head_json":{"title":"Crian\u00e7a de 6 anos morre atropelada por trator na zona rural de Argirita | Marcelo Lopes","robots":{"index":"index","follow":"follow","max-snippet":"max-snippet:-1","max-image-preview":"max-image-preview:large","max-video-preview":"max-video-preview:-1"},"canonical":"https:\/\/marcelolopes.jor.br\/site\/2021\/08\/30\/crianca-de-6-anos-morre-atropelada-por-trator-na-zona-rural-de-argirita\/","og_locale":"pt_BR","og_type":"article","og_title":"Crian\u00e7a de 6 anos morre atropelada por trator na zona rural de Argirita | Marcelo Lopes","og_description":"Uma crian\u00e7a de 6 anos de idade morreu ap\u00f3s ser atropelada por um trator em uma propriedade localizada na zona rural de Argirita. O acidente ocorreu neste domingo, 29 de agosto.","og_url":"https:\/\/marcelolopes.jor.br\/site\/2021\/08\/30\/crianca-de-6-anos-morre-atropelada-por-trator-na-zona-rural-de-argirita\/","og_site_name":"Marcelo Lopes","article_publisher":"https:\/\/www.facebook.com\/sitedomarcelolopes","article_published_time":"2021-08-30T12:30:46+00:00","og_image":[{"width":800,"height":502,"url":"https:\/\/marcelolopes.jor.br\/site\/wp-content\/uploads\/2021\/08\/3EECAD74-2E5B-E7BD-DE7B-5BD720EBBCD0_530X420.jpg","type":"image\/jpeg"}],"author":"Marcelo Lopes","twitter_card":"summary_large_image","twitter_misc":{"Escrito por":"Marcelo Lopes","Est. tempo de leitura":"1 minuto"},"schema":{"@context":"https:\/\/schema.org","@graph":[{"@type":"NewsArticle","@id":"https:\/\/marcelolopes.jor.br\/site\/2021\/08\/30\/crianca-de-6-anos-morre-atropelada-por-trator-na-zona-rural-de-argirita\/#article","isPartOf":{"@id":"https:\/\/marcelolopes.jor.br\/site\/2021\/08\/30\/crianca-de-6-anos-morre-atropelada-por-trator-na-zona-rural-de-argirita\/"},"author":{"name":"Marcelo Lopes","@id":"https:\/\/marcelolopes.jor.br\/site\/#\/schema\/person\/3e7216a35c34d8fdf952b31da3d1f89f"},"headline":"Crian\u00e7a de 6 anos morre atropelada por trator na zona rural de Argirita","datePublished":"2021-08-30T12:30:46+00:00","mainEntityOfPage":{"@id":"https:\/\/marcelolopes.jor.br\/site\/2021\/08\/30\/crianca-de-6-anos-morre-atropelada-por-trator-na-zona-rural-de-argirita\/"},"wordCount":209,"commentCount":0,"publisher":{"@id":"https:\/\/marcelolopes.jor.br\/site\/#organization"},"image":{"@id":"https:\/\/marcelolopes.jor.br\/site\/2021\/08\/30\/crianca-de-6-anos-morre-atropelada-por-trator-na-zona-rural-de-argirita\/#primaryimage"},"thumbnailUrl":"https:\/\/marcelolopes.jor.br\/site\/wp-content\/uploads\/2021\/08\/3EECAD74-2E5B-E7BD-DE7B-5BD720EBBCD0_530X420.jpg","keywords":["Argirita","atropelamento","crian\u00e7a","trator"],"articleSection":["Not\u00edcias"],"inLanguage":"pt-BR","potentialAction":[{"@type":"CommentAction","name":"Comment","target":["https:\/\/marcelolopes.jor.br\/site\/2021\/08\/30\/crianca-de-6-anos-morre-atropelada-por-trator-na-zona-rural-de-argirita\/#respond"]}]},{"@type":"WebPage","@id":"https:\/\/marcelolopes.jor.br\/site\/2021\/08\/30\/crianca-de-6-anos-morre-atropelada-por-trator-na-zona-rural-de-argirita\/","url":"https:\/\/marcelolopes.jor.br\/site\/2021\/08\/30\/crianca-de-6-anos-morre-atropelada-por-trator-na-zona-rural-de-argirita\/","name":"Crian\u00e7a de 6 anos morre atropelada por trator na zona rural de Argirita | Marcelo Lopes","isPartOf":{"@id":"https:\/\/marcelolopes.jor.br\/site\/#website"},"primaryImageOfPage":{"@id":"https:\/\/marcelolopes.jor.br\/site\/2021\/08\/30\/crianca-de-6-anos-morre-atropelada-por-trator-na-zona-rural-de-argirita\/#primaryimage"},"image":{"@id":"https:\/\/marcelolopes.jor.br\/site\/2021\/08\/30\/crianca-de-6-anos-morre-atropelada-por-trator-na-zona-rural-de-argirita\/#primaryimage"},"thumbnailUrl":"https:\/\/marcelolopes.jor.br\/site\/wp-content\/uploads\/2021\/08\/3EECAD74-2E5B-E7BD-DE7B-5BD720EBBCD0_530X420.jpg","datePublished":"2021-08-30T12:30:46+00:00","breadcrumb":{"@id":"https:\/\/marcelolopes.jor.br\/site\/2021\/08\/30\/crianca-de-6-anos-morre-atropelada-por-trator-na-zona-rural-de-argirita\/#breadcrumb"},"inLanguage":"pt-BR","potentialAction":[{"@type":"ReadAction","target":["https:\/\/marcelolopes.jor.br\/site\/2021\/08\/30\/crianca-de-6-anos-morre-atropelada-por-trator-na-zona-rural-de-argirita\/"]}]},{"@type":"ImageObject","inLanguage":"pt-BR","@id":"https:\/\/marcelolopes.jor.br\/site\/2021\/08\/30\/crianca-de-6-anos-morre-atropelada-por-trator-na-zona-rural-de-argirita\/#primaryimage","url":"https:\/\/marcelolopes.jor.br\/site\/wp-content\/uploads\/2021\/08\/3EECAD74-2E5B-E7BD-DE7B-5BD720EBBCD0_530X420.jpg","contentUrl":"https:\/\/marcelolopes.jor.br\/site\/wp-content\/uploads\/2021\/08\/3EECAD74-2E5B-E7BD-DE7B-5BD720EBBCD0_530X420.jpg","width":800,"height":502},{"@type":"BreadcrumbList","@id":"https:\/\/marcelolopes.jor.br\/site\/2021\/08\/30\/crianca-de-6-anos-morre-atropelada-por-trator-na-zona-rural-de-argirita\/#breadcrumb","itemListElement":[{"@type":"ListItem","position":1,"name":"Home","item":"https:\/\/marcelolopes.jor.br\/site\/"},{"@type":"ListItem","position":2,"name":"Crian\u00e7a de 6 anos morre atropelada por trator na zona rural de Argirita"}]},{"@type":"WebSite","@id":"https:\/\/marcelolopes.jor.br\/site\/#website","url":"https:\/\/marcelolopes.jor.br\/site\/","name":"Marcelo Lopes","description":"Not\u00edcias de Cataguases e Regi\u00e3o","publisher":{"@id":"https:\/\/marcelolopes.jor.br\/site\/#organization"},"potentialAction":[{"@type":"SearchAction","target":{"@type":"EntryPoint","urlTemplate":"https:\/\/marcelolopes.jor.br\/site\/?s={search_term_string}"},"query-input":{"@type":"PropertyValueSpecification","valueRequired":true,"valueName":"search_term_string"}}],"inLanguage":"pt-BR"},{"@type":"Organization","@id":"https:\/\/marcelolopes.jor.br\/site\/#organization","name":"Site do Marcelo Lopes","url":"https:\/\/marcelolopes.jor.br\/site\/","logo":{"@type":"ImageObject","inLanguage":"pt-BR","@id":"https:\/\/marcelolopes.jor.br\/site\/#\/schema\/logo\/image\/","url":"https:\/\/marcelolopes.jor.br\/site\/wp-content\/uploads\/2024\/11\/logo-1.png","contentUrl":"https:\/\/marcelolopes.jor.br\/site\/wp-content\/uploads\/2024\/11\/logo-1.png","width":475,"height":80,"caption":"Site do Marcelo Lopes"},"image":{"@id":"https:\/\/marcelolopes.jor.br\/site\/#\/schema\/logo\/image\/"},"sameAs":["https:\/\/www.facebook.com\/sitedomarcelolopes","https:\/\/www.instagram.com\/sitedomarcelolopes\/","https:\/\/www.linkedin.com\/company\/site-do-marcelo-lopes\/","https:\/\/www.youtube.com\/user\/marcelolopes957"]},{"@type":"Person","@id":"https:\/\/marcelolopes.jor.br\/site\/#\/schema\/person\/3e7216a35c34d8fdf952b31da3d1f89f","name":"Marcelo Lopes","sameAs":["http:\/\/www.marcelolopes.jor.br"],"url":"https:\/\/marcelolopes.jor.br\/site\/author\/marcelo\/"}]}},"wps_subtitle":"Homem de 27 anos conduzia o ve\u00edculo e fugiu do local do acidente.","_links":{"self":[{"href":"https:\/\/marcelolopes.jor.br\/site\/wp-json\/wp\/v2\/posts\/26501","targetHints":{"allow":["GET"]}}],"collection":[{"href":"https:\/\/marcelolopes.jor.br\/site\/wp-json\/wp\/v2\/posts"}],"about":[{"href":"https:\/\/marcelolopes.jor.br\/site\/wp-json\/wp\/v2\/types\/post"}],"author":[{"embeddable":true,"href":"https:\/\/marcelolopes.jor.br\/site\/wp-json\/wp\/v2\/users\/2"}],"replies":[{"embeddable":true,"href":"https:\/\/marcelolopes.jor.br\/site\/wp-json\/wp\/v2\/comments?post=26501"}],"version-history":[{"count":0,"href":"https:\/\/marcelolopes.jor.br\/site\/wp-json\/wp\/v2\/posts\/26501\/revisions"}],"wp:featuredmedia":[{"embeddable":true,"href":"https:\/\/marcelolopes.jor.br\/site\/wp-json\/wp\/v2\/media\/26503"}],"wp:attachment":[{"href":"https:\/\/marcelolopes.jor.br\/site\/wp-json\/wp\/v2\/media?parent=26501"}],"wp:term":[{"taxonomy":"category","embeddable":true,"href":"https:\/\/marcelolopes.jor.br\/site\/wp-json\/wp\/v2\/categories?post=26501"},{"taxonomy":"post_tag","embeddable":true,"href":"https:\/\/marcelolopes.jor.br\/site\/wp-json\/wp\/v2\/tags?post=26501"}],"curies":[{"name":"wp","href":"https:\/\/api.w.org\/{rel}","templated":true}]}}