{"id":26435,"date":"2021-08-29T07:00:56","date_gmt":"2021-08-29T10:00:56","guid":{"rendered":"https:\/\/marcelolopes.jor.br\/?p=26435"},"modified":"2021-08-27T19:17:49","modified_gmt":"2021-08-27T22:17:49","slug":"prefeitura-de-itamarati-de-minas-constroi-amplo-completo-educacional","status":"publish","type":"post","link":"https:\/\/marcelolopes.jor.br\/site\/2021\/08\/29\/prefeitura-de-itamarati-de-minas-constroi-amplo-completo-educacional\/","title":{"rendered":"Prefeitura de Itamarati de Minas constr\u00f3i amplo complexo educacional"},"content":{"rendered":"<p style=\"text-align: justify;\">A Prefeitura de Itamarati de Minas est\u00e1 construindo um enorme Complexo Educacional. O empreendimento vem sendo considerado pela atual administra\u00e7\u00e3o como o maior investimento em infraestrutura do munic\u00edpio custeado com recursos pr\u00f3prios desde sua emancipa\u00e7\u00e3o h\u00e1 58 anos.<!--more--><\/p>\n<p style=\"text-align: justify;\"><a href=\"http:\/\/www.agenciaram.com.br\"><img loading=\"lazy\" decoding=\"async\" class=\"aligncenter wp-image-26207 size-full\" src=\"https:\/\/marcelolopes.jor.br\/site\/wp-content\/uploads\/2021\/08\/Banner-Ag\u00eancia-RAM.jpeg\" alt=\"\" width=\"800\" height=\"214\" srcset=\"https:\/\/marcelolopes.jor.br\/site\/wp-content\/uploads\/2021\/08\/Banner-Ag\u00eancia-RAM.jpeg 800w, https:\/\/marcelolopes.jor.br\/site\/wp-content\/uploads\/2021\/08\/Banner-Ag\u00eancia-RAM-300x80.jpeg 300w, https:\/\/marcelolopes.jor.br\/site\/wp-content\/uploads\/2021\/08\/Banner-Ag\u00eancia-RAM-768x205.jpeg 768w\" sizes=\"auto, (max-width: 800px) 100vw, 800px\" \/><\/a>O projeto em execu\u00e7\u00e3o ocupa \u00e1rea de 4.306 metros quadrados e visa a amplia\u00e7\u00e3o dos servi\u00e7os de Educa\u00e7\u00e3o e cidadania com estrutura digna, confort\u00e1vel e condi\u00e7\u00f5es adequadas para alunos e servidores. O Complexo vai abrigar salas de aulas e espa\u00e7os funcionais adequados \u00e0s estruturas t\u00e9cnicas e pedag\u00f3gicas que qualificam o Munic\u00edpio para a educa\u00e7\u00e3o em tempo integral.<\/p>\n<p style=\"text-align: justify;\">A obra, al\u00e9m de propor modernidade ao sistema de Educa\u00e7\u00e3o P\u00fablica na cidade, conforme relata a administra\u00e7\u00e3o municipal, cumpre a responsabilidade da prefeitura em adequar os espa\u00e7os p\u00fablicos \u00e0s exig\u00eancias dos \u00f3rg\u00e3os fiscalizadores, j\u00e1 que o antigo pr\u00e9dio n\u00e3o satisfazia, por exemplo, as determina\u00e7\u00f5es do Corpo de Bombeiros. Isto, inclusive, levou o Minist\u00e9rio P\u00fablico de Minas Gerais a propor um Termo de Ajustamento de Conduta ao munic\u00edpio em gest\u00f5es anteriores.<\/p>\n<p style=\"text-align: justify;\">Ap\u00f3s conclu\u00edda o novo pr\u00e9dio vai abrigar a Escola Municipal Pedro Furtado, a Escola Infantil, a Creche Municipal e uma Quadra Poliesportiva. O espa\u00e7o ser\u00e1 dotado de sala de inform\u00e1tica, consult\u00f3rios dent\u00e1rio e m\u00e9dico, laborat\u00f3rio, sala para guardar equipamentos, quatro vesti\u00e1rios conjugados com banheiros, tr\u00eas banheiros para funcion\u00e1rios, quatro banheiros para alunos, um escov\u00f3dromo, tr\u00eas cozinhas, duas lavanderias, cinco salas para atender crian\u00e7as na Creche equipadas com banheiros acess\u00edveis, dois refeit\u00f3rios, dezenove salas de aula, uma sala para reuni\u00f5es, duas diretorias, sala para arquivos, biblioteca, sala de supervis\u00e3o, sala de recursos, duas salas para professores, duas secretarias e uma quadra poliesportiva.<\/p>\n<figure id=\"attachment_26437\" aria-describedby=\"caption-attachment-26437\" style=\"width: 648px\" class=\"wp-caption aligncenter\"><img loading=\"lazy\" decoding=\"async\" class=\"wp-image-26437 size-full\" src=\"https:\/\/marcelolopes.jor.br\/site\/wp-content\/uploads\/2021\/08\/62.jpg\" alt=\"\" width=\"648\" height=\"395\" srcset=\"https:\/\/marcelolopes.jor.br\/site\/wp-content\/uploads\/2021\/08\/62.jpg 648w, https:\/\/marcelolopes.jor.br\/site\/wp-content\/uploads\/2021\/08\/62-300x183.jpg 300w\" sizes=\"auto, (max-width: 648px) 100vw, 648px\" \/><figcaption id=\"caption-attachment-26437\" class=\"wp-caption-text\">Projeto do Complexo Educacional que ter\u00e1 tr\u00eas pavimentos<\/figcaption><\/figure>\n<p style=\"text-align: justify;\">Fonte e foto: Prefeitura de Itamarati de Minas<\/p>\n<div class=\"jcnpo69f75c1e29364\" ><br><\/div><style type=\"text\/css\">\r\n@media screen and (min-width: 1201px) {\r\n.jcnpo69f75c1e29364 {\r\ndisplay: block;\r\n}\r\n}\r\n@media screen and (min-width: 993px) and (max-width: 1200px) {\r\n.jcnpo69f75c1e29364 {\r\ndisplay: block;\r\n}\r\n}\r\n@media screen and (min-width: 769px) and (max-width: 992px) {\r\n.jcnpo69f75c1e29364 {\r\ndisplay: block;\r\n}\r\n}\r\n@media screen and (min-width: 768px) and (max-width: 768px) {\r\n.jcnpo69f75c1e29364 {\r\ndisplay: block;\r\n}\r\n}\r\n@media screen and (max-width: 767px) {\r\n.jcnpo69f75c1e29364 {\r\ndisplay: block;\r\n}\r\n}\r\n<\/style>\r\n<div class=\"lyrpq69f75c1e301d3\" ><div id=\"div_destino\"><\/div>\r\n<script src=\"https:\/\/cdn.snsrsv.com\/sdk.js\"><\/script>\r\n<script >\r\n      new sdk(\"464030C30061EA8BE065000000000001\") \r\n          .appendTo(\"div_destino\")\r\n          .disableStyle(true) \r\n          .setCacheBusterMacro(\"%%CACHEBUSTER%%\")\r\n          .setSize(\"800\",\"214\")\r\n          .setClickMacro(\"%%CLICK_URL_ESC%%\") \r\n          .setReferrerUrlMacro(\"%%REFERRER_URL_ESC%%\") \r\n          .start(); \r\n<\/script><\/div><style type=\"text\/css\">\r\n@media screen and (min-width: 1201px) {\r\n.lyrpq69f75c1e301d3 {\r\ndisplay: block;\r\n}\r\n}\r\n@media screen and (min-width: 993px) and (max-width: 1200px) {\r\n.lyrpq69f75c1e301d3 {\r\ndisplay: block;\r\n}\r\n}\r\n@media screen and (min-width: 769px) and (max-width: 992px) {\r\n.lyrpq69f75c1e301d3 {\r\ndisplay: block;\r\n}\r\n}\r\n@media screen and (min-width: 768px) and (max-width: 768px) {\r\n.lyrpq69f75c1e301d3 {\r\ndisplay: block;\r\n}\r\n}\r\n@media screen and (max-width: 767px) {\r\n.lyrpq69f75c1e301d3 {\r\ndisplay: block;\r\n}\r\n}\r\n<\/style>\r\n","protected":false},"excerpt":{"rendered":"<p>A Prefeitura de Itamarati de Minas est\u00e1 construindo um enorme Complexo Educacional. O empreendimento vem sendo considerado pela atual administra\u00e7\u00e3o como o maior investimento em infraestrutura do munic\u00edpio custeado com recursos pr\u00f3prios desde sua emancipa\u00e7\u00e3o h\u00e1 58 anos.<\/p>\n","protected":false},"author":2,"featured_media":26456,"comment_status":"open","ping_status":"open","sticky":false,"template":"","format":"standard","meta":{"footnotes":""},"categories":[1],"tags":[2885,4599,4600,4598],"class_list":["post-26435","post","type-post","status-publish","format-standard","has-post-thumbnail","hentry","category-noticias","tag-administracao-municipal","tag-complexo-educacional","tag-escola-em-itamarati","tag-prefeitura-de-itamarati","thumb-below-title"],"yoast_head":"<!-- This site is optimized with the Yoast SEO plugin v27.4 - https:\/\/yoast.com\/product\/yoast-seo-wordpress\/ -->\n<title>Prefeitura de Itamarati de Minas constr\u00f3i amplo complexo educacional | Marcelo Lopes<\/title>\n<meta name=\"robots\" content=\"index, follow, max-snippet:-1, max-image-preview:large, max-video-preview:-1\" \/>\n<link rel=\"canonical\" href=\"https:\/\/marcelolopes.jor.br\/site\/2021\/08\/29\/prefeitura-de-itamarati-de-minas-constroi-amplo-completo-educacional\/\" \/>\n<meta property=\"og:locale\" content=\"pt_BR\" \/>\n<meta property=\"og:type\" content=\"article\" \/>\n<meta property=\"og:title\" content=\"Prefeitura de Itamarati de Minas constr\u00f3i amplo complexo educacional | Marcelo Lopes\" \/>\n<meta property=\"og:description\" content=\"A Prefeitura de Itamarati de Minas est\u00e1 construindo um enorme Complexo Educacional. O empreendimento vem sendo considerado pela atual administra\u00e7\u00e3o como o maior investimento em infraestrutura do munic\u00edpio custeado com recursos pr\u00f3prios desde sua emancipa\u00e7\u00e3o h\u00e1 58 anos.\" \/>\n<meta property=\"og:url\" content=\"https:\/\/marcelolopes.jor.br\/site\/2021\/08\/29\/prefeitura-de-itamarati-de-minas-constroi-amplo-completo-educacional\/\" \/>\n<meta property=\"og:site_name\" content=\"Marcelo Lopes\" \/>\n<meta property=\"article:publisher\" content=\"https:\/\/www.facebook.com\/sitedomarcelolopes\" \/>\n<meta property=\"article:published_time\" content=\"2021-08-29T10:00:56+00:00\" \/>\n<meta property=\"og:image\" content=\"https:\/\/marcelolopes.jor.br\/site\/wp-content\/uploads\/2021\/08\/WhatsApp-Image-2021-08-27-at-17.30.16.jpeg\" \/>\n\t<meta property=\"og:image:width\" content=\"1040\" \/>\n\t<meta property=\"og:image:height\" content=\"780\" \/>\n\t<meta property=\"og:image:type\" content=\"image\/jpeg\" \/>\n<meta name=\"author\" content=\"Marcelo Lopes\" \/>\n<meta name=\"twitter:card\" content=\"summary_large_image\" \/>\n<meta name=\"twitter:label1\" content=\"Escrito por\" \/>\n\t<meta name=\"twitter:data1\" content=\"Marcelo Lopes\" \/>\n\t<meta name=\"twitter:label2\" content=\"Est. tempo de leitura\" \/>\n\t<meta name=\"twitter:data2\" content=\"2 minutos\" \/>\n<script type=\"application\/ld+json\" class=\"yoast-schema-graph\">{\"@context\":\"https:\\\/\\\/schema.org\",\"@graph\":[{\"@type\":\"NewsArticle\",\"@id\":\"https:\\\/\\\/marcelolopes.jor.br\\\/site\\\/2021\\\/08\\\/29\\\/prefeitura-de-itamarati-de-minas-constroi-amplo-completo-educacional\\\/#article\",\"isPartOf\":{\"@id\":\"https:\\\/\\\/marcelolopes.jor.br\\\/site\\\/2021\\\/08\\\/29\\\/prefeitura-de-itamarati-de-minas-constroi-amplo-completo-educacional\\\/\"},\"author\":{\"name\":\"Marcelo Lopes\",\"@id\":\"https:\\\/\\\/marcelolopes.jor.br\\\/site\\\/#\\\/schema\\\/person\\\/3e7216a35c34d8fdf952b31da3d1f89f\"},\"headline\":\"Prefeitura de Itamarati de Minas constr\u00f3i amplo complexo educacional\",\"datePublished\":\"2021-08-29T10:00:56+00:00\",\"mainEntityOfPage\":{\"@id\":\"https:\\\/\\\/marcelolopes.jor.br\\\/site\\\/2021\\\/08\\\/29\\\/prefeitura-de-itamarati-de-minas-constroi-amplo-completo-educacional\\\/\"},\"wordCount\":347,\"commentCount\":0,\"publisher\":{\"@id\":\"https:\\\/\\\/marcelolopes.jor.br\\\/site\\\/#organization\"},\"image\":{\"@id\":\"https:\\\/\\\/marcelolopes.jor.br\\\/site\\\/2021\\\/08\\\/29\\\/prefeitura-de-itamarati-de-minas-constroi-amplo-completo-educacional\\\/#primaryimage\"},\"thumbnailUrl\":\"https:\\\/\\\/marcelolopes.jor.br\\\/site\\\/wp-content\\\/uploads\\\/2021\\\/08\\\/WhatsApp-Image-2021-08-27-at-17.30.16.jpeg\",\"keywords\":[\"administra\u00e7\u00e3o municipal\",\"Complexo Educacional\",\"escola em Itamarati\",\"Prefeitura de Itamarati\"],\"articleSection\":[\"Not\u00edcias\"],\"inLanguage\":\"pt-BR\",\"potentialAction\":[{\"@type\":\"CommentAction\",\"name\":\"Comment\",\"target\":[\"https:\\\/\\\/marcelolopes.jor.br\\\/site\\\/2021\\\/08\\\/29\\\/prefeitura-de-itamarati-de-minas-constroi-amplo-completo-educacional\\\/#respond\"]}]},{\"@type\":\"WebPage\",\"@id\":\"https:\\\/\\\/marcelolopes.jor.br\\\/site\\\/2021\\\/08\\\/29\\\/prefeitura-de-itamarati-de-minas-constroi-amplo-completo-educacional\\\/\",\"url\":\"https:\\\/\\\/marcelolopes.jor.br\\\/site\\\/2021\\\/08\\\/29\\\/prefeitura-de-itamarati-de-minas-constroi-amplo-completo-educacional\\\/\",\"name\":\"Prefeitura de Itamarati de Minas constr\u00f3i amplo complexo educacional | Marcelo Lopes\",\"isPartOf\":{\"@id\":\"https:\\\/\\\/marcelolopes.jor.br\\\/site\\\/#website\"},\"primaryImageOfPage\":{\"@id\":\"https:\\\/\\\/marcelolopes.jor.br\\\/site\\\/2021\\\/08\\\/29\\\/prefeitura-de-itamarati-de-minas-constroi-amplo-completo-educacional\\\/#primaryimage\"},\"image\":{\"@id\":\"https:\\\/\\\/marcelolopes.jor.br\\\/site\\\/2021\\\/08\\\/29\\\/prefeitura-de-itamarati-de-minas-constroi-amplo-completo-educacional\\\/#primaryimage\"},\"thumbnailUrl\":\"https:\\\/\\\/marcelolopes.jor.br\\\/site\\\/wp-content\\\/uploads\\\/2021\\\/08\\\/WhatsApp-Image-2021-08-27-at-17.30.16.jpeg\",\"datePublished\":\"2021-08-29T10:00:56+00:00\",\"breadcrumb\":{\"@id\":\"https:\\\/\\\/marcelolopes.jor.br\\\/site\\\/2021\\\/08\\\/29\\\/prefeitura-de-itamarati-de-minas-constroi-amplo-completo-educacional\\\/#breadcrumb\"},\"inLanguage\":\"pt-BR\",\"potentialAction\":[{\"@type\":\"ReadAction\",\"target\":[\"https:\\\/\\\/marcelolopes.jor.br\\\/site\\\/2021\\\/08\\\/29\\\/prefeitura-de-itamarati-de-minas-constroi-amplo-completo-educacional\\\/\"]}]},{\"@type\":\"ImageObject\",\"inLanguage\":\"pt-BR\",\"@id\":\"https:\\\/\\\/marcelolopes.jor.br\\\/site\\\/2021\\\/08\\\/29\\\/prefeitura-de-itamarati-de-minas-constroi-amplo-completo-educacional\\\/#primaryimage\",\"url\":\"https:\\\/\\\/marcelolopes.jor.br\\\/site\\\/wp-content\\\/uploads\\\/2021\\\/08\\\/WhatsApp-Image-2021-08-27-at-17.30.16.jpeg\",\"contentUrl\":\"https:\\\/\\\/marcelolopes.jor.br\\\/site\\\/wp-content\\\/uploads\\\/2021\\\/08\\\/WhatsApp-Image-2021-08-27-at-17.30.16.jpeg\",\"width\":1040,\"height\":780},{\"@type\":\"BreadcrumbList\",\"@id\":\"https:\\\/\\\/marcelolopes.jor.br\\\/site\\\/2021\\\/08\\\/29\\\/prefeitura-de-itamarati-de-minas-constroi-amplo-completo-educacional\\\/#breadcrumb\",\"itemListElement\":[{\"@type\":\"ListItem\",\"position\":1,\"name\":\"Home\",\"item\":\"https:\\\/\\\/marcelolopes.jor.br\\\/site\\\/\"},{\"@type\":\"ListItem\",\"position\":2,\"name\":\"Prefeitura de Itamarati de Minas constr\u00f3i amplo complexo educacional\"}]},{\"@type\":\"WebSite\",\"@id\":\"https:\\\/\\\/marcelolopes.jor.br\\\/site\\\/#website\",\"url\":\"https:\\\/\\\/marcelolopes.jor.br\\\/site\\\/\",\"name\":\"Marcelo Lopes\",\"description\":\"Not\u00edcias de Cataguases e Regi\u00e3o\",\"publisher\":{\"@id\":\"https:\\\/\\\/marcelolopes.jor.br\\\/site\\\/#organization\"},\"potentialAction\":[{\"@type\":\"SearchAction\",\"target\":{\"@type\":\"EntryPoint\",\"urlTemplate\":\"https:\\\/\\\/marcelolopes.jor.br\\\/site\\\/?s={search_term_string}\"},\"query-input\":{\"@type\":\"PropertyValueSpecification\",\"valueRequired\":true,\"valueName\":\"search_term_string\"}}],\"inLanguage\":\"pt-BR\"},{\"@type\":\"Organization\",\"@id\":\"https:\\\/\\\/marcelolopes.jor.br\\\/site\\\/#organization\",\"name\":\"Site do Marcelo Lopes\",\"url\":\"https:\\\/\\\/marcelolopes.jor.br\\\/site\\\/\",\"logo\":{\"@type\":\"ImageObject\",\"inLanguage\":\"pt-BR\",\"@id\":\"https:\\\/\\\/marcelolopes.jor.br\\\/site\\\/#\\\/schema\\\/logo\\\/image\\\/\",\"url\":\"https:\\\/\\\/marcelolopes.jor.br\\\/site\\\/wp-content\\\/uploads\\\/2024\\\/11\\\/logo-1.png\",\"contentUrl\":\"https:\\\/\\\/marcelolopes.jor.br\\\/site\\\/wp-content\\\/uploads\\\/2024\\\/11\\\/logo-1.png\",\"width\":475,\"height\":80,\"caption\":\"Site do Marcelo Lopes\"},\"image\":{\"@id\":\"https:\\\/\\\/marcelolopes.jor.br\\\/site\\\/#\\\/schema\\\/logo\\\/image\\\/\"},\"sameAs\":[\"https:\\\/\\\/www.facebook.com\\\/sitedomarcelolopes\",\"https:\\\/\\\/www.instagram.com\\\/sitedomarcelolopes\\\/\",\"https:\\\/\\\/www.linkedin.com\\\/company\\\/site-do-marcelo-lopes\\\/\",\"https:\\\/\\\/www.youtube.com\\\/user\\\/marcelolopes957\"]},{\"@type\":\"Person\",\"@id\":\"https:\\\/\\\/marcelolopes.jor.br\\\/site\\\/#\\\/schema\\\/person\\\/3e7216a35c34d8fdf952b31da3d1f89f\",\"name\":\"Marcelo Lopes\",\"sameAs\":[\"http:\\\/\\\/www.marcelolopes.jor.br\"],\"url\":\"https:\\\/\\\/marcelolopes.jor.br\\\/site\\\/author\\\/marcelo\\\/\"}]}<\/script>\n<!-- \/ Yoast SEO plugin. -->","yoast_head_json":{"title":"Prefeitura de Itamarati de Minas constr\u00f3i amplo complexo educacional | Marcelo Lopes","robots":{"index":"index","follow":"follow","max-snippet":"max-snippet:-1","max-image-preview":"max-image-preview:large","max-video-preview":"max-video-preview:-1"},"canonical":"https:\/\/marcelolopes.jor.br\/site\/2021\/08\/29\/prefeitura-de-itamarati-de-minas-constroi-amplo-completo-educacional\/","og_locale":"pt_BR","og_type":"article","og_title":"Prefeitura de Itamarati de Minas constr\u00f3i amplo complexo educacional | Marcelo Lopes","og_description":"A Prefeitura de Itamarati de Minas est\u00e1 construindo um enorme Complexo Educacional. O empreendimento vem sendo considerado pela atual administra\u00e7\u00e3o como o maior investimento em infraestrutura do munic\u00edpio custeado com recursos pr\u00f3prios desde sua emancipa\u00e7\u00e3o h\u00e1 58 anos.","og_url":"https:\/\/marcelolopes.jor.br\/site\/2021\/08\/29\/prefeitura-de-itamarati-de-minas-constroi-amplo-completo-educacional\/","og_site_name":"Marcelo Lopes","article_publisher":"https:\/\/www.facebook.com\/sitedomarcelolopes","article_published_time":"2021-08-29T10:00:56+00:00","og_image":[{"width":1040,"height":780,"url":"https:\/\/marcelolopes.jor.br\/site\/wp-content\/uploads\/2021\/08\/WhatsApp-Image-2021-08-27-at-17.30.16.jpeg","type":"image\/jpeg"}],"author":"Marcelo Lopes","twitter_card":"summary_large_image","twitter_misc":{"Escrito por":"Marcelo Lopes","Est. tempo de leitura":"2 minutos"},"schema":{"@context":"https:\/\/schema.org","@graph":[{"@type":"NewsArticle","@id":"https:\/\/marcelolopes.jor.br\/site\/2021\/08\/29\/prefeitura-de-itamarati-de-minas-constroi-amplo-completo-educacional\/#article","isPartOf":{"@id":"https:\/\/marcelolopes.jor.br\/site\/2021\/08\/29\/prefeitura-de-itamarati-de-minas-constroi-amplo-completo-educacional\/"},"author":{"name":"Marcelo Lopes","@id":"https:\/\/marcelolopes.jor.br\/site\/#\/schema\/person\/3e7216a35c34d8fdf952b31da3d1f89f"},"headline":"Prefeitura de Itamarati de Minas constr\u00f3i amplo complexo educacional","datePublished":"2021-08-29T10:00:56+00:00","mainEntityOfPage":{"@id":"https:\/\/marcelolopes.jor.br\/site\/2021\/08\/29\/prefeitura-de-itamarati-de-minas-constroi-amplo-completo-educacional\/"},"wordCount":347,"commentCount":0,"publisher":{"@id":"https:\/\/marcelolopes.jor.br\/site\/#organization"},"image":{"@id":"https:\/\/marcelolopes.jor.br\/site\/2021\/08\/29\/prefeitura-de-itamarati-de-minas-constroi-amplo-completo-educacional\/#primaryimage"},"thumbnailUrl":"https:\/\/marcelolopes.jor.br\/site\/wp-content\/uploads\/2021\/08\/WhatsApp-Image-2021-08-27-at-17.30.16.jpeg","keywords":["administra\u00e7\u00e3o municipal","Complexo Educacional","escola em Itamarati","Prefeitura de Itamarati"],"articleSection":["Not\u00edcias"],"inLanguage":"pt-BR","potentialAction":[{"@type":"CommentAction","name":"Comment","target":["https:\/\/marcelolopes.jor.br\/site\/2021\/08\/29\/prefeitura-de-itamarati-de-minas-constroi-amplo-completo-educacional\/#respond"]}]},{"@type":"WebPage","@id":"https:\/\/marcelolopes.jor.br\/site\/2021\/08\/29\/prefeitura-de-itamarati-de-minas-constroi-amplo-completo-educacional\/","url":"https:\/\/marcelolopes.jor.br\/site\/2021\/08\/29\/prefeitura-de-itamarati-de-minas-constroi-amplo-completo-educacional\/","name":"Prefeitura de Itamarati de Minas constr\u00f3i amplo complexo educacional | Marcelo Lopes","isPartOf":{"@id":"https:\/\/marcelolopes.jor.br\/site\/#website"},"primaryImageOfPage":{"@id":"https:\/\/marcelolopes.jor.br\/site\/2021\/08\/29\/prefeitura-de-itamarati-de-minas-constroi-amplo-completo-educacional\/#primaryimage"},"image":{"@id":"https:\/\/marcelolopes.jor.br\/site\/2021\/08\/29\/prefeitura-de-itamarati-de-minas-constroi-amplo-completo-educacional\/#primaryimage"},"thumbnailUrl":"https:\/\/marcelolopes.jor.br\/site\/wp-content\/uploads\/2021\/08\/WhatsApp-Image-2021-08-27-at-17.30.16.jpeg","datePublished":"2021-08-29T10:00:56+00:00","breadcrumb":{"@id":"https:\/\/marcelolopes.jor.br\/site\/2021\/08\/29\/prefeitura-de-itamarati-de-minas-constroi-amplo-completo-educacional\/#breadcrumb"},"inLanguage":"pt-BR","potentialAction":[{"@type":"ReadAction","target":["https:\/\/marcelolopes.jor.br\/site\/2021\/08\/29\/prefeitura-de-itamarati-de-minas-constroi-amplo-completo-educacional\/"]}]},{"@type":"ImageObject","inLanguage":"pt-BR","@id":"https:\/\/marcelolopes.jor.br\/site\/2021\/08\/29\/prefeitura-de-itamarati-de-minas-constroi-amplo-completo-educacional\/#primaryimage","url":"https:\/\/marcelolopes.jor.br\/site\/wp-content\/uploads\/2021\/08\/WhatsApp-Image-2021-08-27-at-17.30.16.jpeg","contentUrl":"https:\/\/marcelolopes.jor.br\/site\/wp-content\/uploads\/2021\/08\/WhatsApp-Image-2021-08-27-at-17.30.16.jpeg","width":1040,"height":780},{"@type":"BreadcrumbList","@id":"https:\/\/marcelolopes.jor.br\/site\/2021\/08\/29\/prefeitura-de-itamarati-de-minas-constroi-amplo-completo-educacional\/#breadcrumb","itemListElement":[{"@type":"ListItem","position":1,"name":"Home","item":"https:\/\/marcelolopes.jor.br\/site\/"},{"@type":"ListItem","position":2,"name":"Prefeitura de Itamarati de Minas constr\u00f3i amplo complexo educacional"}]},{"@type":"WebSite","@id":"https:\/\/marcelolopes.jor.br\/site\/#website","url":"https:\/\/marcelolopes.jor.br\/site\/","name":"Marcelo Lopes","description":"Not\u00edcias de Cataguases e Regi\u00e3o","publisher":{"@id":"https:\/\/marcelolopes.jor.br\/site\/#organization"},"potentialAction":[{"@type":"SearchAction","target":{"@type":"EntryPoint","urlTemplate":"https:\/\/marcelolopes.jor.br\/site\/?s={search_term_string}"},"query-input":{"@type":"PropertyValueSpecification","valueRequired":true,"valueName":"search_term_string"}}],"inLanguage":"pt-BR"},{"@type":"Organization","@id":"https:\/\/marcelolopes.jor.br\/site\/#organization","name":"Site do Marcelo Lopes","url":"https:\/\/marcelolopes.jor.br\/site\/","logo":{"@type":"ImageObject","inLanguage":"pt-BR","@id":"https:\/\/marcelolopes.jor.br\/site\/#\/schema\/logo\/image\/","url":"https:\/\/marcelolopes.jor.br\/site\/wp-content\/uploads\/2024\/11\/logo-1.png","contentUrl":"https:\/\/marcelolopes.jor.br\/site\/wp-content\/uploads\/2024\/11\/logo-1.png","width":475,"height":80,"caption":"Site do Marcelo Lopes"},"image":{"@id":"https:\/\/marcelolopes.jor.br\/site\/#\/schema\/logo\/image\/"},"sameAs":["https:\/\/www.facebook.com\/sitedomarcelolopes","https:\/\/www.instagram.com\/sitedomarcelolopes\/","https:\/\/www.linkedin.com\/company\/site-do-marcelo-lopes\/","https:\/\/www.youtube.com\/user\/marcelolopes957"]},{"@type":"Person","@id":"https:\/\/marcelolopes.jor.br\/site\/#\/schema\/person\/3e7216a35c34d8fdf952b31da3d1f89f","name":"Marcelo Lopes","sameAs":["http:\/\/www.marcelolopes.jor.br"],"url":"https:\/\/marcelolopes.jor.br\/site\/author\/marcelo\/"}]}},"wps_subtitle":"Obra est\u00e1 sendo realizada com recursos pr\u00f3prios do munic\u00edpio.","_links":{"self":[{"href":"https:\/\/marcelolopes.jor.br\/site\/wp-json\/wp\/v2\/posts\/26435","targetHints":{"allow":["GET"]}}],"collection":[{"href":"https:\/\/marcelolopes.jor.br\/site\/wp-json\/wp\/v2\/posts"}],"about":[{"href":"https:\/\/marcelolopes.jor.br\/site\/wp-json\/wp\/v2\/types\/post"}],"author":[{"embeddable":true,"href":"https:\/\/marcelolopes.jor.br\/site\/wp-json\/wp\/v2\/users\/2"}],"replies":[{"embeddable":true,"href":"https:\/\/marcelolopes.jor.br\/site\/wp-json\/wp\/v2\/comments?post=26435"}],"version-history":[{"count":0,"href":"https:\/\/marcelolopes.jor.br\/site\/wp-json\/wp\/v2\/posts\/26435\/revisions"}],"wp:featuredmedia":[{"embeddable":true,"href":"https:\/\/marcelolopes.jor.br\/site\/wp-json\/wp\/v2\/media\/26456"}],"wp:attachment":[{"href":"https:\/\/marcelolopes.jor.br\/site\/wp-json\/wp\/v2\/media?parent=26435"}],"wp:term":[{"taxonomy":"category","embeddable":true,"href":"https:\/\/marcelolopes.jor.br\/site\/wp-json\/wp\/v2\/categories?post=26435"},{"taxonomy":"post_tag","embeddable":true,"href":"https:\/\/marcelolopes.jor.br\/site\/wp-json\/wp\/v2\/tags?post=26435"}],"curies":[{"name":"wp","href":"https:\/\/api.w.org\/{rel}","templated":true}]}}