{"id":26358,"date":"2021-08-25T12:00:38","date_gmt":"2021-08-25T15:00:38","guid":{"rendered":"https:\/\/marcelolopes.jor.br\/?p=26358"},"modified":"2021-08-25T09:14:14","modified_gmt":"2021-08-25T12:14:14","slug":"ator-cataguasense-igor-fernandez-participa-da-serie-sob-pressao","status":"publish","type":"post","link":"https:\/\/marcelolopes.jor.br\/site\/2021\/08\/25\/ator-cataguasense-igor-fernandez-participa-da-serie-sob-pressao\/","title":{"rendered":"Ator cataguasense, Igor Fernandez, participa da s\u00e9rie Sob Press\u00e3o"},"content":{"rendered":"<p style=\"text-align: justify;\">Amanh\u00e3, quinta-feira, 26 de agosto, \u00e0s 22h30min, \u00e9 dia de rever o ator cataguasense, Igor Fernandez, em a\u00e7\u00e3o na tela da Globo. Ele estar\u00e1 na s\u00e9rie Sob Press\u00e3o, um grande sucesso de p\u00fablico. Depois de um longo tempo mantendo o isolamento, aos poucos, conta Igor, \u201cvou voltando \u00e0 rotina normal, gra\u00e7as a vacina. E com novidades\u201d, garante. Ele conversou com a reportagem do Site do Marcelo Lopes para falar, exatamente, sobre seus novos trabalhos neste segundo semestre.<!--more--><\/p>\n<p style=\"text-align: justify;\"><a href=\"http:\/\/www.agenciaram.com.br\"><img loading=\"lazy\" decoding=\"async\" class=\"aligncenter wp-image-26207 size-full\" src=\"https:\/\/marcelolopes.jor.br\/site\/wp-content\/uploads\/2021\/08\/Banner-Ag\u00eancia-RAM.jpeg\" alt=\"\" width=\"800\" height=\"214\" srcset=\"https:\/\/marcelolopes.jor.br\/site\/wp-content\/uploads\/2021\/08\/Banner-Ag\u00eancia-RAM.jpeg 800w, https:\/\/marcelolopes.jor.br\/site\/wp-content\/uploads\/2021\/08\/Banner-Ag\u00eancia-RAM-300x80.jpeg 300w, https:\/\/marcelolopes.jor.br\/site\/wp-content\/uploads\/2021\/08\/Banner-Ag\u00eancia-RAM-768x205.jpeg 768w\" sizes=\"auto, (max-width: 800px) 100vw, 800px\" \/><\/a>Em Sob Press\u00e3o Igor revela que o personagem T\u00falio exigiu dele uma per\u00edcia maior em pilotar motocicletas. &#8220;Ent\u00e3o tive a imensa sorte de contar com a ajuda de dois amigos de Cataguases para essa miss\u00e3o: o Luciano Costa e Fabio Junio Filho. Por isso quero dedicar essa minha passagem pela s\u00e9rie \u00e0 eles, e mais uma vez \u00e0 minha cidade natal que me preparou para um trabalho de longo alcance\u201d, conta. Ele completa dizendo que esta experi\u00eancia foi &#8220;muito bacana e empolgante. Eu amo Sob Press\u00e3o.\u201d<\/p>\n<p style=\"text-align: justify;\"><img loading=\"lazy\" decoding=\"async\" class=\"aligncenter size-full wp-image-26361\" src=\"https:\/\/marcelolopes.jor.br\/site\/wp-content\/uploads\/2021\/08\/WhatsApp-Image-2021-08-24-at-09.31.32.jpeg\" alt=\"\" width=\"700\" height=\"480\" srcset=\"https:\/\/marcelolopes.jor.br\/site\/wp-content\/uploads\/2021\/08\/WhatsApp-Image-2021-08-24-at-09.31.32.jpeg 700w, https:\/\/marcelolopes.jor.br\/site\/wp-content\/uploads\/2021\/08\/WhatsApp-Image-2021-08-24-at-09.31.32-300x206.jpeg 300w\" sizes=\"auto, (max-width: 700px) 100vw, 700px\" \/>Igor Fernandez tamb\u00e9m poder\u00e1 ser visto esta semana em outro canal. Na Record TV onde fez uma participa\u00e7\u00e3o na novela G\u00eanesis (foto acima), na fase de Jac\u00f3. Detalhe: foi naquela emissora que Igor estreou na TV, como Zebulon, tamb\u00e9m em uma novela b\u00edblica. \u201cCuriosamente, os dois personagens &#8211; o daquela \u00e9poca e o de agora &#8211; est\u00e3o ligados \u00e0 hist\u00f3ria de Jac\u00f3 e sua fam\u00edlia, por\u00e9m, em lado opostos. Isso me ajudou muito porque entrei meio que sabendo da hist\u00f3ria b\u00edblica. Al\u00e9m disso, fiquei muito feliz por poder realizar mais um trabalho na Record\u201d, acrescenta.<\/p>\n<p style=\"text-align: justify;\"><img loading=\"lazy\" decoding=\"async\" class=\"alignright wp-image-26362\" src=\"https:\/\/marcelolopes.jor.br\/site\/wp-content\/uploads\/2021\/08\/Igor-moto1.jpg\" alt=\"\" width=\"180\" height=\"244\" \/>O que vem pela frente, Igor? A resposta \u00e9 curta e sem muitos detalhes. Isto ocorre por raz\u00f5es contratuais, que limitam os atores a detalharem novos projetos. Estes assuntos s\u00f3 podem ser divulgados amplamente ap\u00f3s autoriza\u00e7\u00e3o da dire\u00e7\u00e3o, diz. Mesmo assim, Igor diz que j\u00e1 pode contar que estar\u00e1 em novos trabalhos na emissora do Jardim Bot\u00e2nico, \u201cinclusive, em janeiro vou come\u00e7ar a gravar um grande projeto na Globo, mas, repito, ainda n\u00e3o posso dar detalhes. O que posso garantir para o p\u00fablico \u00e9 que estarei fazendo trabalhos lindos na TV no ano que vem, com todo amor pela arte que tenho e que fa\u00e7o quest\u00e3o de transmitir a todos que acompanham o meu trabalho\u201d, finaliza.<\/p>\n<p>Fotos: Acervo pessoal Igor Fernandez<\/p>\n<div class=\"vwmpd69f75c1e2c0ad\" ><br><\/div><style type=\"text\/css\">\r\n@media screen and (min-width: 1201px) {\r\n.vwmpd69f75c1e2c0ad {\r\ndisplay: block;\r\n}\r\n}\r\n@media screen and (min-width: 993px) and (max-width: 1200px) {\r\n.vwmpd69f75c1e2c0ad {\r\ndisplay: block;\r\n}\r\n}\r\n@media screen and (min-width: 769px) and (max-width: 992px) {\r\n.vwmpd69f75c1e2c0ad {\r\ndisplay: block;\r\n}\r\n}\r\n@media screen and (min-width: 768px) and (max-width: 768px) {\r\n.vwmpd69f75c1e2c0ad {\r\ndisplay: block;\r\n}\r\n}\r\n@media screen and (max-width: 767px) {\r\n.vwmpd69f75c1e2c0ad {\r\ndisplay: block;\r\n}\r\n}\r\n<\/style>\r\n<div class=\"zajlh69f75c1e324e6\" ><div id=\"div_destino\"><\/div>\r\n<script src=\"https:\/\/cdn.snsrsv.com\/sdk.js\"><\/script>\r\n<script >\r\n      new sdk(\"464030C30061EA8BE065000000000001\") \r\n          .appendTo(\"div_destino\")\r\n          .disableStyle(true) \r\n          .setCacheBusterMacro(\"%%CACHEBUSTER%%\")\r\n          .setSize(\"800\",\"214\")\r\n          .setClickMacro(\"%%CLICK_URL_ESC%%\") \r\n          .setReferrerUrlMacro(\"%%REFERRER_URL_ESC%%\") \r\n          .start(); \r\n<\/script><\/div><style type=\"text\/css\">\r\n@media screen and (min-width: 1201px) {\r\n.zajlh69f75c1e324e6 {\r\ndisplay: block;\r\n}\r\n}\r\n@media screen and (min-width: 993px) and (max-width: 1200px) {\r\n.zajlh69f75c1e324e6 {\r\ndisplay: block;\r\n}\r\n}\r\n@media screen and (min-width: 769px) and (max-width: 992px) {\r\n.zajlh69f75c1e324e6 {\r\ndisplay: block;\r\n}\r\n}\r\n@media screen and (min-width: 768px) and (max-width: 768px) {\r\n.zajlh69f75c1e324e6 {\r\ndisplay: block;\r\n}\r\n}\r\n@media screen and (max-width: 767px) {\r\n.zajlh69f75c1e324e6 {\r\ndisplay: block;\r\n}\r\n}\r\n<\/style>\r\n","protected":false},"excerpt":{"rendered":"<p>Amanh\u00e3, quinta-feira, 26 de agosto, \u00e0s 22h30min, \u00e9 dia de rever o ator cataguasense, Igor Fernandez, em a\u00e7\u00e3o na tela da Globo. Ele estar\u00e1 na s\u00e9rie Sob Press\u00e3o, um grande sucesso de p\u00fablico. Depois de um longo tempo mantendo o<\/p>\n<p class=\"link-more\"><a class=\"more-link\" href=\"https:\/\/marcelolopes.jor.br\/site\/2021\/08\/25\/ator-cataguasense-igor-fernandez-participa-da-serie-sob-pressao\/\">Leia mais <span class=\"screen-reader-text\">Ator cataguasense, Igor Fernandez, participa da s\u00e9rie Sob Press\u00e3o<\/span><\/a><\/p>\n","protected":false},"author":2,"featured_media":26360,"comment_status":"open","ping_status":"open","sticky":false,"template":"","format":"standard","meta":{"footnotes":""},"categories":[1],"tags":[534,533,536,535],"class_list":["post-26358","post","type-post","status-publish","format-standard","has-post-thumbnail","hentry","category-noticias","tag-ator","tag-igor-fernandez","tag-novela","tag-rede-globo","thumb-below-title"],"yoast_head":"<!-- This site is optimized with the Yoast SEO plugin v27.4 - https:\/\/yoast.com\/product\/yoast-seo-wordpress\/ -->\n<title>Ator cataguasense, Igor Fernandez, participa da s\u00e9rie Sob Press\u00e3o | Marcelo Lopes<\/title>\n<meta name=\"robots\" content=\"index, follow, max-snippet:-1, max-image-preview:large, max-video-preview:-1\" \/>\n<link rel=\"canonical\" href=\"https:\/\/marcelolopes.jor.br\/site\/2021\/08\/25\/ator-cataguasense-igor-fernandez-participa-da-serie-sob-pressao\/\" \/>\n<meta property=\"og:locale\" content=\"pt_BR\" \/>\n<meta property=\"og:type\" content=\"article\" \/>\n<meta property=\"og:title\" content=\"Ator cataguasense, Igor Fernandez, participa da s\u00e9rie Sob Press\u00e3o | Marcelo Lopes\" \/>\n<meta property=\"og:description\" content=\"Amanh\u00e3, quinta-feira, 26 de agosto, \u00e0s 22h30min, \u00e9 dia de rever o ator cataguasense, Igor Fernandez, em a\u00e7\u00e3o na tela da Globo. Ele estar\u00e1 na s\u00e9rie Sob Press\u00e3o, um grande sucesso de p\u00fablico. Depois de um longo tempo mantendo oLeia mais Ator cataguasense, Igor Fernandez, participa da s\u00e9rie Sob Press\u00e3o\" \/>\n<meta property=\"og:url\" content=\"https:\/\/marcelolopes.jor.br\/site\/2021\/08\/25\/ator-cataguasense-igor-fernandez-participa-da-serie-sob-pressao\/\" \/>\n<meta property=\"og:site_name\" content=\"Marcelo Lopes\" \/>\n<meta property=\"article:publisher\" content=\"https:\/\/www.facebook.com\/sitedomarcelolopes\" \/>\n<meta property=\"article:published_time\" content=\"2021-08-25T15:00:38+00:00\" \/>\n<meta property=\"og:image\" content=\"https:\/\/marcelolopes.jor.br\/site\/wp-content\/uploads\/2021\/08\/Igor-moto2.jpg\" \/>\n\t<meta property=\"og:image:width\" content=\"800\" \/>\n\t<meta property=\"og:image:height\" content=\"566\" \/>\n\t<meta property=\"og:image:type\" content=\"image\/jpeg\" \/>\n<meta name=\"author\" content=\"Marcelo Lopes\" \/>\n<meta name=\"twitter:card\" content=\"summary_large_image\" \/>\n<meta name=\"twitter:label1\" content=\"Escrito por\" \/>\n\t<meta name=\"twitter:data1\" content=\"Marcelo Lopes\" \/>\n\t<meta name=\"twitter:label2\" content=\"Est. tempo de leitura\" \/>\n\t<meta name=\"twitter:data2\" content=\"2 minutos\" \/>\n<script type=\"application\/ld+json\" class=\"yoast-schema-graph\">{\"@context\":\"https:\\\/\\\/schema.org\",\"@graph\":[{\"@type\":\"NewsArticle\",\"@id\":\"https:\\\/\\\/marcelolopes.jor.br\\\/site\\\/2021\\\/08\\\/25\\\/ator-cataguasense-igor-fernandez-participa-da-serie-sob-pressao\\\/#article\",\"isPartOf\":{\"@id\":\"https:\\\/\\\/marcelolopes.jor.br\\\/site\\\/2021\\\/08\\\/25\\\/ator-cataguasense-igor-fernandez-participa-da-serie-sob-pressao\\\/\"},\"author\":{\"name\":\"Marcelo Lopes\",\"@id\":\"https:\\\/\\\/marcelolopes.jor.br\\\/site\\\/#\\\/schema\\\/person\\\/3e7216a35c34d8fdf952b31da3d1f89f\"},\"headline\":\"Ator cataguasense, Igor Fernandez, participa da s\u00e9rie Sob Press\u00e3o\",\"datePublished\":\"2021-08-25T15:00:38+00:00\",\"mainEntityOfPage\":{\"@id\":\"https:\\\/\\\/marcelolopes.jor.br\\\/site\\\/2021\\\/08\\\/25\\\/ator-cataguasense-igor-fernandez-participa-da-serie-sob-pressao\\\/\"},\"wordCount\":418,\"commentCount\":0,\"publisher\":{\"@id\":\"https:\\\/\\\/marcelolopes.jor.br\\\/site\\\/#organization\"},\"image\":{\"@id\":\"https:\\\/\\\/marcelolopes.jor.br\\\/site\\\/2021\\\/08\\\/25\\\/ator-cataguasense-igor-fernandez-participa-da-serie-sob-pressao\\\/#primaryimage\"},\"thumbnailUrl\":\"https:\\\/\\\/marcelolopes.jor.br\\\/site\\\/wp-content\\\/uploads\\\/2021\\\/08\\\/Igor-moto2.jpg\",\"keywords\":[\"ator\",\"Igor Fernandez\",\"novela\",\"Rede Globo\"],\"articleSection\":[\"Not\u00edcias\"],\"inLanguage\":\"pt-BR\",\"potentialAction\":[{\"@type\":\"CommentAction\",\"name\":\"Comment\",\"target\":[\"https:\\\/\\\/marcelolopes.jor.br\\\/site\\\/2021\\\/08\\\/25\\\/ator-cataguasense-igor-fernandez-participa-da-serie-sob-pressao\\\/#respond\"]}]},{\"@type\":\"WebPage\",\"@id\":\"https:\\\/\\\/marcelolopes.jor.br\\\/site\\\/2021\\\/08\\\/25\\\/ator-cataguasense-igor-fernandez-participa-da-serie-sob-pressao\\\/\",\"url\":\"https:\\\/\\\/marcelolopes.jor.br\\\/site\\\/2021\\\/08\\\/25\\\/ator-cataguasense-igor-fernandez-participa-da-serie-sob-pressao\\\/\",\"name\":\"Ator cataguasense, Igor Fernandez, participa da s\u00e9rie Sob Press\u00e3o | Marcelo Lopes\",\"isPartOf\":{\"@id\":\"https:\\\/\\\/marcelolopes.jor.br\\\/site\\\/#website\"},\"primaryImageOfPage\":{\"@id\":\"https:\\\/\\\/marcelolopes.jor.br\\\/site\\\/2021\\\/08\\\/25\\\/ator-cataguasense-igor-fernandez-participa-da-serie-sob-pressao\\\/#primaryimage\"},\"image\":{\"@id\":\"https:\\\/\\\/marcelolopes.jor.br\\\/site\\\/2021\\\/08\\\/25\\\/ator-cataguasense-igor-fernandez-participa-da-serie-sob-pressao\\\/#primaryimage\"},\"thumbnailUrl\":\"https:\\\/\\\/marcelolopes.jor.br\\\/site\\\/wp-content\\\/uploads\\\/2021\\\/08\\\/Igor-moto2.jpg\",\"datePublished\":\"2021-08-25T15:00:38+00:00\",\"breadcrumb\":{\"@id\":\"https:\\\/\\\/marcelolopes.jor.br\\\/site\\\/2021\\\/08\\\/25\\\/ator-cataguasense-igor-fernandez-participa-da-serie-sob-pressao\\\/#breadcrumb\"},\"inLanguage\":\"pt-BR\",\"potentialAction\":[{\"@type\":\"ReadAction\",\"target\":[\"https:\\\/\\\/marcelolopes.jor.br\\\/site\\\/2021\\\/08\\\/25\\\/ator-cataguasense-igor-fernandez-participa-da-serie-sob-pressao\\\/\"]}]},{\"@type\":\"ImageObject\",\"inLanguage\":\"pt-BR\",\"@id\":\"https:\\\/\\\/marcelolopes.jor.br\\\/site\\\/2021\\\/08\\\/25\\\/ator-cataguasense-igor-fernandez-participa-da-serie-sob-pressao\\\/#primaryimage\",\"url\":\"https:\\\/\\\/marcelolopes.jor.br\\\/site\\\/wp-content\\\/uploads\\\/2021\\\/08\\\/Igor-moto2.jpg\",\"contentUrl\":\"https:\\\/\\\/marcelolopes.jor.br\\\/site\\\/wp-content\\\/uploads\\\/2021\\\/08\\\/Igor-moto2.jpg\",\"width\":800,\"height\":566},{\"@type\":\"BreadcrumbList\",\"@id\":\"https:\\\/\\\/marcelolopes.jor.br\\\/site\\\/2021\\\/08\\\/25\\\/ator-cataguasense-igor-fernandez-participa-da-serie-sob-pressao\\\/#breadcrumb\",\"itemListElement\":[{\"@type\":\"ListItem\",\"position\":1,\"name\":\"Home\",\"item\":\"https:\\\/\\\/marcelolopes.jor.br\\\/site\\\/\"},{\"@type\":\"ListItem\",\"position\":2,\"name\":\"Ator cataguasense, Igor Fernandez, participa da s\u00e9rie Sob Press\u00e3o\"}]},{\"@type\":\"WebSite\",\"@id\":\"https:\\\/\\\/marcelolopes.jor.br\\\/site\\\/#website\",\"url\":\"https:\\\/\\\/marcelolopes.jor.br\\\/site\\\/\",\"name\":\"Marcelo Lopes\",\"description\":\"Not\u00edcias de Cataguases e Regi\u00e3o\",\"publisher\":{\"@id\":\"https:\\\/\\\/marcelolopes.jor.br\\\/site\\\/#organization\"},\"potentialAction\":[{\"@type\":\"SearchAction\",\"target\":{\"@type\":\"EntryPoint\",\"urlTemplate\":\"https:\\\/\\\/marcelolopes.jor.br\\\/site\\\/?s={search_term_string}\"},\"query-input\":{\"@type\":\"PropertyValueSpecification\",\"valueRequired\":true,\"valueName\":\"search_term_string\"}}],\"inLanguage\":\"pt-BR\"},{\"@type\":\"Organization\",\"@id\":\"https:\\\/\\\/marcelolopes.jor.br\\\/site\\\/#organization\",\"name\":\"Site do Marcelo Lopes\",\"url\":\"https:\\\/\\\/marcelolopes.jor.br\\\/site\\\/\",\"logo\":{\"@type\":\"ImageObject\",\"inLanguage\":\"pt-BR\",\"@id\":\"https:\\\/\\\/marcelolopes.jor.br\\\/site\\\/#\\\/schema\\\/logo\\\/image\\\/\",\"url\":\"https:\\\/\\\/marcelolopes.jor.br\\\/site\\\/wp-content\\\/uploads\\\/2024\\\/11\\\/logo-1.png\",\"contentUrl\":\"https:\\\/\\\/marcelolopes.jor.br\\\/site\\\/wp-content\\\/uploads\\\/2024\\\/11\\\/logo-1.png\",\"width\":475,\"height\":80,\"caption\":\"Site do Marcelo Lopes\"},\"image\":{\"@id\":\"https:\\\/\\\/marcelolopes.jor.br\\\/site\\\/#\\\/schema\\\/logo\\\/image\\\/\"},\"sameAs\":[\"https:\\\/\\\/www.facebook.com\\\/sitedomarcelolopes\",\"https:\\\/\\\/www.instagram.com\\\/sitedomarcelolopes\\\/\",\"https:\\\/\\\/www.linkedin.com\\\/company\\\/site-do-marcelo-lopes\\\/\",\"https:\\\/\\\/www.youtube.com\\\/user\\\/marcelolopes957\"]},{\"@type\":\"Person\",\"@id\":\"https:\\\/\\\/marcelolopes.jor.br\\\/site\\\/#\\\/schema\\\/person\\\/3e7216a35c34d8fdf952b31da3d1f89f\",\"name\":\"Marcelo Lopes\",\"sameAs\":[\"http:\\\/\\\/www.marcelolopes.jor.br\"],\"url\":\"https:\\\/\\\/marcelolopes.jor.br\\\/site\\\/author\\\/marcelo\\\/\"}]}<\/script>\n<!-- \/ Yoast SEO plugin. -->","yoast_head_json":{"title":"Ator cataguasense, Igor Fernandez, participa da s\u00e9rie Sob Press\u00e3o | Marcelo Lopes","robots":{"index":"index","follow":"follow","max-snippet":"max-snippet:-1","max-image-preview":"max-image-preview:large","max-video-preview":"max-video-preview:-1"},"canonical":"https:\/\/marcelolopes.jor.br\/site\/2021\/08\/25\/ator-cataguasense-igor-fernandez-participa-da-serie-sob-pressao\/","og_locale":"pt_BR","og_type":"article","og_title":"Ator cataguasense, Igor Fernandez, participa da s\u00e9rie Sob Press\u00e3o | Marcelo Lopes","og_description":"Amanh\u00e3, quinta-feira, 26 de agosto, \u00e0s 22h30min, \u00e9 dia de rever o ator cataguasense, Igor Fernandez, em a\u00e7\u00e3o na tela da Globo. Ele estar\u00e1 na s\u00e9rie Sob Press\u00e3o, um grande sucesso de p\u00fablico. Depois de um longo tempo mantendo oLeia mais Ator cataguasense, Igor Fernandez, participa da s\u00e9rie Sob Press\u00e3o","og_url":"https:\/\/marcelolopes.jor.br\/site\/2021\/08\/25\/ator-cataguasense-igor-fernandez-participa-da-serie-sob-pressao\/","og_site_name":"Marcelo Lopes","article_publisher":"https:\/\/www.facebook.com\/sitedomarcelolopes","article_published_time":"2021-08-25T15:00:38+00:00","og_image":[{"width":800,"height":566,"url":"https:\/\/marcelolopes.jor.br\/site\/wp-content\/uploads\/2021\/08\/Igor-moto2.jpg","type":"image\/jpeg"}],"author":"Marcelo Lopes","twitter_card":"summary_large_image","twitter_misc":{"Escrito por":"Marcelo Lopes","Est. tempo de leitura":"2 minutos"},"schema":{"@context":"https:\/\/schema.org","@graph":[{"@type":"NewsArticle","@id":"https:\/\/marcelolopes.jor.br\/site\/2021\/08\/25\/ator-cataguasense-igor-fernandez-participa-da-serie-sob-pressao\/#article","isPartOf":{"@id":"https:\/\/marcelolopes.jor.br\/site\/2021\/08\/25\/ator-cataguasense-igor-fernandez-participa-da-serie-sob-pressao\/"},"author":{"name":"Marcelo Lopes","@id":"https:\/\/marcelolopes.jor.br\/site\/#\/schema\/person\/3e7216a35c34d8fdf952b31da3d1f89f"},"headline":"Ator cataguasense, Igor Fernandez, participa da s\u00e9rie Sob Press\u00e3o","datePublished":"2021-08-25T15:00:38+00:00","mainEntityOfPage":{"@id":"https:\/\/marcelolopes.jor.br\/site\/2021\/08\/25\/ator-cataguasense-igor-fernandez-participa-da-serie-sob-pressao\/"},"wordCount":418,"commentCount":0,"publisher":{"@id":"https:\/\/marcelolopes.jor.br\/site\/#organization"},"image":{"@id":"https:\/\/marcelolopes.jor.br\/site\/2021\/08\/25\/ator-cataguasense-igor-fernandez-participa-da-serie-sob-pressao\/#primaryimage"},"thumbnailUrl":"https:\/\/marcelolopes.jor.br\/site\/wp-content\/uploads\/2021\/08\/Igor-moto2.jpg","keywords":["ator","Igor Fernandez","novela","Rede Globo"],"articleSection":["Not\u00edcias"],"inLanguage":"pt-BR","potentialAction":[{"@type":"CommentAction","name":"Comment","target":["https:\/\/marcelolopes.jor.br\/site\/2021\/08\/25\/ator-cataguasense-igor-fernandez-participa-da-serie-sob-pressao\/#respond"]}]},{"@type":"WebPage","@id":"https:\/\/marcelolopes.jor.br\/site\/2021\/08\/25\/ator-cataguasense-igor-fernandez-participa-da-serie-sob-pressao\/","url":"https:\/\/marcelolopes.jor.br\/site\/2021\/08\/25\/ator-cataguasense-igor-fernandez-participa-da-serie-sob-pressao\/","name":"Ator cataguasense, Igor Fernandez, participa da s\u00e9rie Sob Press\u00e3o | Marcelo Lopes","isPartOf":{"@id":"https:\/\/marcelolopes.jor.br\/site\/#website"},"primaryImageOfPage":{"@id":"https:\/\/marcelolopes.jor.br\/site\/2021\/08\/25\/ator-cataguasense-igor-fernandez-participa-da-serie-sob-pressao\/#primaryimage"},"image":{"@id":"https:\/\/marcelolopes.jor.br\/site\/2021\/08\/25\/ator-cataguasense-igor-fernandez-participa-da-serie-sob-pressao\/#primaryimage"},"thumbnailUrl":"https:\/\/marcelolopes.jor.br\/site\/wp-content\/uploads\/2021\/08\/Igor-moto2.jpg","datePublished":"2021-08-25T15:00:38+00:00","breadcrumb":{"@id":"https:\/\/marcelolopes.jor.br\/site\/2021\/08\/25\/ator-cataguasense-igor-fernandez-participa-da-serie-sob-pressao\/#breadcrumb"},"inLanguage":"pt-BR","potentialAction":[{"@type":"ReadAction","target":["https:\/\/marcelolopes.jor.br\/site\/2021\/08\/25\/ator-cataguasense-igor-fernandez-participa-da-serie-sob-pressao\/"]}]},{"@type":"ImageObject","inLanguage":"pt-BR","@id":"https:\/\/marcelolopes.jor.br\/site\/2021\/08\/25\/ator-cataguasense-igor-fernandez-participa-da-serie-sob-pressao\/#primaryimage","url":"https:\/\/marcelolopes.jor.br\/site\/wp-content\/uploads\/2021\/08\/Igor-moto2.jpg","contentUrl":"https:\/\/marcelolopes.jor.br\/site\/wp-content\/uploads\/2021\/08\/Igor-moto2.jpg","width":800,"height":566},{"@type":"BreadcrumbList","@id":"https:\/\/marcelolopes.jor.br\/site\/2021\/08\/25\/ator-cataguasense-igor-fernandez-participa-da-serie-sob-pressao\/#breadcrumb","itemListElement":[{"@type":"ListItem","position":1,"name":"Home","item":"https:\/\/marcelolopes.jor.br\/site\/"},{"@type":"ListItem","position":2,"name":"Ator cataguasense, Igor Fernandez, participa da s\u00e9rie Sob Press\u00e3o"}]},{"@type":"WebSite","@id":"https:\/\/marcelolopes.jor.br\/site\/#website","url":"https:\/\/marcelolopes.jor.br\/site\/","name":"Marcelo Lopes","description":"Not\u00edcias de Cataguases e Regi\u00e3o","publisher":{"@id":"https:\/\/marcelolopes.jor.br\/site\/#organization"},"potentialAction":[{"@type":"SearchAction","target":{"@type":"EntryPoint","urlTemplate":"https:\/\/marcelolopes.jor.br\/site\/?s={search_term_string}"},"query-input":{"@type":"PropertyValueSpecification","valueRequired":true,"valueName":"search_term_string"}}],"inLanguage":"pt-BR"},{"@type":"Organization","@id":"https:\/\/marcelolopes.jor.br\/site\/#organization","name":"Site do Marcelo Lopes","url":"https:\/\/marcelolopes.jor.br\/site\/","logo":{"@type":"ImageObject","inLanguage":"pt-BR","@id":"https:\/\/marcelolopes.jor.br\/site\/#\/schema\/logo\/image\/","url":"https:\/\/marcelolopes.jor.br\/site\/wp-content\/uploads\/2024\/11\/logo-1.png","contentUrl":"https:\/\/marcelolopes.jor.br\/site\/wp-content\/uploads\/2024\/11\/logo-1.png","width":475,"height":80,"caption":"Site do Marcelo Lopes"},"image":{"@id":"https:\/\/marcelolopes.jor.br\/site\/#\/schema\/logo\/image\/"},"sameAs":["https:\/\/www.facebook.com\/sitedomarcelolopes","https:\/\/www.instagram.com\/sitedomarcelolopes\/","https:\/\/www.linkedin.com\/company\/site-do-marcelo-lopes\/","https:\/\/www.youtube.com\/user\/marcelolopes957"]},{"@type":"Person","@id":"https:\/\/marcelolopes.jor.br\/site\/#\/schema\/person\/3e7216a35c34d8fdf952b31da3d1f89f","name":"Marcelo Lopes","sameAs":["http:\/\/www.marcelolopes.jor.br"],"url":"https:\/\/marcelolopes.jor.br\/site\/author\/marcelo\/"}]}},"wps_subtitle":"Ele tamb\u00e9m est\u00e1 na Record TV fazendo uma participa\u00e7\u00e3o na novela G\u00eanesis.","_links":{"self":[{"href":"https:\/\/marcelolopes.jor.br\/site\/wp-json\/wp\/v2\/posts\/26358","targetHints":{"allow":["GET"]}}],"collection":[{"href":"https:\/\/marcelolopes.jor.br\/site\/wp-json\/wp\/v2\/posts"}],"about":[{"href":"https:\/\/marcelolopes.jor.br\/site\/wp-json\/wp\/v2\/types\/post"}],"author":[{"embeddable":true,"href":"https:\/\/marcelolopes.jor.br\/site\/wp-json\/wp\/v2\/users\/2"}],"replies":[{"embeddable":true,"href":"https:\/\/marcelolopes.jor.br\/site\/wp-json\/wp\/v2\/comments?post=26358"}],"version-history":[{"count":0,"href":"https:\/\/marcelolopes.jor.br\/site\/wp-json\/wp\/v2\/posts\/26358\/revisions"}],"wp:featuredmedia":[{"embeddable":true,"href":"https:\/\/marcelolopes.jor.br\/site\/wp-json\/wp\/v2\/media\/26360"}],"wp:attachment":[{"href":"https:\/\/marcelolopes.jor.br\/site\/wp-json\/wp\/v2\/media?parent=26358"}],"wp:term":[{"taxonomy":"category","embeddable":true,"href":"https:\/\/marcelolopes.jor.br\/site\/wp-json\/wp\/v2\/categories?post=26358"},{"taxonomy":"post_tag","embeddable":true,"href":"https:\/\/marcelolopes.jor.br\/site\/wp-json\/wp\/v2\/tags?post=26358"}],"curies":[{"name":"wp","href":"https:\/\/api.w.org\/{rel}","templated":true}]}}