{"id":26353,"date":"2021-08-25T07:00:37","date_gmt":"2021-08-25T10:00:37","guid":{"rendered":"https:\/\/marcelolopes.jor.br\/?p=26353"},"modified":"2021-08-25T08:19:44","modified_gmt":"2021-08-25T11:19:44","slug":"pesquisa-indica-maior-tendencia-de-crescimento-dos-pequenos-negocios-em-julho","status":"publish","type":"post","link":"https:\/\/marcelolopes.jor.br\/site\/2021\/08\/25\/pesquisa-indica-maior-tendencia-de-crescimento-dos-pequenos-negocios-em-julho\/","title":{"rendered":"Pesquisa indica maior tend\u00eancia de crescimento dos pequenos neg\u00f3cios em julho"},"content":{"rendered":"<p style=\"text-align: justify;\">Pelo terceiro m\u00eas consecutivo, o \u00cdndice Sebrae de Confian\u00e7a dos Pequenos Neg\u00f3cios (Iscon) apresentou crescimento, puxado, principalmente, pelas expectativas dos empres\u00e1rios do Com\u00e9rcio. Em julho, o indicador ficou em 119 pontos, 4,7 acima do registrado em junho. O crescimento acumulado desde abril deste ano \u00e9 de 30 pontos. O resultado da pesquisa Iscon indica tend\u00eancia de leve melhora da situa\u00e7\u00e3o econ\u00f4mica para os pr\u00f3ximos meses.<!--more--><\/p>\n<p style=\"text-align: justify;\"><a href=\"http:\/\/www.agenciaram.com.br\"><img loading=\"lazy\" decoding=\"async\" class=\"aligncenter wp-image-26207 size-full\" src=\"https:\/\/marcelolopes.jor.br\/site\/wp-content\/uploads\/2021\/08\/Banner-Ag\u00eancia-RAM.jpeg\" alt=\"\" width=\"800\" height=\"214\" srcset=\"https:\/\/marcelolopes.jor.br\/site\/wp-content\/uploads\/2021\/08\/Banner-Ag\u00eancia-RAM.jpeg 800w, https:\/\/marcelolopes.jor.br\/site\/wp-content\/uploads\/2021\/08\/Banner-Ag\u00eancia-RAM-300x80.jpeg 300w, https:\/\/marcelolopes.jor.br\/site\/wp-content\/uploads\/2021\/08\/Banner-Ag\u00eancia-RAM-768x205.jpeg 768w\" sizes=\"auto, (max-width: 800px) 100vw, 800px\" \/><\/a>De acordo com a pesquisa, que ouviu 2.442 empres\u00e1rios entre os dias 8 e 22 de julho, o \u00cdndice de Situa\u00e7\u00e3o Esperada (ISE) aumentou quatro pontos em rela\u00e7\u00e3o a junho (133 para 137). J\u00e1 a avalia\u00e7\u00e3o dos empres\u00e1rios em rela\u00e7\u00e3o ao momento atual, medida pelo \u00cdndice de Situa\u00e7\u00e3o Recente (ISR), subiu seis pontos em compara\u00e7\u00e3o ao m\u00eas anterior, por\u00e9m foi bem menos favor\u00e1vel (passou de 78 para 84).<\/p>\n<p style=\"text-align: justify;\">O ISE tem peso duas vezes maior que o ISR na composi\u00e7\u00e3o do Iscon, influenciando mais nesse term\u00f4metro que mede a confian\u00e7a dos pequenos neg\u00f3cios do estado. \u201cOs empres\u00e1rios, embora ainda sintam os reflexos da crise, principalmente em rela\u00e7\u00e3o \u00e0 queda do faturamento, esperam melhoras no cen\u00e1rio geral da economia nos pr\u00f3ximos meses\u201d, refor\u00e7a Afonso Maria Rocha, superintendente do Sebrae Minas.<\/p>\n<p style=\"text-align: justify;\">A Constru\u00e7\u00e3o Civil, que em julho registrou o seu segundo maior ISCON deste ano (125), mantendo a posi\u00e7\u00e3o de setor mais confiante, \u00e9 um dos setores mais otimistas em rela\u00e7\u00e3o \u00e0s condi\u00e7\u00f5es para os pr\u00f3ximos tr\u00eas meses, medido pelo ISE, por\u00e9m esse indicador apresentou queda de tr\u00eas pontos (de 144 para 141). J\u00e1 o ISR da Constru\u00e7\u00e3o Civil subiu 12 pontos em julho, passando de 82 para 94, indicando uma melhor avalia\u00e7\u00e3o dos empres\u00e1rios em rela\u00e7\u00e3o ao trimestre anterior.<\/p>\n<p style=\"text-align: justify;\">\u201cApesar do crescimento da demanda para pequenas obras e no setor imobili\u00e1rio, com muitos lan\u00e7amentos, o aumento dos custos do setor e das taxas de juros pode estar impactando negativamente as expetativas para os pr\u00f3ximos meses\u201d, justifica Rocha.<\/p>\n<p style=\"text-align: justify;\">Em julho, o acumulado dos \u00faltimos 12 meses do \u00cdndice Nacional da Constru\u00e7\u00e3o Civil, que mede os custos do setor, era de 22,60%, o maior da s\u00e9rie hist\u00f3rica, puxado principalmente pelo aumento dos pre\u00e7os dos materiais de constru\u00e7\u00e3o. J\u00e1 a taxa de juros b\u00e1sica da economia, a Selic, sofreu quatro aumentos desde o in\u00edcio de 2021, quando ainda estava em 2% ao ano.<\/p>\n<p style=\"text-align: justify;\">Fonte: Ag\u00eancia Sebrae de Not\u00edcias |Foto: Steve Buissinne por Pixabay<\/p>\n<div class=\"hepjw69f71110a2213\" ><br><\/div><style type=\"text\/css\">\r\n@media screen and (min-width: 1201px) {\r\n.hepjw69f71110a2213 {\r\ndisplay: block;\r\n}\r\n}\r\n@media screen and (min-width: 993px) and (max-width: 1200px) {\r\n.hepjw69f71110a2213 {\r\ndisplay: block;\r\n}\r\n}\r\n@media screen and (min-width: 769px) and (max-width: 992px) {\r\n.hepjw69f71110a2213 {\r\ndisplay: block;\r\n}\r\n}\r\n@media screen and (min-width: 768px) and (max-width: 768px) {\r\n.hepjw69f71110a2213 {\r\ndisplay: block;\r\n}\r\n}\r\n@media screen and (max-width: 767px) {\r\n.hepjw69f71110a2213 {\r\ndisplay: block;\r\n}\r\n}\r\n<\/style>\r\n<div class=\"mutvc69f71110a7cca\" ><div id=\"div_destino\"><\/div>\r\n<script src=\"https:\/\/cdn.snsrsv.com\/sdk.js\"><\/script>\r\n<script >\r\n      new sdk(\"464030C30061EA8BE065000000000001\") \r\n          .appendTo(\"div_destino\")\r\n          .disableStyle(true) \r\n          .setCacheBusterMacro(\"%%CACHEBUSTER%%\")\r\n          .setSize(\"800\",\"214\")\r\n          .setClickMacro(\"%%CLICK_URL_ESC%%\") \r\n          .setReferrerUrlMacro(\"%%REFERRER_URL_ESC%%\") \r\n          .start(); \r\n<\/script><\/div><style type=\"text\/css\">\r\n@media screen and (min-width: 1201px) {\r\n.mutvc69f71110a7cca {\r\ndisplay: block;\r\n}\r\n}\r\n@media screen and (min-width: 993px) and (max-width: 1200px) {\r\n.mutvc69f71110a7cca {\r\ndisplay: block;\r\n}\r\n}\r\n@media screen and (min-width: 769px) and (max-width: 992px) {\r\n.mutvc69f71110a7cca {\r\ndisplay: block;\r\n}\r\n}\r\n@media screen and (min-width: 768px) and (max-width: 768px) {\r\n.mutvc69f71110a7cca {\r\ndisplay: block;\r\n}\r\n}\r\n@media screen and (max-width: 767px) {\r\n.mutvc69f71110a7cca {\r\ndisplay: block;\r\n}\r\n}\r\n<\/style>\r\n","protected":false},"excerpt":{"rendered":"<p>Pelo terceiro m\u00eas consecutivo, o \u00cdndice Sebrae de Confian\u00e7a dos Pequenos Neg\u00f3cios (Iscon) apresentou crescimento, puxado, principalmente, pelas expectativas dos empres\u00e1rios do Com\u00e9rcio. Em julho, o indicador ficou em 119 pontos, 4,7 acima do registrado em junho. O crescimento acumulado<\/p>\n<p class=\"link-more\"><a class=\"more-link\" href=\"https:\/\/marcelolopes.jor.br\/site\/2021\/08\/25\/pesquisa-indica-maior-tendencia-de-crescimento-dos-pequenos-negocios-em-julho\/\">Leia mais <span class=\"screen-reader-text\">Pesquisa indica maior tend\u00eancia de crescimento dos pequenos neg\u00f3cios em julho<\/span><\/a><\/p>\n","protected":false},"author":2,"featured_media":26355,"comment_status":"open","ping_status":"open","sticky":false,"template":"","format":"standard","meta":{"footnotes":""},"categories":[1],"tags":[3596,1916,1564,2398],"class_list":["post-26353","post","type-post","status-publish","format-standard","has-post-thumbnail","hentry","category-noticias","tag-atividade-economica","tag-economia","tag-empresarios","tag-sebrae","thumb-below-title"],"yoast_head":"<!-- This site is optimized with the Yoast SEO plugin v27.4 - https:\/\/yoast.com\/product\/yoast-seo-wordpress\/ -->\n<title>Pesquisa indica maior tend\u00eancia de crescimento dos pequenos neg\u00f3cios em julho | Marcelo Lopes<\/title>\n<meta name=\"robots\" content=\"index, follow, max-snippet:-1, max-image-preview:large, max-video-preview:-1\" \/>\n<link rel=\"canonical\" href=\"https:\/\/marcelolopes.jor.br\/site\/2021\/08\/25\/pesquisa-indica-maior-tendencia-de-crescimento-dos-pequenos-negocios-em-julho\/\" \/>\n<meta property=\"og:locale\" content=\"pt_BR\" \/>\n<meta property=\"og:type\" content=\"article\" \/>\n<meta property=\"og:title\" content=\"Pesquisa indica maior tend\u00eancia de crescimento dos pequenos neg\u00f3cios em julho | Marcelo Lopes\" \/>\n<meta property=\"og:description\" content=\"Pelo terceiro m\u00eas consecutivo, o \u00cdndice Sebrae de Confian\u00e7a dos Pequenos Neg\u00f3cios (Iscon) apresentou crescimento, puxado, principalmente, pelas expectativas dos empres\u00e1rios do Com\u00e9rcio. Em julho, o indicador ficou em 119 pontos, 4,7 acima do registrado em junho. O crescimento acumuladoLeia mais Pesquisa indica maior tend\u00eancia de crescimento dos pequenos neg\u00f3cios em julho\" \/>\n<meta property=\"og:url\" content=\"https:\/\/marcelolopes.jor.br\/site\/2021\/08\/25\/pesquisa-indica-maior-tendencia-de-crescimento-dos-pequenos-negocios-em-julho\/\" \/>\n<meta property=\"og:site_name\" content=\"Marcelo Lopes\" \/>\n<meta property=\"article:publisher\" content=\"https:\/\/www.facebook.com\/sitedomarcelolopes\" \/>\n<meta property=\"article:published_time\" content=\"2021-08-25T10:00:37+00:00\" \/>\n<meta property=\"article:modified_time\" content=\"2021-08-25T11:19:44+00:00\" \/>\n<meta property=\"og:image\" content=\"https:\/\/marcelolopes.jor.br\/site\/wp-content\/uploads\/2021\/08\/shopping-879498_1280.jpg\" \/>\n\t<meta property=\"og:image:width\" content=\"1280\" \/>\n\t<meta property=\"og:image:height\" content=\"853\" \/>\n\t<meta property=\"og:image:type\" content=\"image\/jpeg\" \/>\n<meta name=\"author\" content=\"Marcelo Lopes\" \/>\n<meta name=\"twitter:card\" content=\"summary_large_image\" \/>\n<meta name=\"twitter:label1\" content=\"Escrito por\" \/>\n\t<meta name=\"twitter:data1\" content=\"Marcelo Lopes\" \/>\n\t<meta name=\"twitter:label2\" content=\"Est. tempo de leitura\" \/>\n\t<meta name=\"twitter:data2\" content=\"2 minutos\" \/>\n<script type=\"application\/ld+json\" class=\"yoast-schema-graph\">{\"@context\":\"https:\\\/\\\/schema.org\",\"@graph\":[{\"@type\":\"NewsArticle\",\"@id\":\"https:\\\/\\\/marcelolopes.jor.br\\\/site\\\/2021\\\/08\\\/25\\\/pesquisa-indica-maior-tendencia-de-crescimento-dos-pequenos-negocios-em-julho\\\/#article\",\"isPartOf\":{\"@id\":\"https:\\\/\\\/marcelolopes.jor.br\\\/site\\\/2021\\\/08\\\/25\\\/pesquisa-indica-maior-tendencia-de-crescimento-dos-pequenos-negocios-em-julho\\\/\"},\"author\":{\"name\":\"Marcelo Lopes\",\"@id\":\"https:\\\/\\\/marcelolopes.jor.br\\\/site\\\/#\\\/schema\\\/person\\\/3e7216a35c34d8fdf952b31da3d1f89f\"},\"headline\":\"Pesquisa indica maior tend\u00eancia de crescimento dos pequenos neg\u00f3cios em julho\",\"datePublished\":\"2021-08-25T10:00:37+00:00\",\"dateModified\":\"2021-08-25T11:19:44+00:00\",\"mainEntityOfPage\":{\"@id\":\"https:\\\/\\\/marcelolopes.jor.br\\\/site\\\/2021\\\/08\\\/25\\\/pesquisa-indica-maior-tendencia-de-crescimento-dos-pequenos-negocios-em-julho\\\/\"},\"wordCount\":427,\"commentCount\":0,\"publisher\":{\"@id\":\"https:\\\/\\\/marcelolopes.jor.br\\\/site\\\/#organization\"},\"image\":{\"@id\":\"https:\\\/\\\/marcelolopes.jor.br\\\/site\\\/2021\\\/08\\\/25\\\/pesquisa-indica-maior-tendencia-de-crescimento-dos-pequenos-negocios-em-julho\\\/#primaryimage\"},\"thumbnailUrl\":\"https:\\\/\\\/marcelolopes.jor.br\\\/site\\\/wp-content\\\/uploads\\\/2021\\\/08\\\/shopping-879498_1280.jpg\",\"keywords\":[\"atividade econ\u00f4mica\",\"economia\",\"empres\u00e1rios\",\"Sebrae\"],\"articleSection\":[\"Not\u00edcias\"],\"inLanguage\":\"pt-BR\",\"potentialAction\":[{\"@type\":\"CommentAction\",\"name\":\"Comment\",\"target\":[\"https:\\\/\\\/marcelolopes.jor.br\\\/site\\\/2021\\\/08\\\/25\\\/pesquisa-indica-maior-tendencia-de-crescimento-dos-pequenos-negocios-em-julho\\\/#respond\"]}]},{\"@type\":\"WebPage\",\"@id\":\"https:\\\/\\\/marcelolopes.jor.br\\\/site\\\/2021\\\/08\\\/25\\\/pesquisa-indica-maior-tendencia-de-crescimento-dos-pequenos-negocios-em-julho\\\/\",\"url\":\"https:\\\/\\\/marcelolopes.jor.br\\\/site\\\/2021\\\/08\\\/25\\\/pesquisa-indica-maior-tendencia-de-crescimento-dos-pequenos-negocios-em-julho\\\/\",\"name\":\"Pesquisa indica maior tend\u00eancia de crescimento dos pequenos neg\u00f3cios em julho | Marcelo Lopes\",\"isPartOf\":{\"@id\":\"https:\\\/\\\/marcelolopes.jor.br\\\/site\\\/#website\"},\"primaryImageOfPage\":{\"@id\":\"https:\\\/\\\/marcelolopes.jor.br\\\/site\\\/2021\\\/08\\\/25\\\/pesquisa-indica-maior-tendencia-de-crescimento-dos-pequenos-negocios-em-julho\\\/#primaryimage\"},\"image\":{\"@id\":\"https:\\\/\\\/marcelolopes.jor.br\\\/site\\\/2021\\\/08\\\/25\\\/pesquisa-indica-maior-tendencia-de-crescimento-dos-pequenos-negocios-em-julho\\\/#primaryimage\"},\"thumbnailUrl\":\"https:\\\/\\\/marcelolopes.jor.br\\\/site\\\/wp-content\\\/uploads\\\/2021\\\/08\\\/shopping-879498_1280.jpg\",\"datePublished\":\"2021-08-25T10:00:37+00:00\",\"dateModified\":\"2021-08-25T11:19:44+00:00\",\"breadcrumb\":{\"@id\":\"https:\\\/\\\/marcelolopes.jor.br\\\/site\\\/2021\\\/08\\\/25\\\/pesquisa-indica-maior-tendencia-de-crescimento-dos-pequenos-negocios-em-julho\\\/#breadcrumb\"},\"inLanguage\":\"pt-BR\",\"potentialAction\":[{\"@type\":\"ReadAction\",\"target\":[\"https:\\\/\\\/marcelolopes.jor.br\\\/site\\\/2021\\\/08\\\/25\\\/pesquisa-indica-maior-tendencia-de-crescimento-dos-pequenos-negocios-em-julho\\\/\"]}]},{\"@type\":\"ImageObject\",\"inLanguage\":\"pt-BR\",\"@id\":\"https:\\\/\\\/marcelolopes.jor.br\\\/site\\\/2021\\\/08\\\/25\\\/pesquisa-indica-maior-tendencia-de-crescimento-dos-pequenos-negocios-em-julho\\\/#primaryimage\",\"url\":\"https:\\\/\\\/marcelolopes.jor.br\\\/site\\\/wp-content\\\/uploads\\\/2021\\\/08\\\/shopping-879498_1280.jpg\",\"contentUrl\":\"https:\\\/\\\/marcelolopes.jor.br\\\/site\\\/wp-content\\\/uploads\\\/2021\\\/08\\\/shopping-879498_1280.jpg\",\"width\":1280,\"height\":853},{\"@type\":\"BreadcrumbList\",\"@id\":\"https:\\\/\\\/marcelolopes.jor.br\\\/site\\\/2021\\\/08\\\/25\\\/pesquisa-indica-maior-tendencia-de-crescimento-dos-pequenos-negocios-em-julho\\\/#breadcrumb\",\"itemListElement\":[{\"@type\":\"ListItem\",\"position\":1,\"name\":\"Home\",\"item\":\"https:\\\/\\\/marcelolopes.jor.br\\\/site\\\/\"},{\"@type\":\"ListItem\",\"position\":2,\"name\":\"Pesquisa indica maior tend\u00eancia de crescimento dos pequenos neg\u00f3cios em julho\"}]},{\"@type\":\"WebSite\",\"@id\":\"https:\\\/\\\/marcelolopes.jor.br\\\/site\\\/#website\",\"url\":\"https:\\\/\\\/marcelolopes.jor.br\\\/site\\\/\",\"name\":\"Marcelo Lopes\",\"description\":\"Not\u00edcias de Cataguases e Regi\u00e3o\",\"publisher\":{\"@id\":\"https:\\\/\\\/marcelolopes.jor.br\\\/site\\\/#organization\"},\"potentialAction\":[{\"@type\":\"SearchAction\",\"target\":{\"@type\":\"EntryPoint\",\"urlTemplate\":\"https:\\\/\\\/marcelolopes.jor.br\\\/site\\\/?s={search_term_string}\"},\"query-input\":{\"@type\":\"PropertyValueSpecification\",\"valueRequired\":true,\"valueName\":\"search_term_string\"}}],\"inLanguage\":\"pt-BR\"},{\"@type\":\"Organization\",\"@id\":\"https:\\\/\\\/marcelolopes.jor.br\\\/site\\\/#organization\",\"name\":\"Site do Marcelo Lopes\",\"url\":\"https:\\\/\\\/marcelolopes.jor.br\\\/site\\\/\",\"logo\":{\"@type\":\"ImageObject\",\"inLanguage\":\"pt-BR\",\"@id\":\"https:\\\/\\\/marcelolopes.jor.br\\\/site\\\/#\\\/schema\\\/logo\\\/image\\\/\",\"url\":\"https:\\\/\\\/marcelolopes.jor.br\\\/site\\\/wp-content\\\/uploads\\\/2024\\\/11\\\/logo-1.png\",\"contentUrl\":\"https:\\\/\\\/marcelolopes.jor.br\\\/site\\\/wp-content\\\/uploads\\\/2024\\\/11\\\/logo-1.png\",\"width\":475,\"height\":80,\"caption\":\"Site do Marcelo Lopes\"},\"image\":{\"@id\":\"https:\\\/\\\/marcelolopes.jor.br\\\/site\\\/#\\\/schema\\\/logo\\\/image\\\/\"},\"sameAs\":[\"https:\\\/\\\/www.facebook.com\\\/sitedomarcelolopes\",\"https:\\\/\\\/www.instagram.com\\\/sitedomarcelolopes\\\/\",\"https:\\\/\\\/www.linkedin.com\\\/company\\\/site-do-marcelo-lopes\\\/\",\"https:\\\/\\\/www.youtube.com\\\/user\\\/marcelolopes957\"]},{\"@type\":\"Person\",\"@id\":\"https:\\\/\\\/marcelolopes.jor.br\\\/site\\\/#\\\/schema\\\/person\\\/3e7216a35c34d8fdf952b31da3d1f89f\",\"name\":\"Marcelo Lopes\",\"sameAs\":[\"http:\\\/\\\/www.marcelolopes.jor.br\"],\"url\":\"https:\\\/\\\/marcelolopes.jor.br\\\/site\\\/author\\\/marcelo\\\/\"}]}<\/script>\n<!-- \/ Yoast SEO plugin. -->","yoast_head_json":{"title":"Pesquisa indica maior tend\u00eancia de crescimento dos pequenos neg\u00f3cios em julho | Marcelo Lopes","robots":{"index":"index","follow":"follow","max-snippet":"max-snippet:-1","max-image-preview":"max-image-preview:large","max-video-preview":"max-video-preview:-1"},"canonical":"https:\/\/marcelolopes.jor.br\/site\/2021\/08\/25\/pesquisa-indica-maior-tendencia-de-crescimento-dos-pequenos-negocios-em-julho\/","og_locale":"pt_BR","og_type":"article","og_title":"Pesquisa indica maior tend\u00eancia de crescimento dos pequenos neg\u00f3cios em julho | Marcelo Lopes","og_description":"Pelo terceiro m\u00eas consecutivo, o \u00cdndice Sebrae de Confian\u00e7a dos Pequenos Neg\u00f3cios (Iscon) apresentou crescimento, puxado, principalmente, pelas expectativas dos empres\u00e1rios do Com\u00e9rcio. Em julho, o indicador ficou em 119 pontos, 4,7 acima do registrado em junho. O crescimento acumuladoLeia mais Pesquisa indica maior tend\u00eancia de crescimento dos pequenos neg\u00f3cios em julho","og_url":"https:\/\/marcelolopes.jor.br\/site\/2021\/08\/25\/pesquisa-indica-maior-tendencia-de-crescimento-dos-pequenos-negocios-em-julho\/","og_site_name":"Marcelo Lopes","article_publisher":"https:\/\/www.facebook.com\/sitedomarcelolopes","article_published_time":"2021-08-25T10:00:37+00:00","article_modified_time":"2021-08-25T11:19:44+00:00","og_image":[{"width":1280,"height":853,"url":"https:\/\/marcelolopes.jor.br\/site\/wp-content\/uploads\/2021\/08\/shopping-879498_1280.jpg","type":"image\/jpeg"}],"author":"Marcelo Lopes","twitter_card":"summary_large_image","twitter_misc":{"Escrito por":"Marcelo Lopes","Est. tempo de leitura":"2 minutos"},"schema":{"@context":"https:\/\/schema.org","@graph":[{"@type":"NewsArticle","@id":"https:\/\/marcelolopes.jor.br\/site\/2021\/08\/25\/pesquisa-indica-maior-tendencia-de-crescimento-dos-pequenos-negocios-em-julho\/#article","isPartOf":{"@id":"https:\/\/marcelolopes.jor.br\/site\/2021\/08\/25\/pesquisa-indica-maior-tendencia-de-crescimento-dos-pequenos-negocios-em-julho\/"},"author":{"name":"Marcelo Lopes","@id":"https:\/\/marcelolopes.jor.br\/site\/#\/schema\/person\/3e7216a35c34d8fdf952b31da3d1f89f"},"headline":"Pesquisa indica maior tend\u00eancia de crescimento dos pequenos neg\u00f3cios em julho","datePublished":"2021-08-25T10:00:37+00:00","dateModified":"2021-08-25T11:19:44+00:00","mainEntityOfPage":{"@id":"https:\/\/marcelolopes.jor.br\/site\/2021\/08\/25\/pesquisa-indica-maior-tendencia-de-crescimento-dos-pequenos-negocios-em-julho\/"},"wordCount":427,"commentCount":0,"publisher":{"@id":"https:\/\/marcelolopes.jor.br\/site\/#organization"},"image":{"@id":"https:\/\/marcelolopes.jor.br\/site\/2021\/08\/25\/pesquisa-indica-maior-tendencia-de-crescimento-dos-pequenos-negocios-em-julho\/#primaryimage"},"thumbnailUrl":"https:\/\/marcelolopes.jor.br\/site\/wp-content\/uploads\/2021\/08\/shopping-879498_1280.jpg","keywords":["atividade econ\u00f4mica","economia","empres\u00e1rios","Sebrae"],"articleSection":["Not\u00edcias"],"inLanguage":"pt-BR","potentialAction":[{"@type":"CommentAction","name":"Comment","target":["https:\/\/marcelolopes.jor.br\/site\/2021\/08\/25\/pesquisa-indica-maior-tendencia-de-crescimento-dos-pequenos-negocios-em-julho\/#respond"]}]},{"@type":"WebPage","@id":"https:\/\/marcelolopes.jor.br\/site\/2021\/08\/25\/pesquisa-indica-maior-tendencia-de-crescimento-dos-pequenos-negocios-em-julho\/","url":"https:\/\/marcelolopes.jor.br\/site\/2021\/08\/25\/pesquisa-indica-maior-tendencia-de-crescimento-dos-pequenos-negocios-em-julho\/","name":"Pesquisa indica maior tend\u00eancia de crescimento dos pequenos neg\u00f3cios em julho | Marcelo Lopes","isPartOf":{"@id":"https:\/\/marcelolopes.jor.br\/site\/#website"},"primaryImageOfPage":{"@id":"https:\/\/marcelolopes.jor.br\/site\/2021\/08\/25\/pesquisa-indica-maior-tendencia-de-crescimento-dos-pequenos-negocios-em-julho\/#primaryimage"},"image":{"@id":"https:\/\/marcelolopes.jor.br\/site\/2021\/08\/25\/pesquisa-indica-maior-tendencia-de-crescimento-dos-pequenos-negocios-em-julho\/#primaryimage"},"thumbnailUrl":"https:\/\/marcelolopes.jor.br\/site\/wp-content\/uploads\/2021\/08\/shopping-879498_1280.jpg","datePublished":"2021-08-25T10:00:37+00:00","dateModified":"2021-08-25T11:19:44+00:00","breadcrumb":{"@id":"https:\/\/marcelolopes.jor.br\/site\/2021\/08\/25\/pesquisa-indica-maior-tendencia-de-crescimento-dos-pequenos-negocios-em-julho\/#breadcrumb"},"inLanguage":"pt-BR","potentialAction":[{"@type":"ReadAction","target":["https:\/\/marcelolopes.jor.br\/site\/2021\/08\/25\/pesquisa-indica-maior-tendencia-de-crescimento-dos-pequenos-negocios-em-julho\/"]}]},{"@type":"ImageObject","inLanguage":"pt-BR","@id":"https:\/\/marcelolopes.jor.br\/site\/2021\/08\/25\/pesquisa-indica-maior-tendencia-de-crescimento-dos-pequenos-negocios-em-julho\/#primaryimage","url":"https:\/\/marcelolopes.jor.br\/site\/wp-content\/uploads\/2021\/08\/shopping-879498_1280.jpg","contentUrl":"https:\/\/marcelolopes.jor.br\/site\/wp-content\/uploads\/2021\/08\/shopping-879498_1280.jpg","width":1280,"height":853},{"@type":"BreadcrumbList","@id":"https:\/\/marcelolopes.jor.br\/site\/2021\/08\/25\/pesquisa-indica-maior-tendencia-de-crescimento-dos-pequenos-negocios-em-julho\/#breadcrumb","itemListElement":[{"@type":"ListItem","position":1,"name":"Home","item":"https:\/\/marcelolopes.jor.br\/site\/"},{"@type":"ListItem","position":2,"name":"Pesquisa indica maior tend\u00eancia de crescimento dos pequenos neg\u00f3cios em julho"}]},{"@type":"WebSite","@id":"https:\/\/marcelolopes.jor.br\/site\/#website","url":"https:\/\/marcelolopes.jor.br\/site\/","name":"Marcelo Lopes","description":"Not\u00edcias de Cataguases e Regi\u00e3o","publisher":{"@id":"https:\/\/marcelolopes.jor.br\/site\/#organization"},"potentialAction":[{"@type":"SearchAction","target":{"@type":"EntryPoint","urlTemplate":"https:\/\/marcelolopes.jor.br\/site\/?s={search_term_string}"},"query-input":{"@type":"PropertyValueSpecification","valueRequired":true,"valueName":"search_term_string"}}],"inLanguage":"pt-BR"},{"@type":"Organization","@id":"https:\/\/marcelolopes.jor.br\/site\/#organization","name":"Site do Marcelo Lopes","url":"https:\/\/marcelolopes.jor.br\/site\/","logo":{"@type":"ImageObject","inLanguage":"pt-BR","@id":"https:\/\/marcelolopes.jor.br\/site\/#\/schema\/logo\/image\/","url":"https:\/\/marcelolopes.jor.br\/site\/wp-content\/uploads\/2024\/11\/logo-1.png","contentUrl":"https:\/\/marcelolopes.jor.br\/site\/wp-content\/uploads\/2024\/11\/logo-1.png","width":475,"height":80,"caption":"Site do Marcelo Lopes"},"image":{"@id":"https:\/\/marcelolopes.jor.br\/site\/#\/schema\/logo\/image\/"},"sameAs":["https:\/\/www.facebook.com\/sitedomarcelolopes","https:\/\/www.instagram.com\/sitedomarcelolopes\/","https:\/\/www.linkedin.com\/company\/site-do-marcelo-lopes\/","https:\/\/www.youtube.com\/user\/marcelolopes957"]},{"@type":"Person","@id":"https:\/\/marcelolopes.jor.br\/site\/#\/schema\/person\/3e7216a35c34d8fdf952b31da3d1f89f","name":"Marcelo Lopes","sameAs":["http:\/\/www.marcelolopes.jor.br"],"url":"https:\/\/marcelolopes.jor.br\/site\/author\/marcelo\/"}]}},"wps_subtitle":"\u00cdndice que mede a confian\u00e7a do segmento foi puxado pelas expectativas do Com\u00e9rcio.","_links":{"self":[{"href":"https:\/\/marcelolopes.jor.br\/site\/wp-json\/wp\/v2\/posts\/26353","targetHints":{"allow":["GET"]}}],"collection":[{"href":"https:\/\/marcelolopes.jor.br\/site\/wp-json\/wp\/v2\/posts"}],"about":[{"href":"https:\/\/marcelolopes.jor.br\/site\/wp-json\/wp\/v2\/types\/post"}],"author":[{"embeddable":true,"href":"https:\/\/marcelolopes.jor.br\/site\/wp-json\/wp\/v2\/users\/2"}],"replies":[{"embeddable":true,"href":"https:\/\/marcelolopes.jor.br\/site\/wp-json\/wp\/v2\/comments?post=26353"}],"version-history":[{"count":0,"href":"https:\/\/marcelolopes.jor.br\/site\/wp-json\/wp\/v2\/posts\/26353\/revisions"}],"wp:featuredmedia":[{"embeddable":true,"href":"https:\/\/marcelolopes.jor.br\/site\/wp-json\/wp\/v2\/media\/26355"}],"wp:attachment":[{"href":"https:\/\/marcelolopes.jor.br\/site\/wp-json\/wp\/v2\/media?parent=26353"}],"wp:term":[{"taxonomy":"category","embeddable":true,"href":"https:\/\/marcelolopes.jor.br\/site\/wp-json\/wp\/v2\/categories?post=26353"},{"taxonomy":"post_tag","embeddable":true,"href":"https:\/\/marcelolopes.jor.br\/site\/wp-json\/wp\/v2\/tags?post=26353"}],"curies":[{"name":"wp","href":"https:\/\/api.w.org\/{rel}","templated":true}]}}