{"id":26318,"date":"2021-08-22T19:00:46","date_gmt":"2021-08-22T22:00:46","guid":{"rendered":"https:\/\/marcelolopes.jor.br\/?p=26318"},"modified":"2021-08-22T15:42:29","modified_gmt":"2021-08-22T18:42:29","slug":"voluntarios-trazem-para-cataguases-o-dia-mundial-da-limpeza","status":"publish","type":"post","link":"https:\/\/marcelolopes.jor.br\/site\/2021\/08\/22\/voluntarios-trazem-para-cataguases-o-dia-mundial-da-limpeza\/","title":{"rendered":"Volunt\u00e1rios trazem para Cataguases o Dia Mundial da Limpeza"},"content":{"rendered":"<p style=\"text-align: justify;\">O Dia 18 de setembro ser\u00e1 marcado em Cataguases pela limpeza. \u00c9 que a exemplo do que acontece em diversas partes do mundo, esta data vem sendo dedicada a limpeza, e passou a ser conhecido oficialmente como Dia Mundial da Limpeza. Trata-se, na pr\u00e1tica, de um movimento de a\u00e7\u00e3o\u00a0mundial\u00a0que visa promover a mobiliza\u00e7\u00e3o de volunt\u00e1rios para a\u00a0limpeza\u00a0de suas cidades. O projeto chegou a Cataguases por meio de um grupo de volunt\u00e1rios preocupados em preservar o planeta. Agora, seus integrantes est\u00e3o buscando novos membros que, como eles, compartilhem o mesmo objetivo e, desta maneira, inserir o munic\u00edpio nesta campanha mundial.<!--more--><\/p>\n<p style=\"text-align: justify;\"><a href=\"http:\/\/www.agenciaram.com.br\"><img loading=\"lazy\" decoding=\"async\" class=\"aligncenter wp-image-26207 size-full\" src=\"https:\/\/marcelolopes.jor.br\/site\/wp-content\/uploads\/2021\/08\/Banner-Ag\u00eancia-RAM.jpeg\" alt=\"\" width=\"800\" height=\"214\" srcset=\"https:\/\/marcelolopes.jor.br\/site\/wp-content\/uploads\/2021\/08\/Banner-Ag\u00eancia-RAM.jpeg 800w, https:\/\/marcelolopes.jor.br\/site\/wp-content\/uploads\/2021\/08\/Banner-Ag\u00eancia-RAM-300x80.jpeg 300w, https:\/\/marcelolopes.jor.br\/site\/wp-content\/uploads\/2021\/08\/Banner-Ag\u00eancia-RAM-768x205.jpeg 768w\" sizes=\"auto, (max-width: 800px) 100vw, 800px\" \/><\/a>O movimento come\u00e7ou na Est\u00f4nia em 2008 como uma iniciativa para limpar todo o pa\u00eds em cinco horas. A simplicidade da ideia e a atitude reuniram 50 mil pessoas naquele dia. Onze anos depois, em 2018, ocorreu o primeiro Dia Mundial da Limpeza dando in\u00edcio a um movimento global. O simples ato de recolher o lixo se tornou uma for\u00e7a que une pessoas e grupos em pa\u00edses e cidades de todo o mundo. No Brasil, a a\u00e7\u00e3o \u00e9 coordenada pelo Instituto Limpa Brasil \u2013 Let\u2019s do It! e pela Teoria Verde e j\u00e1 acontece em mais de 1.200 munic\u00edpios.<\/p>\n<p style=\"text-align: justify;\">O projeto, por\u00e9m, vai alem do lixo como \u00e9 conhecido, e trata tamb\u00e9m da limpeza digital (limpar seus dispositivos, e-mails e arquivos desnecess\u00e1rios para diminui\u00e7\u00e3o da emiss\u00e3o de Co2); Limpeza ambiental (separa\u00e7\u00e3o para reciclagem; separa\u00e7\u00e3o de \u00f3leo de cozinha e res\u00edduos eletr\u00f4nicos. Mapeamento de pontos viciados de lixo. Elimina\u00e7\u00e3o do foco de dengue; limpeza solid\u00e1ria (separar o que n\u00e3o tem mais serventia para voc\u00ea e doar para algu\u00e9m que precise), e limpeza mental (medita\u00e7\u00e3o, pr\u00e1tica de esporte, m\u00fasica, dan\u00e7a, yoga, leitura, pr\u00e1ticas espiritualistas, dentre outros). Quer participar? Ent\u00e3o visite o perfil do projeto no Instagram <a href=\"https:\/\/instagram.com\/diamundialdalimpeza_kta?utm_medium=copy_link\"><strong><span style=\"color: #800080;\">clicando aqui<\/span><\/strong><\/a>.<\/p>\n<p style=\"text-align: justify;\">Em Cataguases o grupo tem \u00e0 frente, entre outros organizadores, La\u00eds Abadias, Thiago Pinheiro Nunes, L\u00e9o Amaral, Priscila Rios Penha e Douglas Maldonado. Eles aproveitam para convidar todos os que se identificam com a causa a participar. E h\u00e1 diversas maneiras de ajudar, como, participar da coleta de lixo com os volunt\u00e1rios no dia 18 setembro; usar a hashtag #eucuidodomeuquadrado para mostrar que \u00e9 respons\u00e1vel pela limpeza e manuten\u00e7\u00e3o de um local espec\u00edfico na comunidade onde vive; separar o seu lixo dom\u00e9stico em lixo seco\/recicl\u00e1vel, molhado\/org\u00e2nico e rejeitos\/n\u00e3o recicl\u00e1veis; Direcionar os recicl\u00e1veis para os ecopontos que ser\u00e3o criados pelo pr\u00f3prio grupo e divulgar estes locais; Utilizar o lixo org\u00e2nico para compostagem; Evitar pl\u00e1sticos e isopor, e, tamb\u00e9m, ensinar as crian\u00e7as a import\u00e2ncia de n\u00e3o jogar lixo em locais inadequados.<\/p>\n<p><img loading=\"lazy\" decoding=\"async\" class=\"aligncenter wp-image-26320\" src=\"https:\/\/marcelolopes.jor.br\/site\/wp-content\/uploads\/2021\/08\/WhatsApp-Image-2021-08-16-at-21.30.13-1024x1024.jpeg\" alt=\"\" width=\"700\" height=\"700\" srcset=\"https:\/\/marcelolopes.jor.br\/site\/wp-content\/uploads\/2021\/08\/WhatsApp-Image-2021-08-16-at-21.30.13-1024x1024.jpeg 1024w, https:\/\/marcelolopes.jor.br\/site\/wp-content\/uploads\/2021\/08\/WhatsApp-Image-2021-08-16-at-21.30.13-150x150.jpeg 150w, https:\/\/marcelolopes.jor.br\/site\/wp-content\/uploads\/2021\/08\/WhatsApp-Image-2021-08-16-at-21.30.13-300x300.jpeg 300w, https:\/\/marcelolopes.jor.br\/site\/wp-content\/uploads\/2021\/08\/WhatsApp-Image-2021-08-16-at-21.30.13-768x768.jpeg 768w, https:\/\/marcelolopes.jor.br\/site\/wp-content\/uploads\/2021\/08\/WhatsApp-Image-2021-08-16-at-21.30.13-65x65.jpeg 65w, https:\/\/marcelolopes.jor.br\/site\/wp-content\/uploads\/2021\/08\/WhatsApp-Image-2021-08-16-at-21.30.13.jpeg 1080w\" sizes=\"auto, (max-width: 700px) 100vw, 700px\" \/><\/p>\n<p>Foto: Canva | Arte: Organiza\u00e7\u00e3o do evento<\/p>\n<div class=\"eyonv69f6feb9b7b04\" ><br><\/div><style type=\"text\/css\">\r\n@media screen and (min-width: 1201px) {\r\n.eyonv69f6feb9b7b04 {\r\ndisplay: block;\r\n}\r\n}\r\n@media screen and (min-width: 993px) and (max-width: 1200px) {\r\n.eyonv69f6feb9b7b04 {\r\ndisplay: block;\r\n}\r\n}\r\n@media screen and (min-width: 769px) and (max-width: 992px) {\r\n.eyonv69f6feb9b7b04 {\r\ndisplay: block;\r\n}\r\n}\r\n@media screen and (min-width: 768px) and (max-width: 768px) {\r\n.eyonv69f6feb9b7b04 {\r\ndisplay: block;\r\n}\r\n}\r\n@media screen and (max-width: 767px) {\r\n.eyonv69f6feb9b7b04 {\r\ndisplay: block;\r\n}\r\n}\r\n<\/style>\r\n<div class=\"dmkfb69f6feb9bc4b3\" ><div id=\"div_destino\"><\/div>\r\n<script src=\"https:\/\/cdn.snsrsv.com\/sdk.js\"><\/script>\r\n<script >\r\n      new sdk(\"464030C30061EA8BE065000000000001\") \r\n          .appendTo(\"div_destino\")\r\n          .disableStyle(true) \r\n          .setCacheBusterMacro(\"%%CACHEBUSTER%%\")\r\n          .setSize(\"800\",\"214\")\r\n          .setClickMacro(\"%%CLICK_URL_ESC%%\") \r\n          .setReferrerUrlMacro(\"%%REFERRER_URL_ESC%%\") \r\n          .start(); \r\n<\/script><\/div><style type=\"text\/css\">\r\n@media screen and (min-width: 1201px) {\r\n.dmkfb69f6feb9bc4b3 {\r\ndisplay: block;\r\n}\r\n}\r\n@media screen and (min-width: 993px) and (max-width: 1200px) {\r\n.dmkfb69f6feb9bc4b3 {\r\ndisplay: block;\r\n}\r\n}\r\n@media screen and (min-width: 769px) and (max-width: 992px) {\r\n.dmkfb69f6feb9bc4b3 {\r\ndisplay: block;\r\n}\r\n}\r\n@media screen and (min-width: 768px) and (max-width: 768px) {\r\n.dmkfb69f6feb9bc4b3 {\r\ndisplay: block;\r\n}\r\n}\r\n@media screen and (max-width: 767px) {\r\n.dmkfb69f6feb9bc4b3 {\r\ndisplay: block;\r\n}\r\n}\r\n<\/style>\r\n","protected":false},"excerpt":{"rendered":"<p>O Dia 18 de setembro ser\u00e1 marcado em Cataguases pela limpeza. \u00c9 que a exemplo do que acontece em diversas partes do mundo, esta data vem sendo dedicada a limpeza, e passou a ser conhecido oficialmente como Dia Mundial da<\/p>\n<p class=\"link-more\"><a class=\"more-link\" href=\"https:\/\/marcelolopes.jor.br\/site\/2021\/08\/22\/voluntarios-trazem-para-cataguases-o-dia-mundial-da-limpeza\/\">Leia mais <span class=\"screen-reader-text\">Volunt\u00e1rios trazem para Cataguases o Dia Mundial da Limpeza<\/span><\/a><\/p>\n","protected":false},"author":2,"featured_media":26321,"comment_status":"open","ping_status":"open","sticky":false,"template":"","format":"standard","meta":{"footnotes":""},"categories":[1],"tags":[4572,4571,62,183],"class_list":["post-26318","post","type-post","status-publish","format-standard","has-post-thumbnail","hentry","category-noticias","tag-acao-mundial","tag-dia-mundial-da-limpeza","tag-lixo","tag-meio-ambiente","thumb-below-title"],"yoast_head":"<!-- This site is optimized with the Yoast SEO plugin v27.4 - https:\/\/yoast.com\/product\/yoast-seo-wordpress\/ -->\n<title>Volunt\u00e1rios trazem para Cataguases o Dia Mundial da Limpeza | Marcelo Lopes<\/title>\n<meta name=\"robots\" content=\"index, follow, max-snippet:-1, max-image-preview:large, max-video-preview:-1\" \/>\n<link rel=\"canonical\" href=\"https:\/\/marcelolopes.jor.br\/site\/2021\/08\/22\/voluntarios-trazem-para-cataguases-o-dia-mundial-da-limpeza\/\" \/>\n<meta property=\"og:locale\" content=\"pt_BR\" \/>\n<meta property=\"og:type\" content=\"article\" \/>\n<meta property=\"og:title\" content=\"Volunt\u00e1rios trazem para Cataguases o Dia Mundial da Limpeza | Marcelo Lopes\" \/>\n<meta property=\"og:description\" content=\"O Dia 18 de setembro ser\u00e1 marcado em Cataguases pela limpeza. \u00c9 que a exemplo do que acontece em diversas partes do mundo, esta data vem sendo dedicada a limpeza, e passou a ser conhecido oficialmente como Dia Mundial daLeia mais Volunt\u00e1rios trazem para Cataguases o Dia Mundial da Limpeza\" \/>\n<meta property=\"og:url\" content=\"https:\/\/marcelolopes.jor.br\/site\/2021\/08\/22\/voluntarios-trazem-para-cataguases-o-dia-mundial-da-limpeza\/\" \/>\n<meta property=\"og:site_name\" content=\"Marcelo Lopes\" \/>\n<meta property=\"article:publisher\" content=\"https:\/\/www.facebook.com\/sitedomarcelolopes\" \/>\n<meta property=\"article:published_time\" content=\"2021-08-22T22:00:46+00:00\" \/>\n<meta property=\"og:image\" content=\"https:\/\/marcelolopes.jor.br\/site\/wp-content\/uploads\/2021\/08\/Lixeira.jpg\" \/>\n\t<meta property=\"og:image:width\" content=\"800\" \/>\n\t<meta property=\"og:image:height\" content=\"526\" \/>\n\t<meta property=\"og:image:type\" content=\"image\/jpeg\" \/>\n<meta name=\"author\" content=\"Marcelo Lopes\" \/>\n<meta name=\"twitter:card\" content=\"summary_large_image\" \/>\n<meta name=\"twitter:label1\" content=\"Escrito por\" \/>\n\t<meta name=\"twitter:data1\" content=\"Marcelo Lopes\" \/>\n\t<meta name=\"twitter:label2\" content=\"Est. tempo de leitura\" \/>\n\t<meta name=\"twitter:data2\" content=\"2 minutos\" \/>\n<script type=\"application\/ld+json\" class=\"yoast-schema-graph\">{\"@context\":\"https:\\\/\\\/schema.org\",\"@graph\":[{\"@type\":\"NewsArticle\",\"@id\":\"https:\\\/\\\/marcelolopes.jor.br\\\/site\\\/2021\\\/08\\\/22\\\/voluntarios-trazem-para-cataguases-o-dia-mundial-da-limpeza\\\/#article\",\"isPartOf\":{\"@id\":\"https:\\\/\\\/marcelolopes.jor.br\\\/site\\\/2021\\\/08\\\/22\\\/voluntarios-trazem-para-cataguases-o-dia-mundial-da-limpeza\\\/\"},\"author\":{\"name\":\"Marcelo Lopes\",\"@id\":\"https:\\\/\\\/marcelolopes.jor.br\\\/site\\\/#\\\/schema\\\/person\\\/3e7216a35c34d8fdf952b31da3d1f89f\"},\"headline\":\"Volunt\u00e1rios trazem para Cataguases o Dia Mundial da Limpeza\",\"datePublished\":\"2021-08-22T22:00:46+00:00\",\"mainEntityOfPage\":{\"@id\":\"https:\\\/\\\/marcelolopes.jor.br\\\/site\\\/2021\\\/08\\\/22\\\/voluntarios-trazem-para-cataguases-o-dia-mundial-da-limpeza\\\/\"},\"wordCount\":491,\"commentCount\":0,\"publisher\":{\"@id\":\"https:\\\/\\\/marcelolopes.jor.br\\\/site\\\/#organization\"},\"image\":{\"@id\":\"https:\\\/\\\/marcelolopes.jor.br\\\/site\\\/2021\\\/08\\\/22\\\/voluntarios-trazem-para-cataguases-o-dia-mundial-da-limpeza\\\/#primaryimage\"},\"thumbnailUrl\":\"https:\\\/\\\/marcelolopes.jor.br\\\/site\\\/wp-content\\\/uploads\\\/2021\\\/08\\\/Lixeira.jpg\",\"keywords\":[\"a\u00e7\u00e3o mundial\",\"Dia Mundial da Limpeza\",\"lixo\",\"Meio Ambiente\"],\"articleSection\":[\"Not\u00edcias\"],\"inLanguage\":\"pt-BR\",\"potentialAction\":[{\"@type\":\"CommentAction\",\"name\":\"Comment\",\"target\":[\"https:\\\/\\\/marcelolopes.jor.br\\\/site\\\/2021\\\/08\\\/22\\\/voluntarios-trazem-para-cataguases-o-dia-mundial-da-limpeza\\\/#respond\"]}]},{\"@type\":\"WebPage\",\"@id\":\"https:\\\/\\\/marcelolopes.jor.br\\\/site\\\/2021\\\/08\\\/22\\\/voluntarios-trazem-para-cataguases-o-dia-mundial-da-limpeza\\\/\",\"url\":\"https:\\\/\\\/marcelolopes.jor.br\\\/site\\\/2021\\\/08\\\/22\\\/voluntarios-trazem-para-cataguases-o-dia-mundial-da-limpeza\\\/\",\"name\":\"Volunt\u00e1rios trazem para Cataguases o Dia Mundial da Limpeza | Marcelo Lopes\",\"isPartOf\":{\"@id\":\"https:\\\/\\\/marcelolopes.jor.br\\\/site\\\/#website\"},\"primaryImageOfPage\":{\"@id\":\"https:\\\/\\\/marcelolopes.jor.br\\\/site\\\/2021\\\/08\\\/22\\\/voluntarios-trazem-para-cataguases-o-dia-mundial-da-limpeza\\\/#primaryimage\"},\"image\":{\"@id\":\"https:\\\/\\\/marcelolopes.jor.br\\\/site\\\/2021\\\/08\\\/22\\\/voluntarios-trazem-para-cataguases-o-dia-mundial-da-limpeza\\\/#primaryimage\"},\"thumbnailUrl\":\"https:\\\/\\\/marcelolopes.jor.br\\\/site\\\/wp-content\\\/uploads\\\/2021\\\/08\\\/Lixeira.jpg\",\"datePublished\":\"2021-08-22T22:00:46+00:00\",\"breadcrumb\":{\"@id\":\"https:\\\/\\\/marcelolopes.jor.br\\\/site\\\/2021\\\/08\\\/22\\\/voluntarios-trazem-para-cataguases-o-dia-mundial-da-limpeza\\\/#breadcrumb\"},\"inLanguage\":\"pt-BR\",\"potentialAction\":[{\"@type\":\"ReadAction\",\"target\":[\"https:\\\/\\\/marcelolopes.jor.br\\\/site\\\/2021\\\/08\\\/22\\\/voluntarios-trazem-para-cataguases-o-dia-mundial-da-limpeza\\\/\"]}]},{\"@type\":\"ImageObject\",\"inLanguage\":\"pt-BR\",\"@id\":\"https:\\\/\\\/marcelolopes.jor.br\\\/site\\\/2021\\\/08\\\/22\\\/voluntarios-trazem-para-cataguases-o-dia-mundial-da-limpeza\\\/#primaryimage\",\"url\":\"https:\\\/\\\/marcelolopes.jor.br\\\/site\\\/wp-content\\\/uploads\\\/2021\\\/08\\\/Lixeira.jpg\",\"contentUrl\":\"https:\\\/\\\/marcelolopes.jor.br\\\/site\\\/wp-content\\\/uploads\\\/2021\\\/08\\\/Lixeira.jpg\",\"width\":800,\"height\":526,\"caption\":\"Volunt\u00e1rios trazem para Cataguases\"},{\"@type\":\"BreadcrumbList\",\"@id\":\"https:\\\/\\\/marcelolopes.jor.br\\\/site\\\/2021\\\/08\\\/22\\\/voluntarios-trazem-para-cataguases-o-dia-mundial-da-limpeza\\\/#breadcrumb\",\"itemListElement\":[{\"@type\":\"ListItem\",\"position\":1,\"name\":\"Home\",\"item\":\"https:\\\/\\\/marcelolopes.jor.br\\\/site\\\/\"},{\"@type\":\"ListItem\",\"position\":2,\"name\":\"Volunt\u00e1rios trazem para Cataguases o Dia Mundial da Limpeza\"}]},{\"@type\":\"WebSite\",\"@id\":\"https:\\\/\\\/marcelolopes.jor.br\\\/site\\\/#website\",\"url\":\"https:\\\/\\\/marcelolopes.jor.br\\\/site\\\/\",\"name\":\"Marcelo Lopes\",\"description\":\"Not\u00edcias de Cataguases e Regi\u00e3o\",\"publisher\":{\"@id\":\"https:\\\/\\\/marcelolopes.jor.br\\\/site\\\/#organization\"},\"potentialAction\":[{\"@type\":\"SearchAction\",\"target\":{\"@type\":\"EntryPoint\",\"urlTemplate\":\"https:\\\/\\\/marcelolopes.jor.br\\\/site\\\/?s={search_term_string}\"},\"query-input\":{\"@type\":\"PropertyValueSpecification\",\"valueRequired\":true,\"valueName\":\"search_term_string\"}}],\"inLanguage\":\"pt-BR\"},{\"@type\":\"Organization\",\"@id\":\"https:\\\/\\\/marcelolopes.jor.br\\\/site\\\/#organization\",\"name\":\"Site do Marcelo Lopes\",\"url\":\"https:\\\/\\\/marcelolopes.jor.br\\\/site\\\/\",\"logo\":{\"@type\":\"ImageObject\",\"inLanguage\":\"pt-BR\",\"@id\":\"https:\\\/\\\/marcelolopes.jor.br\\\/site\\\/#\\\/schema\\\/logo\\\/image\\\/\",\"url\":\"https:\\\/\\\/marcelolopes.jor.br\\\/site\\\/wp-content\\\/uploads\\\/2024\\\/11\\\/logo-1.png\",\"contentUrl\":\"https:\\\/\\\/marcelolopes.jor.br\\\/site\\\/wp-content\\\/uploads\\\/2024\\\/11\\\/logo-1.png\",\"width\":475,\"height\":80,\"caption\":\"Site do Marcelo Lopes\"},\"image\":{\"@id\":\"https:\\\/\\\/marcelolopes.jor.br\\\/site\\\/#\\\/schema\\\/logo\\\/image\\\/\"},\"sameAs\":[\"https:\\\/\\\/www.facebook.com\\\/sitedomarcelolopes\",\"https:\\\/\\\/www.instagram.com\\\/sitedomarcelolopes\\\/\",\"https:\\\/\\\/www.linkedin.com\\\/company\\\/site-do-marcelo-lopes\\\/\",\"https:\\\/\\\/www.youtube.com\\\/user\\\/marcelolopes957\"]},{\"@type\":\"Person\",\"@id\":\"https:\\\/\\\/marcelolopes.jor.br\\\/site\\\/#\\\/schema\\\/person\\\/3e7216a35c34d8fdf952b31da3d1f89f\",\"name\":\"Marcelo Lopes\",\"sameAs\":[\"http:\\\/\\\/www.marcelolopes.jor.br\"],\"url\":\"https:\\\/\\\/marcelolopes.jor.br\\\/site\\\/author\\\/marcelo\\\/\"}]}<\/script>\n<!-- \/ Yoast SEO plugin. -->","yoast_head_json":{"title":"Volunt\u00e1rios trazem para Cataguases o Dia Mundial da Limpeza | Marcelo Lopes","robots":{"index":"index","follow":"follow","max-snippet":"max-snippet:-1","max-image-preview":"max-image-preview:large","max-video-preview":"max-video-preview:-1"},"canonical":"https:\/\/marcelolopes.jor.br\/site\/2021\/08\/22\/voluntarios-trazem-para-cataguases-o-dia-mundial-da-limpeza\/","og_locale":"pt_BR","og_type":"article","og_title":"Volunt\u00e1rios trazem para Cataguases o Dia Mundial da Limpeza | Marcelo Lopes","og_description":"O Dia 18 de setembro ser\u00e1 marcado em Cataguases pela limpeza. \u00c9 que a exemplo do que acontece em diversas partes do mundo, esta data vem sendo dedicada a limpeza, e passou a ser conhecido oficialmente como Dia Mundial daLeia mais Volunt\u00e1rios trazem para Cataguases o Dia Mundial da Limpeza","og_url":"https:\/\/marcelolopes.jor.br\/site\/2021\/08\/22\/voluntarios-trazem-para-cataguases-o-dia-mundial-da-limpeza\/","og_site_name":"Marcelo Lopes","article_publisher":"https:\/\/www.facebook.com\/sitedomarcelolopes","article_published_time":"2021-08-22T22:00:46+00:00","og_image":[{"width":800,"height":526,"url":"https:\/\/marcelolopes.jor.br\/site\/wp-content\/uploads\/2021\/08\/Lixeira.jpg","type":"image\/jpeg"}],"author":"Marcelo Lopes","twitter_card":"summary_large_image","twitter_misc":{"Escrito por":"Marcelo Lopes","Est. tempo de leitura":"2 minutos"},"schema":{"@context":"https:\/\/schema.org","@graph":[{"@type":"NewsArticle","@id":"https:\/\/marcelolopes.jor.br\/site\/2021\/08\/22\/voluntarios-trazem-para-cataguases-o-dia-mundial-da-limpeza\/#article","isPartOf":{"@id":"https:\/\/marcelolopes.jor.br\/site\/2021\/08\/22\/voluntarios-trazem-para-cataguases-o-dia-mundial-da-limpeza\/"},"author":{"name":"Marcelo Lopes","@id":"https:\/\/marcelolopes.jor.br\/site\/#\/schema\/person\/3e7216a35c34d8fdf952b31da3d1f89f"},"headline":"Volunt\u00e1rios trazem para Cataguases o Dia Mundial da Limpeza","datePublished":"2021-08-22T22:00:46+00:00","mainEntityOfPage":{"@id":"https:\/\/marcelolopes.jor.br\/site\/2021\/08\/22\/voluntarios-trazem-para-cataguases-o-dia-mundial-da-limpeza\/"},"wordCount":491,"commentCount":0,"publisher":{"@id":"https:\/\/marcelolopes.jor.br\/site\/#organization"},"image":{"@id":"https:\/\/marcelolopes.jor.br\/site\/2021\/08\/22\/voluntarios-trazem-para-cataguases-o-dia-mundial-da-limpeza\/#primaryimage"},"thumbnailUrl":"https:\/\/marcelolopes.jor.br\/site\/wp-content\/uploads\/2021\/08\/Lixeira.jpg","keywords":["a\u00e7\u00e3o mundial","Dia Mundial da Limpeza","lixo","Meio Ambiente"],"articleSection":["Not\u00edcias"],"inLanguage":"pt-BR","potentialAction":[{"@type":"CommentAction","name":"Comment","target":["https:\/\/marcelolopes.jor.br\/site\/2021\/08\/22\/voluntarios-trazem-para-cataguases-o-dia-mundial-da-limpeza\/#respond"]}]},{"@type":"WebPage","@id":"https:\/\/marcelolopes.jor.br\/site\/2021\/08\/22\/voluntarios-trazem-para-cataguases-o-dia-mundial-da-limpeza\/","url":"https:\/\/marcelolopes.jor.br\/site\/2021\/08\/22\/voluntarios-trazem-para-cataguases-o-dia-mundial-da-limpeza\/","name":"Volunt\u00e1rios trazem para Cataguases o Dia Mundial da Limpeza | Marcelo Lopes","isPartOf":{"@id":"https:\/\/marcelolopes.jor.br\/site\/#website"},"primaryImageOfPage":{"@id":"https:\/\/marcelolopes.jor.br\/site\/2021\/08\/22\/voluntarios-trazem-para-cataguases-o-dia-mundial-da-limpeza\/#primaryimage"},"image":{"@id":"https:\/\/marcelolopes.jor.br\/site\/2021\/08\/22\/voluntarios-trazem-para-cataguases-o-dia-mundial-da-limpeza\/#primaryimage"},"thumbnailUrl":"https:\/\/marcelolopes.jor.br\/site\/wp-content\/uploads\/2021\/08\/Lixeira.jpg","datePublished":"2021-08-22T22:00:46+00:00","breadcrumb":{"@id":"https:\/\/marcelolopes.jor.br\/site\/2021\/08\/22\/voluntarios-trazem-para-cataguases-o-dia-mundial-da-limpeza\/#breadcrumb"},"inLanguage":"pt-BR","potentialAction":[{"@type":"ReadAction","target":["https:\/\/marcelolopes.jor.br\/site\/2021\/08\/22\/voluntarios-trazem-para-cataguases-o-dia-mundial-da-limpeza\/"]}]},{"@type":"ImageObject","inLanguage":"pt-BR","@id":"https:\/\/marcelolopes.jor.br\/site\/2021\/08\/22\/voluntarios-trazem-para-cataguases-o-dia-mundial-da-limpeza\/#primaryimage","url":"https:\/\/marcelolopes.jor.br\/site\/wp-content\/uploads\/2021\/08\/Lixeira.jpg","contentUrl":"https:\/\/marcelolopes.jor.br\/site\/wp-content\/uploads\/2021\/08\/Lixeira.jpg","width":800,"height":526,"caption":"Volunt\u00e1rios trazem para Cataguases"},{"@type":"BreadcrumbList","@id":"https:\/\/marcelolopes.jor.br\/site\/2021\/08\/22\/voluntarios-trazem-para-cataguases-o-dia-mundial-da-limpeza\/#breadcrumb","itemListElement":[{"@type":"ListItem","position":1,"name":"Home","item":"https:\/\/marcelolopes.jor.br\/site\/"},{"@type":"ListItem","position":2,"name":"Volunt\u00e1rios trazem para Cataguases o Dia Mundial da Limpeza"}]},{"@type":"WebSite","@id":"https:\/\/marcelolopes.jor.br\/site\/#website","url":"https:\/\/marcelolopes.jor.br\/site\/","name":"Marcelo Lopes","description":"Not\u00edcias de Cataguases e Regi\u00e3o","publisher":{"@id":"https:\/\/marcelolopes.jor.br\/site\/#organization"},"potentialAction":[{"@type":"SearchAction","target":{"@type":"EntryPoint","urlTemplate":"https:\/\/marcelolopes.jor.br\/site\/?s={search_term_string}"},"query-input":{"@type":"PropertyValueSpecification","valueRequired":true,"valueName":"search_term_string"}}],"inLanguage":"pt-BR"},{"@type":"Organization","@id":"https:\/\/marcelolopes.jor.br\/site\/#organization","name":"Site do Marcelo Lopes","url":"https:\/\/marcelolopes.jor.br\/site\/","logo":{"@type":"ImageObject","inLanguage":"pt-BR","@id":"https:\/\/marcelolopes.jor.br\/site\/#\/schema\/logo\/image\/","url":"https:\/\/marcelolopes.jor.br\/site\/wp-content\/uploads\/2024\/11\/logo-1.png","contentUrl":"https:\/\/marcelolopes.jor.br\/site\/wp-content\/uploads\/2024\/11\/logo-1.png","width":475,"height":80,"caption":"Site do Marcelo Lopes"},"image":{"@id":"https:\/\/marcelolopes.jor.br\/site\/#\/schema\/logo\/image\/"},"sameAs":["https:\/\/www.facebook.com\/sitedomarcelolopes","https:\/\/www.instagram.com\/sitedomarcelolopes\/","https:\/\/www.linkedin.com\/company\/site-do-marcelo-lopes\/","https:\/\/www.youtube.com\/user\/marcelolopes957"]},{"@type":"Person","@id":"https:\/\/marcelolopes.jor.br\/site\/#\/schema\/person\/3e7216a35c34d8fdf952b31da3d1f89f","name":"Marcelo Lopes","sameAs":["http:\/\/www.marcelolopes.jor.br"],"url":"https:\/\/marcelolopes.jor.br\/site\/author\/marcelo\/"}]}},"wps_subtitle":"Projeto nasceu na Est\u00f4nia e no Brasil j\u00e1 conta com mais de 1.200 munic\u00edpios.","_links":{"self":[{"href":"https:\/\/marcelolopes.jor.br\/site\/wp-json\/wp\/v2\/posts\/26318","targetHints":{"allow":["GET"]}}],"collection":[{"href":"https:\/\/marcelolopes.jor.br\/site\/wp-json\/wp\/v2\/posts"}],"about":[{"href":"https:\/\/marcelolopes.jor.br\/site\/wp-json\/wp\/v2\/types\/post"}],"author":[{"embeddable":true,"href":"https:\/\/marcelolopes.jor.br\/site\/wp-json\/wp\/v2\/users\/2"}],"replies":[{"embeddable":true,"href":"https:\/\/marcelolopes.jor.br\/site\/wp-json\/wp\/v2\/comments?post=26318"}],"version-history":[{"count":0,"href":"https:\/\/marcelolopes.jor.br\/site\/wp-json\/wp\/v2\/posts\/26318\/revisions"}],"wp:featuredmedia":[{"embeddable":true,"href":"https:\/\/marcelolopes.jor.br\/site\/wp-json\/wp\/v2\/media\/26321"}],"wp:attachment":[{"href":"https:\/\/marcelolopes.jor.br\/site\/wp-json\/wp\/v2\/media?parent=26318"}],"wp:term":[{"taxonomy":"category","embeddable":true,"href":"https:\/\/marcelolopes.jor.br\/site\/wp-json\/wp\/v2\/categories?post=26318"},{"taxonomy":"post_tag","embeddable":true,"href":"https:\/\/marcelolopes.jor.br\/site\/wp-json\/wp\/v2\/tags?post=26318"}],"curies":[{"name":"wp","href":"https:\/\/api.w.org\/{rel}","templated":true}]}}