{"id":26279,"date":"2021-08-20T20:00:42","date_gmt":"2021-08-20T23:00:42","guid":{"rendered":"https:\/\/marcelolopes.jor.br\/?p=26279"},"modified":"2021-08-20T16:54:34","modified_gmt":"2021-08-20T19:54:34","slug":"operacao-zona-da-mata-desarticula-organizacao-criminosa","status":"publish","type":"post","link":"https:\/\/marcelolopes.jor.br\/site\/2021\/08\/20\/operacao-zona-da-mata-desarticula-organizacao-criminosa\/","title":{"rendered":"Opera\u00e7\u00e3o Zona da Mata desarticula organiza\u00e7\u00e3o criminosa"},"content":{"rendered":"<p style=\"text-align: justify;\">O Minist\u00e9rio P\u00fablico de Minas Gerais e a Pol\u00edcia Civil de Minas Gerais realizaram nesta sexta-feira, 20 de agosto, opera\u00e7\u00e3o para desarticular uma das maiores organiza\u00e7\u00f5es criminosas especializada em tr\u00e1fico de drogas, tr\u00e1fico de armas, homic\u00eddios e lavagem de capitais com \u00e1rea de atua\u00e7\u00e3o na Zona da Mata mineira.<!--more--><\/p>\n<p style=\"text-align: justify;\"><a href=\"http:\/\/www.agenciaram.com.br\"><img loading=\"lazy\" decoding=\"async\" class=\"aligncenter wp-image-26207 size-full\" src=\"https:\/\/marcelolopes.jor.br\/site\/wp-content\/uploads\/2021\/08\/Banner-Ag\u00eancia-RAM.jpeg\" alt=\"\" width=\"800\" height=\"214\" srcset=\"https:\/\/marcelolopes.jor.br\/site\/wp-content\/uploads\/2021\/08\/Banner-Ag\u00eancia-RAM.jpeg 800w, https:\/\/marcelolopes.jor.br\/site\/wp-content\/uploads\/2021\/08\/Banner-Ag\u00eancia-RAM-300x80.jpeg 300w, https:\/\/marcelolopes.jor.br\/site\/wp-content\/uploads\/2021\/08\/Banner-Ag\u00eancia-RAM-768x205.jpeg 768w\" sizes=\"auto, (max-width: 800px) 100vw, 800px\" \/><\/a>A opera\u00e7\u00e3o foi deflagrada na cidade de Petr\u00f3polis, regi\u00e3o serrana do Rio de Janeiro, e culminou com a pris\u00e3o de um dos maiores criminosos da Zona da Mata e outros dois comparsas, sendo um de ascend\u00eancia colombiana.<\/p>\n<p style=\"text-align: justify;\">O chefe da organiza\u00e7\u00e3o criminosa possui um extenso hist\u00f3rico criminal, incluindo crimes de tr\u00e1fico de drogas, associa\u00e7\u00e3o ao tr\u00e1fico de drogas, homic\u00eddio, porte e posse irregular de arma de fogo, amea\u00e7a, desobedi\u00eancia e desacato. Havia contra ele dois mandados de pris\u00e3o em aberto expedidos pela Justi\u00e7a mineira.<\/p>\n<p><img loading=\"lazy\" decoding=\"async\" class=\"aligncenter wp-image-26281\" src=\"https:\/\/marcelolopes.jor.br\/site\/wp-content\/uploads\/2021\/08\/operacao-zona-da-mata-noticia-1.jpg\" alt=\"\" width=\"700\" height=\"464\" srcset=\"https:\/\/marcelolopes.jor.br\/site\/wp-content\/uploads\/2021\/08\/operacao-zona-da-mata-noticia-1.jpg 650w, https:\/\/marcelolopes.jor.br\/site\/wp-content\/uploads\/2021\/08\/operacao-zona-da-mata-noticia-1-300x199.jpg 300w\" sizes=\"auto, (max-width: 700px) 100vw, 700px\" \/><\/p>\n<p style=\"text-align: justify;\">Na a\u00e7\u00e3o policial, os policiais encerraram as atividades de um laborat\u00f3rio de refino e desdobramento de coca\u00edna. Foram apreendidos diversos itens para o preparo da droga, tais como balan\u00e7a, prensa, agentes qu\u00edmicos, consider\u00e1vel quantidade de subst\u00e2ncia entorpecente, uma arma de fogo calibre 38 e um ve\u00edculo HRV. Um colombiano atuava como qu\u00edmico respons\u00e1vel pela produ\u00e7\u00e3o da droga. Ele havia sido contratado pelos traficantes mineiros que, por sua vez, eram respons\u00e1veis pela distribui\u00e7\u00e3o em larga escala de coca\u00edna para v\u00e1rias cidades da Zona da Mata.<\/p>\n<p style=\"text-align: justify;\">A opera\u00e7\u00e3o contou com a participa\u00e7\u00e3o de equipes dos Gaecos BH, Juiz de Fora, Visconde do Rio Branco e Rio de Janeiro, al\u00e9m de policiais civis de Belo Horizonte, de Juiz de Fora e da Coordenadoria de Recursos Especiais (Core).<\/p>\n<p style=\"text-align: justify;\">Texto e fotos: Assessoria de Comunica\u00e7\u00e3o do MPMG<\/p>\n<div class=\"gchxv69f5c81bdfb54\" ><br><\/div><style type=\"text\/css\">\r\n@media screen and (min-width: 1201px) {\r\n.gchxv69f5c81bdfb54 {\r\ndisplay: block;\r\n}\r\n}\r\n@media screen and (min-width: 993px) and (max-width: 1200px) {\r\n.gchxv69f5c81bdfb54 {\r\ndisplay: block;\r\n}\r\n}\r\n@media screen and (min-width: 769px) and (max-width: 992px) {\r\n.gchxv69f5c81bdfb54 {\r\ndisplay: block;\r\n}\r\n}\r\n@media screen and (min-width: 768px) and (max-width: 768px) {\r\n.gchxv69f5c81bdfb54 {\r\ndisplay: block;\r\n}\r\n}\r\n@media screen and (max-width: 767px) {\r\n.gchxv69f5c81bdfb54 {\r\ndisplay: block;\r\n}\r\n}\r\n<\/style>\r\n<div class=\"gbcar69f5c81be4ae7\" ><div id=\"div_destino\"><\/div>\r\n<script src=\"https:\/\/cdn.snsrsv.com\/sdk.js\"><\/script>\r\n<script >\r\n      new sdk(\"464030C30061EA8BE065000000000001\") \r\n          .appendTo(\"div_destino\")\r\n          .disableStyle(true) \r\n          .setCacheBusterMacro(\"%%CACHEBUSTER%%\")\r\n          .setSize(\"800\",\"214\")\r\n          .setClickMacro(\"%%CLICK_URL_ESC%%\") \r\n          .setReferrerUrlMacro(\"%%REFERRER_URL_ESC%%\") \r\n          .start(); \r\n<\/script><\/div><style type=\"text\/css\">\r\n@media screen and (min-width: 1201px) {\r\n.gbcar69f5c81be4ae7 {\r\ndisplay: block;\r\n}\r\n}\r\n@media screen and (min-width: 993px) and (max-width: 1200px) {\r\n.gbcar69f5c81be4ae7 {\r\ndisplay: block;\r\n}\r\n}\r\n@media screen and (min-width: 769px) and (max-width: 992px) {\r\n.gbcar69f5c81be4ae7 {\r\ndisplay: block;\r\n}\r\n}\r\n@media screen and (min-width: 768px) and (max-width: 768px) {\r\n.gbcar69f5c81be4ae7 {\r\ndisplay: block;\r\n}\r\n}\r\n@media screen and (max-width: 767px) {\r\n.gbcar69f5c81be4ae7 {\r\ndisplay: block;\r\n}\r\n}\r\n<\/style>\r\n","protected":false},"excerpt":{"rendered":"<p>O Minist\u00e9rio P\u00fablico de Minas Gerais e a Pol\u00edcia Civil de Minas Gerais realizaram nesta sexta-feira, 20 de agosto, opera\u00e7\u00e3o para desarticular uma das maiores organiza\u00e7\u00f5es criminosas especializada em tr\u00e1fico de drogas, tr\u00e1fico de armas, homic\u00eddios e lavagem de capitais<\/p>\n<p class=\"link-more\"><a class=\"more-link\" href=\"https:\/\/marcelolopes.jor.br\/site\/2021\/08\/20\/operacao-zona-da-mata-desarticula-organizacao-criminosa\/\">Leia mais <span class=\"screen-reader-text\">Opera\u00e7\u00e3o Zona da Mata desarticula organiza\u00e7\u00e3o criminosa<\/span><\/a><\/p>\n","protected":false},"author":2,"featured_media":26283,"comment_status":"open","ping_status":"open","sticky":false,"template":"","format":"standard","meta":{"footnotes":""},"categories":[1],"tags":[1201,3880,4558,75,864],"class_list":["post-26279","post","type-post","status-publish","format-standard","has-post-thumbnail","hentry","category-noticias","tag-mpmg","tag-operacao-conjunta","tag-petropolis","tag-policia-civil","tag-zona-da-mata","thumb-below-title"],"yoast_head":"<!-- This site is optimized with the Yoast SEO plugin v27.4 - https:\/\/yoast.com\/product\/yoast-seo-wordpress\/ -->\n<title>Opera\u00e7\u00e3o Zona da Mata desarticula organiza\u00e7\u00e3o criminosa | Marcelo Lopes<\/title>\n<meta name=\"robots\" content=\"index, follow, max-snippet:-1, max-image-preview:large, max-video-preview:-1\" \/>\n<link rel=\"canonical\" href=\"https:\/\/marcelolopes.jor.br\/site\/2021\/08\/20\/operacao-zona-da-mata-desarticula-organizacao-criminosa\/\" \/>\n<meta property=\"og:locale\" content=\"pt_BR\" \/>\n<meta property=\"og:type\" content=\"article\" \/>\n<meta property=\"og:title\" content=\"Opera\u00e7\u00e3o Zona da Mata desarticula organiza\u00e7\u00e3o criminosa | Marcelo Lopes\" \/>\n<meta property=\"og:description\" content=\"O Minist\u00e9rio P\u00fablico de Minas Gerais e a Pol\u00edcia Civil de Minas Gerais realizaram nesta sexta-feira, 20 de agosto, opera\u00e7\u00e3o para desarticular uma das maiores organiza\u00e7\u00f5es criminosas especializada em tr\u00e1fico de drogas, tr\u00e1fico de armas, homic\u00eddios e lavagem de capitaisLeia mais Opera\u00e7\u00e3o Zona da Mata desarticula organiza\u00e7\u00e3o criminosa\" \/>\n<meta property=\"og:url\" content=\"https:\/\/marcelolopes.jor.br\/site\/2021\/08\/20\/operacao-zona-da-mata-desarticula-organizacao-criminosa\/\" \/>\n<meta property=\"og:site_name\" content=\"Marcelo Lopes\" \/>\n<meta property=\"article:publisher\" content=\"https:\/\/www.facebook.com\/sitedomarcelolopes\" \/>\n<meta property=\"article:published_time\" content=\"2021-08-20T23:00:42+00:00\" \/>\n<meta property=\"og:image\" content=\"https:\/\/marcelolopes.jor.br\/site\/wp-content\/uploads\/2021\/08\/laborat\u00f3rio.jpg\" \/>\n\t<meta property=\"og:image:width\" content=\"800\" \/>\n\t<meta property=\"og:image:height\" content=\"530\" \/>\n\t<meta property=\"og:image:type\" content=\"image\/jpeg\" \/>\n<meta name=\"author\" content=\"Marcelo Lopes\" \/>\n<meta name=\"twitter:card\" content=\"summary_large_image\" \/>\n<meta name=\"twitter:label1\" content=\"Escrito por\" \/>\n\t<meta name=\"twitter:data1\" content=\"Marcelo Lopes\" \/>\n\t<meta name=\"twitter:label2\" content=\"Est. tempo de leitura\" \/>\n\t<meta name=\"twitter:data2\" content=\"2 minutos\" \/>\n<script type=\"application\/ld+json\" class=\"yoast-schema-graph\">{\"@context\":\"https:\\\/\\\/schema.org\",\"@graph\":[{\"@type\":\"NewsArticle\",\"@id\":\"https:\\\/\\\/marcelolopes.jor.br\\\/site\\\/2021\\\/08\\\/20\\\/operacao-zona-da-mata-desarticula-organizacao-criminosa\\\/#article\",\"isPartOf\":{\"@id\":\"https:\\\/\\\/marcelolopes.jor.br\\\/site\\\/2021\\\/08\\\/20\\\/operacao-zona-da-mata-desarticula-organizacao-criminosa\\\/\"},\"author\":{\"name\":\"Marcelo Lopes\",\"@id\":\"https:\\\/\\\/marcelolopes.jor.br\\\/site\\\/#\\\/schema\\\/person\\\/3e7216a35c34d8fdf952b31da3d1f89f\"},\"headline\":\"Opera\u00e7\u00e3o Zona da Mata desarticula organiza\u00e7\u00e3o criminosa\",\"datePublished\":\"2021-08-20T23:00:42+00:00\",\"mainEntityOfPage\":{\"@id\":\"https:\\\/\\\/marcelolopes.jor.br\\\/site\\\/2021\\\/08\\\/20\\\/operacao-zona-da-mata-desarticula-organizacao-criminosa\\\/\"},\"wordCount\":315,\"commentCount\":0,\"publisher\":{\"@id\":\"https:\\\/\\\/marcelolopes.jor.br\\\/site\\\/#organization\"},\"image\":{\"@id\":\"https:\\\/\\\/marcelolopes.jor.br\\\/site\\\/2021\\\/08\\\/20\\\/operacao-zona-da-mata-desarticula-organizacao-criminosa\\\/#primaryimage\"},\"thumbnailUrl\":\"https:\\\/\\\/marcelolopes.jor.br\\\/site\\\/wp-content\\\/uploads\\\/2021\\\/08\\\/laborat\u00f3rio.jpg\",\"keywords\":[\"MPMG\",\"opera\u00e7\u00e3o conjunta\",\"Petr\u00f3polis\",\"pol\u00edcia civil\",\"Zona da Mata\"],\"articleSection\":[\"Not\u00edcias\"],\"inLanguage\":\"pt-BR\",\"potentialAction\":[{\"@type\":\"CommentAction\",\"name\":\"Comment\",\"target\":[\"https:\\\/\\\/marcelolopes.jor.br\\\/site\\\/2021\\\/08\\\/20\\\/operacao-zona-da-mata-desarticula-organizacao-criminosa\\\/#respond\"]}]},{\"@type\":\"WebPage\",\"@id\":\"https:\\\/\\\/marcelolopes.jor.br\\\/site\\\/2021\\\/08\\\/20\\\/operacao-zona-da-mata-desarticula-organizacao-criminosa\\\/\",\"url\":\"https:\\\/\\\/marcelolopes.jor.br\\\/site\\\/2021\\\/08\\\/20\\\/operacao-zona-da-mata-desarticula-organizacao-criminosa\\\/\",\"name\":\"Opera\u00e7\u00e3o Zona da Mata desarticula organiza\u00e7\u00e3o criminosa | Marcelo Lopes\",\"isPartOf\":{\"@id\":\"https:\\\/\\\/marcelolopes.jor.br\\\/site\\\/#website\"},\"primaryImageOfPage\":{\"@id\":\"https:\\\/\\\/marcelolopes.jor.br\\\/site\\\/2021\\\/08\\\/20\\\/operacao-zona-da-mata-desarticula-organizacao-criminosa\\\/#primaryimage\"},\"image\":{\"@id\":\"https:\\\/\\\/marcelolopes.jor.br\\\/site\\\/2021\\\/08\\\/20\\\/operacao-zona-da-mata-desarticula-organizacao-criminosa\\\/#primaryimage\"},\"thumbnailUrl\":\"https:\\\/\\\/marcelolopes.jor.br\\\/site\\\/wp-content\\\/uploads\\\/2021\\\/08\\\/laborat\u00f3rio.jpg\",\"datePublished\":\"2021-08-20T23:00:42+00:00\",\"breadcrumb\":{\"@id\":\"https:\\\/\\\/marcelolopes.jor.br\\\/site\\\/2021\\\/08\\\/20\\\/operacao-zona-da-mata-desarticula-organizacao-criminosa\\\/#breadcrumb\"},\"inLanguage\":\"pt-BR\",\"potentialAction\":[{\"@type\":\"ReadAction\",\"target\":[\"https:\\\/\\\/marcelolopes.jor.br\\\/site\\\/2021\\\/08\\\/20\\\/operacao-zona-da-mata-desarticula-organizacao-criminosa\\\/\"]}]},{\"@type\":\"ImageObject\",\"inLanguage\":\"pt-BR\",\"@id\":\"https:\\\/\\\/marcelolopes.jor.br\\\/site\\\/2021\\\/08\\\/20\\\/operacao-zona-da-mata-desarticula-organizacao-criminosa\\\/#primaryimage\",\"url\":\"https:\\\/\\\/marcelolopes.jor.br\\\/site\\\/wp-content\\\/uploads\\\/2021\\\/08\\\/laborat\u00f3rio.jpg\",\"contentUrl\":\"https:\\\/\\\/marcelolopes.jor.br\\\/site\\\/wp-content\\\/uploads\\\/2021\\\/08\\\/laborat\u00f3rio.jpg\",\"width\":800,\"height\":530},{\"@type\":\"BreadcrumbList\",\"@id\":\"https:\\\/\\\/marcelolopes.jor.br\\\/site\\\/2021\\\/08\\\/20\\\/operacao-zona-da-mata-desarticula-organizacao-criminosa\\\/#breadcrumb\",\"itemListElement\":[{\"@type\":\"ListItem\",\"position\":1,\"name\":\"Home\",\"item\":\"https:\\\/\\\/marcelolopes.jor.br\\\/site\\\/\"},{\"@type\":\"ListItem\",\"position\":2,\"name\":\"Opera\u00e7\u00e3o Zona da Mata desarticula organiza\u00e7\u00e3o criminosa\"}]},{\"@type\":\"WebSite\",\"@id\":\"https:\\\/\\\/marcelolopes.jor.br\\\/site\\\/#website\",\"url\":\"https:\\\/\\\/marcelolopes.jor.br\\\/site\\\/\",\"name\":\"Marcelo Lopes\",\"description\":\"Not\u00edcias de Cataguases e Regi\u00e3o\",\"publisher\":{\"@id\":\"https:\\\/\\\/marcelolopes.jor.br\\\/site\\\/#organization\"},\"potentialAction\":[{\"@type\":\"SearchAction\",\"target\":{\"@type\":\"EntryPoint\",\"urlTemplate\":\"https:\\\/\\\/marcelolopes.jor.br\\\/site\\\/?s={search_term_string}\"},\"query-input\":{\"@type\":\"PropertyValueSpecification\",\"valueRequired\":true,\"valueName\":\"search_term_string\"}}],\"inLanguage\":\"pt-BR\"},{\"@type\":\"Organization\",\"@id\":\"https:\\\/\\\/marcelolopes.jor.br\\\/site\\\/#organization\",\"name\":\"Site do Marcelo Lopes\",\"url\":\"https:\\\/\\\/marcelolopes.jor.br\\\/site\\\/\",\"logo\":{\"@type\":\"ImageObject\",\"inLanguage\":\"pt-BR\",\"@id\":\"https:\\\/\\\/marcelolopes.jor.br\\\/site\\\/#\\\/schema\\\/logo\\\/image\\\/\",\"url\":\"https:\\\/\\\/marcelolopes.jor.br\\\/site\\\/wp-content\\\/uploads\\\/2024\\\/11\\\/logo-1.png\",\"contentUrl\":\"https:\\\/\\\/marcelolopes.jor.br\\\/site\\\/wp-content\\\/uploads\\\/2024\\\/11\\\/logo-1.png\",\"width\":475,\"height\":80,\"caption\":\"Site do Marcelo Lopes\"},\"image\":{\"@id\":\"https:\\\/\\\/marcelolopes.jor.br\\\/site\\\/#\\\/schema\\\/logo\\\/image\\\/\"},\"sameAs\":[\"https:\\\/\\\/www.facebook.com\\\/sitedomarcelolopes\",\"https:\\\/\\\/www.instagram.com\\\/sitedomarcelolopes\\\/\",\"https:\\\/\\\/www.linkedin.com\\\/company\\\/site-do-marcelo-lopes\\\/\",\"https:\\\/\\\/www.youtube.com\\\/user\\\/marcelolopes957\"]},{\"@type\":\"Person\",\"@id\":\"https:\\\/\\\/marcelolopes.jor.br\\\/site\\\/#\\\/schema\\\/person\\\/3e7216a35c34d8fdf952b31da3d1f89f\",\"name\":\"Marcelo Lopes\",\"sameAs\":[\"http:\\\/\\\/www.marcelolopes.jor.br\"],\"url\":\"https:\\\/\\\/marcelolopes.jor.br\\\/site\\\/author\\\/marcelo\\\/\"}]}<\/script>\n<!-- \/ Yoast SEO plugin. -->","yoast_head_json":{"title":"Opera\u00e7\u00e3o Zona da Mata desarticula organiza\u00e7\u00e3o criminosa | Marcelo Lopes","robots":{"index":"index","follow":"follow","max-snippet":"max-snippet:-1","max-image-preview":"max-image-preview:large","max-video-preview":"max-video-preview:-1"},"canonical":"https:\/\/marcelolopes.jor.br\/site\/2021\/08\/20\/operacao-zona-da-mata-desarticula-organizacao-criminosa\/","og_locale":"pt_BR","og_type":"article","og_title":"Opera\u00e7\u00e3o Zona da Mata desarticula organiza\u00e7\u00e3o criminosa | Marcelo Lopes","og_description":"O Minist\u00e9rio P\u00fablico de Minas Gerais e a Pol\u00edcia Civil de Minas Gerais realizaram nesta sexta-feira, 20 de agosto, opera\u00e7\u00e3o para desarticular uma das maiores organiza\u00e7\u00f5es criminosas especializada em tr\u00e1fico de drogas, tr\u00e1fico de armas, homic\u00eddios e lavagem de capitaisLeia mais Opera\u00e7\u00e3o Zona da Mata desarticula organiza\u00e7\u00e3o criminosa","og_url":"https:\/\/marcelolopes.jor.br\/site\/2021\/08\/20\/operacao-zona-da-mata-desarticula-organizacao-criminosa\/","og_site_name":"Marcelo Lopes","article_publisher":"https:\/\/www.facebook.com\/sitedomarcelolopes","article_published_time":"2021-08-20T23:00:42+00:00","og_image":[{"width":800,"height":530,"url":"https:\/\/marcelolopes.jor.br\/site\/wp-content\/uploads\/2021\/08\/laborat\u00f3rio.jpg","type":"image\/jpeg"}],"author":"Marcelo Lopes","twitter_card":"summary_large_image","twitter_misc":{"Escrito por":"Marcelo Lopes","Est. tempo de leitura":"2 minutos"},"schema":{"@context":"https:\/\/schema.org","@graph":[{"@type":"NewsArticle","@id":"https:\/\/marcelolopes.jor.br\/site\/2021\/08\/20\/operacao-zona-da-mata-desarticula-organizacao-criminosa\/#article","isPartOf":{"@id":"https:\/\/marcelolopes.jor.br\/site\/2021\/08\/20\/operacao-zona-da-mata-desarticula-organizacao-criminosa\/"},"author":{"name":"Marcelo Lopes","@id":"https:\/\/marcelolopes.jor.br\/site\/#\/schema\/person\/3e7216a35c34d8fdf952b31da3d1f89f"},"headline":"Opera\u00e7\u00e3o Zona da Mata desarticula organiza\u00e7\u00e3o criminosa","datePublished":"2021-08-20T23:00:42+00:00","mainEntityOfPage":{"@id":"https:\/\/marcelolopes.jor.br\/site\/2021\/08\/20\/operacao-zona-da-mata-desarticula-organizacao-criminosa\/"},"wordCount":315,"commentCount":0,"publisher":{"@id":"https:\/\/marcelolopes.jor.br\/site\/#organization"},"image":{"@id":"https:\/\/marcelolopes.jor.br\/site\/2021\/08\/20\/operacao-zona-da-mata-desarticula-organizacao-criminosa\/#primaryimage"},"thumbnailUrl":"https:\/\/marcelolopes.jor.br\/site\/wp-content\/uploads\/2021\/08\/laborat\u00f3rio.jpg","keywords":["MPMG","opera\u00e7\u00e3o conjunta","Petr\u00f3polis","pol\u00edcia civil","Zona da Mata"],"articleSection":["Not\u00edcias"],"inLanguage":"pt-BR","potentialAction":[{"@type":"CommentAction","name":"Comment","target":["https:\/\/marcelolopes.jor.br\/site\/2021\/08\/20\/operacao-zona-da-mata-desarticula-organizacao-criminosa\/#respond"]}]},{"@type":"WebPage","@id":"https:\/\/marcelolopes.jor.br\/site\/2021\/08\/20\/operacao-zona-da-mata-desarticula-organizacao-criminosa\/","url":"https:\/\/marcelolopes.jor.br\/site\/2021\/08\/20\/operacao-zona-da-mata-desarticula-organizacao-criminosa\/","name":"Opera\u00e7\u00e3o Zona da Mata desarticula organiza\u00e7\u00e3o criminosa | Marcelo Lopes","isPartOf":{"@id":"https:\/\/marcelolopes.jor.br\/site\/#website"},"primaryImageOfPage":{"@id":"https:\/\/marcelolopes.jor.br\/site\/2021\/08\/20\/operacao-zona-da-mata-desarticula-organizacao-criminosa\/#primaryimage"},"image":{"@id":"https:\/\/marcelolopes.jor.br\/site\/2021\/08\/20\/operacao-zona-da-mata-desarticula-organizacao-criminosa\/#primaryimage"},"thumbnailUrl":"https:\/\/marcelolopes.jor.br\/site\/wp-content\/uploads\/2021\/08\/laborat\u00f3rio.jpg","datePublished":"2021-08-20T23:00:42+00:00","breadcrumb":{"@id":"https:\/\/marcelolopes.jor.br\/site\/2021\/08\/20\/operacao-zona-da-mata-desarticula-organizacao-criminosa\/#breadcrumb"},"inLanguage":"pt-BR","potentialAction":[{"@type":"ReadAction","target":["https:\/\/marcelolopes.jor.br\/site\/2021\/08\/20\/operacao-zona-da-mata-desarticula-organizacao-criminosa\/"]}]},{"@type":"ImageObject","inLanguage":"pt-BR","@id":"https:\/\/marcelolopes.jor.br\/site\/2021\/08\/20\/operacao-zona-da-mata-desarticula-organizacao-criminosa\/#primaryimage","url":"https:\/\/marcelolopes.jor.br\/site\/wp-content\/uploads\/2021\/08\/laborat\u00f3rio.jpg","contentUrl":"https:\/\/marcelolopes.jor.br\/site\/wp-content\/uploads\/2021\/08\/laborat\u00f3rio.jpg","width":800,"height":530},{"@type":"BreadcrumbList","@id":"https:\/\/marcelolopes.jor.br\/site\/2021\/08\/20\/operacao-zona-da-mata-desarticula-organizacao-criminosa\/#breadcrumb","itemListElement":[{"@type":"ListItem","position":1,"name":"Home","item":"https:\/\/marcelolopes.jor.br\/site\/"},{"@type":"ListItem","position":2,"name":"Opera\u00e7\u00e3o Zona da Mata desarticula organiza\u00e7\u00e3o criminosa"}]},{"@type":"WebSite","@id":"https:\/\/marcelolopes.jor.br\/site\/#website","url":"https:\/\/marcelolopes.jor.br\/site\/","name":"Marcelo Lopes","description":"Not\u00edcias de Cataguases e Regi\u00e3o","publisher":{"@id":"https:\/\/marcelolopes.jor.br\/site\/#organization"},"potentialAction":[{"@type":"SearchAction","target":{"@type":"EntryPoint","urlTemplate":"https:\/\/marcelolopes.jor.br\/site\/?s={search_term_string}"},"query-input":{"@type":"PropertyValueSpecification","valueRequired":true,"valueName":"search_term_string"}}],"inLanguage":"pt-BR"},{"@type":"Organization","@id":"https:\/\/marcelolopes.jor.br\/site\/#organization","name":"Site do Marcelo Lopes","url":"https:\/\/marcelolopes.jor.br\/site\/","logo":{"@type":"ImageObject","inLanguage":"pt-BR","@id":"https:\/\/marcelolopes.jor.br\/site\/#\/schema\/logo\/image\/","url":"https:\/\/marcelolopes.jor.br\/site\/wp-content\/uploads\/2024\/11\/logo-1.png","contentUrl":"https:\/\/marcelolopes.jor.br\/site\/wp-content\/uploads\/2024\/11\/logo-1.png","width":475,"height":80,"caption":"Site do Marcelo Lopes"},"image":{"@id":"https:\/\/marcelolopes.jor.br\/site\/#\/schema\/logo\/image\/"},"sameAs":["https:\/\/www.facebook.com\/sitedomarcelolopes","https:\/\/www.instagram.com\/sitedomarcelolopes\/","https:\/\/www.linkedin.com\/company\/site-do-marcelo-lopes\/","https:\/\/www.youtube.com\/user\/marcelolopes957"]},{"@type":"Person","@id":"https:\/\/marcelolopes.jor.br\/site\/#\/schema\/person\/3e7216a35c34d8fdf952b31da3d1f89f","name":"Marcelo Lopes","sameAs":["http:\/\/www.marcelolopes.jor.br"],"url":"https:\/\/marcelolopes.jor.br\/site\/author\/marcelo\/"}]}},"wps_subtitle":"Bando era especializado no tr\u00e1fico de drogas, armas e lavagem de dinheiro.","_links":{"self":[{"href":"https:\/\/marcelolopes.jor.br\/site\/wp-json\/wp\/v2\/posts\/26279","targetHints":{"allow":["GET"]}}],"collection":[{"href":"https:\/\/marcelolopes.jor.br\/site\/wp-json\/wp\/v2\/posts"}],"about":[{"href":"https:\/\/marcelolopes.jor.br\/site\/wp-json\/wp\/v2\/types\/post"}],"author":[{"embeddable":true,"href":"https:\/\/marcelolopes.jor.br\/site\/wp-json\/wp\/v2\/users\/2"}],"replies":[{"embeddable":true,"href":"https:\/\/marcelolopes.jor.br\/site\/wp-json\/wp\/v2\/comments?post=26279"}],"version-history":[{"count":0,"href":"https:\/\/marcelolopes.jor.br\/site\/wp-json\/wp\/v2\/posts\/26279\/revisions"}],"wp:featuredmedia":[{"embeddable":true,"href":"https:\/\/marcelolopes.jor.br\/site\/wp-json\/wp\/v2\/media\/26283"}],"wp:attachment":[{"href":"https:\/\/marcelolopes.jor.br\/site\/wp-json\/wp\/v2\/media?parent=26279"}],"wp:term":[{"taxonomy":"category","embeddable":true,"href":"https:\/\/marcelolopes.jor.br\/site\/wp-json\/wp\/v2\/categories?post=26279"},{"taxonomy":"post_tag","embeddable":true,"href":"https:\/\/marcelolopes.jor.br\/site\/wp-json\/wp\/v2\/tags?post=26279"}],"curies":[{"name":"wp","href":"https:\/\/api.w.org\/{rel}","templated":true}]}}