{"id":2624,"date":"2019-06-22T21:15:16","date_gmt":"2019-06-23T00:15:16","guid":{"rendered":"https:\/\/marcelolopes.jor.br\/?p=2624"},"modified":"2019-06-22T21:12:48","modified_gmt":"2019-06-23T00:12:48","slug":"carro-invade-calcada-e-quase-cai-sobre-residencia-no-bairro-haidee","status":"publish","type":"post","link":"https:\/\/marcelolopes.jor.br\/site\/2019\/06\/22\/carro-invade-calcada-e-quase-cai-sobre-residencia-no-bairro-haidee\/","title":{"rendered":"Carro invade cal\u00e7ada e quase cai sobre resid\u00eancia no Bairro Haid\u00e9e"},"content":{"rendered":"<p style=\"text-align: justify;\">Pouco depois das 18 horas deste s\u00e1bado, 22 de junho, o motorista de um Volkswagen Gol que subia pela Rua Itaqui, no alto do Bairro Haid\u00e9e, em Cataguases, ao cruzar com outro ve\u00edculo que vinha em sentido contr\u00e1rio na curva fechada que sobe para a Rua Itapo\u00e3, invadiu a cal\u00e7ada e quase caiu sobre o telhado de uma resid\u00eancia a poucos metros de onde parou.<!--more--><\/p>\n<p style=\"text-align: justify;\">O condutor do ve\u00edculo, um homem de 60 anos de idade, n\u00e3o acionou a Pol\u00edcia Militar, mas chamou a equipe da Defesa Civil do munic\u00edpio que l\u00e1 compareceu e retirou o VW Gol que ficou com as rodas da frente penduradas o que poderia provocar um acidente de maior propor\u00e7\u00e3o, conforme contou ao Site o funcion\u00e1rio da Defesa Civil e coordenador daquela opera\u00e7\u00e3o, Alexandre Rodrigues, o Tico-Tico.<\/p>\n<p style=\"text-align: justify;\">Al\u00e9m do motorista, o filho dele, de 15 anos, estava no ve\u00edculo, mas nenhum dos dois se feriu e a opera\u00e7\u00e3o foi conclu\u00edda com sucesso pela Defesa Civil. Uma avalia\u00e7\u00e3o preliminar no autom\u00f3vel constatou que ele n\u00e3o sofreu danos.<\/p>\n<p><img loading=\"lazy\" decoding=\"async\" class=\"aligncenter wp-image-2627 size-full\" src=\"https:\/\/marcelolopes.jor.br\/site\/wp-content\/uploads\/2019\/06\/WhatsApp-Image-19-06-22-at-20.12.41.jpeg\" alt=\"\" width=\"585\" height=\"374\" srcset=\"https:\/\/marcelolopes.jor.br\/site\/wp-content\/uploads\/2019\/06\/WhatsApp-Image-19-06-22-at-20.12.41.jpeg 585w, https:\/\/marcelolopes.jor.br\/site\/wp-content\/uploads\/2019\/06\/WhatsApp-Image-19-06-22-at-20.12.41-300x192.jpeg 300w\" sizes=\"auto, (max-width: 585px) 100vw, 585px\" \/><\/p>\n<p><em>Fotos cedidas pela Defesa Civil<\/em><\/p>\n<div class=\"grkob69f77223ad732\" ><br><\/div><style type=\"text\/css\">\r\n@media screen and (min-width: 1201px) {\r\n.grkob69f77223ad732 {\r\ndisplay: block;\r\n}\r\n}\r\n@media screen and (min-width: 993px) and (max-width: 1200px) {\r\n.grkob69f77223ad732 {\r\ndisplay: block;\r\n}\r\n}\r\n@media screen and (min-width: 769px) and (max-width: 992px) {\r\n.grkob69f77223ad732 {\r\ndisplay: block;\r\n}\r\n}\r\n@media screen and (min-width: 768px) and (max-width: 768px) {\r\n.grkob69f77223ad732 {\r\ndisplay: block;\r\n}\r\n}\r\n@media screen and (max-width: 767px) {\r\n.grkob69f77223ad732 {\r\ndisplay: block;\r\n}\r\n}\r\n<\/style>\r\n<div class=\"jqxvy69f77223b2cc9\" ><div id=\"div_destino\"><\/div>\r\n<script src=\"https:\/\/cdn.snsrsv.com\/sdk.js\"><\/script>\r\n<script >\r\n      new sdk(\"464030C30061EA8BE065000000000001\") \r\n          .appendTo(\"div_destino\")\r\n          .disableStyle(true) \r\n          .setCacheBusterMacro(\"%%CACHEBUSTER%%\")\r\n          .setSize(\"800\",\"214\")\r\n          .setClickMacro(\"%%CLICK_URL_ESC%%\") \r\n          .setReferrerUrlMacro(\"%%REFERRER_URL_ESC%%\") \r\n          .start(); \r\n<\/script><\/div><style type=\"text\/css\">\r\n@media screen and (min-width: 1201px) {\r\n.jqxvy69f77223b2cc9 {\r\ndisplay: block;\r\n}\r\n}\r\n@media screen and (min-width: 993px) and (max-width: 1200px) {\r\n.jqxvy69f77223b2cc9 {\r\ndisplay: block;\r\n}\r\n}\r\n@media screen and (min-width: 769px) and (max-width: 992px) {\r\n.jqxvy69f77223b2cc9 {\r\ndisplay: block;\r\n}\r\n}\r\n@media screen and (min-width: 768px) and (max-width: 768px) {\r\n.jqxvy69f77223b2cc9 {\r\ndisplay: block;\r\n}\r\n}\r\n@media screen and (max-width: 767px) {\r\n.jqxvy69f77223b2cc9 {\r\ndisplay: block;\r\n}\r\n}\r\n<\/style>\r\n","protected":false},"excerpt":{"rendered":"<p>Pouco depois das 18 horas deste s\u00e1bado, 22 de junho, o motorista de um Volkswagen Gol que subia pela Rua Itaqui, no alto do Bairro Haid\u00e9e, em Cataguases, ao cruzar com outro ve\u00edculo que vinha em sentido contr\u00e1rio na curva<\/p>\n<p class=\"link-more\"><a class=\"more-link\" href=\"https:\/\/marcelolopes.jor.br\/site\/2019\/06\/22\/carro-invade-calcada-e-quase-cai-sobre-residencia-no-bairro-haidee\/\">Leia mais <span class=\"screen-reader-text\">Carro invade cal\u00e7ada e quase cai sobre resid\u00eancia no Bairro Haid\u00e9e<\/span><\/a><\/p>\n","protected":false},"author":2,"featured_media":2626,"comment_status":"open","ping_status":"open","sticky":false,"template":"","format":"standard","meta":{"footnotes":""},"categories":[1],"tags":[603,328,605,604],"class_list":["post-2624","post","type-post","status-publish","format-standard","has-post-thumbnail","hentry","category-noticias","tag-bairro-haidee","tag-carro","tag-defeito","tag-incidente","thumb-below-title"],"yoast_head":"<!-- This site is optimized with the Yoast SEO plugin v27.4 - https:\/\/yoast.com\/product\/yoast-seo-wordpress\/ -->\n<title>Carro invade cal\u00e7ada e quase cai sobre resid\u00eancia no Bairro Haid\u00e9e | Marcelo Lopes<\/title>\n<meta name=\"robots\" content=\"index, follow, max-snippet:-1, max-image-preview:large, max-video-preview:-1\" \/>\n<link rel=\"canonical\" href=\"https:\/\/marcelolopes.jor.br\/site\/2019\/06\/22\/carro-invade-calcada-e-quase-cai-sobre-residencia-no-bairro-haidee\/\" \/>\n<meta property=\"og:locale\" content=\"pt_BR\" \/>\n<meta property=\"og:type\" content=\"article\" \/>\n<meta property=\"og:title\" content=\"Carro invade cal\u00e7ada e quase cai sobre resid\u00eancia no Bairro Haid\u00e9e | Marcelo Lopes\" \/>\n<meta property=\"og:description\" content=\"Pouco depois das 18 horas deste s\u00e1bado, 22 de junho, o motorista de um Volkswagen Gol que subia pela Rua Itaqui, no alto do Bairro Haid\u00e9e, em Cataguases, ao cruzar com outro ve\u00edculo que vinha em sentido contr\u00e1rio na curvaLeia mais Carro invade cal\u00e7ada e quase cai sobre resid\u00eancia no Bairro Haid\u00e9e\" \/>\n<meta property=\"og:url\" content=\"https:\/\/marcelolopes.jor.br\/site\/2019\/06\/22\/carro-invade-calcada-e-quase-cai-sobre-residencia-no-bairro-haidee\/\" \/>\n<meta property=\"og:site_name\" content=\"Marcelo Lopes\" \/>\n<meta property=\"article:publisher\" content=\"https:\/\/www.facebook.com\/sitedomarcelolopes\" \/>\n<meta property=\"article:published_time\" content=\"2019-06-23T00:15:16+00:00\" \/>\n<meta property=\"og:image\" content=\"https:\/\/marcelolopes.jor.br\/site\/wp-content\/uploads\/2019\/06\/WhatsApp-Image-2019-06-22-at-20.12.40.jpeg\" \/>\n\t<meta property=\"og:image:width\" content=\"795\" \/>\n\t<meta property=\"og:image:height\" content=\"560\" \/>\n\t<meta property=\"og:image:type\" content=\"image\/jpeg\" \/>\n<meta name=\"author\" content=\"Marcelo Lopes\" \/>\n<meta name=\"twitter:card\" content=\"summary_large_image\" \/>\n<meta name=\"twitter:label1\" content=\"Escrito por\" \/>\n\t<meta name=\"twitter:data1\" content=\"Marcelo Lopes\" \/>\n\t<meta name=\"twitter:label2\" content=\"Est. tempo de leitura\" \/>\n\t<meta name=\"twitter:data2\" content=\"1 minuto\" \/>\n<script type=\"application\/ld+json\" class=\"yoast-schema-graph\">{\"@context\":\"https:\\\/\\\/schema.org\",\"@graph\":[{\"@type\":\"NewsArticle\",\"@id\":\"https:\\\/\\\/marcelolopes.jor.br\\\/site\\\/2019\\\/06\\\/22\\\/carro-invade-calcada-e-quase-cai-sobre-residencia-no-bairro-haidee\\\/#article\",\"isPartOf\":{\"@id\":\"https:\\\/\\\/marcelolopes.jor.br\\\/site\\\/2019\\\/06\\\/22\\\/carro-invade-calcada-e-quase-cai-sobre-residencia-no-bairro-haidee\\\/\"},\"author\":{\"name\":\"Marcelo Lopes\",\"@id\":\"https:\\\/\\\/marcelolopes.jor.br\\\/site\\\/#\\\/schema\\\/person\\\/3e7216a35c34d8fdf952b31da3d1f89f\"},\"headline\":\"Carro invade cal\u00e7ada e quase cai sobre resid\u00eancia no Bairro Haid\u00e9e\",\"datePublished\":\"2019-06-23T00:15:16+00:00\",\"mainEntityOfPage\":{\"@id\":\"https:\\\/\\\/marcelolopes.jor.br\\\/site\\\/2019\\\/06\\\/22\\\/carro-invade-calcada-e-quase-cai-sobre-residencia-no-bairro-haidee\\\/\"},\"wordCount\":206,\"commentCount\":0,\"publisher\":{\"@id\":\"https:\\\/\\\/marcelolopes.jor.br\\\/site\\\/#organization\"},\"image\":{\"@id\":\"https:\\\/\\\/marcelolopes.jor.br\\\/site\\\/2019\\\/06\\\/22\\\/carro-invade-calcada-e-quase-cai-sobre-residencia-no-bairro-haidee\\\/#primaryimage\"},\"thumbnailUrl\":\"https:\\\/\\\/marcelolopes.jor.br\\\/site\\\/wp-content\\\/uploads\\\/2019\\\/06\\\/WhatsApp-Image-2019-06-22-at-20.12.40.jpeg\",\"keywords\":[\"Bairro Haidee\",\"carro\",\"defeito\",\"incidente\"],\"articleSection\":[\"Not\u00edcias\"],\"inLanguage\":\"pt-BR\",\"potentialAction\":[{\"@type\":\"CommentAction\",\"name\":\"Comment\",\"target\":[\"https:\\\/\\\/marcelolopes.jor.br\\\/site\\\/2019\\\/06\\\/22\\\/carro-invade-calcada-e-quase-cai-sobre-residencia-no-bairro-haidee\\\/#respond\"]}]},{\"@type\":\"WebPage\",\"@id\":\"https:\\\/\\\/marcelolopes.jor.br\\\/site\\\/2019\\\/06\\\/22\\\/carro-invade-calcada-e-quase-cai-sobre-residencia-no-bairro-haidee\\\/\",\"url\":\"https:\\\/\\\/marcelolopes.jor.br\\\/site\\\/2019\\\/06\\\/22\\\/carro-invade-calcada-e-quase-cai-sobre-residencia-no-bairro-haidee\\\/\",\"name\":\"Carro invade cal\u00e7ada e quase cai sobre resid\u00eancia no Bairro Haid\u00e9e | Marcelo Lopes\",\"isPartOf\":{\"@id\":\"https:\\\/\\\/marcelolopes.jor.br\\\/site\\\/#website\"},\"primaryImageOfPage\":{\"@id\":\"https:\\\/\\\/marcelolopes.jor.br\\\/site\\\/2019\\\/06\\\/22\\\/carro-invade-calcada-e-quase-cai-sobre-residencia-no-bairro-haidee\\\/#primaryimage\"},\"image\":{\"@id\":\"https:\\\/\\\/marcelolopes.jor.br\\\/site\\\/2019\\\/06\\\/22\\\/carro-invade-calcada-e-quase-cai-sobre-residencia-no-bairro-haidee\\\/#primaryimage\"},\"thumbnailUrl\":\"https:\\\/\\\/marcelolopes.jor.br\\\/site\\\/wp-content\\\/uploads\\\/2019\\\/06\\\/WhatsApp-Image-2019-06-22-at-20.12.40.jpeg\",\"datePublished\":\"2019-06-23T00:15:16+00:00\",\"breadcrumb\":{\"@id\":\"https:\\\/\\\/marcelolopes.jor.br\\\/site\\\/2019\\\/06\\\/22\\\/carro-invade-calcada-e-quase-cai-sobre-residencia-no-bairro-haidee\\\/#breadcrumb\"},\"inLanguage\":\"pt-BR\",\"potentialAction\":[{\"@type\":\"ReadAction\",\"target\":[\"https:\\\/\\\/marcelolopes.jor.br\\\/site\\\/2019\\\/06\\\/22\\\/carro-invade-calcada-e-quase-cai-sobre-residencia-no-bairro-haidee\\\/\"]}]},{\"@type\":\"ImageObject\",\"inLanguage\":\"pt-BR\",\"@id\":\"https:\\\/\\\/marcelolopes.jor.br\\\/site\\\/2019\\\/06\\\/22\\\/carro-invade-calcada-e-quase-cai-sobre-residencia-no-bairro-haidee\\\/#primaryimage\",\"url\":\"https:\\\/\\\/marcelolopes.jor.br\\\/site\\\/wp-content\\\/uploads\\\/2019\\\/06\\\/WhatsApp-Image-2019-06-22-at-20.12.40.jpeg\",\"contentUrl\":\"https:\\\/\\\/marcelolopes.jor.br\\\/site\\\/wp-content\\\/uploads\\\/2019\\\/06\\\/WhatsApp-Image-2019-06-22-at-20.12.40.jpeg\",\"width\":795,\"height\":560},{\"@type\":\"BreadcrumbList\",\"@id\":\"https:\\\/\\\/marcelolopes.jor.br\\\/site\\\/2019\\\/06\\\/22\\\/carro-invade-calcada-e-quase-cai-sobre-residencia-no-bairro-haidee\\\/#breadcrumb\",\"itemListElement\":[{\"@type\":\"ListItem\",\"position\":1,\"name\":\"Home\",\"item\":\"https:\\\/\\\/marcelolopes.jor.br\\\/site\\\/\"},{\"@type\":\"ListItem\",\"position\":2,\"name\":\"Carro invade cal\u00e7ada e quase cai sobre resid\u00eancia no Bairro Haid\u00e9e\"}]},{\"@type\":\"WebSite\",\"@id\":\"https:\\\/\\\/marcelolopes.jor.br\\\/site\\\/#website\",\"url\":\"https:\\\/\\\/marcelolopes.jor.br\\\/site\\\/\",\"name\":\"Marcelo Lopes\",\"description\":\"Not\u00edcias de Cataguases e Regi\u00e3o\",\"publisher\":{\"@id\":\"https:\\\/\\\/marcelolopes.jor.br\\\/site\\\/#organization\"},\"potentialAction\":[{\"@type\":\"SearchAction\",\"target\":{\"@type\":\"EntryPoint\",\"urlTemplate\":\"https:\\\/\\\/marcelolopes.jor.br\\\/site\\\/?s={search_term_string}\"},\"query-input\":{\"@type\":\"PropertyValueSpecification\",\"valueRequired\":true,\"valueName\":\"search_term_string\"}}],\"inLanguage\":\"pt-BR\"},{\"@type\":\"Organization\",\"@id\":\"https:\\\/\\\/marcelolopes.jor.br\\\/site\\\/#organization\",\"name\":\"Site do Marcelo Lopes\",\"url\":\"https:\\\/\\\/marcelolopes.jor.br\\\/site\\\/\",\"logo\":{\"@type\":\"ImageObject\",\"inLanguage\":\"pt-BR\",\"@id\":\"https:\\\/\\\/marcelolopes.jor.br\\\/site\\\/#\\\/schema\\\/logo\\\/image\\\/\",\"url\":\"https:\\\/\\\/marcelolopes.jor.br\\\/site\\\/wp-content\\\/uploads\\\/2024\\\/11\\\/logo-1.png\",\"contentUrl\":\"https:\\\/\\\/marcelolopes.jor.br\\\/site\\\/wp-content\\\/uploads\\\/2024\\\/11\\\/logo-1.png\",\"width\":475,\"height\":80,\"caption\":\"Site do Marcelo Lopes\"},\"image\":{\"@id\":\"https:\\\/\\\/marcelolopes.jor.br\\\/site\\\/#\\\/schema\\\/logo\\\/image\\\/\"},\"sameAs\":[\"https:\\\/\\\/www.facebook.com\\\/sitedomarcelolopes\",\"https:\\\/\\\/www.instagram.com\\\/sitedomarcelolopes\\\/\",\"https:\\\/\\\/www.linkedin.com\\\/company\\\/site-do-marcelo-lopes\\\/\",\"https:\\\/\\\/www.youtube.com\\\/user\\\/marcelolopes957\"]},{\"@type\":\"Person\",\"@id\":\"https:\\\/\\\/marcelolopes.jor.br\\\/site\\\/#\\\/schema\\\/person\\\/3e7216a35c34d8fdf952b31da3d1f89f\",\"name\":\"Marcelo Lopes\",\"sameAs\":[\"http:\\\/\\\/www.marcelolopes.jor.br\"],\"url\":\"https:\\\/\\\/marcelolopes.jor.br\\\/site\\\/author\\\/marcelo\\\/\"}]}<\/script>\n<!-- \/ Yoast SEO plugin. -->","yoast_head_json":{"title":"Carro invade cal\u00e7ada e quase cai sobre resid\u00eancia no Bairro Haid\u00e9e | Marcelo Lopes","robots":{"index":"index","follow":"follow","max-snippet":"max-snippet:-1","max-image-preview":"max-image-preview:large","max-video-preview":"max-video-preview:-1"},"canonical":"https:\/\/marcelolopes.jor.br\/site\/2019\/06\/22\/carro-invade-calcada-e-quase-cai-sobre-residencia-no-bairro-haidee\/","og_locale":"pt_BR","og_type":"article","og_title":"Carro invade cal\u00e7ada e quase cai sobre resid\u00eancia no Bairro Haid\u00e9e | Marcelo Lopes","og_description":"Pouco depois das 18 horas deste s\u00e1bado, 22 de junho, o motorista de um Volkswagen Gol que subia pela Rua Itaqui, no alto do Bairro Haid\u00e9e, em Cataguases, ao cruzar com outro ve\u00edculo que vinha em sentido contr\u00e1rio na curvaLeia mais Carro invade cal\u00e7ada e quase cai sobre resid\u00eancia no Bairro Haid\u00e9e","og_url":"https:\/\/marcelolopes.jor.br\/site\/2019\/06\/22\/carro-invade-calcada-e-quase-cai-sobre-residencia-no-bairro-haidee\/","og_site_name":"Marcelo Lopes","article_publisher":"https:\/\/www.facebook.com\/sitedomarcelolopes","article_published_time":"2019-06-23T00:15:16+00:00","og_image":[{"width":795,"height":560,"url":"https:\/\/marcelolopes.jor.br\/site\/wp-content\/uploads\/2019\/06\/WhatsApp-Image-2019-06-22-at-20.12.40.jpeg","type":"image\/jpeg"}],"author":"Marcelo Lopes","twitter_card":"summary_large_image","twitter_misc":{"Escrito por":"Marcelo Lopes","Est. tempo de leitura":"1 minuto"},"schema":{"@context":"https:\/\/schema.org","@graph":[{"@type":"NewsArticle","@id":"https:\/\/marcelolopes.jor.br\/site\/2019\/06\/22\/carro-invade-calcada-e-quase-cai-sobre-residencia-no-bairro-haidee\/#article","isPartOf":{"@id":"https:\/\/marcelolopes.jor.br\/site\/2019\/06\/22\/carro-invade-calcada-e-quase-cai-sobre-residencia-no-bairro-haidee\/"},"author":{"name":"Marcelo Lopes","@id":"https:\/\/marcelolopes.jor.br\/site\/#\/schema\/person\/3e7216a35c34d8fdf952b31da3d1f89f"},"headline":"Carro invade cal\u00e7ada e quase cai sobre resid\u00eancia no Bairro Haid\u00e9e","datePublished":"2019-06-23T00:15:16+00:00","mainEntityOfPage":{"@id":"https:\/\/marcelolopes.jor.br\/site\/2019\/06\/22\/carro-invade-calcada-e-quase-cai-sobre-residencia-no-bairro-haidee\/"},"wordCount":206,"commentCount":0,"publisher":{"@id":"https:\/\/marcelolopes.jor.br\/site\/#organization"},"image":{"@id":"https:\/\/marcelolopes.jor.br\/site\/2019\/06\/22\/carro-invade-calcada-e-quase-cai-sobre-residencia-no-bairro-haidee\/#primaryimage"},"thumbnailUrl":"https:\/\/marcelolopes.jor.br\/site\/wp-content\/uploads\/2019\/06\/WhatsApp-Image-2019-06-22-at-20.12.40.jpeg","keywords":["Bairro Haidee","carro","defeito","incidente"],"articleSection":["Not\u00edcias"],"inLanguage":"pt-BR","potentialAction":[{"@type":"CommentAction","name":"Comment","target":["https:\/\/marcelolopes.jor.br\/site\/2019\/06\/22\/carro-invade-calcada-e-quase-cai-sobre-residencia-no-bairro-haidee\/#respond"]}]},{"@type":"WebPage","@id":"https:\/\/marcelolopes.jor.br\/site\/2019\/06\/22\/carro-invade-calcada-e-quase-cai-sobre-residencia-no-bairro-haidee\/","url":"https:\/\/marcelolopes.jor.br\/site\/2019\/06\/22\/carro-invade-calcada-e-quase-cai-sobre-residencia-no-bairro-haidee\/","name":"Carro invade cal\u00e7ada e quase cai sobre resid\u00eancia no Bairro Haid\u00e9e | Marcelo Lopes","isPartOf":{"@id":"https:\/\/marcelolopes.jor.br\/site\/#website"},"primaryImageOfPage":{"@id":"https:\/\/marcelolopes.jor.br\/site\/2019\/06\/22\/carro-invade-calcada-e-quase-cai-sobre-residencia-no-bairro-haidee\/#primaryimage"},"image":{"@id":"https:\/\/marcelolopes.jor.br\/site\/2019\/06\/22\/carro-invade-calcada-e-quase-cai-sobre-residencia-no-bairro-haidee\/#primaryimage"},"thumbnailUrl":"https:\/\/marcelolopes.jor.br\/site\/wp-content\/uploads\/2019\/06\/WhatsApp-Image-2019-06-22-at-20.12.40.jpeg","datePublished":"2019-06-23T00:15:16+00:00","breadcrumb":{"@id":"https:\/\/marcelolopes.jor.br\/site\/2019\/06\/22\/carro-invade-calcada-e-quase-cai-sobre-residencia-no-bairro-haidee\/#breadcrumb"},"inLanguage":"pt-BR","potentialAction":[{"@type":"ReadAction","target":["https:\/\/marcelolopes.jor.br\/site\/2019\/06\/22\/carro-invade-calcada-e-quase-cai-sobre-residencia-no-bairro-haidee\/"]}]},{"@type":"ImageObject","inLanguage":"pt-BR","@id":"https:\/\/marcelolopes.jor.br\/site\/2019\/06\/22\/carro-invade-calcada-e-quase-cai-sobre-residencia-no-bairro-haidee\/#primaryimage","url":"https:\/\/marcelolopes.jor.br\/site\/wp-content\/uploads\/2019\/06\/WhatsApp-Image-2019-06-22-at-20.12.40.jpeg","contentUrl":"https:\/\/marcelolopes.jor.br\/site\/wp-content\/uploads\/2019\/06\/WhatsApp-Image-2019-06-22-at-20.12.40.jpeg","width":795,"height":560},{"@type":"BreadcrumbList","@id":"https:\/\/marcelolopes.jor.br\/site\/2019\/06\/22\/carro-invade-calcada-e-quase-cai-sobre-residencia-no-bairro-haidee\/#breadcrumb","itemListElement":[{"@type":"ListItem","position":1,"name":"Home","item":"https:\/\/marcelolopes.jor.br\/site\/"},{"@type":"ListItem","position":2,"name":"Carro invade cal\u00e7ada e quase cai sobre resid\u00eancia no Bairro Haid\u00e9e"}]},{"@type":"WebSite","@id":"https:\/\/marcelolopes.jor.br\/site\/#website","url":"https:\/\/marcelolopes.jor.br\/site\/","name":"Marcelo Lopes","description":"Not\u00edcias de Cataguases e Regi\u00e3o","publisher":{"@id":"https:\/\/marcelolopes.jor.br\/site\/#organization"},"potentialAction":[{"@type":"SearchAction","target":{"@type":"EntryPoint","urlTemplate":"https:\/\/marcelolopes.jor.br\/site\/?s={search_term_string}"},"query-input":{"@type":"PropertyValueSpecification","valueRequired":true,"valueName":"search_term_string"}}],"inLanguage":"pt-BR"},{"@type":"Organization","@id":"https:\/\/marcelolopes.jor.br\/site\/#organization","name":"Site do Marcelo Lopes","url":"https:\/\/marcelolopes.jor.br\/site\/","logo":{"@type":"ImageObject","inLanguage":"pt-BR","@id":"https:\/\/marcelolopes.jor.br\/site\/#\/schema\/logo\/image\/","url":"https:\/\/marcelolopes.jor.br\/site\/wp-content\/uploads\/2024\/11\/logo-1.png","contentUrl":"https:\/\/marcelolopes.jor.br\/site\/wp-content\/uploads\/2024\/11\/logo-1.png","width":475,"height":80,"caption":"Site do Marcelo Lopes"},"image":{"@id":"https:\/\/marcelolopes.jor.br\/site\/#\/schema\/logo\/image\/"},"sameAs":["https:\/\/www.facebook.com\/sitedomarcelolopes","https:\/\/www.instagram.com\/sitedomarcelolopes\/","https:\/\/www.linkedin.com\/company\/site-do-marcelo-lopes\/","https:\/\/www.youtube.com\/user\/marcelolopes957"]},{"@type":"Person","@id":"https:\/\/marcelolopes.jor.br\/site\/#\/schema\/person\/3e7216a35c34d8fdf952b31da3d1f89f","name":"Marcelo Lopes","sameAs":["http:\/\/www.marcelolopes.jor.br"],"url":"https:\/\/marcelolopes.jor.br\/site\/author\/marcelo\/"}]}},"wps_subtitle":"Incidente aconteceu em uma curva fechada que d\u00e1 acesso \u00e0 Rua Itapo\u00e3 no come\u00e7o da noite.","_links":{"self":[{"href":"https:\/\/marcelolopes.jor.br\/site\/wp-json\/wp\/v2\/posts\/2624","targetHints":{"allow":["GET"]}}],"collection":[{"href":"https:\/\/marcelolopes.jor.br\/site\/wp-json\/wp\/v2\/posts"}],"about":[{"href":"https:\/\/marcelolopes.jor.br\/site\/wp-json\/wp\/v2\/types\/post"}],"author":[{"embeddable":true,"href":"https:\/\/marcelolopes.jor.br\/site\/wp-json\/wp\/v2\/users\/2"}],"replies":[{"embeddable":true,"href":"https:\/\/marcelolopes.jor.br\/site\/wp-json\/wp\/v2\/comments?post=2624"}],"version-history":[{"count":0,"href":"https:\/\/marcelolopes.jor.br\/site\/wp-json\/wp\/v2\/posts\/2624\/revisions"}],"wp:featuredmedia":[{"embeddable":true,"href":"https:\/\/marcelolopes.jor.br\/site\/wp-json\/wp\/v2\/media\/2626"}],"wp:attachment":[{"href":"https:\/\/marcelolopes.jor.br\/site\/wp-json\/wp\/v2\/media?parent=2624"}],"wp:term":[{"taxonomy":"category","embeddable":true,"href":"https:\/\/marcelolopes.jor.br\/site\/wp-json\/wp\/v2\/categories?post=2624"},{"taxonomy":"post_tag","embeddable":true,"href":"https:\/\/marcelolopes.jor.br\/site\/wp-json\/wp\/v2\/tags?post=2624"}],"curies":[{"name":"wp","href":"https:\/\/api.w.org\/{rel}","templated":true}]}}