{"id":2616,"date":"2019-06-23T07:00:19","date_gmt":"2019-06-23T10:00:19","guid":{"rendered":"https:\/\/marcelolopes.jor.br\/?p=2616"},"modified":"2019-06-23T20:20:20","modified_gmt":"2019-06-23T23:20:20","slug":"prefeitura-realiza-licitacao-de-12-terrenos-nesta-segunda-feira","status":"publish","type":"post","link":"https:\/\/marcelolopes.jor.br\/site\/2019\/06\/23\/prefeitura-realiza-licitacao-de-12-terrenos-nesta-segunda-feira\/","title":{"rendered":"Prefeitura realiza licita\u00e7\u00e3o de 12 terrenos nesta segunda-feira"},"content":{"rendered":"<p style=\"text-align: justify;\">Ser\u00e1 amanh\u00e3, segunda-feira, dia 24 de junho, o Processo Licitat\u00f3rio N\u00ba036\/2019 promovido pela Prefeitura de Cataguases, atrav\u00e9s da Concorr\u00eancia P\u00fablica N\u00ba002\/2019, para tentar vender 12 terrenos do patrim\u00f4nio do munic\u00edpio. O processo ser\u00e1 regido pela Lei Federal n\u00ba 8.666\/93 e pela Lei Municipal n\u00ba4.548, que autoriza o Poder Executivo a realizar concorr\u00eancia p\u00fablica para venda de im\u00f3veis p\u00fablicos. A abertura dos envelopes e os demais procedimentos da licita\u00e7\u00e3o v\u00e3o acontecer no Sal\u00e3o de Reuni\u00f5es do Pa\u00e7o Municipal.<!--more--><\/p>\n<p style=\"text-align: justify;\">A licita\u00e7\u00e3o ser\u00e1 iniciada \u00e0s 9 horas, com a entrega dos envelopes pelos interessados, conforme as regras do edital do processo, dispon\u00edvel no site da Prefeitura (www.cataguases.mg.gov.br). Ainda segundo o edital, ser\u00e1 proclamada vencedora a proposta que, atendendo \u00e0s exig\u00eancias descritas no mesmo, apresentar a maior oferta em moeda corrente nacional. Ocorrendo empate por conta do valor do lance, a Comiss\u00e3o de Licita\u00e7\u00e3o proceder\u00e1, no mesmo ato, com o sorteio para classifica\u00e7\u00e3o final do vencedor.<\/p>\n<p style=\"text-align: justify;\">O lote cont\u00e9m 12 im\u00f3veis, sendo quatro no bairro S\u00e3o Crist\u00f3v\u00e3o, tr\u00eas no S\u00e3o Vicente, dois no Santa Clara, um no S\u00e3o Pedro, um no Sol Nascente e um no bairro Colinas. O lance m\u00ednimo, que varia de acordo com o terreno, \u00e9 de R$18.000,00 a R$330.0000,00. Aos vencedores ser\u00e1 ainda permitido o parcelamento em at\u00e9 cinco vezes, acrescido de corre\u00e7\u00e3o monet\u00e1ria e juros de um por cento ao m\u00eas, a partir da data da homologa\u00e7\u00e3o.<\/p>\n<p style=\"text-align: justify;\">Segundo o Secret\u00e1rio Municipal de Fazenda, Mauro Fachini, com a venda dos im\u00f3veis o munic\u00edpio poder\u00e1 aplicar o valor arrecadado em benfeitorias para a popula\u00e7\u00e3o. \u201cOs terrenos que comp\u00f5em essa licita\u00e7\u00e3o n\u00e3o oferecem utilidade p\u00fablica, pois s\u00e3o pequenos e n\u00e3o comportam a instala\u00e7\u00e3o de equipamentos, como creche, escola ou posto de sa\u00fade. Mas podem ser usados para a constru\u00e7\u00e3o de resid\u00eancias ou estabelecimentos comerciais\u201d, explicou. Ainda conforme o Secret\u00e1rio, \u201cn\u00e3o justifica que a Prefeitura mantenha os terrenos em um momento em que o munic\u00edpio necessita de recursos para realizar melhorias em seu patrim\u00f4nio j\u00e1 existente\u201d, concluiu.<\/p>\n<p><em>Da Reda\u00e7\u00e3o<\/em><\/p>\n<div class=\"jzzei69f743d095370\" ><br><\/div><style type=\"text\/css\">\r\n@media screen and (min-width: 1201px) {\r\n.jzzei69f743d095370 {\r\ndisplay: block;\r\n}\r\n}\r\n@media screen and (min-width: 993px) and (max-width: 1200px) {\r\n.jzzei69f743d095370 {\r\ndisplay: block;\r\n}\r\n}\r\n@media screen and (min-width: 769px) and (max-width: 992px) {\r\n.jzzei69f743d095370 {\r\ndisplay: block;\r\n}\r\n}\r\n@media screen and (min-width: 768px) and (max-width: 768px) {\r\n.jzzei69f743d095370 {\r\ndisplay: block;\r\n}\r\n}\r\n@media screen and (max-width: 767px) {\r\n.jzzei69f743d095370 {\r\ndisplay: block;\r\n}\r\n}\r\n<\/style>\r\n<div class=\"vigbc69f743d09aefe\" ><div id=\"div_destino\"><\/div>\r\n<script src=\"https:\/\/cdn.snsrsv.com\/sdk.js\"><\/script>\r\n<script >\r\n      new sdk(\"464030C30061EA8BE065000000000001\") \r\n          .appendTo(\"div_destino\")\r\n          .disableStyle(true) \r\n          .setCacheBusterMacro(\"%%CACHEBUSTER%%\")\r\n          .setSize(\"800\",\"214\")\r\n          .setClickMacro(\"%%CLICK_URL_ESC%%\") \r\n          .setReferrerUrlMacro(\"%%REFERRER_URL_ESC%%\") \r\n          .start(); \r\n<\/script><\/div><style type=\"text\/css\">\r\n@media screen and (min-width: 1201px) {\r\n.vigbc69f743d09aefe {\r\ndisplay: block;\r\n}\r\n}\r\n@media screen and (min-width: 993px) and (max-width: 1200px) {\r\n.vigbc69f743d09aefe {\r\ndisplay: block;\r\n}\r\n}\r\n@media screen and (min-width: 769px) and (max-width: 992px) {\r\n.vigbc69f743d09aefe {\r\ndisplay: block;\r\n}\r\n}\r\n@media screen and (min-width: 768px) and (max-width: 768px) {\r\n.vigbc69f743d09aefe {\r\ndisplay: block;\r\n}\r\n}\r\n@media screen and (max-width: 767px) {\r\n.vigbc69f743d09aefe {\r\ndisplay: block;\r\n}\r\n}\r\n<\/style>\r\n","protected":false},"excerpt":{"rendered":"<p>Ser\u00e1 amanh\u00e3, segunda-feira, dia 24 de junho, o Processo Licitat\u00f3rio N\u00ba036\/2019 promovido pela Prefeitura de Cataguases, atrav\u00e9s da Concorr\u00eancia P\u00fablica N\u00ba002\/2019, para tentar vender 12 terrenos do patrim\u00f4nio do munic\u00edpio. O processo ser\u00e1 regido pela Lei Federal n\u00ba 8.666\/93 e<\/p>\n<p class=\"link-more\"><a class=\"more-link\" href=\"https:\/\/marcelolopes.jor.br\/site\/2019\/06\/23\/prefeitura-realiza-licitacao-de-12-terrenos-nesta-segunda-feira\/\">Leia mais <span class=\"screen-reader-text\">Prefeitura realiza licita\u00e7\u00e3o de 12 terrenos nesta segunda-feira<\/span><\/a><\/p>\n","protected":false},"author":2,"featured_media":2618,"comment_status":"open","ping_status":"open","sticky":false,"template":"","format":"standard","meta":{"footnotes":""},"categories":[1],"tags":[600,61,599,89],"class_list":["post-2616","post","type-post","status-publish","format-standard","has-post-thumbnail","hentry","category-noticias","tag-licitacao","tag-prefeitura","tag-terreno","tag-venda","thumb-below-title"],"yoast_head":"<!-- This site is optimized with the Yoast SEO plugin v27.4 - https:\/\/yoast.com\/product\/yoast-seo-wordpress\/ -->\n<title>Prefeitura realiza licita\u00e7\u00e3o de 12 terrenos nesta segunda-feira | Marcelo Lopes<\/title>\n<meta name=\"robots\" content=\"index, follow, max-snippet:-1, max-image-preview:large, max-video-preview:-1\" \/>\n<link rel=\"canonical\" href=\"https:\/\/marcelolopes.jor.br\/site\/2019\/06\/23\/prefeitura-realiza-licitacao-de-12-terrenos-nesta-segunda-feira\/\" \/>\n<meta property=\"og:locale\" content=\"pt_BR\" \/>\n<meta property=\"og:type\" content=\"article\" \/>\n<meta property=\"og:title\" content=\"Prefeitura realiza licita\u00e7\u00e3o de 12 terrenos nesta segunda-feira | Marcelo Lopes\" \/>\n<meta property=\"og:description\" content=\"Ser\u00e1 amanh\u00e3, segunda-feira, dia 24 de junho, o Processo Licitat\u00f3rio N\u00ba036\/2019 promovido pela Prefeitura de Cataguases, atrav\u00e9s da Concorr\u00eancia P\u00fablica N\u00ba002\/2019, para tentar vender 12 terrenos do patrim\u00f4nio do munic\u00edpio. O processo ser\u00e1 regido pela Lei Federal n\u00ba 8.666\/93 eLeia mais Prefeitura realiza licita\u00e7\u00e3o de 12 terrenos nesta segunda-feira\" \/>\n<meta property=\"og:url\" content=\"https:\/\/marcelolopes.jor.br\/site\/2019\/06\/23\/prefeitura-realiza-licitacao-de-12-terrenos-nesta-segunda-feira\/\" \/>\n<meta property=\"og:site_name\" content=\"Marcelo Lopes\" \/>\n<meta property=\"article:publisher\" content=\"https:\/\/www.facebook.com\/sitedomarcelolopes\" \/>\n<meta property=\"article:published_time\" content=\"2019-06-23T10:00:19+00:00\" \/>\n<meta property=\"article:modified_time\" content=\"2019-06-23T23:20:20+00:00\" \/>\n<meta property=\"og:image\" content=\"https:\/\/marcelolopes.jor.br\/site\/wp-content\/uploads\/2019\/06\/Terreno_jornal-Copy.jpg\" \/>\n\t<meta property=\"og:image:width\" content=\"1961\" \/>\n\t<meta property=\"og:image:height\" content=\"1101\" \/>\n\t<meta property=\"og:image:type\" content=\"image\/jpeg\" \/>\n<meta name=\"author\" content=\"Marcelo Lopes\" \/>\n<meta name=\"twitter:card\" content=\"summary_large_image\" \/>\n<meta name=\"twitter:label1\" content=\"Escrito por\" \/>\n\t<meta name=\"twitter:data1\" content=\"Marcelo Lopes\" \/>\n\t<meta name=\"twitter:label2\" content=\"Est. tempo de leitura\" \/>\n\t<meta name=\"twitter:data2\" content=\"2 minutos\" \/>\n<script type=\"application\/ld+json\" class=\"yoast-schema-graph\">{\"@context\":\"https:\\\/\\\/schema.org\",\"@graph\":[{\"@type\":\"NewsArticle\",\"@id\":\"https:\\\/\\\/marcelolopes.jor.br\\\/site\\\/2019\\\/06\\\/23\\\/prefeitura-realiza-licitacao-de-12-terrenos-nesta-segunda-feira\\\/#article\",\"isPartOf\":{\"@id\":\"https:\\\/\\\/marcelolopes.jor.br\\\/site\\\/2019\\\/06\\\/23\\\/prefeitura-realiza-licitacao-de-12-terrenos-nesta-segunda-feira\\\/\"},\"author\":{\"name\":\"Marcelo Lopes\",\"@id\":\"https:\\\/\\\/marcelolopes.jor.br\\\/site\\\/#\\\/schema\\\/person\\\/3e7216a35c34d8fdf952b31da3d1f89f\"},\"headline\":\"Prefeitura realiza licita\u00e7\u00e3o de 12 terrenos nesta segunda-feira\",\"datePublished\":\"2019-06-23T10:00:19+00:00\",\"dateModified\":\"2019-06-23T23:20:20+00:00\",\"mainEntityOfPage\":{\"@id\":\"https:\\\/\\\/marcelolopes.jor.br\\\/site\\\/2019\\\/06\\\/23\\\/prefeitura-realiza-licitacao-de-12-terrenos-nesta-segunda-feira\\\/\"},\"wordCount\":385,\"commentCount\":0,\"publisher\":{\"@id\":\"https:\\\/\\\/marcelolopes.jor.br\\\/site\\\/#organization\"},\"image\":{\"@id\":\"https:\\\/\\\/marcelolopes.jor.br\\\/site\\\/2019\\\/06\\\/23\\\/prefeitura-realiza-licitacao-de-12-terrenos-nesta-segunda-feira\\\/#primaryimage\"},\"thumbnailUrl\":\"https:\\\/\\\/marcelolopes.jor.br\\\/site\\\/wp-content\\\/uploads\\\/2019\\\/06\\\/Terreno_jornal-Copy.jpg\",\"keywords\":[\"Licita\u00e7\u00e3o\",\"prefeitura\",\"Terreno\",\"venda\"],\"articleSection\":[\"Not\u00edcias\"],\"inLanguage\":\"pt-BR\",\"potentialAction\":[{\"@type\":\"CommentAction\",\"name\":\"Comment\",\"target\":[\"https:\\\/\\\/marcelolopes.jor.br\\\/site\\\/2019\\\/06\\\/23\\\/prefeitura-realiza-licitacao-de-12-terrenos-nesta-segunda-feira\\\/#respond\"]}]},{\"@type\":\"WebPage\",\"@id\":\"https:\\\/\\\/marcelolopes.jor.br\\\/site\\\/2019\\\/06\\\/23\\\/prefeitura-realiza-licitacao-de-12-terrenos-nesta-segunda-feira\\\/\",\"url\":\"https:\\\/\\\/marcelolopes.jor.br\\\/site\\\/2019\\\/06\\\/23\\\/prefeitura-realiza-licitacao-de-12-terrenos-nesta-segunda-feira\\\/\",\"name\":\"Prefeitura realiza licita\u00e7\u00e3o de 12 terrenos nesta segunda-feira | Marcelo Lopes\",\"isPartOf\":{\"@id\":\"https:\\\/\\\/marcelolopes.jor.br\\\/site\\\/#website\"},\"primaryImageOfPage\":{\"@id\":\"https:\\\/\\\/marcelolopes.jor.br\\\/site\\\/2019\\\/06\\\/23\\\/prefeitura-realiza-licitacao-de-12-terrenos-nesta-segunda-feira\\\/#primaryimage\"},\"image\":{\"@id\":\"https:\\\/\\\/marcelolopes.jor.br\\\/site\\\/2019\\\/06\\\/23\\\/prefeitura-realiza-licitacao-de-12-terrenos-nesta-segunda-feira\\\/#primaryimage\"},\"thumbnailUrl\":\"https:\\\/\\\/marcelolopes.jor.br\\\/site\\\/wp-content\\\/uploads\\\/2019\\\/06\\\/Terreno_jornal-Copy.jpg\",\"datePublished\":\"2019-06-23T10:00:19+00:00\",\"dateModified\":\"2019-06-23T23:20:20+00:00\",\"breadcrumb\":{\"@id\":\"https:\\\/\\\/marcelolopes.jor.br\\\/site\\\/2019\\\/06\\\/23\\\/prefeitura-realiza-licitacao-de-12-terrenos-nesta-segunda-feira\\\/#breadcrumb\"},\"inLanguage\":\"pt-BR\",\"potentialAction\":[{\"@type\":\"ReadAction\",\"target\":[\"https:\\\/\\\/marcelolopes.jor.br\\\/site\\\/2019\\\/06\\\/23\\\/prefeitura-realiza-licitacao-de-12-terrenos-nesta-segunda-feira\\\/\"]}]},{\"@type\":\"ImageObject\",\"inLanguage\":\"pt-BR\",\"@id\":\"https:\\\/\\\/marcelolopes.jor.br\\\/site\\\/2019\\\/06\\\/23\\\/prefeitura-realiza-licitacao-de-12-terrenos-nesta-segunda-feira\\\/#primaryimage\",\"url\":\"https:\\\/\\\/marcelolopes.jor.br\\\/site\\\/wp-content\\\/uploads\\\/2019\\\/06\\\/Terreno_jornal-Copy.jpg\",\"contentUrl\":\"https:\\\/\\\/marcelolopes.jor.br\\\/site\\\/wp-content\\\/uploads\\\/2019\\\/06\\\/Terreno_jornal-Copy.jpg\",\"width\":1961,\"height\":1101},{\"@type\":\"BreadcrumbList\",\"@id\":\"https:\\\/\\\/marcelolopes.jor.br\\\/site\\\/2019\\\/06\\\/23\\\/prefeitura-realiza-licitacao-de-12-terrenos-nesta-segunda-feira\\\/#breadcrumb\",\"itemListElement\":[{\"@type\":\"ListItem\",\"position\":1,\"name\":\"Home\",\"item\":\"https:\\\/\\\/marcelolopes.jor.br\\\/site\\\/\"},{\"@type\":\"ListItem\",\"position\":2,\"name\":\"Prefeitura realiza licita\u00e7\u00e3o de 12 terrenos nesta segunda-feira\"}]},{\"@type\":\"WebSite\",\"@id\":\"https:\\\/\\\/marcelolopes.jor.br\\\/site\\\/#website\",\"url\":\"https:\\\/\\\/marcelolopes.jor.br\\\/site\\\/\",\"name\":\"Marcelo Lopes\",\"description\":\"Not\u00edcias de Cataguases e Regi\u00e3o\",\"publisher\":{\"@id\":\"https:\\\/\\\/marcelolopes.jor.br\\\/site\\\/#organization\"},\"potentialAction\":[{\"@type\":\"SearchAction\",\"target\":{\"@type\":\"EntryPoint\",\"urlTemplate\":\"https:\\\/\\\/marcelolopes.jor.br\\\/site\\\/?s={search_term_string}\"},\"query-input\":{\"@type\":\"PropertyValueSpecification\",\"valueRequired\":true,\"valueName\":\"search_term_string\"}}],\"inLanguage\":\"pt-BR\"},{\"@type\":\"Organization\",\"@id\":\"https:\\\/\\\/marcelolopes.jor.br\\\/site\\\/#organization\",\"name\":\"Site do Marcelo Lopes\",\"url\":\"https:\\\/\\\/marcelolopes.jor.br\\\/site\\\/\",\"logo\":{\"@type\":\"ImageObject\",\"inLanguage\":\"pt-BR\",\"@id\":\"https:\\\/\\\/marcelolopes.jor.br\\\/site\\\/#\\\/schema\\\/logo\\\/image\\\/\",\"url\":\"https:\\\/\\\/marcelolopes.jor.br\\\/site\\\/wp-content\\\/uploads\\\/2024\\\/11\\\/logo-1.png\",\"contentUrl\":\"https:\\\/\\\/marcelolopes.jor.br\\\/site\\\/wp-content\\\/uploads\\\/2024\\\/11\\\/logo-1.png\",\"width\":475,\"height\":80,\"caption\":\"Site do Marcelo Lopes\"},\"image\":{\"@id\":\"https:\\\/\\\/marcelolopes.jor.br\\\/site\\\/#\\\/schema\\\/logo\\\/image\\\/\"},\"sameAs\":[\"https:\\\/\\\/www.facebook.com\\\/sitedomarcelolopes\",\"https:\\\/\\\/www.instagram.com\\\/sitedomarcelolopes\\\/\",\"https:\\\/\\\/www.linkedin.com\\\/company\\\/site-do-marcelo-lopes\\\/\",\"https:\\\/\\\/www.youtube.com\\\/user\\\/marcelolopes957\"]},{\"@type\":\"Person\",\"@id\":\"https:\\\/\\\/marcelolopes.jor.br\\\/site\\\/#\\\/schema\\\/person\\\/3e7216a35c34d8fdf952b31da3d1f89f\",\"name\":\"Marcelo Lopes\",\"sameAs\":[\"http:\\\/\\\/www.marcelolopes.jor.br\"],\"url\":\"https:\\\/\\\/marcelolopes.jor.br\\\/site\\\/author\\\/marcelo\\\/\"}]}<\/script>\n<!-- \/ Yoast SEO plugin. -->","yoast_head_json":{"title":"Prefeitura realiza licita\u00e7\u00e3o de 12 terrenos nesta segunda-feira | Marcelo Lopes","robots":{"index":"index","follow":"follow","max-snippet":"max-snippet:-1","max-image-preview":"max-image-preview:large","max-video-preview":"max-video-preview:-1"},"canonical":"https:\/\/marcelolopes.jor.br\/site\/2019\/06\/23\/prefeitura-realiza-licitacao-de-12-terrenos-nesta-segunda-feira\/","og_locale":"pt_BR","og_type":"article","og_title":"Prefeitura realiza licita\u00e7\u00e3o de 12 terrenos nesta segunda-feira | Marcelo Lopes","og_description":"Ser\u00e1 amanh\u00e3, segunda-feira, dia 24 de junho, o Processo Licitat\u00f3rio N\u00ba036\/2019 promovido pela Prefeitura de Cataguases, atrav\u00e9s da Concorr\u00eancia P\u00fablica N\u00ba002\/2019, para tentar vender 12 terrenos do patrim\u00f4nio do munic\u00edpio. O processo ser\u00e1 regido pela Lei Federal n\u00ba 8.666\/93 eLeia mais Prefeitura realiza licita\u00e7\u00e3o de 12 terrenos nesta segunda-feira","og_url":"https:\/\/marcelolopes.jor.br\/site\/2019\/06\/23\/prefeitura-realiza-licitacao-de-12-terrenos-nesta-segunda-feira\/","og_site_name":"Marcelo Lopes","article_publisher":"https:\/\/www.facebook.com\/sitedomarcelolopes","article_published_time":"2019-06-23T10:00:19+00:00","article_modified_time":"2019-06-23T23:20:20+00:00","og_image":[{"width":1961,"height":1101,"url":"https:\/\/marcelolopes.jor.br\/site\/wp-content\/uploads\/2019\/06\/Terreno_jornal-Copy.jpg","type":"image\/jpeg"}],"author":"Marcelo Lopes","twitter_card":"summary_large_image","twitter_misc":{"Escrito por":"Marcelo Lopes","Est. tempo de leitura":"2 minutos"},"schema":{"@context":"https:\/\/schema.org","@graph":[{"@type":"NewsArticle","@id":"https:\/\/marcelolopes.jor.br\/site\/2019\/06\/23\/prefeitura-realiza-licitacao-de-12-terrenos-nesta-segunda-feira\/#article","isPartOf":{"@id":"https:\/\/marcelolopes.jor.br\/site\/2019\/06\/23\/prefeitura-realiza-licitacao-de-12-terrenos-nesta-segunda-feira\/"},"author":{"name":"Marcelo Lopes","@id":"https:\/\/marcelolopes.jor.br\/site\/#\/schema\/person\/3e7216a35c34d8fdf952b31da3d1f89f"},"headline":"Prefeitura realiza licita\u00e7\u00e3o de 12 terrenos nesta segunda-feira","datePublished":"2019-06-23T10:00:19+00:00","dateModified":"2019-06-23T23:20:20+00:00","mainEntityOfPage":{"@id":"https:\/\/marcelolopes.jor.br\/site\/2019\/06\/23\/prefeitura-realiza-licitacao-de-12-terrenos-nesta-segunda-feira\/"},"wordCount":385,"commentCount":0,"publisher":{"@id":"https:\/\/marcelolopes.jor.br\/site\/#organization"},"image":{"@id":"https:\/\/marcelolopes.jor.br\/site\/2019\/06\/23\/prefeitura-realiza-licitacao-de-12-terrenos-nesta-segunda-feira\/#primaryimage"},"thumbnailUrl":"https:\/\/marcelolopes.jor.br\/site\/wp-content\/uploads\/2019\/06\/Terreno_jornal-Copy.jpg","keywords":["Licita\u00e7\u00e3o","prefeitura","Terreno","venda"],"articleSection":["Not\u00edcias"],"inLanguage":"pt-BR","potentialAction":[{"@type":"CommentAction","name":"Comment","target":["https:\/\/marcelolopes.jor.br\/site\/2019\/06\/23\/prefeitura-realiza-licitacao-de-12-terrenos-nesta-segunda-feira\/#respond"]}]},{"@type":"WebPage","@id":"https:\/\/marcelolopes.jor.br\/site\/2019\/06\/23\/prefeitura-realiza-licitacao-de-12-terrenos-nesta-segunda-feira\/","url":"https:\/\/marcelolopes.jor.br\/site\/2019\/06\/23\/prefeitura-realiza-licitacao-de-12-terrenos-nesta-segunda-feira\/","name":"Prefeitura realiza licita\u00e7\u00e3o de 12 terrenos nesta segunda-feira | Marcelo Lopes","isPartOf":{"@id":"https:\/\/marcelolopes.jor.br\/site\/#website"},"primaryImageOfPage":{"@id":"https:\/\/marcelolopes.jor.br\/site\/2019\/06\/23\/prefeitura-realiza-licitacao-de-12-terrenos-nesta-segunda-feira\/#primaryimage"},"image":{"@id":"https:\/\/marcelolopes.jor.br\/site\/2019\/06\/23\/prefeitura-realiza-licitacao-de-12-terrenos-nesta-segunda-feira\/#primaryimage"},"thumbnailUrl":"https:\/\/marcelolopes.jor.br\/site\/wp-content\/uploads\/2019\/06\/Terreno_jornal-Copy.jpg","datePublished":"2019-06-23T10:00:19+00:00","dateModified":"2019-06-23T23:20:20+00:00","breadcrumb":{"@id":"https:\/\/marcelolopes.jor.br\/site\/2019\/06\/23\/prefeitura-realiza-licitacao-de-12-terrenos-nesta-segunda-feira\/#breadcrumb"},"inLanguage":"pt-BR","potentialAction":[{"@type":"ReadAction","target":["https:\/\/marcelolopes.jor.br\/site\/2019\/06\/23\/prefeitura-realiza-licitacao-de-12-terrenos-nesta-segunda-feira\/"]}]},{"@type":"ImageObject","inLanguage":"pt-BR","@id":"https:\/\/marcelolopes.jor.br\/site\/2019\/06\/23\/prefeitura-realiza-licitacao-de-12-terrenos-nesta-segunda-feira\/#primaryimage","url":"https:\/\/marcelolopes.jor.br\/site\/wp-content\/uploads\/2019\/06\/Terreno_jornal-Copy.jpg","contentUrl":"https:\/\/marcelolopes.jor.br\/site\/wp-content\/uploads\/2019\/06\/Terreno_jornal-Copy.jpg","width":1961,"height":1101},{"@type":"BreadcrumbList","@id":"https:\/\/marcelolopes.jor.br\/site\/2019\/06\/23\/prefeitura-realiza-licitacao-de-12-terrenos-nesta-segunda-feira\/#breadcrumb","itemListElement":[{"@type":"ListItem","position":1,"name":"Home","item":"https:\/\/marcelolopes.jor.br\/site\/"},{"@type":"ListItem","position":2,"name":"Prefeitura realiza licita\u00e7\u00e3o de 12 terrenos nesta segunda-feira"}]},{"@type":"WebSite","@id":"https:\/\/marcelolopes.jor.br\/site\/#website","url":"https:\/\/marcelolopes.jor.br\/site\/","name":"Marcelo Lopes","description":"Not\u00edcias de Cataguases e Regi\u00e3o","publisher":{"@id":"https:\/\/marcelolopes.jor.br\/site\/#organization"},"potentialAction":[{"@type":"SearchAction","target":{"@type":"EntryPoint","urlTemplate":"https:\/\/marcelolopes.jor.br\/site\/?s={search_term_string}"},"query-input":{"@type":"PropertyValueSpecification","valueRequired":true,"valueName":"search_term_string"}}],"inLanguage":"pt-BR"},{"@type":"Organization","@id":"https:\/\/marcelolopes.jor.br\/site\/#organization","name":"Site do Marcelo Lopes","url":"https:\/\/marcelolopes.jor.br\/site\/","logo":{"@type":"ImageObject","inLanguage":"pt-BR","@id":"https:\/\/marcelolopes.jor.br\/site\/#\/schema\/logo\/image\/","url":"https:\/\/marcelolopes.jor.br\/site\/wp-content\/uploads\/2024\/11\/logo-1.png","contentUrl":"https:\/\/marcelolopes.jor.br\/site\/wp-content\/uploads\/2024\/11\/logo-1.png","width":475,"height":80,"caption":"Site do Marcelo Lopes"},"image":{"@id":"https:\/\/marcelolopes.jor.br\/site\/#\/schema\/logo\/image\/"},"sameAs":["https:\/\/www.facebook.com\/sitedomarcelolopes","https:\/\/www.instagram.com\/sitedomarcelolopes\/","https:\/\/www.linkedin.com\/company\/site-do-marcelo-lopes\/","https:\/\/www.youtube.com\/user\/marcelolopes957"]},{"@type":"Person","@id":"https:\/\/marcelolopes.jor.br\/site\/#\/schema\/person\/3e7216a35c34d8fdf952b31da3d1f89f","name":"Marcelo Lopes","sameAs":["http:\/\/www.marcelolopes.jor.br"],"url":"https:\/\/marcelolopes.jor.br\/site\/author\/marcelo\/"}]}},"wps_subtitle":"Im\u00f3veis est\u00e3o localizados em diversos bairros de Cataguases e o valor mais alto \u00e9 de R$ 33 mil.","_links":{"self":[{"href":"https:\/\/marcelolopes.jor.br\/site\/wp-json\/wp\/v2\/posts\/2616","targetHints":{"allow":["GET"]}}],"collection":[{"href":"https:\/\/marcelolopes.jor.br\/site\/wp-json\/wp\/v2\/posts"}],"about":[{"href":"https:\/\/marcelolopes.jor.br\/site\/wp-json\/wp\/v2\/types\/post"}],"author":[{"embeddable":true,"href":"https:\/\/marcelolopes.jor.br\/site\/wp-json\/wp\/v2\/users\/2"}],"replies":[{"embeddable":true,"href":"https:\/\/marcelolopes.jor.br\/site\/wp-json\/wp\/v2\/comments?post=2616"}],"version-history":[{"count":0,"href":"https:\/\/marcelolopes.jor.br\/site\/wp-json\/wp\/v2\/posts\/2616\/revisions"}],"wp:featuredmedia":[{"embeddable":true,"href":"https:\/\/marcelolopes.jor.br\/site\/wp-json\/wp\/v2\/media\/2618"}],"wp:attachment":[{"href":"https:\/\/marcelolopes.jor.br\/site\/wp-json\/wp\/v2\/media?parent=2616"}],"wp:term":[{"taxonomy":"category","embeddable":true,"href":"https:\/\/marcelolopes.jor.br\/site\/wp-json\/wp\/v2\/categories?post=2616"},{"taxonomy":"post_tag","embeddable":true,"href":"https:\/\/marcelolopes.jor.br\/site\/wp-json\/wp\/v2\/tags?post=2616"}],"curies":[{"name":"wp","href":"https:\/\/api.w.org\/{rel}","templated":true}]}}