{"id":26006,"date":"2021-08-12T16:00:29","date_gmt":"2021-08-12T19:00:29","guid":{"rendered":"https:\/\/marcelolopes.jor.br\/?p=26006"},"modified":"2021-08-12T16:23:16","modified_gmt":"2021-08-12T19:23:16","slug":"ufv-afirma-que-regiao-de-vicosa-vive-seca-historica","status":"publish","type":"post","link":"https:\/\/marcelolopes.jor.br\/site\/2021\/08\/12\/ufv-afirma-que-regiao-de-vicosa-vive-seca-historica\/","title":{"rendered":"UFV afirma que regi\u00e3o de Vi\u00e7osa vive seca hist\u00f3rica"},"content":{"rendered":"<p style=\"text-align: justify;\">O setor de meteorologia do Departamento de Engenharia Agr\u00edcola da Universidade Federal de Vi\u00e7osa est\u00e1 monitorando as condi\u00e7\u00f5es do clima diariamente para ajudar a Diretoria de Meio Ambiente a planejar a\u00e7\u00f5es que impe\u00e7am crises no abastecimento de \u00e1gua no campus e no munic\u00edpio de Vi\u00e7osa. A an\u00e1lise dos dados clim\u00e1ticos, feita pelo setor, j\u00e1 alerta que, em 2021,\u00a0as chuvas est\u00e3o abaixo da m\u00e9dia observada nos \u00faltimos 50 anos na regi\u00e3o e a seca intensa deve piorar at\u00e9 setembro.<!--more--><\/p>\n<p style=\"text-align: justify;\"><a href=\"http:\/\/www.agenciaram.com.br\"><img loading=\"lazy\" decoding=\"async\" class=\"aligncenter wp-image-25709 size-full\" src=\"https:\/\/marcelolopes.jor.br\/site\/wp-content\/uploads\/2019\/06\/Banner-Ag\u00eancia-RAM.jpeg\" alt=\"\" width=\"800\" height=\"214\" srcset=\"https:\/\/marcelolopes.jor.br\/site\/wp-content\/uploads\/2019\/06\/Banner-Ag\u00eancia-RAM.jpeg 800w, https:\/\/marcelolopes.jor.br\/site\/wp-content\/uploads\/2019\/06\/Banner-Ag\u00eancia-RAM-300x80.jpeg 300w, https:\/\/marcelolopes.jor.br\/site\/wp-content\/uploads\/2019\/06\/Banner-Ag\u00eancia-RAM-768x205.jpeg 768w\" sizes=\"auto, (max-width: 800px) 100vw, 800px\" \/><\/a>Ao analisar o relat\u00f3rio do Painel Intergovernamental de Mudan\u00e7as Clim\u00e1ticas (IPCC), divulgado esta semana pela Organiza\u00e7\u00e3o das Na\u00e7\u00f5es Unidas (ONU), os especialistas da UFV tamb\u00e9m preveem que a seca observada nos \u00faltimos anos ser\u00e1 a norma daqui para frente. O objetivo agora, segundo a Diretoria de Meio Ambiente,\u00a0\u00e9 dar in\u00edcio a um plano de adapta\u00e7\u00e3o da UFV \u00e0s irrefut\u00e1veis mudan\u00e7as no clima.<\/p>\n<p style=\"text-align: justify;\">O trabalho de avalia\u00e7\u00e3o dos dados clim\u00e1ticos \u00e9 coordenado pela professora Gabrielle Pires e pelo climatologista Alcimoni Comin, que monitora os dados da Esta\u00e7\u00e3o Meteorol\u00f3gica do Instituto Nacional de Meteorologia (Inmet), instalada no campus da UFV. Eles explicam que, desde mar\u00e7o,\u00a0a precipita\u00e7\u00e3o em Vi\u00e7osa est\u00e1 abaixo da m\u00e9dia observada entre 1971 e 2020. A\u00a0precipita\u00e7\u00e3o m\u00e9dia no per\u00edodo compreendido entre mar\u00e7o e julho \u00e9 de 272,15 mm, enquanto o acumulado para esses meses, em 2021, foi de cerca de 185 mm, ou seja, 87,15 mm abaixo do esperado ou uma redu\u00e7\u00e3o de 32% na quantidade de chuvas.<\/p>\n<p style=\"text-align: justify;\">Entre julho e setembro, o Instituto Nacional de Pesquisas Espaciais (Inpe) prev\u00ea precipita\u00e7\u00e3o entre 25-50 mm, que pode ser 60% menor que a m\u00e9dia climatol\u00f3gica para o mesmo per\u00edodo em anos interiores. A m\u00e9dia hist\u00f3rica ou climatol\u00f3gica, segundo a professora Gabrielle, \u00e9 definida pela compara\u00e7\u00e3o de todos os meses dos \u00faltimos 50 anos e gera uma expectativa da quantidade de chuva para os mesmos per\u00edodos. \u201cAl\u00e9m dos registros no campus Vi\u00e7osa, temos os padr\u00f5es regionais e nacionais e o que temos observado \u00e9 preocupante\u201d, disse ela.<\/p>\n<h6 style=\"text-align: justify;\">A\u00e7\u00f5es de enfrentamento<\/h6>\n<p style=\"text-align: justify;\">No entanto, por enquanto, a seca hist\u00f3rica na regi\u00e3o n\u00e3o deve gerar crise de desabastecimento no campus. A aus\u00eancia dos estudantes durante a pandemia reduziu o consumo de \u00e1gua em cerca de 40% e a UFV est\u00e1 implementando a\u00e7\u00f5es para o gerenciamento sustent\u00e1vel e racional dos recursos h\u00eddricos.\u00a0Segundo o diretor de Meio Ambiente da UFV, Ulisses Comini, al\u00e9m de monitorar a oferta de \u00e1gua dispon\u00edvel para o campus, a Divis\u00e3o de \u00c1gua e Esgoto (DAG) e o Servi\u00e7o de Instala\u00e7\u00f5es Hidrossanit\u00e1rias t\u00eam concentrado esfor\u00e7os no monitoramento da rede de \u00e1gua para identifica\u00e7\u00e3o precoce e conserto de vazamentos. A iniciativa j\u00e1 promoveu economia m\u00e9dia de 207 m3\u00a0por dia\u00a0no m\u00eas de junho, o que representa uma redu\u00e7\u00e3o de 27% no consumo de \u00e1gua na Universidade. A DAG tamb\u00e9m est\u00e1 avan\u00e7ando no acompanhamento do consumo com a previs\u00e3o da instala\u00e7\u00e3o de mais de 200 hidr\u00f4metros no campus, dos quais 51 j\u00e1 est\u00e3o em opera\u00e7\u00e3o. Em breve, a Diretoria de Meio Ambiente tamb\u00e9m pretende disponibilizar dados do uso da \u00e1gua em um portal de acesso p\u00fablico para facilitar a governan\u00e7a do sistema h\u00eddrico em toda a regi\u00e3o.<\/p>\n<p style=\"text-align: justify;\">\u201cPrecisamos estar atentos \u00e0 oferta e ao consumo, mas tamb\u00e9m \u00e0 qualidade da \u00e1gua em \u00e9pocas de seca. Monitoramos com muita aten\u00e7\u00e3o a \u00e1gua captada nas lagoas da UFV para definir os par\u00e2metros de tratamento para fornecer \u00e1gua com qualidade\u201d, afirmou Ulisses.\u00a0Ele esclarece, ainda, que observar e atuar na melhoria das condi\u00e7\u00f5es do uso do solo e no tratamento dos esgotos lan\u00e7ados na bacia do Ribeir\u00e3o S\u00e3o Bartolomeu \u00e9 fundamental para garantir o abastecimento da cidade e da Universidade.<\/p>\n<h6 style=\"text-align: justify;\">Mudan\u00e7as no clima<\/h6>\n<p style=\"text-align: justify;\">Ainda segundo a professora Gabrielle Pires, as mudan\u00e7as no clima global ir\u00e3o provocar eventos clim\u00e1ticos extremos com cada vez mais frequ\u00eancia. \u201cEste ano, por exemplo, estamos observando seca intensa no sudeste e centro sul, chuvas excessivas no norte do Brasil, calor extremo no hemisf\u00e9rio norte e at\u00e9 recordes de temperatura na regi\u00e3o gelada da Sib\u00e9ria\u201d. Gabrielle tamb\u00e9m lembra que a seca deste ano tem outras consequ\u00eancias al\u00e9m da crise h\u00eddrica,\u00a0como a crise energ\u00e9tica e as quebras de safra de alimentos que geram infla\u00e7\u00e3o e carestia. \u201cAs mudan\u00e7as no clima j\u00e1 s\u00e3o uma realidade global que nos afetam de muitas formas e precisamos nos preparar para este enfrentamento\u201d, disse a professora.<\/p>\n<p style=\"text-align: justify;\">Fonte: UFV | Texto: L\u00e9a Medeiros | Foto: AnysRoy by Pixabay<\/p>\n<div class=\"raddf69f70b6fed33c\" ><br><\/div><style type=\"text\/css\">\r\n@media screen and (min-width: 1201px) {\r\n.raddf69f70b6fed33c {\r\ndisplay: block;\r\n}\r\n}\r\n@media screen and (min-width: 993px) and (max-width: 1200px) {\r\n.raddf69f70b6fed33c {\r\ndisplay: block;\r\n}\r\n}\r\n@media screen and (min-width: 769px) and (max-width: 992px) {\r\n.raddf69f70b6fed33c {\r\ndisplay: block;\r\n}\r\n}\r\n@media screen and (min-width: 768px) and (max-width: 768px) {\r\n.raddf69f70b6fed33c {\r\ndisplay: block;\r\n}\r\n}\r\n@media screen and (max-width: 767px) {\r\n.raddf69f70b6fed33c {\r\ndisplay: block;\r\n}\r\n}\r\n<\/style>\r\n<div class=\"oaxot69f70b6ff3927\" ><div id=\"div_destino\"><\/div>\r\n<script src=\"https:\/\/cdn.snsrsv.com\/sdk.js\"><\/script>\r\n<script >\r\n      new sdk(\"464030C30061EA8BE065000000000001\") \r\n          .appendTo(\"div_destino\")\r\n          .disableStyle(true) \r\n          .setCacheBusterMacro(\"%%CACHEBUSTER%%\")\r\n          .setSize(\"800\",\"214\")\r\n          .setClickMacro(\"%%CLICK_URL_ESC%%\") \r\n          .setReferrerUrlMacro(\"%%REFERRER_URL_ESC%%\") \r\n          .start(); \r\n<\/script><\/div><style type=\"text\/css\">\r\n@media screen and (min-width: 1201px) {\r\n.oaxot69f70b6ff3927 {\r\ndisplay: block;\r\n}\r\n}\r\n@media screen and (min-width: 993px) and (max-width: 1200px) {\r\n.oaxot69f70b6ff3927 {\r\ndisplay: block;\r\n}\r\n}\r\n@media screen and (min-width: 769px) and (max-width: 992px) {\r\n.oaxot69f70b6ff3927 {\r\ndisplay: block;\r\n}\r\n}\r\n@media screen and (min-width: 768px) and (max-width: 768px) {\r\n.oaxot69f70b6ff3927 {\r\ndisplay: block;\r\n}\r\n}\r\n@media screen and (max-width: 767px) {\r\n.oaxot69f70b6ff3927 {\r\ndisplay: block;\r\n}\r\n}\r\n<\/style>\r\n","protected":false},"excerpt":{"rendered":"<p>O setor de meteorologia do Departamento de Engenharia Agr\u00edcola da Universidade Federal de Vi\u00e7osa est\u00e1 monitorando as condi\u00e7\u00f5es do clima diariamente para ajudar a Diretoria de Meio Ambiente a planejar a\u00e7\u00f5es que impe\u00e7am crises no abastecimento de \u00e1gua no campus<\/p>\n<p class=\"link-more\"><a class=\"more-link\" href=\"https:\/\/marcelolopes.jor.br\/site\/2021\/08\/12\/ufv-afirma-que-regiao-de-vicosa-vive-seca-historica\/\">Leia mais <span class=\"screen-reader-text\">UFV afirma que regi\u00e3o de Vi\u00e7osa vive seca hist\u00f3rica<\/span><\/a><\/p>\n","protected":false},"author":2,"featured_media":26025,"comment_status":"open","ping_status":"open","sticky":false,"template":"","format":"standard","meta":{"footnotes":""},"categories":[1],"tags":[4516,1837,2720,549],"class_list":["post-26006","post","type-post","status-publish","format-standard","has-post-thumbnail","hentry","category-noticias","tag-aquecimento-global","tag-meteorologia","tag-periodo-de-seca","tag-ufv","thumb-below-title"],"yoast_head":"<!-- This site is optimized with the Yoast SEO plugin v27.4 - https:\/\/yoast.com\/product\/yoast-seo-wordpress\/ -->\n<title>UFV afirma que regi\u00e3o de Vi\u00e7osa vive seca hist\u00f3rica | Marcelo Lopes<\/title>\n<meta name=\"robots\" content=\"index, follow, max-snippet:-1, max-image-preview:large, max-video-preview:-1\" \/>\n<link rel=\"canonical\" href=\"https:\/\/marcelolopes.jor.br\/site\/2021\/08\/12\/ufv-afirma-que-regiao-de-vicosa-vive-seca-historica\/\" \/>\n<meta property=\"og:locale\" content=\"pt_BR\" \/>\n<meta property=\"og:type\" content=\"article\" \/>\n<meta property=\"og:title\" content=\"UFV afirma que regi\u00e3o de Vi\u00e7osa vive seca hist\u00f3rica | Marcelo Lopes\" \/>\n<meta property=\"og:description\" content=\"O setor de meteorologia do Departamento de Engenharia Agr\u00edcola da Universidade Federal de Vi\u00e7osa est\u00e1 monitorando as condi\u00e7\u00f5es do clima diariamente para ajudar a Diretoria de Meio Ambiente a planejar a\u00e7\u00f5es que impe\u00e7am crises no abastecimento de \u00e1gua no campusLeia mais UFV afirma que regi\u00e3o de Vi\u00e7osa vive seca hist\u00f3rica\" \/>\n<meta property=\"og:url\" content=\"https:\/\/marcelolopes.jor.br\/site\/2021\/08\/12\/ufv-afirma-que-regiao-de-vicosa-vive-seca-historica\/\" \/>\n<meta property=\"og:site_name\" content=\"Marcelo Lopes\" \/>\n<meta property=\"article:publisher\" content=\"https:\/\/www.facebook.com\/sitedomarcelolopes\" \/>\n<meta property=\"article:published_time\" content=\"2021-08-12T19:00:29+00:00\" \/>\n<meta property=\"article:modified_time\" content=\"2021-08-12T19:23:16+00:00\" \/>\n<meta property=\"og:image\" content=\"https:\/\/marcelolopes.jor.br\/site\/wp-content\/uploads\/2021\/08\/tap-2809040_1280.jpeg\" \/>\n\t<meta property=\"og:image:width\" content=\"1280\" \/>\n\t<meta property=\"og:image:height\" content=\"720\" \/>\n\t<meta property=\"og:image:type\" content=\"image\/jpeg\" \/>\n<meta name=\"author\" content=\"Marcelo Lopes\" \/>\n<meta name=\"twitter:card\" content=\"summary_large_image\" \/>\n<meta name=\"twitter:label1\" content=\"Escrito por\" \/>\n\t<meta name=\"twitter:data1\" content=\"Marcelo Lopes\" \/>\n\t<meta name=\"twitter:label2\" content=\"Est. tempo de leitura\" \/>\n\t<meta name=\"twitter:data2\" content=\"4 minutos\" \/>\n<script type=\"application\/ld+json\" class=\"yoast-schema-graph\">{\"@context\":\"https:\\\/\\\/schema.org\",\"@graph\":[{\"@type\":\"NewsArticle\",\"@id\":\"https:\\\/\\\/marcelolopes.jor.br\\\/site\\\/2021\\\/08\\\/12\\\/ufv-afirma-que-regiao-de-vicosa-vive-seca-historica\\\/#article\",\"isPartOf\":{\"@id\":\"https:\\\/\\\/marcelolopes.jor.br\\\/site\\\/2021\\\/08\\\/12\\\/ufv-afirma-que-regiao-de-vicosa-vive-seca-historica\\\/\"},\"author\":{\"name\":\"Marcelo Lopes\",\"@id\":\"https:\\\/\\\/marcelolopes.jor.br\\\/site\\\/#\\\/schema\\\/person\\\/3e7216a35c34d8fdf952b31da3d1f89f\"},\"headline\":\"UFV afirma que regi\u00e3o de Vi\u00e7osa vive seca hist\u00f3rica\",\"datePublished\":\"2021-08-12T19:00:29+00:00\",\"dateModified\":\"2021-08-12T19:23:16+00:00\",\"mainEntityOfPage\":{\"@id\":\"https:\\\/\\\/marcelolopes.jor.br\\\/site\\\/2021\\\/08\\\/12\\\/ufv-afirma-que-regiao-de-vicosa-vive-seca-historica\\\/\"},\"wordCount\":809,\"commentCount\":0,\"publisher\":{\"@id\":\"https:\\\/\\\/marcelolopes.jor.br\\\/site\\\/#organization\"},\"image\":{\"@id\":\"https:\\\/\\\/marcelolopes.jor.br\\\/site\\\/2021\\\/08\\\/12\\\/ufv-afirma-que-regiao-de-vicosa-vive-seca-historica\\\/#primaryimage\"},\"thumbnailUrl\":\"https:\\\/\\\/marcelolopes.jor.br\\\/site\\\/wp-content\\\/uploads\\\/2021\\\/08\\\/tap-2809040_1280.jpeg\",\"keywords\":[\"aquecimento global\",\"Meteorologia\",\"per\u00edodo de seca\",\"UFV\"],\"articleSection\":[\"Not\u00edcias\"],\"inLanguage\":\"pt-BR\",\"potentialAction\":[{\"@type\":\"CommentAction\",\"name\":\"Comment\",\"target\":[\"https:\\\/\\\/marcelolopes.jor.br\\\/site\\\/2021\\\/08\\\/12\\\/ufv-afirma-que-regiao-de-vicosa-vive-seca-historica\\\/#respond\"]}]},{\"@type\":\"WebPage\",\"@id\":\"https:\\\/\\\/marcelolopes.jor.br\\\/site\\\/2021\\\/08\\\/12\\\/ufv-afirma-que-regiao-de-vicosa-vive-seca-historica\\\/\",\"url\":\"https:\\\/\\\/marcelolopes.jor.br\\\/site\\\/2021\\\/08\\\/12\\\/ufv-afirma-que-regiao-de-vicosa-vive-seca-historica\\\/\",\"name\":\"UFV afirma que regi\u00e3o de Vi\u00e7osa vive seca hist\u00f3rica | Marcelo Lopes\",\"isPartOf\":{\"@id\":\"https:\\\/\\\/marcelolopes.jor.br\\\/site\\\/#website\"},\"primaryImageOfPage\":{\"@id\":\"https:\\\/\\\/marcelolopes.jor.br\\\/site\\\/2021\\\/08\\\/12\\\/ufv-afirma-que-regiao-de-vicosa-vive-seca-historica\\\/#primaryimage\"},\"image\":{\"@id\":\"https:\\\/\\\/marcelolopes.jor.br\\\/site\\\/2021\\\/08\\\/12\\\/ufv-afirma-que-regiao-de-vicosa-vive-seca-historica\\\/#primaryimage\"},\"thumbnailUrl\":\"https:\\\/\\\/marcelolopes.jor.br\\\/site\\\/wp-content\\\/uploads\\\/2021\\\/08\\\/tap-2809040_1280.jpeg\",\"datePublished\":\"2021-08-12T19:00:29+00:00\",\"dateModified\":\"2021-08-12T19:23:16+00:00\",\"breadcrumb\":{\"@id\":\"https:\\\/\\\/marcelolopes.jor.br\\\/site\\\/2021\\\/08\\\/12\\\/ufv-afirma-que-regiao-de-vicosa-vive-seca-historica\\\/#breadcrumb\"},\"inLanguage\":\"pt-BR\",\"potentialAction\":[{\"@type\":\"ReadAction\",\"target\":[\"https:\\\/\\\/marcelolopes.jor.br\\\/site\\\/2021\\\/08\\\/12\\\/ufv-afirma-que-regiao-de-vicosa-vive-seca-historica\\\/\"]}]},{\"@type\":\"ImageObject\",\"inLanguage\":\"pt-BR\",\"@id\":\"https:\\\/\\\/marcelolopes.jor.br\\\/site\\\/2021\\\/08\\\/12\\\/ufv-afirma-que-regiao-de-vicosa-vive-seca-historica\\\/#primaryimage\",\"url\":\"https:\\\/\\\/marcelolopes.jor.br\\\/site\\\/wp-content\\\/uploads\\\/2021\\\/08\\\/tap-2809040_1280.jpeg\",\"contentUrl\":\"https:\\\/\\\/marcelolopes.jor.br\\\/site\\\/wp-content\\\/uploads\\\/2021\\\/08\\\/tap-2809040_1280.jpeg\",\"width\":1280,\"height\":720},{\"@type\":\"BreadcrumbList\",\"@id\":\"https:\\\/\\\/marcelolopes.jor.br\\\/site\\\/2021\\\/08\\\/12\\\/ufv-afirma-que-regiao-de-vicosa-vive-seca-historica\\\/#breadcrumb\",\"itemListElement\":[{\"@type\":\"ListItem\",\"position\":1,\"name\":\"Home\",\"item\":\"https:\\\/\\\/marcelolopes.jor.br\\\/site\\\/\"},{\"@type\":\"ListItem\",\"position\":2,\"name\":\"UFV afirma que regi\u00e3o de Vi\u00e7osa vive seca hist\u00f3rica\"}]},{\"@type\":\"WebSite\",\"@id\":\"https:\\\/\\\/marcelolopes.jor.br\\\/site\\\/#website\",\"url\":\"https:\\\/\\\/marcelolopes.jor.br\\\/site\\\/\",\"name\":\"Marcelo Lopes\",\"description\":\"Not\u00edcias de Cataguases e Regi\u00e3o\",\"publisher\":{\"@id\":\"https:\\\/\\\/marcelolopes.jor.br\\\/site\\\/#organization\"},\"potentialAction\":[{\"@type\":\"SearchAction\",\"target\":{\"@type\":\"EntryPoint\",\"urlTemplate\":\"https:\\\/\\\/marcelolopes.jor.br\\\/site\\\/?s={search_term_string}\"},\"query-input\":{\"@type\":\"PropertyValueSpecification\",\"valueRequired\":true,\"valueName\":\"search_term_string\"}}],\"inLanguage\":\"pt-BR\"},{\"@type\":\"Organization\",\"@id\":\"https:\\\/\\\/marcelolopes.jor.br\\\/site\\\/#organization\",\"name\":\"Site do Marcelo Lopes\",\"url\":\"https:\\\/\\\/marcelolopes.jor.br\\\/site\\\/\",\"logo\":{\"@type\":\"ImageObject\",\"inLanguage\":\"pt-BR\",\"@id\":\"https:\\\/\\\/marcelolopes.jor.br\\\/site\\\/#\\\/schema\\\/logo\\\/image\\\/\",\"url\":\"https:\\\/\\\/marcelolopes.jor.br\\\/site\\\/wp-content\\\/uploads\\\/2024\\\/11\\\/logo-1.png\",\"contentUrl\":\"https:\\\/\\\/marcelolopes.jor.br\\\/site\\\/wp-content\\\/uploads\\\/2024\\\/11\\\/logo-1.png\",\"width\":475,\"height\":80,\"caption\":\"Site do Marcelo Lopes\"},\"image\":{\"@id\":\"https:\\\/\\\/marcelolopes.jor.br\\\/site\\\/#\\\/schema\\\/logo\\\/image\\\/\"},\"sameAs\":[\"https:\\\/\\\/www.facebook.com\\\/sitedomarcelolopes\",\"https:\\\/\\\/www.instagram.com\\\/sitedomarcelolopes\\\/\",\"https:\\\/\\\/www.linkedin.com\\\/company\\\/site-do-marcelo-lopes\\\/\",\"https:\\\/\\\/www.youtube.com\\\/user\\\/marcelolopes957\"]},{\"@type\":\"Person\",\"@id\":\"https:\\\/\\\/marcelolopes.jor.br\\\/site\\\/#\\\/schema\\\/person\\\/3e7216a35c34d8fdf952b31da3d1f89f\",\"name\":\"Marcelo Lopes\",\"sameAs\":[\"http:\\\/\\\/www.marcelolopes.jor.br\"],\"url\":\"https:\\\/\\\/marcelolopes.jor.br\\\/site\\\/author\\\/marcelo\\\/\"}]}<\/script>\n<!-- \/ Yoast SEO plugin. -->","yoast_head_json":{"title":"UFV afirma que regi\u00e3o de Vi\u00e7osa vive seca hist\u00f3rica | Marcelo Lopes","robots":{"index":"index","follow":"follow","max-snippet":"max-snippet:-1","max-image-preview":"max-image-preview:large","max-video-preview":"max-video-preview:-1"},"canonical":"https:\/\/marcelolopes.jor.br\/site\/2021\/08\/12\/ufv-afirma-que-regiao-de-vicosa-vive-seca-historica\/","og_locale":"pt_BR","og_type":"article","og_title":"UFV afirma que regi\u00e3o de Vi\u00e7osa vive seca hist\u00f3rica | Marcelo Lopes","og_description":"O setor de meteorologia do Departamento de Engenharia Agr\u00edcola da Universidade Federal de Vi\u00e7osa est\u00e1 monitorando as condi\u00e7\u00f5es do clima diariamente para ajudar a Diretoria de Meio Ambiente a planejar a\u00e7\u00f5es que impe\u00e7am crises no abastecimento de \u00e1gua no campusLeia mais UFV afirma que regi\u00e3o de Vi\u00e7osa vive seca hist\u00f3rica","og_url":"https:\/\/marcelolopes.jor.br\/site\/2021\/08\/12\/ufv-afirma-que-regiao-de-vicosa-vive-seca-historica\/","og_site_name":"Marcelo Lopes","article_publisher":"https:\/\/www.facebook.com\/sitedomarcelolopes","article_published_time":"2021-08-12T19:00:29+00:00","article_modified_time":"2021-08-12T19:23:16+00:00","og_image":[{"width":1280,"height":720,"url":"https:\/\/marcelolopes.jor.br\/site\/wp-content\/uploads\/2021\/08\/tap-2809040_1280.jpeg","type":"image\/jpeg"}],"author":"Marcelo Lopes","twitter_card":"summary_large_image","twitter_misc":{"Escrito por":"Marcelo Lopes","Est. tempo de leitura":"4 minutos"},"schema":{"@context":"https:\/\/schema.org","@graph":[{"@type":"NewsArticle","@id":"https:\/\/marcelolopes.jor.br\/site\/2021\/08\/12\/ufv-afirma-que-regiao-de-vicosa-vive-seca-historica\/#article","isPartOf":{"@id":"https:\/\/marcelolopes.jor.br\/site\/2021\/08\/12\/ufv-afirma-que-regiao-de-vicosa-vive-seca-historica\/"},"author":{"name":"Marcelo Lopes","@id":"https:\/\/marcelolopes.jor.br\/site\/#\/schema\/person\/3e7216a35c34d8fdf952b31da3d1f89f"},"headline":"UFV afirma que regi\u00e3o de Vi\u00e7osa vive seca hist\u00f3rica","datePublished":"2021-08-12T19:00:29+00:00","dateModified":"2021-08-12T19:23:16+00:00","mainEntityOfPage":{"@id":"https:\/\/marcelolopes.jor.br\/site\/2021\/08\/12\/ufv-afirma-que-regiao-de-vicosa-vive-seca-historica\/"},"wordCount":809,"commentCount":0,"publisher":{"@id":"https:\/\/marcelolopes.jor.br\/site\/#organization"},"image":{"@id":"https:\/\/marcelolopes.jor.br\/site\/2021\/08\/12\/ufv-afirma-que-regiao-de-vicosa-vive-seca-historica\/#primaryimage"},"thumbnailUrl":"https:\/\/marcelolopes.jor.br\/site\/wp-content\/uploads\/2021\/08\/tap-2809040_1280.jpeg","keywords":["aquecimento global","Meteorologia","per\u00edodo de seca","UFV"],"articleSection":["Not\u00edcias"],"inLanguage":"pt-BR","potentialAction":[{"@type":"CommentAction","name":"Comment","target":["https:\/\/marcelolopes.jor.br\/site\/2021\/08\/12\/ufv-afirma-que-regiao-de-vicosa-vive-seca-historica\/#respond"]}]},{"@type":"WebPage","@id":"https:\/\/marcelolopes.jor.br\/site\/2021\/08\/12\/ufv-afirma-que-regiao-de-vicosa-vive-seca-historica\/","url":"https:\/\/marcelolopes.jor.br\/site\/2021\/08\/12\/ufv-afirma-que-regiao-de-vicosa-vive-seca-historica\/","name":"UFV afirma que regi\u00e3o de Vi\u00e7osa vive seca hist\u00f3rica | Marcelo Lopes","isPartOf":{"@id":"https:\/\/marcelolopes.jor.br\/site\/#website"},"primaryImageOfPage":{"@id":"https:\/\/marcelolopes.jor.br\/site\/2021\/08\/12\/ufv-afirma-que-regiao-de-vicosa-vive-seca-historica\/#primaryimage"},"image":{"@id":"https:\/\/marcelolopes.jor.br\/site\/2021\/08\/12\/ufv-afirma-que-regiao-de-vicosa-vive-seca-historica\/#primaryimage"},"thumbnailUrl":"https:\/\/marcelolopes.jor.br\/site\/wp-content\/uploads\/2021\/08\/tap-2809040_1280.jpeg","datePublished":"2021-08-12T19:00:29+00:00","dateModified":"2021-08-12T19:23:16+00:00","breadcrumb":{"@id":"https:\/\/marcelolopes.jor.br\/site\/2021\/08\/12\/ufv-afirma-que-regiao-de-vicosa-vive-seca-historica\/#breadcrumb"},"inLanguage":"pt-BR","potentialAction":[{"@type":"ReadAction","target":["https:\/\/marcelolopes.jor.br\/site\/2021\/08\/12\/ufv-afirma-que-regiao-de-vicosa-vive-seca-historica\/"]}]},{"@type":"ImageObject","inLanguage":"pt-BR","@id":"https:\/\/marcelolopes.jor.br\/site\/2021\/08\/12\/ufv-afirma-que-regiao-de-vicosa-vive-seca-historica\/#primaryimage","url":"https:\/\/marcelolopes.jor.br\/site\/wp-content\/uploads\/2021\/08\/tap-2809040_1280.jpeg","contentUrl":"https:\/\/marcelolopes.jor.br\/site\/wp-content\/uploads\/2021\/08\/tap-2809040_1280.jpeg","width":1280,"height":720},{"@type":"BreadcrumbList","@id":"https:\/\/marcelolopes.jor.br\/site\/2021\/08\/12\/ufv-afirma-que-regiao-de-vicosa-vive-seca-historica\/#breadcrumb","itemListElement":[{"@type":"ListItem","position":1,"name":"Home","item":"https:\/\/marcelolopes.jor.br\/site\/"},{"@type":"ListItem","position":2,"name":"UFV afirma que regi\u00e3o de Vi\u00e7osa vive seca hist\u00f3rica"}]},{"@type":"WebSite","@id":"https:\/\/marcelolopes.jor.br\/site\/#website","url":"https:\/\/marcelolopes.jor.br\/site\/","name":"Marcelo Lopes","description":"Not\u00edcias de Cataguases e Regi\u00e3o","publisher":{"@id":"https:\/\/marcelolopes.jor.br\/site\/#organization"},"potentialAction":[{"@type":"SearchAction","target":{"@type":"EntryPoint","urlTemplate":"https:\/\/marcelolopes.jor.br\/site\/?s={search_term_string}"},"query-input":{"@type":"PropertyValueSpecification","valueRequired":true,"valueName":"search_term_string"}}],"inLanguage":"pt-BR"},{"@type":"Organization","@id":"https:\/\/marcelolopes.jor.br\/site\/#organization","name":"Site do Marcelo Lopes","url":"https:\/\/marcelolopes.jor.br\/site\/","logo":{"@type":"ImageObject","inLanguage":"pt-BR","@id":"https:\/\/marcelolopes.jor.br\/site\/#\/schema\/logo\/image\/","url":"https:\/\/marcelolopes.jor.br\/site\/wp-content\/uploads\/2024\/11\/logo-1.png","contentUrl":"https:\/\/marcelolopes.jor.br\/site\/wp-content\/uploads\/2024\/11\/logo-1.png","width":475,"height":80,"caption":"Site do Marcelo Lopes"},"image":{"@id":"https:\/\/marcelolopes.jor.br\/site\/#\/schema\/logo\/image\/"},"sameAs":["https:\/\/www.facebook.com\/sitedomarcelolopes","https:\/\/www.instagram.com\/sitedomarcelolopes\/","https:\/\/www.linkedin.com\/company\/site-do-marcelo-lopes\/","https:\/\/www.youtube.com\/user\/marcelolopes957"]},{"@type":"Person","@id":"https:\/\/marcelolopes.jor.br\/site\/#\/schema\/person\/3e7216a35c34d8fdf952b31da3d1f89f","name":"Marcelo Lopes","sameAs":["http:\/\/www.marcelolopes.jor.br"],"url":"https:\/\/marcelolopes.jor.br\/site\/author\/marcelo\/"}]}},"wps_subtitle":"Ainda, conforme a UFV, a seca dever\u00e1 ser normal daqui para frente.","_links":{"self":[{"href":"https:\/\/marcelolopes.jor.br\/site\/wp-json\/wp\/v2\/posts\/26006","targetHints":{"allow":["GET"]}}],"collection":[{"href":"https:\/\/marcelolopes.jor.br\/site\/wp-json\/wp\/v2\/posts"}],"about":[{"href":"https:\/\/marcelolopes.jor.br\/site\/wp-json\/wp\/v2\/types\/post"}],"author":[{"embeddable":true,"href":"https:\/\/marcelolopes.jor.br\/site\/wp-json\/wp\/v2\/users\/2"}],"replies":[{"embeddable":true,"href":"https:\/\/marcelolopes.jor.br\/site\/wp-json\/wp\/v2\/comments?post=26006"}],"version-history":[{"count":0,"href":"https:\/\/marcelolopes.jor.br\/site\/wp-json\/wp\/v2\/posts\/26006\/revisions"}],"wp:featuredmedia":[{"embeddable":true,"href":"https:\/\/marcelolopes.jor.br\/site\/wp-json\/wp\/v2\/media\/26025"}],"wp:attachment":[{"href":"https:\/\/marcelolopes.jor.br\/site\/wp-json\/wp\/v2\/media?parent=26006"}],"wp:term":[{"taxonomy":"category","embeddable":true,"href":"https:\/\/marcelolopes.jor.br\/site\/wp-json\/wp\/v2\/categories?post=26006"},{"taxonomy":"post_tag","embeddable":true,"href":"https:\/\/marcelolopes.jor.br\/site\/wp-json\/wp\/v2\/tags?post=26006"}],"curies":[{"name":"wp","href":"https:\/\/api.w.org\/{rel}","templated":true}]}}