{"id":25956,"date":"2021-08-10T20:00:50","date_gmt":"2021-08-10T23:00:50","guid":{"rendered":"https:\/\/marcelolopes.jor.br\/?p=25956"},"modified":"2022-05-17T15:42:23","modified_gmt":"2022-05-17T18:42:23","slug":"ministerio-publico-esta-em-novo-endereco-e-vai-construir-sua-sede-propria","status":"publish","type":"post","link":"https:\/\/marcelolopes.jor.br\/site\/2021\/08\/10\/ministerio-publico-esta-em-novo-endereco-e-vai-construir-sua-sede-propria\/","title":{"rendered":"Minist\u00e9rio P\u00fablico est\u00e1 em novo endere\u00e7o e vai construir sua sede pr\u00f3pria"},"content":{"rendered":"<p style=\"text-align: justify;\">O Minist\u00e9rio P\u00fablico de Minas Gerais (MPMG) inaugurou, na tarde desta ter\u00e7a-feira, 10 de agosto, a sede provis\u00f3ria das Promotorias de Justi\u00e7a da Comarca. O novo endere\u00e7o \u00e9 Avenida Humberto Mauro, 409, pr\u00f3ximo ao f\u00f3rum. Na ocasi\u00e3o, foi autorizada a constru\u00e7\u00e3o da sede pr\u00f3pria daquela entidade no munic\u00edpio, cujas obras come\u00e7am nos pr\u00f3ximos dias. A Comarca de Cataguases foi criada h\u00e1 129 anos onde funcionam cinco Promotorias de Justi\u00e7a que atendem a cinco munic\u00edpios: Astolfo Dutra, Cataguases, Dona Euz\u00e9bia, Itamarati de Minas e Santana de Cataguases.<!--more--><\/p>\n<p style=\"text-align: justify;\"><a href=\"http:\/\/www.agenciaram.com.br\"><img loading=\"lazy\" decoding=\"async\" class=\"aligncenter wp-image-25709 size-full\" src=\"https:\/\/marcelolopes.jor.br\/site\/wp-content\/uploads\/2019\/06\/Banner-Ag\u00eancia-RAM.jpeg\" alt=\"\" width=\"800\" height=\"214\" srcset=\"https:\/\/marcelolopes.jor.br\/site\/wp-content\/uploads\/2019\/06\/Banner-Ag\u00eancia-RAM.jpeg 800w, https:\/\/marcelolopes.jor.br\/site\/wp-content\/uploads\/2019\/06\/Banner-Ag\u00eancia-RAM-300x80.jpeg 300w, https:\/\/marcelolopes.jor.br\/site\/wp-content\/uploads\/2019\/06\/Banner-Ag\u00eancia-RAM-768x205.jpeg 768w\" sizes=\"auto, (max-width: 800px) 100vw, 800px\" \/><\/a><img loading=\"lazy\" decoding=\"async\" class=\"size-full wp-image-25959 alignright\" src=\"https:\/\/marcelolopes.jor.br\/site\/wp-content\/uploads\/2021\/08\/IMG_9324.jpeg\" alt=\"\" width=\"200\" height=\"277\" \/>Para inaugurar a sede provis\u00f3ria e anunciar o in\u00edcio das obras do pr\u00e9dio definitivo esteve presente em Cataguases o procurador-geral de Justi\u00e7a, Jarbas Soares J\u00fanior, al\u00e9m do Desembargador do Tribunal de Justi\u00e7a de Minas Gerais, V\u00edtor Peixoto Parreiras Henriques (foto ao lado) e o promotor aposentado Walter Gomes de Oliveira, ambos homenageados com uma placa de prata pelos servi\u00e7os prestados em prol do Minist\u00e9rio P\u00fablico. Na ocasi\u00e3o, V\u00edtor salientou em discurso a \u201cnecess\u00e1ria e merecida a constru\u00e7\u00e3o da sede pr\u00f3pria do MP.\u201d Sobre a homenagem afirmou que ela \u00e9 fruto dos \u201cgrandes amigos e professores que me incentivam ao longo da vida, concluindo sentir-se \u201ceternamente grato ao Minist\u00e9rio P\u00fablico.\u201d<\/p>\n<p style=\"text-align: justify;\"><img loading=\"lazy\" decoding=\"async\" class=\"size-full wp-image-25960 alignleft\" src=\"https:\/\/marcelolopes.jor.br\/site\/wp-content\/uploads\/2021\/08\/IMG_9341.jpeg\" alt=\"\" width=\"200\" height=\"276\" \/>Tamb\u00e9m estiveram presentes &#8211; al\u00e9m de servidores e demais convidados -, o prefeito de Cataguases, Jos\u00e9 Henriques, os defensores p\u00fablicos da Comarca, Eliana Spindola e Bruno Flores, os delegados de pol\u00edcia civil Marcelo Manna, Diego Mattos de Vilhena e \u00c9rica Guedes, al\u00e9m dos promotores de justi\u00e7a lotados no munic\u00edpio, Viviane Moreira Bignami Primo, Rodrigo Ladeira de Ara\u00fajo Abreu, Leandro Pereira Barbosa e Gustavo Garcia Ara\u00fajo, que fez um discurso em nome dos colegas que atuam na comarca pautado pelo amor a Cataguases. Nascido e criado na cidade, Gustavo (foto ao lado) lembrou suas origens, destacou as principais qualidades do munic\u00edpio, bem como sua cultura e, antes de agradecer ao MP pelo apoio dedicado \u00e0 Comarca, ressaltou a import\u00e2ncia da sede pr\u00f3pria para a melhoria da qualidade do trabalho desenvolvido.<\/p>\n<p style=\"text-align: justify;\"><img loading=\"lazy\" decoding=\"async\" class=\"size-full wp-image-25961 alignright\" src=\"https:\/\/marcelolopes.jor.br\/site\/wp-content\/uploads\/2021\/08\/IMG_9344.jpeg\" alt=\"\" width=\"200\" height=\"282\" \/>O procurador-geral do Estado, Jarbas Soares J\u00fanior (foto ao lado) lembrou, durante seu pronunciamento, que em 2004 falou pela primeira vez em criar sedes pr\u00f3prias do MP nas comarcas. \u201cDesde ent\u00e3o n\u00e3o paramos mais e hoje estamos aqui nesta bela casa dando mais um passo para que em breve Cataguases tamb\u00e9m tenha a sua.\u201d Al\u00e9m de citar a import\u00e2ncia da Comarca na Zona da Mata e o passado ilustre da cidade, ele reconheceu o significado que a nova sede trar\u00e1 para os munic\u00edpios que a comp\u00f5em. Jarbas aproveitou para sugerir o nome do promotor aposentado Walter Gomes de Oliveira, que atuou por mais de quarenta anos em Cataguases, para o im\u00f3vel que vai abrigar o MP. Ele concluiu com um agradecimento especial ao prefeito Jos\u00e9 Henriques, a quem desejou um mandato \u201crepleto de \u00eaxito.\u201d<\/p>\n<p>&nbsp;<\/p>\n<p><img loading=\"lazy\" decoding=\"async\" class=\"aligncenter wp-image-25962\" src=\"https:\/\/marcelolopes.jor.br\/site\/wp-content\/uploads\/2021\/08\/IMG_9313.jpeg\" alt=\"\" width=\"700\" height=\"394\" srcset=\"https:\/\/marcelolopes.jor.br\/site\/wp-content\/uploads\/2021\/08\/IMG_9313.jpeg 800w, https:\/\/marcelolopes.jor.br\/site\/wp-content\/uploads\/2021\/08\/IMG_9313-300x169.jpeg 300w, https:\/\/marcelolopes.jor.br\/site\/wp-content\/uploads\/2021\/08\/IMG_9313-768x432.jpeg 768w\" sizes=\"auto, (max-width: 700px) 100vw, 700px\" \/><\/p>\n<p><img loading=\"lazy\" decoding=\"async\" class=\"aligncenter size-full wp-image-25965\" src=\"https:\/\/marcelolopes.jor.br\/site\/wp-content\/uploads\/2021\/08\/IMG_9318w.jpeg\" alt=\"\" width=\"700\" height=\"466\" srcset=\"https:\/\/marcelolopes.jor.br\/site\/wp-content\/uploads\/2021\/08\/IMG_9318w.jpeg 700w, https:\/\/marcelolopes.jor.br\/site\/wp-content\/uploads\/2021\/08\/IMG_9318w-300x200.jpeg 300w\" sizes=\"auto, (max-width: 700px) 100vw, 700px\" \/><\/p>\n<p><img loading=\"lazy\" decoding=\"async\" class=\"aligncenter wp-image-25966\" src=\"https:\/\/marcelolopes.jor.br\/site\/wp-content\/uploads\/2021\/08\/IMG_9327.jpeg\" alt=\"\" width=\"700\" height=\"394\" srcset=\"https:\/\/marcelolopes.jor.br\/site\/wp-content\/uploads\/2021\/08\/IMG_9327.jpeg 800w, https:\/\/marcelolopes.jor.br\/site\/wp-content\/uploads\/2021\/08\/IMG_9327-300x169.jpeg 300w, https:\/\/marcelolopes.jor.br\/site\/wp-content\/uploads\/2021\/08\/IMG_9327-768x432.jpeg 768w\" sizes=\"auto, (max-width: 700px) 100vw, 700px\" \/><\/p>\n<p><img loading=\"lazy\" decoding=\"async\" class=\"aligncenter wp-image-25967\" src=\"https:\/\/marcelolopes.jor.br\/site\/wp-content\/uploads\/2021\/08\/IMG_9337.jpeg\" alt=\"\" width=\"700\" height=\"394\" srcset=\"https:\/\/marcelolopes.jor.br\/site\/wp-content\/uploads\/2021\/08\/IMG_9337.jpeg 800w, https:\/\/marcelolopes.jor.br\/site\/wp-content\/uploads\/2021\/08\/IMG_9337-300x169.jpeg 300w, https:\/\/marcelolopes.jor.br\/site\/wp-content\/uploads\/2021\/08\/IMG_9337-768x432.jpeg 768w\" sizes=\"auto, (max-width: 700px) 100vw, 700px\" \/><\/p>\n<p><img loading=\"lazy\" decoding=\"async\" class=\"aligncenter wp-image-25968\" src=\"https:\/\/marcelolopes.jor.br\/site\/wp-content\/uploads\/2021\/08\/IMG_9348.jpeg\" alt=\"\" width=\"700\" height=\"394\" srcset=\"https:\/\/marcelolopes.jor.br\/site\/wp-content\/uploads\/2021\/08\/IMG_9348.jpeg 800w, https:\/\/marcelolopes.jor.br\/site\/wp-content\/uploads\/2021\/08\/IMG_9348-300x169.jpeg 300w, https:\/\/marcelolopes.jor.br\/site\/wp-content\/uploads\/2021\/08\/IMG_9348-768x432.jpeg 768w\" sizes=\"auto, (max-width: 700px) 100vw, 700px\" \/><\/p>\n<p><img loading=\"lazy\" decoding=\"async\" class=\"aligncenter wp-image-25969\" src=\"https:\/\/marcelolopes.jor.br\/site\/wp-content\/uploads\/2021\/08\/IMG_9349.jpeg\" alt=\"\" width=\"700\" height=\"394\" srcset=\"https:\/\/marcelolopes.jor.br\/site\/wp-content\/uploads\/2021\/08\/IMG_9349.jpeg 800w, https:\/\/marcelolopes.jor.br\/site\/wp-content\/uploads\/2021\/08\/IMG_9349-300x169.jpeg 300w, https:\/\/marcelolopes.jor.br\/site\/wp-content\/uploads\/2021\/08\/IMG_9349-768x432.jpeg 768w\" sizes=\"auto, (max-width: 700px) 100vw, 700px\" \/> <img loading=\"lazy\" decoding=\"async\" class=\"aligncenter wp-image-25970\" src=\"https:\/\/marcelolopes.jor.br\/site\/wp-content\/uploads\/2021\/08\/IMG_9353.jpeg\" alt=\"\" width=\"700\" height=\"394\" srcset=\"https:\/\/marcelolopes.jor.br\/site\/wp-content\/uploads\/2021\/08\/IMG_9353.jpeg 800w, https:\/\/marcelolopes.jor.br\/site\/wp-content\/uploads\/2021\/08\/IMG_9353-300x169.jpeg 300w, https:\/\/marcelolopes.jor.br\/site\/wp-content\/uploads\/2021\/08\/IMG_9353-768x432.jpeg 768w\" sizes=\"auto, (max-width: 700px) 100vw, 700px\" \/> <img loading=\"lazy\" decoding=\"async\" class=\"aligncenter wp-image-25971\" src=\"https:\/\/marcelolopes.jor.br\/site\/wp-content\/uploads\/2021\/08\/IMG_9357.jpeg\" alt=\"\" width=\"700\" height=\"394\" srcset=\"https:\/\/marcelolopes.jor.br\/site\/wp-content\/uploads\/2021\/08\/IMG_9357.jpeg 800w, https:\/\/marcelolopes.jor.br\/site\/wp-content\/uploads\/2021\/08\/IMG_9357-300x169.jpeg 300w, https:\/\/marcelolopes.jor.br\/site\/wp-content\/uploads\/2021\/08\/IMG_9357-768x432.jpeg 768w\" sizes=\"auto, (max-width: 700px) 100vw, 700px\" \/><\/p>\n<p>&nbsp;<\/p>\n<div class=\"crdkc69f5db767ae01\" ><br><\/div><style type=\"text\/css\">\r\n@media screen and (min-width: 1201px) {\r\n.crdkc69f5db767ae01 {\r\ndisplay: block;\r\n}\r\n}\r\n@media screen and (min-width: 993px) and (max-width: 1200px) {\r\n.crdkc69f5db767ae01 {\r\ndisplay: block;\r\n}\r\n}\r\n@media screen and (min-width: 769px) and (max-width: 992px) {\r\n.crdkc69f5db767ae01 {\r\ndisplay: block;\r\n}\r\n}\r\n@media screen and (min-width: 768px) and (max-width: 768px) {\r\n.crdkc69f5db767ae01 {\r\ndisplay: block;\r\n}\r\n}\r\n@media screen and (max-width: 767px) {\r\n.crdkc69f5db767ae01 {\r\ndisplay: block;\r\n}\r\n}\r\n<\/style>\r\n<div class=\"aojtc69f5db767fb46\" ><div id=\"div_destino\"><\/div>\r\n<script src=\"https:\/\/cdn.snsrsv.com\/sdk.js\"><\/script>\r\n<script >\r\n      new sdk(\"464030C30061EA8BE065000000000001\") \r\n          .appendTo(\"div_destino\")\r\n          .disableStyle(true) \r\n          .setCacheBusterMacro(\"%%CACHEBUSTER%%\")\r\n          .setSize(\"800\",\"214\")\r\n          .setClickMacro(\"%%CLICK_URL_ESC%%\") \r\n          .setReferrerUrlMacro(\"%%REFERRER_URL_ESC%%\") \r\n          .start(); \r\n<\/script><\/div><style type=\"text\/css\">\r\n@media screen and (min-width: 1201px) {\r\n.aojtc69f5db767fb46 {\r\ndisplay: block;\r\n}\r\n}\r\n@media screen and (min-width: 993px) and (max-width: 1200px) {\r\n.aojtc69f5db767fb46 {\r\ndisplay: block;\r\n}\r\n}\r\n@media screen and (min-width: 769px) and (max-width: 992px) {\r\n.aojtc69f5db767fb46 {\r\ndisplay: block;\r\n}\r\n}\r\n@media screen and (min-width: 768px) and (max-width: 768px) {\r\n.aojtc69f5db767fb46 {\r\ndisplay: block;\r\n}\r\n}\r\n@media screen and (max-width: 767px) {\r\n.aojtc69f5db767fb46 {\r\ndisplay: block;\r\n}\r\n}\r\n<\/style>\r\n","protected":false},"excerpt":{"rendered":"<p>O Minist\u00e9rio P\u00fablico de Minas Gerais (MPMG) inaugurou, na tarde desta ter\u00e7a-feira, 10 de agosto, a sede provis\u00f3ria das Promotorias de Justi\u00e7a da Comarca. O novo endere\u00e7o \u00e9 Avenida Humberto Mauro, 409, pr\u00f3ximo ao f\u00f3rum. Na ocasi\u00e3o, foi autorizada a<\/p>\n<p class=\"link-more\"><a class=\"more-link\" href=\"https:\/\/marcelolopes.jor.br\/site\/2021\/08\/10\/ministerio-publico-esta-em-novo-endereco-e-vai-construir-sua-sede-propria\/\">Leia mais <span class=\"screen-reader-text\">Minist\u00e9rio P\u00fablico est\u00e1 em novo endere\u00e7o e vai construir sua sede pr\u00f3pria<\/span><\/a><\/p>\n","protected":false},"author":2,"featured_media":25958,"comment_status":"open","ping_status":"open","sticky":false,"template":"","format":"standard","meta":{"footnotes":""},"categories":[1],"tags":[1201,4512,670,4511],"class_list":["post-25956","post","type-post","status-publish","format-standard","has-post-thumbnail","hentry","category-noticias","tag-mpmg","tag-promotorias-de-justica","tag-sede-propria","tag-sede-provisoria","thumb-below-title"],"yoast_head":"<!-- This site is optimized with the Yoast SEO plugin v27.4 - https:\/\/yoast.com\/product\/yoast-seo-wordpress\/ -->\n<title>Minist\u00e9rio P\u00fablico esta em novo endere\u00e7o e vai construir sede pr\u00f3pria<\/title>\n<meta name=\"description\" content=\"Minist\u00e9rio P\u00fablico est\u00e1 em novo endere\u00e7o e vai construir sede pr\u00f3pria. Obras foram autorizadas e devem come\u00e7ar nos pr\u00f3ximos dias.\" \/>\n<meta name=\"robots\" content=\"index, follow, max-snippet:-1, max-image-preview:large, max-video-preview:-1\" \/>\n<link rel=\"canonical\" href=\"https:\/\/marcelolopes.jor.br\/site\/2021\/08\/10\/ministerio-publico-esta-em-novo-endereco-e-vai-construir-sua-sede-propria\/\" \/>\n<meta property=\"og:locale\" content=\"pt_BR\" \/>\n<meta property=\"og:type\" content=\"article\" \/>\n<meta property=\"og:title\" content=\"Minist\u00e9rio P\u00fablico esta em novo endere\u00e7o e vai construir sede pr\u00f3pria\" \/>\n<meta property=\"og:description\" content=\"Minist\u00e9rio P\u00fablico est\u00e1 em novo endere\u00e7o e vai construir sede pr\u00f3pria. Obras foram autorizadas e devem come\u00e7ar nos pr\u00f3ximos dias.\" \/>\n<meta property=\"og:url\" content=\"https:\/\/marcelolopes.jor.br\/site\/2021\/08\/10\/ministerio-publico-esta-em-novo-endereco-e-vai-construir-sua-sede-propria\/\" \/>\n<meta property=\"og:site_name\" content=\"Marcelo Lopes\" \/>\n<meta property=\"article:publisher\" content=\"https:\/\/www.facebook.com\/sitedomarcelolopes\" \/>\n<meta property=\"article:published_time\" content=\"2021-08-10T23:00:50+00:00\" \/>\n<meta property=\"article:modified_time\" content=\"2022-05-17T18:42:23+00:00\" \/>\n<meta property=\"og:image\" content=\"https:\/\/marcelolopes.jor.br\/site\/wp-content\/uploads\/2021\/08\/IMG_9302.jpeg\" \/>\n\t<meta property=\"og:image:width\" content=\"800\" \/>\n\t<meta property=\"og:image:height\" content=\"450\" \/>\n\t<meta property=\"og:image:type\" content=\"image\/jpeg\" \/>\n<meta name=\"author\" content=\"Marcelo Lopes\" \/>\n<meta name=\"twitter:card\" content=\"summary_large_image\" \/>\n<meta name=\"twitter:label1\" content=\"Escrito por\" \/>\n\t<meta name=\"twitter:data1\" content=\"Marcelo Lopes\" \/>\n\t<meta name=\"twitter:label2\" content=\"Est. tempo de leitura\" \/>\n\t<meta name=\"twitter:data2\" content=\"3 minutos\" \/>\n<script type=\"application\/ld+json\" class=\"yoast-schema-graph\">{\"@context\":\"https:\\\/\\\/schema.org\",\"@graph\":[{\"@type\":\"NewsArticle\",\"@id\":\"https:\\\/\\\/marcelolopes.jor.br\\\/site\\\/2021\\\/08\\\/10\\\/ministerio-publico-esta-em-novo-endereco-e-vai-construir-sua-sede-propria\\\/#article\",\"isPartOf\":{\"@id\":\"https:\\\/\\\/marcelolopes.jor.br\\\/site\\\/2021\\\/08\\\/10\\\/ministerio-publico-esta-em-novo-endereco-e-vai-construir-sua-sede-propria\\\/\"},\"author\":{\"name\":\"Marcelo Lopes\",\"@id\":\"https:\\\/\\\/marcelolopes.jor.br\\\/site\\\/#\\\/schema\\\/person\\\/3e7216a35c34d8fdf952b31da3d1f89f\"},\"headline\":\"Minist\u00e9rio P\u00fablico est\u00e1 em novo endere\u00e7o e vai construir sua sede pr\u00f3pria\",\"datePublished\":\"2021-08-10T23:00:50+00:00\",\"dateModified\":\"2022-05-17T18:42:23+00:00\",\"mainEntityOfPage\":{\"@id\":\"https:\\\/\\\/marcelolopes.jor.br\\\/site\\\/2021\\\/08\\\/10\\\/ministerio-publico-esta-em-novo-endereco-e-vai-construir-sua-sede-propria\\\/\"},\"wordCount\":526,\"commentCount\":0,\"publisher\":{\"@id\":\"https:\\\/\\\/marcelolopes.jor.br\\\/site\\\/#organization\"},\"image\":{\"@id\":\"https:\\\/\\\/marcelolopes.jor.br\\\/site\\\/2021\\\/08\\\/10\\\/ministerio-publico-esta-em-novo-endereco-e-vai-construir-sua-sede-propria\\\/#primaryimage\"},\"thumbnailUrl\":\"https:\\\/\\\/marcelolopes.jor.br\\\/site\\\/wp-content\\\/uploads\\\/2021\\\/08\\\/IMG_9302.jpeg\",\"keywords\":[\"MPMG\",\"promotorias de justi\u00e7a\",\"sede pr\u00f3pria\",\"sede provis\u00f3ria\"],\"articleSection\":[\"Not\u00edcias\"],\"inLanguage\":\"pt-BR\",\"potentialAction\":[{\"@type\":\"CommentAction\",\"name\":\"Comment\",\"target\":[\"https:\\\/\\\/marcelolopes.jor.br\\\/site\\\/2021\\\/08\\\/10\\\/ministerio-publico-esta-em-novo-endereco-e-vai-construir-sua-sede-propria\\\/#respond\"]}]},{\"@type\":\"WebPage\",\"@id\":\"https:\\\/\\\/marcelolopes.jor.br\\\/site\\\/2021\\\/08\\\/10\\\/ministerio-publico-esta-em-novo-endereco-e-vai-construir-sua-sede-propria\\\/\",\"url\":\"https:\\\/\\\/marcelolopes.jor.br\\\/site\\\/2021\\\/08\\\/10\\\/ministerio-publico-esta-em-novo-endereco-e-vai-construir-sua-sede-propria\\\/\",\"name\":\"Minist\u00e9rio P\u00fablico esta em novo endere\u00e7o e vai construir sede pr\u00f3pria\",\"isPartOf\":{\"@id\":\"https:\\\/\\\/marcelolopes.jor.br\\\/site\\\/#website\"},\"primaryImageOfPage\":{\"@id\":\"https:\\\/\\\/marcelolopes.jor.br\\\/site\\\/2021\\\/08\\\/10\\\/ministerio-publico-esta-em-novo-endereco-e-vai-construir-sua-sede-propria\\\/#primaryimage\"},\"image\":{\"@id\":\"https:\\\/\\\/marcelolopes.jor.br\\\/site\\\/2021\\\/08\\\/10\\\/ministerio-publico-esta-em-novo-endereco-e-vai-construir-sua-sede-propria\\\/#primaryimage\"},\"thumbnailUrl\":\"https:\\\/\\\/marcelolopes.jor.br\\\/site\\\/wp-content\\\/uploads\\\/2021\\\/08\\\/IMG_9302.jpeg\",\"datePublished\":\"2021-08-10T23:00:50+00:00\",\"dateModified\":\"2022-05-17T18:42:23+00:00\",\"description\":\"Minist\u00e9rio P\u00fablico est\u00e1 em novo endere\u00e7o e vai construir sede pr\u00f3pria. Obras foram autorizadas e devem come\u00e7ar nos pr\u00f3ximos dias.\",\"breadcrumb\":{\"@id\":\"https:\\\/\\\/marcelolopes.jor.br\\\/site\\\/2021\\\/08\\\/10\\\/ministerio-publico-esta-em-novo-endereco-e-vai-construir-sua-sede-propria\\\/#breadcrumb\"},\"inLanguage\":\"pt-BR\",\"potentialAction\":[{\"@type\":\"ReadAction\",\"target\":[\"https:\\\/\\\/marcelolopes.jor.br\\\/site\\\/2021\\\/08\\\/10\\\/ministerio-publico-esta-em-novo-endereco-e-vai-construir-sua-sede-propria\\\/\"]}]},{\"@type\":\"ImageObject\",\"inLanguage\":\"pt-BR\",\"@id\":\"https:\\\/\\\/marcelolopes.jor.br\\\/site\\\/2021\\\/08\\\/10\\\/ministerio-publico-esta-em-novo-endereco-e-vai-construir-sua-sede-propria\\\/#primaryimage\",\"url\":\"https:\\\/\\\/marcelolopes.jor.br\\\/site\\\/wp-content\\\/uploads\\\/2021\\\/08\\\/IMG_9302.jpeg\",\"contentUrl\":\"https:\\\/\\\/marcelolopes.jor.br\\\/site\\\/wp-content\\\/uploads\\\/2021\\\/08\\\/IMG_9302.jpeg\",\"width\":800,\"height\":450},{\"@type\":\"BreadcrumbList\",\"@id\":\"https:\\\/\\\/marcelolopes.jor.br\\\/site\\\/2021\\\/08\\\/10\\\/ministerio-publico-esta-em-novo-endereco-e-vai-construir-sua-sede-propria\\\/#breadcrumb\",\"itemListElement\":[{\"@type\":\"ListItem\",\"position\":1,\"name\":\"Home\",\"item\":\"https:\\\/\\\/marcelolopes.jor.br\\\/site\\\/\"},{\"@type\":\"ListItem\",\"position\":2,\"name\":\"Minist\u00e9rio P\u00fablico est\u00e1 em novo endere\u00e7o e vai construir sua sede pr\u00f3pria\"}]},{\"@type\":\"WebSite\",\"@id\":\"https:\\\/\\\/marcelolopes.jor.br\\\/site\\\/#website\",\"url\":\"https:\\\/\\\/marcelolopes.jor.br\\\/site\\\/\",\"name\":\"Marcelo Lopes\",\"description\":\"Not\u00edcias de Cataguases e Regi\u00e3o\",\"publisher\":{\"@id\":\"https:\\\/\\\/marcelolopes.jor.br\\\/site\\\/#organization\"},\"potentialAction\":[{\"@type\":\"SearchAction\",\"target\":{\"@type\":\"EntryPoint\",\"urlTemplate\":\"https:\\\/\\\/marcelolopes.jor.br\\\/site\\\/?s={search_term_string}\"},\"query-input\":{\"@type\":\"PropertyValueSpecification\",\"valueRequired\":true,\"valueName\":\"search_term_string\"}}],\"inLanguage\":\"pt-BR\"},{\"@type\":\"Organization\",\"@id\":\"https:\\\/\\\/marcelolopes.jor.br\\\/site\\\/#organization\",\"name\":\"Site do Marcelo Lopes\",\"url\":\"https:\\\/\\\/marcelolopes.jor.br\\\/site\\\/\",\"logo\":{\"@type\":\"ImageObject\",\"inLanguage\":\"pt-BR\",\"@id\":\"https:\\\/\\\/marcelolopes.jor.br\\\/site\\\/#\\\/schema\\\/logo\\\/image\\\/\",\"url\":\"https:\\\/\\\/marcelolopes.jor.br\\\/site\\\/wp-content\\\/uploads\\\/2024\\\/11\\\/logo-1.png\",\"contentUrl\":\"https:\\\/\\\/marcelolopes.jor.br\\\/site\\\/wp-content\\\/uploads\\\/2024\\\/11\\\/logo-1.png\",\"width\":475,\"height\":80,\"caption\":\"Site do Marcelo Lopes\"},\"image\":{\"@id\":\"https:\\\/\\\/marcelolopes.jor.br\\\/site\\\/#\\\/schema\\\/logo\\\/image\\\/\"},\"sameAs\":[\"https:\\\/\\\/www.facebook.com\\\/sitedomarcelolopes\",\"https:\\\/\\\/www.instagram.com\\\/sitedomarcelolopes\\\/\",\"https:\\\/\\\/www.linkedin.com\\\/company\\\/site-do-marcelo-lopes\\\/\",\"https:\\\/\\\/www.youtube.com\\\/user\\\/marcelolopes957\"]},{\"@type\":\"Person\",\"@id\":\"https:\\\/\\\/marcelolopes.jor.br\\\/site\\\/#\\\/schema\\\/person\\\/3e7216a35c34d8fdf952b31da3d1f89f\",\"name\":\"Marcelo Lopes\",\"sameAs\":[\"http:\\\/\\\/www.marcelolopes.jor.br\"],\"url\":\"https:\\\/\\\/marcelolopes.jor.br\\\/site\\\/author\\\/marcelo\\\/\"}]}<\/script>\n<!-- \/ Yoast SEO plugin. -->","yoast_head_json":{"title":"Minist\u00e9rio P\u00fablico esta em novo endere\u00e7o e vai construir sede pr\u00f3pria","description":"Minist\u00e9rio P\u00fablico est\u00e1 em novo endere\u00e7o e vai construir sede pr\u00f3pria. Obras foram autorizadas e devem come\u00e7ar nos pr\u00f3ximos dias.","robots":{"index":"index","follow":"follow","max-snippet":"max-snippet:-1","max-image-preview":"max-image-preview:large","max-video-preview":"max-video-preview:-1"},"canonical":"https:\/\/marcelolopes.jor.br\/site\/2021\/08\/10\/ministerio-publico-esta-em-novo-endereco-e-vai-construir-sua-sede-propria\/","og_locale":"pt_BR","og_type":"article","og_title":"Minist\u00e9rio P\u00fablico esta em novo endere\u00e7o e vai construir sede pr\u00f3pria","og_description":"Minist\u00e9rio P\u00fablico est\u00e1 em novo endere\u00e7o e vai construir sede pr\u00f3pria. Obras foram autorizadas e devem come\u00e7ar nos pr\u00f3ximos dias.","og_url":"https:\/\/marcelolopes.jor.br\/site\/2021\/08\/10\/ministerio-publico-esta-em-novo-endereco-e-vai-construir-sua-sede-propria\/","og_site_name":"Marcelo Lopes","article_publisher":"https:\/\/www.facebook.com\/sitedomarcelolopes","article_published_time":"2021-08-10T23:00:50+00:00","article_modified_time":"2022-05-17T18:42:23+00:00","og_image":[{"width":800,"height":450,"url":"https:\/\/marcelolopes.jor.br\/site\/wp-content\/uploads\/2021\/08\/IMG_9302.jpeg","type":"image\/jpeg"}],"author":"Marcelo Lopes","twitter_card":"summary_large_image","twitter_misc":{"Escrito por":"Marcelo Lopes","Est. tempo de leitura":"3 minutos"},"schema":{"@context":"https:\/\/schema.org","@graph":[{"@type":"NewsArticle","@id":"https:\/\/marcelolopes.jor.br\/site\/2021\/08\/10\/ministerio-publico-esta-em-novo-endereco-e-vai-construir-sua-sede-propria\/#article","isPartOf":{"@id":"https:\/\/marcelolopes.jor.br\/site\/2021\/08\/10\/ministerio-publico-esta-em-novo-endereco-e-vai-construir-sua-sede-propria\/"},"author":{"name":"Marcelo Lopes","@id":"https:\/\/marcelolopes.jor.br\/site\/#\/schema\/person\/3e7216a35c34d8fdf952b31da3d1f89f"},"headline":"Minist\u00e9rio P\u00fablico est\u00e1 em novo endere\u00e7o e vai construir sua sede pr\u00f3pria","datePublished":"2021-08-10T23:00:50+00:00","dateModified":"2022-05-17T18:42:23+00:00","mainEntityOfPage":{"@id":"https:\/\/marcelolopes.jor.br\/site\/2021\/08\/10\/ministerio-publico-esta-em-novo-endereco-e-vai-construir-sua-sede-propria\/"},"wordCount":526,"commentCount":0,"publisher":{"@id":"https:\/\/marcelolopes.jor.br\/site\/#organization"},"image":{"@id":"https:\/\/marcelolopes.jor.br\/site\/2021\/08\/10\/ministerio-publico-esta-em-novo-endereco-e-vai-construir-sua-sede-propria\/#primaryimage"},"thumbnailUrl":"https:\/\/marcelolopes.jor.br\/site\/wp-content\/uploads\/2021\/08\/IMG_9302.jpeg","keywords":["MPMG","promotorias de justi\u00e7a","sede pr\u00f3pria","sede provis\u00f3ria"],"articleSection":["Not\u00edcias"],"inLanguage":"pt-BR","potentialAction":[{"@type":"CommentAction","name":"Comment","target":["https:\/\/marcelolopes.jor.br\/site\/2021\/08\/10\/ministerio-publico-esta-em-novo-endereco-e-vai-construir-sua-sede-propria\/#respond"]}]},{"@type":"WebPage","@id":"https:\/\/marcelolopes.jor.br\/site\/2021\/08\/10\/ministerio-publico-esta-em-novo-endereco-e-vai-construir-sua-sede-propria\/","url":"https:\/\/marcelolopes.jor.br\/site\/2021\/08\/10\/ministerio-publico-esta-em-novo-endereco-e-vai-construir-sua-sede-propria\/","name":"Minist\u00e9rio P\u00fablico esta em novo endere\u00e7o e vai construir sede pr\u00f3pria","isPartOf":{"@id":"https:\/\/marcelolopes.jor.br\/site\/#website"},"primaryImageOfPage":{"@id":"https:\/\/marcelolopes.jor.br\/site\/2021\/08\/10\/ministerio-publico-esta-em-novo-endereco-e-vai-construir-sua-sede-propria\/#primaryimage"},"image":{"@id":"https:\/\/marcelolopes.jor.br\/site\/2021\/08\/10\/ministerio-publico-esta-em-novo-endereco-e-vai-construir-sua-sede-propria\/#primaryimage"},"thumbnailUrl":"https:\/\/marcelolopes.jor.br\/site\/wp-content\/uploads\/2021\/08\/IMG_9302.jpeg","datePublished":"2021-08-10T23:00:50+00:00","dateModified":"2022-05-17T18:42:23+00:00","description":"Minist\u00e9rio P\u00fablico est\u00e1 em novo endere\u00e7o e vai construir sede pr\u00f3pria. Obras foram autorizadas e devem come\u00e7ar nos pr\u00f3ximos dias.","breadcrumb":{"@id":"https:\/\/marcelolopes.jor.br\/site\/2021\/08\/10\/ministerio-publico-esta-em-novo-endereco-e-vai-construir-sua-sede-propria\/#breadcrumb"},"inLanguage":"pt-BR","potentialAction":[{"@type":"ReadAction","target":["https:\/\/marcelolopes.jor.br\/site\/2021\/08\/10\/ministerio-publico-esta-em-novo-endereco-e-vai-construir-sua-sede-propria\/"]}]},{"@type":"ImageObject","inLanguage":"pt-BR","@id":"https:\/\/marcelolopes.jor.br\/site\/2021\/08\/10\/ministerio-publico-esta-em-novo-endereco-e-vai-construir-sua-sede-propria\/#primaryimage","url":"https:\/\/marcelolopes.jor.br\/site\/wp-content\/uploads\/2021\/08\/IMG_9302.jpeg","contentUrl":"https:\/\/marcelolopes.jor.br\/site\/wp-content\/uploads\/2021\/08\/IMG_9302.jpeg","width":800,"height":450},{"@type":"BreadcrumbList","@id":"https:\/\/marcelolopes.jor.br\/site\/2021\/08\/10\/ministerio-publico-esta-em-novo-endereco-e-vai-construir-sua-sede-propria\/#breadcrumb","itemListElement":[{"@type":"ListItem","position":1,"name":"Home","item":"https:\/\/marcelolopes.jor.br\/site\/"},{"@type":"ListItem","position":2,"name":"Minist\u00e9rio P\u00fablico est\u00e1 em novo endere\u00e7o e vai construir sua sede pr\u00f3pria"}]},{"@type":"WebSite","@id":"https:\/\/marcelolopes.jor.br\/site\/#website","url":"https:\/\/marcelolopes.jor.br\/site\/","name":"Marcelo Lopes","description":"Not\u00edcias de Cataguases e Regi\u00e3o","publisher":{"@id":"https:\/\/marcelolopes.jor.br\/site\/#organization"},"potentialAction":[{"@type":"SearchAction","target":{"@type":"EntryPoint","urlTemplate":"https:\/\/marcelolopes.jor.br\/site\/?s={search_term_string}"},"query-input":{"@type":"PropertyValueSpecification","valueRequired":true,"valueName":"search_term_string"}}],"inLanguage":"pt-BR"},{"@type":"Organization","@id":"https:\/\/marcelolopes.jor.br\/site\/#organization","name":"Site do Marcelo Lopes","url":"https:\/\/marcelolopes.jor.br\/site\/","logo":{"@type":"ImageObject","inLanguage":"pt-BR","@id":"https:\/\/marcelolopes.jor.br\/site\/#\/schema\/logo\/image\/","url":"https:\/\/marcelolopes.jor.br\/site\/wp-content\/uploads\/2024\/11\/logo-1.png","contentUrl":"https:\/\/marcelolopes.jor.br\/site\/wp-content\/uploads\/2024\/11\/logo-1.png","width":475,"height":80,"caption":"Site do Marcelo Lopes"},"image":{"@id":"https:\/\/marcelolopes.jor.br\/site\/#\/schema\/logo\/image\/"},"sameAs":["https:\/\/www.facebook.com\/sitedomarcelolopes","https:\/\/www.instagram.com\/sitedomarcelolopes\/","https:\/\/www.linkedin.com\/company\/site-do-marcelo-lopes\/","https:\/\/www.youtube.com\/user\/marcelolopes957"]},{"@type":"Person","@id":"https:\/\/marcelolopes.jor.br\/site\/#\/schema\/person\/3e7216a35c34d8fdf952b31da3d1f89f","name":"Marcelo Lopes","sameAs":["http:\/\/www.marcelolopes.jor.br"],"url":"https:\/\/marcelolopes.jor.br\/site\/author\/marcelo\/"}]}},"wps_subtitle":"As obras j\u00e1 foram autorizadas e devem come\u00e7ar nos pr\u00f3ximos dias.","_links":{"self":[{"href":"https:\/\/marcelolopes.jor.br\/site\/wp-json\/wp\/v2\/posts\/25956","targetHints":{"allow":["GET"]}}],"collection":[{"href":"https:\/\/marcelolopes.jor.br\/site\/wp-json\/wp\/v2\/posts"}],"about":[{"href":"https:\/\/marcelolopes.jor.br\/site\/wp-json\/wp\/v2\/types\/post"}],"author":[{"embeddable":true,"href":"https:\/\/marcelolopes.jor.br\/site\/wp-json\/wp\/v2\/users\/2"}],"replies":[{"embeddable":true,"href":"https:\/\/marcelolopes.jor.br\/site\/wp-json\/wp\/v2\/comments?post=25956"}],"version-history":[{"count":0,"href":"https:\/\/marcelolopes.jor.br\/site\/wp-json\/wp\/v2\/posts\/25956\/revisions"}],"wp:featuredmedia":[{"embeddable":true,"href":"https:\/\/marcelolopes.jor.br\/site\/wp-json\/wp\/v2\/media\/25958"}],"wp:attachment":[{"href":"https:\/\/marcelolopes.jor.br\/site\/wp-json\/wp\/v2\/media?parent=25956"}],"wp:term":[{"taxonomy":"category","embeddable":true,"href":"https:\/\/marcelolopes.jor.br\/site\/wp-json\/wp\/v2\/categories?post=25956"},{"taxonomy":"post_tag","embeddable":true,"href":"https:\/\/marcelolopes.jor.br\/site\/wp-json\/wp\/v2\/tags?post=25956"}],"curies":[{"name":"wp","href":"https:\/\/api.w.org\/{rel}","templated":true}]}}