{"id":2590,"date":"2019-06-21T20:00:41","date_gmt":"2019-06-21T23:00:41","guid":{"rendered":"https:\/\/marcelolopes.jor.br\/?p=2590"},"modified":"2019-06-21T18:18:15","modified_gmt":"2019-06-21T21:18:15","slug":"agencia-fazendaria-agora-funciona-no-centro-administrativo-municipal","status":"publish","type":"post","link":"https:\/\/marcelolopes.jor.br\/site\/2019\/06\/21\/agencia-fazendaria-agora-funciona-no-centro-administrativo-municipal\/","title":{"rendered":"Ag\u00eancia Fazend\u00e1ria agora funciona no Centro Administrativo municipal"},"content":{"rendered":"<p style=\"text-align: justify;\">A ag\u00eancia da Administra\u00e7\u00e3o Fazend\u00e1ria de Minas Gerais (AF) em Cataguases est\u00e1 funcionando em novo endere\u00e7o. Desde o in\u00edcio de junho, o \u00f3rg\u00e3o foi transferido pra o Centro Administrativo Municipal (antigo Pronto Cordis), que \u00e9 mantido pela prefeitura. A mudan\u00e7a ocorreu em fun\u00e7\u00e3o da pol\u00edtica de redu\u00e7\u00e3o de despesas determinada pelo governador de Minas, Romeu Zema, que, entre outras iniciativas, decidiu n\u00e3o mais pagar os alugueis das reparti\u00e7\u00f5es p\u00fablicas estaduais que funcionam nos munic\u00edpios.<!--more--><\/p>\n<p style=\"text-align: justify;\">Desta forma, Cataguases corria o risco de perder a ag\u00eancia da AF, o que poderia criar transtornos para o cidad\u00e3o que precisa resolver quest\u00f5es referentes aos tributos estaduais, retirar guias, segundas vias de tributos e taxas, entre outros atendimentos que s\u00e3o prestados pelo \u00f3rg\u00e3o, ligado \u00e0 Secretaria de Estado da Fazenda de Minas Gerais.<\/p>\n<p style=\"text-align: justify;\">H\u00e1 d\u00e9cadas instalada em im\u00f3vel localizado ao lado da Ponte Nova, no centro da cidade, a ag\u00eancia re\u00fane auditores e t\u00e9cnicos que sempre prestaram diversos servi\u00e7os \u00e0 comunidade de Cataguases, o que \u00e9 ressaltado pela chefe da ag\u00eancia, Maria do Carmo Vale Neto Machado. \u201cAl\u00e9m de tranquilidade para os servidores e contribuintes pela manuten\u00e7\u00e3o do servi\u00e7o no munic\u00edpio, o Centro Administrativo tem a vantagem de reunir em um s\u00f3 local os atendimentos das demandas com tributos estaduais e municipais. Desta forma acredito que o contribuinte est\u00e1 agora melhor servido&#8221;, analisou.<\/p>\n<p>Da Reda\u00e7\u00e3o<\/p>\n<div class=\"exnnr69f7436a40538\" ><br><\/div><style type=\"text\/css\">\r\n@media screen and (min-width: 1201px) {\r\n.exnnr69f7436a40538 {\r\ndisplay: block;\r\n}\r\n}\r\n@media screen and (min-width: 993px) and (max-width: 1200px) {\r\n.exnnr69f7436a40538 {\r\ndisplay: block;\r\n}\r\n}\r\n@media screen and (min-width: 769px) and (max-width: 992px) {\r\n.exnnr69f7436a40538 {\r\ndisplay: block;\r\n}\r\n}\r\n@media screen and (min-width: 768px) and (max-width: 768px) {\r\n.exnnr69f7436a40538 {\r\ndisplay: block;\r\n}\r\n}\r\n@media screen and (max-width: 767px) {\r\n.exnnr69f7436a40538 {\r\ndisplay: block;\r\n}\r\n}\r\n<\/style>\r\n<div class=\"ilxrm69f7436a46cb0\" ><div id=\"div_destino\"><\/div>\r\n<script src=\"https:\/\/cdn.snsrsv.com\/sdk.js\"><\/script>\r\n<script >\r\n      new sdk(\"464030C30061EA8BE065000000000001\") \r\n          .appendTo(\"div_destino\")\r\n          .disableStyle(true) \r\n          .setCacheBusterMacro(\"%%CACHEBUSTER%%\")\r\n          .setSize(\"800\",\"214\")\r\n          .setClickMacro(\"%%CLICK_URL_ESC%%\") \r\n          .setReferrerUrlMacro(\"%%REFERRER_URL_ESC%%\") \r\n          .start(); \r\n<\/script><\/div><style type=\"text\/css\">\r\n@media screen and (min-width: 1201px) {\r\n.ilxrm69f7436a46cb0 {\r\ndisplay: block;\r\n}\r\n}\r\n@media screen and (min-width: 993px) and (max-width: 1200px) {\r\n.ilxrm69f7436a46cb0 {\r\ndisplay: block;\r\n}\r\n}\r\n@media screen and (min-width: 769px) and (max-width: 992px) {\r\n.ilxrm69f7436a46cb0 {\r\ndisplay: block;\r\n}\r\n}\r\n@media screen and (min-width: 768px) and (max-width: 768px) {\r\n.ilxrm69f7436a46cb0 {\r\ndisplay: block;\r\n}\r\n}\r\n@media screen and (max-width: 767px) {\r\n.ilxrm69f7436a46cb0 {\r\ndisplay: block;\r\n}\r\n}\r\n<\/style>\r\n","protected":false},"excerpt":{"rendered":"<p>A ag\u00eancia da Administra\u00e7\u00e3o Fazend\u00e1ria de Minas Gerais (AF) em Cataguases est\u00e1 funcionando em novo endere\u00e7o. Desde o in\u00edcio de junho, o \u00f3rg\u00e3o foi transferido pra o Centro Administrativo Municipal (antigo Pronto Cordis), que \u00e9 mantido pela prefeitura. A mudan\u00e7a<\/p>\n<p class=\"link-more\"><a class=\"more-link\" href=\"https:\/\/marcelolopes.jor.br\/site\/2019\/06\/21\/agencia-fazendaria-agora-funciona-no-centro-administrativo-municipal\/\">Leia mais <span class=\"screen-reader-text\">Ag\u00eancia Fazend\u00e1ria agora funciona no Centro Administrativo municipal<\/span><\/a><\/p>\n","protected":false},"author":2,"featured_media":2592,"comment_status":"open","ping_status":"open","sticky":false,"template":"","format":"standard","meta":{"footnotes":""},"categories":[1],"tags":[590,591,592],"class_list":["post-2590","post","type-post","status-publish","format-standard","has-post-thumbnail","hentry","category-noticias","tag-agencia-fazendaria","tag-centro-administrativo","tag-tributos","thumb-below-title"],"yoast_head":"<!-- This site is optimized with the Yoast SEO plugin v27.4 - https:\/\/yoast.com\/product\/yoast-seo-wordpress\/ -->\n<title>Ag\u00eancia Fazend\u00e1ria agora funciona no Centro Administrativo municipal | Marcelo Lopes<\/title>\n<meta name=\"robots\" content=\"index, follow, max-snippet:-1, max-image-preview:large, max-video-preview:-1\" \/>\n<link rel=\"canonical\" href=\"https:\/\/marcelolopes.jor.br\/site\/2019\/06\/21\/agencia-fazendaria-agora-funciona-no-centro-administrativo-municipal\/\" \/>\n<meta property=\"og:locale\" content=\"pt_BR\" \/>\n<meta property=\"og:type\" content=\"article\" \/>\n<meta property=\"og:title\" content=\"Ag\u00eancia Fazend\u00e1ria agora funciona no Centro Administrativo municipal | Marcelo Lopes\" \/>\n<meta property=\"og:description\" content=\"A ag\u00eancia da Administra\u00e7\u00e3o Fazend\u00e1ria de Minas Gerais (AF) em Cataguases est\u00e1 funcionando em novo endere\u00e7o. Desde o in\u00edcio de junho, o \u00f3rg\u00e3o foi transferido pra o Centro Administrativo Municipal (antigo Pronto Cordis), que \u00e9 mantido pela prefeitura. A mudan\u00e7aLeia mais Ag\u00eancia Fazend\u00e1ria agora funciona no Centro Administrativo municipal\" \/>\n<meta property=\"og:url\" content=\"https:\/\/marcelolopes.jor.br\/site\/2019\/06\/21\/agencia-fazendaria-agora-funciona-no-centro-administrativo-municipal\/\" \/>\n<meta property=\"og:site_name\" content=\"Marcelo Lopes\" \/>\n<meta property=\"article:publisher\" content=\"https:\/\/www.facebook.com\/sitedomarcelolopes\" \/>\n<meta property=\"article:published_time\" content=\"2019-06-21T23:00:41+00:00\" \/>\n<meta property=\"og:image\" content=\"https:\/\/marcelolopes.jor.br\/site\/wp-content\/uploads\/2019\/06\/CENTRO-ADMINISTRATIVO.jpg\" \/>\n\t<meta property=\"og:image:width\" content=\"800\" \/>\n\t<meta property=\"og:image:height\" content=\"445\" \/>\n\t<meta property=\"og:image:type\" content=\"image\/jpeg\" \/>\n<meta name=\"author\" content=\"Marcelo Lopes\" \/>\n<meta name=\"twitter:card\" content=\"summary_large_image\" \/>\n<meta name=\"twitter:label1\" content=\"Escrito por\" \/>\n\t<meta name=\"twitter:data1\" content=\"Marcelo Lopes\" \/>\n\t<meta name=\"twitter:label2\" content=\"Est. tempo de leitura\" \/>\n\t<meta name=\"twitter:data2\" content=\"1 minuto\" \/>\n<script type=\"application\/ld+json\" class=\"yoast-schema-graph\">{\"@context\":\"https:\\\/\\\/schema.org\",\"@graph\":[{\"@type\":\"NewsArticle\",\"@id\":\"https:\\\/\\\/marcelolopes.jor.br\\\/site\\\/2019\\\/06\\\/21\\\/agencia-fazendaria-agora-funciona-no-centro-administrativo-municipal\\\/#article\",\"isPartOf\":{\"@id\":\"https:\\\/\\\/marcelolopes.jor.br\\\/site\\\/2019\\\/06\\\/21\\\/agencia-fazendaria-agora-funciona-no-centro-administrativo-municipal\\\/\"},\"author\":{\"name\":\"Marcelo Lopes\",\"@id\":\"https:\\\/\\\/marcelolopes.jor.br\\\/site\\\/#\\\/schema\\\/person\\\/3e7216a35c34d8fdf952b31da3d1f89f\"},\"headline\":\"Ag\u00eancia Fazend\u00e1ria agora funciona no Centro Administrativo municipal\",\"datePublished\":\"2019-06-21T23:00:41+00:00\",\"mainEntityOfPage\":{\"@id\":\"https:\\\/\\\/marcelolopes.jor.br\\\/site\\\/2019\\\/06\\\/21\\\/agencia-fazendaria-agora-funciona-no-centro-administrativo-municipal\\\/\"},\"wordCount\":257,\"commentCount\":0,\"publisher\":{\"@id\":\"https:\\\/\\\/marcelolopes.jor.br\\\/site\\\/#organization\"},\"image\":{\"@id\":\"https:\\\/\\\/marcelolopes.jor.br\\\/site\\\/2019\\\/06\\\/21\\\/agencia-fazendaria-agora-funciona-no-centro-administrativo-municipal\\\/#primaryimage\"},\"thumbnailUrl\":\"https:\\\/\\\/marcelolopes.jor.br\\\/site\\\/wp-content\\\/uploads\\\/2019\\\/06\\\/CENTRO-ADMINISTRATIVO.jpg\",\"keywords\":[\"Ag\u00eancia Fazend\u00e1ria\",\"Centro Administrativo\",\"tributos\"],\"articleSection\":[\"Not\u00edcias\"],\"inLanguage\":\"pt-BR\",\"potentialAction\":[{\"@type\":\"CommentAction\",\"name\":\"Comment\",\"target\":[\"https:\\\/\\\/marcelolopes.jor.br\\\/site\\\/2019\\\/06\\\/21\\\/agencia-fazendaria-agora-funciona-no-centro-administrativo-municipal\\\/#respond\"]}]},{\"@type\":\"WebPage\",\"@id\":\"https:\\\/\\\/marcelolopes.jor.br\\\/site\\\/2019\\\/06\\\/21\\\/agencia-fazendaria-agora-funciona-no-centro-administrativo-municipal\\\/\",\"url\":\"https:\\\/\\\/marcelolopes.jor.br\\\/site\\\/2019\\\/06\\\/21\\\/agencia-fazendaria-agora-funciona-no-centro-administrativo-municipal\\\/\",\"name\":\"Ag\u00eancia Fazend\u00e1ria agora funciona no Centro Administrativo municipal | Marcelo Lopes\",\"isPartOf\":{\"@id\":\"https:\\\/\\\/marcelolopes.jor.br\\\/site\\\/#website\"},\"primaryImageOfPage\":{\"@id\":\"https:\\\/\\\/marcelolopes.jor.br\\\/site\\\/2019\\\/06\\\/21\\\/agencia-fazendaria-agora-funciona-no-centro-administrativo-municipal\\\/#primaryimage\"},\"image\":{\"@id\":\"https:\\\/\\\/marcelolopes.jor.br\\\/site\\\/2019\\\/06\\\/21\\\/agencia-fazendaria-agora-funciona-no-centro-administrativo-municipal\\\/#primaryimage\"},\"thumbnailUrl\":\"https:\\\/\\\/marcelolopes.jor.br\\\/site\\\/wp-content\\\/uploads\\\/2019\\\/06\\\/CENTRO-ADMINISTRATIVO.jpg\",\"datePublished\":\"2019-06-21T23:00:41+00:00\",\"breadcrumb\":{\"@id\":\"https:\\\/\\\/marcelolopes.jor.br\\\/site\\\/2019\\\/06\\\/21\\\/agencia-fazendaria-agora-funciona-no-centro-administrativo-municipal\\\/#breadcrumb\"},\"inLanguage\":\"pt-BR\",\"potentialAction\":[{\"@type\":\"ReadAction\",\"target\":[\"https:\\\/\\\/marcelolopes.jor.br\\\/site\\\/2019\\\/06\\\/21\\\/agencia-fazendaria-agora-funciona-no-centro-administrativo-municipal\\\/\"]}]},{\"@type\":\"ImageObject\",\"inLanguage\":\"pt-BR\",\"@id\":\"https:\\\/\\\/marcelolopes.jor.br\\\/site\\\/2019\\\/06\\\/21\\\/agencia-fazendaria-agora-funciona-no-centro-administrativo-municipal\\\/#primaryimage\",\"url\":\"https:\\\/\\\/marcelolopes.jor.br\\\/site\\\/wp-content\\\/uploads\\\/2019\\\/06\\\/CENTRO-ADMINISTRATIVO.jpg\",\"contentUrl\":\"https:\\\/\\\/marcelolopes.jor.br\\\/site\\\/wp-content\\\/uploads\\\/2019\\\/06\\\/CENTRO-ADMINISTRATIVO.jpg\",\"width\":800,\"height\":445},{\"@type\":\"BreadcrumbList\",\"@id\":\"https:\\\/\\\/marcelolopes.jor.br\\\/site\\\/2019\\\/06\\\/21\\\/agencia-fazendaria-agora-funciona-no-centro-administrativo-municipal\\\/#breadcrumb\",\"itemListElement\":[{\"@type\":\"ListItem\",\"position\":1,\"name\":\"Home\",\"item\":\"https:\\\/\\\/marcelolopes.jor.br\\\/site\\\/\"},{\"@type\":\"ListItem\",\"position\":2,\"name\":\"Ag\u00eancia Fazend\u00e1ria agora funciona no Centro Administrativo municipal\"}]},{\"@type\":\"WebSite\",\"@id\":\"https:\\\/\\\/marcelolopes.jor.br\\\/site\\\/#website\",\"url\":\"https:\\\/\\\/marcelolopes.jor.br\\\/site\\\/\",\"name\":\"Marcelo Lopes\",\"description\":\"Not\u00edcias de Cataguases e Regi\u00e3o\",\"publisher\":{\"@id\":\"https:\\\/\\\/marcelolopes.jor.br\\\/site\\\/#organization\"},\"potentialAction\":[{\"@type\":\"SearchAction\",\"target\":{\"@type\":\"EntryPoint\",\"urlTemplate\":\"https:\\\/\\\/marcelolopes.jor.br\\\/site\\\/?s={search_term_string}\"},\"query-input\":{\"@type\":\"PropertyValueSpecification\",\"valueRequired\":true,\"valueName\":\"search_term_string\"}}],\"inLanguage\":\"pt-BR\"},{\"@type\":\"Organization\",\"@id\":\"https:\\\/\\\/marcelolopes.jor.br\\\/site\\\/#organization\",\"name\":\"Site do Marcelo Lopes\",\"url\":\"https:\\\/\\\/marcelolopes.jor.br\\\/site\\\/\",\"logo\":{\"@type\":\"ImageObject\",\"inLanguage\":\"pt-BR\",\"@id\":\"https:\\\/\\\/marcelolopes.jor.br\\\/site\\\/#\\\/schema\\\/logo\\\/image\\\/\",\"url\":\"https:\\\/\\\/marcelolopes.jor.br\\\/site\\\/wp-content\\\/uploads\\\/2024\\\/11\\\/logo-1.png\",\"contentUrl\":\"https:\\\/\\\/marcelolopes.jor.br\\\/site\\\/wp-content\\\/uploads\\\/2024\\\/11\\\/logo-1.png\",\"width\":475,\"height\":80,\"caption\":\"Site do Marcelo Lopes\"},\"image\":{\"@id\":\"https:\\\/\\\/marcelolopes.jor.br\\\/site\\\/#\\\/schema\\\/logo\\\/image\\\/\"},\"sameAs\":[\"https:\\\/\\\/www.facebook.com\\\/sitedomarcelolopes\",\"https:\\\/\\\/www.instagram.com\\\/sitedomarcelolopes\\\/\",\"https:\\\/\\\/www.linkedin.com\\\/company\\\/site-do-marcelo-lopes\\\/\",\"https:\\\/\\\/www.youtube.com\\\/user\\\/marcelolopes957\"]},{\"@type\":\"Person\",\"@id\":\"https:\\\/\\\/marcelolopes.jor.br\\\/site\\\/#\\\/schema\\\/person\\\/3e7216a35c34d8fdf952b31da3d1f89f\",\"name\":\"Marcelo Lopes\",\"sameAs\":[\"http:\\\/\\\/www.marcelolopes.jor.br\"],\"url\":\"https:\\\/\\\/marcelolopes.jor.br\\\/site\\\/author\\\/marcelo\\\/\"}]}<\/script>\n<!-- \/ Yoast SEO plugin. -->","yoast_head_json":{"title":"Ag\u00eancia Fazend\u00e1ria agora funciona no Centro Administrativo municipal | Marcelo Lopes","robots":{"index":"index","follow":"follow","max-snippet":"max-snippet:-1","max-image-preview":"max-image-preview:large","max-video-preview":"max-video-preview:-1"},"canonical":"https:\/\/marcelolopes.jor.br\/site\/2019\/06\/21\/agencia-fazendaria-agora-funciona-no-centro-administrativo-municipal\/","og_locale":"pt_BR","og_type":"article","og_title":"Ag\u00eancia Fazend\u00e1ria agora funciona no Centro Administrativo municipal | Marcelo Lopes","og_description":"A ag\u00eancia da Administra\u00e7\u00e3o Fazend\u00e1ria de Minas Gerais (AF) em Cataguases est\u00e1 funcionando em novo endere\u00e7o. Desde o in\u00edcio de junho, o \u00f3rg\u00e3o foi transferido pra o Centro Administrativo Municipal (antigo Pronto Cordis), que \u00e9 mantido pela prefeitura. A mudan\u00e7aLeia mais Ag\u00eancia Fazend\u00e1ria agora funciona no Centro Administrativo municipal","og_url":"https:\/\/marcelolopes.jor.br\/site\/2019\/06\/21\/agencia-fazendaria-agora-funciona-no-centro-administrativo-municipal\/","og_site_name":"Marcelo Lopes","article_publisher":"https:\/\/www.facebook.com\/sitedomarcelolopes","article_published_time":"2019-06-21T23:00:41+00:00","og_image":[{"width":800,"height":445,"url":"https:\/\/marcelolopes.jor.br\/site\/wp-content\/uploads\/2019\/06\/CENTRO-ADMINISTRATIVO.jpg","type":"image\/jpeg"}],"author":"Marcelo Lopes","twitter_card":"summary_large_image","twitter_misc":{"Escrito por":"Marcelo Lopes","Est. tempo de leitura":"1 minuto"},"schema":{"@context":"https:\/\/schema.org","@graph":[{"@type":"NewsArticle","@id":"https:\/\/marcelolopes.jor.br\/site\/2019\/06\/21\/agencia-fazendaria-agora-funciona-no-centro-administrativo-municipal\/#article","isPartOf":{"@id":"https:\/\/marcelolopes.jor.br\/site\/2019\/06\/21\/agencia-fazendaria-agora-funciona-no-centro-administrativo-municipal\/"},"author":{"name":"Marcelo Lopes","@id":"https:\/\/marcelolopes.jor.br\/site\/#\/schema\/person\/3e7216a35c34d8fdf952b31da3d1f89f"},"headline":"Ag\u00eancia Fazend\u00e1ria agora funciona no Centro Administrativo municipal","datePublished":"2019-06-21T23:00:41+00:00","mainEntityOfPage":{"@id":"https:\/\/marcelolopes.jor.br\/site\/2019\/06\/21\/agencia-fazendaria-agora-funciona-no-centro-administrativo-municipal\/"},"wordCount":257,"commentCount":0,"publisher":{"@id":"https:\/\/marcelolopes.jor.br\/site\/#organization"},"image":{"@id":"https:\/\/marcelolopes.jor.br\/site\/2019\/06\/21\/agencia-fazendaria-agora-funciona-no-centro-administrativo-municipal\/#primaryimage"},"thumbnailUrl":"https:\/\/marcelolopes.jor.br\/site\/wp-content\/uploads\/2019\/06\/CENTRO-ADMINISTRATIVO.jpg","keywords":["Ag\u00eancia Fazend\u00e1ria","Centro Administrativo","tributos"],"articleSection":["Not\u00edcias"],"inLanguage":"pt-BR","potentialAction":[{"@type":"CommentAction","name":"Comment","target":["https:\/\/marcelolopes.jor.br\/site\/2019\/06\/21\/agencia-fazendaria-agora-funciona-no-centro-administrativo-municipal\/#respond"]}]},{"@type":"WebPage","@id":"https:\/\/marcelolopes.jor.br\/site\/2019\/06\/21\/agencia-fazendaria-agora-funciona-no-centro-administrativo-municipal\/","url":"https:\/\/marcelolopes.jor.br\/site\/2019\/06\/21\/agencia-fazendaria-agora-funciona-no-centro-administrativo-municipal\/","name":"Ag\u00eancia Fazend\u00e1ria agora funciona no Centro Administrativo municipal | Marcelo Lopes","isPartOf":{"@id":"https:\/\/marcelolopes.jor.br\/site\/#website"},"primaryImageOfPage":{"@id":"https:\/\/marcelolopes.jor.br\/site\/2019\/06\/21\/agencia-fazendaria-agora-funciona-no-centro-administrativo-municipal\/#primaryimage"},"image":{"@id":"https:\/\/marcelolopes.jor.br\/site\/2019\/06\/21\/agencia-fazendaria-agora-funciona-no-centro-administrativo-municipal\/#primaryimage"},"thumbnailUrl":"https:\/\/marcelolopes.jor.br\/site\/wp-content\/uploads\/2019\/06\/CENTRO-ADMINISTRATIVO.jpg","datePublished":"2019-06-21T23:00:41+00:00","breadcrumb":{"@id":"https:\/\/marcelolopes.jor.br\/site\/2019\/06\/21\/agencia-fazendaria-agora-funciona-no-centro-administrativo-municipal\/#breadcrumb"},"inLanguage":"pt-BR","potentialAction":[{"@type":"ReadAction","target":["https:\/\/marcelolopes.jor.br\/site\/2019\/06\/21\/agencia-fazendaria-agora-funciona-no-centro-administrativo-municipal\/"]}]},{"@type":"ImageObject","inLanguage":"pt-BR","@id":"https:\/\/marcelolopes.jor.br\/site\/2019\/06\/21\/agencia-fazendaria-agora-funciona-no-centro-administrativo-municipal\/#primaryimage","url":"https:\/\/marcelolopes.jor.br\/site\/wp-content\/uploads\/2019\/06\/CENTRO-ADMINISTRATIVO.jpg","contentUrl":"https:\/\/marcelolopes.jor.br\/site\/wp-content\/uploads\/2019\/06\/CENTRO-ADMINISTRATIVO.jpg","width":800,"height":445},{"@type":"BreadcrumbList","@id":"https:\/\/marcelolopes.jor.br\/site\/2019\/06\/21\/agencia-fazendaria-agora-funciona-no-centro-administrativo-municipal\/#breadcrumb","itemListElement":[{"@type":"ListItem","position":1,"name":"Home","item":"https:\/\/marcelolopes.jor.br\/site\/"},{"@type":"ListItem","position":2,"name":"Ag\u00eancia Fazend\u00e1ria agora funciona no Centro Administrativo municipal"}]},{"@type":"WebSite","@id":"https:\/\/marcelolopes.jor.br\/site\/#website","url":"https:\/\/marcelolopes.jor.br\/site\/","name":"Marcelo Lopes","description":"Not\u00edcias de Cataguases e Regi\u00e3o","publisher":{"@id":"https:\/\/marcelolopes.jor.br\/site\/#organization"},"potentialAction":[{"@type":"SearchAction","target":{"@type":"EntryPoint","urlTemplate":"https:\/\/marcelolopes.jor.br\/site\/?s={search_term_string}"},"query-input":{"@type":"PropertyValueSpecification","valueRequired":true,"valueName":"search_term_string"}}],"inLanguage":"pt-BR"},{"@type":"Organization","@id":"https:\/\/marcelolopes.jor.br\/site\/#organization","name":"Site do Marcelo Lopes","url":"https:\/\/marcelolopes.jor.br\/site\/","logo":{"@type":"ImageObject","inLanguage":"pt-BR","@id":"https:\/\/marcelolopes.jor.br\/site\/#\/schema\/logo\/image\/","url":"https:\/\/marcelolopes.jor.br\/site\/wp-content\/uploads\/2024\/11\/logo-1.png","contentUrl":"https:\/\/marcelolopes.jor.br\/site\/wp-content\/uploads\/2024\/11\/logo-1.png","width":475,"height":80,"caption":"Site do Marcelo Lopes"},"image":{"@id":"https:\/\/marcelolopes.jor.br\/site\/#\/schema\/logo\/image\/"},"sameAs":["https:\/\/www.facebook.com\/sitedomarcelolopes","https:\/\/www.instagram.com\/sitedomarcelolopes\/","https:\/\/www.linkedin.com\/company\/site-do-marcelo-lopes\/","https:\/\/www.youtube.com\/user\/marcelolopes957"]},{"@type":"Person","@id":"https:\/\/marcelolopes.jor.br\/site\/#\/schema\/person\/3e7216a35c34d8fdf952b31da3d1f89f","name":"Marcelo Lopes","sameAs":["http:\/\/www.marcelolopes.jor.br"],"url":"https:\/\/marcelolopes.jor.br\/site\/author\/marcelo\/"}]}},"wps_subtitle":"Mudan\u00e7a aconteceu no in\u00edcio de junho em virtude do corte de despesas do governo de Minas.","_links":{"self":[{"href":"https:\/\/marcelolopes.jor.br\/site\/wp-json\/wp\/v2\/posts\/2590","targetHints":{"allow":["GET"]}}],"collection":[{"href":"https:\/\/marcelolopes.jor.br\/site\/wp-json\/wp\/v2\/posts"}],"about":[{"href":"https:\/\/marcelolopes.jor.br\/site\/wp-json\/wp\/v2\/types\/post"}],"author":[{"embeddable":true,"href":"https:\/\/marcelolopes.jor.br\/site\/wp-json\/wp\/v2\/users\/2"}],"replies":[{"embeddable":true,"href":"https:\/\/marcelolopes.jor.br\/site\/wp-json\/wp\/v2\/comments?post=2590"}],"version-history":[{"count":0,"href":"https:\/\/marcelolopes.jor.br\/site\/wp-json\/wp\/v2\/posts\/2590\/revisions"}],"wp:featuredmedia":[{"embeddable":true,"href":"https:\/\/marcelolopes.jor.br\/site\/wp-json\/wp\/v2\/media\/2592"}],"wp:attachment":[{"href":"https:\/\/marcelolopes.jor.br\/site\/wp-json\/wp\/v2\/media?parent=2590"}],"wp:term":[{"taxonomy":"category","embeddable":true,"href":"https:\/\/marcelolopes.jor.br\/site\/wp-json\/wp\/v2\/categories?post=2590"},{"taxonomy":"post_tag","embeddable":true,"href":"https:\/\/marcelolopes.jor.br\/site\/wp-json\/wp\/v2\/tags?post=2590"}],"curies":[{"name":"wp","href":"https:\/\/api.w.org\/{rel}","templated":true}]}}