{"id":25880,"date":"2021-08-07T12:00:16","date_gmt":"2021-08-07T15:00:16","guid":{"rendered":"https:\/\/marcelolopes.jor.br\/?p=25880"},"modified":"2022-11-08T18:22:22","modified_gmt":"2022-11-08T21:22:22","slug":"vacina-meningococica-c-estara-disponivel-a-criancas-de-ate-11-anos","status":"publish","type":"post","link":"https:\/\/marcelolopes.jor.br\/site\/2021\/08\/07\/vacina-meningococica-c-estara-disponivel-a-criancas-de-ate-11-anos\/","title":{"rendered":"Vacina meningoc\u00f3cica C estar\u00e1 dispon\u00edvel a crian\u00e7as de at\u00e9 11 anos"},"content":{"rendered":"<p style=\"text-align: justify;\">At\u00e9 dezembro de 2021, crian\u00e7as e adolescentes de at\u00e9 10 anos, 11 meses e 29 dias de idade, ainda n\u00e3o vacinadas, poder\u00e3o receber a vacina meningoc\u00f3cica C (Conjugada). Diante da baixa cobertura vacinal, o Minist\u00e9rio da Sa\u00fade recomendou a imuniza\u00e7\u00e3o com a dose correspondente, considerando-se a relev\u00e2ncia da vacina\u00e7\u00e3o neste grupo.<!--more--><\/p>\n<p style=\"text-align: justify;\"><a href=\"http:\/\/www.agenciaram.com.br\"><img loading=\"lazy\" decoding=\"async\" class=\"aligncenter wp-image-25709 size-full\" src=\"https:\/\/marcelolopes.jor.br\/site\/wp-content\/uploads\/2019\/06\/Banner-Ag\u00eancia-RAM.jpeg\" alt=\"\" width=\"800\" height=\"214\" srcset=\"https:\/\/marcelolopes.jor.br\/site\/wp-content\/uploads\/2019\/06\/Banner-Ag\u00eancia-RAM.jpeg 800w, https:\/\/marcelolopes.jor.br\/site\/wp-content\/uploads\/2019\/06\/Banner-Ag\u00eancia-RAM-300x80.jpeg 300w, https:\/\/marcelolopes.jor.br\/site\/wp-content\/uploads\/2019\/06\/Banner-Ag\u00eancia-RAM-768x205.jpeg 768w\" sizes=\"auto, (max-width: 800px) 100vw, 800px\" \/><\/a>\u201cA estrat\u00e9gia de amplia\u00e7\u00e3o da faixa et\u00e1ria tem como objetivo aumentar a prote\u00e7\u00e3o contra a meningite, evitando a ocorr\u00eancia de surtos da doen\u00e7a pelo sorogrupo C, hospitaliza\u00e7\u00f5es, sequelas, tratamentos de reabilita\u00e7\u00e3o e \u00f3bitos, em especial com o retorno das aulas presenciais\u201d, afirma a coordenadora Estadual do Programa de Imuniza\u00e7\u00f5es, Josianne Dias Gusm\u00e3o.<\/p>\n<p style=\"text-align: justify;\">Como forma de preven\u00e7\u00e3o, o Sistema \u00danico de Sa\u00fade (SUS) j\u00e1 disponibiliza, no calend\u00e1rio b\u00e1sico de imuniza\u00e7\u00e3o, vacinas que protegem contra v\u00e1rios agentes causadores da doen\u00e7a. Atualmente,\u00a0a vacina meningoc\u00f3cica C est\u00e1 dispon\u00edvel nas unidades b\u00e1sicas de sa\u00fade dos munic\u00edpios.<\/p>\n<p style=\"text-align: justify;\">A meningite, doen\u00e7a caracterizada por um processo inflamat\u00f3rio nas membranas (meninges) que envolvem o c\u00e9rebro e a medula espinhal, pode ser causada por bact\u00e9rias, v\u00edrus, fungos e parasitas.<\/p>\n<p style=\"text-align: justify;\">Apesar da faixa et\u00e1ria em maior risco de adoecimento ser a das crian\u00e7as menores de um ano de idade, os adolescentes e adultos jovens s\u00e3o os principais respons\u00e1veis pela manuten\u00e7\u00e3o da circula\u00e7\u00e3o da doen\u00e7a. \u201cPor isso, \u00e9 t\u00e3o importante garantir elevadas coberturas vacinais tanto na popula\u00e7\u00e3o infantil como em adolescentes\u201d, refor\u00e7a Josianne.<\/p>\n<h6 style=\"text-align: justify;\">Esquema vacinal<\/h6>\n<p style=\"text-align: justify;\">A coordenadora de Imuniza\u00e7\u00e3o explica, ainda, que a vacina meningoc\u00f3cica C (Conjugada) j\u00e1 \u00e9 recomendada para crian\u00e7as menores de cinco anos, sendo administrada em esquema de duas doses,\u00a0aos 3 e 5 meses de vida, e uma dose de refor\u00e7o, preferencialmente, aos 12 meses de idade.<\/p>\n<p style=\"text-align: justify;\">\u201cAl\u00e9m disso, para as crian\u00e7as que por algum motivo perderam a oportunidade de receber a vacina nas idades indicadas, recomenda-se a administra\u00e7\u00e3o de uma dose at\u00e9 os 4 anos, 11 meses e 29 dias de idade, tamb\u00e9m sendo utilizada nos Centros de Refer\u00eancia para Imunobiol\u00f3gicos Especiais (CRIE) conforme o Manual dos CRIE\u201d, orienta.<\/p>\n<h6 style=\"text-align: justify;\">Coberturas<\/h6>\n<p style=\"text-align: justify;\">Em 2020, a cobertura vacinal para a meningoc\u00f3cica C (conjugada) foi de 86,43% em menores de 1 ano e de 85,79% em crian\u00e7as de at\u00e9 1 ano. J\u00e1 em 2021, at\u00e9 o m\u00eas de abril, a cobertura registrada \u00e9 de 81,32% em menores de 1 ano e de 76,21% em crian\u00e7as de at\u00e9 1 ano.<\/p>\n<p style=\"text-align: justify;\">A meta indicada pelo Minist\u00e9rio da Sa\u00fade \u00e9 a cobertura vacinal de 95% dentro do p\u00fablico indicado para receber o imunizante.<\/p>\n<p style=\"text-align: justify;\">Fonte: Ag\u00eancia Minas | Foto: TV Anhanguera\/Reprodu\u00e7\u00e3o<\/p>\n<div class=\"emlql69f75c18e9aa6\" ><br><\/div><style type=\"text\/css\">\r\n@media screen and (min-width: 1201px) {\r\n.emlql69f75c18e9aa6 {\r\ndisplay: block;\r\n}\r\n}\r\n@media screen and (min-width: 993px) and (max-width: 1200px) {\r\n.emlql69f75c18e9aa6 {\r\ndisplay: block;\r\n}\r\n}\r\n@media screen and (min-width: 769px) and (max-width: 992px) {\r\n.emlql69f75c18e9aa6 {\r\ndisplay: block;\r\n}\r\n}\r\n@media screen and (min-width: 768px) and (max-width: 768px) {\r\n.emlql69f75c18e9aa6 {\r\ndisplay: block;\r\n}\r\n}\r\n@media screen and (max-width: 767px) {\r\n.emlql69f75c18e9aa6 {\r\ndisplay: block;\r\n}\r\n}\r\n<\/style>\r\n<div class=\"iuawg69f75c18ef793\" ><div id=\"div_destino\"><\/div>\r\n<script src=\"https:\/\/cdn.snsrsv.com\/sdk.js\"><\/script>\r\n<script >\r\n      new sdk(\"464030C30061EA8BE065000000000001\") \r\n          .appendTo(\"div_destino\")\r\n          .disableStyle(true) \r\n          .setCacheBusterMacro(\"%%CACHEBUSTER%%\")\r\n          .setSize(\"800\",\"214\")\r\n          .setClickMacro(\"%%CLICK_URL_ESC%%\") \r\n          .setReferrerUrlMacro(\"%%REFERRER_URL_ESC%%\") \r\n          .start(); \r\n<\/script><\/div><style type=\"text\/css\">\r\n@media screen and (min-width: 1201px) {\r\n.iuawg69f75c18ef793 {\r\ndisplay: block;\r\n}\r\n}\r\n@media screen and (min-width: 993px) and (max-width: 1200px) {\r\n.iuawg69f75c18ef793 {\r\ndisplay: block;\r\n}\r\n}\r\n@media screen and (min-width: 769px) and (max-width: 992px) {\r\n.iuawg69f75c18ef793 {\r\ndisplay: block;\r\n}\r\n}\r\n@media screen and (min-width: 768px) and (max-width: 768px) {\r\n.iuawg69f75c18ef793 {\r\ndisplay: block;\r\n}\r\n}\r\n@media screen and (max-width: 767px) {\r\n.iuawg69f75c18ef793 {\r\ndisplay: block;\r\n}\r\n}\r\n<\/style>\r\n","protected":false},"excerpt":{"rendered":"<p>At\u00e9 dezembro de 2021, crian\u00e7as e adolescentes de at\u00e9 10 anos, 11 meses e 29 dias de idade, ainda n\u00e3o vacinadas, poder\u00e3o receber a vacina meningoc\u00f3cica C (Conjugada). Diante da baixa cobertura vacinal, o Minist\u00e9rio da Sa\u00fade recomendou a imuniza\u00e7\u00e3o<\/p>\n<p class=\"link-more\"><a class=\"more-link\" href=\"https:\/\/marcelolopes.jor.br\/site\/2021\/08\/07\/vacina-meningococica-c-estara-disponivel-a-criancas-de-ate-11-anos\/\">Leia mais <span class=\"screen-reader-text\">Vacina meningoc\u00f3cica C estar\u00e1 dispon\u00edvel a crian\u00e7as de at\u00e9 11 anos<\/span><\/a><\/p>\n","protected":false},"author":2,"featured_media":25882,"comment_status":"open","ping_status":"open","sticky":false,"template":"","format":"standard","meta":{"footnotes":""},"categories":[1],"tags":[4492,916,2229,4491,389],"class_list":["post-25880","post","type-post","status-publish","format-standard","has-post-thumbnail","hentry","category-noticias","tag-11-anos-de-idade","tag-criancas","tag-imunizacao","tag-meningococica","tag-vacina","thumb-below-title"],"yoast_head":"<!-- This site is optimized with the Yoast SEO plugin v27.4 - https:\/\/yoast.com\/product\/yoast-seo-wordpress\/ -->\n<title>Vacina meningoc\u00f3cica C estar\u00e1 dispon\u00edvel a crian\u00e7as de at\u00e9 11 ano<\/title>\n<meta name=\"description\" content=\"Vacina meningoc\u00f3cica C estar\u00e1 dispon\u00edvel a crian\u00e7as de at\u00e9 11 anos. Amplia\u00e7\u00e3o da faixa et\u00e1ria visa aumentar a cobertura vacinal.\" \/>\n<meta name=\"robots\" content=\"index, follow, max-snippet:-1, max-image-preview:large, max-video-preview:-1\" \/>\n<link rel=\"canonical\" href=\"https:\/\/marcelolopes.jor.br\/site\/2021\/08\/07\/vacina-meningococica-c-estara-disponivel-a-criancas-de-ate-11-anos\/\" \/>\n<meta property=\"og:locale\" content=\"pt_BR\" \/>\n<meta property=\"og:type\" content=\"article\" \/>\n<meta property=\"og:title\" content=\"Vacina meningoc\u00f3cica C estar\u00e1 dispon\u00edvel a crian\u00e7as de at\u00e9 11 ano\" \/>\n<meta property=\"og:description\" content=\"Vacina meningoc\u00f3cica C estar\u00e1 dispon\u00edvel a crian\u00e7as de at\u00e9 11 anos. Amplia\u00e7\u00e3o da faixa et\u00e1ria visa aumentar a cobertura vacinal.\" \/>\n<meta property=\"og:url\" content=\"https:\/\/marcelolopes.jor.br\/site\/2021\/08\/07\/vacina-meningococica-c-estara-disponivel-a-criancas-de-ate-11-anos\/\" \/>\n<meta property=\"og:site_name\" content=\"Marcelo Lopes\" \/>\n<meta property=\"article:publisher\" content=\"https:\/\/www.facebook.com\/sitedomarcelolopes\" \/>\n<meta property=\"article:published_time\" content=\"2021-08-07T15:00:16+00:00\" \/>\n<meta property=\"article:modified_time\" content=\"2022-11-08T21:22:22+00:00\" \/>\n<meta property=\"og:image\" content=\"https:\/\/marcelolopes.jor.br\/site\/wp-content\/uploads\/2021\/08\/vacina-meningite.png.jpeg\" \/>\n\t<meta property=\"og:image:width\" content=\"984\" \/>\n\t<meta property=\"og:image:height\" content=\"562\" \/>\n\t<meta property=\"og:image:type\" content=\"image\/jpeg\" \/>\n<meta name=\"author\" content=\"Marcelo Lopes\" \/>\n<meta name=\"twitter:card\" content=\"summary_large_image\" \/>\n<meta name=\"twitter:label1\" content=\"Escrito por\" \/>\n\t<meta name=\"twitter:data1\" content=\"Marcelo Lopes\" \/>\n\t<meta name=\"twitter:label2\" content=\"Est. tempo de leitura\" \/>\n\t<meta name=\"twitter:data2\" content=\"2 minutos\" \/>\n<script type=\"application\/ld+json\" class=\"yoast-schema-graph\">{\"@context\":\"https:\\\/\\\/schema.org\",\"@graph\":[{\"@type\":\"NewsArticle\",\"@id\":\"https:\\\/\\\/marcelolopes.jor.br\\\/site\\\/2021\\\/08\\\/07\\\/vacina-meningococica-c-estara-disponivel-a-criancas-de-ate-11-anos\\\/#article\",\"isPartOf\":{\"@id\":\"https:\\\/\\\/marcelolopes.jor.br\\\/site\\\/2021\\\/08\\\/07\\\/vacina-meningococica-c-estara-disponivel-a-criancas-de-ate-11-anos\\\/\"},\"author\":{\"name\":\"Marcelo Lopes\",\"@id\":\"https:\\\/\\\/marcelolopes.jor.br\\\/site\\\/#\\\/schema\\\/person\\\/3e7216a35c34d8fdf952b31da3d1f89f\"},\"headline\":\"Vacina meningoc\u00f3cica C estar\u00e1 dispon\u00edvel a crian\u00e7as de at\u00e9 11 anos\",\"datePublished\":\"2021-08-07T15:00:16+00:00\",\"dateModified\":\"2022-11-08T21:22:22+00:00\",\"mainEntityOfPage\":{\"@id\":\"https:\\\/\\\/marcelolopes.jor.br\\\/site\\\/2021\\\/08\\\/07\\\/vacina-meningococica-c-estara-disponivel-a-criancas-de-ate-11-anos\\\/\"},\"wordCount\":461,\"commentCount\":0,\"publisher\":{\"@id\":\"https:\\\/\\\/marcelolopes.jor.br\\\/site\\\/#organization\"},\"image\":{\"@id\":\"https:\\\/\\\/marcelolopes.jor.br\\\/site\\\/2021\\\/08\\\/07\\\/vacina-meningococica-c-estara-disponivel-a-criancas-de-ate-11-anos\\\/#primaryimage\"},\"thumbnailUrl\":\"https:\\\/\\\/marcelolopes.jor.br\\\/site\\\/wp-content\\\/uploads\\\/2021\\\/08\\\/vacina-meningite.png.jpeg\",\"keywords\":[\"11 anos de idade\",\"crian\u00e7as\",\"imuniza\u00e7\u00e3o\",\"meningoc\u00f3cica\",\"vacina\"],\"articleSection\":[\"Not\u00edcias\"],\"inLanguage\":\"pt-BR\",\"potentialAction\":[{\"@type\":\"CommentAction\",\"name\":\"Comment\",\"target\":[\"https:\\\/\\\/marcelolopes.jor.br\\\/site\\\/2021\\\/08\\\/07\\\/vacina-meningococica-c-estara-disponivel-a-criancas-de-ate-11-anos\\\/#respond\"]}]},{\"@type\":\"WebPage\",\"@id\":\"https:\\\/\\\/marcelolopes.jor.br\\\/site\\\/2021\\\/08\\\/07\\\/vacina-meningococica-c-estara-disponivel-a-criancas-de-ate-11-anos\\\/\",\"url\":\"https:\\\/\\\/marcelolopes.jor.br\\\/site\\\/2021\\\/08\\\/07\\\/vacina-meningococica-c-estara-disponivel-a-criancas-de-ate-11-anos\\\/\",\"name\":\"Vacina meningoc\u00f3cica C estar\u00e1 dispon\u00edvel a crian\u00e7as de at\u00e9 11 ano\",\"isPartOf\":{\"@id\":\"https:\\\/\\\/marcelolopes.jor.br\\\/site\\\/#website\"},\"primaryImageOfPage\":{\"@id\":\"https:\\\/\\\/marcelolopes.jor.br\\\/site\\\/2021\\\/08\\\/07\\\/vacina-meningococica-c-estara-disponivel-a-criancas-de-ate-11-anos\\\/#primaryimage\"},\"image\":{\"@id\":\"https:\\\/\\\/marcelolopes.jor.br\\\/site\\\/2021\\\/08\\\/07\\\/vacina-meningococica-c-estara-disponivel-a-criancas-de-ate-11-anos\\\/#primaryimage\"},\"thumbnailUrl\":\"https:\\\/\\\/marcelolopes.jor.br\\\/site\\\/wp-content\\\/uploads\\\/2021\\\/08\\\/vacina-meningite.png.jpeg\",\"datePublished\":\"2021-08-07T15:00:16+00:00\",\"dateModified\":\"2022-11-08T21:22:22+00:00\",\"description\":\"Vacina meningoc\u00f3cica C estar\u00e1 dispon\u00edvel a crian\u00e7as de at\u00e9 11 anos. Amplia\u00e7\u00e3o da faixa et\u00e1ria visa aumentar a cobertura vacinal.\",\"breadcrumb\":{\"@id\":\"https:\\\/\\\/marcelolopes.jor.br\\\/site\\\/2021\\\/08\\\/07\\\/vacina-meningococica-c-estara-disponivel-a-criancas-de-ate-11-anos\\\/#breadcrumb\"},\"inLanguage\":\"pt-BR\",\"potentialAction\":[{\"@type\":\"ReadAction\",\"target\":[\"https:\\\/\\\/marcelolopes.jor.br\\\/site\\\/2021\\\/08\\\/07\\\/vacina-meningococica-c-estara-disponivel-a-criancas-de-ate-11-anos\\\/\"]}]},{\"@type\":\"ImageObject\",\"inLanguage\":\"pt-BR\",\"@id\":\"https:\\\/\\\/marcelolopes.jor.br\\\/site\\\/2021\\\/08\\\/07\\\/vacina-meningococica-c-estara-disponivel-a-criancas-de-ate-11-anos\\\/#primaryimage\",\"url\":\"https:\\\/\\\/marcelolopes.jor.br\\\/site\\\/wp-content\\\/uploads\\\/2021\\\/08\\\/vacina-meningite.png.jpeg\",\"contentUrl\":\"https:\\\/\\\/marcelolopes.jor.br\\\/site\\\/wp-content\\\/uploads\\\/2021\\\/08\\\/vacina-meningite.png.jpeg\",\"width\":984,\"height\":562,\"caption\":\"Vacina meningoc\u00f3cica C estar\u00e1\"},{\"@type\":\"BreadcrumbList\",\"@id\":\"https:\\\/\\\/marcelolopes.jor.br\\\/site\\\/2021\\\/08\\\/07\\\/vacina-meningococica-c-estara-disponivel-a-criancas-de-ate-11-anos\\\/#breadcrumb\",\"itemListElement\":[{\"@type\":\"ListItem\",\"position\":1,\"name\":\"Home\",\"item\":\"https:\\\/\\\/marcelolopes.jor.br\\\/site\\\/\"},{\"@type\":\"ListItem\",\"position\":2,\"name\":\"Vacina meningoc\u00f3cica C estar\u00e1 dispon\u00edvel a crian\u00e7as de at\u00e9 11 anos\"}]},{\"@type\":\"WebSite\",\"@id\":\"https:\\\/\\\/marcelolopes.jor.br\\\/site\\\/#website\",\"url\":\"https:\\\/\\\/marcelolopes.jor.br\\\/site\\\/\",\"name\":\"Marcelo Lopes\",\"description\":\"Not\u00edcias de Cataguases e Regi\u00e3o\",\"publisher\":{\"@id\":\"https:\\\/\\\/marcelolopes.jor.br\\\/site\\\/#organization\"},\"potentialAction\":[{\"@type\":\"SearchAction\",\"target\":{\"@type\":\"EntryPoint\",\"urlTemplate\":\"https:\\\/\\\/marcelolopes.jor.br\\\/site\\\/?s={search_term_string}\"},\"query-input\":{\"@type\":\"PropertyValueSpecification\",\"valueRequired\":true,\"valueName\":\"search_term_string\"}}],\"inLanguage\":\"pt-BR\"},{\"@type\":\"Organization\",\"@id\":\"https:\\\/\\\/marcelolopes.jor.br\\\/site\\\/#organization\",\"name\":\"Site do Marcelo Lopes\",\"url\":\"https:\\\/\\\/marcelolopes.jor.br\\\/site\\\/\",\"logo\":{\"@type\":\"ImageObject\",\"inLanguage\":\"pt-BR\",\"@id\":\"https:\\\/\\\/marcelolopes.jor.br\\\/site\\\/#\\\/schema\\\/logo\\\/image\\\/\",\"url\":\"https:\\\/\\\/marcelolopes.jor.br\\\/site\\\/wp-content\\\/uploads\\\/2024\\\/11\\\/logo-1.png\",\"contentUrl\":\"https:\\\/\\\/marcelolopes.jor.br\\\/site\\\/wp-content\\\/uploads\\\/2024\\\/11\\\/logo-1.png\",\"width\":475,\"height\":80,\"caption\":\"Site do Marcelo Lopes\"},\"image\":{\"@id\":\"https:\\\/\\\/marcelolopes.jor.br\\\/site\\\/#\\\/schema\\\/logo\\\/image\\\/\"},\"sameAs\":[\"https:\\\/\\\/www.facebook.com\\\/sitedomarcelolopes\",\"https:\\\/\\\/www.instagram.com\\\/sitedomarcelolopes\\\/\",\"https:\\\/\\\/www.linkedin.com\\\/company\\\/site-do-marcelo-lopes\\\/\",\"https:\\\/\\\/www.youtube.com\\\/user\\\/marcelolopes957\"]},{\"@type\":\"Person\",\"@id\":\"https:\\\/\\\/marcelolopes.jor.br\\\/site\\\/#\\\/schema\\\/person\\\/3e7216a35c34d8fdf952b31da3d1f89f\",\"name\":\"Marcelo Lopes\",\"sameAs\":[\"http:\\\/\\\/www.marcelolopes.jor.br\"],\"url\":\"https:\\\/\\\/marcelolopes.jor.br\\\/site\\\/author\\\/marcelo\\\/\"}]}<\/script>\n<!-- \/ Yoast SEO plugin. -->","yoast_head_json":{"title":"Vacina meningoc\u00f3cica C estar\u00e1 dispon\u00edvel a crian\u00e7as de at\u00e9 11 ano","description":"Vacina meningoc\u00f3cica C estar\u00e1 dispon\u00edvel a crian\u00e7as de at\u00e9 11 anos. Amplia\u00e7\u00e3o da faixa et\u00e1ria visa aumentar a cobertura vacinal.","robots":{"index":"index","follow":"follow","max-snippet":"max-snippet:-1","max-image-preview":"max-image-preview:large","max-video-preview":"max-video-preview:-1"},"canonical":"https:\/\/marcelolopes.jor.br\/site\/2021\/08\/07\/vacina-meningococica-c-estara-disponivel-a-criancas-de-ate-11-anos\/","og_locale":"pt_BR","og_type":"article","og_title":"Vacina meningoc\u00f3cica C estar\u00e1 dispon\u00edvel a crian\u00e7as de at\u00e9 11 ano","og_description":"Vacina meningoc\u00f3cica C estar\u00e1 dispon\u00edvel a crian\u00e7as de at\u00e9 11 anos. Amplia\u00e7\u00e3o da faixa et\u00e1ria visa aumentar a cobertura vacinal.","og_url":"https:\/\/marcelolopes.jor.br\/site\/2021\/08\/07\/vacina-meningococica-c-estara-disponivel-a-criancas-de-ate-11-anos\/","og_site_name":"Marcelo Lopes","article_publisher":"https:\/\/www.facebook.com\/sitedomarcelolopes","article_published_time":"2021-08-07T15:00:16+00:00","article_modified_time":"2022-11-08T21:22:22+00:00","og_image":[{"width":984,"height":562,"url":"https:\/\/marcelolopes.jor.br\/site\/wp-content\/uploads\/2021\/08\/vacina-meningite.png.jpeg","type":"image\/jpeg"}],"author":"Marcelo Lopes","twitter_card":"summary_large_image","twitter_misc":{"Escrito por":"Marcelo Lopes","Est. tempo de leitura":"2 minutos"},"schema":{"@context":"https:\/\/schema.org","@graph":[{"@type":"NewsArticle","@id":"https:\/\/marcelolopes.jor.br\/site\/2021\/08\/07\/vacina-meningococica-c-estara-disponivel-a-criancas-de-ate-11-anos\/#article","isPartOf":{"@id":"https:\/\/marcelolopes.jor.br\/site\/2021\/08\/07\/vacina-meningococica-c-estara-disponivel-a-criancas-de-ate-11-anos\/"},"author":{"name":"Marcelo Lopes","@id":"https:\/\/marcelolopes.jor.br\/site\/#\/schema\/person\/3e7216a35c34d8fdf952b31da3d1f89f"},"headline":"Vacina meningoc\u00f3cica C estar\u00e1 dispon\u00edvel a crian\u00e7as de at\u00e9 11 anos","datePublished":"2021-08-07T15:00:16+00:00","dateModified":"2022-11-08T21:22:22+00:00","mainEntityOfPage":{"@id":"https:\/\/marcelolopes.jor.br\/site\/2021\/08\/07\/vacina-meningococica-c-estara-disponivel-a-criancas-de-ate-11-anos\/"},"wordCount":461,"commentCount":0,"publisher":{"@id":"https:\/\/marcelolopes.jor.br\/site\/#organization"},"image":{"@id":"https:\/\/marcelolopes.jor.br\/site\/2021\/08\/07\/vacina-meningococica-c-estara-disponivel-a-criancas-de-ate-11-anos\/#primaryimage"},"thumbnailUrl":"https:\/\/marcelolopes.jor.br\/site\/wp-content\/uploads\/2021\/08\/vacina-meningite.png.jpeg","keywords":["11 anos de idade","crian\u00e7as","imuniza\u00e7\u00e3o","meningoc\u00f3cica","vacina"],"articleSection":["Not\u00edcias"],"inLanguage":"pt-BR","potentialAction":[{"@type":"CommentAction","name":"Comment","target":["https:\/\/marcelolopes.jor.br\/site\/2021\/08\/07\/vacina-meningococica-c-estara-disponivel-a-criancas-de-ate-11-anos\/#respond"]}]},{"@type":"WebPage","@id":"https:\/\/marcelolopes.jor.br\/site\/2021\/08\/07\/vacina-meningococica-c-estara-disponivel-a-criancas-de-ate-11-anos\/","url":"https:\/\/marcelolopes.jor.br\/site\/2021\/08\/07\/vacina-meningococica-c-estara-disponivel-a-criancas-de-ate-11-anos\/","name":"Vacina meningoc\u00f3cica C estar\u00e1 dispon\u00edvel a crian\u00e7as de at\u00e9 11 ano","isPartOf":{"@id":"https:\/\/marcelolopes.jor.br\/site\/#website"},"primaryImageOfPage":{"@id":"https:\/\/marcelolopes.jor.br\/site\/2021\/08\/07\/vacina-meningococica-c-estara-disponivel-a-criancas-de-ate-11-anos\/#primaryimage"},"image":{"@id":"https:\/\/marcelolopes.jor.br\/site\/2021\/08\/07\/vacina-meningococica-c-estara-disponivel-a-criancas-de-ate-11-anos\/#primaryimage"},"thumbnailUrl":"https:\/\/marcelolopes.jor.br\/site\/wp-content\/uploads\/2021\/08\/vacina-meningite.png.jpeg","datePublished":"2021-08-07T15:00:16+00:00","dateModified":"2022-11-08T21:22:22+00:00","description":"Vacina meningoc\u00f3cica C estar\u00e1 dispon\u00edvel a crian\u00e7as de at\u00e9 11 anos. Amplia\u00e7\u00e3o da faixa et\u00e1ria visa aumentar a cobertura vacinal.","breadcrumb":{"@id":"https:\/\/marcelolopes.jor.br\/site\/2021\/08\/07\/vacina-meningococica-c-estara-disponivel-a-criancas-de-ate-11-anos\/#breadcrumb"},"inLanguage":"pt-BR","potentialAction":[{"@type":"ReadAction","target":["https:\/\/marcelolopes.jor.br\/site\/2021\/08\/07\/vacina-meningococica-c-estara-disponivel-a-criancas-de-ate-11-anos\/"]}]},{"@type":"ImageObject","inLanguage":"pt-BR","@id":"https:\/\/marcelolopes.jor.br\/site\/2021\/08\/07\/vacina-meningococica-c-estara-disponivel-a-criancas-de-ate-11-anos\/#primaryimage","url":"https:\/\/marcelolopes.jor.br\/site\/wp-content\/uploads\/2021\/08\/vacina-meningite.png.jpeg","contentUrl":"https:\/\/marcelolopes.jor.br\/site\/wp-content\/uploads\/2021\/08\/vacina-meningite.png.jpeg","width":984,"height":562,"caption":"Vacina meningoc\u00f3cica C estar\u00e1"},{"@type":"BreadcrumbList","@id":"https:\/\/marcelolopes.jor.br\/site\/2021\/08\/07\/vacina-meningococica-c-estara-disponivel-a-criancas-de-ate-11-anos\/#breadcrumb","itemListElement":[{"@type":"ListItem","position":1,"name":"Home","item":"https:\/\/marcelolopes.jor.br\/site\/"},{"@type":"ListItem","position":2,"name":"Vacina meningoc\u00f3cica C estar\u00e1 dispon\u00edvel a crian\u00e7as de at\u00e9 11 anos"}]},{"@type":"WebSite","@id":"https:\/\/marcelolopes.jor.br\/site\/#website","url":"https:\/\/marcelolopes.jor.br\/site\/","name":"Marcelo Lopes","description":"Not\u00edcias de Cataguases e Regi\u00e3o","publisher":{"@id":"https:\/\/marcelolopes.jor.br\/site\/#organization"},"potentialAction":[{"@type":"SearchAction","target":{"@type":"EntryPoint","urlTemplate":"https:\/\/marcelolopes.jor.br\/site\/?s={search_term_string}"},"query-input":{"@type":"PropertyValueSpecification","valueRequired":true,"valueName":"search_term_string"}}],"inLanguage":"pt-BR"},{"@type":"Organization","@id":"https:\/\/marcelolopes.jor.br\/site\/#organization","name":"Site do Marcelo Lopes","url":"https:\/\/marcelolopes.jor.br\/site\/","logo":{"@type":"ImageObject","inLanguage":"pt-BR","@id":"https:\/\/marcelolopes.jor.br\/site\/#\/schema\/logo\/image\/","url":"https:\/\/marcelolopes.jor.br\/site\/wp-content\/uploads\/2024\/11\/logo-1.png","contentUrl":"https:\/\/marcelolopes.jor.br\/site\/wp-content\/uploads\/2024\/11\/logo-1.png","width":475,"height":80,"caption":"Site do Marcelo Lopes"},"image":{"@id":"https:\/\/marcelolopes.jor.br\/site\/#\/schema\/logo\/image\/"},"sameAs":["https:\/\/www.facebook.com\/sitedomarcelolopes","https:\/\/www.instagram.com\/sitedomarcelolopes\/","https:\/\/www.linkedin.com\/company\/site-do-marcelo-lopes\/","https:\/\/www.youtube.com\/user\/marcelolopes957"]},{"@type":"Person","@id":"https:\/\/marcelolopes.jor.br\/site\/#\/schema\/person\/3e7216a35c34d8fdf952b31da3d1f89f","name":"Marcelo Lopes","sameAs":["http:\/\/www.marcelolopes.jor.br"],"url":"https:\/\/marcelolopes.jor.br\/site\/author\/marcelo\/"}]}},"wps_subtitle":"Amplia\u00e7\u00e3o da faixa et\u00e1ria visa aumentar a cobertura vacinal contra a doen\u00e7a.","_links":{"self":[{"href":"https:\/\/marcelolopes.jor.br\/site\/wp-json\/wp\/v2\/posts\/25880","targetHints":{"allow":["GET"]}}],"collection":[{"href":"https:\/\/marcelolopes.jor.br\/site\/wp-json\/wp\/v2\/posts"}],"about":[{"href":"https:\/\/marcelolopes.jor.br\/site\/wp-json\/wp\/v2\/types\/post"}],"author":[{"embeddable":true,"href":"https:\/\/marcelolopes.jor.br\/site\/wp-json\/wp\/v2\/users\/2"}],"replies":[{"embeddable":true,"href":"https:\/\/marcelolopes.jor.br\/site\/wp-json\/wp\/v2\/comments?post=25880"}],"version-history":[{"count":0,"href":"https:\/\/marcelolopes.jor.br\/site\/wp-json\/wp\/v2\/posts\/25880\/revisions"}],"wp:featuredmedia":[{"embeddable":true,"href":"https:\/\/marcelolopes.jor.br\/site\/wp-json\/wp\/v2\/media\/25882"}],"wp:attachment":[{"href":"https:\/\/marcelolopes.jor.br\/site\/wp-json\/wp\/v2\/media?parent=25880"}],"wp:term":[{"taxonomy":"category","embeddable":true,"href":"https:\/\/marcelolopes.jor.br\/site\/wp-json\/wp\/v2\/categories?post=25880"},{"taxonomy":"post_tag","embeddable":true,"href":"https:\/\/marcelolopes.jor.br\/site\/wp-json\/wp\/v2\/tags?post=25880"}],"curies":[{"name":"wp","href":"https:\/\/api.w.org\/{rel}","templated":true}]}}