{"id":2580,"date":"2019-06-21T12:00:27","date_gmt":"2019-06-21T15:00:27","guid":{"rendered":"https:\/\/marcelolopes.jor.br\/?p=2580"},"modified":"2019-06-21T10:26:08","modified_gmt":"2019-06-21T13:26:08","slug":"ufv-e-segunda-melhor-universidade-de-minas-gerais-e-17o-da-america-latina","status":"publish","type":"post","link":"https:\/\/marcelolopes.jor.br\/site\/2019\/06\/21\/ufv-e-segunda-melhor-universidade-de-minas-gerais-e-17o-da-america-latina\/","title":{"rendered":"UFV \u00e9 segunda melhor universidade de Minas Gerais e 17\u00ba da Am\u00e9rica Latina"},"content":{"rendered":"<p style=\"text-align: justify;\">A UFV aparece como a segunda melhor institui\u00e7\u00e3o de ensino superior de Minas Gerais e a 17\u00aa entre as cem universidades mais bem avaliadas da Am\u00e9rica Latina no ranking internacional, realizado pela publica\u00e7\u00e3o brit\u00e2nica de educa\u00e7\u00e3o superior Times Higher Education (THE).<!--more--><\/p>\n<p style=\"text-align: justify;\">A avalia\u00e7\u00e3o de 2019 da THE, divulgada nesta ter\u00e7a-feira, 18 de junho, classificou 150 universidades de 12 pa\u00edses da Am\u00e9rica Latina e utilizou os mesmos indicadores de desempenho do World University Rankings, mas os dados foram adaptados para refletir as caracter\u00edsticas das institui\u00e7\u00f5es latino-americanas.<\/p>\n<p style=\"text-align: justify;\">Foram considerados 13 aspectos na avalia\u00e7\u00e3o, dentre eles ensino, pesquisa, cita\u00e7\u00f5es, investimento da ind\u00fastria e perspectiva internacional. A UFV obteve os melhores resultados em pesquisa e ensino, como pode ser verificado no site do ranking.<\/p>\n<p style=\"text-align: justify;\">A Pontif\u00edcia Universidade Cat\u00f3lica do Chile conquistou a primeira posi\u00e7\u00e3o no ranking e outras 24 institui\u00e7\u00f5es brasileiras, dentre p\u00fablicas e privadas, est\u00e3o entre as 50 melhores da Am\u00e9rica Latina. Al\u00e9m da UFV, duas delas s\u00e3o mineiras: as federais de Minas Gerais (8\u00aa) e de Lavras (34\u00aa).<\/p>\n<p style=\"text-align: justify;\">Veja o ranking das universidades <a href=\"https:\/\/www.timeshighereducation.com\/world-university-rankings\/2019\/latin-america-university-rankings#!\/page\/0\/length\/25\/sort_by\/rank\/sort_order\/asc\/cols\/undefined\"><strong>clicando aqui<\/strong><\/a>.<\/p>\n<p><em>Fonte e foto: Universidade Federal de Vi\u00e7osa<\/em><\/p>\n<div class=\"ewyol69f732a70c6f0\" ><br><\/div><style type=\"text\/css\">\r\n@media screen and (min-width: 1201px) {\r\n.ewyol69f732a70c6f0 {\r\ndisplay: block;\r\n}\r\n}\r\n@media screen and (min-width: 993px) and (max-width: 1200px) {\r\n.ewyol69f732a70c6f0 {\r\ndisplay: block;\r\n}\r\n}\r\n@media screen and (min-width: 769px) and (max-width: 992px) {\r\n.ewyol69f732a70c6f0 {\r\ndisplay: block;\r\n}\r\n}\r\n@media screen and (min-width: 768px) and (max-width: 768px) {\r\n.ewyol69f732a70c6f0 {\r\ndisplay: block;\r\n}\r\n}\r\n@media screen and (max-width: 767px) {\r\n.ewyol69f732a70c6f0 {\r\ndisplay: block;\r\n}\r\n}\r\n<\/style>\r\n<div class=\"tuvtr69f732a7126b0\" ><div id=\"div_destino\"><\/div>\r\n<script src=\"https:\/\/cdn.snsrsv.com\/sdk.js\"><\/script>\r\n<script >\r\n      new sdk(\"464030C30061EA8BE065000000000001\") \r\n          .appendTo(\"div_destino\")\r\n          .disableStyle(true) \r\n          .setCacheBusterMacro(\"%%CACHEBUSTER%%\")\r\n          .setSize(\"800\",\"214\")\r\n          .setClickMacro(\"%%CLICK_URL_ESC%%\") \r\n          .setReferrerUrlMacro(\"%%REFERRER_URL_ESC%%\") \r\n          .start(); \r\n<\/script><\/div><style type=\"text\/css\">\r\n@media screen and (min-width: 1201px) {\r\n.tuvtr69f732a7126b0 {\r\ndisplay: block;\r\n}\r\n}\r\n@media screen and (min-width: 993px) and (max-width: 1200px) {\r\n.tuvtr69f732a7126b0 {\r\ndisplay: block;\r\n}\r\n}\r\n@media screen and (min-width: 769px) and (max-width: 992px) {\r\n.tuvtr69f732a7126b0 {\r\ndisplay: block;\r\n}\r\n}\r\n@media screen and (min-width: 768px) and (max-width: 768px) {\r\n.tuvtr69f732a7126b0 {\r\ndisplay: block;\r\n}\r\n}\r\n@media screen and (max-width: 767px) {\r\n.tuvtr69f732a7126b0 {\r\ndisplay: block;\r\n}\r\n}\r\n<\/style>\r\n","protected":false},"excerpt":{"rendered":"<p>A UFV aparece como a segunda melhor institui\u00e7\u00e3o de ensino superior de Minas Gerais e a 17\u00aa entre as cem universidades mais bem avaliadas da Am\u00e9rica Latina no ranking internacional, realizado pela publica\u00e7\u00e3o brit\u00e2nica de educa\u00e7\u00e3o superior Times Higher Education<\/p>\n<p class=\"link-more\"><a class=\"more-link\" href=\"https:\/\/marcelolopes.jor.br\/site\/2019\/06\/21\/ufv-e-segunda-melhor-universidade-de-minas-gerais-e-17o-da-america-latina\/\">Leia mais <span class=\"screen-reader-text\">UFV \u00e9 segunda melhor universidade de Minas Gerais e 17\u00ba da Am\u00e9rica Latina<\/span><\/a><\/p>\n","protected":false},"author":2,"featured_media":2582,"comment_status":"open","ping_status":"open","sticky":false,"template":"","format":"standard","meta":{"footnotes":""},"categories":[1],"tags":[588,549,500,365],"class_list":["post-2580","post","type-post","status-publish","format-standard","has-post-thumbnail","hentry","category-noticias","tag-ranking","tag-ufv","tag-universidade","tag-vicosa","thumb-below-title"],"yoast_head":"<!-- This site is optimized with the Yoast SEO plugin v27.4 - https:\/\/yoast.com\/product\/yoast-seo-wordpress\/ -->\n<title>UFV \u00e9 segunda melhor universidade de Minas Gerais e 17\u00ba da Am\u00e9rica Latina | Marcelo Lopes<\/title>\n<meta name=\"robots\" content=\"index, follow, max-snippet:-1, max-image-preview:large, max-video-preview:-1\" \/>\n<link rel=\"canonical\" href=\"https:\/\/marcelolopes.jor.br\/site\/2019\/06\/21\/ufv-e-segunda-melhor-universidade-de-minas-gerais-e-17o-da-america-latina\/\" \/>\n<meta property=\"og:locale\" content=\"pt_BR\" \/>\n<meta property=\"og:type\" content=\"article\" \/>\n<meta property=\"og:title\" content=\"UFV \u00e9 segunda melhor universidade de Minas Gerais e 17\u00ba da Am\u00e9rica Latina | Marcelo Lopes\" \/>\n<meta property=\"og:description\" content=\"A UFV aparece como a segunda melhor institui\u00e7\u00e3o de ensino superior de Minas Gerais e a 17\u00aa entre as cem universidades mais bem avaliadas da Am\u00e9rica Latina no ranking internacional, realizado pela publica\u00e7\u00e3o brit\u00e2nica de educa\u00e7\u00e3o superior Times Higher EducationLeia mais UFV \u00e9 segunda melhor universidade de Minas Gerais e 17\u00ba da Am\u00e9rica Latina\" \/>\n<meta property=\"og:url\" content=\"https:\/\/marcelolopes.jor.br\/site\/2019\/06\/21\/ufv-e-segunda-melhor-universidade-de-minas-gerais-e-17o-da-america-latina\/\" \/>\n<meta property=\"og:site_name\" content=\"Marcelo Lopes\" \/>\n<meta property=\"article:publisher\" content=\"https:\/\/www.facebook.com\/sitedomarcelolopes\" \/>\n<meta property=\"article:published_time\" content=\"2019-06-21T15:00:27+00:00\" \/>\n<meta property=\"og:image\" content=\"https:\/\/marcelolopes.jor.br\/site\/wp-content\/uploads\/2019\/06\/20151123135608_604.jpg\" \/>\n\t<meta property=\"og:image:width\" content=\"800\" \/>\n\t<meta property=\"og:image:height\" content=\"600\" \/>\n\t<meta property=\"og:image:type\" content=\"image\/jpeg\" \/>\n<meta name=\"author\" content=\"Marcelo Lopes\" \/>\n<meta name=\"twitter:card\" content=\"summary_large_image\" \/>\n<meta name=\"twitter:label1\" content=\"Escrito por\" \/>\n\t<meta name=\"twitter:data1\" content=\"Marcelo Lopes\" \/>\n\t<meta name=\"twitter:label2\" content=\"Est. tempo de leitura\" \/>\n\t<meta name=\"twitter:data2\" content=\"1 minuto\" \/>\n<script type=\"application\/ld+json\" class=\"yoast-schema-graph\">{\"@context\":\"https:\\\/\\\/schema.org\",\"@graph\":[{\"@type\":\"NewsArticle\",\"@id\":\"https:\\\/\\\/marcelolopes.jor.br\\\/site\\\/2019\\\/06\\\/21\\\/ufv-e-segunda-melhor-universidade-de-minas-gerais-e-17o-da-america-latina\\\/#article\",\"isPartOf\":{\"@id\":\"https:\\\/\\\/marcelolopes.jor.br\\\/site\\\/2019\\\/06\\\/21\\\/ufv-e-segunda-melhor-universidade-de-minas-gerais-e-17o-da-america-latina\\\/\"},\"author\":{\"name\":\"Marcelo Lopes\",\"@id\":\"https:\\\/\\\/marcelolopes.jor.br\\\/site\\\/#\\\/schema\\\/person\\\/3e7216a35c34d8fdf952b31da3d1f89f\"},\"headline\":\"UFV \u00e9 segunda melhor universidade de Minas Gerais e 17\u00ba da Am\u00e9rica Latina\",\"datePublished\":\"2019-06-21T15:00:27+00:00\",\"mainEntityOfPage\":{\"@id\":\"https:\\\/\\\/marcelolopes.jor.br\\\/site\\\/2019\\\/06\\\/21\\\/ufv-e-segunda-melhor-universidade-de-minas-gerais-e-17o-da-america-latina\\\/\"},\"wordCount\":206,\"commentCount\":0,\"publisher\":{\"@id\":\"https:\\\/\\\/marcelolopes.jor.br\\\/site\\\/#organization\"},\"image\":{\"@id\":\"https:\\\/\\\/marcelolopes.jor.br\\\/site\\\/2019\\\/06\\\/21\\\/ufv-e-segunda-melhor-universidade-de-minas-gerais-e-17o-da-america-latina\\\/#primaryimage\"},\"thumbnailUrl\":\"https:\\\/\\\/marcelolopes.jor.br\\\/site\\\/wp-content\\\/uploads\\\/2019\\\/06\\\/20151123135608_604.jpg\",\"keywords\":[\"ranking\",\"UFV\",\"universidade\",\"Vi\u00e7osa\"],\"articleSection\":[\"Not\u00edcias\"],\"inLanguage\":\"pt-BR\",\"potentialAction\":[{\"@type\":\"CommentAction\",\"name\":\"Comment\",\"target\":[\"https:\\\/\\\/marcelolopes.jor.br\\\/site\\\/2019\\\/06\\\/21\\\/ufv-e-segunda-melhor-universidade-de-minas-gerais-e-17o-da-america-latina\\\/#respond\"]}]},{\"@type\":\"WebPage\",\"@id\":\"https:\\\/\\\/marcelolopes.jor.br\\\/site\\\/2019\\\/06\\\/21\\\/ufv-e-segunda-melhor-universidade-de-minas-gerais-e-17o-da-america-latina\\\/\",\"url\":\"https:\\\/\\\/marcelolopes.jor.br\\\/site\\\/2019\\\/06\\\/21\\\/ufv-e-segunda-melhor-universidade-de-minas-gerais-e-17o-da-america-latina\\\/\",\"name\":\"UFV \u00e9 segunda melhor universidade de Minas Gerais e 17\u00ba da Am\u00e9rica Latina | Marcelo Lopes\",\"isPartOf\":{\"@id\":\"https:\\\/\\\/marcelolopes.jor.br\\\/site\\\/#website\"},\"primaryImageOfPage\":{\"@id\":\"https:\\\/\\\/marcelolopes.jor.br\\\/site\\\/2019\\\/06\\\/21\\\/ufv-e-segunda-melhor-universidade-de-minas-gerais-e-17o-da-america-latina\\\/#primaryimage\"},\"image\":{\"@id\":\"https:\\\/\\\/marcelolopes.jor.br\\\/site\\\/2019\\\/06\\\/21\\\/ufv-e-segunda-melhor-universidade-de-minas-gerais-e-17o-da-america-latina\\\/#primaryimage\"},\"thumbnailUrl\":\"https:\\\/\\\/marcelolopes.jor.br\\\/site\\\/wp-content\\\/uploads\\\/2019\\\/06\\\/20151123135608_604.jpg\",\"datePublished\":\"2019-06-21T15:00:27+00:00\",\"breadcrumb\":{\"@id\":\"https:\\\/\\\/marcelolopes.jor.br\\\/site\\\/2019\\\/06\\\/21\\\/ufv-e-segunda-melhor-universidade-de-minas-gerais-e-17o-da-america-latina\\\/#breadcrumb\"},\"inLanguage\":\"pt-BR\",\"potentialAction\":[{\"@type\":\"ReadAction\",\"target\":[\"https:\\\/\\\/marcelolopes.jor.br\\\/site\\\/2019\\\/06\\\/21\\\/ufv-e-segunda-melhor-universidade-de-minas-gerais-e-17o-da-america-latina\\\/\"]}]},{\"@type\":\"ImageObject\",\"inLanguage\":\"pt-BR\",\"@id\":\"https:\\\/\\\/marcelolopes.jor.br\\\/site\\\/2019\\\/06\\\/21\\\/ufv-e-segunda-melhor-universidade-de-minas-gerais-e-17o-da-america-latina\\\/#primaryimage\",\"url\":\"https:\\\/\\\/marcelolopes.jor.br\\\/site\\\/wp-content\\\/uploads\\\/2019\\\/06\\\/20151123135608_604.jpg\",\"contentUrl\":\"https:\\\/\\\/marcelolopes.jor.br\\\/site\\\/wp-content\\\/uploads\\\/2019\\\/06\\\/20151123135608_604.jpg\",\"width\":800,\"height\":600},{\"@type\":\"BreadcrumbList\",\"@id\":\"https:\\\/\\\/marcelolopes.jor.br\\\/site\\\/2019\\\/06\\\/21\\\/ufv-e-segunda-melhor-universidade-de-minas-gerais-e-17o-da-america-latina\\\/#breadcrumb\",\"itemListElement\":[{\"@type\":\"ListItem\",\"position\":1,\"name\":\"Home\",\"item\":\"https:\\\/\\\/marcelolopes.jor.br\\\/site\\\/\"},{\"@type\":\"ListItem\",\"position\":2,\"name\":\"UFV \u00e9 segunda melhor universidade de Minas Gerais e 17\u00ba da Am\u00e9rica Latina\"}]},{\"@type\":\"WebSite\",\"@id\":\"https:\\\/\\\/marcelolopes.jor.br\\\/site\\\/#website\",\"url\":\"https:\\\/\\\/marcelolopes.jor.br\\\/site\\\/\",\"name\":\"Marcelo Lopes\",\"description\":\"Not\u00edcias de Cataguases e Regi\u00e3o\",\"publisher\":{\"@id\":\"https:\\\/\\\/marcelolopes.jor.br\\\/site\\\/#organization\"},\"potentialAction\":[{\"@type\":\"SearchAction\",\"target\":{\"@type\":\"EntryPoint\",\"urlTemplate\":\"https:\\\/\\\/marcelolopes.jor.br\\\/site\\\/?s={search_term_string}\"},\"query-input\":{\"@type\":\"PropertyValueSpecification\",\"valueRequired\":true,\"valueName\":\"search_term_string\"}}],\"inLanguage\":\"pt-BR\"},{\"@type\":\"Organization\",\"@id\":\"https:\\\/\\\/marcelolopes.jor.br\\\/site\\\/#organization\",\"name\":\"Site do Marcelo Lopes\",\"url\":\"https:\\\/\\\/marcelolopes.jor.br\\\/site\\\/\",\"logo\":{\"@type\":\"ImageObject\",\"inLanguage\":\"pt-BR\",\"@id\":\"https:\\\/\\\/marcelolopes.jor.br\\\/site\\\/#\\\/schema\\\/logo\\\/image\\\/\",\"url\":\"https:\\\/\\\/marcelolopes.jor.br\\\/site\\\/wp-content\\\/uploads\\\/2024\\\/11\\\/logo-1.png\",\"contentUrl\":\"https:\\\/\\\/marcelolopes.jor.br\\\/site\\\/wp-content\\\/uploads\\\/2024\\\/11\\\/logo-1.png\",\"width\":475,\"height\":80,\"caption\":\"Site do Marcelo Lopes\"},\"image\":{\"@id\":\"https:\\\/\\\/marcelolopes.jor.br\\\/site\\\/#\\\/schema\\\/logo\\\/image\\\/\"},\"sameAs\":[\"https:\\\/\\\/www.facebook.com\\\/sitedomarcelolopes\",\"https:\\\/\\\/www.instagram.com\\\/sitedomarcelolopes\\\/\",\"https:\\\/\\\/www.linkedin.com\\\/company\\\/site-do-marcelo-lopes\\\/\",\"https:\\\/\\\/www.youtube.com\\\/user\\\/marcelolopes957\"]},{\"@type\":\"Person\",\"@id\":\"https:\\\/\\\/marcelolopes.jor.br\\\/site\\\/#\\\/schema\\\/person\\\/3e7216a35c34d8fdf952b31da3d1f89f\",\"name\":\"Marcelo Lopes\",\"sameAs\":[\"http:\\\/\\\/www.marcelolopes.jor.br\"],\"url\":\"https:\\\/\\\/marcelolopes.jor.br\\\/site\\\/author\\\/marcelo\\\/\"}]}<\/script>\n<!-- \/ Yoast SEO plugin. -->","yoast_head_json":{"title":"UFV \u00e9 segunda melhor universidade de Minas Gerais e 17\u00ba da Am\u00e9rica Latina | Marcelo Lopes","robots":{"index":"index","follow":"follow","max-snippet":"max-snippet:-1","max-image-preview":"max-image-preview:large","max-video-preview":"max-video-preview:-1"},"canonical":"https:\/\/marcelolopes.jor.br\/site\/2019\/06\/21\/ufv-e-segunda-melhor-universidade-de-minas-gerais-e-17o-da-america-latina\/","og_locale":"pt_BR","og_type":"article","og_title":"UFV \u00e9 segunda melhor universidade de Minas Gerais e 17\u00ba da Am\u00e9rica Latina | Marcelo Lopes","og_description":"A UFV aparece como a segunda melhor institui\u00e7\u00e3o de ensino superior de Minas Gerais e a 17\u00aa entre as cem universidades mais bem avaliadas da Am\u00e9rica Latina no ranking internacional, realizado pela publica\u00e7\u00e3o brit\u00e2nica de educa\u00e7\u00e3o superior Times Higher EducationLeia mais UFV \u00e9 segunda melhor universidade de Minas Gerais e 17\u00ba da Am\u00e9rica Latina","og_url":"https:\/\/marcelolopes.jor.br\/site\/2019\/06\/21\/ufv-e-segunda-melhor-universidade-de-minas-gerais-e-17o-da-america-latina\/","og_site_name":"Marcelo Lopes","article_publisher":"https:\/\/www.facebook.com\/sitedomarcelolopes","article_published_time":"2019-06-21T15:00:27+00:00","og_image":[{"width":800,"height":600,"url":"https:\/\/marcelolopes.jor.br\/site\/wp-content\/uploads\/2019\/06\/20151123135608_604.jpg","type":"image\/jpeg"}],"author":"Marcelo Lopes","twitter_card":"summary_large_image","twitter_misc":{"Escrito por":"Marcelo Lopes","Est. tempo de leitura":"1 minuto"},"schema":{"@context":"https:\/\/schema.org","@graph":[{"@type":"NewsArticle","@id":"https:\/\/marcelolopes.jor.br\/site\/2019\/06\/21\/ufv-e-segunda-melhor-universidade-de-minas-gerais-e-17o-da-america-latina\/#article","isPartOf":{"@id":"https:\/\/marcelolopes.jor.br\/site\/2019\/06\/21\/ufv-e-segunda-melhor-universidade-de-minas-gerais-e-17o-da-america-latina\/"},"author":{"name":"Marcelo Lopes","@id":"https:\/\/marcelolopes.jor.br\/site\/#\/schema\/person\/3e7216a35c34d8fdf952b31da3d1f89f"},"headline":"UFV \u00e9 segunda melhor universidade de Minas Gerais e 17\u00ba da Am\u00e9rica Latina","datePublished":"2019-06-21T15:00:27+00:00","mainEntityOfPage":{"@id":"https:\/\/marcelolopes.jor.br\/site\/2019\/06\/21\/ufv-e-segunda-melhor-universidade-de-minas-gerais-e-17o-da-america-latina\/"},"wordCount":206,"commentCount":0,"publisher":{"@id":"https:\/\/marcelolopes.jor.br\/site\/#organization"},"image":{"@id":"https:\/\/marcelolopes.jor.br\/site\/2019\/06\/21\/ufv-e-segunda-melhor-universidade-de-minas-gerais-e-17o-da-america-latina\/#primaryimage"},"thumbnailUrl":"https:\/\/marcelolopes.jor.br\/site\/wp-content\/uploads\/2019\/06\/20151123135608_604.jpg","keywords":["ranking","UFV","universidade","Vi\u00e7osa"],"articleSection":["Not\u00edcias"],"inLanguage":"pt-BR","potentialAction":[{"@type":"CommentAction","name":"Comment","target":["https:\/\/marcelolopes.jor.br\/site\/2019\/06\/21\/ufv-e-segunda-melhor-universidade-de-minas-gerais-e-17o-da-america-latina\/#respond"]}]},{"@type":"WebPage","@id":"https:\/\/marcelolopes.jor.br\/site\/2019\/06\/21\/ufv-e-segunda-melhor-universidade-de-minas-gerais-e-17o-da-america-latina\/","url":"https:\/\/marcelolopes.jor.br\/site\/2019\/06\/21\/ufv-e-segunda-melhor-universidade-de-minas-gerais-e-17o-da-america-latina\/","name":"UFV \u00e9 segunda melhor universidade de Minas Gerais e 17\u00ba da Am\u00e9rica Latina | Marcelo Lopes","isPartOf":{"@id":"https:\/\/marcelolopes.jor.br\/site\/#website"},"primaryImageOfPage":{"@id":"https:\/\/marcelolopes.jor.br\/site\/2019\/06\/21\/ufv-e-segunda-melhor-universidade-de-minas-gerais-e-17o-da-america-latina\/#primaryimage"},"image":{"@id":"https:\/\/marcelolopes.jor.br\/site\/2019\/06\/21\/ufv-e-segunda-melhor-universidade-de-minas-gerais-e-17o-da-america-latina\/#primaryimage"},"thumbnailUrl":"https:\/\/marcelolopes.jor.br\/site\/wp-content\/uploads\/2019\/06\/20151123135608_604.jpg","datePublished":"2019-06-21T15:00:27+00:00","breadcrumb":{"@id":"https:\/\/marcelolopes.jor.br\/site\/2019\/06\/21\/ufv-e-segunda-melhor-universidade-de-minas-gerais-e-17o-da-america-latina\/#breadcrumb"},"inLanguage":"pt-BR","potentialAction":[{"@type":"ReadAction","target":["https:\/\/marcelolopes.jor.br\/site\/2019\/06\/21\/ufv-e-segunda-melhor-universidade-de-minas-gerais-e-17o-da-america-latina\/"]}]},{"@type":"ImageObject","inLanguage":"pt-BR","@id":"https:\/\/marcelolopes.jor.br\/site\/2019\/06\/21\/ufv-e-segunda-melhor-universidade-de-minas-gerais-e-17o-da-america-latina\/#primaryimage","url":"https:\/\/marcelolopes.jor.br\/site\/wp-content\/uploads\/2019\/06\/20151123135608_604.jpg","contentUrl":"https:\/\/marcelolopes.jor.br\/site\/wp-content\/uploads\/2019\/06\/20151123135608_604.jpg","width":800,"height":600},{"@type":"BreadcrumbList","@id":"https:\/\/marcelolopes.jor.br\/site\/2019\/06\/21\/ufv-e-segunda-melhor-universidade-de-minas-gerais-e-17o-da-america-latina\/#breadcrumb","itemListElement":[{"@type":"ListItem","position":1,"name":"Home","item":"https:\/\/marcelolopes.jor.br\/site\/"},{"@type":"ListItem","position":2,"name":"UFV \u00e9 segunda melhor universidade de Minas Gerais e 17\u00ba da Am\u00e9rica Latina"}]},{"@type":"WebSite","@id":"https:\/\/marcelolopes.jor.br\/site\/#website","url":"https:\/\/marcelolopes.jor.br\/site\/","name":"Marcelo Lopes","description":"Not\u00edcias de Cataguases e Regi\u00e3o","publisher":{"@id":"https:\/\/marcelolopes.jor.br\/site\/#organization"},"potentialAction":[{"@type":"SearchAction","target":{"@type":"EntryPoint","urlTemplate":"https:\/\/marcelolopes.jor.br\/site\/?s={search_term_string}"},"query-input":{"@type":"PropertyValueSpecification","valueRequired":true,"valueName":"search_term_string"}}],"inLanguage":"pt-BR"},{"@type":"Organization","@id":"https:\/\/marcelolopes.jor.br\/site\/#organization","name":"Site do Marcelo Lopes","url":"https:\/\/marcelolopes.jor.br\/site\/","logo":{"@type":"ImageObject","inLanguage":"pt-BR","@id":"https:\/\/marcelolopes.jor.br\/site\/#\/schema\/logo\/image\/","url":"https:\/\/marcelolopes.jor.br\/site\/wp-content\/uploads\/2024\/11\/logo-1.png","contentUrl":"https:\/\/marcelolopes.jor.br\/site\/wp-content\/uploads\/2024\/11\/logo-1.png","width":475,"height":80,"caption":"Site do Marcelo Lopes"},"image":{"@id":"https:\/\/marcelolopes.jor.br\/site\/#\/schema\/logo\/image\/"},"sameAs":["https:\/\/www.facebook.com\/sitedomarcelolopes","https:\/\/www.instagram.com\/sitedomarcelolopes\/","https:\/\/www.linkedin.com\/company\/site-do-marcelo-lopes\/","https:\/\/www.youtube.com\/user\/marcelolopes957"]},{"@type":"Person","@id":"https:\/\/marcelolopes.jor.br\/site\/#\/schema\/person\/3e7216a35c34d8fdf952b31da3d1f89f","name":"Marcelo Lopes","sameAs":["http:\/\/www.marcelolopes.jor.br"],"url":"https:\/\/marcelolopes.jor.br\/site\/author\/marcelo\/"}]}},"wps_subtitle":"A avalia\u00e7\u00e3o \u00e9 da revista brit\u00e2nica Times Higher Education, especializada em educa\u00e7\u00e3o superior.","_links":{"self":[{"href":"https:\/\/marcelolopes.jor.br\/site\/wp-json\/wp\/v2\/posts\/2580","targetHints":{"allow":["GET"]}}],"collection":[{"href":"https:\/\/marcelolopes.jor.br\/site\/wp-json\/wp\/v2\/posts"}],"about":[{"href":"https:\/\/marcelolopes.jor.br\/site\/wp-json\/wp\/v2\/types\/post"}],"author":[{"embeddable":true,"href":"https:\/\/marcelolopes.jor.br\/site\/wp-json\/wp\/v2\/users\/2"}],"replies":[{"embeddable":true,"href":"https:\/\/marcelolopes.jor.br\/site\/wp-json\/wp\/v2\/comments?post=2580"}],"version-history":[{"count":0,"href":"https:\/\/marcelolopes.jor.br\/site\/wp-json\/wp\/v2\/posts\/2580\/revisions"}],"wp:featuredmedia":[{"embeddable":true,"href":"https:\/\/marcelolopes.jor.br\/site\/wp-json\/wp\/v2\/media\/2582"}],"wp:attachment":[{"href":"https:\/\/marcelolopes.jor.br\/site\/wp-json\/wp\/v2\/media?parent=2580"}],"wp:term":[{"taxonomy":"category","embeddable":true,"href":"https:\/\/marcelolopes.jor.br\/site\/wp-json\/wp\/v2\/categories?post=2580"},{"taxonomy":"post_tag","embeddable":true,"href":"https:\/\/marcelolopes.jor.br\/site\/wp-json\/wp\/v2\/tags?post=2580"}],"curies":[{"name":"wp","href":"https:\/\/api.w.org\/{rel}","templated":true}]}}