{"id":25521,"date":"2021-07-22T16:00:42","date_gmt":"2021-07-22T19:00:42","guid":{"rendered":"https:\/\/marcelolopes.jor.br\/?p=25521"},"modified":"2021-07-22T14:43:10","modified_gmt":"2021-07-22T17:43:10","slug":"rapaz-e-preso-apos-assaltar-farmacia-em-sao-manoel-do-guaiacu","status":"publish","type":"post","link":"https:\/\/marcelolopes.jor.br\/site\/2021\/07\/22\/rapaz-e-preso-apos-assaltar-farmacia-em-sao-manoel-do-guaiacu\/","title":{"rendered":"Rapaz \u00e9 preso ap\u00f3s assaltar farm\u00e1cia em S\u00e3o Manoel do Guaia\u00e7u"},"content":{"rendered":"<p class=\"p1\" style=\"text-align: justify;\"><span style=\"font-size: 1rem; -webkit-text-size-adjust: 100%;\">Um rapaz, de 26 anos, foi preso nesta manh\u00e3 de quinta-feira, 22 de julho, na resid\u00eancia de sua namorada, em Dona Euz\u00e9bia. Ele havia assaltado minutos antes, uma farm\u00e1cia no distrito de S\u00e3o Manoel do Guaia\u00e7u, utilizando um simulacro de arma de fogo.<\/span><br \/>\n<!--more--><\/p>\n<p class=\"p1\" style=\"text-align: justify;\"><span class=\"s1\"><img loading=\"lazy\" decoding=\"async\" class=\"aligncenter size-full wp-image-25507\" src=\"https:\/\/marcelolopes.jor.br\/site\/wp-content\/uploads\/2021\/07\/Banner-Ag\u00eancia-RAM.jpeg\" alt=\"\" width=\"800\" height=\"214\" srcset=\"https:\/\/marcelolopes.jor.br\/site\/wp-content\/uploads\/2021\/07\/Banner-Ag\u00eancia-RAM.jpeg 800w, https:\/\/marcelolopes.jor.br\/site\/wp-content\/uploads\/2021\/07\/Banner-Ag\u00eancia-RAM-300x80.jpeg 300w, https:\/\/marcelolopes.jor.br\/site\/wp-content\/uploads\/2021\/07\/Banner-Ag\u00eancia-RAM-768x205.jpeg 768w\" sizes=\"auto, (max-width: 800px) 100vw, 800px\" \/>A v\u00edtima entrou em contato com o sargento Santoro e informou que sua farm\u00e1cia havia sido assaltada. Ele, ent\u00e3o, com apoio do sargento Granato, que estava de folga, foram at\u00e9 o local do assalto.<span class=\"Apple-converted-space\">\u00a0<\/span>Outros militares, como Sargento Wanderson, que tamb\u00e9m estava de folga e cabo Guilherme, de Itamarati de Minas,<span class=\"Apple-converted-space\">\u00a0 <\/span>e cabo Rafael, deram apoio na a\u00e7\u00e3o.<\/span><\/p>\n<p class=\"p1\" style=\"text-align: justify;\"><span class=\"s1\">Durante as dilig\u00eancias, os militares localizaram o autor na resid\u00eancia da namorada, de 26 anos, bem como a quantia roubada, totalizando R$ 340,00, que estavam escondidos dentro da roupa que ela usava, al\u00e9m de uma faca e um simulacro de arma de fogo.<span class=\"Apple-converted-space\">\u00a0 <\/span>Ela tamb\u00e9m foi presa e os dois levados para a Delegacia de Pol\u00edcia Civil de Cataguases.<\/span><\/p>\n<p><img loading=\"lazy\" decoding=\"async\" class=\"aligncenter size-large wp-image-25523\" src=\"https:\/\/marcelolopes.jor.br\/site\/wp-content\/uploads\/2021\/07\/008FA41D-4ED6-416E-82F9-6B6368CC96B7-1024x461.jpeg\" alt=\"\" width=\"880\" height=\"396\" srcset=\"https:\/\/marcelolopes.jor.br\/site\/wp-content\/uploads\/2021\/07\/008FA41D-4ED6-416E-82F9-6B6368CC96B7-1024x461.jpeg 1024w, https:\/\/marcelolopes.jor.br\/site\/wp-content\/uploads\/2021\/07\/008FA41D-4ED6-416E-82F9-6B6368CC96B7-300x135.jpeg 300w, https:\/\/marcelolopes.jor.br\/site\/wp-content\/uploads\/2021\/07\/008FA41D-4ED6-416E-82F9-6B6368CC96B7-768x346.jpeg 768w, https:\/\/marcelolopes.jor.br\/site\/wp-content\/uploads\/2021\/07\/008FA41D-4ED6-416E-82F9-6B6368CC96B7-1200x540.jpeg 1200w, https:\/\/marcelolopes.jor.br\/site\/wp-content\/uploads\/2021\/07\/008FA41D-4ED6-416E-82F9-6B6368CC96B7.jpeg 1600w\" sizes=\"auto, (max-width: 880px) 100vw, 880px\" \/><\/p>\n<div class=\"fnbov69f5db446d9bf\" ><br><\/div><style type=\"text\/css\">\r\n@media screen and (min-width: 1201px) {\r\n.fnbov69f5db446d9bf {\r\ndisplay: block;\r\n}\r\n}\r\n@media screen and (min-width: 993px) and (max-width: 1200px) {\r\n.fnbov69f5db446d9bf {\r\ndisplay: block;\r\n}\r\n}\r\n@media screen and (min-width: 769px) and (max-width: 992px) {\r\n.fnbov69f5db446d9bf {\r\ndisplay: block;\r\n}\r\n}\r\n@media screen and (min-width: 768px) and (max-width: 768px) {\r\n.fnbov69f5db446d9bf {\r\ndisplay: block;\r\n}\r\n}\r\n@media screen and (max-width: 767px) {\r\n.fnbov69f5db446d9bf {\r\ndisplay: block;\r\n}\r\n}\r\n<\/style>\r\n<div class=\"hmihj69f5db447288c\" ><div id=\"div_destino\"><\/div>\r\n<script src=\"https:\/\/cdn.snsrsv.com\/sdk.js\"><\/script>\r\n<script >\r\n      new sdk(\"464030C30061EA8BE065000000000001\") \r\n          .appendTo(\"div_destino\")\r\n          .disableStyle(true) \r\n          .setCacheBusterMacro(\"%%CACHEBUSTER%%\")\r\n          .setSize(\"800\",\"214\")\r\n          .setClickMacro(\"%%CLICK_URL_ESC%%\") \r\n          .setReferrerUrlMacro(\"%%REFERRER_URL_ESC%%\") \r\n          .start(); \r\n<\/script><\/div><style type=\"text\/css\">\r\n@media screen and (min-width: 1201px) {\r\n.hmihj69f5db447288c {\r\ndisplay: block;\r\n}\r\n}\r\n@media screen and (min-width: 993px) and (max-width: 1200px) {\r\n.hmihj69f5db447288c {\r\ndisplay: block;\r\n}\r\n}\r\n@media screen and (min-width: 769px) and (max-width: 992px) {\r\n.hmihj69f5db447288c {\r\ndisplay: block;\r\n}\r\n}\r\n@media screen and (min-width: 768px) and (max-width: 768px) {\r\n.hmihj69f5db447288c {\r\ndisplay: block;\r\n}\r\n}\r\n@media screen and (max-width: 767px) {\r\n.hmihj69f5db447288c {\r\ndisplay: block;\r\n}\r\n}\r\n<\/style>\r\n","protected":false},"excerpt":{"rendered":"<p>Um rapaz, de 26 anos, foi preso nesta manh\u00e3 de quinta-feira, 22 de julho, na resid\u00eancia de sua namorada, em Dona Euz\u00e9bia. Ele havia assaltado minutos antes, uma farm\u00e1cia no distrito de S\u00e3o Manoel do Guaia\u00e7u, utilizando um simulacro de<\/p>\n<p class=\"link-more\"><a class=\"more-link\" href=\"https:\/\/marcelolopes.jor.br\/site\/2021\/07\/22\/rapaz-e-preso-apos-assaltar-farmacia-em-sao-manoel-do-guaiacu\/\">Leia mais <span class=\"screen-reader-text\">Rapaz \u00e9 preso ap\u00f3s assaltar farm\u00e1cia em S\u00e3o Manoel do Guaia\u00e7u<\/span><\/a><\/p>\n","protected":false},"author":2,"featured_media":25524,"comment_status":"open","ping_status":"open","sticky":false,"template":"","format":"standard","meta":{"footnotes":""},"categories":[1],"tags":[388,4409,4408],"class_list":["post-25521","post","type-post","status-publish","format-standard","has-post-thumbnail","hentry","category-noticias","tag-dona-euzebia","tag-preso-em-flagrante","tag-simulacro","thumb-below-title"],"yoast_head":"<!-- This site is optimized with the Yoast SEO plugin v27.4 - https:\/\/yoast.com\/product\/yoast-seo-wordpress\/ -->\n<title>Rapaz \u00e9 preso ap\u00f3s assaltar farm\u00e1cia em S\u00e3o Manoel do Guaia\u00e7u | Marcelo Lopes<\/title>\n<meta name=\"robots\" content=\"index, follow, max-snippet:-1, max-image-preview:large, max-video-preview:-1\" \/>\n<link rel=\"canonical\" href=\"https:\/\/marcelolopes.jor.br\/site\/2021\/07\/22\/rapaz-e-preso-apos-assaltar-farmacia-em-sao-manoel-do-guaiacu\/\" \/>\n<meta property=\"og:locale\" content=\"pt_BR\" \/>\n<meta property=\"og:type\" content=\"article\" \/>\n<meta property=\"og:title\" content=\"Rapaz \u00e9 preso ap\u00f3s assaltar farm\u00e1cia em S\u00e3o Manoel do Guaia\u00e7u | Marcelo Lopes\" \/>\n<meta property=\"og:description\" content=\"Um rapaz, de 26 anos, foi preso nesta manh\u00e3 de quinta-feira, 22 de julho, na resid\u00eancia de sua namorada, em Dona Euz\u00e9bia. Ele havia assaltado minutos antes, uma farm\u00e1cia no distrito de S\u00e3o Manoel do Guaia\u00e7u, utilizando um simulacro deLeia mais Rapaz \u00e9 preso ap\u00f3s assaltar farm\u00e1cia em S\u00e3o Manoel do Guaia\u00e7u\" \/>\n<meta property=\"og:url\" content=\"https:\/\/marcelolopes.jor.br\/site\/2021\/07\/22\/rapaz-e-preso-apos-assaltar-farmacia-em-sao-manoel-do-guaiacu\/\" \/>\n<meta property=\"og:site_name\" content=\"Marcelo Lopes\" \/>\n<meta property=\"article:publisher\" content=\"https:\/\/www.facebook.com\/sitedomarcelolopes\" \/>\n<meta property=\"article:published_time\" content=\"2021-07-22T19:00:42+00:00\" \/>\n<meta property=\"og:image\" content=\"https:\/\/marcelolopes.jor.br\/site\/wp-content\/uploads\/2021\/07\/648487B8-975D-4B0C-9356-F8728EC2E141.jpeg\" \/>\n\t<meta property=\"og:image:width\" content=\"1395\" \/>\n\t<meta property=\"og:image:height\" content=\"900\" \/>\n\t<meta property=\"og:image:type\" content=\"image\/jpeg\" \/>\n<meta name=\"author\" content=\"Marcelo Lopes\" \/>\n<meta name=\"twitter:card\" content=\"summary_large_image\" \/>\n<meta name=\"twitter:label1\" content=\"Escrito por\" \/>\n\t<meta name=\"twitter:data1\" content=\"Marcelo Lopes\" \/>\n\t<meta name=\"twitter:label2\" content=\"Est. tempo de leitura\" \/>\n\t<meta name=\"twitter:data2\" content=\"1 minuto\" \/>\n<script type=\"application\/ld+json\" class=\"yoast-schema-graph\">{\"@context\":\"https:\\\/\\\/schema.org\",\"@graph\":[{\"@type\":\"NewsArticle\",\"@id\":\"https:\\\/\\\/marcelolopes.jor.br\\\/site\\\/2021\\\/07\\\/22\\\/rapaz-e-preso-apos-assaltar-farmacia-em-sao-manoel-do-guaiacu\\\/#article\",\"isPartOf\":{\"@id\":\"https:\\\/\\\/marcelolopes.jor.br\\\/site\\\/2021\\\/07\\\/22\\\/rapaz-e-preso-apos-assaltar-farmacia-em-sao-manoel-do-guaiacu\\\/\"},\"author\":{\"name\":\"Marcelo Lopes\",\"@id\":\"https:\\\/\\\/marcelolopes.jor.br\\\/site\\\/#\\\/schema\\\/person\\\/3e7216a35c34d8fdf952b31da3d1f89f\"},\"headline\":\"Rapaz \u00e9 preso ap\u00f3s assaltar farm\u00e1cia em S\u00e3o Manoel do Guaia\u00e7u\",\"datePublished\":\"2021-07-22T19:00:42+00:00\",\"mainEntityOfPage\":{\"@id\":\"https:\\\/\\\/marcelolopes.jor.br\\\/site\\\/2021\\\/07\\\/22\\\/rapaz-e-preso-apos-assaltar-farmacia-em-sao-manoel-do-guaiacu\\\/\"},\"wordCount\":185,\"commentCount\":0,\"publisher\":{\"@id\":\"https:\\\/\\\/marcelolopes.jor.br\\\/site\\\/#organization\"},\"image\":{\"@id\":\"https:\\\/\\\/marcelolopes.jor.br\\\/site\\\/2021\\\/07\\\/22\\\/rapaz-e-preso-apos-assaltar-farmacia-em-sao-manoel-do-guaiacu\\\/#primaryimage\"},\"thumbnailUrl\":\"https:\\\/\\\/marcelolopes.jor.br\\\/site\\\/wp-content\\\/uploads\\\/2021\\\/07\\\/648487B8-975D-4B0C-9356-F8728EC2E141.jpeg\",\"keywords\":[\"Dona Euz\u00e9bia\",\"preso em flagrante\",\"Simulacro\"],\"articleSection\":[\"Not\u00edcias\"],\"inLanguage\":\"pt-BR\",\"potentialAction\":[{\"@type\":\"CommentAction\",\"name\":\"Comment\",\"target\":[\"https:\\\/\\\/marcelolopes.jor.br\\\/site\\\/2021\\\/07\\\/22\\\/rapaz-e-preso-apos-assaltar-farmacia-em-sao-manoel-do-guaiacu\\\/#respond\"]}]},{\"@type\":\"WebPage\",\"@id\":\"https:\\\/\\\/marcelolopes.jor.br\\\/site\\\/2021\\\/07\\\/22\\\/rapaz-e-preso-apos-assaltar-farmacia-em-sao-manoel-do-guaiacu\\\/\",\"url\":\"https:\\\/\\\/marcelolopes.jor.br\\\/site\\\/2021\\\/07\\\/22\\\/rapaz-e-preso-apos-assaltar-farmacia-em-sao-manoel-do-guaiacu\\\/\",\"name\":\"Rapaz \u00e9 preso ap\u00f3s assaltar farm\u00e1cia em S\u00e3o Manoel do Guaia\u00e7u | Marcelo Lopes\",\"isPartOf\":{\"@id\":\"https:\\\/\\\/marcelolopes.jor.br\\\/site\\\/#website\"},\"primaryImageOfPage\":{\"@id\":\"https:\\\/\\\/marcelolopes.jor.br\\\/site\\\/2021\\\/07\\\/22\\\/rapaz-e-preso-apos-assaltar-farmacia-em-sao-manoel-do-guaiacu\\\/#primaryimage\"},\"image\":{\"@id\":\"https:\\\/\\\/marcelolopes.jor.br\\\/site\\\/2021\\\/07\\\/22\\\/rapaz-e-preso-apos-assaltar-farmacia-em-sao-manoel-do-guaiacu\\\/#primaryimage\"},\"thumbnailUrl\":\"https:\\\/\\\/marcelolopes.jor.br\\\/site\\\/wp-content\\\/uploads\\\/2021\\\/07\\\/648487B8-975D-4B0C-9356-F8728EC2E141.jpeg\",\"datePublished\":\"2021-07-22T19:00:42+00:00\",\"breadcrumb\":{\"@id\":\"https:\\\/\\\/marcelolopes.jor.br\\\/site\\\/2021\\\/07\\\/22\\\/rapaz-e-preso-apos-assaltar-farmacia-em-sao-manoel-do-guaiacu\\\/#breadcrumb\"},\"inLanguage\":\"pt-BR\",\"potentialAction\":[{\"@type\":\"ReadAction\",\"target\":[\"https:\\\/\\\/marcelolopes.jor.br\\\/site\\\/2021\\\/07\\\/22\\\/rapaz-e-preso-apos-assaltar-farmacia-em-sao-manoel-do-guaiacu\\\/\"]}]},{\"@type\":\"ImageObject\",\"inLanguage\":\"pt-BR\",\"@id\":\"https:\\\/\\\/marcelolopes.jor.br\\\/site\\\/2021\\\/07\\\/22\\\/rapaz-e-preso-apos-assaltar-farmacia-em-sao-manoel-do-guaiacu\\\/#primaryimage\",\"url\":\"https:\\\/\\\/marcelolopes.jor.br\\\/site\\\/wp-content\\\/uploads\\\/2021\\\/07\\\/648487B8-975D-4B0C-9356-F8728EC2E141.jpeg\",\"contentUrl\":\"https:\\\/\\\/marcelolopes.jor.br\\\/site\\\/wp-content\\\/uploads\\\/2021\\\/07\\\/648487B8-975D-4B0C-9356-F8728EC2E141.jpeg\",\"width\":1395,\"height\":900},{\"@type\":\"BreadcrumbList\",\"@id\":\"https:\\\/\\\/marcelolopes.jor.br\\\/site\\\/2021\\\/07\\\/22\\\/rapaz-e-preso-apos-assaltar-farmacia-em-sao-manoel-do-guaiacu\\\/#breadcrumb\",\"itemListElement\":[{\"@type\":\"ListItem\",\"position\":1,\"name\":\"Home\",\"item\":\"https:\\\/\\\/marcelolopes.jor.br\\\/site\\\/\"},{\"@type\":\"ListItem\",\"position\":2,\"name\":\"Rapaz \u00e9 preso ap\u00f3s assaltar farm\u00e1cia em S\u00e3o Manoel do Guaia\u00e7u\"}]},{\"@type\":\"WebSite\",\"@id\":\"https:\\\/\\\/marcelolopes.jor.br\\\/site\\\/#website\",\"url\":\"https:\\\/\\\/marcelolopes.jor.br\\\/site\\\/\",\"name\":\"Marcelo Lopes\",\"description\":\"Not\u00edcias de Cataguases e Regi\u00e3o\",\"publisher\":{\"@id\":\"https:\\\/\\\/marcelolopes.jor.br\\\/site\\\/#organization\"},\"potentialAction\":[{\"@type\":\"SearchAction\",\"target\":{\"@type\":\"EntryPoint\",\"urlTemplate\":\"https:\\\/\\\/marcelolopes.jor.br\\\/site\\\/?s={search_term_string}\"},\"query-input\":{\"@type\":\"PropertyValueSpecification\",\"valueRequired\":true,\"valueName\":\"search_term_string\"}}],\"inLanguage\":\"pt-BR\"},{\"@type\":\"Organization\",\"@id\":\"https:\\\/\\\/marcelolopes.jor.br\\\/site\\\/#organization\",\"name\":\"Site do Marcelo Lopes\",\"url\":\"https:\\\/\\\/marcelolopes.jor.br\\\/site\\\/\",\"logo\":{\"@type\":\"ImageObject\",\"inLanguage\":\"pt-BR\",\"@id\":\"https:\\\/\\\/marcelolopes.jor.br\\\/site\\\/#\\\/schema\\\/logo\\\/image\\\/\",\"url\":\"https:\\\/\\\/marcelolopes.jor.br\\\/site\\\/wp-content\\\/uploads\\\/2024\\\/11\\\/logo-1.png\",\"contentUrl\":\"https:\\\/\\\/marcelolopes.jor.br\\\/site\\\/wp-content\\\/uploads\\\/2024\\\/11\\\/logo-1.png\",\"width\":475,\"height\":80,\"caption\":\"Site do Marcelo Lopes\"},\"image\":{\"@id\":\"https:\\\/\\\/marcelolopes.jor.br\\\/site\\\/#\\\/schema\\\/logo\\\/image\\\/\"},\"sameAs\":[\"https:\\\/\\\/www.facebook.com\\\/sitedomarcelolopes\",\"https:\\\/\\\/www.instagram.com\\\/sitedomarcelolopes\\\/\",\"https:\\\/\\\/www.linkedin.com\\\/company\\\/site-do-marcelo-lopes\\\/\",\"https:\\\/\\\/www.youtube.com\\\/user\\\/marcelolopes957\"]},{\"@type\":\"Person\",\"@id\":\"https:\\\/\\\/marcelolopes.jor.br\\\/site\\\/#\\\/schema\\\/person\\\/3e7216a35c34d8fdf952b31da3d1f89f\",\"name\":\"Marcelo Lopes\",\"sameAs\":[\"http:\\\/\\\/www.marcelolopes.jor.br\"],\"url\":\"https:\\\/\\\/marcelolopes.jor.br\\\/site\\\/author\\\/marcelo\\\/\"}]}<\/script>\n<!-- \/ Yoast SEO plugin. -->","yoast_head_json":{"title":"Rapaz \u00e9 preso ap\u00f3s assaltar farm\u00e1cia em S\u00e3o Manoel do Guaia\u00e7u | Marcelo Lopes","robots":{"index":"index","follow":"follow","max-snippet":"max-snippet:-1","max-image-preview":"max-image-preview:large","max-video-preview":"max-video-preview:-1"},"canonical":"https:\/\/marcelolopes.jor.br\/site\/2021\/07\/22\/rapaz-e-preso-apos-assaltar-farmacia-em-sao-manoel-do-guaiacu\/","og_locale":"pt_BR","og_type":"article","og_title":"Rapaz \u00e9 preso ap\u00f3s assaltar farm\u00e1cia em S\u00e3o Manoel do Guaia\u00e7u | Marcelo Lopes","og_description":"Um rapaz, de 26 anos, foi preso nesta manh\u00e3 de quinta-feira, 22 de julho, na resid\u00eancia de sua namorada, em Dona Euz\u00e9bia. Ele havia assaltado minutos antes, uma farm\u00e1cia no distrito de S\u00e3o Manoel do Guaia\u00e7u, utilizando um simulacro deLeia mais Rapaz \u00e9 preso ap\u00f3s assaltar farm\u00e1cia em S\u00e3o Manoel do Guaia\u00e7u","og_url":"https:\/\/marcelolopes.jor.br\/site\/2021\/07\/22\/rapaz-e-preso-apos-assaltar-farmacia-em-sao-manoel-do-guaiacu\/","og_site_name":"Marcelo Lopes","article_publisher":"https:\/\/www.facebook.com\/sitedomarcelolopes","article_published_time":"2021-07-22T19:00:42+00:00","og_image":[{"width":1395,"height":900,"url":"https:\/\/marcelolopes.jor.br\/site\/wp-content\/uploads\/2021\/07\/648487B8-975D-4B0C-9356-F8728EC2E141.jpeg","type":"image\/jpeg"}],"author":"Marcelo Lopes","twitter_card":"summary_large_image","twitter_misc":{"Escrito por":"Marcelo Lopes","Est. tempo de leitura":"1 minuto"},"schema":{"@context":"https:\/\/schema.org","@graph":[{"@type":"NewsArticle","@id":"https:\/\/marcelolopes.jor.br\/site\/2021\/07\/22\/rapaz-e-preso-apos-assaltar-farmacia-em-sao-manoel-do-guaiacu\/#article","isPartOf":{"@id":"https:\/\/marcelolopes.jor.br\/site\/2021\/07\/22\/rapaz-e-preso-apos-assaltar-farmacia-em-sao-manoel-do-guaiacu\/"},"author":{"name":"Marcelo Lopes","@id":"https:\/\/marcelolopes.jor.br\/site\/#\/schema\/person\/3e7216a35c34d8fdf952b31da3d1f89f"},"headline":"Rapaz \u00e9 preso ap\u00f3s assaltar farm\u00e1cia em S\u00e3o Manoel do Guaia\u00e7u","datePublished":"2021-07-22T19:00:42+00:00","mainEntityOfPage":{"@id":"https:\/\/marcelolopes.jor.br\/site\/2021\/07\/22\/rapaz-e-preso-apos-assaltar-farmacia-em-sao-manoel-do-guaiacu\/"},"wordCount":185,"commentCount":0,"publisher":{"@id":"https:\/\/marcelolopes.jor.br\/site\/#organization"},"image":{"@id":"https:\/\/marcelolopes.jor.br\/site\/2021\/07\/22\/rapaz-e-preso-apos-assaltar-farmacia-em-sao-manoel-do-guaiacu\/#primaryimage"},"thumbnailUrl":"https:\/\/marcelolopes.jor.br\/site\/wp-content\/uploads\/2021\/07\/648487B8-975D-4B0C-9356-F8728EC2E141.jpeg","keywords":["Dona Euz\u00e9bia","preso em flagrante","Simulacro"],"articleSection":["Not\u00edcias"],"inLanguage":"pt-BR","potentialAction":[{"@type":"CommentAction","name":"Comment","target":["https:\/\/marcelolopes.jor.br\/site\/2021\/07\/22\/rapaz-e-preso-apos-assaltar-farmacia-em-sao-manoel-do-guaiacu\/#respond"]}]},{"@type":"WebPage","@id":"https:\/\/marcelolopes.jor.br\/site\/2021\/07\/22\/rapaz-e-preso-apos-assaltar-farmacia-em-sao-manoel-do-guaiacu\/","url":"https:\/\/marcelolopes.jor.br\/site\/2021\/07\/22\/rapaz-e-preso-apos-assaltar-farmacia-em-sao-manoel-do-guaiacu\/","name":"Rapaz \u00e9 preso ap\u00f3s assaltar farm\u00e1cia em S\u00e3o Manoel do Guaia\u00e7u | Marcelo Lopes","isPartOf":{"@id":"https:\/\/marcelolopes.jor.br\/site\/#website"},"primaryImageOfPage":{"@id":"https:\/\/marcelolopes.jor.br\/site\/2021\/07\/22\/rapaz-e-preso-apos-assaltar-farmacia-em-sao-manoel-do-guaiacu\/#primaryimage"},"image":{"@id":"https:\/\/marcelolopes.jor.br\/site\/2021\/07\/22\/rapaz-e-preso-apos-assaltar-farmacia-em-sao-manoel-do-guaiacu\/#primaryimage"},"thumbnailUrl":"https:\/\/marcelolopes.jor.br\/site\/wp-content\/uploads\/2021\/07\/648487B8-975D-4B0C-9356-F8728EC2E141.jpeg","datePublished":"2021-07-22T19:00:42+00:00","breadcrumb":{"@id":"https:\/\/marcelolopes.jor.br\/site\/2021\/07\/22\/rapaz-e-preso-apos-assaltar-farmacia-em-sao-manoel-do-guaiacu\/#breadcrumb"},"inLanguage":"pt-BR","potentialAction":[{"@type":"ReadAction","target":["https:\/\/marcelolopes.jor.br\/site\/2021\/07\/22\/rapaz-e-preso-apos-assaltar-farmacia-em-sao-manoel-do-guaiacu\/"]}]},{"@type":"ImageObject","inLanguage":"pt-BR","@id":"https:\/\/marcelolopes.jor.br\/site\/2021\/07\/22\/rapaz-e-preso-apos-assaltar-farmacia-em-sao-manoel-do-guaiacu\/#primaryimage","url":"https:\/\/marcelolopes.jor.br\/site\/wp-content\/uploads\/2021\/07\/648487B8-975D-4B0C-9356-F8728EC2E141.jpeg","contentUrl":"https:\/\/marcelolopes.jor.br\/site\/wp-content\/uploads\/2021\/07\/648487B8-975D-4B0C-9356-F8728EC2E141.jpeg","width":1395,"height":900},{"@type":"BreadcrumbList","@id":"https:\/\/marcelolopes.jor.br\/site\/2021\/07\/22\/rapaz-e-preso-apos-assaltar-farmacia-em-sao-manoel-do-guaiacu\/#breadcrumb","itemListElement":[{"@type":"ListItem","position":1,"name":"Home","item":"https:\/\/marcelolopes.jor.br\/site\/"},{"@type":"ListItem","position":2,"name":"Rapaz \u00e9 preso ap\u00f3s assaltar farm\u00e1cia em S\u00e3o Manoel do Guaia\u00e7u"}]},{"@type":"WebSite","@id":"https:\/\/marcelolopes.jor.br\/site\/#website","url":"https:\/\/marcelolopes.jor.br\/site\/","name":"Marcelo Lopes","description":"Not\u00edcias de Cataguases e Regi\u00e3o","publisher":{"@id":"https:\/\/marcelolopes.jor.br\/site\/#organization"},"potentialAction":[{"@type":"SearchAction","target":{"@type":"EntryPoint","urlTemplate":"https:\/\/marcelolopes.jor.br\/site\/?s={search_term_string}"},"query-input":{"@type":"PropertyValueSpecification","valueRequired":true,"valueName":"search_term_string"}}],"inLanguage":"pt-BR"},{"@type":"Organization","@id":"https:\/\/marcelolopes.jor.br\/site\/#organization","name":"Site do Marcelo Lopes","url":"https:\/\/marcelolopes.jor.br\/site\/","logo":{"@type":"ImageObject","inLanguage":"pt-BR","@id":"https:\/\/marcelolopes.jor.br\/site\/#\/schema\/logo\/image\/","url":"https:\/\/marcelolopes.jor.br\/site\/wp-content\/uploads\/2024\/11\/logo-1.png","contentUrl":"https:\/\/marcelolopes.jor.br\/site\/wp-content\/uploads\/2024\/11\/logo-1.png","width":475,"height":80,"caption":"Site do Marcelo Lopes"},"image":{"@id":"https:\/\/marcelolopes.jor.br\/site\/#\/schema\/logo\/image\/"},"sameAs":["https:\/\/www.facebook.com\/sitedomarcelolopes","https:\/\/www.instagram.com\/sitedomarcelolopes\/","https:\/\/www.linkedin.com\/company\/site-do-marcelo-lopes\/","https:\/\/www.youtube.com\/user\/marcelolopes957"]},{"@type":"Person","@id":"https:\/\/marcelolopes.jor.br\/site\/#\/schema\/person\/3e7216a35c34d8fdf952b31da3d1f89f","name":"Marcelo Lopes","sameAs":["http:\/\/www.marcelolopes.jor.br"],"url":"https:\/\/marcelolopes.jor.br\/site\/author\/marcelo\/"}]}},"wps_subtitle":"Namorada, que escondia o dinheiro roubado, tamb\u00e9m foi presa.","_links":{"self":[{"href":"https:\/\/marcelolopes.jor.br\/site\/wp-json\/wp\/v2\/posts\/25521","targetHints":{"allow":["GET"]}}],"collection":[{"href":"https:\/\/marcelolopes.jor.br\/site\/wp-json\/wp\/v2\/posts"}],"about":[{"href":"https:\/\/marcelolopes.jor.br\/site\/wp-json\/wp\/v2\/types\/post"}],"author":[{"embeddable":true,"href":"https:\/\/marcelolopes.jor.br\/site\/wp-json\/wp\/v2\/users\/2"}],"replies":[{"embeddable":true,"href":"https:\/\/marcelolopes.jor.br\/site\/wp-json\/wp\/v2\/comments?post=25521"}],"version-history":[{"count":0,"href":"https:\/\/marcelolopes.jor.br\/site\/wp-json\/wp\/v2\/posts\/25521\/revisions"}],"wp:featuredmedia":[{"embeddable":true,"href":"https:\/\/marcelolopes.jor.br\/site\/wp-json\/wp\/v2\/media\/25524"}],"wp:attachment":[{"href":"https:\/\/marcelolopes.jor.br\/site\/wp-json\/wp\/v2\/media?parent=25521"}],"wp:term":[{"taxonomy":"category","embeddable":true,"href":"https:\/\/marcelolopes.jor.br\/site\/wp-json\/wp\/v2\/categories?post=25521"},{"taxonomy":"post_tag","embeddable":true,"href":"https:\/\/marcelolopes.jor.br\/site\/wp-json\/wp\/v2\/tags?post=25521"}],"curies":[{"name":"wp","href":"https:\/\/api.w.org\/{rel}","templated":true}]}}