{"id":25451,"date":"2021-07-20T16:00:57","date_gmt":"2021-07-20T19:00:57","guid":{"rendered":"https:\/\/marcelolopes.jor.br\/?p=25451"},"modified":"2021-07-20T15:51:34","modified_gmt":"2021-07-20T18:51:34","slug":"domingo-em-cataguases-tem-carreata-para-comemorar-o-dia-de-sao-cristovao","status":"publish","type":"post","link":"https:\/\/marcelolopes.jor.br\/site\/2021\/07\/20\/domingo-em-cataguases-tem-carreata-para-comemorar-o-dia-de-sao-cristovao\/","title":{"rendered":"Domingo, em Cataguases, tem carreata para comemorar o Dia de S\u00e3o Crist\u00f3v\u00e3o"},"content":{"rendered":"<p style=\"text-align: justify;\">A tradicional carreata de S\u00e3o Crist\u00f3v\u00e3o voltar\u00e1 a percorrer as principais ruas de Cataguases, neste domingo, 25 de julho, data em que se comemora o padroeiro dos motoristas e viajantes. Ap\u00f3s o evento, que vai come\u00e7ar \u00e0s 7 horas, haver\u00e1 um almo\u00e7o festivo no Bairro Taquara Preta, nas imedia\u00e7\u00f5es da par\u00f3quia. Os interessados em<span class=\"Apple-converted-space\">\u00a0 <\/span>almo\u00e7ar devem fazer seu pedido antecipadamente, informam os organizadores.<!--more--><\/p>\n<p style=\"text-align: justify;\"><a href=\"http:\/\/www.agenciaram.com.br\"><img loading=\"lazy\" decoding=\"async\" class=\"aligncenter wp-image-24593 size-full\" src=\"https:\/\/marcelolopes.jor.br\/site\/wp-content\/uploads\/2021\/06\/Banner-Ag\u00eancia-RAM-1.jpeg\" alt=\"\" width=\"800\" height=\"214\" srcset=\"https:\/\/marcelolopes.jor.br\/site\/wp-content\/uploads\/2021\/06\/Banner-Ag\u00eancia-RAM-1.jpeg 800w, https:\/\/marcelolopes.jor.br\/site\/wp-content\/uploads\/2021\/06\/Banner-Ag\u00eancia-RAM-1-300x80.jpeg 300w, https:\/\/marcelolopes.jor.br\/site\/wp-content\/uploads\/2021\/06\/Banner-Ag\u00eancia-RAM-1-768x205.jpeg 768w\" sizes=\"auto, (max-width: 800px) 100vw, 800px\" \/><\/a>Devido a pandemia da Covid-19, o evento vai obedecer aos protocolos sanit\u00e1rios de seguran\u00e7a. A concentra\u00e7\u00e3o e sa\u00edda dos ve\u00edculos ser\u00e1 na entrada do Bairro S\u00e3o Diniz \u00e0s 7 horas, seguindo em dire\u00e7\u00e3o ao Bairro Taquara Preta. O comboio vai passar pelos principais bairros da cidade, devendo ser encerrada por volta do meio dia, em frente a Igreja de S\u00e3o Crist\u00f3v\u00e3o.<span class=\"Apple-converted-space\">\u00a0<\/span><\/p>\n<p style=\"text-align: justify;\">O almo\u00e7o ser\u00e1 servido das 11 horas \u00e0s 13 horas e custa apenas R$ 10 com direito a arroz, tutu, farofa, macarronada e pernil. As comemora\u00e7\u00f5es pelo Dia de S\u00e3o Crist\u00f3v\u00e3o termina com a celebra\u00e7\u00e3o de uma missa, \u00e0s 19 horas, pelo padre Edson Jos\u00e9 Ribeiro Ferreira e o di\u00e1cono M\u00e1rcio Jos\u00e9 Ferreira J\u00fanior.<\/p>\n<p><img loading=\"lazy\" decoding=\"async\" class=\"aligncenter wp-image-25454\" src=\"https:\/\/marcelolopes.jor.br\/site\/wp-content\/uploads\/2021\/07\/WhatsApp-Image-2021-07-19-at-21.35.14.jpeg\" alt=\"\" width=\"700\" height=\"394\" srcset=\"https:\/\/marcelolopes.jor.br\/site\/wp-content\/uploads\/2021\/07\/WhatsApp-Image-2021-07-19-at-21.35.14.jpeg 1280w, https:\/\/marcelolopes.jor.br\/site\/wp-content\/uploads\/2021\/07\/WhatsApp-Image-2021-07-19-at-21.35.14-300x169.jpeg 300w, https:\/\/marcelolopes.jor.br\/site\/wp-content\/uploads\/2021\/07\/WhatsApp-Image-2021-07-19-at-21.35.14-768x432.jpeg 768w, https:\/\/marcelolopes.jor.br\/site\/wp-content\/uploads\/2021\/07\/WhatsApp-Image-2021-07-19-at-21.35.14-1024x576.jpeg 1024w, https:\/\/marcelolopes.jor.br\/site\/wp-content\/uploads\/2021\/07\/WhatsApp-Image-2021-07-19-at-21.35.14-1200x675.jpeg 1200w\" sizes=\"auto, (max-width: 700px) 100vw, 700px\" \/><\/p>\n<p>Fonte: P\u00e1gina da Par\u00f3quia S\u00e3o Crist\u00f3v\u00e3o e Imaculada Concei\u00e7\u00e3o &#8211; Cataguases\/MG<\/p>\n<div class=\"qjfpp69f75c4a4b657\" ><br><\/div><style type=\"text\/css\">\r\n@media screen and (min-width: 1201px) {\r\n.qjfpp69f75c4a4b657 {\r\ndisplay: block;\r\n}\r\n}\r\n@media screen and (min-width: 993px) and (max-width: 1200px) {\r\n.qjfpp69f75c4a4b657 {\r\ndisplay: block;\r\n}\r\n}\r\n@media screen and (min-width: 769px) and (max-width: 992px) {\r\n.qjfpp69f75c4a4b657 {\r\ndisplay: block;\r\n}\r\n}\r\n@media screen and (min-width: 768px) and (max-width: 768px) {\r\n.qjfpp69f75c4a4b657 {\r\ndisplay: block;\r\n}\r\n}\r\n@media screen and (max-width: 767px) {\r\n.qjfpp69f75c4a4b657 {\r\ndisplay: block;\r\n}\r\n}\r\n<\/style>\r\n<div class=\"medqd69f75c4a502b6\" ><div id=\"div_destino\"><\/div>\r\n<script src=\"https:\/\/cdn.snsrsv.com\/sdk.js\"><\/script>\r\n<script >\r\n      new sdk(\"464030C30061EA8BE065000000000001\") \r\n          .appendTo(\"div_destino\")\r\n          .disableStyle(true) \r\n          .setCacheBusterMacro(\"%%CACHEBUSTER%%\")\r\n          .setSize(\"800\",\"214\")\r\n          .setClickMacro(\"%%CLICK_URL_ESC%%\") \r\n          .setReferrerUrlMacro(\"%%REFERRER_URL_ESC%%\") \r\n          .start(); \r\n<\/script><\/div><style type=\"text\/css\">\r\n@media screen and (min-width: 1201px) {\r\n.medqd69f75c4a502b6 {\r\ndisplay: block;\r\n}\r\n}\r\n@media screen and (min-width: 993px) and (max-width: 1200px) {\r\n.medqd69f75c4a502b6 {\r\ndisplay: block;\r\n}\r\n}\r\n@media screen and (min-width: 769px) and (max-width: 992px) {\r\n.medqd69f75c4a502b6 {\r\ndisplay: block;\r\n}\r\n}\r\n@media screen and (min-width: 768px) and (max-width: 768px) {\r\n.medqd69f75c4a502b6 {\r\ndisplay: block;\r\n}\r\n}\r\n@media screen and (max-width: 767px) {\r\n.medqd69f75c4a502b6 {\r\ndisplay: block;\r\n}\r\n}\r\n<\/style>\r\n","protected":false},"excerpt":{"rendered":"<p>A tradicional carreata de S\u00e3o Crist\u00f3v\u00e3o voltar\u00e1 a percorrer as principais ruas de Cataguases, neste domingo, 25 de julho, data em que se comemora o padroeiro dos motoristas e viajantes. Ap\u00f3s o evento, que vai come\u00e7ar \u00e0s 7 horas, haver\u00e1<\/p>\n<p class=\"link-more\"><a class=\"more-link\" href=\"https:\/\/marcelolopes.jor.br\/site\/2021\/07\/20\/domingo-em-cataguases-tem-carreata-para-comemorar-o-dia-de-sao-cristovao\/\">Leia mais <span class=\"screen-reader-text\">Domingo, em Cataguases, tem carreata para comemorar o Dia de S\u00e3o Crist\u00f3v\u00e3o<\/span><\/a><\/p>\n","protected":false},"author":2,"featured_media":25453,"comment_status":"open","ping_status":"open","sticky":false,"template":"","format":"standard","meta":{"footnotes":""},"categories":[1],"tags":[4394,2246,4395,1156],"class_list":["post-25451","post","type-post","status-publish","format-standard","has-post-thumbnail","hentry","category-noticias","tag-bairro-taquara-preta","tag-carreata","tag-padroeiro-dos-motoristas","tag-sao-cristovao","thumb-below-title"],"yoast_head":"<!-- This site is optimized with the Yoast SEO plugin v27.4 - https:\/\/yoast.com\/product\/yoast-seo-wordpress\/ -->\n<title>Domingo, em Cataguases, tem carreata para comemorar o Dia de S\u00e3o Crist\u00f3v\u00e3o | Marcelo Lopes<\/title>\n<meta name=\"robots\" content=\"index, follow, max-snippet:-1, max-image-preview:large, max-video-preview:-1\" \/>\n<link rel=\"canonical\" href=\"https:\/\/marcelolopes.jor.br\/site\/2021\/07\/20\/domingo-em-cataguases-tem-carreata-para-comemorar-o-dia-de-sao-cristovao\/\" \/>\n<meta property=\"og:locale\" content=\"pt_BR\" \/>\n<meta property=\"og:type\" content=\"article\" \/>\n<meta property=\"og:title\" content=\"Domingo, em Cataguases, tem carreata para comemorar o Dia de S\u00e3o Crist\u00f3v\u00e3o | Marcelo Lopes\" \/>\n<meta property=\"og:description\" content=\"A tradicional carreata de S\u00e3o Crist\u00f3v\u00e3o voltar\u00e1 a percorrer as principais ruas de Cataguases, neste domingo, 25 de julho, data em que se comemora o padroeiro dos motoristas e viajantes. Ap\u00f3s o evento, que vai come\u00e7ar \u00e0s 7 horas, haver\u00e1Leia mais Domingo, em Cataguases, tem carreata para comemorar o Dia de S\u00e3o Crist\u00f3v\u00e3o\" \/>\n<meta property=\"og:url\" content=\"https:\/\/marcelolopes.jor.br\/site\/2021\/07\/20\/domingo-em-cataguases-tem-carreata-para-comemorar-o-dia-de-sao-cristovao\/\" \/>\n<meta property=\"og:site_name\" content=\"Marcelo Lopes\" \/>\n<meta property=\"article:publisher\" content=\"https:\/\/www.facebook.com\/sitedomarcelolopes\" \/>\n<meta property=\"article:published_time\" content=\"2021-07-20T19:00:57+00:00\" \/>\n<meta property=\"og:image\" content=\"https:\/\/marcelolopes.jor.br\/site\/wp-content\/uploads\/2021\/07\/WhatsApp-Image-2021-07-19-at-21.34.37.jpeg\" \/>\n\t<meta property=\"og:image:width\" content=\"800\" \/>\n\t<meta property=\"og:image:height\" content=\"600\" \/>\n\t<meta property=\"og:image:type\" content=\"image\/jpeg\" \/>\n<meta name=\"author\" content=\"Marcelo Lopes\" \/>\n<meta name=\"twitter:card\" content=\"summary_large_image\" \/>\n<meta name=\"twitter:label1\" content=\"Escrito por\" \/>\n\t<meta name=\"twitter:data1\" content=\"Marcelo Lopes\" \/>\n\t<meta name=\"twitter:label2\" content=\"Est. tempo de leitura\" \/>\n\t<meta name=\"twitter:data2\" content=\"1 minuto\" \/>\n<script type=\"application\/ld+json\" class=\"yoast-schema-graph\">{\"@context\":\"https:\\\/\\\/schema.org\",\"@graph\":[{\"@type\":\"NewsArticle\",\"@id\":\"https:\\\/\\\/marcelolopes.jor.br\\\/site\\\/2021\\\/07\\\/20\\\/domingo-em-cataguases-tem-carreata-para-comemorar-o-dia-de-sao-cristovao\\\/#article\",\"isPartOf\":{\"@id\":\"https:\\\/\\\/marcelolopes.jor.br\\\/site\\\/2021\\\/07\\\/20\\\/domingo-em-cataguases-tem-carreata-para-comemorar-o-dia-de-sao-cristovao\\\/\"},\"author\":{\"name\":\"Marcelo Lopes\",\"@id\":\"https:\\\/\\\/marcelolopes.jor.br\\\/site\\\/#\\\/schema\\\/person\\\/3e7216a35c34d8fdf952b31da3d1f89f\"},\"headline\":\"Domingo, em Cataguases, tem carreata para comemorar o Dia de S\u00e3o Crist\u00f3v\u00e3o\",\"datePublished\":\"2021-07-20T19:00:57+00:00\",\"mainEntityOfPage\":{\"@id\":\"https:\\\/\\\/marcelolopes.jor.br\\\/site\\\/2021\\\/07\\\/20\\\/domingo-em-cataguases-tem-carreata-para-comemorar-o-dia-de-sao-cristovao\\\/\"},\"wordCount\":232,\"commentCount\":0,\"publisher\":{\"@id\":\"https:\\\/\\\/marcelolopes.jor.br\\\/site\\\/#organization\"},\"image\":{\"@id\":\"https:\\\/\\\/marcelolopes.jor.br\\\/site\\\/2021\\\/07\\\/20\\\/domingo-em-cataguases-tem-carreata-para-comemorar-o-dia-de-sao-cristovao\\\/#primaryimage\"},\"thumbnailUrl\":\"https:\\\/\\\/marcelolopes.jor.br\\\/site\\\/wp-content\\\/uploads\\\/2021\\\/07\\\/WhatsApp-Image-2021-07-19-at-21.34.37.jpeg\",\"keywords\":[\"Bairro Taquara Preta\",\"carreata\",\"padroeiro dos motoristas\",\"S\u00e3o Cristov\u00e3o\"],\"articleSection\":[\"Not\u00edcias\"],\"inLanguage\":\"pt-BR\",\"potentialAction\":[{\"@type\":\"CommentAction\",\"name\":\"Comment\",\"target\":[\"https:\\\/\\\/marcelolopes.jor.br\\\/site\\\/2021\\\/07\\\/20\\\/domingo-em-cataguases-tem-carreata-para-comemorar-o-dia-de-sao-cristovao\\\/#respond\"]}]},{\"@type\":\"WebPage\",\"@id\":\"https:\\\/\\\/marcelolopes.jor.br\\\/site\\\/2021\\\/07\\\/20\\\/domingo-em-cataguases-tem-carreata-para-comemorar-o-dia-de-sao-cristovao\\\/\",\"url\":\"https:\\\/\\\/marcelolopes.jor.br\\\/site\\\/2021\\\/07\\\/20\\\/domingo-em-cataguases-tem-carreata-para-comemorar-o-dia-de-sao-cristovao\\\/\",\"name\":\"Domingo, em Cataguases, tem carreata para comemorar o Dia de S\u00e3o Crist\u00f3v\u00e3o | Marcelo Lopes\",\"isPartOf\":{\"@id\":\"https:\\\/\\\/marcelolopes.jor.br\\\/site\\\/#website\"},\"primaryImageOfPage\":{\"@id\":\"https:\\\/\\\/marcelolopes.jor.br\\\/site\\\/2021\\\/07\\\/20\\\/domingo-em-cataguases-tem-carreata-para-comemorar-o-dia-de-sao-cristovao\\\/#primaryimage\"},\"image\":{\"@id\":\"https:\\\/\\\/marcelolopes.jor.br\\\/site\\\/2021\\\/07\\\/20\\\/domingo-em-cataguases-tem-carreata-para-comemorar-o-dia-de-sao-cristovao\\\/#primaryimage\"},\"thumbnailUrl\":\"https:\\\/\\\/marcelolopes.jor.br\\\/site\\\/wp-content\\\/uploads\\\/2021\\\/07\\\/WhatsApp-Image-2021-07-19-at-21.34.37.jpeg\",\"datePublished\":\"2021-07-20T19:00:57+00:00\",\"breadcrumb\":{\"@id\":\"https:\\\/\\\/marcelolopes.jor.br\\\/site\\\/2021\\\/07\\\/20\\\/domingo-em-cataguases-tem-carreata-para-comemorar-o-dia-de-sao-cristovao\\\/#breadcrumb\"},\"inLanguage\":\"pt-BR\",\"potentialAction\":[{\"@type\":\"ReadAction\",\"target\":[\"https:\\\/\\\/marcelolopes.jor.br\\\/site\\\/2021\\\/07\\\/20\\\/domingo-em-cataguases-tem-carreata-para-comemorar-o-dia-de-sao-cristovao\\\/\"]}]},{\"@type\":\"ImageObject\",\"inLanguage\":\"pt-BR\",\"@id\":\"https:\\\/\\\/marcelolopes.jor.br\\\/site\\\/2021\\\/07\\\/20\\\/domingo-em-cataguases-tem-carreata-para-comemorar-o-dia-de-sao-cristovao\\\/#primaryimage\",\"url\":\"https:\\\/\\\/marcelolopes.jor.br\\\/site\\\/wp-content\\\/uploads\\\/2021\\\/07\\\/WhatsApp-Image-2021-07-19-at-21.34.37.jpeg\",\"contentUrl\":\"https:\\\/\\\/marcelolopes.jor.br\\\/site\\\/wp-content\\\/uploads\\\/2021\\\/07\\\/WhatsApp-Image-2021-07-19-at-21.34.37.jpeg\",\"width\":800,\"height\":600},{\"@type\":\"BreadcrumbList\",\"@id\":\"https:\\\/\\\/marcelolopes.jor.br\\\/site\\\/2021\\\/07\\\/20\\\/domingo-em-cataguases-tem-carreata-para-comemorar-o-dia-de-sao-cristovao\\\/#breadcrumb\",\"itemListElement\":[{\"@type\":\"ListItem\",\"position\":1,\"name\":\"Home\",\"item\":\"https:\\\/\\\/marcelolopes.jor.br\\\/site\\\/\"},{\"@type\":\"ListItem\",\"position\":2,\"name\":\"Domingo, em Cataguases, tem carreata para comemorar o Dia de S\u00e3o Crist\u00f3v\u00e3o\"}]},{\"@type\":\"WebSite\",\"@id\":\"https:\\\/\\\/marcelolopes.jor.br\\\/site\\\/#website\",\"url\":\"https:\\\/\\\/marcelolopes.jor.br\\\/site\\\/\",\"name\":\"Marcelo Lopes\",\"description\":\"Not\u00edcias de Cataguases e Regi\u00e3o\",\"publisher\":{\"@id\":\"https:\\\/\\\/marcelolopes.jor.br\\\/site\\\/#organization\"},\"potentialAction\":[{\"@type\":\"SearchAction\",\"target\":{\"@type\":\"EntryPoint\",\"urlTemplate\":\"https:\\\/\\\/marcelolopes.jor.br\\\/site\\\/?s={search_term_string}\"},\"query-input\":{\"@type\":\"PropertyValueSpecification\",\"valueRequired\":true,\"valueName\":\"search_term_string\"}}],\"inLanguage\":\"pt-BR\"},{\"@type\":\"Organization\",\"@id\":\"https:\\\/\\\/marcelolopes.jor.br\\\/site\\\/#organization\",\"name\":\"Site do Marcelo Lopes\",\"url\":\"https:\\\/\\\/marcelolopes.jor.br\\\/site\\\/\",\"logo\":{\"@type\":\"ImageObject\",\"inLanguage\":\"pt-BR\",\"@id\":\"https:\\\/\\\/marcelolopes.jor.br\\\/site\\\/#\\\/schema\\\/logo\\\/image\\\/\",\"url\":\"https:\\\/\\\/marcelolopes.jor.br\\\/site\\\/wp-content\\\/uploads\\\/2024\\\/11\\\/logo-1.png\",\"contentUrl\":\"https:\\\/\\\/marcelolopes.jor.br\\\/site\\\/wp-content\\\/uploads\\\/2024\\\/11\\\/logo-1.png\",\"width\":475,\"height\":80,\"caption\":\"Site do Marcelo Lopes\"},\"image\":{\"@id\":\"https:\\\/\\\/marcelolopes.jor.br\\\/site\\\/#\\\/schema\\\/logo\\\/image\\\/\"},\"sameAs\":[\"https:\\\/\\\/www.facebook.com\\\/sitedomarcelolopes\",\"https:\\\/\\\/www.instagram.com\\\/sitedomarcelolopes\\\/\",\"https:\\\/\\\/www.linkedin.com\\\/company\\\/site-do-marcelo-lopes\\\/\",\"https:\\\/\\\/www.youtube.com\\\/user\\\/marcelolopes957\"]},{\"@type\":\"Person\",\"@id\":\"https:\\\/\\\/marcelolopes.jor.br\\\/site\\\/#\\\/schema\\\/person\\\/3e7216a35c34d8fdf952b31da3d1f89f\",\"name\":\"Marcelo Lopes\",\"sameAs\":[\"http:\\\/\\\/www.marcelolopes.jor.br\"],\"url\":\"https:\\\/\\\/marcelolopes.jor.br\\\/site\\\/author\\\/marcelo\\\/\"}]}<\/script>\n<!-- \/ Yoast SEO plugin. -->","yoast_head_json":{"title":"Domingo, em Cataguases, tem carreata para comemorar o Dia de S\u00e3o Crist\u00f3v\u00e3o | Marcelo Lopes","robots":{"index":"index","follow":"follow","max-snippet":"max-snippet:-1","max-image-preview":"max-image-preview:large","max-video-preview":"max-video-preview:-1"},"canonical":"https:\/\/marcelolopes.jor.br\/site\/2021\/07\/20\/domingo-em-cataguases-tem-carreata-para-comemorar-o-dia-de-sao-cristovao\/","og_locale":"pt_BR","og_type":"article","og_title":"Domingo, em Cataguases, tem carreata para comemorar o Dia de S\u00e3o Crist\u00f3v\u00e3o | Marcelo Lopes","og_description":"A tradicional carreata de S\u00e3o Crist\u00f3v\u00e3o voltar\u00e1 a percorrer as principais ruas de Cataguases, neste domingo, 25 de julho, data em que se comemora o padroeiro dos motoristas e viajantes. Ap\u00f3s o evento, que vai come\u00e7ar \u00e0s 7 horas, haver\u00e1Leia mais Domingo, em Cataguases, tem carreata para comemorar o Dia de S\u00e3o Crist\u00f3v\u00e3o","og_url":"https:\/\/marcelolopes.jor.br\/site\/2021\/07\/20\/domingo-em-cataguases-tem-carreata-para-comemorar-o-dia-de-sao-cristovao\/","og_site_name":"Marcelo Lopes","article_publisher":"https:\/\/www.facebook.com\/sitedomarcelolopes","article_published_time":"2021-07-20T19:00:57+00:00","og_image":[{"width":800,"height":600,"url":"https:\/\/marcelolopes.jor.br\/site\/wp-content\/uploads\/2021\/07\/WhatsApp-Image-2021-07-19-at-21.34.37.jpeg","type":"image\/jpeg"}],"author":"Marcelo Lopes","twitter_card":"summary_large_image","twitter_misc":{"Escrito por":"Marcelo Lopes","Est. tempo de leitura":"1 minuto"},"schema":{"@context":"https:\/\/schema.org","@graph":[{"@type":"NewsArticle","@id":"https:\/\/marcelolopes.jor.br\/site\/2021\/07\/20\/domingo-em-cataguases-tem-carreata-para-comemorar-o-dia-de-sao-cristovao\/#article","isPartOf":{"@id":"https:\/\/marcelolopes.jor.br\/site\/2021\/07\/20\/domingo-em-cataguases-tem-carreata-para-comemorar-o-dia-de-sao-cristovao\/"},"author":{"name":"Marcelo Lopes","@id":"https:\/\/marcelolopes.jor.br\/site\/#\/schema\/person\/3e7216a35c34d8fdf952b31da3d1f89f"},"headline":"Domingo, em Cataguases, tem carreata para comemorar o Dia de S\u00e3o Crist\u00f3v\u00e3o","datePublished":"2021-07-20T19:00:57+00:00","mainEntityOfPage":{"@id":"https:\/\/marcelolopes.jor.br\/site\/2021\/07\/20\/domingo-em-cataguases-tem-carreata-para-comemorar-o-dia-de-sao-cristovao\/"},"wordCount":232,"commentCount":0,"publisher":{"@id":"https:\/\/marcelolopes.jor.br\/site\/#organization"},"image":{"@id":"https:\/\/marcelolopes.jor.br\/site\/2021\/07\/20\/domingo-em-cataguases-tem-carreata-para-comemorar-o-dia-de-sao-cristovao\/#primaryimage"},"thumbnailUrl":"https:\/\/marcelolopes.jor.br\/site\/wp-content\/uploads\/2021\/07\/WhatsApp-Image-2021-07-19-at-21.34.37.jpeg","keywords":["Bairro Taquara Preta","carreata","padroeiro dos motoristas","S\u00e3o Cristov\u00e3o"],"articleSection":["Not\u00edcias"],"inLanguage":"pt-BR","potentialAction":[{"@type":"CommentAction","name":"Comment","target":["https:\/\/marcelolopes.jor.br\/site\/2021\/07\/20\/domingo-em-cataguases-tem-carreata-para-comemorar-o-dia-de-sao-cristovao\/#respond"]}]},{"@type":"WebPage","@id":"https:\/\/marcelolopes.jor.br\/site\/2021\/07\/20\/domingo-em-cataguases-tem-carreata-para-comemorar-o-dia-de-sao-cristovao\/","url":"https:\/\/marcelolopes.jor.br\/site\/2021\/07\/20\/domingo-em-cataguases-tem-carreata-para-comemorar-o-dia-de-sao-cristovao\/","name":"Domingo, em Cataguases, tem carreata para comemorar o Dia de S\u00e3o Crist\u00f3v\u00e3o | Marcelo Lopes","isPartOf":{"@id":"https:\/\/marcelolopes.jor.br\/site\/#website"},"primaryImageOfPage":{"@id":"https:\/\/marcelolopes.jor.br\/site\/2021\/07\/20\/domingo-em-cataguases-tem-carreata-para-comemorar-o-dia-de-sao-cristovao\/#primaryimage"},"image":{"@id":"https:\/\/marcelolopes.jor.br\/site\/2021\/07\/20\/domingo-em-cataguases-tem-carreata-para-comemorar-o-dia-de-sao-cristovao\/#primaryimage"},"thumbnailUrl":"https:\/\/marcelolopes.jor.br\/site\/wp-content\/uploads\/2021\/07\/WhatsApp-Image-2021-07-19-at-21.34.37.jpeg","datePublished":"2021-07-20T19:00:57+00:00","breadcrumb":{"@id":"https:\/\/marcelolopes.jor.br\/site\/2021\/07\/20\/domingo-em-cataguases-tem-carreata-para-comemorar-o-dia-de-sao-cristovao\/#breadcrumb"},"inLanguage":"pt-BR","potentialAction":[{"@type":"ReadAction","target":["https:\/\/marcelolopes.jor.br\/site\/2021\/07\/20\/domingo-em-cataguases-tem-carreata-para-comemorar-o-dia-de-sao-cristovao\/"]}]},{"@type":"ImageObject","inLanguage":"pt-BR","@id":"https:\/\/marcelolopes.jor.br\/site\/2021\/07\/20\/domingo-em-cataguases-tem-carreata-para-comemorar-o-dia-de-sao-cristovao\/#primaryimage","url":"https:\/\/marcelolopes.jor.br\/site\/wp-content\/uploads\/2021\/07\/WhatsApp-Image-2021-07-19-at-21.34.37.jpeg","contentUrl":"https:\/\/marcelolopes.jor.br\/site\/wp-content\/uploads\/2021\/07\/WhatsApp-Image-2021-07-19-at-21.34.37.jpeg","width":800,"height":600},{"@type":"BreadcrumbList","@id":"https:\/\/marcelolopes.jor.br\/site\/2021\/07\/20\/domingo-em-cataguases-tem-carreata-para-comemorar-o-dia-de-sao-cristovao\/#breadcrumb","itemListElement":[{"@type":"ListItem","position":1,"name":"Home","item":"https:\/\/marcelolopes.jor.br\/site\/"},{"@type":"ListItem","position":2,"name":"Domingo, em Cataguases, tem carreata para comemorar o Dia de S\u00e3o Crist\u00f3v\u00e3o"}]},{"@type":"WebSite","@id":"https:\/\/marcelolopes.jor.br\/site\/#website","url":"https:\/\/marcelolopes.jor.br\/site\/","name":"Marcelo Lopes","description":"Not\u00edcias de Cataguases e Regi\u00e3o","publisher":{"@id":"https:\/\/marcelolopes.jor.br\/site\/#organization"},"potentialAction":[{"@type":"SearchAction","target":{"@type":"EntryPoint","urlTemplate":"https:\/\/marcelolopes.jor.br\/site\/?s={search_term_string}"},"query-input":{"@type":"PropertyValueSpecification","valueRequired":true,"valueName":"search_term_string"}}],"inLanguage":"pt-BR"},{"@type":"Organization","@id":"https:\/\/marcelolopes.jor.br\/site\/#organization","name":"Site do Marcelo Lopes","url":"https:\/\/marcelolopes.jor.br\/site\/","logo":{"@type":"ImageObject","inLanguage":"pt-BR","@id":"https:\/\/marcelolopes.jor.br\/site\/#\/schema\/logo\/image\/","url":"https:\/\/marcelolopes.jor.br\/site\/wp-content\/uploads\/2024\/11\/logo-1.png","contentUrl":"https:\/\/marcelolopes.jor.br\/site\/wp-content\/uploads\/2024\/11\/logo-1.png","width":475,"height":80,"caption":"Site do Marcelo Lopes"},"image":{"@id":"https:\/\/marcelolopes.jor.br\/site\/#\/schema\/logo\/image\/"},"sameAs":["https:\/\/www.facebook.com\/sitedomarcelolopes","https:\/\/www.instagram.com\/sitedomarcelolopes\/","https:\/\/www.linkedin.com\/company\/site-do-marcelo-lopes\/","https:\/\/www.youtube.com\/user\/marcelolopes957"]},{"@type":"Person","@id":"https:\/\/marcelolopes.jor.br\/site\/#\/schema\/person\/3e7216a35c34d8fdf952b31da3d1f89f","name":"Marcelo Lopes","sameAs":["http:\/\/www.marcelolopes.jor.br"],"url":"https:\/\/marcelolopes.jor.br\/site\/author\/marcelo\/"}]}},"wps_subtitle":"Evento retorna obedecendo aos protocolos de seguran\u00e7a. Sa\u00edda ser\u00e1 \u00e0s 7h. \u00a0","_links":{"self":[{"href":"https:\/\/marcelolopes.jor.br\/site\/wp-json\/wp\/v2\/posts\/25451","targetHints":{"allow":["GET"]}}],"collection":[{"href":"https:\/\/marcelolopes.jor.br\/site\/wp-json\/wp\/v2\/posts"}],"about":[{"href":"https:\/\/marcelolopes.jor.br\/site\/wp-json\/wp\/v2\/types\/post"}],"author":[{"embeddable":true,"href":"https:\/\/marcelolopes.jor.br\/site\/wp-json\/wp\/v2\/users\/2"}],"replies":[{"embeddable":true,"href":"https:\/\/marcelolopes.jor.br\/site\/wp-json\/wp\/v2\/comments?post=25451"}],"version-history":[{"count":0,"href":"https:\/\/marcelolopes.jor.br\/site\/wp-json\/wp\/v2\/posts\/25451\/revisions"}],"wp:featuredmedia":[{"embeddable":true,"href":"https:\/\/marcelolopes.jor.br\/site\/wp-json\/wp\/v2\/media\/25453"}],"wp:attachment":[{"href":"https:\/\/marcelolopes.jor.br\/site\/wp-json\/wp\/v2\/media?parent=25451"}],"wp:term":[{"taxonomy":"category","embeddable":true,"href":"https:\/\/marcelolopes.jor.br\/site\/wp-json\/wp\/v2\/categories?post=25451"},{"taxonomy":"post_tag","embeddable":true,"href":"https:\/\/marcelolopes.jor.br\/site\/wp-json\/wp\/v2\/tags?post=25451"}],"curies":[{"name":"wp","href":"https:\/\/api.w.org\/{rel}","templated":true}]}}