{"id":25331,"date":"2021-07-15T12:00:21","date_gmt":"2021-07-15T15:00:21","guid":{"rendered":"https:\/\/marcelolopes.jor.br\/?p=25331"},"modified":"2022-10-10T11:34:42","modified_gmt":"2022-10-10T14:34:42","slug":"mais-de-45-dos-cataguasenses-receberam-a-primeira-dose-da-vacina","status":"publish","type":"post","link":"https:\/\/marcelolopes.jor.br\/site\/2021\/07\/15\/mais-de-45-dos-cataguasenses-receberam-a-primeira-dose-da-vacina\/","title":{"rendered":"Mais de 45% dos cataguasenses receberam a primeira dose da vacina contra a Covid-19"},"content":{"rendered":"<p style=\"text-align: justify;\">A Secretaria Municipal de Sa\u00fade informou na manh\u00e3 desta quinta-feira, 15 de julho, o andamento da campanha de vacina\u00e7\u00e3o contra a Covid-19 em Cataguases. O munic\u00edpio segue \u00e0 frente das m\u00e9dias estadual e nacional, conforme os dados fechados ontem, dia 14. H\u00e1, tamb\u00e9m, a expectativa de chegada de nova remessa do imunizante na pr\u00f3xima segunda-feira, 19.<!--more--><\/p>\n<p style=\"text-align: justify;\"><a href=\"http:\/\/www.agenciaram.com.br\"><img loading=\"lazy\" decoding=\"async\" class=\"aligncenter wp-image-24593 size-full\" src=\"https:\/\/marcelolopes.jor.br\/site\/wp-content\/uploads\/2021\/06\/Banner-Ag\u00eancia-RAM-1.jpeg\" alt=\"\" width=\"800\" height=\"214\" srcset=\"https:\/\/marcelolopes.jor.br\/site\/wp-content\/uploads\/2021\/06\/Banner-Ag\u00eancia-RAM-1.jpeg 800w, https:\/\/marcelolopes.jor.br\/site\/wp-content\/uploads\/2021\/06\/Banner-Ag\u00eancia-RAM-1-300x80.jpeg 300w, https:\/\/marcelolopes.jor.br\/site\/wp-content\/uploads\/2021\/06\/Banner-Ag\u00eancia-RAM-1-768x205.jpeg 768w\" sizes=\"auto, (max-width: 800px) 100vw, 800px\" \/><\/a>Cataguases j\u00e1 vacinou com a primeira dose 45,69% de sua popula\u00e7\u00e3o e com a segunda dose, 15,50%. Minas Gerais, at\u00e9 quarta-feira, dia 14, vacinou 38,78% com a primeira dose, e 14% com a segunda dose. J\u00e1 o pa\u00eds est\u00e1 com 40,77% de vacinados com a primeira dose e 15,17% totalmente imunizados, ainda segundo os n\u00fameros divulgados pela Secretaria Municipal de Sa\u00fade de Cataguases.<\/p>\n<p style=\"text-align: justify;\">Sobre uma poss\u00edvel antecipa\u00e7\u00e3o na aplica\u00e7\u00e3o da segunda dose da AstraZeneca no munic\u00edpio, o diretor da Secretaria de Sa\u00fade, Vin\u00edcius Franzone, descartou esta possibilidade. Ele informou que a Fiocruz, representante brasileira daquele laborat\u00f3rio, emitiu parecer refor\u00e7ando a necessidade de cumprir os tr\u00eas meses de intervalo entre as doses. Por fim, Vinicius disse aguardar para segunda-feira pr\u00f3xima, a chegada de mais vacinas no munic\u00edpio garantindo desta forma a continua\u00e7\u00e3o da vacina\u00e7\u00e3o.<span class=\"Apple-converted-space\">\u00a0<\/span><\/p>\n<p>Foto: Prefeitura de Cataguases<\/p>\n<div class=\"yqmyr69f7503fc6129\" ><br><\/div><style type=\"text\/css\">\r\n@media screen and (min-width: 1201px) {\r\n.yqmyr69f7503fc6129 {\r\ndisplay: block;\r\n}\r\n}\r\n@media screen and (min-width: 993px) and (max-width: 1200px) {\r\n.yqmyr69f7503fc6129 {\r\ndisplay: block;\r\n}\r\n}\r\n@media screen and (min-width: 769px) and (max-width: 992px) {\r\n.yqmyr69f7503fc6129 {\r\ndisplay: block;\r\n}\r\n}\r\n@media screen and (min-width: 768px) and (max-width: 768px) {\r\n.yqmyr69f7503fc6129 {\r\ndisplay: block;\r\n}\r\n}\r\n@media screen and (max-width: 767px) {\r\n.yqmyr69f7503fc6129 {\r\ndisplay: block;\r\n}\r\n}\r\n<\/style>\r\n<div class=\"uaops69f7503fcca84\" ><div id=\"div_destino\"><\/div>\r\n<script src=\"https:\/\/cdn.snsrsv.com\/sdk.js\"><\/script>\r\n<script >\r\n      new sdk(\"464030C30061EA8BE065000000000001\") \r\n          .appendTo(\"div_destino\")\r\n          .disableStyle(true) \r\n          .setCacheBusterMacro(\"%%CACHEBUSTER%%\")\r\n          .setSize(\"800\",\"214\")\r\n          .setClickMacro(\"%%CLICK_URL_ESC%%\") \r\n          .setReferrerUrlMacro(\"%%REFERRER_URL_ESC%%\") \r\n          .start(); \r\n<\/script><\/div><style type=\"text\/css\">\r\n@media screen and (min-width: 1201px) {\r\n.uaops69f7503fcca84 {\r\ndisplay: block;\r\n}\r\n}\r\n@media screen and (min-width: 993px) and (max-width: 1200px) {\r\n.uaops69f7503fcca84 {\r\ndisplay: block;\r\n}\r\n}\r\n@media screen and (min-width: 769px) and (max-width: 992px) {\r\n.uaops69f7503fcca84 {\r\ndisplay: block;\r\n}\r\n}\r\n@media screen and (min-width: 768px) and (max-width: 768px) {\r\n.uaops69f7503fcca84 {\r\ndisplay: block;\r\n}\r\n}\r\n@media screen and (max-width: 767px) {\r\n.uaops69f7503fcca84 {\r\ndisplay: block;\r\n}\r\n}\r\n<\/style>\r\n","protected":false},"excerpt":{"rendered":"<p>A Secretaria Municipal de Sa\u00fade informou na manh\u00e3 desta quinta-feira, 15 de julho, o andamento da campanha de vacina\u00e7\u00e3o contra a Covid-19 em Cataguases. O munic\u00edpio segue \u00e0 frente das m\u00e9dias estadual e nacional, conforme os dados fechados ontem, dia<\/p>\n<p class=\"link-more\"><a class=\"more-link\" href=\"https:\/\/marcelolopes.jor.br\/site\/2021\/07\/15\/mais-de-45-dos-cataguasenses-receberam-a-primeira-dose-da-vacina\/\">Leia mais <span class=\"screen-reader-text\">Mais de 45% dos cataguasenses receberam a primeira dose da vacina contra a Covid-19<\/span><\/a><\/p>\n","protected":false},"author":2,"featured_media":25333,"comment_status":"open","ping_status":"open","sticky":false,"template":"","format":"standard","meta":{"footnotes":""},"categories":[1],"tags":[4373,1332,4371,4372],"class_list":["post-25331","post","type-post","status-publish","format-standard","has-post-thumbnail","hentry","category-noticias","tag-andamento-da-vacinacao","tag-campanha-de-vacinacao","tag-ranking-da-vacina","tag-vacina-contra-covid-19","thumb-below-title"],"yoast_head":"<!-- This site is optimized with the Yoast SEO plugin v27.4 - https:\/\/yoast.com\/product\/yoast-seo-wordpress\/ -->\n<title>Mais de 45% dos cataguasenses receberam a primeira dose da<\/title>\n<meta name=\"description\" content=\"Mais de 45% dos cataguasenses receberam a primeira dose da vacina contra a Covid-19. M\u00e9dia est\u00e1 acima das registradas em Minas e no Brasil.\" \/>\n<meta name=\"robots\" content=\"index, follow, max-snippet:-1, max-image-preview:large, max-video-preview:-1\" \/>\n<link rel=\"canonical\" href=\"https:\/\/marcelolopes.jor.br\/site\/2021\/07\/15\/mais-de-45-dos-cataguasenses-receberam-a-primeira-dose-da-vacina\/\" \/>\n<meta property=\"og:locale\" content=\"pt_BR\" \/>\n<meta property=\"og:type\" content=\"article\" \/>\n<meta property=\"og:title\" content=\"Mais de 45% dos cataguasenses receberam a primeira dose da\" \/>\n<meta property=\"og:description\" content=\"Mais de 45% dos cataguasenses receberam a primeira dose da vacina contra a Covid-19. M\u00e9dia est\u00e1 acima das registradas em Minas e no Brasil.\" \/>\n<meta property=\"og:url\" content=\"https:\/\/marcelolopes.jor.br\/site\/2021\/07\/15\/mais-de-45-dos-cataguasenses-receberam-a-primeira-dose-da-vacina\/\" \/>\n<meta property=\"og:site_name\" content=\"Marcelo Lopes\" \/>\n<meta property=\"article:publisher\" content=\"https:\/\/www.facebook.com\/sitedomarcelolopes\" \/>\n<meta property=\"article:published_time\" content=\"2021-07-15T15:00:21+00:00\" \/>\n<meta property=\"article:modified_time\" content=\"2022-10-10T14:34:42+00:00\" \/>\n<meta property=\"og:image\" content=\"https:\/\/marcelolopes.jor.br\/site\/wp-content\/uploads\/2021\/07\/Vacina-no-Poliesportivo.jpg\" \/>\n\t<meta property=\"og:image:width\" content=\"800\" \/>\n\t<meta property=\"og:image:height\" content=\"522\" \/>\n\t<meta property=\"og:image:type\" content=\"image\/jpeg\" \/>\n<meta name=\"author\" content=\"Marcelo Lopes\" \/>\n<meta name=\"twitter:card\" content=\"summary_large_image\" \/>\n<meta name=\"twitter:label1\" content=\"Escrito por\" \/>\n\t<meta name=\"twitter:data1\" content=\"Marcelo Lopes\" \/>\n\t<meta name=\"twitter:label2\" content=\"Est. tempo de leitura\" \/>\n\t<meta name=\"twitter:data2\" content=\"1 minuto\" \/>\n<script type=\"application\/ld+json\" class=\"yoast-schema-graph\">{\"@context\":\"https:\\\/\\\/schema.org\",\"@graph\":[{\"@type\":\"NewsArticle\",\"@id\":\"https:\\\/\\\/marcelolopes.jor.br\\\/site\\\/2021\\\/07\\\/15\\\/mais-de-45-dos-cataguasenses-receberam-a-primeira-dose-da-vacina\\\/#article\",\"isPartOf\":{\"@id\":\"https:\\\/\\\/marcelolopes.jor.br\\\/site\\\/2021\\\/07\\\/15\\\/mais-de-45-dos-cataguasenses-receberam-a-primeira-dose-da-vacina\\\/\"},\"author\":{\"name\":\"Marcelo Lopes\",\"@id\":\"https:\\\/\\\/marcelolopes.jor.br\\\/site\\\/#\\\/schema\\\/person\\\/3e7216a35c34d8fdf952b31da3d1f89f\"},\"headline\":\"Mais de 45% dos cataguasenses receberam a primeira dose da vacina contra a Covid-19\",\"datePublished\":\"2021-07-15T15:00:21+00:00\",\"dateModified\":\"2022-10-10T14:34:42+00:00\",\"mainEntityOfPage\":{\"@id\":\"https:\\\/\\\/marcelolopes.jor.br\\\/site\\\/2021\\\/07\\\/15\\\/mais-de-45-dos-cataguasenses-receberam-a-primeira-dose-da-vacina\\\/\"},\"wordCount\":218,\"commentCount\":0,\"publisher\":{\"@id\":\"https:\\\/\\\/marcelolopes.jor.br\\\/site\\\/#organization\"},\"image\":{\"@id\":\"https:\\\/\\\/marcelolopes.jor.br\\\/site\\\/2021\\\/07\\\/15\\\/mais-de-45-dos-cataguasenses-receberam-a-primeira-dose-da-vacina\\\/#primaryimage\"},\"thumbnailUrl\":\"https:\\\/\\\/marcelolopes.jor.br\\\/site\\\/wp-content\\\/uploads\\\/2021\\\/07\\\/Vacina-no-Poliesportivo.jpg\",\"keywords\":[\"andamento da vacina\u00e7\u00e3o\",\"campanha de vacina\u00e7\u00e3o\",\"ranking da vacina\",\"vacina contra covid-19\"],\"articleSection\":[\"Not\u00edcias\"],\"inLanguage\":\"pt-BR\",\"potentialAction\":[{\"@type\":\"CommentAction\",\"name\":\"Comment\",\"target\":[\"https:\\\/\\\/marcelolopes.jor.br\\\/site\\\/2021\\\/07\\\/15\\\/mais-de-45-dos-cataguasenses-receberam-a-primeira-dose-da-vacina\\\/#respond\"]}]},{\"@type\":\"WebPage\",\"@id\":\"https:\\\/\\\/marcelolopes.jor.br\\\/site\\\/2021\\\/07\\\/15\\\/mais-de-45-dos-cataguasenses-receberam-a-primeira-dose-da-vacina\\\/\",\"url\":\"https:\\\/\\\/marcelolopes.jor.br\\\/site\\\/2021\\\/07\\\/15\\\/mais-de-45-dos-cataguasenses-receberam-a-primeira-dose-da-vacina\\\/\",\"name\":\"Mais de 45% dos cataguasenses receberam a primeira dose da\",\"isPartOf\":{\"@id\":\"https:\\\/\\\/marcelolopes.jor.br\\\/site\\\/#website\"},\"primaryImageOfPage\":{\"@id\":\"https:\\\/\\\/marcelolopes.jor.br\\\/site\\\/2021\\\/07\\\/15\\\/mais-de-45-dos-cataguasenses-receberam-a-primeira-dose-da-vacina\\\/#primaryimage\"},\"image\":{\"@id\":\"https:\\\/\\\/marcelolopes.jor.br\\\/site\\\/2021\\\/07\\\/15\\\/mais-de-45-dos-cataguasenses-receberam-a-primeira-dose-da-vacina\\\/#primaryimage\"},\"thumbnailUrl\":\"https:\\\/\\\/marcelolopes.jor.br\\\/site\\\/wp-content\\\/uploads\\\/2021\\\/07\\\/Vacina-no-Poliesportivo.jpg\",\"datePublished\":\"2021-07-15T15:00:21+00:00\",\"dateModified\":\"2022-10-10T14:34:42+00:00\",\"description\":\"Mais de 45% dos cataguasenses receberam a primeira dose da vacina contra a Covid-19. M\u00e9dia est\u00e1 acima das registradas em Minas e no Brasil.\",\"breadcrumb\":{\"@id\":\"https:\\\/\\\/marcelolopes.jor.br\\\/site\\\/2021\\\/07\\\/15\\\/mais-de-45-dos-cataguasenses-receberam-a-primeira-dose-da-vacina\\\/#breadcrumb\"},\"inLanguage\":\"pt-BR\",\"potentialAction\":[{\"@type\":\"ReadAction\",\"target\":[\"https:\\\/\\\/marcelolopes.jor.br\\\/site\\\/2021\\\/07\\\/15\\\/mais-de-45-dos-cataguasenses-receberam-a-primeira-dose-da-vacina\\\/\"]}]},{\"@type\":\"ImageObject\",\"inLanguage\":\"pt-BR\",\"@id\":\"https:\\\/\\\/marcelolopes.jor.br\\\/site\\\/2021\\\/07\\\/15\\\/mais-de-45-dos-cataguasenses-receberam-a-primeira-dose-da-vacina\\\/#primaryimage\",\"url\":\"https:\\\/\\\/marcelolopes.jor.br\\\/site\\\/wp-content\\\/uploads\\\/2021\\\/07\\\/Vacina-no-Poliesportivo.jpg\",\"contentUrl\":\"https:\\\/\\\/marcelolopes.jor.br\\\/site\\\/wp-content\\\/uploads\\\/2021\\\/07\\\/Vacina-no-Poliesportivo.jpg\",\"width\":800,\"height\":522,\"caption\":\"Mais de 45% dos\"},{\"@type\":\"BreadcrumbList\",\"@id\":\"https:\\\/\\\/marcelolopes.jor.br\\\/site\\\/2021\\\/07\\\/15\\\/mais-de-45-dos-cataguasenses-receberam-a-primeira-dose-da-vacina\\\/#breadcrumb\",\"itemListElement\":[{\"@type\":\"ListItem\",\"position\":1,\"name\":\"Home\",\"item\":\"https:\\\/\\\/marcelolopes.jor.br\\\/site\\\/\"},{\"@type\":\"ListItem\",\"position\":2,\"name\":\"Mais de 45% dos cataguasenses receberam a primeira dose da vacina contra a Covid-19\"}]},{\"@type\":\"WebSite\",\"@id\":\"https:\\\/\\\/marcelolopes.jor.br\\\/site\\\/#website\",\"url\":\"https:\\\/\\\/marcelolopes.jor.br\\\/site\\\/\",\"name\":\"Marcelo Lopes\",\"description\":\"Not\u00edcias de Cataguases e Regi\u00e3o\",\"publisher\":{\"@id\":\"https:\\\/\\\/marcelolopes.jor.br\\\/site\\\/#organization\"},\"potentialAction\":[{\"@type\":\"SearchAction\",\"target\":{\"@type\":\"EntryPoint\",\"urlTemplate\":\"https:\\\/\\\/marcelolopes.jor.br\\\/site\\\/?s={search_term_string}\"},\"query-input\":{\"@type\":\"PropertyValueSpecification\",\"valueRequired\":true,\"valueName\":\"search_term_string\"}}],\"inLanguage\":\"pt-BR\"},{\"@type\":\"Organization\",\"@id\":\"https:\\\/\\\/marcelolopes.jor.br\\\/site\\\/#organization\",\"name\":\"Site do Marcelo Lopes\",\"url\":\"https:\\\/\\\/marcelolopes.jor.br\\\/site\\\/\",\"logo\":{\"@type\":\"ImageObject\",\"inLanguage\":\"pt-BR\",\"@id\":\"https:\\\/\\\/marcelolopes.jor.br\\\/site\\\/#\\\/schema\\\/logo\\\/image\\\/\",\"url\":\"https:\\\/\\\/marcelolopes.jor.br\\\/site\\\/wp-content\\\/uploads\\\/2024\\\/11\\\/logo-1.png\",\"contentUrl\":\"https:\\\/\\\/marcelolopes.jor.br\\\/site\\\/wp-content\\\/uploads\\\/2024\\\/11\\\/logo-1.png\",\"width\":475,\"height\":80,\"caption\":\"Site do Marcelo Lopes\"},\"image\":{\"@id\":\"https:\\\/\\\/marcelolopes.jor.br\\\/site\\\/#\\\/schema\\\/logo\\\/image\\\/\"},\"sameAs\":[\"https:\\\/\\\/www.facebook.com\\\/sitedomarcelolopes\",\"https:\\\/\\\/www.instagram.com\\\/sitedomarcelolopes\\\/\",\"https:\\\/\\\/www.linkedin.com\\\/company\\\/site-do-marcelo-lopes\\\/\",\"https:\\\/\\\/www.youtube.com\\\/user\\\/marcelolopes957\"]},{\"@type\":\"Person\",\"@id\":\"https:\\\/\\\/marcelolopes.jor.br\\\/site\\\/#\\\/schema\\\/person\\\/3e7216a35c34d8fdf952b31da3d1f89f\",\"name\":\"Marcelo Lopes\",\"sameAs\":[\"http:\\\/\\\/www.marcelolopes.jor.br\"],\"url\":\"https:\\\/\\\/marcelolopes.jor.br\\\/site\\\/author\\\/marcelo\\\/\"}]}<\/script>\n<!-- \/ Yoast SEO plugin. -->","yoast_head_json":{"title":"Mais de 45% dos cataguasenses receberam a primeira dose da","description":"Mais de 45% dos cataguasenses receberam a primeira dose da vacina contra a Covid-19. M\u00e9dia est\u00e1 acima das registradas em Minas e no Brasil.","robots":{"index":"index","follow":"follow","max-snippet":"max-snippet:-1","max-image-preview":"max-image-preview:large","max-video-preview":"max-video-preview:-1"},"canonical":"https:\/\/marcelolopes.jor.br\/site\/2021\/07\/15\/mais-de-45-dos-cataguasenses-receberam-a-primeira-dose-da-vacina\/","og_locale":"pt_BR","og_type":"article","og_title":"Mais de 45% dos cataguasenses receberam a primeira dose da","og_description":"Mais de 45% dos cataguasenses receberam a primeira dose da vacina contra a Covid-19. M\u00e9dia est\u00e1 acima das registradas em Minas e no Brasil.","og_url":"https:\/\/marcelolopes.jor.br\/site\/2021\/07\/15\/mais-de-45-dos-cataguasenses-receberam-a-primeira-dose-da-vacina\/","og_site_name":"Marcelo Lopes","article_publisher":"https:\/\/www.facebook.com\/sitedomarcelolopes","article_published_time":"2021-07-15T15:00:21+00:00","article_modified_time":"2022-10-10T14:34:42+00:00","og_image":[{"width":800,"height":522,"url":"https:\/\/marcelolopes.jor.br\/site\/wp-content\/uploads\/2021\/07\/Vacina-no-Poliesportivo.jpg","type":"image\/jpeg"}],"author":"Marcelo Lopes","twitter_card":"summary_large_image","twitter_misc":{"Escrito por":"Marcelo Lopes","Est. tempo de leitura":"1 minuto"},"schema":{"@context":"https:\/\/schema.org","@graph":[{"@type":"NewsArticle","@id":"https:\/\/marcelolopes.jor.br\/site\/2021\/07\/15\/mais-de-45-dos-cataguasenses-receberam-a-primeira-dose-da-vacina\/#article","isPartOf":{"@id":"https:\/\/marcelolopes.jor.br\/site\/2021\/07\/15\/mais-de-45-dos-cataguasenses-receberam-a-primeira-dose-da-vacina\/"},"author":{"name":"Marcelo Lopes","@id":"https:\/\/marcelolopes.jor.br\/site\/#\/schema\/person\/3e7216a35c34d8fdf952b31da3d1f89f"},"headline":"Mais de 45% dos cataguasenses receberam a primeira dose da vacina contra a Covid-19","datePublished":"2021-07-15T15:00:21+00:00","dateModified":"2022-10-10T14:34:42+00:00","mainEntityOfPage":{"@id":"https:\/\/marcelolopes.jor.br\/site\/2021\/07\/15\/mais-de-45-dos-cataguasenses-receberam-a-primeira-dose-da-vacina\/"},"wordCount":218,"commentCount":0,"publisher":{"@id":"https:\/\/marcelolopes.jor.br\/site\/#organization"},"image":{"@id":"https:\/\/marcelolopes.jor.br\/site\/2021\/07\/15\/mais-de-45-dos-cataguasenses-receberam-a-primeira-dose-da-vacina\/#primaryimage"},"thumbnailUrl":"https:\/\/marcelolopes.jor.br\/site\/wp-content\/uploads\/2021\/07\/Vacina-no-Poliesportivo.jpg","keywords":["andamento da vacina\u00e7\u00e3o","campanha de vacina\u00e7\u00e3o","ranking da vacina","vacina contra covid-19"],"articleSection":["Not\u00edcias"],"inLanguage":"pt-BR","potentialAction":[{"@type":"CommentAction","name":"Comment","target":["https:\/\/marcelolopes.jor.br\/site\/2021\/07\/15\/mais-de-45-dos-cataguasenses-receberam-a-primeira-dose-da-vacina\/#respond"]}]},{"@type":"WebPage","@id":"https:\/\/marcelolopes.jor.br\/site\/2021\/07\/15\/mais-de-45-dos-cataguasenses-receberam-a-primeira-dose-da-vacina\/","url":"https:\/\/marcelolopes.jor.br\/site\/2021\/07\/15\/mais-de-45-dos-cataguasenses-receberam-a-primeira-dose-da-vacina\/","name":"Mais de 45% dos cataguasenses receberam a primeira dose da","isPartOf":{"@id":"https:\/\/marcelolopes.jor.br\/site\/#website"},"primaryImageOfPage":{"@id":"https:\/\/marcelolopes.jor.br\/site\/2021\/07\/15\/mais-de-45-dos-cataguasenses-receberam-a-primeira-dose-da-vacina\/#primaryimage"},"image":{"@id":"https:\/\/marcelolopes.jor.br\/site\/2021\/07\/15\/mais-de-45-dos-cataguasenses-receberam-a-primeira-dose-da-vacina\/#primaryimage"},"thumbnailUrl":"https:\/\/marcelolopes.jor.br\/site\/wp-content\/uploads\/2021\/07\/Vacina-no-Poliesportivo.jpg","datePublished":"2021-07-15T15:00:21+00:00","dateModified":"2022-10-10T14:34:42+00:00","description":"Mais de 45% dos cataguasenses receberam a primeira dose da vacina contra a Covid-19. M\u00e9dia est\u00e1 acima das registradas em Minas e no Brasil.","breadcrumb":{"@id":"https:\/\/marcelolopes.jor.br\/site\/2021\/07\/15\/mais-de-45-dos-cataguasenses-receberam-a-primeira-dose-da-vacina\/#breadcrumb"},"inLanguage":"pt-BR","potentialAction":[{"@type":"ReadAction","target":["https:\/\/marcelolopes.jor.br\/site\/2021\/07\/15\/mais-de-45-dos-cataguasenses-receberam-a-primeira-dose-da-vacina\/"]}]},{"@type":"ImageObject","inLanguage":"pt-BR","@id":"https:\/\/marcelolopes.jor.br\/site\/2021\/07\/15\/mais-de-45-dos-cataguasenses-receberam-a-primeira-dose-da-vacina\/#primaryimage","url":"https:\/\/marcelolopes.jor.br\/site\/wp-content\/uploads\/2021\/07\/Vacina-no-Poliesportivo.jpg","contentUrl":"https:\/\/marcelolopes.jor.br\/site\/wp-content\/uploads\/2021\/07\/Vacina-no-Poliesportivo.jpg","width":800,"height":522,"caption":"Mais de 45% dos"},{"@type":"BreadcrumbList","@id":"https:\/\/marcelolopes.jor.br\/site\/2021\/07\/15\/mais-de-45-dos-cataguasenses-receberam-a-primeira-dose-da-vacina\/#breadcrumb","itemListElement":[{"@type":"ListItem","position":1,"name":"Home","item":"https:\/\/marcelolopes.jor.br\/site\/"},{"@type":"ListItem","position":2,"name":"Mais de 45% dos cataguasenses receberam a primeira dose da vacina contra a Covid-19"}]},{"@type":"WebSite","@id":"https:\/\/marcelolopes.jor.br\/site\/#website","url":"https:\/\/marcelolopes.jor.br\/site\/","name":"Marcelo Lopes","description":"Not\u00edcias de Cataguases e Regi\u00e3o","publisher":{"@id":"https:\/\/marcelolopes.jor.br\/site\/#organization"},"potentialAction":[{"@type":"SearchAction","target":{"@type":"EntryPoint","urlTemplate":"https:\/\/marcelolopes.jor.br\/site\/?s={search_term_string}"},"query-input":{"@type":"PropertyValueSpecification","valueRequired":true,"valueName":"search_term_string"}}],"inLanguage":"pt-BR"},{"@type":"Organization","@id":"https:\/\/marcelolopes.jor.br\/site\/#organization","name":"Site do Marcelo Lopes","url":"https:\/\/marcelolopes.jor.br\/site\/","logo":{"@type":"ImageObject","inLanguage":"pt-BR","@id":"https:\/\/marcelolopes.jor.br\/site\/#\/schema\/logo\/image\/","url":"https:\/\/marcelolopes.jor.br\/site\/wp-content\/uploads\/2024\/11\/logo-1.png","contentUrl":"https:\/\/marcelolopes.jor.br\/site\/wp-content\/uploads\/2024\/11\/logo-1.png","width":475,"height":80,"caption":"Site do Marcelo Lopes"},"image":{"@id":"https:\/\/marcelolopes.jor.br\/site\/#\/schema\/logo\/image\/"},"sameAs":["https:\/\/www.facebook.com\/sitedomarcelolopes","https:\/\/www.instagram.com\/sitedomarcelolopes\/","https:\/\/www.linkedin.com\/company\/site-do-marcelo-lopes\/","https:\/\/www.youtube.com\/user\/marcelolopes957"]},{"@type":"Person","@id":"https:\/\/marcelolopes.jor.br\/site\/#\/schema\/person\/3e7216a35c34d8fdf952b31da3d1f89f","name":"Marcelo Lopes","sameAs":["http:\/\/www.marcelolopes.jor.br"],"url":"https:\/\/marcelolopes.jor.br\/site\/author\/marcelo\/"}]}},"wps_subtitle":"Munic\u00edpio segue com m\u00e9dia de vacina\u00e7\u00e3o acima das registradas em Minas e no Brasil.","_links":{"self":[{"href":"https:\/\/marcelolopes.jor.br\/site\/wp-json\/wp\/v2\/posts\/25331","targetHints":{"allow":["GET"]}}],"collection":[{"href":"https:\/\/marcelolopes.jor.br\/site\/wp-json\/wp\/v2\/posts"}],"about":[{"href":"https:\/\/marcelolopes.jor.br\/site\/wp-json\/wp\/v2\/types\/post"}],"author":[{"embeddable":true,"href":"https:\/\/marcelolopes.jor.br\/site\/wp-json\/wp\/v2\/users\/2"}],"replies":[{"embeddable":true,"href":"https:\/\/marcelolopes.jor.br\/site\/wp-json\/wp\/v2\/comments?post=25331"}],"version-history":[{"count":0,"href":"https:\/\/marcelolopes.jor.br\/site\/wp-json\/wp\/v2\/posts\/25331\/revisions"}],"wp:featuredmedia":[{"embeddable":true,"href":"https:\/\/marcelolopes.jor.br\/site\/wp-json\/wp\/v2\/media\/25333"}],"wp:attachment":[{"href":"https:\/\/marcelolopes.jor.br\/site\/wp-json\/wp\/v2\/media?parent=25331"}],"wp:term":[{"taxonomy":"category","embeddable":true,"href":"https:\/\/marcelolopes.jor.br\/site\/wp-json\/wp\/v2\/categories?post=25331"},{"taxonomy":"post_tag","embeddable":true,"href":"https:\/\/marcelolopes.jor.br\/site\/wp-json\/wp\/v2\/tags?post=25331"}],"curies":[{"name":"wp","href":"https:\/\/api.w.org\/{rel}","templated":true}]}}