{"id":25214,"date":"2021-07-11T12:00:05","date_gmt":"2021-07-11T15:00:05","guid":{"rendered":"https:\/\/marcelolopes.jor.br\/?p=25214"},"modified":"2021-07-11T10:59:39","modified_gmt":"2021-07-11T13:59:39","slug":"prefeitura-de-alem-paraiba-estuda-implantar-piscicultura-comercial-e-ornamental","status":"publish","type":"post","link":"https:\/\/marcelolopes.jor.br\/site\/2021\/07\/11\/prefeitura-de-alem-paraiba-estuda-implantar-piscicultura-comercial-e-ornamental\/","title":{"rendered":"Prefeitura de Al\u00e9m Para\u00edba estuda implantar piscicultura comercial e ornamental"},"content":{"rendered":"<p style=\"text-align: justify;\">A fim de incrementar a economia local, em meados de junho deste ano o prefeito de Al\u00e9m Para\u00edba, Miguel Belmiro de Souza J\u00fanior esteve em Alfenas, cidade do Sul de Minas, onde conheceu a piscicultura local. Ele esteve acompanhado do Secret\u00e1rio Municipal de Agropecu\u00e1ria e Meio Ambiente, Edson Gomes J\u00fanior e do Assessor Neidson Barros Gon\u00e7alves.\u00a0<!--more--><\/p>\n<p style=\"text-align: justify;\"><a href=\"http:\/\/www.agenciaram.com.br\"><img loading=\"lazy\" decoding=\"async\" class=\"aligncenter wp-image-24593 size-full\" src=\"https:\/\/marcelolopes.jor.br\/site\/wp-content\/uploads\/2021\/06\/Banner-Ag\u00eancia-RAM-1.jpeg\" alt=\"\" width=\"800\" height=\"214\" srcset=\"https:\/\/marcelolopes.jor.br\/site\/wp-content\/uploads\/2021\/06\/Banner-Ag\u00eancia-RAM-1.jpeg 800w, https:\/\/marcelolopes.jor.br\/site\/wp-content\/uploads\/2021\/06\/Banner-Ag\u00eancia-RAM-1-300x80.jpeg 300w, https:\/\/marcelolopes.jor.br\/site\/wp-content\/uploads\/2021\/06\/Banner-Ag\u00eancia-RAM-1-768x205.jpeg 768w\" sizes=\"auto, (max-width: 800px) 100vw, 800px\" \/><\/a>L\u00e1 ele foi recebido por t\u00e9cnicos da EMATER-MG local e visitou produtores e f\u00e1bricas de equipamentos para a cria\u00e7\u00e3o de peixes para consumo. Al\u00e9m disso conheceu detalhes desta atividade econ\u00f4mica e seus benef\u00edcios como gera\u00e7\u00e3o de emprego e renda, al\u00e9m de fortalecer a economia do munic\u00edpio como ocorre em Alfenas, que vem se destacando neste setor em Minas Gerais.<\/p>\n<p style=\"text-align: justify;\">A partir desta visita, o prefeito Miguelzinho (foto ao final do texto) determinou ao Secret\u00e1rio de Agropecu\u00e1ria e Meio Ambiente, Edson J\u00fanior, intensificar estudos de viabilidade e busca de parcerias para a implanta\u00e7\u00e3o em Al\u00e9m Para\u00edba da piscicultura comercial e ornamental. Na \u00faltima semana ele, o vice-prefeito Jos\u00e9 M\u00e1rcio Fernandes da Silva, o Ded\u00e9, e Neidson Bai\u00e3o, acompanhados por t\u00e9cnicos da EMATER-MG, visitaram a propriedade de Wander Cortes que mant\u00e9m um projeto de grande porte em piscicultura naquela cidade.<\/p>\n<p style=\"text-align: justify;\">Ap\u00f3s conhecerem a realidade local da piscicultura, eles sa\u00edram de l\u00e1 otimistas e afirmaram que projetos como o visto em Alfenas e tamb\u00e9m em Al\u00e9m Para\u00edba lhes d\u00e1 a certeza de que a cria\u00e7\u00e3o de peixes \u00e9 um importante aliado na economia do munic\u00edpio porque gera novas oportunidades de emprego e renda, principalmente para os pequenos e m\u00e9dios produtores. Os estudos neste sentido continuam em andamento naquele munic\u00edpio.<\/p>\n<p><img loading=\"lazy\" decoding=\"async\" class=\"aligncenter wp-image-25216\" src=\"https:\/\/marcelolopes.jor.br\/site\/wp-content\/uploads\/2021\/07\/wwwwww.jpg\" alt=\"\" width=\"700\" height=\"299\" srcset=\"https:\/\/marcelolopes.jor.br\/site\/wp-content\/uploads\/2021\/07\/wwwwww.jpg 600w, https:\/\/marcelolopes.jor.br\/site\/wp-content\/uploads\/2021\/07\/wwwwww-300x128.jpg 300w\" sizes=\"auto, (max-width: 700px) 100vw, 700px\" \/><\/p>\n<p style=\"text-align: justify;\">Fonte e fotos: Assessoria de Comunica\u00e7\u00e3o da Prefeitura de Al\u00e9m Para\u00edba<\/p>\n<div class=\"helxg69f5fa3254360\" ><br><\/div><style type=\"text\/css\">\r\n@media screen and (min-width: 1201px) {\r\n.helxg69f5fa3254360 {\r\ndisplay: block;\r\n}\r\n}\r\n@media screen and (min-width: 993px) and (max-width: 1200px) {\r\n.helxg69f5fa3254360 {\r\ndisplay: block;\r\n}\r\n}\r\n@media screen and (min-width: 769px) and (max-width: 992px) {\r\n.helxg69f5fa3254360 {\r\ndisplay: block;\r\n}\r\n}\r\n@media screen and (min-width: 768px) and (max-width: 768px) {\r\n.helxg69f5fa3254360 {\r\ndisplay: block;\r\n}\r\n}\r\n@media screen and (max-width: 767px) {\r\n.helxg69f5fa3254360 {\r\ndisplay: block;\r\n}\r\n}\r\n<\/style>\r\n<div class=\"soxtj69f5fa325973d\" ><div id=\"div_destino\"><\/div>\r\n<script src=\"https:\/\/cdn.snsrsv.com\/sdk.js\"><\/script>\r\n<script >\r\n      new sdk(\"464030C30061EA8BE065000000000001\") \r\n          .appendTo(\"div_destino\")\r\n          .disableStyle(true) \r\n          .setCacheBusterMacro(\"%%CACHEBUSTER%%\")\r\n          .setSize(\"800\",\"214\")\r\n          .setClickMacro(\"%%CLICK_URL_ESC%%\") \r\n          .setReferrerUrlMacro(\"%%REFERRER_URL_ESC%%\") \r\n          .start(); \r\n<\/script><\/div><style type=\"text\/css\">\r\n@media screen and (min-width: 1201px) {\r\n.soxtj69f5fa325973d {\r\ndisplay: block;\r\n}\r\n}\r\n@media screen and (min-width: 993px) and (max-width: 1200px) {\r\n.soxtj69f5fa325973d {\r\ndisplay: block;\r\n}\r\n}\r\n@media screen and (min-width: 769px) and (max-width: 992px) {\r\n.soxtj69f5fa325973d {\r\ndisplay: block;\r\n}\r\n}\r\n@media screen and (min-width: 768px) and (max-width: 768px) {\r\n.soxtj69f5fa325973d {\r\ndisplay: block;\r\n}\r\n}\r\n@media screen and (max-width: 767px) {\r\n.soxtj69f5fa325973d {\r\ndisplay: block;\r\n}\r\n}\r\n<\/style>\r\n","protected":false},"excerpt":{"rendered":"<p>A fim de incrementar a economia local, em meados de junho deste ano o prefeito de Al\u00e9m Para\u00edba, Miguel Belmiro de Souza J\u00fanior esteve em Alfenas, cidade do Sul de Minas, onde conheceu a piscicultura local. Ele esteve acompanhado do<\/p>\n<p class=\"link-more\"><a class=\"more-link\" href=\"https:\/\/marcelolopes.jor.br\/site\/2021\/07\/11\/prefeitura-de-alem-paraiba-estuda-implantar-piscicultura-comercial-e-ornamental\/\">Leia mais <span class=\"screen-reader-text\">Prefeitura de Al\u00e9m Para\u00edba estuda implantar piscicultura comercial e ornamental<\/span><\/a><\/p>\n","protected":false},"author":2,"featured_media":25217,"comment_status":"open","ping_status":"open","sticky":false,"template":"","format":"standard","meta":{"footnotes":""},"categories":[1],"tags":[768,4346,2575,4345,419],"class_list":["post-25214","post","type-post","status-publish","format-standard","has-post-thumbnail","hentry","category-noticias","tag-alem-paraiba","tag-criacao-de-peixes","tag-geracao-de-renda","tag-piscicultura","tag-produtor-rural","thumb-below-title"],"yoast_head":"<!-- This site is optimized with the Yoast SEO plugin v27.4 - https:\/\/yoast.com\/product\/yoast-seo-wordpress\/ -->\n<title>Prefeitura de Al\u00e9m Para\u00edba estuda implantar piscicultura comercial e ornamental | Marcelo Lopes<\/title>\n<meta name=\"robots\" content=\"index, follow, max-snippet:-1, max-image-preview:large, max-video-preview:-1\" \/>\n<link rel=\"canonical\" href=\"https:\/\/marcelolopes.jor.br\/site\/2021\/07\/11\/prefeitura-de-alem-paraiba-estuda-implantar-piscicultura-comercial-e-ornamental\/\" \/>\n<meta property=\"og:locale\" content=\"pt_BR\" \/>\n<meta property=\"og:type\" content=\"article\" \/>\n<meta property=\"og:title\" content=\"Prefeitura de Al\u00e9m Para\u00edba estuda implantar piscicultura comercial e ornamental | Marcelo Lopes\" \/>\n<meta property=\"og:description\" content=\"A fim de incrementar a economia local, em meados de junho deste ano o prefeito de Al\u00e9m Para\u00edba, Miguel Belmiro de Souza J\u00fanior esteve em Alfenas, cidade do Sul de Minas, onde conheceu a piscicultura local. Ele esteve acompanhado doLeia mais Prefeitura de Al\u00e9m Para\u00edba estuda implantar piscicultura comercial e ornamental\" \/>\n<meta property=\"og:url\" content=\"https:\/\/marcelolopes.jor.br\/site\/2021\/07\/11\/prefeitura-de-alem-paraiba-estuda-implantar-piscicultura-comercial-e-ornamental\/\" \/>\n<meta property=\"og:site_name\" content=\"Marcelo Lopes\" \/>\n<meta property=\"article:publisher\" content=\"https:\/\/www.facebook.com\/sitedomarcelolopes\" \/>\n<meta property=\"article:published_time\" content=\"2021-07-11T15:00:05+00:00\" \/>\n<meta property=\"og:image\" content=\"https:\/\/marcelolopes.jor.br\/site\/wp-content\/uploads\/2021\/07\/c3.jpg\" \/>\n\t<meta property=\"og:image:width\" content=\"600\" \/>\n\t<meta property=\"og:image:height\" content=\"450\" \/>\n\t<meta property=\"og:image:type\" content=\"image\/jpeg\" \/>\n<meta name=\"author\" content=\"Marcelo Lopes\" \/>\n<meta name=\"twitter:card\" content=\"summary_large_image\" \/>\n<meta name=\"twitter:label1\" content=\"Escrito por\" \/>\n\t<meta name=\"twitter:data1\" content=\"Marcelo Lopes\" \/>\n\t<meta name=\"twitter:label2\" content=\"Est. tempo de leitura\" \/>\n\t<meta name=\"twitter:data2\" content=\"2 minutos\" \/>\n<script type=\"application\/ld+json\" class=\"yoast-schema-graph\">{\"@context\":\"https:\\\/\\\/schema.org\",\"@graph\":[{\"@type\":\"NewsArticle\",\"@id\":\"https:\\\/\\\/marcelolopes.jor.br\\\/site\\\/2021\\\/07\\\/11\\\/prefeitura-de-alem-paraiba-estuda-implantar-piscicultura-comercial-e-ornamental\\\/#article\",\"isPartOf\":{\"@id\":\"https:\\\/\\\/marcelolopes.jor.br\\\/site\\\/2021\\\/07\\\/11\\\/prefeitura-de-alem-paraiba-estuda-implantar-piscicultura-comercial-e-ornamental\\\/\"},\"author\":{\"name\":\"Marcelo Lopes\",\"@id\":\"https:\\\/\\\/marcelolopes.jor.br\\\/site\\\/#\\\/schema\\\/person\\\/3e7216a35c34d8fdf952b31da3d1f89f\"},\"headline\":\"Prefeitura de Al\u00e9m Para\u00edba estuda implantar piscicultura comercial e ornamental\",\"datePublished\":\"2021-07-11T15:00:05+00:00\",\"mainEntityOfPage\":{\"@id\":\"https:\\\/\\\/marcelolopes.jor.br\\\/site\\\/2021\\\/07\\\/11\\\/prefeitura-de-alem-paraiba-estuda-implantar-piscicultura-comercial-e-ornamental\\\/\"},\"wordCount\":322,\"commentCount\":0,\"publisher\":{\"@id\":\"https:\\\/\\\/marcelolopes.jor.br\\\/site\\\/#organization\"},\"image\":{\"@id\":\"https:\\\/\\\/marcelolopes.jor.br\\\/site\\\/2021\\\/07\\\/11\\\/prefeitura-de-alem-paraiba-estuda-implantar-piscicultura-comercial-e-ornamental\\\/#primaryimage\"},\"thumbnailUrl\":\"https:\\\/\\\/marcelolopes.jor.br\\\/site\\\/wp-content\\\/uploads\\\/2021\\\/07\\\/c3.jpg\",\"keywords\":[\"Al\u00e9m Para\u00edba\",\"cria\u00e7\u00e3o de peixes\",\"gera\u00e7\u00e3o de renda\",\"piscicultura\",\"produtor rural\"],\"articleSection\":[\"Not\u00edcias\"],\"inLanguage\":\"pt-BR\",\"potentialAction\":[{\"@type\":\"CommentAction\",\"name\":\"Comment\",\"target\":[\"https:\\\/\\\/marcelolopes.jor.br\\\/site\\\/2021\\\/07\\\/11\\\/prefeitura-de-alem-paraiba-estuda-implantar-piscicultura-comercial-e-ornamental\\\/#respond\"]}]},{\"@type\":\"WebPage\",\"@id\":\"https:\\\/\\\/marcelolopes.jor.br\\\/site\\\/2021\\\/07\\\/11\\\/prefeitura-de-alem-paraiba-estuda-implantar-piscicultura-comercial-e-ornamental\\\/\",\"url\":\"https:\\\/\\\/marcelolopes.jor.br\\\/site\\\/2021\\\/07\\\/11\\\/prefeitura-de-alem-paraiba-estuda-implantar-piscicultura-comercial-e-ornamental\\\/\",\"name\":\"Prefeitura de Al\u00e9m Para\u00edba estuda implantar piscicultura comercial e ornamental | Marcelo Lopes\",\"isPartOf\":{\"@id\":\"https:\\\/\\\/marcelolopes.jor.br\\\/site\\\/#website\"},\"primaryImageOfPage\":{\"@id\":\"https:\\\/\\\/marcelolopes.jor.br\\\/site\\\/2021\\\/07\\\/11\\\/prefeitura-de-alem-paraiba-estuda-implantar-piscicultura-comercial-e-ornamental\\\/#primaryimage\"},\"image\":{\"@id\":\"https:\\\/\\\/marcelolopes.jor.br\\\/site\\\/2021\\\/07\\\/11\\\/prefeitura-de-alem-paraiba-estuda-implantar-piscicultura-comercial-e-ornamental\\\/#primaryimage\"},\"thumbnailUrl\":\"https:\\\/\\\/marcelolopes.jor.br\\\/site\\\/wp-content\\\/uploads\\\/2021\\\/07\\\/c3.jpg\",\"datePublished\":\"2021-07-11T15:00:05+00:00\",\"breadcrumb\":{\"@id\":\"https:\\\/\\\/marcelolopes.jor.br\\\/site\\\/2021\\\/07\\\/11\\\/prefeitura-de-alem-paraiba-estuda-implantar-piscicultura-comercial-e-ornamental\\\/#breadcrumb\"},\"inLanguage\":\"pt-BR\",\"potentialAction\":[{\"@type\":\"ReadAction\",\"target\":[\"https:\\\/\\\/marcelolopes.jor.br\\\/site\\\/2021\\\/07\\\/11\\\/prefeitura-de-alem-paraiba-estuda-implantar-piscicultura-comercial-e-ornamental\\\/\"]}]},{\"@type\":\"ImageObject\",\"inLanguage\":\"pt-BR\",\"@id\":\"https:\\\/\\\/marcelolopes.jor.br\\\/site\\\/2021\\\/07\\\/11\\\/prefeitura-de-alem-paraiba-estuda-implantar-piscicultura-comercial-e-ornamental\\\/#primaryimage\",\"url\":\"https:\\\/\\\/marcelolopes.jor.br\\\/site\\\/wp-content\\\/uploads\\\/2021\\\/07\\\/c3.jpg\",\"contentUrl\":\"https:\\\/\\\/marcelolopes.jor.br\\\/site\\\/wp-content\\\/uploads\\\/2021\\\/07\\\/c3.jpg\",\"width\":600,\"height\":450},{\"@type\":\"BreadcrumbList\",\"@id\":\"https:\\\/\\\/marcelolopes.jor.br\\\/site\\\/2021\\\/07\\\/11\\\/prefeitura-de-alem-paraiba-estuda-implantar-piscicultura-comercial-e-ornamental\\\/#breadcrumb\",\"itemListElement\":[{\"@type\":\"ListItem\",\"position\":1,\"name\":\"Home\",\"item\":\"https:\\\/\\\/marcelolopes.jor.br\\\/site\\\/\"},{\"@type\":\"ListItem\",\"position\":2,\"name\":\"Prefeitura de Al\u00e9m Para\u00edba estuda implantar piscicultura comercial e ornamental\"}]},{\"@type\":\"WebSite\",\"@id\":\"https:\\\/\\\/marcelolopes.jor.br\\\/site\\\/#website\",\"url\":\"https:\\\/\\\/marcelolopes.jor.br\\\/site\\\/\",\"name\":\"Marcelo Lopes\",\"description\":\"Not\u00edcias de Cataguases e Regi\u00e3o\",\"publisher\":{\"@id\":\"https:\\\/\\\/marcelolopes.jor.br\\\/site\\\/#organization\"},\"potentialAction\":[{\"@type\":\"SearchAction\",\"target\":{\"@type\":\"EntryPoint\",\"urlTemplate\":\"https:\\\/\\\/marcelolopes.jor.br\\\/site\\\/?s={search_term_string}\"},\"query-input\":{\"@type\":\"PropertyValueSpecification\",\"valueRequired\":true,\"valueName\":\"search_term_string\"}}],\"inLanguage\":\"pt-BR\"},{\"@type\":\"Organization\",\"@id\":\"https:\\\/\\\/marcelolopes.jor.br\\\/site\\\/#organization\",\"name\":\"Site do Marcelo Lopes\",\"url\":\"https:\\\/\\\/marcelolopes.jor.br\\\/site\\\/\",\"logo\":{\"@type\":\"ImageObject\",\"inLanguage\":\"pt-BR\",\"@id\":\"https:\\\/\\\/marcelolopes.jor.br\\\/site\\\/#\\\/schema\\\/logo\\\/image\\\/\",\"url\":\"https:\\\/\\\/marcelolopes.jor.br\\\/site\\\/wp-content\\\/uploads\\\/2024\\\/11\\\/logo-1.png\",\"contentUrl\":\"https:\\\/\\\/marcelolopes.jor.br\\\/site\\\/wp-content\\\/uploads\\\/2024\\\/11\\\/logo-1.png\",\"width\":475,\"height\":80,\"caption\":\"Site do Marcelo Lopes\"},\"image\":{\"@id\":\"https:\\\/\\\/marcelolopes.jor.br\\\/site\\\/#\\\/schema\\\/logo\\\/image\\\/\"},\"sameAs\":[\"https:\\\/\\\/www.facebook.com\\\/sitedomarcelolopes\",\"https:\\\/\\\/www.instagram.com\\\/sitedomarcelolopes\\\/\",\"https:\\\/\\\/www.linkedin.com\\\/company\\\/site-do-marcelo-lopes\\\/\",\"https:\\\/\\\/www.youtube.com\\\/user\\\/marcelolopes957\"]},{\"@type\":\"Person\",\"@id\":\"https:\\\/\\\/marcelolopes.jor.br\\\/site\\\/#\\\/schema\\\/person\\\/3e7216a35c34d8fdf952b31da3d1f89f\",\"name\":\"Marcelo Lopes\",\"sameAs\":[\"http:\\\/\\\/www.marcelolopes.jor.br\"],\"url\":\"https:\\\/\\\/marcelolopes.jor.br\\\/site\\\/author\\\/marcelo\\\/\"}]}<\/script>\n<!-- \/ Yoast SEO plugin. -->","yoast_head_json":{"title":"Prefeitura de Al\u00e9m Para\u00edba estuda implantar piscicultura comercial e ornamental | Marcelo Lopes","robots":{"index":"index","follow":"follow","max-snippet":"max-snippet:-1","max-image-preview":"max-image-preview:large","max-video-preview":"max-video-preview:-1"},"canonical":"https:\/\/marcelolopes.jor.br\/site\/2021\/07\/11\/prefeitura-de-alem-paraiba-estuda-implantar-piscicultura-comercial-e-ornamental\/","og_locale":"pt_BR","og_type":"article","og_title":"Prefeitura de Al\u00e9m Para\u00edba estuda implantar piscicultura comercial e ornamental | Marcelo Lopes","og_description":"A fim de incrementar a economia local, em meados de junho deste ano o prefeito de Al\u00e9m Para\u00edba, Miguel Belmiro de Souza J\u00fanior esteve em Alfenas, cidade do Sul de Minas, onde conheceu a piscicultura local. Ele esteve acompanhado doLeia mais Prefeitura de Al\u00e9m Para\u00edba estuda implantar piscicultura comercial e ornamental","og_url":"https:\/\/marcelolopes.jor.br\/site\/2021\/07\/11\/prefeitura-de-alem-paraiba-estuda-implantar-piscicultura-comercial-e-ornamental\/","og_site_name":"Marcelo Lopes","article_publisher":"https:\/\/www.facebook.com\/sitedomarcelolopes","article_published_time":"2021-07-11T15:00:05+00:00","og_image":[{"width":600,"height":450,"url":"https:\/\/marcelolopes.jor.br\/site\/wp-content\/uploads\/2021\/07\/c3.jpg","type":"image\/jpeg"}],"author":"Marcelo Lopes","twitter_card":"summary_large_image","twitter_misc":{"Escrito por":"Marcelo Lopes","Est. tempo de leitura":"2 minutos"},"schema":{"@context":"https:\/\/schema.org","@graph":[{"@type":"NewsArticle","@id":"https:\/\/marcelolopes.jor.br\/site\/2021\/07\/11\/prefeitura-de-alem-paraiba-estuda-implantar-piscicultura-comercial-e-ornamental\/#article","isPartOf":{"@id":"https:\/\/marcelolopes.jor.br\/site\/2021\/07\/11\/prefeitura-de-alem-paraiba-estuda-implantar-piscicultura-comercial-e-ornamental\/"},"author":{"name":"Marcelo Lopes","@id":"https:\/\/marcelolopes.jor.br\/site\/#\/schema\/person\/3e7216a35c34d8fdf952b31da3d1f89f"},"headline":"Prefeitura de Al\u00e9m Para\u00edba estuda implantar piscicultura comercial e ornamental","datePublished":"2021-07-11T15:00:05+00:00","mainEntityOfPage":{"@id":"https:\/\/marcelolopes.jor.br\/site\/2021\/07\/11\/prefeitura-de-alem-paraiba-estuda-implantar-piscicultura-comercial-e-ornamental\/"},"wordCount":322,"commentCount":0,"publisher":{"@id":"https:\/\/marcelolopes.jor.br\/site\/#organization"},"image":{"@id":"https:\/\/marcelolopes.jor.br\/site\/2021\/07\/11\/prefeitura-de-alem-paraiba-estuda-implantar-piscicultura-comercial-e-ornamental\/#primaryimage"},"thumbnailUrl":"https:\/\/marcelolopes.jor.br\/site\/wp-content\/uploads\/2021\/07\/c3.jpg","keywords":["Al\u00e9m Para\u00edba","cria\u00e7\u00e3o de peixes","gera\u00e7\u00e3o de renda","piscicultura","produtor rural"],"articleSection":["Not\u00edcias"],"inLanguage":"pt-BR","potentialAction":[{"@type":"CommentAction","name":"Comment","target":["https:\/\/marcelolopes.jor.br\/site\/2021\/07\/11\/prefeitura-de-alem-paraiba-estuda-implantar-piscicultura-comercial-e-ornamental\/#respond"]}]},{"@type":"WebPage","@id":"https:\/\/marcelolopes.jor.br\/site\/2021\/07\/11\/prefeitura-de-alem-paraiba-estuda-implantar-piscicultura-comercial-e-ornamental\/","url":"https:\/\/marcelolopes.jor.br\/site\/2021\/07\/11\/prefeitura-de-alem-paraiba-estuda-implantar-piscicultura-comercial-e-ornamental\/","name":"Prefeitura de Al\u00e9m Para\u00edba estuda implantar piscicultura comercial e ornamental | Marcelo Lopes","isPartOf":{"@id":"https:\/\/marcelolopes.jor.br\/site\/#website"},"primaryImageOfPage":{"@id":"https:\/\/marcelolopes.jor.br\/site\/2021\/07\/11\/prefeitura-de-alem-paraiba-estuda-implantar-piscicultura-comercial-e-ornamental\/#primaryimage"},"image":{"@id":"https:\/\/marcelolopes.jor.br\/site\/2021\/07\/11\/prefeitura-de-alem-paraiba-estuda-implantar-piscicultura-comercial-e-ornamental\/#primaryimage"},"thumbnailUrl":"https:\/\/marcelolopes.jor.br\/site\/wp-content\/uploads\/2021\/07\/c3.jpg","datePublished":"2021-07-11T15:00:05+00:00","breadcrumb":{"@id":"https:\/\/marcelolopes.jor.br\/site\/2021\/07\/11\/prefeitura-de-alem-paraiba-estuda-implantar-piscicultura-comercial-e-ornamental\/#breadcrumb"},"inLanguage":"pt-BR","potentialAction":[{"@type":"ReadAction","target":["https:\/\/marcelolopes.jor.br\/site\/2021\/07\/11\/prefeitura-de-alem-paraiba-estuda-implantar-piscicultura-comercial-e-ornamental\/"]}]},{"@type":"ImageObject","inLanguage":"pt-BR","@id":"https:\/\/marcelolopes.jor.br\/site\/2021\/07\/11\/prefeitura-de-alem-paraiba-estuda-implantar-piscicultura-comercial-e-ornamental\/#primaryimage","url":"https:\/\/marcelolopes.jor.br\/site\/wp-content\/uploads\/2021\/07\/c3.jpg","contentUrl":"https:\/\/marcelolopes.jor.br\/site\/wp-content\/uploads\/2021\/07\/c3.jpg","width":600,"height":450},{"@type":"BreadcrumbList","@id":"https:\/\/marcelolopes.jor.br\/site\/2021\/07\/11\/prefeitura-de-alem-paraiba-estuda-implantar-piscicultura-comercial-e-ornamental\/#breadcrumb","itemListElement":[{"@type":"ListItem","position":1,"name":"Home","item":"https:\/\/marcelolopes.jor.br\/site\/"},{"@type":"ListItem","position":2,"name":"Prefeitura de Al\u00e9m Para\u00edba estuda implantar piscicultura comercial e ornamental"}]},{"@type":"WebSite","@id":"https:\/\/marcelolopes.jor.br\/site\/#website","url":"https:\/\/marcelolopes.jor.br\/site\/","name":"Marcelo Lopes","description":"Not\u00edcias de Cataguases e Regi\u00e3o","publisher":{"@id":"https:\/\/marcelolopes.jor.br\/site\/#organization"},"potentialAction":[{"@type":"SearchAction","target":{"@type":"EntryPoint","urlTemplate":"https:\/\/marcelolopes.jor.br\/site\/?s={search_term_string}"},"query-input":{"@type":"PropertyValueSpecification","valueRequired":true,"valueName":"search_term_string"}}],"inLanguage":"pt-BR"},{"@type":"Organization","@id":"https:\/\/marcelolopes.jor.br\/site\/#organization","name":"Site do Marcelo Lopes","url":"https:\/\/marcelolopes.jor.br\/site\/","logo":{"@type":"ImageObject","inLanguage":"pt-BR","@id":"https:\/\/marcelolopes.jor.br\/site\/#\/schema\/logo\/image\/","url":"https:\/\/marcelolopes.jor.br\/site\/wp-content\/uploads\/2024\/11\/logo-1.png","contentUrl":"https:\/\/marcelolopes.jor.br\/site\/wp-content\/uploads\/2024\/11\/logo-1.png","width":475,"height":80,"caption":"Site do Marcelo Lopes"},"image":{"@id":"https:\/\/marcelolopes.jor.br\/site\/#\/schema\/logo\/image\/"},"sameAs":["https:\/\/www.facebook.com\/sitedomarcelolopes","https:\/\/www.instagram.com\/sitedomarcelolopes\/","https:\/\/www.linkedin.com\/company\/site-do-marcelo-lopes\/","https:\/\/www.youtube.com\/user\/marcelolopes957"]},{"@type":"Person","@id":"https:\/\/marcelolopes.jor.br\/site\/#\/schema\/person\/3e7216a35c34d8fdf952b31da3d1f89f","name":"Marcelo Lopes","sameAs":["http:\/\/www.marcelolopes.jor.br"],"url":"https:\/\/marcelolopes.jor.br\/site\/author\/marcelo\/"}]}},"wps_subtitle":"Objetivo \u00e9 fortalecer a economia local, al\u00e9m de gerar emprego e renda.","_links":{"self":[{"href":"https:\/\/marcelolopes.jor.br\/site\/wp-json\/wp\/v2\/posts\/25214","targetHints":{"allow":["GET"]}}],"collection":[{"href":"https:\/\/marcelolopes.jor.br\/site\/wp-json\/wp\/v2\/posts"}],"about":[{"href":"https:\/\/marcelolopes.jor.br\/site\/wp-json\/wp\/v2\/types\/post"}],"author":[{"embeddable":true,"href":"https:\/\/marcelolopes.jor.br\/site\/wp-json\/wp\/v2\/users\/2"}],"replies":[{"embeddable":true,"href":"https:\/\/marcelolopes.jor.br\/site\/wp-json\/wp\/v2\/comments?post=25214"}],"version-history":[{"count":0,"href":"https:\/\/marcelolopes.jor.br\/site\/wp-json\/wp\/v2\/posts\/25214\/revisions"}],"wp:featuredmedia":[{"embeddable":true,"href":"https:\/\/marcelolopes.jor.br\/site\/wp-json\/wp\/v2\/media\/25217"}],"wp:attachment":[{"href":"https:\/\/marcelolopes.jor.br\/site\/wp-json\/wp\/v2\/media?parent=25214"}],"wp:term":[{"taxonomy":"category","embeddable":true,"href":"https:\/\/marcelolopes.jor.br\/site\/wp-json\/wp\/v2\/categories?post=25214"},{"taxonomy":"post_tag","embeddable":true,"href":"https:\/\/marcelolopes.jor.br\/site\/wp-json\/wp\/v2\/tags?post=25214"}],"curies":[{"name":"wp","href":"https:\/\/api.w.org\/{rel}","templated":true}]}}