{"id":25169,"date":"2021-07-09T12:00:36","date_gmt":"2021-07-09T15:00:36","guid":{"rendered":"https:\/\/marcelolopes.jor.br\/?p=25169"},"modified":"2023-01-20T10:24:48","modified_gmt":"2023-01-20T13:24:48","slug":"policia-do-meio-ambiente-frustra-caca-a-animais-em-itamarati-de-minas","status":"publish","type":"post","link":"https:\/\/marcelolopes.jor.br\/site\/2021\/07\/09\/policia-do-meio-ambiente-frustra-caca-a-animais-em-itamarati-de-minas\/","title":{"rendered":"Pol\u00edcia do Meio Ambiente frustra ca\u00e7a a animais em Itamarati de Minas"},"content":{"rendered":"<p style=\"text-align: justify;\">A Pol\u00edcia Militar do Meio Ambiente frustrou uma ca\u00e7a a animais silvestres nesta quinta-feira, 8 de julho. A a\u00e7\u00e3o policial aconteceu no munic\u00edpio de Itamarati de Minas quando os militares surpreenderam dois homens em um barco suspeitos de estarem praticando ca\u00e7a ilegal. Com eles estavam tr\u00eas c\u00e3es usados para ajudar na captura dos animais.<!--more--><\/p>\n<p style=\"text-align: justify;\"><a href=\"http:\/\/www.agenciaram.com.br\"><img loading=\"lazy\" decoding=\"async\" class=\"aligncenter wp-image-24593 size-full\" src=\"https:\/\/marcelolopes.jor.br\/site\/wp-content\/uploads\/2021\/06\/Banner-Ag\u00eancia-RAM-1.jpeg\" alt=\"\" width=\"800\" height=\"214\" srcset=\"https:\/\/marcelolopes.jor.br\/site\/wp-content\/uploads\/2021\/06\/Banner-Ag\u00eancia-RAM-1.jpeg 800w, https:\/\/marcelolopes.jor.br\/site\/wp-content\/uploads\/2021\/06\/Banner-Ag\u00eancia-RAM-1-300x80.jpeg 300w, https:\/\/marcelolopes.jor.br\/site\/wp-content\/uploads\/2021\/06\/Banner-Ag\u00eancia-RAM-1-768x205.jpeg 768w\" sizes=\"auto, (max-width: 800px) 100vw, 800px\" \/><\/a>De acordo com o comandante da Pol\u00edcia de Meio Ambiente em Cataguases, respons\u00e1vel pela opera\u00e7\u00e3o, tenente Lucas Ant\u00f4nio Costa de Carvalho, que atuou ao lado do Sargento Emerson, os dois homens fugiram quando a equipe se aproximou. \u201cN\u00f3s entramos no rio para fazer a abordagem, mas eles conseguiram escapar, apesar das nossas buscas intensas no entorno\u201d, contou aquele oficial.<\/p>\n<p style=\"text-align: justify;\">Na fuga, ainda segundo tenente Carvalho, os suspeitos deixaram para tr\u00e1s um barco usado na ca\u00e7a, uma espingarda cartucheira calibre .32, tr\u00eas muni\u00e7\u00f5es deste mesmo calibre, materiais de ca\u00e7a e pesca, al\u00e9m de uma capivara abatida. Tudo foi apreendido e encaminhado para a Delegacia de Pol\u00edcia Civil de Cataguases para as provid\u00eancias administrativas.<\/p>\n<p>Foto: Pol\u00edcia Militar do Meio Ambiente &#8211; Divulga\u00e7\u00e3o<\/p>\n<div class=\"zlkca69f75f5a8c947\" ><br><\/div><style type=\"text\/css\">\r\n@media screen and (min-width: 1201px) {\r\n.zlkca69f75f5a8c947 {\r\ndisplay: block;\r\n}\r\n}\r\n@media screen and (min-width: 993px) and (max-width: 1200px) {\r\n.zlkca69f75f5a8c947 {\r\ndisplay: block;\r\n}\r\n}\r\n@media screen and (min-width: 769px) and (max-width: 992px) {\r\n.zlkca69f75f5a8c947 {\r\ndisplay: block;\r\n}\r\n}\r\n@media screen and (min-width: 768px) and (max-width: 768px) {\r\n.zlkca69f75f5a8c947 {\r\ndisplay: block;\r\n}\r\n}\r\n@media screen and (max-width: 767px) {\r\n.zlkca69f75f5a8c947 {\r\ndisplay: block;\r\n}\r\n}\r\n<\/style>\r\n<div class=\"fcthl69f75f5a924a3\" ><div id=\"div_destino\"><\/div>\r\n<script src=\"https:\/\/cdn.snsrsv.com\/sdk.js\"><\/script>\r\n<script >\r\n      new sdk(\"464030C30061EA8BE065000000000001\") \r\n          .appendTo(\"div_destino\")\r\n          .disableStyle(true) \r\n          .setCacheBusterMacro(\"%%CACHEBUSTER%%\")\r\n          .setSize(\"800\",\"214\")\r\n          .setClickMacro(\"%%CLICK_URL_ESC%%\") \r\n          .setReferrerUrlMacro(\"%%REFERRER_URL_ESC%%\") \r\n          .start(); \r\n<\/script><\/div><style type=\"text\/css\">\r\n@media screen and (min-width: 1201px) {\r\n.fcthl69f75f5a924a3 {\r\ndisplay: block;\r\n}\r\n}\r\n@media screen and (min-width: 993px) and (max-width: 1200px) {\r\n.fcthl69f75f5a924a3 {\r\ndisplay: block;\r\n}\r\n}\r\n@media screen and (min-width: 769px) and (max-width: 992px) {\r\n.fcthl69f75f5a924a3 {\r\ndisplay: block;\r\n}\r\n}\r\n@media screen and (min-width: 768px) and (max-width: 768px) {\r\n.fcthl69f75f5a924a3 {\r\ndisplay: block;\r\n}\r\n}\r\n@media screen and (max-width: 767px) {\r\n.fcthl69f75f5a924a3 {\r\ndisplay: block;\r\n}\r\n}\r\n<\/style>\r\n","protected":false},"excerpt":{"rendered":"<p>A Pol\u00edcia Militar do Meio Ambiente frustrou uma ca\u00e7a a animais silvestres nesta quinta-feira, 8 de julho. A a\u00e7\u00e3o policial aconteceu no munic\u00edpio de Itamarati de Minas quando os militares surpreenderam dois homens em um barco suspeitos de estarem praticando<\/p>\n<p class=\"link-more\"><a class=\"more-link\" href=\"https:\/\/marcelolopes.jor.br\/site\/2021\/07\/09\/policia-do-meio-ambiente-frustra-caca-a-animais-em-itamarati-de-minas\/\">Leia mais <span class=\"screen-reader-text\">Pol\u00edcia do Meio Ambiente frustra ca\u00e7a a animais em Itamarati de Minas<\/span><\/a><\/p>\n","protected":false},"author":2,"featured_media":25171,"comment_status":"open","ping_status":"open","sticky":false,"template":"","format":"standard","meta":{"footnotes":""},"categories":[1],"tags":[3571,4340,4191,2412],"class_list":["post-25169","post","type-post","status-publish","format-standard","has-post-thumbnail","hentry","category-noticias","tag-caca","tag-capivara","tag-pelotao-da-policia-ambiental","tag-policia-militar-do-meio-ambiente","thumb-below-title"],"yoast_head":"<!-- This site is optimized with the Yoast SEO plugin v27.4 - https:\/\/yoast.com\/product\/yoast-seo-wordpress\/ -->\n<title>Pol\u00edcia do Meio Ambiente frustra ca\u00e7a a animais em Itamarati de<\/title>\n<meta name=\"description\" content=\"Pol\u00edcia do Meio Ambiente frustra ca\u00e7a a animais em Itamarati de Minas. A\u00e7\u00e3o ilegal acontecia dentro de um rio visando abater capivaras.\" \/>\n<meta name=\"robots\" content=\"index, follow, max-snippet:-1, max-image-preview:large, max-video-preview:-1\" \/>\n<link rel=\"canonical\" href=\"https:\/\/marcelolopes.jor.br\/site\/2021\/07\/09\/policia-do-meio-ambiente-frustra-caca-a-animais-em-itamarati-de-minas\/\" \/>\n<meta property=\"og:locale\" content=\"pt_BR\" \/>\n<meta property=\"og:type\" content=\"article\" \/>\n<meta property=\"og:title\" content=\"Pol\u00edcia do Meio Ambiente frustra ca\u00e7a a animais em Itamarati de\" \/>\n<meta property=\"og:description\" content=\"Pol\u00edcia do Meio Ambiente frustra ca\u00e7a a animais em Itamarati de Minas. A\u00e7\u00e3o ilegal acontecia dentro de um rio visando abater capivaras.\" \/>\n<meta property=\"og:url\" content=\"https:\/\/marcelolopes.jor.br\/site\/2021\/07\/09\/policia-do-meio-ambiente-frustra-caca-a-animais-em-itamarati-de-minas\/\" \/>\n<meta property=\"og:site_name\" content=\"Marcelo Lopes\" \/>\n<meta property=\"article:publisher\" content=\"https:\/\/www.facebook.com\/sitedomarcelolopes\" \/>\n<meta property=\"article:published_time\" content=\"2021-07-09T15:00:36+00:00\" \/>\n<meta property=\"article:modified_time\" content=\"2023-01-20T13:24:48+00:00\" \/>\n<meta property=\"og:image\" content=\"https:\/\/marcelolopes.jor.br\/site\/wp-content\/uploads\/2021\/07\/Capivara.jpg\" \/>\n\t<meta property=\"og:image:width\" content=\"801\" \/>\n\t<meta property=\"og:image:height\" content=\"501\" \/>\n\t<meta property=\"og:image:type\" content=\"image\/jpeg\" \/>\n<meta name=\"author\" content=\"Marcelo Lopes\" \/>\n<meta name=\"twitter:card\" content=\"summary_large_image\" \/>\n<meta name=\"twitter:label1\" content=\"Escrito por\" \/>\n\t<meta name=\"twitter:data1\" content=\"Marcelo Lopes\" \/>\n\t<meta name=\"twitter:label2\" content=\"Est. tempo de leitura\" \/>\n\t<meta name=\"twitter:data2\" content=\"1 minuto\" \/>\n<script type=\"application\/ld+json\" class=\"yoast-schema-graph\">{\"@context\":\"https:\\\/\\\/schema.org\",\"@graph\":[{\"@type\":\"NewsArticle\",\"@id\":\"https:\\\/\\\/marcelolopes.jor.br\\\/site\\\/2021\\\/07\\\/09\\\/policia-do-meio-ambiente-frustra-caca-a-animais-em-itamarati-de-minas\\\/#article\",\"isPartOf\":{\"@id\":\"https:\\\/\\\/marcelolopes.jor.br\\\/site\\\/2021\\\/07\\\/09\\\/policia-do-meio-ambiente-frustra-caca-a-animais-em-itamarati-de-minas\\\/\"},\"author\":{\"name\":\"Marcelo Lopes\",\"@id\":\"https:\\\/\\\/marcelolopes.jor.br\\\/site\\\/#\\\/schema\\\/person\\\/3e7216a35c34d8fdf952b31da3d1f89f\"},\"headline\":\"Pol\u00edcia do Meio Ambiente frustra ca\u00e7a a animais em Itamarati de Minas\",\"datePublished\":\"2021-07-09T15:00:36+00:00\",\"dateModified\":\"2023-01-20T13:24:48+00:00\",\"mainEntityOfPage\":{\"@id\":\"https:\\\/\\\/marcelolopes.jor.br\\\/site\\\/2021\\\/07\\\/09\\\/policia-do-meio-ambiente-frustra-caca-a-animais-em-itamarati-de-minas\\\/\"},\"wordCount\":208,\"commentCount\":0,\"publisher\":{\"@id\":\"https:\\\/\\\/marcelolopes.jor.br\\\/site\\\/#organization\"},\"image\":{\"@id\":\"https:\\\/\\\/marcelolopes.jor.br\\\/site\\\/2021\\\/07\\\/09\\\/policia-do-meio-ambiente-frustra-caca-a-animais-em-itamarati-de-minas\\\/#primaryimage\"},\"thumbnailUrl\":\"https:\\\/\\\/marcelolopes.jor.br\\\/site\\\/wp-content\\\/uploads\\\/2021\\\/07\\\/Capivara.jpg\",\"keywords\":[\"ca\u00e7a\",\"capivara\",\"pelot\u00e3o da pol\u00edcia ambiental\",\"Pol\u00edcia Militar do Meio Ambiente\"],\"articleSection\":[\"Not\u00edcias\"],\"inLanguage\":\"pt-BR\",\"potentialAction\":[{\"@type\":\"CommentAction\",\"name\":\"Comment\",\"target\":[\"https:\\\/\\\/marcelolopes.jor.br\\\/site\\\/2021\\\/07\\\/09\\\/policia-do-meio-ambiente-frustra-caca-a-animais-em-itamarati-de-minas\\\/#respond\"]}]},{\"@type\":\"WebPage\",\"@id\":\"https:\\\/\\\/marcelolopes.jor.br\\\/site\\\/2021\\\/07\\\/09\\\/policia-do-meio-ambiente-frustra-caca-a-animais-em-itamarati-de-minas\\\/\",\"url\":\"https:\\\/\\\/marcelolopes.jor.br\\\/site\\\/2021\\\/07\\\/09\\\/policia-do-meio-ambiente-frustra-caca-a-animais-em-itamarati-de-minas\\\/\",\"name\":\"Pol\u00edcia do Meio Ambiente frustra ca\u00e7a a animais em Itamarati de\",\"isPartOf\":{\"@id\":\"https:\\\/\\\/marcelolopes.jor.br\\\/site\\\/#website\"},\"primaryImageOfPage\":{\"@id\":\"https:\\\/\\\/marcelolopes.jor.br\\\/site\\\/2021\\\/07\\\/09\\\/policia-do-meio-ambiente-frustra-caca-a-animais-em-itamarati-de-minas\\\/#primaryimage\"},\"image\":{\"@id\":\"https:\\\/\\\/marcelolopes.jor.br\\\/site\\\/2021\\\/07\\\/09\\\/policia-do-meio-ambiente-frustra-caca-a-animais-em-itamarati-de-minas\\\/#primaryimage\"},\"thumbnailUrl\":\"https:\\\/\\\/marcelolopes.jor.br\\\/site\\\/wp-content\\\/uploads\\\/2021\\\/07\\\/Capivara.jpg\",\"datePublished\":\"2021-07-09T15:00:36+00:00\",\"dateModified\":\"2023-01-20T13:24:48+00:00\",\"description\":\"Pol\u00edcia do Meio Ambiente frustra ca\u00e7a a animais em Itamarati de Minas. A\u00e7\u00e3o ilegal acontecia dentro de um rio visando abater capivaras.\",\"breadcrumb\":{\"@id\":\"https:\\\/\\\/marcelolopes.jor.br\\\/site\\\/2021\\\/07\\\/09\\\/policia-do-meio-ambiente-frustra-caca-a-animais-em-itamarati-de-minas\\\/#breadcrumb\"},\"inLanguage\":\"pt-BR\",\"potentialAction\":[{\"@type\":\"ReadAction\",\"target\":[\"https:\\\/\\\/marcelolopes.jor.br\\\/site\\\/2021\\\/07\\\/09\\\/policia-do-meio-ambiente-frustra-caca-a-animais-em-itamarati-de-minas\\\/\"]}]},{\"@type\":\"ImageObject\",\"inLanguage\":\"pt-BR\",\"@id\":\"https:\\\/\\\/marcelolopes.jor.br\\\/site\\\/2021\\\/07\\\/09\\\/policia-do-meio-ambiente-frustra-caca-a-animais-em-itamarati-de-minas\\\/#primaryimage\",\"url\":\"https:\\\/\\\/marcelolopes.jor.br\\\/site\\\/wp-content\\\/uploads\\\/2021\\\/07\\\/Capivara.jpg\",\"contentUrl\":\"https:\\\/\\\/marcelolopes.jor.br\\\/site\\\/wp-content\\\/uploads\\\/2021\\\/07\\\/Capivara.jpg\",\"width\":801,\"height\":501,\"caption\":\"Pol\u00edcia do Meio Ambiente frustra\"},{\"@type\":\"BreadcrumbList\",\"@id\":\"https:\\\/\\\/marcelolopes.jor.br\\\/site\\\/2021\\\/07\\\/09\\\/policia-do-meio-ambiente-frustra-caca-a-animais-em-itamarati-de-minas\\\/#breadcrumb\",\"itemListElement\":[{\"@type\":\"ListItem\",\"position\":1,\"name\":\"Home\",\"item\":\"https:\\\/\\\/marcelolopes.jor.br\\\/site\\\/\"},{\"@type\":\"ListItem\",\"position\":2,\"name\":\"Pol\u00edcia do Meio Ambiente frustra ca\u00e7a a animais em Itamarati de Minas\"}]},{\"@type\":\"WebSite\",\"@id\":\"https:\\\/\\\/marcelolopes.jor.br\\\/site\\\/#website\",\"url\":\"https:\\\/\\\/marcelolopes.jor.br\\\/site\\\/\",\"name\":\"Marcelo Lopes\",\"description\":\"Not\u00edcias de Cataguases e Regi\u00e3o\",\"publisher\":{\"@id\":\"https:\\\/\\\/marcelolopes.jor.br\\\/site\\\/#organization\"},\"potentialAction\":[{\"@type\":\"SearchAction\",\"target\":{\"@type\":\"EntryPoint\",\"urlTemplate\":\"https:\\\/\\\/marcelolopes.jor.br\\\/site\\\/?s={search_term_string}\"},\"query-input\":{\"@type\":\"PropertyValueSpecification\",\"valueRequired\":true,\"valueName\":\"search_term_string\"}}],\"inLanguage\":\"pt-BR\"},{\"@type\":\"Organization\",\"@id\":\"https:\\\/\\\/marcelolopes.jor.br\\\/site\\\/#organization\",\"name\":\"Site do Marcelo Lopes\",\"url\":\"https:\\\/\\\/marcelolopes.jor.br\\\/site\\\/\",\"logo\":{\"@type\":\"ImageObject\",\"inLanguage\":\"pt-BR\",\"@id\":\"https:\\\/\\\/marcelolopes.jor.br\\\/site\\\/#\\\/schema\\\/logo\\\/image\\\/\",\"url\":\"https:\\\/\\\/marcelolopes.jor.br\\\/site\\\/wp-content\\\/uploads\\\/2024\\\/11\\\/logo-1.png\",\"contentUrl\":\"https:\\\/\\\/marcelolopes.jor.br\\\/site\\\/wp-content\\\/uploads\\\/2024\\\/11\\\/logo-1.png\",\"width\":475,\"height\":80,\"caption\":\"Site do Marcelo Lopes\"},\"image\":{\"@id\":\"https:\\\/\\\/marcelolopes.jor.br\\\/site\\\/#\\\/schema\\\/logo\\\/image\\\/\"},\"sameAs\":[\"https:\\\/\\\/www.facebook.com\\\/sitedomarcelolopes\",\"https:\\\/\\\/www.instagram.com\\\/sitedomarcelolopes\\\/\",\"https:\\\/\\\/www.linkedin.com\\\/company\\\/site-do-marcelo-lopes\\\/\",\"https:\\\/\\\/www.youtube.com\\\/user\\\/marcelolopes957\"]},{\"@type\":\"Person\",\"@id\":\"https:\\\/\\\/marcelolopes.jor.br\\\/site\\\/#\\\/schema\\\/person\\\/3e7216a35c34d8fdf952b31da3d1f89f\",\"name\":\"Marcelo Lopes\",\"sameAs\":[\"http:\\\/\\\/www.marcelolopes.jor.br\"],\"url\":\"https:\\\/\\\/marcelolopes.jor.br\\\/site\\\/author\\\/marcelo\\\/\"}]}<\/script>\n<!-- \/ Yoast SEO plugin. -->","yoast_head_json":{"title":"Pol\u00edcia do Meio Ambiente frustra ca\u00e7a a animais em Itamarati de","description":"Pol\u00edcia do Meio Ambiente frustra ca\u00e7a a animais em Itamarati de Minas. A\u00e7\u00e3o ilegal acontecia dentro de um rio visando abater capivaras.","robots":{"index":"index","follow":"follow","max-snippet":"max-snippet:-1","max-image-preview":"max-image-preview:large","max-video-preview":"max-video-preview:-1"},"canonical":"https:\/\/marcelolopes.jor.br\/site\/2021\/07\/09\/policia-do-meio-ambiente-frustra-caca-a-animais-em-itamarati-de-minas\/","og_locale":"pt_BR","og_type":"article","og_title":"Pol\u00edcia do Meio Ambiente frustra ca\u00e7a a animais em Itamarati de","og_description":"Pol\u00edcia do Meio Ambiente frustra ca\u00e7a a animais em Itamarati de Minas. A\u00e7\u00e3o ilegal acontecia dentro de um rio visando abater capivaras.","og_url":"https:\/\/marcelolopes.jor.br\/site\/2021\/07\/09\/policia-do-meio-ambiente-frustra-caca-a-animais-em-itamarati-de-minas\/","og_site_name":"Marcelo Lopes","article_publisher":"https:\/\/www.facebook.com\/sitedomarcelolopes","article_published_time":"2021-07-09T15:00:36+00:00","article_modified_time":"2023-01-20T13:24:48+00:00","og_image":[{"width":801,"height":501,"url":"https:\/\/marcelolopes.jor.br\/site\/wp-content\/uploads\/2021\/07\/Capivara.jpg","type":"image\/jpeg"}],"author":"Marcelo Lopes","twitter_card":"summary_large_image","twitter_misc":{"Escrito por":"Marcelo Lopes","Est. tempo de leitura":"1 minuto"},"schema":{"@context":"https:\/\/schema.org","@graph":[{"@type":"NewsArticle","@id":"https:\/\/marcelolopes.jor.br\/site\/2021\/07\/09\/policia-do-meio-ambiente-frustra-caca-a-animais-em-itamarati-de-minas\/#article","isPartOf":{"@id":"https:\/\/marcelolopes.jor.br\/site\/2021\/07\/09\/policia-do-meio-ambiente-frustra-caca-a-animais-em-itamarati-de-minas\/"},"author":{"name":"Marcelo Lopes","@id":"https:\/\/marcelolopes.jor.br\/site\/#\/schema\/person\/3e7216a35c34d8fdf952b31da3d1f89f"},"headline":"Pol\u00edcia do Meio Ambiente frustra ca\u00e7a a animais em Itamarati de Minas","datePublished":"2021-07-09T15:00:36+00:00","dateModified":"2023-01-20T13:24:48+00:00","mainEntityOfPage":{"@id":"https:\/\/marcelolopes.jor.br\/site\/2021\/07\/09\/policia-do-meio-ambiente-frustra-caca-a-animais-em-itamarati-de-minas\/"},"wordCount":208,"commentCount":0,"publisher":{"@id":"https:\/\/marcelolopes.jor.br\/site\/#organization"},"image":{"@id":"https:\/\/marcelolopes.jor.br\/site\/2021\/07\/09\/policia-do-meio-ambiente-frustra-caca-a-animais-em-itamarati-de-minas\/#primaryimage"},"thumbnailUrl":"https:\/\/marcelolopes.jor.br\/site\/wp-content\/uploads\/2021\/07\/Capivara.jpg","keywords":["ca\u00e7a","capivara","pelot\u00e3o da pol\u00edcia ambiental","Pol\u00edcia Militar do Meio Ambiente"],"articleSection":["Not\u00edcias"],"inLanguage":"pt-BR","potentialAction":[{"@type":"CommentAction","name":"Comment","target":["https:\/\/marcelolopes.jor.br\/site\/2021\/07\/09\/policia-do-meio-ambiente-frustra-caca-a-animais-em-itamarati-de-minas\/#respond"]}]},{"@type":"WebPage","@id":"https:\/\/marcelolopes.jor.br\/site\/2021\/07\/09\/policia-do-meio-ambiente-frustra-caca-a-animais-em-itamarati-de-minas\/","url":"https:\/\/marcelolopes.jor.br\/site\/2021\/07\/09\/policia-do-meio-ambiente-frustra-caca-a-animais-em-itamarati-de-minas\/","name":"Pol\u00edcia do Meio Ambiente frustra ca\u00e7a a animais em Itamarati de","isPartOf":{"@id":"https:\/\/marcelolopes.jor.br\/site\/#website"},"primaryImageOfPage":{"@id":"https:\/\/marcelolopes.jor.br\/site\/2021\/07\/09\/policia-do-meio-ambiente-frustra-caca-a-animais-em-itamarati-de-minas\/#primaryimage"},"image":{"@id":"https:\/\/marcelolopes.jor.br\/site\/2021\/07\/09\/policia-do-meio-ambiente-frustra-caca-a-animais-em-itamarati-de-minas\/#primaryimage"},"thumbnailUrl":"https:\/\/marcelolopes.jor.br\/site\/wp-content\/uploads\/2021\/07\/Capivara.jpg","datePublished":"2021-07-09T15:00:36+00:00","dateModified":"2023-01-20T13:24:48+00:00","description":"Pol\u00edcia do Meio Ambiente frustra ca\u00e7a a animais em Itamarati de Minas. A\u00e7\u00e3o ilegal acontecia dentro de um rio visando abater capivaras.","breadcrumb":{"@id":"https:\/\/marcelolopes.jor.br\/site\/2021\/07\/09\/policia-do-meio-ambiente-frustra-caca-a-animais-em-itamarati-de-minas\/#breadcrumb"},"inLanguage":"pt-BR","potentialAction":[{"@type":"ReadAction","target":["https:\/\/marcelolopes.jor.br\/site\/2021\/07\/09\/policia-do-meio-ambiente-frustra-caca-a-animais-em-itamarati-de-minas\/"]}]},{"@type":"ImageObject","inLanguage":"pt-BR","@id":"https:\/\/marcelolopes.jor.br\/site\/2021\/07\/09\/policia-do-meio-ambiente-frustra-caca-a-animais-em-itamarati-de-minas\/#primaryimage","url":"https:\/\/marcelolopes.jor.br\/site\/wp-content\/uploads\/2021\/07\/Capivara.jpg","contentUrl":"https:\/\/marcelolopes.jor.br\/site\/wp-content\/uploads\/2021\/07\/Capivara.jpg","width":801,"height":501,"caption":"Pol\u00edcia do Meio Ambiente frustra"},{"@type":"BreadcrumbList","@id":"https:\/\/marcelolopes.jor.br\/site\/2021\/07\/09\/policia-do-meio-ambiente-frustra-caca-a-animais-em-itamarati-de-minas\/#breadcrumb","itemListElement":[{"@type":"ListItem","position":1,"name":"Home","item":"https:\/\/marcelolopes.jor.br\/site\/"},{"@type":"ListItem","position":2,"name":"Pol\u00edcia do Meio Ambiente frustra ca\u00e7a a animais em Itamarati de Minas"}]},{"@type":"WebSite","@id":"https:\/\/marcelolopes.jor.br\/site\/#website","url":"https:\/\/marcelolopes.jor.br\/site\/","name":"Marcelo Lopes","description":"Not\u00edcias de Cataguases e Regi\u00e3o","publisher":{"@id":"https:\/\/marcelolopes.jor.br\/site\/#organization"},"potentialAction":[{"@type":"SearchAction","target":{"@type":"EntryPoint","urlTemplate":"https:\/\/marcelolopes.jor.br\/site\/?s={search_term_string}"},"query-input":{"@type":"PropertyValueSpecification","valueRequired":true,"valueName":"search_term_string"}}],"inLanguage":"pt-BR"},{"@type":"Organization","@id":"https:\/\/marcelolopes.jor.br\/site\/#organization","name":"Site do Marcelo Lopes","url":"https:\/\/marcelolopes.jor.br\/site\/","logo":{"@type":"ImageObject","inLanguage":"pt-BR","@id":"https:\/\/marcelolopes.jor.br\/site\/#\/schema\/logo\/image\/","url":"https:\/\/marcelolopes.jor.br\/site\/wp-content\/uploads\/2024\/11\/logo-1.png","contentUrl":"https:\/\/marcelolopes.jor.br\/site\/wp-content\/uploads\/2024\/11\/logo-1.png","width":475,"height":80,"caption":"Site do Marcelo Lopes"},"image":{"@id":"https:\/\/marcelolopes.jor.br\/site\/#\/schema\/logo\/image\/"},"sameAs":["https:\/\/www.facebook.com\/sitedomarcelolopes","https:\/\/www.instagram.com\/sitedomarcelolopes\/","https:\/\/www.linkedin.com\/company\/site-do-marcelo-lopes\/","https:\/\/www.youtube.com\/user\/marcelolopes957"]},{"@type":"Person","@id":"https:\/\/marcelolopes.jor.br\/site\/#\/schema\/person\/3e7216a35c34d8fdf952b31da3d1f89f","name":"Marcelo Lopes","sameAs":["http:\/\/www.marcelolopes.jor.br"],"url":"https:\/\/marcelolopes.jor.br\/site\/author\/marcelo\/"}]}},"wps_subtitle":"A\u00e7\u00e3o ilegal acontecia dentro de um rio visando abater capivaras.","_links":{"self":[{"href":"https:\/\/marcelolopes.jor.br\/site\/wp-json\/wp\/v2\/posts\/25169","targetHints":{"allow":["GET"]}}],"collection":[{"href":"https:\/\/marcelolopes.jor.br\/site\/wp-json\/wp\/v2\/posts"}],"about":[{"href":"https:\/\/marcelolopes.jor.br\/site\/wp-json\/wp\/v2\/types\/post"}],"author":[{"embeddable":true,"href":"https:\/\/marcelolopes.jor.br\/site\/wp-json\/wp\/v2\/users\/2"}],"replies":[{"embeddable":true,"href":"https:\/\/marcelolopes.jor.br\/site\/wp-json\/wp\/v2\/comments?post=25169"}],"version-history":[{"count":0,"href":"https:\/\/marcelolopes.jor.br\/site\/wp-json\/wp\/v2\/posts\/25169\/revisions"}],"wp:featuredmedia":[{"embeddable":true,"href":"https:\/\/marcelolopes.jor.br\/site\/wp-json\/wp\/v2\/media\/25171"}],"wp:attachment":[{"href":"https:\/\/marcelolopes.jor.br\/site\/wp-json\/wp\/v2\/media?parent=25169"}],"wp:term":[{"taxonomy":"category","embeddable":true,"href":"https:\/\/marcelolopes.jor.br\/site\/wp-json\/wp\/v2\/categories?post=25169"},{"taxonomy":"post_tag","embeddable":true,"href":"https:\/\/marcelolopes.jor.br\/site\/wp-json\/wp\/v2\/tags?post=25169"}],"curies":[{"name":"wp","href":"https:\/\/api.w.org\/{rel}","templated":true}]}}