{"id":25154,"date":"2021-07-08T20:00:51","date_gmt":"2021-07-08T23:00:51","guid":{"rendered":"https:\/\/marcelolopes.jor.br\/?p=25154"},"modified":"2022-12-29T17:18:37","modified_gmt":"2022-12-29T20:18:37","slug":"incendio-destroi-residencia-em-muriae","status":"publish","type":"post","link":"https:\/\/marcelolopes.jor.br\/site\/2021\/07\/08\/incendio-destroi-residencia-em-muriae\/","title":{"rendered":"Inc\u00eandio destr\u00f3i resid\u00eancia em Muria\u00e9"},"content":{"rendered":"<p style=\"text-align: justify;\">Uma casa foi incendiada na tarde desta quinta-feira, 08 de julho, no bairro Santa Terezinha, em um local de dif\u00edcil acesso, conhecido como Beco da Rio Branco, em Muria\u00e9.<!--more--><\/p>\n<p style=\"text-align: justify;\"><a href=\"http:\/\/www.agenciaram.com.br\"><img loading=\"lazy\" decoding=\"async\" class=\"aligncenter wp-image-24593 size-full\" src=\"https:\/\/marcelolopes.jor.br\/site\/wp-content\/uploads\/2021\/06\/Banner-Ag\u00eancia-RAM-1.jpeg\" alt=\"\" width=\"800\" height=\"214\" srcset=\"https:\/\/marcelolopes.jor.br\/site\/wp-content\/uploads\/2021\/06\/Banner-Ag\u00eancia-RAM-1.jpeg 800w, https:\/\/marcelolopes.jor.br\/site\/wp-content\/uploads\/2021\/06\/Banner-Ag\u00eancia-RAM-1-300x80.jpeg 300w, https:\/\/marcelolopes.jor.br\/site\/wp-content\/uploads\/2021\/06\/Banner-Ag\u00eancia-RAM-1-768x205.jpeg 768w\" sizes=\"auto, (max-width: 800px) 100vw, 800px\" \/><\/a>Em poucos minutos, as chamas tomaram todo o im\u00f3vel e 90% dos pertences que estavam dentro da resid\u00eancia foram destru\u00eddos. Uma idosa residia na casa.<\/p>\n<p style=\"text-align: justify;\">De acordo com o Sargento Kleiton do Corpo de Bombeiros, os militares tiveram dificuldades para conter as labaredas porque a rua \u00e9 estreita e a viatura utilizada em inc\u00eandios n\u00e3o conseguiu chegar at\u00e9 ao im\u00f3vel em chamas.<\/p>\n<p style=\"text-align: justify;\">A suspeita \u00e9 de que o pr\u00f3prio neto da moradora tenha ateado fogo, utilizando-se de um isqueiro.<\/p>\n<p style=\"text-align: justify;\">Uma equipe da Defesa Civil foi at\u00e9 o local para avaliar se o im\u00f3vel ter\u00e1 condi\u00e7\u00f5es de habita\u00e7\u00e3o. O laudo n\u00e3o foi divulgado. A Pol\u00edcia Militar registrou a ocorr\u00eancia.<\/p>\n<p><img loading=\"lazy\" decoding=\"async\" class=\"aligncenter wp-image-25156 size-full\" src=\"https:\/\/marcelolopes.jor.br\/site\/wp-content\/uploads\/2021\/07\/66310827ccbf15f2a72f29d3265ec1e0.1EDITADA-2.jpg\" alt=\"Inc\u00eandio destr\u00f3i resid\u00eancia em \" width=\"700\" height=\"525\" srcset=\"https:\/\/marcelolopes.jor.br\/site\/wp-content\/uploads\/2021\/07\/66310827ccbf15f2a72f29d3265ec1e0.1EDITADA-2.jpg 700w, https:\/\/marcelolopes.jor.br\/site\/wp-content\/uploads\/2021\/07\/66310827ccbf15f2a72f29d3265ec1e0.1EDITADA-2-300x225.jpg 300w\" sizes=\"auto, (max-width: 700px) 100vw, 700px\" \/> <img loading=\"lazy\" decoding=\"async\" class=\"aligncenter wp-image-25157 size-full\" src=\"https:\/\/marcelolopes.jor.br\/site\/wp-content\/uploads\/2021\/07\/eeafad8b712567c195c69e73da379190.8EDITADA-10.jpg\" alt=\"Inc\u00eandio destr\u00f3i resid\u00eancia em \" width=\"700\" height=\"525\" srcset=\"https:\/\/marcelolopes.jor.br\/site\/wp-content\/uploads\/2021\/07\/eeafad8b712567c195c69e73da379190.8EDITADA-10.jpg 700w, https:\/\/marcelolopes.jor.br\/site\/wp-content\/uploads\/2021\/07\/eeafad8b712567c195c69e73da379190.8EDITADA-10-300x225.jpg 300w\" sizes=\"auto, (max-width: 700px) 100vw, 700px\" \/> <img loading=\"lazy\" decoding=\"async\" class=\"aligncenter wp-image-25158 size-full\" src=\"https:\/\/marcelolopes.jor.br\/site\/wp-content\/uploads\/2021\/07\/586d427e95fb362fb8a054506130688d.7EDITADA-8.jpg\" alt=\"Inc\u00eandio destr\u00f3i resid\u00eancia em \" width=\"700\" height=\"525\" srcset=\"https:\/\/marcelolopes.jor.br\/site\/wp-content\/uploads\/2021\/07\/586d427e95fb362fb8a054506130688d.7EDITADA-8.jpg 700w, https:\/\/marcelolopes.jor.br\/site\/wp-content\/uploads\/2021\/07\/586d427e95fb362fb8a054506130688d.7EDITADA-8-300x225.jpg 300w\" sizes=\"auto, (max-width: 700px) 100vw, 700px\" \/><\/p>\n<p style=\"text-align: justify;\">Fonte e fotos: R\u00e1dio Muria\u00e9<\/p>\n<div class=\"kzsax69f75077d9b87\" ><br><\/div><style type=\"text\/css\">\r\n@media screen and (min-width: 1201px) {\r\n.kzsax69f75077d9b87 {\r\ndisplay: block;\r\n}\r\n}\r\n@media screen and (min-width: 993px) and (max-width: 1200px) {\r\n.kzsax69f75077d9b87 {\r\ndisplay: block;\r\n}\r\n}\r\n@media screen and (min-width: 769px) and (max-width: 992px) {\r\n.kzsax69f75077d9b87 {\r\ndisplay: block;\r\n}\r\n}\r\n@media screen and (min-width: 768px) and (max-width: 768px) {\r\n.kzsax69f75077d9b87 {\r\ndisplay: block;\r\n}\r\n}\r\n@media screen and (max-width: 767px) {\r\n.kzsax69f75077d9b87 {\r\ndisplay: block;\r\n}\r\n}\r\n<\/style>\r\n<div class=\"gkwze69f75077df874\" ><div id=\"div_destino\"><\/div>\r\n<script src=\"https:\/\/cdn.snsrsv.com\/sdk.js\"><\/script>\r\n<script >\r\n      new sdk(\"464030C30061EA8BE065000000000001\") \r\n          .appendTo(\"div_destino\")\r\n          .disableStyle(true) \r\n          .setCacheBusterMacro(\"%%CACHEBUSTER%%\")\r\n          .setSize(\"800\",\"214\")\r\n          .setClickMacro(\"%%CLICK_URL_ESC%%\") \r\n          .setReferrerUrlMacro(\"%%REFERRER_URL_ESC%%\") \r\n          .start(); \r\n<\/script><\/div><style type=\"text\/css\">\r\n@media screen and (min-width: 1201px) {\r\n.gkwze69f75077df874 {\r\ndisplay: block;\r\n}\r\n}\r\n@media screen and (min-width: 993px) and (max-width: 1200px) {\r\n.gkwze69f75077df874 {\r\ndisplay: block;\r\n}\r\n}\r\n@media screen and (min-width: 769px) and (max-width: 992px) {\r\n.gkwze69f75077df874 {\r\ndisplay: block;\r\n}\r\n}\r\n@media screen and (min-width: 768px) and (max-width: 768px) {\r\n.gkwze69f75077df874 {\r\ndisplay: block;\r\n}\r\n}\r\n@media screen and (max-width: 767px) {\r\n.gkwze69f75077df874 {\r\ndisplay: block;\r\n}\r\n}\r\n<\/style>\r\n","protected":false},"excerpt":{"rendered":"<p>Uma casa foi incendiada na tarde desta quinta-feira, 08 de julho, no bairro Santa Terezinha, em um local de dif\u00edcil acesso, conhecido como Beco da Rio Branco, em Muria\u00e9.<\/p>\n","protected":false},"author":2,"featured_media":25159,"comment_status":"open","ping_status":"open","sticky":false,"template":"","format":"standard","meta":{"footnotes":""},"categories":[1],"tags":[2222,4339,212,607],"class_list":["post-25154","post","type-post","status-publish","format-standard","has-post-thumbnail","hentry","category-noticias","tag-bombeiros","tag-fogo-em-imovel","tag-incendio","tag-residencia","thumb-below-title"],"yoast_head":"<!-- This site is optimized with the Yoast SEO plugin v27.4 - https:\/\/yoast.com\/product\/yoast-seo-wordpress\/ -->\n<title>Inc\u00eandio destr\u00f3i resid\u00eancia em Muria\u00e9 | Marcelo Lopes<\/title>\n<meta name=\"description\" content=\"Inc\u00eandio destr\u00f3i resid\u00eancia em Muria\u00e9. A suspeita \u00e9 que o pr\u00f3prio neto da moradora tenha ateado fogo na casa da av\u00f3.\" \/>\n<meta name=\"robots\" content=\"index, follow, max-snippet:-1, max-image-preview:large, max-video-preview:-1\" \/>\n<link rel=\"canonical\" href=\"https:\/\/marcelolopes.jor.br\/site\/2021\/07\/08\/incendio-destroi-residencia-em-muriae\/\" \/>\n<meta property=\"og:locale\" content=\"pt_BR\" \/>\n<meta property=\"og:type\" content=\"article\" \/>\n<meta property=\"og:title\" content=\"Inc\u00eandio destr\u00f3i resid\u00eancia em Muria\u00e9 | Marcelo Lopes\" \/>\n<meta property=\"og:description\" content=\"Inc\u00eandio destr\u00f3i resid\u00eancia em Muria\u00e9. A suspeita \u00e9 que o pr\u00f3prio neto da moradora tenha ateado fogo na casa da av\u00f3.\" \/>\n<meta property=\"og:url\" content=\"https:\/\/marcelolopes.jor.br\/site\/2021\/07\/08\/incendio-destroi-residencia-em-muriae\/\" \/>\n<meta property=\"og:site_name\" content=\"Marcelo Lopes\" \/>\n<meta property=\"article:publisher\" content=\"https:\/\/www.facebook.com\/sitedomarcelolopes\" \/>\n<meta property=\"article:published_time\" content=\"2021-07-08T23:00:51+00:00\" \/>\n<meta property=\"article:modified_time\" content=\"2022-12-29T20:18:37+00:00\" \/>\n<meta property=\"og:image\" content=\"https:\/\/marcelolopes.jor.br\/site\/wp-content\/uploads\/2021\/07\/bac691f3b76b0ab235d4db660e707478.2EDITADA-3.jpg\" \/>\n\t<meta property=\"og:image:width\" content=\"700\" \/>\n\t<meta property=\"og:image:height\" content=\"525\" \/>\n\t<meta property=\"og:image:type\" content=\"image\/jpeg\" \/>\n<meta name=\"author\" content=\"Marcelo Lopes\" \/>\n<meta name=\"twitter:card\" content=\"summary_large_image\" \/>\n<meta name=\"twitter:label1\" content=\"Escrito por\" \/>\n\t<meta name=\"twitter:data1\" content=\"Marcelo Lopes\" \/>\n\t<meta name=\"twitter:label2\" content=\"Est. tempo de leitura\" \/>\n\t<meta name=\"twitter:data2\" content=\"1 minuto\" \/>\n<script type=\"application\/ld+json\" class=\"yoast-schema-graph\">{\"@context\":\"https:\\\/\\\/schema.org\",\"@graph\":[{\"@type\":\"NewsArticle\",\"@id\":\"https:\\\/\\\/marcelolopes.jor.br\\\/site\\\/2021\\\/07\\\/08\\\/incendio-destroi-residencia-em-muriae\\\/#article\",\"isPartOf\":{\"@id\":\"https:\\\/\\\/marcelolopes.jor.br\\\/site\\\/2021\\\/07\\\/08\\\/incendio-destroi-residencia-em-muriae\\\/\"},\"author\":{\"name\":\"Marcelo Lopes\",\"@id\":\"https:\\\/\\\/marcelolopes.jor.br\\\/site\\\/#\\\/schema\\\/person\\\/3e7216a35c34d8fdf952b31da3d1f89f\"},\"headline\":\"Inc\u00eandio destr\u00f3i resid\u00eancia em Muria\u00e9\",\"datePublished\":\"2021-07-08T23:00:51+00:00\",\"dateModified\":\"2022-12-29T20:18:37+00:00\",\"mainEntityOfPage\":{\"@id\":\"https:\\\/\\\/marcelolopes.jor.br\\\/site\\\/2021\\\/07\\\/08\\\/incendio-destroi-residencia-em-muriae\\\/\"},\"wordCount\":161,\"commentCount\":0,\"publisher\":{\"@id\":\"https:\\\/\\\/marcelolopes.jor.br\\\/site\\\/#organization\"},\"image\":{\"@id\":\"https:\\\/\\\/marcelolopes.jor.br\\\/site\\\/2021\\\/07\\\/08\\\/incendio-destroi-residencia-em-muriae\\\/#primaryimage\"},\"thumbnailUrl\":\"https:\\\/\\\/marcelolopes.jor.br\\\/site\\\/wp-content\\\/uploads\\\/2021\\\/07\\\/bac691f3b76b0ab235d4db660e707478.2EDITADA-3.jpg\",\"keywords\":[\"Bombeiros\",\"fogo em im\u00f3vel\",\"inc\u00eandio\",\"resid\u00eancia\"],\"articleSection\":[\"Not\u00edcias\"],\"inLanguage\":\"pt-BR\",\"potentialAction\":[{\"@type\":\"CommentAction\",\"name\":\"Comment\",\"target\":[\"https:\\\/\\\/marcelolopes.jor.br\\\/site\\\/2021\\\/07\\\/08\\\/incendio-destroi-residencia-em-muriae\\\/#respond\"]}]},{\"@type\":\"WebPage\",\"@id\":\"https:\\\/\\\/marcelolopes.jor.br\\\/site\\\/2021\\\/07\\\/08\\\/incendio-destroi-residencia-em-muriae\\\/\",\"url\":\"https:\\\/\\\/marcelolopes.jor.br\\\/site\\\/2021\\\/07\\\/08\\\/incendio-destroi-residencia-em-muriae\\\/\",\"name\":\"Inc\u00eandio destr\u00f3i resid\u00eancia em Muria\u00e9 | Marcelo Lopes\",\"isPartOf\":{\"@id\":\"https:\\\/\\\/marcelolopes.jor.br\\\/site\\\/#website\"},\"primaryImageOfPage\":{\"@id\":\"https:\\\/\\\/marcelolopes.jor.br\\\/site\\\/2021\\\/07\\\/08\\\/incendio-destroi-residencia-em-muriae\\\/#primaryimage\"},\"image\":{\"@id\":\"https:\\\/\\\/marcelolopes.jor.br\\\/site\\\/2021\\\/07\\\/08\\\/incendio-destroi-residencia-em-muriae\\\/#primaryimage\"},\"thumbnailUrl\":\"https:\\\/\\\/marcelolopes.jor.br\\\/site\\\/wp-content\\\/uploads\\\/2021\\\/07\\\/bac691f3b76b0ab235d4db660e707478.2EDITADA-3.jpg\",\"datePublished\":\"2021-07-08T23:00:51+00:00\",\"dateModified\":\"2022-12-29T20:18:37+00:00\",\"description\":\"Inc\u00eandio destr\u00f3i resid\u00eancia em Muria\u00e9. A suspeita \u00e9 que o pr\u00f3prio neto da moradora tenha ateado fogo na casa da av\u00f3.\",\"breadcrumb\":{\"@id\":\"https:\\\/\\\/marcelolopes.jor.br\\\/site\\\/2021\\\/07\\\/08\\\/incendio-destroi-residencia-em-muriae\\\/#breadcrumb\"},\"inLanguage\":\"pt-BR\",\"potentialAction\":[{\"@type\":\"ReadAction\",\"target\":[\"https:\\\/\\\/marcelolopes.jor.br\\\/site\\\/2021\\\/07\\\/08\\\/incendio-destroi-residencia-em-muriae\\\/\"]}]},{\"@type\":\"ImageObject\",\"inLanguage\":\"pt-BR\",\"@id\":\"https:\\\/\\\/marcelolopes.jor.br\\\/site\\\/2021\\\/07\\\/08\\\/incendio-destroi-residencia-em-muriae\\\/#primaryimage\",\"url\":\"https:\\\/\\\/marcelolopes.jor.br\\\/site\\\/wp-content\\\/uploads\\\/2021\\\/07\\\/bac691f3b76b0ab235d4db660e707478.2EDITADA-3.jpg\",\"contentUrl\":\"https:\\\/\\\/marcelolopes.jor.br\\\/site\\\/wp-content\\\/uploads\\\/2021\\\/07\\\/bac691f3b76b0ab235d4db660e707478.2EDITADA-3.jpg\",\"width\":700,\"height\":525,\"caption\":\"Inc\u00eandio destr\u00f3i resid\u00eancia em\"},{\"@type\":\"BreadcrumbList\",\"@id\":\"https:\\\/\\\/marcelolopes.jor.br\\\/site\\\/2021\\\/07\\\/08\\\/incendio-destroi-residencia-em-muriae\\\/#breadcrumb\",\"itemListElement\":[{\"@type\":\"ListItem\",\"position\":1,\"name\":\"Home\",\"item\":\"https:\\\/\\\/marcelolopes.jor.br\\\/site\\\/\"},{\"@type\":\"ListItem\",\"position\":2,\"name\":\"Inc\u00eandio destr\u00f3i resid\u00eancia em Muria\u00e9\"}]},{\"@type\":\"WebSite\",\"@id\":\"https:\\\/\\\/marcelolopes.jor.br\\\/site\\\/#website\",\"url\":\"https:\\\/\\\/marcelolopes.jor.br\\\/site\\\/\",\"name\":\"Marcelo Lopes\",\"description\":\"Not\u00edcias de Cataguases e Regi\u00e3o\",\"publisher\":{\"@id\":\"https:\\\/\\\/marcelolopes.jor.br\\\/site\\\/#organization\"},\"potentialAction\":[{\"@type\":\"SearchAction\",\"target\":{\"@type\":\"EntryPoint\",\"urlTemplate\":\"https:\\\/\\\/marcelolopes.jor.br\\\/site\\\/?s={search_term_string}\"},\"query-input\":{\"@type\":\"PropertyValueSpecification\",\"valueRequired\":true,\"valueName\":\"search_term_string\"}}],\"inLanguage\":\"pt-BR\"},{\"@type\":\"Organization\",\"@id\":\"https:\\\/\\\/marcelolopes.jor.br\\\/site\\\/#organization\",\"name\":\"Site do Marcelo Lopes\",\"url\":\"https:\\\/\\\/marcelolopes.jor.br\\\/site\\\/\",\"logo\":{\"@type\":\"ImageObject\",\"inLanguage\":\"pt-BR\",\"@id\":\"https:\\\/\\\/marcelolopes.jor.br\\\/site\\\/#\\\/schema\\\/logo\\\/image\\\/\",\"url\":\"https:\\\/\\\/marcelolopes.jor.br\\\/site\\\/wp-content\\\/uploads\\\/2024\\\/11\\\/logo-1.png\",\"contentUrl\":\"https:\\\/\\\/marcelolopes.jor.br\\\/site\\\/wp-content\\\/uploads\\\/2024\\\/11\\\/logo-1.png\",\"width\":475,\"height\":80,\"caption\":\"Site do Marcelo Lopes\"},\"image\":{\"@id\":\"https:\\\/\\\/marcelolopes.jor.br\\\/site\\\/#\\\/schema\\\/logo\\\/image\\\/\"},\"sameAs\":[\"https:\\\/\\\/www.facebook.com\\\/sitedomarcelolopes\",\"https:\\\/\\\/www.instagram.com\\\/sitedomarcelolopes\\\/\",\"https:\\\/\\\/www.linkedin.com\\\/company\\\/site-do-marcelo-lopes\\\/\",\"https:\\\/\\\/www.youtube.com\\\/user\\\/marcelolopes957\"]},{\"@type\":\"Person\",\"@id\":\"https:\\\/\\\/marcelolopes.jor.br\\\/site\\\/#\\\/schema\\\/person\\\/3e7216a35c34d8fdf952b31da3d1f89f\",\"name\":\"Marcelo Lopes\",\"sameAs\":[\"http:\\\/\\\/www.marcelolopes.jor.br\"],\"url\":\"https:\\\/\\\/marcelolopes.jor.br\\\/site\\\/author\\\/marcelo\\\/\"}]}<\/script>\n<!-- \/ Yoast SEO plugin. -->","yoast_head_json":{"title":"Inc\u00eandio destr\u00f3i resid\u00eancia em Muria\u00e9 | Marcelo Lopes","description":"Inc\u00eandio destr\u00f3i resid\u00eancia em Muria\u00e9. A suspeita \u00e9 que o pr\u00f3prio neto da moradora tenha ateado fogo na casa da av\u00f3.","robots":{"index":"index","follow":"follow","max-snippet":"max-snippet:-1","max-image-preview":"max-image-preview:large","max-video-preview":"max-video-preview:-1"},"canonical":"https:\/\/marcelolopes.jor.br\/site\/2021\/07\/08\/incendio-destroi-residencia-em-muriae\/","og_locale":"pt_BR","og_type":"article","og_title":"Inc\u00eandio destr\u00f3i resid\u00eancia em Muria\u00e9 | Marcelo Lopes","og_description":"Inc\u00eandio destr\u00f3i resid\u00eancia em Muria\u00e9. A suspeita \u00e9 que o pr\u00f3prio neto da moradora tenha ateado fogo na casa da av\u00f3.","og_url":"https:\/\/marcelolopes.jor.br\/site\/2021\/07\/08\/incendio-destroi-residencia-em-muriae\/","og_site_name":"Marcelo Lopes","article_publisher":"https:\/\/www.facebook.com\/sitedomarcelolopes","article_published_time":"2021-07-08T23:00:51+00:00","article_modified_time":"2022-12-29T20:18:37+00:00","og_image":[{"width":700,"height":525,"url":"https:\/\/marcelolopes.jor.br\/site\/wp-content\/uploads\/2021\/07\/bac691f3b76b0ab235d4db660e707478.2EDITADA-3.jpg","type":"image\/jpeg"}],"author":"Marcelo Lopes","twitter_card":"summary_large_image","twitter_misc":{"Escrito por":"Marcelo Lopes","Est. tempo de leitura":"1 minuto"},"schema":{"@context":"https:\/\/schema.org","@graph":[{"@type":"NewsArticle","@id":"https:\/\/marcelolopes.jor.br\/site\/2021\/07\/08\/incendio-destroi-residencia-em-muriae\/#article","isPartOf":{"@id":"https:\/\/marcelolopes.jor.br\/site\/2021\/07\/08\/incendio-destroi-residencia-em-muriae\/"},"author":{"name":"Marcelo Lopes","@id":"https:\/\/marcelolopes.jor.br\/site\/#\/schema\/person\/3e7216a35c34d8fdf952b31da3d1f89f"},"headline":"Inc\u00eandio destr\u00f3i resid\u00eancia em Muria\u00e9","datePublished":"2021-07-08T23:00:51+00:00","dateModified":"2022-12-29T20:18:37+00:00","mainEntityOfPage":{"@id":"https:\/\/marcelolopes.jor.br\/site\/2021\/07\/08\/incendio-destroi-residencia-em-muriae\/"},"wordCount":161,"commentCount":0,"publisher":{"@id":"https:\/\/marcelolopes.jor.br\/site\/#organization"},"image":{"@id":"https:\/\/marcelolopes.jor.br\/site\/2021\/07\/08\/incendio-destroi-residencia-em-muriae\/#primaryimage"},"thumbnailUrl":"https:\/\/marcelolopes.jor.br\/site\/wp-content\/uploads\/2021\/07\/bac691f3b76b0ab235d4db660e707478.2EDITADA-3.jpg","keywords":["Bombeiros","fogo em im\u00f3vel","inc\u00eandio","resid\u00eancia"],"articleSection":["Not\u00edcias"],"inLanguage":"pt-BR","potentialAction":[{"@type":"CommentAction","name":"Comment","target":["https:\/\/marcelolopes.jor.br\/site\/2021\/07\/08\/incendio-destroi-residencia-em-muriae\/#respond"]}]},{"@type":"WebPage","@id":"https:\/\/marcelolopes.jor.br\/site\/2021\/07\/08\/incendio-destroi-residencia-em-muriae\/","url":"https:\/\/marcelolopes.jor.br\/site\/2021\/07\/08\/incendio-destroi-residencia-em-muriae\/","name":"Inc\u00eandio destr\u00f3i resid\u00eancia em Muria\u00e9 | Marcelo Lopes","isPartOf":{"@id":"https:\/\/marcelolopes.jor.br\/site\/#website"},"primaryImageOfPage":{"@id":"https:\/\/marcelolopes.jor.br\/site\/2021\/07\/08\/incendio-destroi-residencia-em-muriae\/#primaryimage"},"image":{"@id":"https:\/\/marcelolopes.jor.br\/site\/2021\/07\/08\/incendio-destroi-residencia-em-muriae\/#primaryimage"},"thumbnailUrl":"https:\/\/marcelolopes.jor.br\/site\/wp-content\/uploads\/2021\/07\/bac691f3b76b0ab235d4db660e707478.2EDITADA-3.jpg","datePublished":"2021-07-08T23:00:51+00:00","dateModified":"2022-12-29T20:18:37+00:00","description":"Inc\u00eandio destr\u00f3i resid\u00eancia em Muria\u00e9. A suspeita \u00e9 que o pr\u00f3prio neto da moradora tenha ateado fogo na casa da av\u00f3.","breadcrumb":{"@id":"https:\/\/marcelolopes.jor.br\/site\/2021\/07\/08\/incendio-destroi-residencia-em-muriae\/#breadcrumb"},"inLanguage":"pt-BR","potentialAction":[{"@type":"ReadAction","target":["https:\/\/marcelolopes.jor.br\/site\/2021\/07\/08\/incendio-destroi-residencia-em-muriae\/"]}]},{"@type":"ImageObject","inLanguage":"pt-BR","@id":"https:\/\/marcelolopes.jor.br\/site\/2021\/07\/08\/incendio-destroi-residencia-em-muriae\/#primaryimage","url":"https:\/\/marcelolopes.jor.br\/site\/wp-content\/uploads\/2021\/07\/bac691f3b76b0ab235d4db660e707478.2EDITADA-3.jpg","contentUrl":"https:\/\/marcelolopes.jor.br\/site\/wp-content\/uploads\/2021\/07\/bac691f3b76b0ab235d4db660e707478.2EDITADA-3.jpg","width":700,"height":525,"caption":"Inc\u00eandio destr\u00f3i resid\u00eancia em"},{"@type":"BreadcrumbList","@id":"https:\/\/marcelolopes.jor.br\/site\/2021\/07\/08\/incendio-destroi-residencia-em-muriae\/#breadcrumb","itemListElement":[{"@type":"ListItem","position":1,"name":"Home","item":"https:\/\/marcelolopes.jor.br\/site\/"},{"@type":"ListItem","position":2,"name":"Inc\u00eandio destr\u00f3i resid\u00eancia em Muria\u00e9"}]},{"@type":"WebSite","@id":"https:\/\/marcelolopes.jor.br\/site\/#website","url":"https:\/\/marcelolopes.jor.br\/site\/","name":"Marcelo Lopes","description":"Not\u00edcias de Cataguases e Regi\u00e3o","publisher":{"@id":"https:\/\/marcelolopes.jor.br\/site\/#organization"},"potentialAction":[{"@type":"SearchAction","target":{"@type":"EntryPoint","urlTemplate":"https:\/\/marcelolopes.jor.br\/site\/?s={search_term_string}"},"query-input":{"@type":"PropertyValueSpecification","valueRequired":true,"valueName":"search_term_string"}}],"inLanguage":"pt-BR"},{"@type":"Organization","@id":"https:\/\/marcelolopes.jor.br\/site\/#organization","name":"Site do Marcelo Lopes","url":"https:\/\/marcelolopes.jor.br\/site\/","logo":{"@type":"ImageObject","inLanguage":"pt-BR","@id":"https:\/\/marcelolopes.jor.br\/site\/#\/schema\/logo\/image\/","url":"https:\/\/marcelolopes.jor.br\/site\/wp-content\/uploads\/2024\/11\/logo-1.png","contentUrl":"https:\/\/marcelolopes.jor.br\/site\/wp-content\/uploads\/2024\/11\/logo-1.png","width":475,"height":80,"caption":"Site do Marcelo Lopes"},"image":{"@id":"https:\/\/marcelolopes.jor.br\/site\/#\/schema\/logo\/image\/"},"sameAs":["https:\/\/www.facebook.com\/sitedomarcelolopes","https:\/\/www.instagram.com\/sitedomarcelolopes\/","https:\/\/www.linkedin.com\/company\/site-do-marcelo-lopes\/","https:\/\/www.youtube.com\/user\/marcelolopes957"]},{"@type":"Person","@id":"https:\/\/marcelolopes.jor.br\/site\/#\/schema\/person\/3e7216a35c34d8fdf952b31da3d1f89f","name":"Marcelo Lopes","sameAs":["http:\/\/www.marcelolopes.jor.br"],"url":"https:\/\/marcelolopes.jor.br\/site\/author\/marcelo\/"}]}},"wps_subtitle":"A suspeita \u00e9 que o pr\u00f3prio neto tenha ateado fogo na casa da av\u00f3.","_links":{"self":[{"href":"https:\/\/marcelolopes.jor.br\/site\/wp-json\/wp\/v2\/posts\/25154","targetHints":{"allow":["GET"]}}],"collection":[{"href":"https:\/\/marcelolopes.jor.br\/site\/wp-json\/wp\/v2\/posts"}],"about":[{"href":"https:\/\/marcelolopes.jor.br\/site\/wp-json\/wp\/v2\/types\/post"}],"author":[{"embeddable":true,"href":"https:\/\/marcelolopes.jor.br\/site\/wp-json\/wp\/v2\/users\/2"}],"replies":[{"embeddable":true,"href":"https:\/\/marcelolopes.jor.br\/site\/wp-json\/wp\/v2\/comments?post=25154"}],"version-history":[{"count":0,"href":"https:\/\/marcelolopes.jor.br\/site\/wp-json\/wp\/v2\/posts\/25154\/revisions"}],"wp:featuredmedia":[{"embeddable":true,"href":"https:\/\/marcelolopes.jor.br\/site\/wp-json\/wp\/v2\/media\/25159"}],"wp:attachment":[{"href":"https:\/\/marcelolopes.jor.br\/site\/wp-json\/wp\/v2\/media?parent=25154"}],"wp:term":[{"taxonomy":"category","embeddable":true,"href":"https:\/\/marcelolopes.jor.br\/site\/wp-json\/wp\/v2\/categories?post=25154"},{"taxonomy":"post_tag","embeddable":true,"href":"https:\/\/marcelolopes.jor.br\/site\/wp-json\/wp\/v2\/tags?post=25154"}],"curies":[{"name":"wp","href":"https:\/\/api.w.org\/{rel}","templated":true}]}}