{"id":24990,"date":"2021-07-03T19:00:04","date_gmt":"2021-07-03T22:00:04","guid":{"rendered":"https:\/\/marcelolopes.jor.br\/?p=24990"},"modified":"2021-07-03T11:46:32","modified_gmt":"2021-07-03T14:46:32","slug":"operacao-cumpre-mandados-de-prisao-e-de-busca-contra-organizacao-criminosa","status":"publish","type":"post","link":"https:\/\/marcelolopes.jor.br\/site\/2021\/07\/03\/operacao-cumpre-mandados-de-prisao-e-de-busca-contra-organizacao-criminosa\/","title":{"rendered":"Opera\u00e7\u00e3o cumpre mandados de pris\u00e3o e de busca contra organiza\u00e7\u00e3o criminosa"},"content":{"rendered":"<p style=\"text-align: justify;\">O Minist\u00e9rio P\u00fablico de Minas Gerais (MPMG), por meio do Grupo de Atua\u00e7\u00e3o Especial de Combate ao Crime Organizado (Gaeco) \u2013 Regional da Zona da Mata, em conjunto com a Promotoria Criminal da Comarca de Visconde do Rio Branco, Pol\u00edcia Militar e Ag\u00eancia Central de Intelig\u00eancia Prisional &#8211; Depen, deflagrou, na manh\u00e3 desta sexta-feira, 2 de julho, a opera\u00e7\u00e3o \u201cDuplo Impacto III\u201d. A a\u00e7\u00e3o faz parte de investiga\u00e7\u00f5es que apuram crimes de tr\u00e1fico de drogas, associa\u00e7\u00e3o para o tr\u00e1fico, corrup\u00e7\u00e3o de menores e crimes violentos na regi\u00e3o.<!--more--><\/p>\n<p style=\"text-align: justify;\"><a href=\"http:\/\/www.agenciaram.com.br\"><img loading=\"lazy\" decoding=\"async\" class=\"aligncenter wp-image-24593 size-full\" src=\"https:\/\/marcelolopes.jor.br\/site\/wp-content\/uploads\/2021\/06\/Banner-Ag\u00eancia-RAM-1.jpeg\" alt=\"\" width=\"800\" height=\"214\" srcset=\"https:\/\/marcelolopes.jor.br\/site\/wp-content\/uploads\/2021\/06\/Banner-Ag\u00eancia-RAM-1.jpeg 800w, https:\/\/marcelolopes.jor.br\/site\/wp-content\/uploads\/2021\/06\/Banner-Ag\u00eancia-RAM-1-300x80.jpeg 300w, https:\/\/marcelolopes.jor.br\/site\/wp-content\/uploads\/2021\/06\/Banner-Ag\u00eancia-RAM-1-768x205.jpeg 768w\" sizes=\"auto, (max-width: 800px) 100vw, 800px\" \/><\/a>Foram cumpridos oito mandados de pris\u00e3o tempor\u00e1ria e dez mandados de busca e apreens\u00e3o nos munic\u00edpios de Visconde do Rio Branco e S\u00e3o Geraldo. Tamb\u00e9m houve o cumprimento de buscas na Penitenci\u00e1ria Professor Ariosvaldo Campo Pires, localizada em Juiz de Fora, j\u00e1 que um dos investigados estaria comandando o tr\u00e1fico de drogas do interior de uma das celas do estabelecimento prisional. Foi efetuada ainda uma pris\u00e3o em flagrante.<\/p>\n<p style=\"text-align: justify;\">Durante a opera\u00e7\u00e3o, foram apreendidas muni\u00e7\u00f5es, coca\u00edna e maconha em barras fracionadas e entorpecentes j\u00e1 embalados para o com\u00e9rcio il\u00edcito, al\u00e9m de balan\u00e7a de precis\u00e3o, diversos aparelhos telef\u00f4nicos, a quantia aproximada de R$ 22 mil e documentos de interesse investigativo.<\/p>\n<h6 style=\"text-align: justify;\">Terceira fase<\/h6>\n<p style=\"text-align: justify;\">A opera\u00e7\u00e3o desencadeada nessa sexta-feira \u00e9 a terceira fase da opera\u00e7\u00e3o \u201cDuplo Impacto\u201d, que teve in\u00edcio no dia 10 de mar\u00e7o de 2020, com o objetivo de desmantelar duas organiza\u00e7\u00f5es criminosas voltadas \u00e0 pr\u00e1tica do tr\u00e1fico de drogas, porte de armas de fogo, corrup\u00e7\u00e3o de menores e crimes violentos. Naquela ocasi\u00e3o, foram cumpridos dez mandados de pris\u00e3o, al\u00e9m da apreens\u00e3o de diversas armas de fogo, coletes bal\u00edsticos, entorpecentes, celulares, a quantia em dinheiro de aproximadamente R$ 500 mil, entre outros objetos.<\/p>\n<p style=\"text-align: justify;\">Tamb\u00e9m como desdobramento da opera\u00e7\u00e3o \u201cDuplo Impacto\u201d, o Gaeco, em conjunto com o Gaeco do Rio de Janeiro e com a Coordenadoria de Seguran\u00e7a e Intelig\u00eancia do Minist\u00e9rio P\u00fablico do Rio de Janeiro, deflagrou a opera\u00e7\u00e3o \u201cDupla Face\u201d que prendeu no dia 30 de abril de 2021, um dos principais l\u00edderes do grupo investigado, que estava foragido da justi\u00e7a desde 2017, mas estava residindo em Campos dos Goytacazes\/RJ. O indiv\u00edduo \u00e9 apontado como um dos protagonistas no fornecimento de entorpecentes para a Zona da Mata mineira atrav\u00e9s de um esquema de tr\u00e1fico interestadual de drogas.<\/p>\n<p style=\"text-align: justify;\">Com a fase desencadeada nesta sexta, a opera\u00e7\u00e3o contabiliza 39 pris\u00f5es realizadas, sendo que todos os envolvidos continuam detidos. Tamb\u00e9m foram oferecidas quatro den\u00fancias criminais ao Poder Judici\u00e1rio contra 28 pessoas.<\/p>\n<p style=\"text-align: justify;\">A opera\u00e7\u00e3o desta sexta-feira contou com a participa\u00e7\u00e3o de promotores de Justi\u00e7a, servidores do Minist\u00e9rio P\u00fablico, tropas especializadas da Pol\u00edcia Militar e da Ag\u00eancia Central de Intelig\u00eancia Prisional.<\/p>\n<p style=\"text-align: justify;\">Fonte e foto: MPMG<\/p>\n<div class=\"qopyg69f5db48ce6f3\" ><br><\/div><style type=\"text\/css\">\r\n@media screen and (min-width: 1201px) {\r\n.qopyg69f5db48ce6f3 {\r\ndisplay: block;\r\n}\r\n}\r\n@media screen and (min-width: 993px) and (max-width: 1200px) {\r\n.qopyg69f5db48ce6f3 {\r\ndisplay: block;\r\n}\r\n}\r\n@media screen and (min-width: 769px) and (max-width: 992px) {\r\n.qopyg69f5db48ce6f3 {\r\ndisplay: block;\r\n}\r\n}\r\n@media screen and (min-width: 768px) and (max-width: 768px) {\r\n.qopyg69f5db48ce6f3 {\r\ndisplay: block;\r\n}\r\n}\r\n@media screen and (max-width: 767px) {\r\n.qopyg69f5db48ce6f3 {\r\ndisplay: block;\r\n}\r\n}\r\n<\/style>\r\n<div class=\"djfiq69f5db48d2f1f\" ><div id=\"div_destino\"><\/div>\r\n<script src=\"https:\/\/cdn.snsrsv.com\/sdk.js\"><\/script>\r\n<script >\r\n      new sdk(\"464030C30061EA8BE065000000000001\") \r\n          .appendTo(\"div_destino\")\r\n          .disableStyle(true) \r\n          .setCacheBusterMacro(\"%%CACHEBUSTER%%\")\r\n          .setSize(\"800\",\"214\")\r\n          .setClickMacro(\"%%CLICK_URL_ESC%%\") \r\n          .setReferrerUrlMacro(\"%%REFERRER_URL_ESC%%\") \r\n          .start(); \r\n<\/script><\/div><style type=\"text\/css\">\r\n@media screen and (min-width: 1201px) {\r\n.djfiq69f5db48d2f1f {\r\ndisplay: block;\r\n}\r\n}\r\n@media screen and (min-width: 993px) and (max-width: 1200px) {\r\n.djfiq69f5db48d2f1f {\r\ndisplay: block;\r\n}\r\n}\r\n@media screen and (min-width: 769px) and (max-width: 992px) {\r\n.djfiq69f5db48d2f1f {\r\ndisplay: block;\r\n}\r\n}\r\n@media screen and (min-width: 768px) and (max-width: 768px) {\r\n.djfiq69f5db48d2f1f {\r\ndisplay: block;\r\n}\r\n}\r\n@media screen and (max-width: 767px) {\r\n.djfiq69f5db48d2f1f {\r\ndisplay: block;\r\n}\r\n}\r\n<\/style>\r\n","protected":false},"excerpt":{"rendered":"<p>O Minist\u00e9rio P\u00fablico de Minas Gerais (MPMG), por meio do Grupo de Atua\u00e7\u00e3o Especial de Combate ao Crime Organizado (Gaeco) \u2013 Regional da Zona da Mata, em conjunto com a Promotoria Criminal da Comarca de Visconde do Rio Branco, Pol\u00edcia<\/p>\n<p class=\"link-more\"><a class=\"more-link\" href=\"https:\/\/marcelolopes.jor.br\/site\/2021\/07\/03\/operacao-cumpre-mandados-de-prisao-e-de-busca-contra-organizacao-criminosa\/\">Leia mais <span class=\"screen-reader-text\">Opera\u00e7\u00e3o cumpre mandados de pris\u00e3o e de busca contra organiza\u00e7\u00e3o criminosa<\/span><\/a><\/p>\n","protected":false},"author":2,"featured_media":24992,"comment_status":"open","ping_status":"open","sticky":false,"template":"","format":"standard","meta":{"footnotes":""},"categories":[1],"tags":[3341,4301,3147,1201],"class_list":["post-24990","post","type-post","status-publish","format-standard","has-post-thumbnail","hentry","category-noticias","tag-crime-organizado","tag-duplo-impacto","tag-gaeco","tag-mpmg","thumb-below-title"],"yoast_head":"<!-- This site is optimized with the Yoast SEO plugin v27.4 - https:\/\/yoast.com\/product\/yoast-seo-wordpress\/ -->\n<title>Opera\u00e7\u00e3o cumpre mandados de pris\u00e3o e de busca contra organiza\u00e7\u00e3o criminosa | Marcelo Lopes<\/title>\n<meta name=\"robots\" content=\"index, follow, max-snippet:-1, max-image-preview:large, max-video-preview:-1\" \/>\n<link rel=\"canonical\" href=\"https:\/\/marcelolopes.jor.br\/site\/2021\/07\/03\/operacao-cumpre-mandados-de-prisao-e-de-busca-contra-organizacao-criminosa\/\" \/>\n<meta property=\"og:locale\" content=\"pt_BR\" \/>\n<meta property=\"og:type\" content=\"article\" \/>\n<meta property=\"og:title\" content=\"Opera\u00e7\u00e3o cumpre mandados de pris\u00e3o e de busca contra organiza\u00e7\u00e3o criminosa | Marcelo Lopes\" \/>\n<meta property=\"og:description\" content=\"O Minist\u00e9rio P\u00fablico de Minas Gerais (MPMG), por meio do Grupo de Atua\u00e7\u00e3o Especial de Combate ao Crime Organizado (Gaeco) \u2013 Regional da Zona da Mata, em conjunto com a Promotoria Criminal da Comarca de Visconde do Rio Branco, Pol\u00edciaLeia mais Opera\u00e7\u00e3o cumpre mandados de pris\u00e3o e de busca contra organiza\u00e7\u00e3o criminosa\" \/>\n<meta property=\"og:url\" content=\"https:\/\/marcelolopes.jor.br\/site\/2021\/07\/03\/operacao-cumpre-mandados-de-prisao-e-de-busca-contra-organizacao-criminosa\/\" \/>\n<meta property=\"og:site_name\" content=\"Marcelo Lopes\" \/>\n<meta property=\"article:publisher\" content=\"https:\/\/www.facebook.com\/sitedomarcelolopes\" \/>\n<meta property=\"article:published_time\" content=\"2021-07-03T22:00:04+00:00\" \/>\n<meta property=\"og:image\" content=\"https:\/\/marcelolopes.jor.br\/site\/wp-content\/uploads\/2021\/07\/img_opera__o-duplo-impacto_md.jpeg\" \/>\n\t<meta property=\"og:image:width\" content=\"800\" \/>\n\t<meta property=\"og:image:height\" content=\"573\" \/>\n\t<meta property=\"og:image:type\" content=\"image\/jpeg\" \/>\n<meta name=\"author\" content=\"Marcelo Lopes\" \/>\n<meta name=\"twitter:card\" content=\"summary_large_image\" \/>\n<meta name=\"twitter:label1\" content=\"Escrito por\" \/>\n\t<meta name=\"twitter:data1\" content=\"Marcelo Lopes\" \/>\n\t<meta name=\"twitter:label2\" content=\"Est. tempo de leitura\" \/>\n\t<meta name=\"twitter:data2\" content=\"2 minutos\" \/>\n<script type=\"application\/ld+json\" class=\"yoast-schema-graph\">{\"@context\":\"https:\\\/\\\/schema.org\",\"@graph\":[{\"@type\":\"NewsArticle\",\"@id\":\"https:\\\/\\\/marcelolopes.jor.br\\\/site\\\/2021\\\/07\\\/03\\\/operacao-cumpre-mandados-de-prisao-e-de-busca-contra-organizacao-criminosa\\\/#article\",\"isPartOf\":{\"@id\":\"https:\\\/\\\/marcelolopes.jor.br\\\/site\\\/2021\\\/07\\\/03\\\/operacao-cumpre-mandados-de-prisao-e-de-busca-contra-organizacao-criminosa\\\/\"},\"author\":{\"name\":\"Marcelo Lopes\",\"@id\":\"https:\\\/\\\/marcelolopes.jor.br\\\/site\\\/#\\\/schema\\\/person\\\/3e7216a35c34d8fdf952b31da3d1f89f\"},\"headline\":\"Opera\u00e7\u00e3o cumpre mandados de pris\u00e3o e de busca contra organiza\u00e7\u00e3o criminosa\",\"datePublished\":\"2021-07-03T22:00:04+00:00\",\"mainEntityOfPage\":{\"@id\":\"https:\\\/\\\/marcelolopes.jor.br\\\/site\\\/2021\\\/07\\\/03\\\/operacao-cumpre-mandados-de-prisao-e-de-busca-contra-organizacao-criminosa\\\/\"},\"wordCount\":507,\"commentCount\":0,\"publisher\":{\"@id\":\"https:\\\/\\\/marcelolopes.jor.br\\\/site\\\/#organization\"},\"image\":{\"@id\":\"https:\\\/\\\/marcelolopes.jor.br\\\/site\\\/2021\\\/07\\\/03\\\/operacao-cumpre-mandados-de-prisao-e-de-busca-contra-organizacao-criminosa\\\/#primaryimage\"},\"thumbnailUrl\":\"https:\\\/\\\/marcelolopes.jor.br\\\/site\\\/wp-content\\\/uploads\\\/2021\\\/07\\\/img_opera__o-duplo-impacto_md.jpeg\",\"keywords\":[\"crime organizado\",\"Duplo Impacto\",\"Gaeco\",\"MPMG\"],\"articleSection\":[\"Not\u00edcias\"],\"inLanguage\":\"pt-BR\",\"potentialAction\":[{\"@type\":\"CommentAction\",\"name\":\"Comment\",\"target\":[\"https:\\\/\\\/marcelolopes.jor.br\\\/site\\\/2021\\\/07\\\/03\\\/operacao-cumpre-mandados-de-prisao-e-de-busca-contra-organizacao-criminosa\\\/#respond\"]}]},{\"@type\":\"WebPage\",\"@id\":\"https:\\\/\\\/marcelolopes.jor.br\\\/site\\\/2021\\\/07\\\/03\\\/operacao-cumpre-mandados-de-prisao-e-de-busca-contra-organizacao-criminosa\\\/\",\"url\":\"https:\\\/\\\/marcelolopes.jor.br\\\/site\\\/2021\\\/07\\\/03\\\/operacao-cumpre-mandados-de-prisao-e-de-busca-contra-organizacao-criminosa\\\/\",\"name\":\"Opera\u00e7\u00e3o cumpre mandados de pris\u00e3o e de busca contra organiza\u00e7\u00e3o criminosa | Marcelo Lopes\",\"isPartOf\":{\"@id\":\"https:\\\/\\\/marcelolopes.jor.br\\\/site\\\/#website\"},\"primaryImageOfPage\":{\"@id\":\"https:\\\/\\\/marcelolopes.jor.br\\\/site\\\/2021\\\/07\\\/03\\\/operacao-cumpre-mandados-de-prisao-e-de-busca-contra-organizacao-criminosa\\\/#primaryimage\"},\"image\":{\"@id\":\"https:\\\/\\\/marcelolopes.jor.br\\\/site\\\/2021\\\/07\\\/03\\\/operacao-cumpre-mandados-de-prisao-e-de-busca-contra-organizacao-criminosa\\\/#primaryimage\"},\"thumbnailUrl\":\"https:\\\/\\\/marcelolopes.jor.br\\\/site\\\/wp-content\\\/uploads\\\/2021\\\/07\\\/img_opera__o-duplo-impacto_md.jpeg\",\"datePublished\":\"2021-07-03T22:00:04+00:00\",\"breadcrumb\":{\"@id\":\"https:\\\/\\\/marcelolopes.jor.br\\\/site\\\/2021\\\/07\\\/03\\\/operacao-cumpre-mandados-de-prisao-e-de-busca-contra-organizacao-criminosa\\\/#breadcrumb\"},\"inLanguage\":\"pt-BR\",\"potentialAction\":[{\"@type\":\"ReadAction\",\"target\":[\"https:\\\/\\\/marcelolopes.jor.br\\\/site\\\/2021\\\/07\\\/03\\\/operacao-cumpre-mandados-de-prisao-e-de-busca-contra-organizacao-criminosa\\\/\"]}]},{\"@type\":\"ImageObject\",\"inLanguage\":\"pt-BR\",\"@id\":\"https:\\\/\\\/marcelolopes.jor.br\\\/site\\\/2021\\\/07\\\/03\\\/operacao-cumpre-mandados-de-prisao-e-de-busca-contra-organizacao-criminosa\\\/#primaryimage\",\"url\":\"https:\\\/\\\/marcelolopes.jor.br\\\/site\\\/wp-content\\\/uploads\\\/2021\\\/07\\\/img_opera__o-duplo-impacto_md.jpeg\",\"contentUrl\":\"https:\\\/\\\/marcelolopes.jor.br\\\/site\\\/wp-content\\\/uploads\\\/2021\\\/07\\\/img_opera__o-duplo-impacto_md.jpeg\",\"width\":800,\"height\":573},{\"@type\":\"BreadcrumbList\",\"@id\":\"https:\\\/\\\/marcelolopes.jor.br\\\/site\\\/2021\\\/07\\\/03\\\/operacao-cumpre-mandados-de-prisao-e-de-busca-contra-organizacao-criminosa\\\/#breadcrumb\",\"itemListElement\":[{\"@type\":\"ListItem\",\"position\":1,\"name\":\"Home\",\"item\":\"https:\\\/\\\/marcelolopes.jor.br\\\/site\\\/\"},{\"@type\":\"ListItem\",\"position\":2,\"name\":\"Opera\u00e7\u00e3o cumpre mandados de pris\u00e3o e de busca contra organiza\u00e7\u00e3o criminosa\"}]},{\"@type\":\"WebSite\",\"@id\":\"https:\\\/\\\/marcelolopes.jor.br\\\/site\\\/#website\",\"url\":\"https:\\\/\\\/marcelolopes.jor.br\\\/site\\\/\",\"name\":\"Marcelo Lopes\",\"description\":\"Not\u00edcias de Cataguases e Regi\u00e3o\",\"publisher\":{\"@id\":\"https:\\\/\\\/marcelolopes.jor.br\\\/site\\\/#organization\"},\"potentialAction\":[{\"@type\":\"SearchAction\",\"target\":{\"@type\":\"EntryPoint\",\"urlTemplate\":\"https:\\\/\\\/marcelolopes.jor.br\\\/site\\\/?s={search_term_string}\"},\"query-input\":{\"@type\":\"PropertyValueSpecification\",\"valueRequired\":true,\"valueName\":\"search_term_string\"}}],\"inLanguage\":\"pt-BR\"},{\"@type\":\"Organization\",\"@id\":\"https:\\\/\\\/marcelolopes.jor.br\\\/site\\\/#organization\",\"name\":\"Site do Marcelo Lopes\",\"url\":\"https:\\\/\\\/marcelolopes.jor.br\\\/site\\\/\",\"logo\":{\"@type\":\"ImageObject\",\"inLanguage\":\"pt-BR\",\"@id\":\"https:\\\/\\\/marcelolopes.jor.br\\\/site\\\/#\\\/schema\\\/logo\\\/image\\\/\",\"url\":\"https:\\\/\\\/marcelolopes.jor.br\\\/site\\\/wp-content\\\/uploads\\\/2024\\\/11\\\/logo-1.png\",\"contentUrl\":\"https:\\\/\\\/marcelolopes.jor.br\\\/site\\\/wp-content\\\/uploads\\\/2024\\\/11\\\/logo-1.png\",\"width\":475,\"height\":80,\"caption\":\"Site do Marcelo Lopes\"},\"image\":{\"@id\":\"https:\\\/\\\/marcelolopes.jor.br\\\/site\\\/#\\\/schema\\\/logo\\\/image\\\/\"},\"sameAs\":[\"https:\\\/\\\/www.facebook.com\\\/sitedomarcelolopes\",\"https:\\\/\\\/www.instagram.com\\\/sitedomarcelolopes\\\/\",\"https:\\\/\\\/www.linkedin.com\\\/company\\\/site-do-marcelo-lopes\\\/\",\"https:\\\/\\\/www.youtube.com\\\/user\\\/marcelolopes957\"]},{\"@type\":\"Person\",\"@id\":\"https:\\\/\\\/marcelolopes.jor.br\\\/site\\\/#\\\/schema\\\/person\\\/3e7216a35c34d8fdf952b31da3d1f89f\",\"name\":\"Marcelo Lopes\",\"sameAs\":[\"http:\\\/\\\/www.marcelolopes.jor.br\"],\"url\":\"https:\\\/\\\/marcelolopes.jor.br\\\/site\\\/author\\\/marcelo\\\/\"}]}<\/script>\n<!-- \/ Yoast SEO plugin. -->","yoast_head_json":{"title":"Opera\u00e7\u00e3o cumpre mandados de pris\u00e3o e de busca contra organiza\u00e7\u00e3o criminosa | Marcelo Lopes","robots":{"index":"index","follow":"follow","max-snippet":"max-snippet:-1","max-image-preview":"max-image-preview:large","max-video-preview":"max-video-preview:-1"},"canonical":"https:\/\/marcelolopes.jor.br\/site\/2021\/07\/03\/operacao-cumpre-mandados-de-prisao-e-de-busca-contra-organizacao-criminosa\/","og_locale":"pt_BR","og_type":"article","og_title":"Opera\u00e7\u00e3o cumpre mandados de pris\u00e3o e de busca contra organiza\u00e7\u00e3o criminosa | Marcelo Lopes","og_description":"O Minist\u00e9rio P\u00fablico de Minas Gerais (MPMG), por meio do Grupo de Atua\u00e7\u00e3o Especial de Combate ao Crime Organizado (Gaeco) \u2013 Regional da Zona da Mata, em conjunto com a Promotoria Criminal da Comarca de Visconde do Rio Branco, Pol\u00edciaLeia mais Opera\u00e7\u00e3o cumpre mandados de pris\u00e3o e de busca contra organiza\u00e7\u00e3o criminosa","og_url":"https:\/\/marcelolopes.jor.br\/site\/2021\/07\/03\/operacao-cumpre-mandados-de-prisao-e-de-busca-contra-organizacao-criminosa\/","og_site_name":"Marcelo Lopes","article_publisher":"https:\/\/www.facebook.com\/sitedomarcelolopes","article_published_time":"2021-07-03T22:00:04+00:00","og_image":[{"width":800,"height":573,"url":"https:\/\/marcelolopes.jor.br\/site\/wp-content\/uploads\/2021\/07\/img_opera__o-duplo-impacto_md.jpeg","type":"image\/jpeg"}],"author":"Marcelo Lopes","twitter_card":"summary_large_image","twitter_misc":{"Escrito por":"Marcelo Lopes","Est. tempo de leitura":"2 minutos"},"schema":{"@context":"https:\/\/schema.org","@graph":[{"@type":"NewsArticle","@id":"https:\/\/marcelolopes.jor.br\/site\/2021\/07\/03\/operacao-cumpre-mandados-de-prisao-e-de-busca-contra-organizacao-criminosa\/#article","isPartOf":{"@id":"https:\/\/marcelolopes.jor.br\/site\/2021\/07\/03\/operacao-cumpre-mandados-de-prisao-e-de-busca-contra-organizacao-criminosa\/"},"author":{"name":"Marcelo Lopes","@id":"https:\/\/marcelolopes.jor.br\/site\/#\/schema\/person\/3e7216a35c34d8fdf952b31da3d1f89f"},"headline":"Opera\u00e7\u00e3o cumpre mandados de pris\u00e3o e de busca contra organiza\u00e7\u00e3o criminosa","datePublished":"2021-07-03T22:00:04+00:00","mainEntityOfPage":{"@id":"https:\/\/marcelolopes.jor.br\/site\/2021\/07\/03\/operacao-cumpre-mandados-de-prisao-e-de-busca-contra-organizacao-criminosa\/"},"wordCount":507,"commentCount":0,"publisher":{"@id":"https:\/\/marcelolopes.jor.br\/site\/#organization"},"image":{"@id":"https:\/\/marcelolopes.jor.br\/site\/2021\/07\/03\/operacao-cumpre-mandados-de-prisao-e-de-busca-contra-organizacao-criminosa\/#primaryimage"},"thumbnailUrl":"https:\/\/marcelolopes.jor.br\/site\/wp-content\/uploads\/2021\/07\/img_opera__o-duplo-impacto_md.jpeg","keywords":["crime organizado","Duplo Impacto","Gaeco","MPMG"],"articleSection":["Not\u00edcias"],"inLanguage":"pt-BR","potentialAction":[{"@type":"CommentAction","name":"Comment","target":["https:\/\/marcelolopes.jor.br\/site\/2021\/07\/03\/operacao-cumpre-mandados-de-prisao-e-de-busca-contra-organizacao-criminosa\/#respond"]}]},{"@type":"WebPage","@id":"https:\/\/marcelolopes.jor.br\/site\/2021\/07\/03\/operacao-cumpre-mandados-de-prisao-e-de-busca-contra-organizacao-criminosa\/","url":"https:\/\/marcelolopes.jor.br\/site\/2021\/07\/03\/operacao-cumpre-mandados-de-prisao-e-de-busca-contra-organizacao-criminosa\/","name":"Opera\u00e7\u00e3o cumpre mandados de pris\u00e3o e de busca contra organiza\u00e7\u00e3o criminosa | Marcelo Lopes","isPartOf":{"@id":"https:\/\/marcelolopes.jor.br\/site\/#website"},"primaryImageOfPage":{"@id":"https:\/\/marcelolopes.jor.br\/site\/2021\/07\/03\/operacao-cumpre-mandados-de-prisao-e-de-busca-contra-organizacao-criminosa\/#primaryimage"},"image":{"@id":"https:\/\/marcelolopes.jor.br\/site\/2021\/07\/03\/operacao-cumpre-mandados-de-prisao-e-de-busca-contra-organizacao-criminosa\/#primaryimage"},"thumbnailUrl":"https:\/\/marcelolopes.jor.br\/site\/wp-content\/uploads\/2021\/07\/img_opera__o-duplo-impacto_md.jpeg","datePublished":"2021-07-03T22:00:04+00:00","breadcrumb":{"@id":"https:\/\/marcelolopes.jor.br\/site\/2021\/07\/03\/operacao-cumpre-mandados-de-prisao-e-de-busca-contra-organizacao-criminosa\/#breadcrumb"},"inLanguage":"pt-BR","potentialAction":[{"@type":"ReadAction","target":["https:\/\/marcelolopes.jor.br\/site\/2021\/07\/03\/operacao-cumpre-mandados-de-prisao-e-de-busca-contra-organizacao-criminosa\/"]}]},{"@type":"ImageObject","inLanguage":"pt-BR","@id":"https:\/\/marcelolopes.jor.br\/site\/2021\/07\/03\/operacao-cumpre-mandados-de-prisao-e-de-busca-contra-organizacao-criminosa\/#primaryimage","url":"https:\/\/marcelolopes.jor.br\/site\/wp-content\/uploads\/2021\/07\/img_opera__o-duplo-impacto_md.jpeg","contentUrl":"https:\/\/marcelolopes.jor.br\/site\/wp-content\/uploads\/2021\/07\/img_opera__o-duplo-impacto_md.jpeg","width":800,"height":573},{"@type":"BreadcrumbList","@id":"https:\/\/marcelolopes.jor.br\/site\/2021\/07\/03\/operacao-cumpre-mandados-de-prisao-e-de-busca-contra-organizacao-criminosa\/#breadcrumb","itemListElement":[{"@type":"ListItem","position":1,"name":"Home","item":"https:\/\/marcelolopes.jor.br\/site\/"},{"@type":"ListItem","position":2,"name":"Opera\u00e7\u00e3o cumpre mandados de pris\u00e3o e de busca contra organiza\u00e7\u00e3o criminosa"}]},{"@type":"WebSite","@id":"https:\/\/marcelolopes.jor.br\/site\/#website","url":"https:\/\/marcelolopes.jor.br\/site\/","name":"Marcelo Lopes","description":"Not\u00edcias de Cataguases e Regi\u00e3o","publisher":{"@id":"https:\/\/marcelolopes.jor.br\/site\/#organization"},"potentialAction":[{"@type":"SearchAction","target":{"@type":"EntryPoint","urlTemplate":"https:\/\/marcelolopes.jor.br\/site\/?s={search_term_string}"},"query-input":{"@type":"PropertyValueSpecification","valueRequired":true,"valueName":"search_term_string"}}],"inLanguage":"pt-BR"},{"@type":"Organization","@id":"https:\/\/marcelolopes.jor.br\/site\/#organization","name":"Site do Marcelo Lopes","url":"https:\/\/marcelolopes.jor.br\/site\/","logo":{"@type":"ImageObject","inLanguage":"pt-BR","@id":"https:\/\/marcelolopes.jor.br\/site\/#\/schema\/logo\/image\/","url":"https:\/\/marcelolopes.jor.br\/site\/wp-content\/uploads\/2024\/11\/logo-1.png","contentUrl":"https:\/\/marcelolopes.jor.br\/site\/wp-content\/uploads\/2024\/11\/logo-1.png","width":475,"height":80,"caption":"Site do Marcelo Lopes"},"image":{"@id":"https:\/\/marcelolopes.jor.br\/site\/#\/schema\/logo\/image\/"},"sameAs":["https:\/\/www.facebook.com\/sitedomarcelolopes","https:\/\/www.instagram.com\/sitedomarcelolopes\/","https:\/\/www.linkedin.com\/company\/site-do-marcelo-lopes\/","https:\/\/www.youtube.com\/user\/marcelolopes957"]},{"@type":"Person","@id":"https:\/\/marcelolopes.jor.br\/site\/#\/schema\/person\/3e7216a35c34d8fdf952b31da3d1f89f","name":"Marcelo Lopes","sameAs":["http:\/\/www.marcelolopes.jor.br"],"url":"https:\/\/marcelolopes.jor.br\/site\/author\/marcelo\/"}]}},"wps_subtitle":"Grupo estava sendo investigado por tr\u00e1fico de drogas na Zona da Mata.","_links":{"self":[{"href":"https:\/\/marcelolopes.jor.br\/site\/wp-json\/wp\/v2\/posts\/24990","targetHints":{"allow":["GET"]}}],"collection":[{"href":"https:\/\/marcelolopes.jor.br\/site\/wp-json\/wp\/v2\/posts"}],"about":[{"href":"https:\/\/marcelolopes.jor.br\/site\/wp-json\/wp\/v2\/types\/post"}],"author":[{"embeddable":true,"href":"https:\/\/marcelolopes.jor.br\/site\/wp-json\/wp\/v2\/users\/2"}],"replies":[{"embeddable":true,"href":"https:\/\/marcelolopes.jor.br\/site\/wp-json\/wp\/v2\/comments?post=24990"}],"version-history":[{"count":0,"href":"https:\/\/marcelolopes.jor.br\/site\/wp-json\/wp\/v2\/posts\/24990\/revisions"}],"wp:featuredmedia":[{"embeddable":true,"href":"https:\/\/marcelolopes.jor.br\/site\/wp-json\/wp\/v2\/media\/24992"}],"wp:attachment":[{"href":"https:\/\/marcelolopes.jor.br\/site\/wp-json\/wp\/v2\/media?parent=24990"}],"wp:term":[{"taxonomy":"category","embeddable":true,"href":"https:\/\/marcelolopes.jor.br\/site\/wp-json\/wp\/v2\/categories?post=24990"},{"taxonomy":"post_tag","embeddable":true,"href":"https:\/\/marcelolopes.jor.br\/site\/wp-json\/wp\/v2\/tags?post=24990"}],"curies":[{"name":"wp","href":"https:\/\/api.w.org\/{rel}","templated":true}]}}