{"id":24915,"date":"2021-06-30T07:00:06","date_gmt":"2021-06-30T10:00:06","guid":{"rendered":"https:\/\/marcelolopes.jor.br\/?p=24915"},"modified":"2021-06-29T18:01:39","modified_gmt":"2021-06-29T21:01:39","slug":"grupo-pera-apresenta-video-infantil-sobre-como-cuidar-dos-animais","status":"publish","type":"post","link":"https:\/\/marcelolopes.jor.br\/site\/2021\/06\/30\/grupo-pera-apresenta-video-infantil-sobre-como-cuidar-dos-animais\/","title":{"rendered":"Grupo PERA apresenta v\u00eddeo infantil sobre como cuidar dos animais"},"content":{"rendered":"<p style=\"text-align: justify;\">O Grupo PERA teatro estreia nessa quarta, dia 30, \u00e0s 19 horas em seu Canal do YouTube, a hist\u00f3ria \u201cBelinha, A Cachorrinha Abandonada\u201d. O texto \u00e9 de 2016 e foi apresentado nos teatros de Cataguases e em escolas da regi\u00e3o, trazendo para a linguagem infantil a import\u00e2ncia de se cuidar dos animais.<!--more--><\/p>\n<p style=\"text-align: justify;\"><a href=\"http:\/\/www.agenciaram.com.br\"><img loading=\"lazy\" decoding=\"async\" class=\"aligncenter wp-image-24593 size-full\" src=\"https:\/\/marcelolopes.jor.br\/site\/wp-content\/uploads\/2021\/06\/Banner-Ag\u00eancia-RAM-1.jpeg\" alt=\"\" width=\"800\" height=\"214\" srcset=\"https:\/\/marcelolopes.jor.br\/site\/wp-content\/uploads\/2021\/06\/Banner-Ag\u00eancia-RAM-1.jpeg 800w, https:\/\/marcelolopes.jor.br\/site\/wp-content\/uploads\/2021\/06\/Banner-Ag\u00eancia-RAM-1-300x80.jpeg 300w, https:\/\/marcelolopes.jor.br\/site\/wp-content\/uploads\/2021\/06\/Banner-Ag\u00eancia-RAM-1-768x205.jpeg 768w\" sizes=\"auto, (max-width: 800px) 100vw, 800px\" \/><\/a>O enredo fala dos palha\u00e7os Potoca (Aline Millani) e Fedegoso (Eric Ara\u00fajo) que recebem no Circo Melodia, de forma inesperada, a cachorrinha \u201cBelinha\u201d (P\u00e2mela F\u00e9lix), que est\u00e1 abandonada e vive nas ruas, sofrendo bastante por n\u00e3o ter donos, nem lar. A confus\u00e3o \u00e9 geral, quando os palha\u00e7os n\u00e3o sabem como agir e nem como cuidar ou conseguir um lar para ela.<\/p>\n<p style=\"text-align: justify;\">Com muita alegria, mas tamb\u00e9m visando sensibilizar as crian\u00e7as a nunca abandonar seus animais, o v\u00eddeo ainda traz alguns cuidados para os pequenos, incentivando ainda a cuidar de forma consciente dos animais a serem adotados. O p\u00fablico vai poder assistir a esta hist\u00f3ria de amor aos animais no canal do Grupo PERA, a partir das 19 horas, clicando <a href=\"http:\/\/youtube.com\/grupopera\"><strong><span style=\"color: #800080;\">aqui<\/span><\/strong><\/a>.<\/p>\n<p style=\"text-align: justify;\">A realiza\u00e7\u00e3o \u00e9 do Grupo PERA, em parceira com o Grupo TOCA, por meio da Secretaria de Estado da Cultura de Minas Gerais, Secretaria Especial de Cultura e Minist\u00e9rio do Turismo.<\/p>\n<p><img loading=\"lazy\" decoding=\"async\" class=\"aligncenter wp-image-24920\" src=\"https:\/\/marcelolopes.jor.br\/site\/wp-content\/uploads\/2021\/06\/WhatsApp-Image-2021-06-29-at-17.43.42-1.jpeg\" alt=\"\" width=\"700\" height=\"467\" srcset=\"https:\/\/marcelolopes.jor.br\/site\/wp-content\/uploads\/2021\/06\/WhatsApp-Image-2021-06-29-at-17.43.42-1.jpeg 945w, https:\/\/marcelolopes.jor.br\/site\/wp-content\/uploads\/2021\/06\/WhatsApp-Image-2021-06-29-at-17.43.42-1-300x200.jpeg 300w, https:\/\/marcelolopes.jor.br\/site\/wp-content\/uploads\/2021\/06\/WhatsApp-Image-2021-06-29-at-17.43.42-1-768x512.jpeg 768w\" sizes=\"auto, (max-width: 700px) 100vw, 700px\" \/> <img loading=\"lazy\" decoding=\"async\" class=\"aligncenter wp-image-24918\" src=\"https:\/\/marcelolopes.jor.br\/site\/wp-content\/uploads\/2021\/06\/WhatsApp-Image-2021-06-29-at-17.43.39.jpeg\" alt=\"\" width=\"700\" height=\"467\" srcset=\"https:\/\/marcelolopes.jor.br\/site\/wp-content\/uploads\/2021\/06\/WhatsApp-Image-2021-06-29-at-17.43.39.jpeg 945w, https:\/\/marcelolopes.jor.br\/site\/wp-content\/uploads\/2021\/06\/WhatsApp-Image-2021-06-29-at-17.43.39-300x200.jpeg 300w, https:\/\/marcelolopes.jor.br\/site\/wp-content\/uploads\/2021\/06\/WhatsApp-Image-2021-06-29-at-17.43.39-768x512.jpeg 768w\" sizes=\"auto, (max-width: 700px) 100vw, 700px\" \/><\/p>\n<p style=\"text-align: justify;\">Texto: Grupo PERA | Fotos: V\u00edtor F\u00e9lix<\/p>\n<div class=\"pdime69f74fffa25e4\" ><br><\/div><style type=\"text\/css\">\r\n@media screen and (min-width: 1201px) {\r\n.pdime69f74fffa25e4 {\r\ndisplay: block;\r\n}\r\n}\r\n@media screen and (min-width: 993px) and (max-width: 1200px) {\r\n.pdime69f74fffa25e4 {\r\ndisplay: block;\r\n}\r\n}\r\n@media screen and (min-width: 769px) and (max-width: 992px) {\r\n.pdime69f74fffa25e4 {\r\ndisplay: block;\r\n}\r\n}\r\n@media screen and (min-width: 768px) and (max-width: 768px) {\r\n.pdime69f74fffa25e4 {\r\ndisplay: block;\r\n}\r\n}\r\n@media screen and (max-width: 767px) {\r\n.pdime69f74fffa25e4 {\r\ndisplay: block;\r\n}\r\n}\r\n<\/style>\r\n<div class=\"hpirc69f74fffa7dbd\" ><div id=\"div_destino\"><\/div>\r\n<script src=\"https:\/\/cdn.snsrsv.com\/sdk.js\"><\/script>\r\n<script >\r\n      new sdk(\"464030C30061EA8BE065000000000001\") \r\n          .appendTo(\"div_destino\")\r\n          .disableStyle(true) \r\n          .setCacheBusterMacro(\"%%CACHEBUSTER%%\")\r\n          .setSize(\"800\",\"214\")\r\n          .setClickMacro(\"%%CLICK_URL_ESC%%\") \r\n          .setReferrerUrlMacro(\"%%REFERRER_URL_ESC%%\") \r\n          .start(); \r\n<\/script><\/div><style type=\"text\/css\">\r\n@media screen and (min-width: 1201px) {\r\n.hpirc69f74fffa7dbd {\r\ndisplay: block;\r\n}\r\n}\r\n@media screen and (min-width: 993px) and (max-width: 1200px) {\r\n.hpirc69f74fffa7dbd {\r\ndisplay: block;\r\n}\r\n}\r\n@media screen and (min-width: 769px) and (max-width: 992px) {\r\n.hpirc69f74fffa7dbd {\r\ndisplay: block;\r\n}\r\n}\r\n@media screen and (min-width: 768px) and (max-width: 768px) {\r\n.hpirc69f74fffa7dbd {\r\ndisplay: block;\r\n}\r\n}\r\n@media screen and (max-width: 767px) {\r\n.hpirc69f74fffa7dbd {\r\ndisplay: block;\r\n}\r\n}\r\n<\/style>\r\n","protected":false},"excerpt":{"rendered":"<p>O Grupo PERA teatro estreia nessa quarta, dia 30, \u00e0s 19 horas em seu Canal do YouTube, a hist\u00f3ria \u201cBelinha, A Cachorrinha Abandonada\u201d. O texto \u00e9 de 2016 e foi apresentado nos teatros de Cataguases e em escolas da regi\u00e3o,<\/p>\n<p class=\"link-more\"><a class=\"more-link\" href=\"https:\/\/marcelolopes.jor.br\/site\/2021\/06\/30\/grupo-pera-apresenta-video-infantil-sobre-como-cuidar-dos-animais\/\">Leia mais <span class=\"screen-reader-text\">Grupo PERA apresenta v\u00eddeo infantil sobre como cuidar dos animais<\/span><\/a><\/p>\n","protected":false},"author":2,"featured_media":24919,"comment_status":"open","ping_status":"open","sticky":false,"template":"","format":"standard","meta":{"footnotes":""},"categories":[1],"tags":[4284,3100,4283,4285],"class_list":["post-24915","post","type-post","status-publish","format-standard","has-post-thumbnail","hentry","category-noticias","tag-cuidado-com-os-animais","tag-grupo-pera","tag-video-infantil","tag-video-no-youtube","thumb-below-title"],"yoast_head":"<!-- This site is optimized with the Yoast SEO plugin v27.4 - https:\/\/yoast.com\/product\/yoast-seo-wordpress\/ -->\n<title>Grupo PERA apresenta v\u00eddeo infantil sobre como cuidar dos animais | Marcelo Lopes<\/title>\n<meta name=\"robots\" content=\"index, follow, max-snippet:-1, max-image-preview:large, max-video-preview:-1\" \/>\n<link rel=\"canonical\" href=\"https:\/\/marcelolopes.jor.br\/site\/2021\/06\/30\/grupo-pera-apresenta-video-infantil-sobre-como-cuidar-dos-animais\/\" \/>\n<meta property=\"og:locale\" content=\"pt_BR\" \/>\n<meta property=\"og:type\" content=\"article\" \/>\n<meta property=\"og:title\" content=\"Grupo PERA apresenta v\u00eddeo infantil sobre como cuidar dos animais | Marcelo Lopes\" \/>\n<meta property=\"og:description\" content=\"O Grupo PERA teatro estreia nessa quarta, dia 30, \u00e0s 19 horas em seu Canal do YouTube, a hist\u00f3ria \u201cBelinha, A Cachorrinha Abandonada\u201d. O texto \u00e9 de 2016 e foi apresentado nos teatros de Cataguases e em escolas da regi\u00e3o,Leia mais Grupo PERA apresenta v\u00eddeo infantil sobre como cuidar dos animais\" \/>\n<meta property=\"og:url\" content=\"https:\/\/marcelolopes.jor.br\/site\/2021\/06\/30\/grupo-pera-apresenta-video-infantil-sobre-como-cuidar-dos-animais\/\" \/>\n<meta property=\"og:site_name\" content=\"Marcelo Lopes\" \/>\n<meta property=\"article:publisher\" content=\"https:\/\/www.facebook.com\/sitedomarcelolopes\" \/>\n<meta property=\"article:published_time\" content=\"2021-06-30T10:00:06+00:00\" \/>\n<meta property=\"og:image\" content=\"https:\/\/marcelolopes.jor.br\/site\/wp-content\/uploads\/2021\/06\/WhatsApp-Image-2021-06-29-at-17.43.42.jpeg\" \/>\n\t<meta property=\"og:image:width\" content=\"945\" \/>\n\t<meta property=\"og:image:height\" content=\"630\" \/>\n\t<meta property=\"og:image:type\" content=\"image\/jpeg\" \/>\n<meta name=\"author\" content=\"Marcelo Lopes\" \/>\n<meta name=\"twitter:card\" content=\"summary_large_image\" \/>\n<meta name=\"twitter:label1\" content=\"Escrito por\" \/>\n\t<meta name=\"twitter:data1\" content=\"Marcelo Lopes\" \/>\n\t<meta name=\"twitter:label2\" content=\"Est. tempo de leitura\" \/>\n\t<meta name=\"twitter:data2\" content=\"1 minuto\" \/>\n<script type=\"application\/ld+json\" class=\"yoast-schema-graph\">{\"@context\":\"https:\\\/\\\/schema.org\",\"@graph\":[{\"@type\":\"NewsArticle\",\"@id\":\"https:\\\/\\\/marcelolopes.jor.br\\\/site\\\/2021\\\/06\\\/30\\\/grupo-pera-apresenta-video-infantil-sobre-como-cuidar-dos-animais\\\/#article\",\"isPartOf\":{\"@id\":\"https:\\\/\\\/marcelolopes.jor.br\\\/site\\\/2021\\\/06\\\/30\\\/grupo-pera-apresenta-video-infantil-sobre-como-cuidar-dos-animais\\\/\"},\"author\":{\"name\":\"Marcelo Lopes\",\"@id\":\"https:\\\/\\\/marcelolopes.jor.br\\\/site\\\/#\\\/schema\\\/person\\\/3e7216a35c34d8fdf952b31da3d1f89f\"},\"headline\":\"Grupo PERA apresenta v\u00eddeo infantil sobre como cuidar dos animais\",\"datePublished\":\"2021-06-30T10:00:06+00:00\",\"mainEntityOfPage\":{\"@id\":\"https:\\\/\\\/marcelolopes.jor.br\\\/site\\\/2021\\\/06\\\/30\\\/grupo-pera-apresenta-video-infantil-sobre-como-cuidar-dos-animais\\\/\"},\"wordCount\":233,\"commentCount\":0,\"publisher\":{\"@id\":\"https:\\\/\\\/marcelolopes.jor.br\\\/site\\\/#organization\"},\"image\":{\"@id\":\"https:\\\/\\\/marcelolopes.jor.br\\\/site\\\/2021\\\/06\\\/30\\\/grupo-pera-apresenta-video-infantil-sobre-como-cuidar-dos-animais\\\/#primaryimage\"},\"thumbnailUrl\":\"https:\\\/\\\/marcelolopes.jor.br\\\/site\\\/wp-content\\\/uploads\\\/2021\\\/06\\\/WhatsApp-Image-2021-06-29-at-17.43.42.jpeg\",\"keywords\":[\"cuidado com os animais\",\"Grupo Pera\",\"video infantil\",\"v\u00eddeo no YouTube\"],\"articleSection\":[\"Not\u00edcias\"],\"inLanguage\":\"pt-BR\",\"potentialAction\":[{\"@type\":\"CommentAction\",\"name\":\"Comment\",\"target\":[\"https:\\\/\\\/marcelolopes.jor.br\\\/site\\\/2021\\\/06\\\/30\\\/grupo-pera-apresenta-video-infantil-sobre-como-cuidar-dos-animais\\\/#respond\"]}]},{\"@type\":\"WebPage\",\"@id\":\"https:\\\/\\\/marcelolopes.jor.br\\\/site\\\/2021\\\/06\\\/30\\\/grupo-pera-apresenta-video-infantil-sobre-como-cuidar-dos-animais\\\/\",\"url\":\"https:\\\/\\\/marcelolopes.jor.br\\\/site\\\/2021\\\/06\\\/30\\\/grupo-pera-apresenta-video-infantil-sobre-como-cuidar-dos-animais\\\/\",\"name\":\"Grupo PERA apresenta v\u00eddeo infantil sobre como cuidar dos animais | Marcelo Lopes\",\"isPartOf\":{\"@id\":\"https:\\\/\\\/marcelolopes.jor.br\\\/site\\\/#website\"},\"primaryImageOfPage\":{\"@id\":\"https:\\\/\\\/marcelolopes.jor.br\\\/site\\\/2021\\\/06\\\/30\\\/grupo-pera-apresenta-video-infantil-sobre-como-cuidar-dos-animais\\\/#primaryimage\"},\"image\":{\"@id\":\"https:\\\/\\\/marcelolopes.jor.br\\\/site\\\/2021\\\/06\\\/30\\\/grupo-pera-apresenta-video-infantil-sobre-como-cuidar-dos-animais\\\/#primaryimage\"},\"thumbnailUrl\":\"https:\\\/\\\/marcelolopes.jor.br\\\/site\\\/wp-content\\\/uploads\\\/2021\\\/06\\\/WhatsApp-Image-2021-06-29-at-17.43.42.jpeg\",\"datePublished\":\"2021-06-30T10:00:06+00:00\",\"breadcrumb\":{\"@id\":\"https:\\\/\\\/marcelolopes.jor.br\\\/site\\\/2021\\\/06\\\/30\\\/grupo-pera-apresenta-video-infantil-sobre-como-cuidar-dos-animais\\\/#breadcrumb\"},\"inLanguage\":\"pt-BR\",\"potentialAction\":[{\"@type\":\"ReadAction\",\"target\":[\"https:\\\/\\\/marcelolopes.jor.br\\\/site\\\/2021\\\/06\\\/30\\\/grupo-pera-apresenta-video-infantil-sobre-como-cuidar-dos-animais\\\/\"]}]},{\"@type\":\"ImageObject\",\"inLanguage\":\"pt-BR\",\"@id\":\"https:\\\/\\\/marcelolopes.jor.br\\\/site\\\/2021\\\/06\\\/30\\\/grupo-pera-apresenta-video-infantil-sobre-como-cuidar-dos-animais\\\/#primaryimage\",\"url\":\"https:\\\/\\\/marcelolopes.jor.br\\\/site\\\/wp-content\\\/uploads\\\/2021\\\/06\\\/WhatsApp-Image-2021-06-29-at-17.43.42.jpeg\",\"contentUrl\":\"https:\\\/\\\/marcelolopes.jor.br\\\/site\\\/wp-content\\\/uploads\\\/2021\\\/06\\\/WhatsApp-Image-2021-06-29-at-17.43.42.jpeg\",\"width\":945,\"height\":630},{\"@type\":\"BreadcrumbList\",\"@id\":\"https:\\\/\\\/marcelolopes.jor.br\\\/site\\\/2021\\\/06\\\/30\\\/grupo-pera-apresenta-video-infantil-sobre-como-cuidar-dos-animais\\\/#breadcrumb\",\"itemListElement\":[{\"@type\":\"ListItem\",\"position\":1,\"name\":\"Home\",\"item\":\"https:\\\/\\\/marcelolopes.jor.br\\\/site\\\/\"},{\"@type\":\"ListItem\",\"position\":2,\"name\":\"Grupo PERA apresenta v\u00eddeo infantil sobre como cuidar dos animais\"}]},{\"@type\":\"WebSite\",\"@id\":\"https:\\\/\\\/marcelolopes.jor.br\\\/site\\\/#website\",\"url\":\"https:\\\/\\\/marcelolopes.jor.br\\\/site\\\/\",\"name\":\"Marcelo Lopes\",\"description\":\"Not\u00edcias de Cataguases e Regi\u00e3o\",\"publisher\":{\"@id\":\"https:\\\/\\\/marcelolopes.jor.br\\\/site\\\/#organization\"},\"potentialAction\":[{\"@type\":\"SearchAction\",\"target\":{\"@type\":\"EntryPoint\",\"urlTemplate\":\"https:\\\/\\\/marcelolopes.jor.br\\\/site\\\/?s={search_term_string}\"},\"query-input\":{\"@type\":\"PropertyValueSpecification\",\"valueRequired\":true,\"valueName\":\"search_term_string\"}}],\"inLanguage\":\"pt-BR\"},{\"@type\":\"Organization\",\"@id\":\"https:\\\/\\\/marcelolopes.jor.br\\\/site\\\/#organization\",\"name\":\"Site do Marcelo Lopes\",\"url\":\"https:\\\/\\\/marcelolopes.jor.br\\\/site\\\/\",\"logo\":{\"@type\":\"ImageObject\",\"inLanguage\":\"pt-BR\",\"@id\":\"https:\\\/\\\/marcelolopes.jor.br\\\/site\\\/#\\\/schema\\\/logo\\\/image\\\/\",\"url\":\"https:\\\/\\\/marcelolopes.jor.br\\\/site\\\/wp-content\\\/uploads\\\/2024\\\/11\\\/logo-1.png\",\"contentUrl\":\"https:\\\/\\\/marcelolopes.jor.br\\\/site\\\/wp-content\\\/uploads\\\/2024\\\/11\\\/logo-1.png\",\"width\":475,\"height\":80,\"caption\":\"Site do Marcelo Lopes\"},\"image\":{\"@id\":\"https:\\\/\\\/marcelolopes.jor.br\\\/site\\\/#\\\/schema\\\/logo\\\/image\\\/\"},\"sameAs\":[\"https:\\\/\\\/www.facebook.com\\\/sitedomarcelolopes\",\"https:\\\/\\\/www.instagram.com\\\/sitedomarcelolopes\\\/\",\"https:\\\/\\\/www.linkedin.com\\\/company\\\/site-do-marcelo-lopes\\\/\",\"https:\\\/\\\/www.youtube.com\\\/user\\\/marcelolopes957\"]},{\"@type\":\"Person\",\"@id\":\"https:\\\/\\\/marcelolopes.jor.br\\\/site\\\/#\\\/schema\\\/person\\\/3e7216a35c34d8fdf952b31da3d1f89f\",\"name\":\"Marcelo Lopes\",\"sameAs\":[\"http:\\\/\\\/www.marcelolopes.jor.br\"],\"url\":\"https:\\\/\\\/marcelolopes.jor.br\\\/site\\\/author\\\/marcelo\\\/\"}]}<\/script>\n<!-- \/ Yoast SEO plugin. -->","yoast_head_json":{"title":"Grupo PERA apresenta v\u00eddeo infantil sobre como cuidar dos animais | Marcelo Lopes","robots":{"index":"index","follow":"follow","max-snippet":"max-snippet:-1","max-image-preview":"max-image-preview:large","max-video-preview":"max-video-preview:-1"},"canonical":"https:\/\/marcelolopes.jor.br\/site\/2021\/06\/30\/grupo-pera-apresenta-video-infantil-sobre-como-cuidar-dos-animais\/","og_locale":"pt_BR","og_type":"article","og_title":"Grupo PERA apresenta v\u00eddeo infantil sobre como cuidar dos animais | Marcelo Lopes","og_description":"O Grupo PERA teatro estreia nessa quarta, dia 30, \u00e0s 19 horas em seu Canal do YouTube, a hist\u00f3ria \u201cBelinha, A Cachorrinha Abandonada\u201d. O texto \u00e9 de 2016 e foi apresentado nos teatros de Cataguases e em escolas da regi\u00e3o,Leia mais Grupo PERA apresenta v\u00eddeo infantil sobre como cuidar dos animais","og_url":"https:\/\/marcelolopes.jor.br\/site\/2021\/06\/30\/grupo-pera-apresenta-video-infantil-sobre-como-cuidar-dos-animais\/","og_site_name":"Marcelo Lopes","article_publisher":"https:\/\/www.facebook.com\/sitedomarcelolopes","article_published_time":"2021-06-30T10:00:06+00:00","og_image":[{"width":945,"height":630,"url":"https:\/\/marcelolopes.jor.br\/site\/wp-content\/uploads\/2021\/06\/WhatsApp-Image-2021-06-29-at-17.43.42.jpeg","type":"image\/jpeg"}],"author":"Marcelo Lopes","twitter_card":"summary_large_image","twitter_misc":{"Escrito por":"Marcelo Lopes","Est. tempo de leitura":"1 minuto"},"schema":{"@context":"https:\/\/schema.org","@graph":[{"@type":"NewsArticle","@id":"https:\/\/marcelolopes.jor.br\/site\/2021\/06\/30\/grupo-pera-apresenta-video-infantil-sobre-como-cuidar-dos-animais\/#article","isPartOf":{"@id":"https:\/\/marcelolopes.jor.br\/site\/2021\/06\/30\/grupo-pera-apresenta-video-infantil-sobre-como-cuidar-dos-animais\/"},"author":{"name":"Marcelo Lopes","@id":"https:\/\/marcelolopes.jor.br\/site\/#\/schema\/person\/3e7216a35c34d8fdf952b31da3d1f89f"},"headline":"Grupo PERA apresenta v\u00eddeo infantil sobre como cuidar dos animais","datePublished":"2021-06-30T10:00:06+00:00","mainEntityOfPage":{"@id":"https:\/\/marcelolopes.jor.br\/site\/2021\/06\/30\/grupo-pera-apresenta-video-infantil-sobre-como-cuidar-dos-animais\/"},"wordCount":233,"commentCount":0,"publisher":{"@id":"https:\/\/marcelolopes.jor.br\/site\/#organization"},"image":{"@id":"https:\/\/marcelolopes.jor.br\/site\/2021\/06\/30\/grupo-pera-apresenta-video-infantil-sobre-como-cuidar-dos-animais\/#primaryimage"},"thumbnailUrl":"https:\/\/marcelolopes.jor.br\/site\/wp-content\/uploads\/2021\/06\/WhatsApp-Image-2021-06-29-at-17.43.42.jpeg","keywords":["cuidado com os animais","Grupo Pera","video infantil","v\u00eddeo no YouTube"],"articleSection":["Not\u00edcias"],"inLanguage":"pt-BR","potentialAction":[{"@type":"CommentAction","name":"Comment","target":["https:\/\/marcelolopes.jor.br\/site\/2021\/06\/30\/grupo-pera-apresenta-video-infantil-sobre-como-cuidar-dos-animais\/#respond"]}]},{"@type":"WebPage","@id":"https:\/\/marcelolopes.jor.br\/site\/2021\/06\/30\/grupo-pera-apresenta-video-infantil-sobre-como-cuidar-dos-animais\/","url":"https:\/\/marcelolopes.jor.br\/site\/2021\/06\/30\/grupo-pera-apresenta-video-infantil-sobre-como-cuidar-dos-animais\/","name":"Grupo PERA apresenta v\u00eddeo infantil sobre como cuidar dos animais | Marcelo Lopes","isPartOf":{"@id":"https:\/\/marcelolopes.jor.br\/site\/#website"},"primaryImageOfPage":{"@id":"https:\/\/marcelolopes.jor.br\/site\/2021\/06\/30\/grupo-pera-apresenta-video-infantil-sobre-como-cuidar-dos-animais\/#primaryimage"},"image":{"@id":"https:\/\/marcelolopes.jor.br\/site\/2021\/06\/30\/grupo-pera-apresenta-video-infantil-sobre-como-cuidar-dos-animais\/#primaryimage"},"thumbnailUrl":"https:\/\/marcelolopes.jor.br\/site\/wp-content\/uploads\/2021\/06\/WhatsApp-Image-2021-06-29-at-17.43.42.jpeg","datePublished":"2021-06-30T10:00:06+00:00","breadcrumb":{"@id":"https:\/\/marcelolopes.jor.br\/site\/2021\/06\/30\/grupo-pera-apresenta-video-infantil-sobre-como-cuidar-dos-animais\/#breadcrumb"},"inLanguage":"pt-BR","potentialAction":[{"@type":"ReadAction","target":["https:\/\/marcelolopes.jor.br\/site\/2021\/06\/30\/grupo-pera-apresenta-video-infantil-sobre-como-cuidar-dos-animais\/"]}]},{"@type":"ImageObject","inLanguage":"pt-BR","@id":"https:\/\/marcelolopes.jor.br\/site\/2021\/06\/30\/grupo-pera-apresenta-video-infantil-sobre-como-cuidar-dos-animais\/#primaryimage","url":"https:\/\/marcelolopes.jor.br\/site\/wp-content\/uploads\/2021\/06\/WhatsApp-Image-2021-06-29-at-17.43.42.jpeg","contentUrl":"https:\/\/marcelolopes.jor.br\/site\/wp-content\/uploads\/2021\/06\/WhatsApp-Image-2021-06-29-at-17.43.42.jpeg","width":945,"height":630},{"@type":"BreadcrumbList","@id":"https:\/\/marcelolopes.jor.br\/site\/2021\/06\/30\/grupo-pera-apresenta-video-infantil-sobre-como-cuidar-dos-animais\/#breadcrumb","itemListElement":[{"@type":"ListItem","position":1,"name":"Home","item":"https:\/\/marcelolopes.jor.br\/site\/"},{"@type":"ListItem","position":2,"name":"Grupo PERA apresenta v\u00eddeo infantil sobre como cuidar dos animais"}]},{"@type":"WebSite","@id":"https:\/\/marcelolopes.jor.br\/site\/#website","url":"https:\/\/marcelolopes.jor.br\/site\/","name":"Marcelo Lopes","description":"Not\u00edcias de Cataguases e Regi\u00e3o","publisher":{"@id":"https:\/\/marcelolopes.jor.br\/site\/#organization"},"potentialAction":[{"@type":"SearchAction","target":{"@type":"EntryPoint","urlTemplate":"https:\/\/marcelolopes.jor.br\/site\/?s={search_term_string}"},"query-input":{"@type":"PropertyValueSpecification","valueRequired":true,"valueName":"search_term_string"}}],"inLanguage":"pt-BR"},{"@type":"Organization","@id":"https:\/\/marcelolopes.jor.br\/site\/#organization","name":"Site do Marcelo Lopes","url":"https:\/\/marcelolopes.jor.br\/site\/","logo":{"@type":"ImageObject","inLanguage":"pt-BR","@id":"https:\/\/marcelolopes.jor.br\/site\/#\/schema\/logo\/image\/","url":"https:\/\/marcelolopes.jor.br\/site\/wp-content\/uploads\/2024\/11\/logo-1.png","contentUrl":"https:\/\/marcelolopes.jor.br\/site\/wp-content\/uploads\/2024\/11\/logo-1.png","width":475,"height":80,"caption":"Site do Marcelo Lopes"},"image":{"@id":"https:\/\/marcelolopes.jor.br\/site\/#\/schema\/logo\/image\/"},"sameAs":["https:\/\/www.facebook.com\/sitedomarcelolopes","https:\/\/www.instagram.com\/sitedomarcelolopes\/","https:\/\/www.linkedin.com\/company\/site-do-marcelo-lopes\/","https:\/\/www.youtube.com\/user\/marcelolopes957"]},{"@type":"Person","@id":"https:\/\/marcelolopes.jor.br\/site\/#\/schema\/person\/3e7216a35c34d8fdf952b31da3d1f89f","name":"Marcelo Lopes","sameAs":["http:\/\/www.marcelolopes.jor.br"],"url":"https:\/\/marcelolopes.jor.br\/site\/author\/marcelo\/"}]}},"wps_subtitle":"Hist\u00f3ria pode ser vista esta noite no canal do grupo no Youtube.","_links":{"self":[{"href":"https:\/\/marcelolopes.jor.br\/site\/wp-json\/wp\/v2\/posts\/24915","targetHints":{"allow":["GET"]}}],"collection":[{"href":"https:\/\/marcelolopes.jor.br\/site\/wp-json\/wp\/v2\/posts"}],"about":[{"href":"https:\/\/marcelolopes.jor.br\/site\/wp-json\/wp\/v2\/types\/post"}],"author":[{"embeddable":true,"href":"https:\/\/marcelolopes.jor.br\/site\/wp-json\/wp\/v2\/users\/2"}],"replies":[{"embeddable":true,"href":"https:\/\/marcelolopes.jor.br\/site\/wp-json\/wp\/v2\/comments?post=24915"}],"version-history":[{"count":0,"href":"https:\/\/marcelolopes.jor.br\/site\/wp-json\/wp\/v2\/posts\/24915\/revisions"}],"wp:featuredmedia":[{"embeddable":true,"href":"https:\/\/marcelolopes.jor.br\/site\/wp-json\/wp\/v2\/media\/24919"}],"wp:attachment":[{"href":"https:\/\/marcelolopes.jor.br\/site\/wp-json\/wp\/v2\/media?parent=24915"}],"wp:term":[{"taxonomy":"category","embeddable":true,"href":"https:\/\/marcelolopes.jor.br\/site\/wp-json\/wp\/v2\/categories?post=24915"},{"taxonomy":"post_tag","embeddable":true,"href":"https:\/\/marcelolopes.jor.br\/site\/wp-json\/wp\/v2\/tags?post=24915"}],"curies":[{"name":"wp","href":"https:\/\/api.w.org\/{rel}","templated":true}]}}