{"id":24669,"date":"2021-06-21T16:00:18","date_gmt":"2021-06-21T19:00:18","guid":{"rendered":"https:\/\/marcelolopes.jor.br\/?p=24669"},"modified":"2021-06-21T11:17:02","modified_gmt":"2021-06-21T14:17:02","slug":"empresas-devem-fazer-o-licenciamento-junto-ao-corpo-de-bombeiros","status":"publish","type":"post","link":"https:\/\/marcelolopes.jor.br\/site\/2021\/06\/21\/empresas-devem-fazer-o-licenciamento-junto-ao-corpo-de-bombeiros\/","title":{"rendered":"Empresas devem fazer o licenciamento junto ao Corpo de Bombeiros"},"content":{"rendered":"<p style=\"text-align: justify;\">Adequar o seu empreendimento seguindo as orienta\u00e7\u00f5es do Corpo de Bombeiros Militar de Minas Gerais, \u00e9 mais uma campanha que vem sendo implementada por aquela Corpora\u00e7\u00e3o em todo o estado de Minas Gerais. Neste sentido as empresas devem declarar informa\u00e7\u00f5es ver\u00eddicas sobre suas atividades. A partir da\u00ed, conforme a classifica\u00e7\u00e3o de risco da empresa, ser\u00e1 realizado um tipo espec\u00edfico de processo de licenciamento, informa o Corpo de Bombeiros.<!--more--><\/p>\n<p style=\"text-align: justify;\"><a href=\"http:\/\/www.agenciaram.com.br\"><img loading=\"lazy\" decoding=\"async\" class=\"aligncenter wp-image-24593 size-full\" src=\"https:\/\/marcelolopes.jor.br\/site\/wp-content\/uploads\/2021\/06\/Banner-Ag\u00eancia-RAM-1.jpeg\" alt=\"\" width=\"800\" height=\"214\" srcset=\"https:\/\/marcelolopes.jor.br\/site\/wp-content\/uploads\/2021\/06\/Banner-Ag\u00eancia-RAM-1.jpeg 800w, https:\/\/marcelolopes.jor.br\/site\/wp-content\/uploads\/2021\/06\/Banner-Ag\u00eancia-RAM-1-300x80.jpeg 300w, https:\/\/marcelolopes.jor.br\/site\/wp-content\/uploads\/2021\/06\/Banner-Ag\u00eancia-RAM-1-768x205.jpeg 768w\" sizes=\"auto, (max-width: 800px) 100vw, 800px\" \/><\/a>Para implementar a\u00e7\u00f5es como esta e outras em todo o pa\u00eds, foi criada pela Lei Federal 11.598\/2007, a REDESIM (Rede Nacional para a Simplifica\u00e7\u00e3o do Registro e da Legaliza\u00e7\u00e3o de Empresas e Neg\u00f3cios). Ela estabelece diretrizes e procedimentos para a simplifica\u00e7\u00e3o e integra\u00e7\u00e3o do processo de registro e legaliza\u00e7\u00e3o de empres\u00e1rios e de pessoas jur\u00eddicas nos \u00e2mbitos da Uni\u00e3o, Estados, Distrito Federal e munic\u00edpios.<\/p>\n<p style=\"text-align: justify;\">Trata-se de uma pol\u00edtica p\u00fablica nacional, efetivada em Minas Gerais pela JUCEMG (Junta Comercial do Estado de Minas Gerais), por meio de um sistema informatizado que permite integrar e agilizar o processo de abertura, altera\u00e7\u00e3o e baixa de empresas interligando todas as entidades e \u00f3rg\u00e3os direta ou indiretamente envolvidos no processo de legaliza\u00e7\u00e3o. Com o sistema, \u00e9 poss\u00edvel que todas as etapas para o registro e licenciamento de empresas sejam realizadas em um ambiente \u00fanico, de forma linear e totalmente digital.<span class=\"Apple-converted-space\">\u00a0<\/span><\/p>\n<p style=\"text-align: justify;\">Todas as empresas devem passar pelo processo de licenciamento junto ao Corpo de Bombeiros Militar de Minas Gerais (CBMMG), independente do ano de abertura, atividade econ\u00f4mica ou porte (MEI, Microempresa ou Empresa de Pequeno Porte). Para cumprir esta exig\u00eancia <a href=\"https:\/\/www.bombeiros.mg.gov.br\/licencieempresa\"><strong><span style=\"color: #800080;\">clique aqui<\/span><\/strong><\/a> para realizar o passo a passo e obter mais informa\u00e7\u00f5es a respeito.<\/p>\n<p>Fonte: REDESIM e Corpo de Bombeiros Militar de Minas Gerais | Foto: Prefeitura de Extrema<\/p>\n<div class=\"ukjzl69f72e27010b7\" ><br><\/div><style type=\"text\/css\">\r\n@media screen and (min-width: 1201px) {\r\n.ukjzl69f72e27010b7 {\r\ndisplay: block;\r\n}\r\n}\r\n@media screen and (min-width: 993px) and (max-width: 1200px) {\r\n.ukjzl69f72e27010b7 {\r\ndisplay: block;\r\n}\r\n}\r\n@media screen and (min-width: 769px) and (max-width: 992px) {\r\n.ukjzl69f72e27010b7 {\r\ndisplay: block;\r\n}\r\n}\r\n@media screen and (min-width: 768px) and (max-width: 768px) {\r\n.ukjzl69f72e27010b7 {\r\ndisplay: block;\r\n}\r\n}\r\n@media screen and (max-width: 767px) {\r\n.ukjzl69f72e27010b7 {\r\ndisplay: block;\r\n}\r\n}\r\n<\/style>\r\n<div class=\"laene69f72e2706b0e\" ><div id=\"div_destino\"><\/div>\r\n<script src=\"https:\/\/cdn.snsrsv.com\/sdk.js\"><\/script>\r\n<script >\r\n      new sdk(\"464030C30061EA8BE065000000000001\") \r\n          .appendTo(\"div_destino\")\r\n          .disableStyle(true) \r\n          .setCacheBusterMacro(\"%%CACHEBUSTER%%\")\r\n          .setSize(\"800\",\"214\")\r\n          .setClickMacro(\"%%CLICK_URL_ESC%%\") \r\n          .setReferrerUrlMacro(\"%%REFERRER_URL_ESC%%\") \r\n          .start(); \r\n<\/script><\/div><style type=\"text\/css\">\r\n@media screen and (min-width: 1201px) {\r\n.laene69f72e2706b0e {\r\ndisplay: block;\r\n}\r\n}\r\n@media screen and (min-width: 993px) and (max-width: 1200px) {\r\n.laene69f72e2706b0e {\r\ndisplay: block;\r\n}\r\n}\r\n@media screen and (min-width: 769px) and (max-width: 992px) {\r\n.laene69f72e2706b0e {\r\ndisplay: block;\r\n}\r\n}\r\n@media screen and (min-width: 768px) and (max-width: 768px) {\r\n.laene69f72e2706b0e {\r\ndisplay: block;\r\n}\r\n}\r\n@media screen and (max-width: 767px) {\r\n.laene69f72e2706b0e {\r\ndisplay: block;\r\n}\r\n}\r\n<\/style>\r\n","protected":false},"excerpt":{"rendered":"<p>Adequar o seu empreendimento seguindo as orienta\u00e7\u00f5es do Corpo de Bombeiros Militar de Minas Gerais, \u00e9 mais uma campanha que vem sendo implementada por aquela Corpora\u00e7\u00e3o em todo o estado de Minas Gerais. Neste sentido as empresas devem declarar informa\u00e7\u00f5es<\/p>\n<p class=\"link-more\"><a class=\"more-link\" href=\"https:\/\/marcelolopes.jor.br\/site\/2021\/06\/21\/empresas-devem-fazer-o-licenciamento-junto-ao-corpo-de-bombeiros\/\">Leia mais <span class=\"screen-reader-text\">Empresas devem fazer o licenciamento junto ao Corpo de Bombeiros<\/span><\/a><\/p>\n","protected":false},"author":2,"featured_media":24671,"comment_status":"open","ping_status":"open","sticky":false,"template":"","format":"standard","meta":{"footnotes":""},"categories":[1],"tags":[516,2352,2377,4244],"class_list":["post-24669","post","type-post","status-publish","format-standard","has-post-thumbnail","hentry","category-noticias","tag-corpo-de-bombeiros","tag-empresas","tag-licenciamento","tag-redesim","thumb-below-title"],"yoast_head":"<!-- This site is optimized with the Yoast SEO plugin v27.4 - https:\/\/yoast.com\/product\/yoast-seo-wordpress\/ -->\n<title>Empresas devem fazer o licenciamento junto ao Corpo de Bombeiros | Marcelo Lopes<\/title>\n<meta name=\"robots\" content=\"index, follow, max-snippet:-1, max-image-preview:large, max-video-preview:-1\" \/>\n<link rel=\"canonical\" href=\"https:\/\/marcelolopes.jor.br\/site\/2021\/06\/21\/empresas-devem-fazer-o-licenciamento-junto-ao-corpo-de-bombeiros\/\" \/>\n<meta property=\"og:locale\" content=\"pt_BR\" \/>\n<meta property=\"og:type\" content=\"article\" \/>\n<meta property=\"og:title\" content=\"Empresas devem fazer o licenciamento junto ao Corpo de Bombeiros | Marcelo Lopes\" \/>\n<meta property=\"og:description\" content=\"Adequar o seu empreendimento seguindo as orienta\u00e7\u00f5es do Corpo de Bombeiros Militar de Minas Gerais, \u00e9 mais uma campanha que vem sendo implementada por aquela Corpora\u00e7\u00e3o em todo o estado de Minas Gerais. Neste sentido as empresas devem declarar informa\u00e7\u00f5esLeia mais Empresas devem fazer o licenciamento junto ao Corpo de Bombeiros\" \/>\n<meta property=\"og:url\" content=\"https:\/\/marcelolopes.jor.br\/site\/2021\/06\/21\/empresas-devem-fazer-o-licenciamento-junto-ao-corpo-de-bombeiros\/\" \/>\n<meta property=\"og:site_name\" content=\"Marcelo Lopes\" \/>\n<meta property=\"article:publisher\" content=\"https:\/\/www.facebook.com\/sitedomarcelolopes\" \/>\n<meta property=\"article:published_time\" content=\"2021-06-21T19:00:18+00:00\" \/>\n<meta property=\"og:image\" content=\"https:\/\/marcelolopes.jor.br\/site\/wp-content\/uploads\/2021\/06\/Novo-fardamento-01-700x500.jpg\" \/>\n\t<meta property=\"og:image:width\" content=\"800\" \/>\n\t<meta property=\"og:image:height\" content=\"529\" \/>\n\t<meta property=\"og:image:type\" content=\"image\/jpeg\" \/>\n<meta name=\"author\" content=\"Marcelo Lopes\" \/>\n<meta name=\"twitter:card\" content=\"summary_large_image\" \/>\n<meta name=\"twitter:label1\" content=\"Escrito por\" \/>\n\t<meta name=\"twitter:data1\" content=\"Marcelo Lopes\" \/>\n\t<meta name=\"twitter:label2\" content=\"Est. tempo de leitura\" \/>\n\t<meta name=\"twitter:data2\" content=\"2 minutos\" \/>\n<script type=\"application\/ld+json\" class=\"yoast-schema-graph\">{\"@context\":\"https:\\\/\\\/schema.org\",\"@graph\":[{\"@type\":\"NewsArticle\",\"@id\":\"https:\\\/\\\/marcelolopes.jor.br\\\/site\\\/2021\\\/06\\\/21\\\/empresas-devem-fazer-o-licenciamento-junto-ao-corpo-de-bombeiros\\\/#article\",\"isPartOf\":{\"@id\":\"https:\\\/\\\/marcelolopes.jor.br\\\/site\\\/2021\\\/06\\\/21\\\/empresas-devem-fazer-o-licenciamento-junto-ao-corpo-de-bombeiros\\\/\"},\"author\":{\"name\":\"Marcelo Lopes\",\"@id\":\"https:\\\/\\\/marcelolopes.jor.br\\\/site\\\/#\\\/schema\\\/person\\\/3e7216a35c34d8fdf952b31da3d1f89f\"},\"headline\":\"Empresas devem fazer o licenciamento junto ao Corpo de Bombeiros\",\"datePublished\":\"2021-06-21T19:00:18+00:00\",\"mainEntityOfPage\":{\"@id\":\"https:\\\/\\\/marcelolopes.jor.br\\\/site\\\/2021\\\/06\\\/21\\\/empresas-devem-fazer-o-licenciamento-junto-ao-corpo-de-bombeiros\\\/\"},\"wordCount\":314,\"commentCount\":0,\"publisher\":{\"@id\":\"https:\\\/\\\/marcelolopes.jor.br\\\/site\\\/#organization\"},\"image\":{\"@id\":\"https:\\\/\\\/marcelolopes.jor.br\\\/site\\\/2021\\\/06\\\/21\\\/empresas-devem-fazer-o-licenciamento-junto-ao-corpo-de-bombeiros\\\/#primaryimage\"},\"thumbnailUrl\":\"https:\\\/\\\/marcelolopes.jor.br\\\/site\\\/wp-content\\\/uploads\\\/2021\\\/06\\\/Novo-fardamento-01-700x500.jpg\",\"keywords\":[\"corpo de bombeiros\",\"empresas\",\"licenciamento\",\"REDESIM\"],\"articleSection\":[\"Not\u00edcias\"],\"inLanguage\":\"pt-BR\",\"potentialAction\":[{\"@type\":\"CommentAction\",\"name\":\"Comment\",\"target\":[\"https:\\\/\\\/marcelolopes.jor.br\\\/site\\\/2021\\\/06\\\/21\\\/empresas-devem-fazer-o-licenciamento-junto-ao-corpo-de-bombeiros\\\/#respond\"]}]},{\"@type\":\"WebPage\",\"@id\":\"https:\\\/\\\/marcelolopes.jor.br\\\/site\\\/2021\\\/06\\\/21\\\/empresas-devem-fazer-o-licenciamento-junto-ao-corpo-de-bombeiros\\\/\",\"url\":\"https:\\\/\\\/marcelolopes.jor.br\\\/site\\\/2021\\\/06\\\/21\\\/empresas-devem-fazer-o-licenciamento-junto-ao-corpo-de-bombeiros\\\/\",\"name\":\"Empresas devem fazer o licenciamento junto ao Corpo de Bombeiros | Marcelo Lopes\",\"isPartOf\":{\"@id\":\"https:\\\/\\\/marcelolopes.jor.br\\\/site\\\/#website\"},\"primaryImageOfPage\":{\"@id\":\"https:\\\/\\\/marcelolopes.jor.br\\\/site\\\/2021\\\/06\\\/21\\\/empresas-devem-fazer-o-licenciamento-junto-ao-corpo-de-bombeiros\\\/#primaryimage\"},\"image\":{\"@id\":\"https:\\\/\\\/marcelolopes.jor.br\\\/site\\\/2021\\\/06\\\/21\\\/empresas-devem-fazer-o-licenciamento-junto-ao-corpo-de-bombeiros\\\/#primaryimage\"},\"thumbnailUrl\":\"https:\\\/\\\/marcelolopes.jor.br\\\/site\\\/wp-content\\\/uploads\\\/2021\\\/06\\\/Novo-fardamento-01-700x500.jpg\",\"datePublished\":\"2021-06-21T19:00:18+00:00\",\"breadcrumb\":{\"@id\":\"https:\\\/\\\/marcelolopes.jor.br\\\/site\\\/2021\\\/06\\\/21\\\/empresas-devem-fazer-o-licenciamento-junto-ao-corpo-de-bombeiros\\\/#breadcrumb\"},\"inLanguage\":\"pt-BR\",\"potentialAction\":[{\"@type\":\"ReadAction\",\"target\":[\"https:\\\/\\\/marcelolopes.jor.br\\\/site\\\/2021\\\/06\\\/21\\\/empresas-devem-fazer-o-licenciamento-junto-ao-corpo-de-bombeiros\\\/\"]}]},{\"@type\":\"ImageObject\",\"inLanguage\":\"pt-BR\",\"@id\":\"https:\\\/\\\/marcelolopes.jor.br\\\/site\\\/2021\\\/06\\\/21\\\/empresas-devem-fazer-o-licenciamento-junto-ao-corpo-de-bombeiros\\\/#primaryimage\",\"url\":\"https:\\\/\\\/marcelolopes.jor.br\\\/site\\\/wp-content\\\/uploads\\\/2021\\\/06\\\/Novo-fardamento-01-700x500.jpg\",\"contentUrl\":\"https:\\\/\\\/marcelolopes.jor.br\\\/site\\\/wp-content\\\/uploads\\\/2021\\\/06\\\/Novo-fardamento-01-700x500.jpg\",\"width\":800,\"height\":529},{\"@type\":\"BreadcrumbList\",\"@id\":\"https:\\\/\\\/marcelolopes.jor.br\\\/site\\\/2021\\\/06\\\/21\\\/empresas-devem-fazer-o-licenciamento-junto-ao-corpo-de-bombeiros\\\/#breadcrumb\",\"itemListElement\":[{\"@type\":\"ListItem\",\"position\":1,\"name\":\"Home\",\"item\":\"https:\\\/\\\/marcelolopes.jor.br\\\/site\\\/\"},{\"@type\":\"ListItem\",\"position\":2,\"name\":\"Empresas devem fazer o licenciamento junto ao Corpo de Bombeiros\"}]},{\"@type\":\"WebSite\",\"@id\":\"https:\\\/\\\/marcelolopes.jor.br\\\/site\\\/#website\",\"url\":\"https:\\\/\\\/marcelolopes.jor.br\\\/site\\\/\",\"name\":\"Marcelo Lopes\",\"description\":\"Not\u00edcias de Cataguases e Regi\u00e3o\",\"publisher\":{\"@id\":\"https:\\\/\\\/marcelolopes.jor.br\\\/site\\\/#organization\"},\"potentialAction\":[{\"@type\":\"SearchAction\",\"target\":{\"@type\":\"EntryPoint\",\"urlTemplate\":\"https:\\\/\\\/marcelolopes.jor.br\\\/site\\\/?s={search_term_string}\"},\"query-input\":{\"@type\":\"PropertyValueSpecification\",\"valueRequired\":true,\"valueName\":\"search_term_string\"}}],\"inLanguage\":\"pt-BR\"},{\"@type\":\"Organization\",\"@id\":\"https:\\\/\\\/marcelolopes.jor.br\\\/site\\\/#organization\",\"name\":\"Site do Marcelo Lopes\",\"url\":\"https:\\\/\\\/marcelolopes.jor.br\\\/site\\\/\",\"logo\":{\"@type\":\"ImageObject\",\"inLanguage\":\"pt-BR\",\"@id\":\"https:\\\/\\\/marcelolopes.jor.br\\\/site\\\/#\\\/schema\\\/logo\\\/image\\\/\",\"url\":\"https:\\\/\\\/marcelolopes.jor.br\\\/site\\\/wp-content\\\/uploads\\\/2024\\\/11\\\/logo-1.png\",\"contentUrl\":\"https:\\\/\\\/marcelolopes.jor.br\\\/site\\\/wp-content\\\/uploads\\\/2024\\\/11\\\/logo-1.png\",\"width\":475,\"height\":80,\"caption\":\"Site do Marcelo Lopes\"},\"image\":{\"@id\":\"https:\\\/\\\/marcelolopes.jor.br\\\/site\\\/#\\\/schema\\\/logo\\\/image\\\/\"},\"sameAs\":[\"https:\\\/\\\/www.facebook.com\\\/sitedomarcelolopes\",\"https:\\\/\\\/www.instagram.com\\\/sitedomarcelolopes\\\/\",\"https:\\\/\\\/www.linkedin.com\\\/company\\\/site-do-marcelo-lopes\\\/\",\"https:\\\/\\\/www.youtube.com\\\/user\\\/marcelolopes957\"]},{\"@type\":\"Person\",\"@id\":\"https:\\\/\\\/marcelolopes.jor.br\\\/site\\\/#\\\/schema\\\/person\\\/3e7216a35c34d8fdf952b31da3d1f89f\",\"name\":\"Marcelo Lopes\",\"sameAs\":[\"http:\\\/\\\/www.marcelolopes.jor.br\"],\"url\":\"https:\\\/\\\/marcelolopes.jor.br\\\/site\\\/author\\\/marcelo\\\/\"}]}<\/script>\n<!-- \/ Yoast SEO plugin. -->","yoast_head_json":{"title":"Empresas devem fazer o licenciamento junto ao Corpo de Bombeiros | Marcelo Lopes","robots":{"index":"index","follow":"follow","max-snippet":"max-snippet:-1","max-image-preview":"max-image-preview:large","max-video-preview":"max-video-preview:-1"},"canonical":"https:\/\/marcelolopes.jor.br\/site\/2021\/06\/21\/empresas-devem-fazer-o-licenciamento-junto-ao-corpo-de-bombeiros\/","og_locale":"pt_BR","og_type":"article","og_title":"Empresas devem fazer o licenciamento junto ao Corpo de Bombeiros | Marcelo Lopes","og_description":"Adequar o seu empreendimento seguindo as orienta\u00e7\u00f5es do Corpo de Bombeiros Militar de Minas Gerais, \u00e9 mais uma campanha que vem sendo implementada por aquela Corpora\u00e7\u00e3o em todo o estado de Minas Gerais. Neste sentido as empresas devem declarar informa\u00e7\u00f5esLeia mais Empresas devem fazer o licenciamento junto ao Corpo de Bombeiros","og_url":"https:\/\/marcelolopes.jor.br\/site\/2021\/06\/21\/empresas-devem-fazer-o-licenciamento-junto-ao-corpo-de-bombeiros\/","og_site_name":"Marcelo Lopes","article_publisher":"https:\/\/www.facebook.com\/sitedomarcelolopes","article_published_time":"2021-06-21T19:00:18+00:00","og_image":[{"width":800,"height":529,"url":"https:\/\/marcelolopes.jor.br\/site\/wp-content\/uploads\/2021\/06\/Novo-fardamento-01-700x500.jpg","type":"image\/jpeg"}],"author":"Marcelo Lopes","twitter_card":"summary_large_image","twitter_misc":{"Escrito por":"Marcelo Lopes","Est. tempo de leitura":"2 minutos"},"schema":{"@context":"https:\/\/schema.org","@graph":[{"@type":"NewsArticle","@id":"https:\/\/marcelolopes.jor.br\/site\/2021\/06\/21\/empresas-devem-fazer-o-licenciamento-junto-ao-corpo-de-bombeiros\/#article","isPartOf":{"@id":"https:\/\/marcelolopes.jor.br\/site\/2021\/06\/21\/empresas-devem-fazer-o-licenciamento-junto-ao-corpo-de-bombeiros\/"},"author":{"name":"Marcelo Lopes","@id":"https:\/\/marcelolopes.jor.br\/site\/#\/schema\/person\/3e7216a35c34d8fdf952b31da3d1f89f"},"headline":"Empresas devem fazer o licenciamento junto ao Corpo de Bombeiros","datePublished":"2021-06-21T19:00:18+00:00","mainEntityOfPage":{"@id":"https:\/\/marcelolopes.jor.br\/site\/2021\/06\/21\/empresas-devem-fazer-o-licenciamento-junto-ao-corpo-de-bombeiros\/"},"wordCount":314,"commentCount":0,"publisher":{"@id":"https:\/\/marcelolopes.jor.br\/site\/#organization"},"image":{"@id":"https:\/\/marcelolopes.jor.br\/site\/2021\/06\/21\/empresas-devem-fazer-o-licenciamento-junto-ao-corpo-de-bombeiros\/#primaryimage"},"thumbnailUrl":"https:\/\/marcelolopes.jor.br\/site\/wp-content\/uploads\/2021\/06\/Novo-fardamento-01-700x500.jpg","keywords":["corpo de bombeiros","empresas","licenciamento","REDESIM"],"articleSection":["Not\u00edcias"],"inLanguage":"pt-BR","potentialAction":[{"@type":"CommentAction","name":"Comment","target":["https:\/\/marcelolopes.jor.br\/site\/2021\/06\/21\/empresas-devem-fazer-o-licenciamento-junto-ao-corpo-de-bombeiros\/#respond"]}]},{"@type":"WebPage","@id":"https:\/\/marcelolopes.jor.br\/site\/2021\/06\/21\/empresas-devem-fazer-o-licenciamento-junto-ao-corpo-de-bombeiros\/","url":"https:\/\/marcelolopes.jor.br\/site\/2021\/06\/21\/empresas-devem-fazer-o-licenciamento-junto-ao-corpo-de-bombeiros\/","name":"Empresas devem fazer o licenciamento junto ao Corpo de Bombeiros | Marcelo Lopes","isPartOf":{"@id":"https:\/\/marcelolopes.jor.br\/site\/#website"},"primaryImageOfPage":{"@id":"https:\/\/marcelolopes.jor.br\/site\/2021\/06\/21\/empresas-devem-fazer-o-licenciamento-junto-ao-corpo-de-bombeiros\/#primaryimage"},"image":{"@id":"https:\/\/marcelolopes.jor.br\/site\/2021\/06\/21\/empresas-devem-fazer-o-licenciamento-junto-ao-corpo-de-bombeiros\/#primaryimage"},"thumbnailUrl":"https:\/\/marcelolopes.jor.br\/site\/wp-content\/uploads\/2021\/06\/Novo-fardamento-01-700x500.jpg","datePublished":"2021-06-21T19:00:18+00:00","breadcrumb":{"@id":"https:\/\/marcelolopes.jor.br\/site\/2021\/06\/21\/empresas-devem-fazer-o-licenciamento-junto-ao-corpo-de-bombeiros\/#breadcrumb"},"inLanguage":"pt-BR","potentialAction":[{"@type":"ReadAction","target":["https:\/\/marcelolopes.jor.br\/site\/2021\/06\/21\/empresas-devem-fazer-o-licenciamento-junto-ao-corpo-de-bombeiros\/"]}]},{"@type":"ImageObject","inLanguage":"pt-BR","@id":"https:\/\/marcelolopes.jor.br\/site\/2021\/06\/21\/empresas-devem-fazer-o-licenciamento-junto-ao-corpo-de-bombeiros\/#primaryimage","url":"https:\/\/marcelolopes.jor.br\/site\/wp-content\/uploads\/2021\/06\/Novo-fardamento-01-700x500.jpg","contentUrl":"https:\/\/marcelolopes.jor.br\/site\/wp-content\/uploads\/2021\/06\/Novo-fardamento-01-700x500.jpg","width":800,"height":529},{"@type":"BreadcrumbList","@id":"https:\/\/marcelolopes.jor.br\/site\/2021\/06\/21\/empresas-devem-fazer-o-licenciamento-junto-ao-corpo-de-bombeiros\/#breadcrumb","itemListElement":[{"@type":"ListItem","position":1,"name":"Home","item":"https:\/\/marcelolopes.jor.br\/site\/"},{"@type":"ListItem","position":2,"name":"Empresas devem fazer o licenciamento junto ao Corpo de Bombeiros"}]},{"@type":"WebSite","@id":"https:\/\/marcelolopes.jor.br\/site\/#website","url":"https:\/\/marcelolopes.jor.br\/site\/","name":"Marcelo Lopes","description":"Not\u00edcias de Cataguases e Regi\u00e3o","publisher":{"@id":"https:\/\/marcelolopes.jor.br\/site\/#organization"},"potentialAction":[{"@type":"SearchAction","target":{"@type":"EntryPoint","urlTemplate":"https:\/\/marcelolopes.jor.br\/site\/?s={search_term_string}"},"query-input":{"@type":"PropertyValueSpecification","valueRequired":true,"valueName":"search_term_string"}}],"inLanguage":"pt-BR"},{"@type":"Organization","@id":"https:\/\/marcelolopes.jor.br\/site\/#organization","name":"Site do Marcelo Lopes","url":"https:\/\/marcelolopes.jor.br\/site\/","logo":{"@type":"ImageObject","inLanguage":"pt-BR","@id":"https:\/\/marcelolopes.jor.br\/site\/#\/schema\/logo\/image\/","url":"https:\/\/marcelolopes.jor.br\/site\/wp-content\/uploads\/2024\/11\/logo-1.png","contentUrl":"https:\/\/marcelolopes.jor.br\/site\/wp-content\/uploads\/2024\/11\/logo-1.png","width":475,"height":80,"caption":"Site do Marcelo Lopes"},"image":{"@id":"https:\/\/marcelolopes.jor.br\/site\/#\/schema\/logo\/image\/"},"sameAs":["https:\/\/www.facebook.com\/sitedomarcelolopes","https:\/\/www.instagram.com\/sitedomarcelolopes\/","https:\/\/www.linkedin.com\/company\/site-do-marcelo-lopes\/","https:\/\/www.youtube.com\/user\/marcelolopes957"]},{"@type":"Person","@id":"https:\/\/marcelolopes.jor.br\/site\/#\/schema\/person\/3e7216a35c34d8fdf952b31da3d1f89f","name":"Marcelo Lopes","sameAs":["http:\/\/www.marcelolopes.jor.br"],"url":"https:\/\/marcelolopes.jor.br\/site\/author\/marcelo\/"}]}},"wps_subtitle":"Campanha neste sentido vem sendo implementada em todo o estado de Minas Gerais.","_links":{"self":[{"href":"https:\/\/marcelolopes.jor.br\/site\/wp-json\/wp\/v2\/posts\/24669","targetHints":{"allow":["GET"]}}],"collection":[{"href":"https:\/\/marcelolopes.jor.br\/site\/wp-json\/wp\/v2\/posts"}],"about":[{"href":"https:\/\/marcelolopes.jor.br\/site\/wp-json\/wp\/v2\/types\/post"}],"author":[{"embeddable":true,"href":"https:\/\/marcelolopes.jor.br\/site\/wp-json\/wp\/v2\/users\/2"}],"replies":[{"embeddable":true,"href":"https:\/\/marcelolopes.jor.br\/site\/wp-json\/wp\/v2\/comments?post=24669"}],"version-history":[{"count":0,"href":"https:\/\/marcelolopes.jor.br\/site\/wp-json\/wp\/v2\/posts\/24669\/revisions"}],"wp:featuredmedia":[{"embeddable":true,"href":"https:\/\/marcelolopes.jor.br\/site\/wp-json\/wp\/v2\/media\/24671"}],"wp:attachment":[{"href":"https:\/\/marcelolopes.jor.br\/site\/wp-json\/wp\/v2\/media?parent=24669"}],"wp:term":[{"taxonomy":"category","embeddable":true,"href":"https:\/\/marcelolopes.jor.br\/site\/wp-json\/wp\/v2\/categories?post=24669"},{"taxonomy":"post_tag","embeddable":true,"href":"https:\/\/marcelolopes.jor.br\/site\/wp-json\/wp\/v2\/tags?post=24669"}],"curies":[{"name":"wp","href":"https:\/\/api.w.org\/{rel}","templated":true}]}}