{"id":24561,"date":"2021-06-17T07:00:19","date_gmt":"2021-06-17T10:00:19","guid":{"rendered":"https:\/\/marcelolopes.jor.br\/?p=24561"},"modified":"2023-05-10T10:23:26","modified_gmt":"2023-05-10T13:23:26","slug":"homem-morre-apos-ser-atropelado-proximo-ao-trevo-de-laranjal","status":"publish","type":"post","link":"https:\/\/marcelolopes.jor.br\/site\/2021\/06\/17\/homem-morre-apos-ser-atropelado-proximo-ao-trevo-de-laranjal\/","title":{"rendered":"Homem morre ap\u00f3s ser atropelado pr\u00f3ximo ao trevo de Laranjal"},"content":{"rendered":"<p style=\"text-align: justify;\">Um homem morreu atropelado por uma carreta na tarde desta quarta-feira, 16 de junho, na BR-116, pr\u00f3ximo a Laranjal. Segundo informou a R\u00e1dio Muria\u00e9, Claro da Rosa Brum tinha 61 anos e era natural daquela cidade.<!--more--><\/p>\n<p style=\"text-align: justify;\"><a href=\"http:\/\/www.agenciaram.com.br\"><img loading=\"lazy\" decoding=\"async\" class=\"aligncenter wp-image-24234 size-full\" src=\"https:\/\/marcelolopes.jor.br\/site\/wp-content\/uploads\/2021\/06\/Banner-Ag\u00eancia-RAM.jpeg\" alt=\"\" width=\"800\" height=\"214\" srcset=\"https:\/\/marcelolopes.jor.br\/site\/wp-content\/uploads\/2021\/06\/Banner-Ag\u00eancia-RAM.jpeg 800w, https:\/\/marcelolopes.jor.br\/site\/wp-content\/uploads\/2021\/06\/Banner-Ag\u00eancia-RAM-300x80.jpeg 300w, https:\/\/marcelolopes.jor.br\/site\/wp-content\/uploads\/2021\/06\/Banner-Ag\u00eancia-RAM-768x205.jpeg 768w\" sizes=\"auto, (max-width: 800px) 100vw, 800px\" \/><\/a>A Pol\u00edcia Rodovi\u00e1ria Federal que atua em Leopoldina foi at\u00e9 o local e colheu as primeiras informa\u00e7\u00f5es. A Per\u00edcia Criminal da Pol\u00edcia Civil tamb\u00e9m compareceu e ir\u00e1 investigar as causas do atropelamento.<\/p>\n<p style=\"text-align: justify;\">At\u00e9 o fechamento desta mat\u00e9ria n\u00e3o havia sido divulgada a din\u00e2mica do acidente e a ocorr\u00eancia estava em andamento.<\/p>\n<p style=\"text-align: justify;\">Fonte e fotos: R\u00e1dio Muria\u00e9<\/p>\n<div class=\"vhjwm69f72e6c31978\" ><br><\/div><style type=\"text\/css\">\r\n@media screen and (min-width: 1201px) {\r\n.vhjwm69f72e6c31978 {\r\ndisplay: block;\r\n}\r\n}\r\n@media screen and (min-width: 993px) and (max-width: 1200px) {\r\n.vhjwm69f72e6c31978 {\r\ndisplay: block;\r\n}\r\n}\r\n@media screen and (min-width: 769px) and (max-width: 992px) {\r\n.vhjwm69f72e6c31978 {\r\ndisplay: block;\r\n}\r\n}\r\n@media screen and (min-width: 768px) and (max-width: 768px) {\r\n.vhjwm69f72e6c31978 {\r\ndisplay: block;\r\n}\r\n}\r\n@media screen and (max-width: 767px) {\r\n.vhjwm69f72e6c31978 {\r\ndisplay: block;\r\n}\r\n}\r\n<\/style>\r\n<div class=\"ahfhd69f72e6c368c4\" ><div id=\"div_destino\"><\/div>\r\n<script src=\"https:\/\/cdn.snsrsv.com\/sdk.js\"><\/script>\r\n<script >\r\n      new sdk(\"464030C30061EA8BE065000000000001\") \r\n          .appendTo(\"div_destino\")\r\n          .disableStyle(true) \r\n          .setCacheBusterMacro(\"%%CACHEBUSTER%%\")\r\n          .setSize(\"800\",\"214\")\r\n          .setClickMacro(\"%%CLICK_URL_ESC%%\") \r\n          .setReferrerUrlMacro(\"%%REFERRER_URL_ESC%%\") \r\n          .start(); \r\n<\/script><\/div><style type=\"text\/css\">\r\n@media screen and (min-width: 1201px) {\r\n.ahfhd69f72e6c368c4 {\r\ndisplay: block;\r\n}\r\n}\r\n@media screen and (min-width: 993px) and (max-width: 1200px) {\r\n.ahfhd69f72e6c368c4 {\r\ndisplay: block;\r\n}\r\n}\r\n@media screen and (min-width: 769px) and (max-width: 992px) {\r\n.ahfhd69f72e6c368c4 {\r\ndisplay: block;\r\n}\r\n}\r\n@media screen and (min-width: 768px) and (max-width: 768px) {\r\n.ahfhd69f72e6c368c4 {\r\ndisplay: block;\r\n}\r\n}\r\n@media screen and (max-width: 767px) {\r\n.ahfhd69f72e6c368c4 {\r\ndisplay: block;\r\n}\r\n}\r\n<\/style>\r\n","protected":false},"excerpt":{"rendered":"<p>Um homem morreu atropelado por uma carreta na tarde desta quarta-feira, 16 de junho, na BR-116, pr\u00f3ximo a Laranjal. Segundo informou a R\u00e1dio Muria\u00e9, Claro da Rosa Brum tinha 61 anos e era natural daquela cidade.<\/p>\n","protected":false},"author":2,"featured_media":24563,"comment_status":"open","ping_status":"open","sticky":false,"template":"","format":"standard","meta":{"footnotes":""},"categories":[1],"tags":[124,980,142,187],"class_list":["post-24561","post","type-post","status-publish","format-standard","has-post-thumbnail","hentry","category-noticias","tag-acidente","tag-atropelamento","tag-br-116","tag-laranjal","thumb-below-title"],"yoast_head":"<!-- This site is optimized with the Yoast SEO plugin v27.4 - https:\/\/yoast.com\/product\/yoast-seo-wordpress\/ -->\n<title>Homem morre ap\u00f3s ser atropelado pr\u00f3ximo ao trevo de Laranjal<\/title>\n<meta name=\"description\" content=\"Homem morre ap\u00f3s ser atropelado pr\u00f3ximo ao trevo de Laranjal. Acidente aconteceu na BR-116, mas os detalhes ainda est\u00e3o sendo apurados.\" \/>\n<meta name=\"robots\" content=\"index, follow, max-snippet:-1, max-image-preview:large, max-video-preview:-1\" \/>\n<link rel=\"canonical\" href=\"https:\/\/marcelolopes.jor.br\/site\/2021\/06\/17\/homem-morre-apos-ser-atropelado-proximo-ao-trevo-de-laranjal\/\" \/>\n<meta property=\"og:locale\" content=\"pt_BR\" \/>\n<meta property=\"og:type\" content=\"article\" \/>\n<meta property=\"og:title\" content=\"Homem morre ap\u00f3s ser atropelado pr\u00f3ximo ao trevo de Laranjal\" \/>\n<meta property=\"og:description\" content=\"Homem morre ap\u00f3s ser atropelado pr\u00f3ximo ao trevo de Laranjal. Acidente aconteceu na BR-116, mas os detalhes ainda est\u00e3o sendo apurados.\" \/>\n<meta property=\"og:url\" content=\"https:\/\/marcelolopes.jor.br\/site\/2021\/06\/17\/homem-morre-apos-ser-atropelado-proximo-ao-trevo-de-laranjal\/\" \/>\n<meta property=\"og:site_name\" content=\"Marcelo Lopes\" \/>\n<meta property=\"article:publisher\" content=\"https:\/\/www.facebook.com\/sitedomarcelolopes\" \/>\n<meta property=\"article:published_time\" content=\"2021-06-17T10:00:19+00:00\" \/>\n<meta property=\"article:modified_time\" content=\"2023-05-10T13:23:26+00:00\" \/>\n<meta property=\"og:image\" content=\"https:\/\/marcelolopes.jor.br\/site\/wp-content\/uploads\/2021\/06\/d001c1a4c1073a4caecbd9936c2db181.CAPA_.jpeg\" \/>\n\t<meta property=\"og:image:width\" content=\"700\" \/>\n\t<meta property=\"og:image:height\" content=\"524\" \/>\n\t<meta property=\"og:image:type\" content=\"image\/jpeg\" \/>\n<meta name=\"author\" content=\"Marcelo Lopes\" \/>\n<meta name=\"twitter:card\" content=\"summary_large_image\" \/>\n<meta name=\"twitter:label1\" content=\"Escrito por\" \/>\n\t<meta name=\"twitter:data1\" content=\"Marcelo Lopes\" \/>\n\t<meta name=\"twitter:label2\" content=\"Est. tempo de leitura\" \/>\n\t<meta name=\"twitter:data2\" content=\"1 minuto\" \/>\n<script type=\"application\/ld+json\" class=\"yoast-schema-graph\">{\"@context\":\"https:\\\/\\\/schema.org\",\"@graph\":[{\"@type\":\"NewsArticle\",\"@id\":\"https:\\\/\\\/marcelolopes.jor.br\\\/site\\\/2021\\\/06\\\/17\\\/homem-morre-apos-ser-atropelado-proximo-ao-trevo-de-laranjal\\\/#article\",\"isPartOf\":{\"@id\":\"https:\\\/\\\/marcelolopes.jor.br\\\/site\\\/2021\\\/06\\\/17\\\/homem-morre-apos-ser-atropelado-proximo-ao-trevo-de-laranjal\\\/\"},\"author\":{\"name\":\"Marcelo Lopes\",\"@id\":\"https:\\\/\\\/marcelolopes.jor.br\\\/site\\\/#\\\/schema\\\/person\\\/3e7216a35c34d8fdf952b31da3d1f89f\"},\"headline\":\"Homem morre ap\u00f3s ser atropelado pr\u00f3ximo ao trevo de Laranjal\",\"datePublished\":\"2021-06-17T10:00:19+00:00\",\"dateModified\":\"2023-05-10T13:23:26+00:00\",\"mainEntityOfPage\":{\"@id\":\"https:\\\/\\\/marcelolopes.jor.br\\\/site\\\/2021\\\/06\\\/17\\\/homem-morre-apos-ser-atropelado-proximo-ao-trevo-de-laranjal\\\/\"},\"wordCount\":115,\"commentCount\":0,\"publisher\":{\"@id\":\"https:\\\/\\\/marcelolopes.jor.br\\\/site\\\/#organization\"},\"image\":{\"@id\":\"https:\\\/\\\/marcelolopes.jor.br\\\/site\\\/2021\\\/06\\\/17\\\/homem-morre-apos-ser-atropelado-proximo-ao-trevo-de-laranjal\\\/#primaryimage\"},\"thumbnailUrl\":\"https:\\\/\\\/marcelolopes.jor.br\\\/site\\\/wp-content\\\/uploads\\\/2021\\\/06\\\/d001c1a4c1073a4caecbd9936c2db181.CAPA_.jpeg\",\"keywords\":[\"acidente\",\"atropelamento\",\"BR-116\",\"Laranjal\"],\"articleSection\":[\"Not\u00edcias\"],\"inLanguage\":\"pt-BR\",\"potentialAction\":[{\"@type\":\"CommentAction\",\"name\":\"Comment\",\"target\":[\"https:\\\/\\\/marcelolopes.jor.br\\\/site\\\/2021\\\/06\\\/17\\\/homem-morre-apos-ser-atropelado-proximo-ao-trevo-de-laranjal\\\/#respond\"]}]},{\"@type\":\"WebPage\",\"@id\":\"https:\\\/\\\/marcelolopes.jor.br\\\/site\\\/2021\\\/06\\\/17\\\/homem-morre-apos-ser-atropelado-proximo-ao-trevo-de-laranjal\\\/\",\"url\":\"https:\\\/\\\/marcelolopes.jor.br\\\/site\\\/2021\\\/06\\\/17\\\/homem-morre-apos-ser-atropelado-proximo-ao-trevo-de-laranjal\\\/\",\"name\":\"Homem morre ap\u00f3s ser atropelado pr\u00f3ximo ao trevo de Laranjal\",\"isPartOf\":{\"@id\":\"https:\\\/\\\/marcelolopes.jor.br\\\/site\\\/#website\"},\"primaryImageOfPage\":{\"@id\":\"https:\\\/\\\/marcelolopes.jor.br\\\/site\\\/2021\\\/06\\\/17\\\/homem-morre-apos-ser-atropelado-proximo-ao-trevo-de-laranjal\\\/#primaryimage\"},\"image\":{\"@id\":\"https:\\\/\\\/marcelolopes.jor.br\\\/site\\\/2021\\\/06\\\/17\\\/homem-morre-apos-ser-atropelado-proximo-ao-trevo-de-laranjal\\\/#primaryimage\"},\"thumbnailUrl\":\"https:\\\/\\\/marcelolopes.jor.br\\\/site\\\/wp-content\\\/uploads\\\/2021\\\/06\\\/d001c1a4c1073a4caecbd9936c2db181.CAPA_.jpeg\",\"datePublished\":\"2021-06-17T10:00:19+00:00\",\"dateModified\":\"2023-05-10T13:23:26+00:00\",\"description\":\"Homem morre ap\u00f3s ser atropelado pr\u00f3ximo ao trevo de Laranjal. Acidente aconteceu na BR-116, mas os detalhes ainda est\u00e3o sendo apurados.\",\"breadcrumb\":{\"@id\":\"https:\\\/\\\/marcelolopes.jor.br\\\/site\\\/2021\\\/06\\\/17\\\/homem-morre-apos-ser-atropelado-proximo-ao-trevo-de-laranjal\\\/#breadcrumb\"},\"inLanguage\":\"pt-BR\",\"potentialAction\":[{\"@type\":\"ReadAction\",\"target\":[\"https:\\\/\\\/marcelolopes.jor.br\\\/site\\\/2021\\\/06\\\/17\\\/homem-morre-apos-ser-atropelado-proximo-ao-trevo-de-laranjal\\\/\"]}]},{\"@type\":\"ImageObject\",\"inLanguage\":\"pt-BR\",\"@id\":\"https:\\\/\\\/marcelolopes.jor.br\\\/site\\\/2021\\\/06\\\/17\\\/homem-morre-apos-ser-atropelado-proximo-ao-trevo-de-laranjal\\\/#primaryimage\",\"url\":\"https:\\\/\\\/marcelolopes.jor.br\\\/site\\\/wp-content\\\/uploads\\\/2021\\\/06\\\/d001c1a4c1073a4caecbd9936c2db181.CAPA_.jpeg\",\"contentUrl\":\"https:\\\/\\\/marcelolopes.jor.br\\\/site\\\/wp-content\\\/uploads\\\/2021\\\/06\\\/d001c1a4c1073a4caecbd9936c2db181.CAPA_.jpeg\",\"width\":700,\"height\":524,\"caption\":\"Homem morre ap\u00f3s ser\"},{\"@type\":\"BreadcrumbList\",\"@id\":\"https:\\\/\\\/marcelolopes.jor.br\\\/site\\\/2021\\\/06\\\/17\\\/homem-morre-apos-ser-atropelado-proximo-ao-trevo-de-laranjal\\\/#breadcrumb\",\"itemListElement\":[{\"@type\":\"ListItem\",\"position\":1,\"name\":\"Home\",\"item\":\"https:\\\/\\\/marcelolopes.jor.br\\\/site\\\/\"},{\"@type\":\"ListItem\",\"position\":2,\"name\":\"Homem morre ap\u00f3s ser atropelado pr\u00f3ximo ao trevo de Laranjal\"}]},{\"@type\":\"WebSite\",\"@id\":\"https:\\\/\\\/marcelolopes.jor.br\\\/site\\\/#website\",\"url\":\"https:\\\/\\\/marcelolopes.jor.br\\\/site\\\/\",\"name\":\"Marcelo Lopes\",\"description\":\"Not\u00edcias de Cataguases e Regi\u00e3o\",\"publisher\":{\"@id\":\"https:\\\/\\\/marcelolopes.jor.br\\\/site\\\/#organization\"},\"potentialAction\":[{\"@type\":\"SearchAction\",\"target\":{\"@type\":\"EntryPoint\",\"urlTemplate\":\"https:\\\/\\\/marcelolopes.jor.br\\\/site\\\/?s={search_term_string}\"},\"query-input\":{\"@type\":\"PropertyValueSpecification\",\"valueRequired\":true,\"valueName\":\"search_term_string\"}}],\"inLanguage\":\"pt-BR\"},{\"@type\":\"Organization\",\"@id\":\"https:\\\/\\\/marcelolopes.jor.br\\\/site\\\/#organization\",\"name\":\"Site do Marcelo Lopes\",\"url\":\"https:\\\/\\\/marcelolopes.jor.br\\\/site\\\/\",\"logo\":{\"@type\":\"ImageObject\",\"inLanguage\":\"pt-BR\",\"@id\":\"https:\\\/\\\/marcelolopes.jor.br\\\/site\\\/#\\\/schema\\\/logo\\\/image\\\/\",\"url\":\"https:\\\/\\\/marcelolopes.jor.br\\\/site\\\/wp-content\\\/uploads\\\/2024\\\/11\\\/logo-1.png\",\"contentUrl\":\"https:\\\/\\\/marcelolopes.jor.br\\\/site\\\/wp-content\\\/uploads\\\/2024\\\/11\\\/logo-1.png\",\"width\":475,\"height\":80,\"caption\":\"Site do Marcelo Lopes\"},\"image\":{\"@id\":\"https:\\\/\\\/marcelolopes.jor.br\\\/site\\\/#\\\/schema\\\/logo\\\/image\\\/\"},\"sameAs\":[\"https:\\\/\\\/www.facebook.com\\\/sitedomarcelolopes\",\"https:\\\/\\\/www.instagram.com\\\/sitedomarcelolopes\\\/\",\"https:\\\/\\\/www.linkedin.com\\\/company\\\/site-do-marcelo-lopes\\\/\",\"https:\\\/\\\/www.youtube.com\\\/user\\\/marcelolopes957\"]},{\"@type\":\"Person\",\"@id\":\"https:\\\/\\\/marcelolopes.jor.br\\\/site\\\/#\\\/schema\\\/person\\\/3e7216a35c34d8fdf952b31da3d1f89f\",\"name\":\"Marcelo Lopes\",\"sameAs\":[\"http:\\\/\\\/www.marcelolopes.jor.br\"],\"url\":\"https:\\\/\\\/marcelolopes.jor.br\\\/site\\\/author\\\/marcelo\\\/\"}]}<\/script>\n<!-- \/ Yoast SEO plugin. -->","yoast_head_json":{"title":"Homem morre ap\u00f3s ser atropelado pr\u00f3ximo ao trevo de Laranjal","description":"Homem morre ap\u00f3s ser atropelado pr\u00f3ximo ao trevo de Laranjal. Acidente aconteceu na BR-116, mas os detalhes ainda est\u00e3o sendo apurados.","robots":{"index":"index","follow":"follow","max-snippet":"max-snippet:-1","max-image-preview":"max-image-preview:large","max-video-preview":"max-video-preview:-1"},"canonical":"https:\/\/marcelolopes.jor.br\/site\/2021\/06\/17\/homem-morre-apos-ser-atropelado-proximo-ao-trevo-de-laranjal\/","og_locale":"pt_BR","og_type":"article","og_title":"Homem morre ap\u00f3s ser atropelado pr\u00f3ximo ao trevo de Laranjal","og_description":"Homem morre ap\u00f3s ser atropelado pr\u00f3ximo ao trevo de Laranjal. Acidente aconteceu na BR-116, mas os detalhes ainda est\u00e3o sendo apurados.","og_url":"https:\/\/marcelolopes.jor.br\/site\/2021\/06\/17\/homem-morre-apos-ser-atropelado-proximo-ao-trevo-de-laranjal\/","og_site_name":"Marcelo Lopes","article_publisher":"https:\/\/www.facebook.com\/sitedomarcelolopes","article_published_time":"2021-06-17T10:00:19+00:00","article_modified_time":"2023-05-10T13:23:26+00:00","og_image":[{"width":700,"height":524,"url":"https:\/\/marcelolopes.jor.br\/site\/wp-content\/uploads\/2021\/06\/d001c1a4c1073a4caecbd9936c2db181.CAPA_.jpeg","type":"image\/jpeg"}],"author":"Marcelo Lopes","twitter_card":"summary_large_image","twitter_misc":{"Escrito por":"Marcelo Lopes","Est. tempo de leitura":"1 minuto"},"schema":{"@context":"https:\/\/schema.org","@graph":[{"@type":"NewsArticle","@id":"https:\/\/marcelolopes.jor.br\/site\/2021\/06\/17\/homem-morre-apos-ser-atropelado-proximo-ao-trevo-de-laranjal\/#article","isPartOf":{"@id":"https:\/\/marcelolopes.jor.br\/site\/2021\/06\/17\/homem-morre-apos-ser-atropelado-proximo-ao-trevo-de-laranjal\/"},"author":{"name":"Marcelo Lopes","@id":"https:\/\/marcelolopes.jor.br\/site\/#\/schema\/person\/3e7216a35c34d8fdf952b31da3d1f89f"},"headline":"Homem morre ap\u00f3s ser atropelado pr\u00f3ximo ao trevo de Laranjal","datePublished":"2021-06-17T10:00:19+00:00","dateModified":"2023-05-10T13:23:26+00:00","mainEntityOfPage":{"@id":"https:\/\/marcelolopes.jor.br\/site\/2021\/06\/17\/homem-morre-apos-ser-atropelado-proximo-ao-trevo-de-laranjal\/"},"wordCount":115,"commentCount":0,"publisher":{"@id":"https:\/\/marcelolopes.jor.br\/site\/#organization"},"image":{"@id":"https:\/\/marcelolopes.jor.br\/site\/2021\/06\/17\/homem-morre-apos-ser-atropelado-proximo-ao-trevo-de-laranjal\/#primaryimage"},"thumbnailUrl":"https:\/\/marcelolopes.jor.br\/site\/wp-content\/uploads\/2021\/06\/d001c1a4c1073a4caecbd9936c2db181.CAPA_.jpeg","keywords":["acidente","atropelamento","BR-116","Laranjal"],"articleSection":["Not\u00edcias"],"inLanguage":"pt-BR","potentialAction":[{"@type":"CommentAction","name":"Comment","target":["https:\/\/marcelolopes.jor.br\/site\/2021\/06\/17\/homem-morre-apos-ser-atropelado-proximo-ao-trevo-de-laranjal\/#respond"]}]},{"@type":"WebPage","@id":"https:\/\/marcelolopes.jor.br\/site\/2021\/06\/17\/homem-morre-apos-ser-atropelado-proximo-ao-trevo-de-laranjal\/","url":"https:\/\/marcelolopes.jor.br\/site\/2021\/06\/17\/homem-morre-apos-ser-atropelado-proximo-ao-trevo-de-laranjal\/","name":"Homem morre ap\u00f3s ser atropelado pr\u00f3ximo ao trevo de Laranjal","isPartOf":{"@id":"https:\/\/marcelolopes.jor.br\/site\/#website"},"primaryImageOfPage":{"@id":"https:\/\/marcelolopes.jor.br\/site\/2021\/06\/17\/homem-morre-apos-ser-atropelado-proximo-ao-trevo-de-laranjal\/#primaryimage"},"image":{"@id":"https:\/\/marcelolopes.jor.br\/site\/2021\/06\/17\/homem-morre-apos-ser-atropelado-proximo-ao-trevo-de-laranjal\/#primaryimage"},"thumbnailUrl":"https:\/\/marcelolopes.jor.br\/site\/wp-content\/uploads\/2021\/06\/d001c1a4c1073a4caecbd9936c2db181.CAPA_.jpeg","datePublished":"2021-06-17T10:00:19+00:00","dateModified":"2023-05-10T13:23:26+00:00","description":"Homem morre ap\u00f3s ser atropelado pr\u00f3ximo ao trevo de Laranjal. Acidente aconteceu na BR-116, mas os detalhes ainda est\u00e3o sendo apurados.","breadcrumb":{"@id":"https:\/\/marcelolopes.jor.br\/site\/2021\/06\/17\/homem-morre-apos-ser-atropelado-proximo-ao-trevo-de-laranjal\/#breadcrumb"},"inLanguage":"pt-BR","potentialAction":[{"@type":"ReadAction","target":["https:\/\/marcelolopes.jor.br\/site\/2021\/06\/17\/homem-morre-apos-ser-atropelado-proximo-ao-trevo-de-laranjal\/"]}]},{"@type":"ImageObject","inLanguage":"pt-BR","@id":"https:\/\/marcelolopes.jor.br\/site\/2021\/06\/17\/homem-morre-apos-ser-atropelado-proximo-ao-trevo-de-laranjal\/#primaryimage","url":"https:\/\/marcelolopes.jor.br\/site\/wp-content\/uploads\/2021\/06\/d001c1a4c1073a4caecbd9936c2db181.CAPA_.jpeg","contentUrl":"https:\/\/marcelolopes.jor.br\/site\/wp-content\/uploads\/2021\/06\/d001c1a4c1073a4caecbd9936c2db181.CAPA_.jpeg","width":700,"height":524,"caption":"Homem morre ap\u00f3s ser"},{"@type":"BreadcrumbList","@id":"https:\/\/marcelolopes.jor.br\/site\/2021\/06\/17\/homem-morre-apos-ser-atropelado-proximo-ao-trevo-de-laranjal\/#breadcrumb","itemListElement":[{"@type":"ListItem","position":1,"name":"Home","item":"https:\/\/marcelolopes.jor.br\/site\/"},{"@type":"ListItem","position":2,"name":"Homem morre ap\u00f3s ser atropelado pr\u00f3ximo ao trevo de Laranjal"}]},{"@type":"WebSite","@id":"https:\/\/marcelolopes.jor.br\/site\/#website","url":"https:\/\/marcelolopes.jor.br\/site\/","name":"Marcelo Lopes","description":"Not\u00edcias de Cataguases e Regi\u00e3o","publisher":{"@id":"https:\/\/marcelolopes.jor.br\/site\/#organization"},"potentialAction":[{"@type":"SearchAction","target":{"@type":"EntryPoint","urlTemplate":"https:\/\/marcelolopes.jor.br\/site\/?s={search_term_string}"},"query-input":{"@type":"PropertyValueSpecification","valueRequired":true,"valueName":"search_term_string"}}],"inLanguage":"pt-BR"},{"@type":"Organization","@id":"https:\/\/marcelolopes.jor.br\/site\/#organization","name":"Site do Marcelo Lopes","url":"https:\/\/marcelolopes.jor.br\/site\/","logo":{"@type":"ImageObject","inLanguage":"pt-BR","@id":"https:\/\/marcelolopes.jor.br\/site\/#\/schema\/logo\/image\/","url":"https:\/\/marcelolopes.jor.br\/site\/wp-content\/uploads\/2024\/11\/logo-1.png","contentUrl":"https:\/\/marcelolopes.jor.br\/site\/wp-content\/uploads\/2024\/11\/logo-1.png","width":475,"height":80,"caption":"Site do Marcelo Lopes"},"image":{"@id":"https:\/\/marcelolopes.jor.br\/site\/#\/schema\/logo\/image\/"},"sameAs":["https:\/\/www.facebook.com\/sitedomarcelolopes","https:\/\/www.instagram.com\/sitedomarcelolopes\/","https:\/\/www.linkedin.com\/company\/site-do-marcelo-lopes\/","https:\/\/www.youtube.com\/user\/marcelolopes957"]},{"@type":"Person","@id":"https:\/\/marcelolopes.jor.br\/site\/#\/schema\/person\/3e7216a35c34d8fdf952b31da3d1f89f","name":"Marcelo Lopes","sameAs":["http:\/\/www.marcelolopes.jor.br"],"url":"https:\/\/marcelolopes.jor.br\/site\/author\/marcelo\/"}]}},"wps_subtitle":"Acidente aconteceu na BR-116, mas os detalhes ainda est\u00e3o sendo apurados.","_links":{"self":[{"href":"https:\/\/marcelolopes.jor.br\/site\/wp-json\/wp\/v2\/posts\/24561","targetHints":{"allow":["GET"]}}],"collection":[{"href":"https:\/\/marcelolopes.jor.br\/site\/wp-json\/wp\/v2\/posts"}],"about":[{"href":"https:\/\/marcelolopes.jor.br\/site\/wp-json\/wp\/v2\/types\/post"}],"author":[{"embeddable":true,"href":"https:\/\/marcelolopes.jor.br\/site\/wp-json\/wp\/v2\/users\/2"}],"replies":[{"embeddable":true,"href":"https:\/\/marcelolopes.jor.br\/site\/wp-json\/wp\/v2\/comments?post=24561"}],"version-history":[{"count":0,"href":"https:\/\/marcelolopes.jor.br\/site\/wp-json\/wp\/v2\/posts\/24561\/revisions"}],"wp:featuredmedia":[{"embeddable":true,"href":"https:\/\/marcelolopes.jor.br\/site\/wp-json\/wp\/v2\/media\/24563"}],"wp:attachment":[{"href":"https:\/\/marcelolopes.jor.br\/site\/wp-json\/wp\/v2\/media?parent=24561"}],"wp:term":[{"taxonomy":"category","embeddable":true,"href":"https:\/\/marcelolopes.jor.br\/site\/wp-json\/wp\/v2\/categories?post=24561"},{"taxonomy":"post_tag","embeddable":true,"href":"https:\/\/marcelolopes.jor.br\/site\/wp-json\/wp\/v2\/tags?post=24561"}],"curies":[{"name":"wp","href":"https:\/\/api.w.org\/{rel}","templated":true}]}}