{"id":24435,"date":"2021-06-11T16:00:42","date_gmt":"2021-06-11T19:00:42","guid":{"rendered":"https:\/\/marcelolopes.jor.br\/?p=24435"},"modified":"2021-06-11T11:28:39","modified_gmt":"2021-06-11T14:28:39","slug":"mazinho-ex-prefeito-de-dona-euzebia-e-absolvido-pelo-tjmg","status":"publish","type":"post","link":"https:\/\/marcelolopes.jor.br\/site\/2021\/06\/11\/mazinho-ex-prefeito-de-dona-euzebia-e-absolvido-pelo-tjmg\/","title":{"rendered":"Mazinho, ex-prefeito de Dona Euz\u00e9bia, \u00e9 absolvido pelo TJMG"},"content":{"rendered":"<p style=\"text-align: justify;\">O ex-prefeito de Dona Euz\u00e9bia, Itamar Ribeiro Filho, o Mazinho, foi absolvido pela 1\u00aa C\u00e2mara Criminal do Tribunal de Justi\u00e7a do Estado de Minas Gerais (TJMG). O recurso e apela\u00e7\u00e3o contra a senten\u00e7a de primeira inst\u00e2ncia foi impetrado por sua advogada Muriel Gouv\u00eaa a fim de reverter a condena\u00e7\u00e3o a pena de mais de cinco anos de reclus\u00e3o, em regime inicialmente fechado, al\u00e9m de torn\u00e1-lo ineleg\u00edvel por cinco anos.<!--more--><br \/>\n<a href=\"http:\/\/www.agenciaram.com.br\"><img loading=\"lazy\" decoding=\"async\" class=\"aligncenter wp-image-24234 size-full\" src=\"https:\/\/marcelolopes.jor.br\/site\/wp-content\/uploads\/2021\/06\/Banner-Ag\u00eancia-RAM.jpeg\" alt=\"\" width=\"800\" height=\"214\" srcset=\"https:\/\/marcelolopes.jor.br\/site\/wp-content\/uploads\/2021\/06\/Banner-Ag\u00eancia-RAM.jpeg 800w, https:\/\/marcelolopes.jor.br\/site\/wp-content\/uploads\/2021\/06\/Banner-Ag\u00eancia-RAM-300x80.jpeg 300w, https:\/\/marcelolopes.jor.br\/site\/wp-content\/uploads\/2021\/06\/Banner-Ag\u00eancia-RAM-768x205.jpeg 768w\" sizes=\"auto, (max-width: 800px) 100vw, 800px\" \/><\/a>Mazinho foi condenado em primeira inst\u00e2ncia porque seus filhos teriam utilizado ve\u00edculos da prefeitura para se deslocarem at\u00e9 o munic\u00edpio vizinho de Astolfo Dutra onde frequentavam aulas de ingl\u00eas. Nos depoimentos prestados \u00e0 justi\u00e7a n\u00e3o ficou provado que a ordem para que isso acontecesse tenha partido do ent\u00e3o prefeito.<\/p>\n<p style=\"text-align: justify;\">Ao apreciar o recurso do ex-prefeito, o relator, Desembargador Alberto Deodato Neto, inocentou Mazinho sendo acompanhado pelo seu colega Desembargador Wanderley Paiva. \u201cApesar de poss\u00edvel, n\u00e3o h\u00e1 provas suficientes para se afirmar que Itamar tenha determinado que isso fosse feito.(\u2026) Por isso \u00e9 que vige o princ\u00edpio in dubio pro reo, o qual ora utilizo para absolver o apelante, por insufici\u00eancia dos elementos probat\u00f3rios colhidos\u201d, escreveu em seu voto, Deodato Neto.<\/p>\n<div class=\"mlfjq69f5db4bc4491\" ><br><\/div><style type=\"text\/css\">\r\n@media screen and (min-width: 1201px) {\r\n.mlfjq69f5db4bc4491 {\r\ndisplay: block;\r\n}\r\n}\r\n@media screen and (min-width: 993px) and (max-width: 1200px) {\r\n.mlfjq69f5db4bc4491 {\r\ndisplay: block;\r\n}\r\n}\r\n@media screen and (min-width: 769px) and (max-width: 992px) {\r\n.mlfjq69f5db4bc4491 {\r\ndisplay: block;\r\n}\r\n}\r\n@media screen and (min-width: 768px) and (max-width: 768px) {\r\n.mlfjq69f5db4bc4491 {\r\ndisplay: block;\r\n}\r\n}\r\n@media screen and (max-width: 767px) {\r\n.mlfjq69f5db4bc4491 {\r\ndisplay: block;\r\n}\r\n}\r\n<\/style>\r\n<div class=\"sddul69f5db4bcb570\" ><div id=\"div_destino\"><\/div>\r\n<script src=\"https:\/\/cdn.snsrsv.com\/sdk.js\"><\/script>\r\n<script >\r\n      new sdk(\"464030C30061EA8BE065000000000001\") \r\n          .appendTo(\"div_destino\")\r\n          .disableStyle(true) \r\n          .setCacheBusterMacro(\"%%CACHEBUSTER%%\")\r\n          .setSize(\"800\",\"214\")\r\n          .setClickMacro(\"%%CLICK_URL_ESC%%\") \r\n          .setReferrerUrlMacro(\"%%REFERRER_URL_ESC%%\") \r\n          .start(); \r\n<\/script><\/div><style type=\"text\/css\">\r\n@media screen and (min-width: 1201px) {\r\n.sddul69f5db4bcb570 {\r\ndisplay: block;\r\n}\r\n}\r\n@media screen and (min-width: 993px) and (max-width: 1200px) {\r\n.sddul69f5db4bcb570 {\r\ndisplay: block;\r\n}\r\n}\r\n@media screen and (min-width: 769px) and (max-width: 992px) {\r\n.sddul69f5db4bcb570 {\r\ndisplay: block;\r\n}\r\n}\r\n@media screen and (min-width: 768px) and (max-width: 768px) {\r\n.sddul69f5db4bcb570 {\r\ndisplay: block;\r\n}\r\n}\r\n@media screen and (max-width: 767px) {\r\n.sddul69f5db4bcb570 {\r\ndisplay: block;\r\n}\r\n}\r\n<\/style>\r\n","protected":false},"excerpt":{"rendered":"<p>O ex-prefeito de Dona Euz\u00e9bia, Itamar Ribeiro Filho, o Mazinho, foi absolvido pela 1\u00aa C\u00e2mara Criminal do Tribunal de Justi\u00e7a do Estado de Minas Gerais (TJMG). O recurso e apela\u00e7\u00e3o contra a senten\u00e7a de primeira inst\u00e2ncia foi impetrado por sua<\/p>\n<p class=\"link-more\"><a class=\"more-link\" href=\"https:\/\/marcelolopes.jor.br\/site\/2021\/06\/11\/mazinho-ex-prefeito-de-dona-euzebia-e-absolvido-pelo-tjmg\/\">Leia mais <span class=\"screen-reader-text\">Mazinho, ex-prefeito de Dona Euz\u00e9bia, \u00e9 absolvido pelo TJMG<\/span><\/a><\/p>\n","protected":false},"author":2,"featured_media":24437,"comment_status":"open","ping_status":"open","sticky":false,"template":"","format":"standard","meta":{"footnotes":""},"categories":[1],"tags":[4187,388,816,3084],"class_list":["post-24435","post","type-post","status-publish","format-standard","has-post-thumbnail","hentry","category-noticias","tag-absolvicao","tag-dona-euzebia","tag-ex-prefeito","tag-mazinho","thumb-below-title"],"yoast_head":"<!-- This site is optimized with the Yoast SEO plugin v27.4 - https:\/\/yoast.com\/product\/yoast-seo-wordpress\/ -->\n<title>Mazinho, ex-prefeito de Dona Euz\u00e9bia, \u00e9 absolvido pelo TJMG | Marcelo Lopes<\/title>\n<meta name=\"robots\" content=\"index, follow, max-snippet:-1, max-image-preview:large, max-video-preview:-1\" \/>\n<link rel=\"canonical\" href=\"https:\/\/marcelolopes.jor.br\/site\/2021\/06\/11\/mazinho-ex-prefeito-de-dona-euzebia-e-absolvido-pelo-tjmg\/\" \/>\n<meta property=\"og:locale\" content=\"pt_BR\" \/>\n<meta property=\"og:type\" content=\"article\" \/>\n<meta property=\"og:title\" content=\"Mazinho, ex-prefeito de Dona Euz\u00e9bia, \u00e9 absolvido pelo TJMG | Marcelo Lopes\" \/>\n<meta property=\"og:description\" content=\"O ex-prefeito de Dona Euz\u00e9bia, Itamar Ribeiro Filho, o Mazinho, foi absolvido pela 1\u00aa C\u00e2mara Criminal do Tribunal de Justi\u00e7a do Estado de Minas Gerais (TJMG). O recurso e apela\u00e7\u00e3o contra a senten\u00e7a de primeira inst\u00e2ncia foi impetrado por suaLeia mais Mazinho, ex-prefeito de Dona Euz\u00e9bia, \u00e9 absolvido pelo TJMG\" \/>\n<meta property=\"og:url\" content=\"https:\/\/marcelolopes.jor.br\/site\/2021\/06\/11\/mazinho-ex-prefeito-de-dona-euzebia-e-absolvido-pelo-tjmg\/\" \/>\n<meta property=\"og:site_name\" content=\"Marcelo Lopes\" \/>\n<meta property=\"article:publisher\" content=\"https:\/\/www.facebook.com\/sitedomarcelolopes\" \/>\n<meta property=\"article:published_time\" content=\"2021-06-11T19:00:42+00:00\" \/>\n<meta property=\"og:image\" content=\"https:\/\/marcelolopes.jor.br\/site\/wp-content\/uploads\/2021\/06\/Mazinho.jpg\" \/>\n\t<meta property=\"og:image:width\" content=\"800\" \/>\n\t<meta property=\"og:image:height\" content=\"556\" \/>\n\t<meta property=\"og:image:type\" content=\"image\/jpeg\" \/>\n<meta name=\"author\" content=\"Marcelo Lopes\" \/>\n<meta name=\"twitter:card\" content=\"summary_large_image\" \/>\n<meta name=\"twitter:label1\" content=\"Escrito por\" \/>\n\t<meta name=\"twitter:data1\" content=\"Marcelo Lopes\" \/>\n\t<meta name=\"twitter:label2\" content=\"Est. tempo de leitura\" \/>\n\t<meta name=\"twitter:data2\" content=\"1 minuto\" \/>\n<script type=\"application\/ld+json\" class=\"yoast-schema-graph\">{\"@context\":\"https:\\\/\\\/schema.org\",\"@graph\":[{\"@type\":\"NewsArticle\",\"@id\":\"https:\\\/\\\/marcelolopes.jor.br\\\/site\\\/2021\\\/06\\\/11\\\/mazinho-ex-prefeito-de-dona-euzebia-e-absolvido-pelo-tjmg\\\/#article\",\"isPartOf\":{\"@id\":\"https:\\\/\\\/marcelolopes.jor.br\\\/site\\\/2021\\\/06\\\/11\\\/mazinho-ex-prefeito-de-dona-euzebia-e-absolvido-pelo-tjmg\\\/\"},\"author\":{\"name\":\"Marcelo Lopes\",\"@id\":\"https:\\\/\\\/marcelolopes.jor.br\\\/site\\\/#\\\/schema\\\/person\\\/3e7216a35c34d8fdf952b31da3d1f89f\"},\"headline\":\"Mazinho, ex-prefeito de Dona Euz\u00e9bia, \u00e9 absolvido pelo TJMG\",\"datePublished\":\"2021-06-11T19:00:42+00:00\",\"mainEntityOfPage\":{\"@id\":\"https:\\\/\\\/marcelolopes.jor.br\\\/site\\\/2021\\\/06\\\/11\\\/mazinho-ex-prefeito-de-dona-euzebia-e-absolvido-pelo-tjmg\\\/\"},\"wordCount\":219,\"commentCount\":0,\"publisher\":{\"@id\":\"https:\\\/\\\/marcelolopes.jor.br\\\/site\\\/#organization\"},\"image\":{\"@id\":\"https:\\\/\\\/marcelolopes.jor.br\\\/site\\\/2021\\\/06\\\/11\\\/mazinho-ex-prefeito-de-dona-euzebia-e-absolvido-pelo-tjmg\\\/#primaryimage\"},\"thumbnailUrl\":\"https:\\\/\\\/marcelolopes.jor.br\\\/site\\\/wp-content\\\/uploads\\\/2021\\\/06\\\/Mazinho.jpg\",\"keywords\":[\"absolvi\u00e7\u00e3o\",\"Dona Euz\u00e9bia\",\"ex-prefeito\",\"Mazinho\"],\"articleSection\":[\"Not\u00edcias\"],\"inLanguage\":\"pt-BR\",\"potentialAction\":[{\"@type\":\"CommentAction\",\"name\":\"Comment\",\"target\":[\"https:\\\/\\\/marcelolopes.jor.br\\\/site\\\/2021\\\/06\\\/11\\\/mazinho-ex-prefeito-de-dona-euzebia-e-absolvido-pelo-tjmg\\\/#respond\"]}]},{\"@type\":\"WebPage\",\"@id\":\"https:\\\/\\\/marcelolopes.jor.br\\\/site\\\/2021\\\/06\\\/11\\\/mazinho-ex-prefeito-de-dona-euzebia-e-absolvido-pelo-tjmg\\\/\",\"url\":\"https:\\\/\\\/marcelolopes.jor.br\\\/site\\\/2021\\\/06\\\/11\\\/mazinho-ex-prefeito-de-dona-euzebia-e-absolvido-pelo-tjmg\\\/\",\"name\":\"Mazinho, ex-prefeito de Dona Euz\u00e9bia, \u00e9 absolvido pelo TJMG | Marcelo Lopes\",\"isPartOf\":{\"@id\":\"https:\\\/\\\/marcelolopes.jor.br\\\/site\\\/#website\"},\"primaryImageOfPage\":{\"@id\":\"https:\\\/\\\/marcelolopes.jor.br\\\/site\\\/2021\\\/06\\\/11\\\/mazinho-ex-prefeito-de-dona-euzebia-e-absolvido-pelo-tjmg\\\/#primaryimage\"},\"image\":{\"@id\":\"https:\\\/\\\/marcelolopes.jor.br\\\/site\\\/2021\\\/06\\\/11\\\/mazinho-ex-prefeito-de-dona-euzebia-e-absolvido-pelo-tjmg\\\/#primaryimage\"},\"thumbnailUrl\":\"https:\\\/\\\/marcelolopes.jor.br\\\/site\\\/wp-content\\\/uploads\\\/2021\\\/06\\\/Mazinho.jpg\",\"datePublished\":\"2021-06-11T19:00:42+00:00\",\"breadcrumb\":{\"@id\":\"https:\\\/\\\/marcelolopes.jor.br\\\/site\\\/2021\\\/06\\\/11\\\/mazinho-ex-prefeito-de-dona-euzebia-e-absolvido-pelo-tjmg\\\/#breadcrumb\"},\"inLanguage\":\"pt-BR\",\"potentialAction\":[{\"@type\":\"ReadAction\",\"target\":[\"https:\\\/\\\/marcelolopes.jor.br\\\/site\\\/2021\\\/06\\\/11\\\/mazinho-ex-prefeito-de-dona-euzebia-e-absolvido-pelo-tjmg\\\/\"]}]},{\"@type\":\"ImageObject\",\"inLanguage\":\"pt-BR\",\"@id\":\"https:\\\/\\\/marcelolopes.jor.br\\\/site\\\/2021\\\/06\\\/11\\\/mazinho-ex-prefeito-de-dona-euzebia-e-absolvido-pelo-tjmg\\\/#primaryimage\",\"url\":\"https:\\\/\\\/marcelolopes.jor.br\\\/site\\\/wp-content\\\/uploads\\\/2021\\\/06\\\/Mazinho.jpg\",\"contentUrl\":\"https:\\\/\\\/marcelolopes.jor.br\\\/site\\\/wp-content\\\/uploads\\\/2021\\\/06\\\/Mazinho.jpg\",\"width\":800,\"height\":556},{\"@type\":\"BreadcrumbList\",\"@id\":\"https:\\\/\\\/marcelolopes.jor.br\\\/site\\\/2021\\\/06\\\/11\\\/mazinho-ex-prefeito-de-dona-euzebia-e-absolvido-pelo-tjmg\\\/#breadcrumb\",\"itemListElement\":[{\"@type\":\"ListItem\",\"position\":1,\"name\":\"Home\",\"item\":\"https:\\\/\\\/marcelolopes.jor.br\\\/site\\\/\"},{\"@type\":\"ListItem\",\"position\":2,\"name\":\"Mazinho, ex-prefeito de Dona Euz\u00e9bia, \u00e9 absolvido pelo TJMG\"}]},{\"@type\":\"WebSite\",\"@id\":\"https:\\\/\\\/marcelolopes.jor.br\\\/site\\\/#website\",\"url\":\"https:\\\/\\\/marcelolopes.jor.br\\\/site\\\/\",\"name\":\"Marcelo Lopes\",\"description\":\"Not\u00edcias de Cataguases e Regi\u00e3o\",\"publisher\":{\"@id\":\"https:\\\/\\\/marcelolopes.jor.br\\\/site\\\/#organization\"},\"potentialAction\":[{\"@type\":\"SearchAction\",\"target\":{\"@type\":\"EntryPoint\",\"urlTemplate\":\"https:\\\/\\\/marcelolopes.jor.br\\\/site\\\/?s={search_term_string}\"},\"query-input\":{\"@type\":\"PropertyValueSpecification\",\"valueRequired\":true,\"valueName\":\"search_term_string\"}}],\"inLanguage\":\"pt-BR\"},{\"@type\":\"Organization\",\"@id\":\"https:\\\/\\\/marcelolopes.jor.br\\\/site\\\/#organization\",\"name\":\"Site do Marcelo Lopes\",\"url\":\"https:\\\/\\\/marcelolopes.jor.br\\\/site\\\/\",\"logo\":{\"@type\":\"ImageObject\",\"inLanguage\":\"pt-BR\",\"@id\":\"https:\\\/\\\/marcelolopes.jor.br\\\/site\\\/#\\\/schema\\\/logo\\\/image\\\/\",\"url\":\"https:\\\/\\\/marcelolopes.jor.br\\\/site\\\/wp-content\\\/uploads\\\/2024\\\/11\\\/logo-1.png\",\"contentUrl\":\"https:\\\/\\\/marcelolopes.jor.br\\\/site\\\/wp-content\\\/uploads\\\/2024\\\/11\\\/logo-1.png\",\"width\":475,\"height\":80,\"caption\":\"Site do Marcelo Lopes\"},\"image\":{\"@id\":\"https:\\\/\\\/marcelolopes.jor.br\\\/site\\\/#\\\/schema\\\/logo\\\/image\\\/\"},\"sameAs\":[\"https:\\\/\\\/www.facebook.com\\\/sitedomarcelolopes\",\"https:\\\/\\\/www.instagram.com\\\/sitedomarcelolopes\\\/\",\"https:\\\/\\\/www.linkedin.com\\\/company\\\/site-do-marcelo-lopes\\\/\",\"https:\\\/\\\/www.youtube.com\\\/user\\\/marcelolopes957\"]},{\"@type\":\"Person\",\"@id\":\"https:\\\/\\\/marcelolopes.jor.br\\\/site\\\/#\\\/schema\\\/person\\\/3e7216a35c34d8fdf952b31da3d1f89f\",\"name\":\"Marcelo Lopes\",\"sameAs\":[\"http:\\\/\\\/www.marcelolopes.jor.br\"],\"url\":\"https:\\\/\\\/marcelolopes.jor.br\\\/site\\\/author\\\/marcelo\\\/\"}]}<\/script>\n<!-- \/ Yoast SEO plugin. -->","yoast_head_json":{"title":"Mazinho, ex-prefeito de Dona Euz\u00e9bia, \u00e9 absolvido pelo TJMG | Marcelo Lopes","robots":{"index":"index","follow":"follow","max-snippet":"max-snippet:-1","max-image-preview":"max-image-preview:large","max-video-preview":"max-video-preview:-1"},"canonical":"https:\/\/marcelolopes.jor.br\/site\/2021\/06\/11\/mazinho-ex-prefeito-de-dona-euzebia-e-absolvido-pelo-tjmg\/","og_locale":"pt_BR","og_type":"article","og_title":"Mazinho, ex-prefeito de Dona Euz\u00e9bia, \u00e9 absolvido pelo TJMG | Marcelo Lopes","og_description":"O ex-prefeito de Dona Euz\u00e9bia, Itamar Ribeiro Filho, o Mazinho, foi absolvido pela 1\u00aa C\u00e2mara Criminal do Tribunal de Justi\u00e7a do Estado de Minas Gerais (TJMG). O recurso e apela\u00e7\u00e3o contra a senten\u00e7a de primeira inst\u00e2ncia foi impetrado por suaLeia mais Mazinho, ex-prefeito de Dona Euz\u00e9bia, \u00e9 absolvido pelo TJMG","og_url":"https:\/\/marcelolopes.jor.br\/site\/2021\/06\/11\/mazinho-ex-prefeito-de-dona-euzebia-e-absolvido-pelo-tjmg\/","og_site_name":"Marcelo Lopes","article_publisher":"https:\/\/www.facebook.com\/sitedomarcelolopes","article_published_time":"2021-06-11T19:00:42+00:00","og_image":[{"width":800,"height":556,"url":"https:\/\/marcelolopes.jor.br\/site\/wp-content\/uploads\/2021\/06\/Mazinho.jpg","type":"image\/jpeg"}],"author":"Marcelo Lopes","twitter_card":"summary_large_image","twitter_misc":{"Escrito por":"Marcelo Lopes","Est. tempo de leitura":"1 minuto"},"schema":{"@context":"https:\/\/schema.org","@graph":[{"@type":"NewsArticle","@id":"https:\/\/marcelolopes.jor.br\/site\/2021\/06\/11\/mazinho-ex-prefeito-de-dona-euzebia-e-absolvido-pelo-tjmg\/#article","isPartOf":{"@id":"https:\/\/marcelolopes.jor.br\/site\/2021\/06\/11\/mazinho-ex-prefeito-de-dona-euzebia-e-absolvido-pelo-tjmg\/"},"author":{"name":"Marcelo Lopes","@id":"https:\/\/marcelolopes.jor.br\/site\/#\/schema\/person\/3e7216a35c34d8fdf952b31da3d1f89f"},"headline":"Mazinho, ex-prefeito de Dona Euz\u00e9bia, \u00e9 absolvido pelo TJMG","datePublished":"2021-06-11T19:00:42+00:00","mainEntityOfPage":{"@id":"https:\/\/marcelolopes.jor.br\/site\/2021\/06\/11\/mazinho-ex-prefeito-de-dona-euzebia-e-absolvido-pelo-tjmg\/"},"wordCount":219,"commentCount":0,"publisher":{"@id":"https:\/\/marcelolopes.jor.br\/site\/#organization"},"image":{"@id":"https:\/\/marcelolopes.jor.br\/site\/2021\/06\/11\/mazinho-ex-prefeito-de-dona-euzebia-e-absolvido-pelo-tjmg\/#primaryimage"},"thumbnailUrl":"https:\/\/marcelolopes.jor.br\/site\/wp-content\/uploads\/2021\/06\/Mazinho.jpg","keywords":["absolvi\u00e7\u00e3o","Dona Euz\u00e9bia","ex-prefeito","Mazinho"],"articleSection":["Not\u00edcias"],"inLanguage":"pt-BR","potentialAction":[{"@type":"CommentAction","name":"Comment","target":["https:\/\/marcelolopes.jor.br\/site\/2021\/06\/11\/mazinho-ex-prefeito-de-dona-euzebia-e-absolvido-pelo-tjmg\/#respond"]}]},{"@type":"WebPage","@id":"https:\/\/marcelolopes.jor.br\/site\/2021\/06\/11\/mazinho-ex-prefeito-de-dona-euzebia-e-absolvido-pelo-tjmg\/","url":"https:\/\/marcelolopes.jor.br\/site\/2021\/06\/11\/mazinho-ex-prefeito-de-dona-euzebia-e-absolvido-pelo-tjmg\/","name":"Mazinho, ex-prefeito de Dona Euz\u00e9bia, \u00e9 absolvido pelo TJMG | Marcelo Lopes","isPartOf":{"@id":"https:\/\/marcelolopes.jor.br\/site\/#website"},"primaryImageOfPage":{"@id":"https:\/\/marcelolopes.jor.br\/site\/2021\/06\/11\/mazinho-ex-prefeito-de-dona-euzebia-e-absolvido-pelo-tjmg\/#primaryimage"},"image":{"@id":"https:\/\/marcelolopes.jor.br\/site\/2021\/06\/11\/mazinho-ex-prefeito-de-dona-euzebia-e-absolvido-pelo-tjmg\/#primaryimage"},"thumbnailUrl":"https:\/\/marcelolopes.jor.br\/site\/wp-content\/uploads\/2021\/06\/Mazinho.jpg","datePublished":"2021-06-11T19:00:42+00:00","breadcrumb":{"@id":"https:\/\/marcelolopes.jor.br\/site\/2021\/06\/11\/mazinho-ex-prefeito-de-dona-euzebia-e-absolvido-pelo-tjmg\/#breadcrumb"},"inLanguage":"pt-BR","potentialAction":[{"@type":"ReadAction","target":["https:\/\/marcelolopes.jor.br\/site\/2021\/06\/11\/mazinho-ex-prefeito-de-dona-euzebia-e-absolvido-pelo-tjmg\/"]}]},{"@type":"ImageObject","inLanguage":"pt-BR","@id":"https:\/\/marcelolopes.jor.br\/site\/2021\/06\/11\/mazinho-ex-prefeito-de-dona-euzebia-e-absolvido-pelo-tjmg\/#primaryimage","url":"https:\/\/marcelolopes.jor.br\/site\/wp-content\/uploads\/2021\/06\/Mazinho.jpg","contentUrl":"https:\/\/marcelolopes.jor.br\/site\/wp-content\/uploads\/2021\/06\/Mazinho.jpg","width":800,"height":556},{"@type":"BreadcrumbList","@id":"https:\/\/marcelolopes.jor.br\/site\/2021\/06\/11\/mazinho-ex-prefeito-de-dona-euzebia-e-absolvido-pelo-tjmg\/#breadcrumb","itemListElement":[{"@type":"ListItem","position":1,"name":"Home","item":"https:\/\/marcelolopes.jor.br\/site\/"},{"@type":"ListItem","position":2,"name":"Mazinho, ex-prefeito de Dona Euz\u00e9bia, \u00e9 absolvido pelo TJMG"}]},{"@type":"WebSite","@id":"https:\/\/marcelolopes.jor.br\/site\/#website","url":"https:\/\/marcelolopes.jor.br\/site\/","name":"Marcelo Lopes","description":"Not\u00edcias de Cataguases e Regi\u00e3o","publisher":{"@id":"https:\/\/marcelolopes.jor.br\/site\/#organization"},"potentialAction":[{"@type":"SearchAction","target":{"@type":"EntryPoint","urlTemplate":"https:\/\/marcelolopes.jor.br\/site\/?s={search_term_string}"},"query-input":{"@type":"PropertyValueSpecification","valueRequired":true,"valueName":"search_term_string"}}],"inLanguage":"pt-BR"},{"@type":"Organization","@id":"https:\/\/marcelolopes.jor.br\/site\/#organization","name":"Site do Marcelo Lopes","url":"https:\/\/marcelolopes.jor.br\/site\/","logo":{"@type":"ImageObject","inLanguage":"pt-BR","@id":"https:\/\/marcelolopes.jor.br\/site\/#\/schema\/logo\/image\/","url":"https:\/\/marcelolopes.jor.br\/site\/wp-content\/uploads\/2024\/11\/logo-1.png","contentUrl":"https:\/\/marcelolopes.jor.br\/site\/wp-content\/uploads\/2024\/11\/logo-1.png","width":475,"height":80,"caption":"Site do Marcelo Lopes"},"image":{"@id":"https:\/\/marcelolopes.jor.br\/site\/#\/schema\/logo\/image\/"},"sameAs":["https:\/\/www.facebook.com\/sitedomarcelolopes","https:\/\/www.instagram.com\/sitedomarcelolopes\/","https:\/\/www.linkedin.com\/company\/site-do-marcelo-lopes\/","https:\/\/www.youtube.com\/user\/marcelolopes957"]},{"@type":"Person","@id":"https:\/\/marcelolopes.jor.br\/site\/#\/schema\/person\/3e7216a35c34d8fdf952b31da3d1f89f","name":"Marcelo Lopes","sameAs":["http:\/\/www.marcelolopes.jor.br"],"url":"https:\/\/marcelolopes.jor.br\/site\/author\/marcelo\/"}]}},"wps_subtitle":"Absolvi\u00e7\u00e3o ocorreu por \u201cinsufici\u00eancia dos elementos probat\u00f3rios colhidos.\"","_links":{"self":[{"href":"https:\/\/marcelolopes.jor.br\/site\/wp-json\/wp\/v2\/posts\/24435","targetHints":{"allow":["GET"]}}],"collection":[{"href":"https:\/\/marcelolopes.jor.br\/site\/wp-json\/wp\/v2\/posts"}],"about":[{"href":"https:\/\/marcelolopes.jor.br\/site\/wp-json\/wp\/v2\/types\/post"}],"author":[{"embeddable":true,"href":"https:\/\/marcelolopes.jor.br\/site\/wp-json\/wp\/v2\/users\/2"}],"replies":[{"embeddable":true,"href":"https:\/\/marcelolopes.jor.br\/site\/wp-json\/wp\/v2\/comments?post=24435"}],"version-history":[{"count":0,"href":"https:\/\/marcelolopes.jor.br\/site\/wp-json\/wp\/v2\/posts\/24435\/revisions"}],"wp:featuredmedia":[{"embeddable":true,"href":"https:\/\/marcelolopes.jor.br\/site\/wp-json\/wp\/v2\/media\/24437"}],"wp:attachment":[{"href":"https:\/\/marcelolopes.jor.br\/site\/wp-json\/wp\/v2\/media?parent=24435"}],"wp:term":[{"taxonomy":"category","embeddable":true,"href":"https:\/\/marcelolopes.jor.br\/site\/wp-json\/wp\/v2\/categories?post=24435"},{"taxonomy":"post_tag","embeddable":true,"href":"https:\/\/marcelolopes.jor.br\/site\/wp-json\/wp\/v2\/tags?post=24435"}],"curies":[{"name":"wp","href":"https:\/\/api.w.org\/{rel}","templated":true}]}}