{"id":24012,"date":"2021-05-25T18:00:40","date_gmt":"2021-05-25T21:00:40","guid":{"rendered":"https:\/\/marcelolopes.jor.br\/?p=24012"},"modified":"2021-05-25T17:11:38","modified_gmt":"2021-05-25T20:11:38","slug":"comerciantes-que-trabalham-a-noite-fazem-passeata-contra-decreto-municipal","status":"publish","type":"post","link":"https:\/\/marcelolopes.jor.br\/site\/2021\/05\/25\/comerciantes-que-trabalham-a-noite-fazem-passeata-contra-decreto-municipal\/","title":{"rendered":"Comerciantes que trabalham \u00e0 noite fazem passeata contra decreto municipal"},"content":{"rendered":"<p style=\"text-align: justify;\">Os comerciantes que trabalham com bares e restaurantes noturnos em Cataguases realizaram, na tarde desta ter\u00e7a-feira, 25 de maio, uma passeata pac\u00edfica em protesto ao novo decreto municipal com medidas de combate \u00e0 Covid-19. Eles reivindicaram tratamento igual ao dado ao setor que trabalha durante o dia. A passeata terminou com um protesto em frente ao Pa\u00e7o Municipal onde tr\u00eas comerciantes, representando todo o grupo foi recebido pelo prefeito Jos\u00e9 Henriques.<!--more--><\/p>\n<p style=\"text-align: justify;\"><a href=\"linkram.com.br\/queroresultados\"><img loading=\"lazy\" decoding=\"async\" class=\"aligncenter wp-image-23837 size-full\" src=\"https:\/\/marcelolopes.jor.br\/site\/wp-content\/uploads\/2021\/05\/Banner-Animado-Marcelo-Lopesok.gif\" alt=\"\" width=\"800\" height=\"214\" \/><\/a>O grupo saiu da Pracinha do Doutor L\u00eddio, e percorreu algumas da principais ruas do Centro da cidade. Munidos de cartazes com frases criticando o novo decreto, havia tamb\u00e9m frases de apoio a medidas que pro\u00edbam o funcionamento de todas as atividades comerciais do munic\u00edpio, o chamado lockdown. Anderson Prado, da Iguaria Gourmet, e um dos l\u00edderes do movimento, disse que apenas uma parcela de um setor da economia do munic\u00edpio n\u00e3o pode ser punida e pediu igualdade de tratamento.<\/p>\n<h6><a href=\"https:\/\/voltz.page.link\/6FaZWrWss7UHANSt6\"><span style=\"color: #800080;\">ABRA UMA CONTA VOLTZ E GANHE AT\u00c9 10% DE DESCONTO NA CONTA DE LUZ. CLIQUE AQUI.<\/span><\/a><\/h6>\n<p style=\"text-align: justify;\">Durante o encontro com o prefeito Jos\u00e9 Henriques, eles reiteraram o pedido para que o decreto ora em vigor, fosse alterado para que possam abrir as portas e atender tamb\u00e9m presencialmente os clientes. Ap\u00f3s longa negocia\u00e7\u00e3o em que o prefeito explicou os motivos pelos quais n\u00e3o podia atender &#8211; naquele momento &#8211; o pleito dos comerciantes, citando inclusive o fato ocorrido com um bar no \u00faltimo final de semana, que foi interditado por causa de promover aglomera\u00e7\u00e3o, chegou-se a um consenso.<\/p>\n<p style=\"text-align: justify;\">Esta semana os bares e restaurantes noturnos seguem funcionando apenas por delivery, mas a partir da pr\u00f3xima segunda-feira, 31, o prefeito vai baixar outro decreto permitindo o atendimento presencial nestes estabelecimentos sem, no entanto, o consumo de bebida alco\u00f3lica. A proposta do prefeito, por\u00e9m, n\u00e3o foi aceita pelo restante do grupo que ainda se diz prejudicada. Assim, aqueles comerciantes prometeram nova manifesta\u00e7\u00e3o ainda esta semana, com o objetivo de ver sua reivindica\u00e7\u00e3o atendida.<\/p>\n<p><img loading=\"lazy\" decoding=\"async\" class=\"aligncenter wp-image-24019\" src=\"https:\/\/marcelolopes.jor.br\/site\/wp-content\/uploads\/2021\/05\/IMG_8361.jpeg\" alt=\"\" width=\"700\" height=\"394\" srcset=\"https:\/\/marcelolopes.jor.br\/site\/wp-content\/uploads\/2021\/05\/IMG_8361.jpeg 800w, https:\/\/marcelolopes.jor.br\/site\/wp-content\/uploads\/2021\/05\/IMG_8361-300x169.jpeg 300w, https:\/\/marcelolopes.jor.br\/site\/wp-content\/uploads\/2021\/05\/IMG_8361-768x432.jpeg 768w\" sizes=\"auto, (max-width: 700px) 100vw, 700px\" \/> <img loading=\"lazy\" decoding=\"async\" class=\"aligncenter wp-image-24018\" src=\"https:\/\/marcelolopes.jor.br\/site\/wp-content\/uploads\/2021\/05\/IMG_8364.jpeg\" alt=\"\" width=\"700\" height=\"394\" srcset=\"https:\/\/marcelolopes.jor.br\/site\/wp-content\/uploads\/2021\/05\/IMG_8364.jpeg 800w, https:\/\/marcelolopes.jor.br\/site\/wp-content\/uploads\/2021\/05\/IMG_8364-300x169.jpeg 300w, https:\/\/marcelolopes.jor.br\/site\/wp-content\/uploads\/2021\/05\/IMG_8364-768x432.jpeg 768w\" sizes=\"auto, (max-width: 700px) 100vw, 700px\" \/> <img loading=\"lazy\" decoding=\"async\" class=\"aligncenter wp-image-24017\" src=\"https:\/\/marcelolopes.jor.br\/site\/wp-content\/uploads\/2021\/05\/IMG_8358.jpeg\" alt=\"\" width=\"700\" height=\"394\" srcset=\"https:\/\/marcelolopes.jor.br\/site\/wp-content\/uploads\/2021\/05\/IMG_8358.jpeg 800w, https:\/\/marcelolopes.jor.br\/site\/wp-content\/uploads\/2021\/05\/IMG_8358-300x169.jpeg 300w, https:\/\/marcelolopes.jor.br\/site\/wp-content\/uploads\/2021\/05\/IMG_8358-768x432.jpeg 768w\" sizes=\"auto, (max-width: 700px) 100vw, 700px\" \/> <img loading=\"lazy\" decoding=\"async\" class=\"aligncenter wp-image-24016\" src=\"https:\/\/marcelolopes.jor.br\/site\/wp-content\/uploads\/2021\/05\/IMG_8357.jpeg\" alt=\"\" width=\"700\" height=\"394\" srcset=\"https:\/\/marcelolopes.jor.br\/site\/wp-content\/uploads\/2021\/05\/IMG_8357.jpeg 800w, https:\/\/marcelolopes.jor.br\/site\/wp-content\/uploads\/2021\/05\/IMG_8357-300x169.jpeg 300w, https:\/\/marcelolopes.jor.br\/site\/wp-content\/uploads\/2021\/05\/IMG_8357-768x432.jpeg 768w\" sizes=\"auto, (max-width: 700px) 100vw, 700px\" \/> <img loading=\"lazy\" decoding=\"async\" class=\"aligncenter wp-image-24015\" src=\"https:\/\/marcelolopes.jor.br\/site\/wp-content\/uploads\/2021\/05\/IMG_8356.jpeg\" alt=\"\" width=\"700\" height=\"394\" srcset=\"https:\/\/marcelolopes.jor.br\/site\/wp-content\/uploads\/2021\/05\/IMG_8356.jpeg 800w, https:\/\/marcelolopes.jor.br\/site\/wp-content\/uploads\/2021\/05\/IMG_8356-300x169.jpeg 300w, https:\/\/marcelolopes.jor.br\/site\/wp-content\/uploads\/2021\/05\/IMG_8356-768x432.jpeg 768w\" sizes=\"auto, (max-width: 700px) 100vw, 700px\" \/><\/p>\n<div class=\"nmxrn69f77dc3b5ccb\" ><br><\/div><style type=\"text\/css\">\r\n@media screen and (min-width: 1201px) {\r\n.nmxrn69f77dc3b5ccb {\r\ndisplay: block;\r\n}\r\n}\r\n@media screen and (min-width: 993px) and (max-width: 1200px) {\r\n.nmxrn69f77dc3b5ccb {\r\ndisplay: block;\r\n}\r\n}\r\n@media screen and (min-width: 769px) and (max-width: 992px) {\r\n.nmxrn69f77dc3b5ccb {\r\ndisplay: block;\r\n}\r\n}\r\n@media screen and (min-width: 768px) and (max-width: 768px) {\r\n.nmxrn69f77dc3b5ccb {\r\ndisplay: block;\r\n}\r\n}\r\n@media screen and (max-width: 767px) {\r\n.nmxrn69f77dc3b5ccb {\r\ndisplay: block;\r\n}\r\n}\r\n<\/style>\r\n<div class=\"mkvxd69f77dc3bb91b\" ><div id=\"div_destino\"><\/div>\r\n<script src=\"https:\/\/cdn.snsrsv.com\/sdk.js\"><\/script>\r\n<script >\r\n      new sdk(\"464030C30061EA8BE065000000000001\") \r\n          .appendTo(\"div_destino\")\r\n          .disableStyle(true) \r\n          .setCacheBusterMacro(\"%%CACHEBUSTER%%\")\r\n          .setSize(\"800\",\"214\")\r\n          .setClickMacro(\"%%CLICK_URL_ESC%%\") \r\n          .setReferrerUrlMacro(\"%%REFERRER_URL_ESC%%\") \r\n          .start(); \r\n<\/script><\/div><style type=\"text\/css\">\r\n@media screen and (min-width: 1201px) {\r\n.mkvxd69f77dc3bb91b {\r\ndisplay: block;\r\n}\r\n}\r\n@media screen and (min-width: 993px) and (max-width: 1200px) {\r\n.mkvxd69f77dc3bb91b {\r\ndisplay: block;\r\n}\r\n}\r\n@media screen and (min-width: 769px) and (max-width: 992px) {\r\n.mkvxd69f77dc3bb91b {\r\ndisplay: block;\r\n}\r\n}\r\n@media screen and (min-width: 768px) and (max-width: 768px) {\r\n.mkvxd69f77dc3bb91b {\r\ndisplay: block;\r\n}\r\n}\r\n@media screen and (max-width: 767px) {\r\n.mkvxd69f77dc3bb91b {\r\ndisplay: block;\r\n}\r\n}\r\n<\/style>\r\n","protected":false},"excerpt":{"rendered":"<p>Os comerciantes que trabalham com bares e restaurantes noturnos em Cataguases realizaram, na tarde desta ter\u00e7a-feira, 25 de maio, uma passeata pac\u00edfica em protesto ao novo decreto municipal com medidas de combate \u00e0 Covid-19. Eles reivindicaram tratamento igual ao dado<\/p>\n<p class=\"link-more\"><a class=\"more-link\" href=\"https:\/\/marcelolopes.jor.br\/site\/2021\/05\/25\/comerciantes-que-trabalham-a-noite-fazem-passeata-contra-decreto-municipal\/\">Leia mais <span class=\"screen-reader-text\">Comerciantes que trabalham \u00e0 noite fazem passeata contra decreto municipal<\/span><\/a><\/p>\n","protected":false},"author":2,"featured_media":24014,"comment_status":"open","ping_status":"open","sticky":false,"template":"","format":"standard","meta":{"footnotes":""},"categories":[1],"tags":[4090,4089,2488,2524],"class_list":["post-24012","post","type-post","status-publish","format-standard","has-post-thumbnail","hentry","category-noticias","tag-bares-e-restaurantes","tag-comerciantes-noturnos","tag-novo-decreto","tag-passeata","thumb-below-title"],"yoast_head":"<!-- This site is optimized with the Yoast SEO plugin v27.4 - https:\/\/yoast.com\/product\/yoast-seo-wordpress\/ -->\n<title>Comerciantes que trabalham \u00e0 noite fazem passeata contra decreto municipal | Marcelo Lopes<\/title>\n<meta name=\"robots\" content=\"index, follow, max-snippet:-1, max-image-preview:large, max-video-preview:-1\" \/>\n<link rel=\"canonical\" href=\"https:\/\/marcelolopes.jor.br\/site\/2021\/05\/25\/comerciantes-que-trabalham-a-noite-fazem-passeata-contra-decreto-municipal\/\" \/>\n<meta property=\"og:locale\" content=\"pt_BR\" \/>\n<meta property=\"og:type\" content=\"article\" \/>\n<meta property=\"og:title\" content=\"Comerciantes que trabalham \u00e0 noite fazem passeata contra decreto municipal | Marcelo Lopes\" \/>\n<meta property=\"og:description\" content=\"Os comerciantes que trabalham com bares e restaurantes noturnos em Cataguases realizaram, na tarde desta ter\u00e7a-feira, 25 de maio, uma passeata pac\u00edfica em protesto ao novo decreto municipal com medidas de combate \u00e0 Covid-19. Eles reivindicaram tratamento igual ao dadoLeia mais Comerciantes que trabalham \u00e0 noite fazem passeata contra decreto municipal\" \/>\n<meta property=\"og:url\" content=\"https:\/\/marcelolopes.jor.br\/site\/2021\/05\/25\/comerciantes-que-trabalham-a-noite-fazem-passeata-contra-decreto-municipal\/\" \/>\n<meta property=\"og:site_name\" content=\"Marcelo Lopes\" \/>\n<meta property=\"article:publisher\" content=\"https:\/\/www.facebook.com\/sitedomarcelolopes\" \/>\n<meta property=\"article:published_time\" content=\"2021-05-25T21:00:40+00:00\" \/>\n<meta property=\"og:image\" content=\"https:\/\/marcelolopes.jor.br\/site\/wp-content\/uploads\/2021\/05\/IMG_8372.jpeg\" \/>\n\t<meta property=\"og:image:width\" content=\"800\" \/>\n\t<meta property=\"og:image:height\" content=\"450\" \/>\n\t<meta property=\"og:image:type\" content=\"image\/jpeg\" \/>\n<meta name=\"author\" content=\"Marcelo Lopes\" \/>\n<meta name=\"twitter:card\" content=\"summary_large_image\" \/>\n<meta name=\"twitter:label1\" content=\"Escrito por\" \/>\n\t<meta name=\"twitter:data1\" content=\"Marcelo Lopes\" \/>\n\t<meta name=\"twitter:label2\" content=\"Est. tempo de leitura\" \/>\n\t<meta name=\"twitter:data2\" content=\"2 minutos\" \/>\n<script type=\"application\/ld+json\" class=\"yoast-schema-graph\">{\"@context\":\"https:\\\/\\\/schema.org\",\"@graph\":[{\"@type\":\"NewsArticle\",\"@id\":\"https:\\\/\\\/marcelolopes.jor.br\\\/site\\\/2021\\\/05\\\/25\\\/comerciantes-que-trabalham-a-noite-fazem-passeata-contra-decreto-municipal\\\/#article\",\"isPartOf\":{\"@id\":\"https:\\\/\\\/marcelolopes.jor.br\\\/site\\\/2021\\\/05\\\/25\\\/comerciantes-que-trabalham-a-noite-fazem-passeata-contra-decreto-municipal\\\/\"},\"author\":{\"name\":\"Marcelo Lopes\",\"@id\":\"https:\\\/\\\/marcelolopes.jor.br\\\/site\\\/#\\\/schema\\\/person\\\/3e7216a35c34d8fdf952b31da3d1f89f\"},\"headline\":\"Comerciantes que trabalham \u00e0 noite fazem passeata contra decreto municipal\",\"datePublished\":\"2021-05-25T21:00:40+00:00\",\"mainEntityOfPage\":{\"@id\":\"https:\\\/\\\/marcelolopes.jor.br\\\/site\\\/2021\\\/05\\\/25\\\/comerciantes-que-trabalham-a-noite-fazem-passeata-contra-decreto-municipal\\\/\"},\"wordCount\":348,\"commentCount\":0,\"publisher\":{\"@id\":\"https:\\\/\\\/marcelolopes.jor.br\\\/site\\\/#organization\"},\"image\":{\"@id\":\"https:\\\/\\\/marcelolopes.jor.br\\\/site\\\/2021\\\/05\\\/25\\\/comerciantes-que-trabalham-a-noite-fazem-passeata-contra-decreto-municipal\\\/#primaryimage\"},\"thumbnailUrl\":\"https:\\\/\\\/marcelolopes.jor.br\\\/site\\\/wp-content\\\/uploads\\\/2021\\\/05\\\/IMG_8372.jpeg\",\"keywords\":[\"bares e restaurantes\",\"comerciantes noturnos\",\"novo decreto\",\"passeata\"],\"articleSection\":[\"Not\u00edcias\"],\"inLanguage\":\"pt-BR\",\"potentialAction\":[{\"@type\":\"CommentAction\",\"name\":\"Comment\",\"target\":[\"https:\\\/\\\/marcelolopes.jor.br\\\/site\\\/2021\\\/05\\\/25\\\/comerciantes-que-trabalham-a-noite-fazem-passeata-contra-decreto-municipal\\\/#respond\"]}]},{\"@type\":\"WebPage\",\"@id\":\"https:\\\/\\\/marcelolopes.jor.br\\\/site\\\/2021\\\/05\\\/25\\\/comerciantes-que-trabalham-a-noite-fazem-passeata-contra-decreto-municipal\\\/\",\"url\":\"https:\\\/\\\/marcelolopes.jor.br\\\/site\\\/2021\\\/05\\\/25\\\/comerciantes-que-trabalham-a-noite-fazem-passeata-contra-decreto-municipal\\\/\",\"name\":\"Comerciantes que trabalham \u00e0 noite fazem passeata contra decreto municipal | Marcelo Lopes\",\"isPartOf\":{\"@id\":\"https:\\\/\\\/marcelolopes.jor.br\\\/site\\\/#website\"},\"primaryImageOfPage\":{\"@id\":\"https:\\\/\\\/marcelolopes.jor.br\\\/site\\\/2021\\\/05\\\/25\\\/comerciantes-que-trabalham-a-noite-fazem-passeata-contra-decreto-municipal\\\/#primaryimage\"},\"image\":{\"@id\":\"https:\\\/\\\/marcelolopes.jor.br\\\/site\\\/2021\\\/05\\\/25\\\/comerciantes-que-trabalham-a-noite-fazem-passeata-contra-decreto-municipal\\\/#primaryimage\"},\"thumbnailUrl\":\"https:\\\/\\\/marcelolopes.jor.br\\\/site\\\/wp-content\\\/uploads\\\/2021\\\/05\\\/IMG_8372.jpeg\",\"datePublished\":\"2021-05-25T21:00:40+00:00\",\"breadcrumb\":{\"@id\":\"https:\\\/\\\/marcelolopes.jor.br\\\/site\\\/2021\\\/05\\\/25\\\/comerciantes-que-trabalham-a-noite-fazem-passeata-contra-decreto-municipal\\\/#breadcrumb\"},\"inLanguage\":\"pt-BR\",\"potentialAction\":[{\"@type\":\"ReadAction\",\"target\":[\"https:\\\/\\\/marcelolopes.jor.br\\\/site\\\/2021\\\/05\\\/25\\\/comerciantes-que-trabalham-a-noite-fazem-passeata-contra-decreto-municipal\\\/\"]}]},{\"@type\":\"ImageObject\",\"inLanguage\":\"pt-BR\",\"@id\":\"https:\\\/\\\/marcelolopes.jor.br\\\/site\\\/2021\\\/05\\\/25\\\/comerciantes-que-trabalham-a-noite-fazem-passeata-contra-decreto-municipal\\\/#primaryimage\",\"url\":\"https:\\\/\\\/marcelolopes.jor.br\\\/site\\\/wp-content\\\/uploads\\\/2021\\\/05\\\/IMG_8372.jpeg\",\"contentUrl\":\"https:\\\/\\\/marcelolopes.jor.br\\\/site\\\/wp-content\\\/uploads\\\/2021\\\/05\\\/IMG_8372.jpeg\",\"width\":800,\"height\":450},{\"@type\":\"BreadcrumbList\",\"@id\":\"https:\\\/\\\/marcelolopes.jor.br\\\/site\\\/2021\\\/05\\\/25\\\/comerciantes-que-trabalham-a-noite-fazem-passeata-contra-decreto-municipal\\\/#breadcrumb\",\"itemListElement\":[{\"@type\":\"ListItem\",\"position\":1,\"name\":\"Home\",\"item\":\"https:\\\/\\\/marcelolopes.jor.br\\\/site\\\/\"},{\"@type\":\"ListItem\",\"position\":2,\"name\":\"Comerciantes que trabalham \u00e0 noite fazem passeata contra decreto municipal\"}]},{\"@type\":\"WebSite\",\"@id\":\"https:\\\/\\\/marcelolopes.jor.br\\\/site\\\/#website\",\"url\":\"https:\\\/\\\/marcelolopes.jor.br\\\/site\\\/\",\"name\":\"Marcelo Lopes\",\"description\":\"Not\u00edcias de Cataguases e Regi\u00e3o\",\"publisher\":{\"@id\":\"https:\\\/\\\/marcelolopes.jor.br\\\/site\\\/#organization\"},\"potentialAction\":[{\"@type\":\"SearchAction\",\"target\":{\"@type\":\"EntryPoint\",\"urlTemplate\":\"https:\\\/\\\/marcelolopes.jor.br\\\/site\\\/?s={search_term_string}\"},\"query-input\":{\"@type\":\"PropertyValueSpecification\",\"valueRequired\":true,\"valueName\":\"search_term_string\"}}],\"inLanguage\":\"pt-BR\"},{\"@type\":\"Organization\",\"@id\":\"https:\\\/\\\/marcelolopes.jor.br\\\/site\\\/#organization\",\"name\":\"Site do Marcelo Lopes\",\"url\":\"https:\\\/\\\/marcelolopes.jor.br\\\/site\\\/\",\"logo\":{\"@type\":\"ImageObject\",\"inLanguage\":\"pt-BR\",\"@id\":\"https:\\\/\\\/marcelolopes.jor.br\\\/site\\\/#\\\/schema\\\/logo\\\/image\\\/\",\"url\":\"https:\\\/\\\/marcelolopes.jor.br\\\/site\\\/wp-content\\\/uploads\\\/2024\\\/11\\\/logo-1.png\",\"contentUrl\":\"https:\\\/\\\/marcelolopes.jor.br\\\/site\\\/wp-content\\\/uploads\\\/2024\\\/11\\\/logo-1.png\",\"width\":475,\"height\":80,\"caption\":\"Site do Marcelo Lopes\"},\"image\":{\"@id\":\"https:\\\/\\\/marcelolopes.jor.br\\\/site\\\/#\\\/schema\\\/logo\\\/image\\\/\"},\"sameAs\":[\"https:\\\/\\\/www.facebook.com\\\/sitedomarcelolopes\",\"https:\\\/\\\/www.instagram.com\\\/sitedomarcelolopes\\\/\",\"https:\\\/\\\/www.linkedin.com\\\/company\\\/site-do-marcelo-lopes\\\/\",\"https:\\\/\\\/www.youtube.com\\\/user\\\/marcelolopes957\"]},{\"@type\":\"Person\",\"@id\":\"https:\\\/\\\/marcelolopes.jor.br\\\/site\\\/#\\\/schema\\\/person\\\/3e7216a35c34d8fdf952b31da3d1f89f\",\"name\":\"Marcelo Lopes\",\"sameAs\":[\"http:\\\/\\\/www.marcelolopes.jor.br\"],\"url\":\"https:\\\/\\\/marcelolopes.jor.br\\\/site\\\/author\\\/marcelo\\\/\"}]}<\/script>\n<!-- \/ Yoast SEO plugin. -->","yoast_head_json":{"title":"Comerciantes que trabalham \u00e0 noite fazem passeata contra decreto municipal | Marcelo Lopes","robots":{"index":"index","follow":"follow","max-snippet":"max-snippet:-1","max-image-preview":"max-image-preview:large","max-video-preview":"max-video-preview:-1"},"canonical":"https:\/\/marcelolopes.jor.br\/site\/2021\/05\/25\/comerciantes-que-trabalham-a-noite-fazem-passeata-contra-decreto-municipal\/","og_locale":"pt_BR","og_type":"article","og_title":"Comerciantes que trabalham \u00e0 noite fazem passeata contra decreto municipal | Marcelo Lopes","og_description":"Os comerciantes que trabalham com bares e restaurantes noturnos em Cataguases realizaram, na tarde desta ter\u00e7a-feira, 25 de maio, uma passeata pac\u00edfica em protesto ao novo decreto municipal com medidas de combate \u00e0 Covid-19. Eles reivindicaram tratamento igual ao dadoLeia mais Comerciantes que trabalham \u00e0 noite fazem passeata contra decreto municipal","og_url":"https:\/\/marcelolopes.jor.br\/site\/2021\/05\/25\/comerciantes-que-trabalham-a-noite-fazem-passeata-contra-decreto-municipal\/","og_site_name":"Marcelo Lopes","article_publisher":"https:\/\/www.facebook.com\/sitedomarcelolopes","article_published_time":"2021-05-25T21:00:40+00:00","og_image":[{"width":800,"height":450,"url":"https:\/\/marcelolopes.jor.br\/site\/wp-content\/uploads\/2021\/05\/IMG_8372.jpeg","type":"image\/jpeg"}],"author":"Marcelo Lopes","twitter_card":"summary_large_image","twitter_misc":{"Escrito por":"Marcelo Lopes","Est. tempo de leitura":"2 minutos"},"schema":{"@context":"https:\/\/schema.org","@graph":[{"@type":"NewsArticle","@id":"https:\/\/marcelolopes.jor.br\/site\/2021\/05\/25\/comerciantes-que-trabalham-a-noite-fazem-passeata-contra-decreto-municipal\/#article","isPartOf":{"@id":"https:\/\/marcelolopes.jor.br\/site\/2021\/05\/25\/comerciantes-que-trabalham-a-noite-fazem-passeata-contra-decreto-municipal\/"},"author":{"name":"Marcelo Lopes","@id":"https:\/\/marcelolopes.jor.br\/site\/#\/schema\/person\/3e7216a35c34d8fdf952b31da3d1f89f"},"headline":"Comerciantes que trabalham \u00e0 noite fazem passeata contra decreto municipal","datePublished":"2021-05-25T21:00:40+00:00","mainEntityOfPage":{"@id":"https:\/\/marcelolopes.jor.br\/site\/2021\/05\/25\/comerciantes-que-trabalham-a-noite-fazem-passeata-contra-decreto-municipal\/"},"wordCount":348,"commentCount":0,"publisher":{"@id":"https:\/\/marcelolopes.jor.br\/site\/#organization"},"image":{"@id":"https:\/\/marcelolopes.jor.br\/site\/2021\/05\/25\/comerciantes-que-trabalham-a-noite-fazem-passeata-contra-decreto-municipal\/#primaryimage"},"thumbnailUrl":"https:\/\/marcelolopes.jor.br\/site\/wp-content\/uploads\/2021\/05\/IMG_8372.jpeg","keywords":["bares e restaurantes","comerciantes noturnos","novo decreto","passeata"],"articleSection":["Not\u00edcias"],"inLanguage":"pt-BR","potentialAction":[{"@type":"CommentAction","name":"Comment","target":["https:\/\/marcelolopes.jor.br\/site\/2021\/05\/25\/comerciantes-que-trabalham-a-noite-fazem-passeata-contra-decreto-municipal\/#respond"]}]},{"@type":"WebPage","@id":"https:\/\/marcelolopes.jor.br\/site\/2021\/05\/25\/comerciantes-que-trabalham-a-noite-fazem-passeata-contra-decreto-municipal\/","url":"https:\/\/marcelolopes.jor.br\/site\/2021\/05\/25\/comerciantes-que-trabalham-a-noite-fazem-passeata-contra-decreto-municipal\/","name":"Comerciantes que trabalham \u00e0 noite fazem passeata contra decreto municipal | Marcelo Lopes","isPartOf":{"@id":"https:\/\/marcelolopes.jor.br\/site\/#website"},"primaryImageOfPage":{"@id":"https:\/\/marcelolopes.jor.br\/site\/2021\/05\/25\/comerciantes-que-trabalham-a-noite-fazem-passeata-contra-decreto-municipal\/#primaryimage"},"image":{"@id":"https:\/\/marcelolopes.jor.br\/site\/2021\/05\/25\/comerciantes-que-trabalham-a-noite-fazem-passeata-contra-decreto-municipal\/#primaryimage"},"thumbnailUrl":"https:\/\/marcelolopes.jor.br\/site\/wp-content\/uploads\/2021\/05\/IMG_8372.jpeg","datePublished":"2021-05-25T21:00:40+00:00","breadcrumb":{"@id":"https:\/\/marcelolopes.jor.br\/site\/2021\/05\/25\/comerciantes-que-trabalham-a-noite-fazem-passeata-contra-decreto-municipal\/#breadcrumb"},"inLanguage":"pt-BR","potentialAction":[{"@type":"ReadAction","target":["https:\/\/marcelolopes.jor.br\/site\/2021\/05\/25\/comerciantes-que-trabalham-a-noite-fazem-passeata-contra-decreto-municipal\/"]}]},{"@type":"ImageObject","inLanguage":"pt-BR","@id":"https:\/\/marcelolopes.jor.br\/site\/2021\/05\/25\/comerciantes-que-trabalham-a-noite-fazem-passeata-contra-decreto-municipal\/#primaryimage","url":"https:\/\/marcelolopes.jor.br\/site\/wp-content\/uploads\/2021\/05\/IMG_8372.jpeg","contentUrl":"https:\/\/marcelolopes.jor.br\/site\/wp-content\/uploads\/2021\/05\/IMG_8372.jpeg","width":800,"height":450},{"@type":"BreadcrumbList","@id":"https:\/\/marcelolopes.jor.br\/site\/2021\/05\/25\/comerciantes-que-trabalham-a-noite-fazem-passeata-contra-decreto-municipal\/#breadcrumb","itemListElement":[{"@type":"ListItem","position":1,"name":"Home","item":"https:\/\/marcelolopes.jor.br\/site\/"},{"@type":"ListItem","position":2,"name":"Comerciantes que trabalham \u00e0 noite fazem passeata contra decreto municipal"}]},{"@type":"WebSite","@id":"https:\/\/marcelolopes.jor.br\/site\/#website","url":"https:\/\/marcelolopes.jor.br\/site\/","name":"Marcelo Lopes","description":"Not\u00edcias de Cataguases e Regi\u00e3o","publisher":{"@id":"https:\/\/marcelolopes.jor.br\/site\/#organization"},"potentialAction":[{"@type":"SearchAction","target":{"@type":"EntryPoint","urlTemplate":"https:\/\/marcelolopes.jor.br\/site\/?s={search_term_string}"},"query-input":{"@type":"PropertyValueSpecification","valueRequired":true,"valueName":"search_term_string"}}],"inLanguage":"pt-BR"},{"@type":"Organization","@id":"https:\/\/marcelolopes.jor.br\/site\/#organization","name":"Site do Marcelo Lopes","url":"https:\/\/marcelolopes.jor.br\/site\/","logo":{"@type":"ImageObject","inLanguage":"pt-BR","@id":"https:\/\/marcelolopes.jor.br\/site\/#\/schema\/logo\/image\/","url":"https:\/\/marcelolopes.jor.br\/site\/wp-content\/uploads\/2024\/11\/logo-1.png","contentUrl":"https:\/\/marcelolopes.jor.br\/site\/wp-content\/uploads\/2024\/11\/logo-1.png","width":475,"height":80,"caption":"Site do Marcelo Lopes"},"image":{"@id":"https:\/\/marcelolopes.jor.br\/site\/#\/schema\/logo\/image\/"},"sameAs":["https:\/\/www.facebook.com\/sitedomarcelolopes","https:\/\/www.instagram.com\/sitedomarcelolopes\/","https:\/\/www.linkedin.com\/company\/site-do-marcelo-lopes\/","https:\/\/www.youtube.com\/user\/marcelolopes957"]},{"@type":"Person","@id":"https:\/\/marcelolopes.jor.br\/site\/#\/schema\/person\/3e7216a35c34d8fdf952b31da3d1f89f","name":"Marcelo Lopes","sameAs":["http:\/\/www.marcelolopes.jor.br"],"url":"https:\/\/marcelolopes.jor.br\/site\/author\/marcelo\/"}]}},"wps_subtitle":"Eles foram recebidos pelo prefeito Jos\u00e9 Henriques, mas n\u00e3o ficaram satisfeitos.","_links":{"self":[{"href":"https:\/\/marcelolopes.jor.br\/site\/wp-json\/wp\/v2\/posts\/24012","targetHints":{"allow":["GET"]}}],"collection":[{"href":"https:\/\/marcelolopes.jor.br\/site\/wp-json\/wp\/v2\/posts"}],"about":[{"href":"https:\/\/marcelolopes.jor.br\/site\/wp-json\/wp\/v2\/types\/post"}],"author":[{"embeddable":true,"href":"https:\/\/marcelolopes.jor.br\/site\/wp-json\/wp\/v2\/users\/2"}],"replies":[{"embeddable":true,"href":"https:\/\/marcelolopes.jor.br\/site\/wp-json\/wp\/v2\/comments?post=24012"}],"version-history":[{"count":0,"href":"https:\/\/marcelolopes.jor.br\/site\/wp-json\/wp\/v2\/posts\/24012\/revisions"}],"wp:featuredmedia":[{"embeddable":true,"href":"https:\/\/marcelolopes.jor.br\/site\/wp-json\/wp\/v2\/media\/24014"}],"wp:attachment":[{"href":"https:\/\/marcelolopes.jor.br\/site\/wp-json\/wp\/v2\/media?parent=24012"}],"wp:term":[{"taxonomy":"category","embeddable":true,"href":"https:\/\/marcelolopes.jor.br\/site\/wp-json\/wp\/v2\/categories?post=24012"},{"taxonomy":"post_tag","embeddable":true,"href":"https:\/\/marcelolopes.jor.br\/site\/wp-json\/wp\/v2\/tags?post=24012"}],"curies":[{"name":"wp","href":"https:\/\/api.w.org\/{rel}","templated":true}]}}