{"id":23711,"date":"2021-05-14T16:00:29","date_gmt":"2021-05-14T19:00:29","guid":{"rendered":"https:\/\/marcelolopes.jor.br\/?p=23711"},"modified":"2021-05-14T14:02:36","modified_gmt":"2021-05-14T17:02:36","slug":"energia-eletrica-e-medicamentos-podem-ficar-mais-baratos-ainda-este-ano","status":"publish","type":"post","link":"https:\/\/marcelolopes.jor.br\/site\/2021\/05\/14\/energia-eletrica-e-medicamentos-podem-ficar-mais-baratos-ainda-este-ano\/","title":{"rendered":"Energia el\u00e9trica e medicamentos podem ficar mais baratos ainda este ano"},"content":{"rendered":"<p style=\"text-align: justify;\">O Senado aprovou dois projetos de lei que v\u00e3o trazer economia para a popula\u00e7\u00e3o, especialmente a mais carente. Trata-se da suspens\u00e3o do aumento de pre\u00e7o de medicamentos em 2021, e da redu\u00e7\u00e3o de tarifas de energia el\u00e9trica por cinco anos. Ambas medidas precisam, agora, serem aprovadas pela C\u00e2mara dos Deputados.<!--more--><\/p>\n<p style=\"text-align: justify;\"><a href=\"http:\/\/wa.me\/553234211213\"><img loading=\"lazy\" decoding=\"async\" class=\"aligncenter wp-image-23456 size-full\" src=\"https:\/\/marcelolopes.jor.br\/site\/wp-content\/uploads\/2021\/05\/Banner-Marcelo-Lopes-6.gif\" alt=\"\" width=\"800\" height=\"214\" \/><\/a>No caso dos medicamentos o texto tamb\u00e9m determina a revers\u00e3o de reajustes j\u00e1 aplicados este ano, havendo, inclusive, a restitui\u00e7\u00e3o de pagamento j\u00e1 realizado. Para o autor do projeto, senador Lasier Martins (Podemos-RS), o projeto \u00e9 uma forma de diminuir a press\u00e3o sobre o or\u00e7amento das fam\u00edlias que est\u00e3o enfrentando o coronav\u00edrus e, tamb\u00e9m, daquelas com doentes que demandam uso cont\u00ednuo de medicamentos.<\/p>\n<p style=\"text-align: justify;\">Os medicamentos dispon\u00edveis no Brasil t\u00eam seus pre\u00e7os controlados pela C\u00e2mara de Regula\u00e7\u00e3o do Mercado de Medicamentos (Cmed). Uma vez por ano, a Cmed fixa o teto de pre\u00e7os permitidos para a venda de medicamentos, mas esse controle n\u00e3o alcan\u00e7a todos os rem\u00e9dios. Determinadas classes terap\u00eauticas de medicamentos isentos de prescri\u00e7\u00e3o, por exemplo, ficam de fora.<\/p>\n<h6><a href=\"https:\/\/voltz.page.link\/6FaZWrWss7UHANSt6\"><span style=\"color: #800080;\">ABRA UMA CONTA VOLTZ E GANHE AT\u00c9 10% DE DESCONTO NA CONTA DE LUZ. CLIQUE AQUI.<\/span><\/a><\/h6>\n<h6><img loading=\"lazy\" decoding=\"async\" class=\"aligncenter size-full wp-image-23713\" src=\"https:\/\/marcelolopes.jor.br\/site\/wp-content\/uploads\/2021\/05\/lights_1_1448102-3923231.jpg\" alt=\"\" width=\"700\" height=\"385\" srcset=\"https:\/\/marcelolopes.jor.br\/site\/wp-content\/uploads\/2021\/05\/lights_1_1448102-3923231.jpg 700w, https:\/\/marcelolopes.jor.br\/site\/wp-content\/uploads\/2021\/05\/lights_1_1448102-3923231-300x165.jpg 300w\" sizes=\"auto, (max-width: 700px) 100vw, 700px\" \/><\/h6>\n<h6 style=\"text-align: justify;\">Energia el\u00e9trica<\/h6>\n<p style=\"text-align: justify;\">Com rela\u00e7\u00e3o a redu\u00e7\u00e3o na tarifa de energia el\u00e9trica, ela ocorreria gra\u00e7as ao reembolso de tributos recolhidos indevidamente pelas empresas distribuidoras de energia el\u00e9trica no passado, em forma de redu\u00e7\u00e3o na tarifa. Esse recolhimento de recursos ser\u00e1 poss\u00edvel gra\u00e7as a uma decis\u00e3o do Supremo Tribunal Federal (STF).<\/p>\n<p style=\"text-align: justify;\">Nessa decis\u00e3o, o STF entendeu que o Imposto sobre Circula\u00e7\u00e3o de Mercadorias e Servi\u00e7os (ICMS) cobrado \u00e0s distribuidoras de energia el\u00e9trica, e repassado aos consumidores, n\u00e3o deve compor a base de c\u00e1lculo da Contribui\u00e7\u00e3o para Financiamento da Seguridade Social (Cofins) e do Programa de Integra\u00e7\u00e3o Social (PIS).<\/p>\n<p style=\"text-align: justify;\">Segundo o relator da mat\u00e9ria, Zequinha Marinho (PSC-PA), acordos de ressarcimento desses valores com o Estado e a Ag\u00eancia Nacional de Energia El\u00e9trica (Aneel) v\u00eam sendo discutidos. \u201cA Aneel j\u00e1 anunciou que, em decorr\u00eancia dessa decis\u00e3o, est\u00e3o em jogo cerca de R$ 50,1 bilh\u00f5es, considerando todo o pa\u00eds, que poderiam proporcionar descontos m\u00e9dios da ordem de 3% no valor de faturas emitidas\u201d, afirmou em seu parecer. \u201cAl\u00e9m disso, a Ag\u00eancia sinalizou que pensa em abater tais valores de aumentos futuros nas tarifas de energia el\u00e9trica, que s\u00e3o previstos contratualmente entre os Estados e as concession\u00e1rias\u201d, finalizou.<\/p>\n<p>Fonte e fotos: Arquivo Ag\u00eancia Brasil e Juri Staikov-Freeimages<\/p>\n<p>&nbsp;<\/p>\n<div class=\"lzrwn69f70b56df194\" ><br><\/div><style type=\"text\/css\">\r\n@media screen and (min-width: 1201px) {\r\n.lzrwn69f70b56df194 {\r\ndisplay: block;\r\n}\r\n}\r\n@media screen and (min-width: 993px) and (max-width: 1200px) {\r\n.lzrwn69f70b56df194 {\r\ndisplay: block;\r\n}\r\n}\r\n@media screen and (min-width: 769px) and (max-width: 992px) {\r\n.lzrwn69f70b56df194 {\r\ndisplay: block;\r\n}\r\n}\r\n@media screen and (min-width: 768px) and (max-width: 768px) {\r\n.lzrwn69f70b56df194 {\r\ndisplay: block;\r\n}\r\n}\r\n@media screen and (max-width: 767px) {\r\n.lzrwn69f70b56df194 {\r\ndisplay: block;\r\n}\r\n}\r\n<\/style>\r\n<div class=\"tzucy69f70b56e42a8\" ><div id=\"div_destino\"><\/div>\r\n<script src=\"https:\/\/cdn.snsrsv.com\/sdk.js\"><\/script>\r\n<script >\r\n      new sdk(\"464030C30061EA8BE065000000000001\") \r\n          .appendTo(\"div_destino\")\r\n          .disableStyle(true) \r\n          .setCacheBusterMacro(\"%%CACHEBUSTER%%\")\r\n          .setSize(\"800\",\"214\")\r\n          .setClickMacro(\"%%CLICK_URL_ESC%%\") \r\n          .setReferrerUrlMacro(\"%%REFERRER_URL_ESC%%\") \r\n          .start(); \r\n<\/script><\/div><style type=\"text\/css\">\r\n@media screen and (min-width: 1201px) {\r\n.tzucy69f70b56e42a8 {\r\ndisplay: block;\r\n}\r\n}\r\n@media screen and (min-width: 993px) and (max-width: 1200px) {\r\n.tzucy69f70b56e42a8 {\r\ndisplay: block;\r\n}\r\n}\r\n@media screen and (min-width: 769px) and (max-width: 992px) {\r\n.tzucy69f70b56e42a8 {\r\ndisplay: block;\r\n}\r\n}\r\n@media screen and (min-width: 768px) and (max-width: 768px) {\r\n.tzucy69f70b56e42a8 {\r\ndisplay: block;\r\n}\r\n}\r\n@media screen and (max-width: 767px) {\r\n.tzucy69f70b56e42a8 {\r\ndisplay: block;\r\n}\r\n}\r\n<\/style>\r\n","protected":false},"excerpt":{"rendered":"<p>O Senado aprovou dois projetos de lei que v\u00e3o trazer economia para a popula\u00e7\u00e3o, especialmente a mais carente. Trata-se da suspens\u00e3o do aumento de pre\u00e7o de medicamentos em 2021, e da redu\u00e7\u00e3o de tarifas de energia el\u00e9trica por cinco anos.<\/p>\n<p class=\"link-more\"><a class=\"more-link\" href=\"https:\/\/marcelolopes.jor.br\/site\/2021\/05\/14\/energia-eletrica-e-medicamentos-podem-ficar-mais-baratos-ainda-este-ano\/\">Leia mais <span class=\"screen-reader-text\">Energia el\u00e9trica e medicamentos podem ficar mais baratos ainda este ano<\/span><\/a><\/p>\n","protected":false},"author":2,"featured_media":23714,"comment_status":"open","ping_status":"open","sticky":false,"template":"","format":"standard","meta":{"footnotes":""},"categories":[1],"tags":[316,1925,1147,2933],"class_list":["post-23711","post","type-post","status-publish","format-standard","has-post-thumbnail","hentry","category-noticias","tag-energia-eletrica","tag-medicamentos","tag-projeto-de-lei","tag-senado","thumb-below-title"],"yoast_head":"<!-- This site is optimized with the Yoast SEO plugin v27.4 - https:\/\/yoast.com\/product\/yoast-seo-wordpress\/ -->\n<title>Energia el\u00e9trica e medicamentos podem ficar mais baratos ainda este ano | Marcelo Lopes<\/title>\n<meta name=\"robots\" content=\"index, follow, max-snippet:-1, max-image-preview:large, max-video-preview:-1\" \/>\n<link rel=\"canonical\" href=\"https:\/\/marcelolopes.jor.br\/site\/2021\/05\/14\/energia-eletrica-e-medicamentos-podem-ficar-mais-baratos-ainda-este-ano\/\" \/>\n<meta property=\"og:locale\" content=\"pt_BR\" \/>\n<meta property=\"og:type\" content=\"article\" \/>\n<meta property=\"og:title\" content=\"Energia el\u00e9trica e medicamentos podem ficar mais baratos ainda este ano | Marcelo Lopes\" \/>\n<meta property=\"og:description\" content=\"O Senado aprovou dois projetos de lei que v\u00e3o trazer economia para a popula\u00e7\u00e3o, especialmente a mais carente. Trata-se da suspens\u00e3o do aumento de pre\u00e7o de medicamentos em 2021, e da redu\u00e7\u00e3o de tarifas de energia el\u00e9trica por cinco anos.Leia mais Energia el\u00e9trica e medicamentos podem ficar mais baratos ainda este ano\" \/>\n<meta property=\"og:url\" content=\"https:\/\/marcelolopes.jor.br\/site\/2021\/05\/14\/energia-eletrica-e-medicamentos-podem-ficar-mais-baratos-ainda-este-ano\/\" \/>\n<meta property=\"og:site_name\" content=\"Marcelo Lopes\" \/>\n<meta property=\"article:publisher\" content=\"https:\/\/www.facebook.com\/sitedomarcelolopes\" \/>\n<meta property=\"article:published_time\" content=\"2021-05-14T19:00:29+00:00\" \/>\n<meta property=\"og:image\" content=\"https:\/\/marcelolopes.jor.br\/site\/wp-content\/uploads\/2021\/05\/medicamentos_0.jpg\" \/>\n\t<meta property=\"og:image:width\" content=\"1170\" \/>\n\t<meta property=\"og:image:height\" content=\"700\" \/>\n\t<meta property=\"og:image:type\" content=\"image\/jpeg\" \/>\n<meta name=\"author\" content=\"Marcelo Lopes\" \/>\n<meta name=\"twitter:card\" content=\"summary_large_image\" \/>\n<meta name=\"twitter:label1\" content=\"Escrito por\" \/>\n\t<meta name=\"twitter:data1\" content=\"Marcelo Lopes\" \/>\n\t<meta name=\"twitter:label2\" content=\"Est. tempo de leitura\" \/>\n\t<meta name=\"twitter:data2\" content=\"2 minutos\" \/>\n<script type=\"application\/ld+json\" class=\"yoast-schema-graph\">{\"@context\":\"https:\\\/\\\/schema.org\",\"@graph\":[{\"@type\":\"NewsArticle\",\"@id\":\"https:\\\/\\\/marcelolopes.jor.br\\\/site\\\/2021\\\/05\\\/14\\\/energia-eletrica-e-medicamentos-podem-ficar-mais-baratos-ainda-este-ano\\\/#article\",\"isPartOf\":{\"@id\":\"https:\\\/\\\/marcelolopes.jor.br\\\/site\\\/2021\\\/05\\\/14\\\/energia-eletrica-e-medicamentos-podem-ficar-mais-baratos-ainda-este-ano\\\/\"},\"author\":{\"name\":\"Marcelo Lopes\",\"@id\":\"https:\\\/\\\/marcelolopes.jor.br\\\/site\\\/#\\\/schema\\\/person\\\/3e7216a35c34d8fdf952b31da3d1f89f\"},\"headline\":\"Energia el\u00e9trica e medicamentos podem ficar mais baratos ainda este ano\",\"datePublished\":\"2021-05-14T19:00:29+00:00\",\"mainEntityOfPage\":{\"@id\":\"https:\\\/\\\/marcelolopes.jor.br\\\/site\\\/2021\\\/05\\\/14\\\/energia-eletrica-e-medicamentos-podem-ficar-mais-baratos-ainda-este-ano\\\/\"},\"wordCount\":456,\"commentCount\":0,\"publisher\":{\"@id\":\"https:\\\/\\\/marcelolopes.jor.br\\\/site\\\/#organization\"},\"image\":{\"@id\":\"https:\\\/\\\/marcelolopes.jor.br\\\/site\\\/2021\\\/05\\\/14\\\/energia-eletrica-e-medicamentos-podem-ficar-mais-baratos-ainda-este-ano\\\/#primaryimage\"},\"thumbnailUrl\":\"https:\\\/\\\/marcelolopes.jor.br\\\/site\\\/wp-content\\\/uploads\\\/2021\\\/05\\\/medicamentos_0.jpg\",\"keywords\":[\"energia el\u00e9trica\",\"medicamentos\",\"projeto de lei\",\"Senado\"],\"articleSection\":[\"Not\u00edcias\"],\"inLanguage\":\"pt-BR\",\"potentialAction\":[{\"@type\":\"CommentAction\",\"name\":\"Comment\",\"target\":[\"https:\\\/\\\/marcelolopes.jor.br\\\/site\\\/2021\\\/05\\\/14\\\/energia-eletrica-e-medicamentos-podem-ficar-mais-baratos-ainda-este-ano\\\/#respond\"]}]},{\"@type\":\"WebPage\",\"@id\":\"https:\\\/\\\/marcelolopes.jor.br\\\/site\\\/2021\\\/05\\\/14\\\/energia-eletrica-e-medicamentos-podem-ficar-mais-baratos-ainda-este-ano\\\/\",\"url\":\"https:\\\/\\\/marcelolopes.jor.br\\\/site\\\/2021\\\/05\\\/14\\\/energia-eletrica-e-medicamentos-podem-ficar-mais-baratos-ainda-este-ano\\\/\",\"name\":\"Energia el\u00e9trica e medicamentos podem ficar mais baratos ainda este ano | Marcelo Lopes\",\"isPartOf\":{\"@id\":\"https:\\\/\\\/marcelolopes.jor.br\\\/site\\\/#website\"},\"primaryImageOfPage\":{\"@id\":\"https:\\\/\\\/marcelolopes.jor.br\\\/site\\\/2021\\\/05\\\/14\\\/energia-eletrica-e-medicamentos-podem-ficar-mais-baratos-ainda-este-ano\\\/#primaryimage\"},\"image\":{\"@id\":\"https:\\\/\\\/marcelolopes.jor.br\\\/site\\\/2021\\\/05\\\/14\\\/energia-eletrica-e-medicamentos-podem-ficar-mais-baratos-ainda-este-ano\\\/#primaryimage\"},\"thumbnailUrl\":\"https:\\\/\\\/marcelolopes.jor.br\\\/site\\\/wp-content\\\/uploads\\\/2021\\\/05\\\/medicamentos_0.jpg\",\"datePublished\":\"2021-05-14T19:00:29+00:00\",\"breadcrumb\":{\"@id\":\"https:\\\/\\\/marcelolopes.jor.br\\\/site\\\/2021\\\/05\\\/14\\\/energia-eletrica-e-medicamentos-podem-ficar-mais-baratos-ainda-este-ano\\\/#breadcrumb\"},\"inLanguage\":\"pt-BR\",\"potentialAction\":[{\"@type\":\"ReadAction\",\"target\":[\"https:\\\/\\\/marcelolopes.jor.br\\\/site\\\/2021\\\/05\\\/14\\\/energia-eletrica-e-medicamentos-podem-ficar-mais-baratos-ainda-este-ano\\\/\"]}]},{\"@type\":\"ImageObject\",\"inLanguage\":\"pt-BR\",\"@id\":\"https:\\\/\\\/marcelolopes.jor.br\\\/site\\\/2021\\\/05\\\/14\\\/energia-eletrica-e-medicamentos-podem-ficar-mais-baratos-ainda-este-ano\\\/#primaryimage\",\"url\":\"https:\\\/\\\/marcelolopes.jor.br\\\/site\\\/wp-content\\\/uploads\\\/2021\\\/05\\\/medicamentos_0.jpg\",\"contentUrl\":\"https:\\\/\\\/marcelolopes.jor.br\\\/site\\\/wp-content\\\/uploads\\\/2021\\\/05\\\/medicamentos_0.jpg\",\"width\":1170,\"height\":700},{\"@type\":\"BreadcrumbList\",\"@id\":\"https:\\\/\\\/marcelolopes.jor.br\\\/site\\\/2021\\\/05\\\/14\\\/energia-eletrica-e-medicamentos-podem-ficar-mais-baratos-ainda-este-ano\\\/#breadcrumb\",\"itemListElement\":[{\"@type\":\"ListItem\",\"position\":1,\"name\":\"Home\",\"item\":\"https:\\\/\\\/marcelolopes.jor.br\\\/site\\\/\"},{\"@type\":\"ListItem\",\"position\":2,\"name\":\"Energia el\u00e9trica e medicamentos podem ficar mais baratos ainda este ano\"}]},{\"@type\":\"WebSite\",\"@id\":\"https:\\\/\\\/marcelolopes.jor.br\\\/site\\\/#website\",\"url\":\"https:\\\/\\\/marcelolopes.jor.br\\\/site\\\/\",\"name\":\"Marcelo Lopes\",\"description\":\"Not\u00edcias de Cataguases e Regi\u00e3o\",\"publisher\":{\"@id\":\"https:\\\/\\\/marcelolopes.jor.br\\\/site\\\/#organization\"},\"potentialAction\":[{\"@type\":\"SearchAction\",\"target\":{\"@type\":\"EntryPoint\",\"urlTemplate\":\"https:\\\/\\\/marcelolopes.jor.br\\\/site\\\/?s={search_term_string}\"},\"query-input\":{\"@type\":\"PropertyValueSpecification\",\"valueRequired\":true,\"valueName\":\"search_term_string\"}}],\"inLanguage\":\"pt-BR\"},{\"@type\":\"Organization\",\"@id\":\"https:\\\/\\\/marcelolopes.jor.br\\\/site\\\/#organization\",\"name\":\"Site do Marcelo Lopes\",\"url\":\"https:\\\/\\\/marcelolopes.jor.br\\\/site\\\/\",\"logo\":{\"@type\":\"ImageObject\",\"inLanguage\":\"pt-BR\",\"@id\":\"https:\\\/\\\/marcelolopes.jor.br\\\/site\\\/#\\\/schema\\\/logo\\\/image\\\/\",\"url\":\"https:\\\/\\\/marcelolopes.jor.br\\\/site\\\/wp-content\\\/uploads\\\/2024\\\/11\\\/logo-1.png\",\"contentUrl\":\"https:\\\/\\\/marcelolopes.jor.br\\\/site\\\/wp-content\\\/uploads\\\/2024\\\/11\\\/logo-1.png\",\"width\":475,\"height\":80,\"caption\":\"Site do Marcelo Lopes\"},\"image\":{\"@id\":\"https:\\\/\\\/marcelolopes.jor.br\\\/site\\\/#\\\/schema\\\/logo\\\/image\\\/\"},\"sameAs\":[\"https:\\\/\\\/www.facebook.com\\\/sitedomarcelolopes\",\"https:\\\/\\\/www.instagram.com\\\/sitedomarcelolopes\\\/\",\"https:\\\/\\\/www.linkedin.com\\\/company\\\/site-do-marcelo-lopes\\\/\",\"https:\\\/\\\/www.youtube.com\\\/user\\\/marcelolopes957\"]},{\"@type\":\"Person\",\"@id\":\"https:\\\/\\\/marcelolopes.jor.br\\\/site\\\/#\\\/schema\\\/person\\\/3e7216a35c34d8fdf952b31da3d1f89f\",\"name\":\"Marcelo Lopes\",\"sameAs\":[\"http:\\\/\\\/www.marcelolopes.jor.br\"],\"url\":\"https:\\\/\\\/marcelolopes.jor.br\\\/site\\\/author\\\/marcelo\\\/\"}]}<\/script>\n<!-- \/ Yoast SEO plugin. -->","yoast_head_json":{"title":"Energia el\u00e9trica e medicamentos podem ficar mais baratos ainda este ano | Marcelo Lopes","robots":{"index":"index","follow":"follow","max-snippet":"max-snippet:-1","max-image-preview":"max-image-preview:large","max-video-preview":"max-video-preview:-1"},"canonical":"https:\/\/marcelolopes.jor.br\/site\/2021\/05\/14\/energia-eletrica-e-medicamentos-podem-ficar-mais-baratos-ainda-este-ano\/","og_locale":"pt_BR","og_type":"article","og_title":"Energia el\u00e9trica e medicamentos podem ficar mais baratos ainda este ano | Marcelo Lopes","og_description":"O Senado aprovou dois projetos de lei que v\u00e3o trazer economia para a popula\u00e7\u00e3o, especialmente a mais carente. Trata-se da suspens\u00e3o do aumento de pre\u00e7o de medicamentos em 2021, e da redu\u00e7\u00e3o de tarifas de energia el\u00e9trica por cinco anos.Leia mais Energia el\u00e9trica e medicamentos podem ficar mais baratos ainda este ano","og_url":"https:\/\/marcelolopes.jor.br\/site\/2021\/05\/14\/energia-eletrica-e-medicamentos-podem-ficar-mais-baratos-ainda-este-ano\/","og_site_name":"Marcelo Lopes","article_publisher":"https:\/\/www.facebook.com\/sitedomarcelolopes","article_published_time":"2021-05-14T19:00:29+00:00","og_image":[{"width":1170,"height":700,"url":"https:\/\/marcelolopes.jor.br\/site\/wp-content\/uploads\/2021\/05\/medicamentos_0.jpg","type":"image\/jpeg"}],"author":"Marcelo Lopes","twitter_card":"summary_large_image","twitter_misc":{"Escrito por":"Marcelo Lopes","Est. tempo de leitura":"2 minutos"},"schema":{"@context":"https:\/\/schema.org","@graph":[{"@type":"NewsArticle","@id":"https:\/\/marcelolopes.jor.br\/site\/2021\/05\/14\/energia-eletrica-e-medicamentos-podem-ficar-mais-baratos-ainda-este-ano\/#article","isPartOf":{"@id":"https:\/\/marcelolopes.jor.br\/site\/2021\/05\/14\/energia-eletrica-e-medicamentos-podem-ficar-mais-baratos-ainda-este-ano\/"},"author":{"name":"Marcelo Lopes","@id":"https:\/\/marcelolopes.jor.br\/site\/#\/schema\/person\/3e7216a35c34d8fdf952b31da3d1f89f"},"headline":"Energia el\u00e9trica e medicamentos podem ficar mais baratos ainda este ano","datePublished":"2021-05-14T19:00:29+00:00","mainEntityOfPage":{"@id":"https:\/\/marcelolopes.jor.br\/site\/2021\/05\/14\/energia-eletrica-e-medicamentos-podem-ficar-mais-baratos-ainda-este-ano\/"},"wordCount":456,"commentCount":0,"publisher":{"@id":"https:\/\/marcelolopes.jor.br\/site\/#organization"},"image":{"@id":"https:\/\/marcelolopes.jor.br\/site\/2021\/05\/14\/energia-eletrica-e-medicamentos-podem-ficar-mais-baratos-ainda-este-ano\/#primaryimage"},"thumbnailUrl":"https:\/\/marcelolopes.jor.br\/site\/wp-content\/uploads\/2021\/05\/medicamentos_0.jpg","keywords":["energia el\u00e9trica","medicamentos","projeto de lei","Senado"],"articleSection":["Not\u00edcias"],"inLanguage":"pt-BR","potentialAction":[{"@type":"CommentAction","name":"Comment","target":["https:\/\/marcelolopes.jor.br\/site\/2021\/05\/14\/energia-eletrica-e-medicamentos-podem-ficar-mais-baratos-ainda-este-ano\/#respond"]}]},{"@type":"WebPage","@id":"https:\/\/marcelolopes.jor.br\/site\/2021\/05\/14\/energia-eletrica-e-medicamentos-podem-ficar-mais-baratos-ainda-este-ano\/","url":"https:\/\/marcelolopes.jor.br\/site\/2021\/05\/14\/energia-eletrica-e-medicamentos-podem-ficar-mais-baratos-ainda-este-ano\/","name":"Energia el\u00e9trica e medicamentos podem ficar mais baratos ainda este ano | Marcelo Lopes","isPartOf":{"@id":"https:\/\/marcelolopes.jor.br\/site\/#website"},"primaryImageOfPage":{"@id":"https:\/\/marcelolopes.jor.br\/site\/2021\/05\/14\/energia-eletrica-e-medicamentos-podem-ficar-mais-baratos-ainda-este-ano\/#primaryimage"},"image":{"@id":"https:\/\/marcelolopes.jor.br\/site\/2021\/05\/14\/energia-eletrica-e-medicamentos-podem-ficar-mais-baratos-ainda-este-ano\/#primaryimage"},"thumbnailUrl":"https:\/\/marcelolopes.jor.br\/site\/wp-content\/uploads\/2021\/05\/medicamentos_0.jpg","datePublished":"2021-05-14T19:00:29+00:00","breadcrumb":{"@id":"https:\/\/marcelolopes.jor.br\/site\/2021\/05\/14\/energia-eletrica-e-medicamentos-podem-ficar-mais-baratos-ainda-este-ano\/#breadcrumb"},"inLanguage":"pt-BR","potentialAction":[{"@type":"ReadAction","target":["https:\/\/marcelolopes.jor.br\/site\/2021\/05\/14\/energia-eletrica-e-medicamentos-podem-ficar-mais-baratos-ainda-este-ano\/"]}]},{"@type":"ImageObject","inLanguage":"pt-BR","@id":"https:\/\/marcelolopes.jor.br\/site\/2021\/05\/14\/energia-eletrica-e-medicamentos-podem-ficar-mais-baratos-ainda-este-ano\/#primaryimage","url":"https:\/\/marcelolopes.jor.br\/site\/wp-content\/uploads\/2021\/05\/medicamentos_0.jpg","contentUrl":"https:\/\/marcelolopes.jor.br\/site\/wp-content\/uploads\/2021\/05\/medicamentos_0.jpg","width":1170,"height":700},{"@type":"BreadcrumbList","@id":"https:\/\/marcelolopes.jor.br\/site\/2021\/05\/14\/energia-eletrica-e-medicamentos-podem-ficar-mais-baratos-ainda-este-ano\/#breadcrumb","itemListElement":[{"@type":"ListItem","position":1,"name":"Home","item":"https:\/\/marcelolopes.jor.br\/site\/"},{"@type":"ListItem","position":2,"name":"Energia el\u00e9trica e medicamentos podem ficar mais baratos ainda este ano"}]},{"@type":"WebSite","@id":"https:\/\/marcelolopes.jor.br\/site\/#website","url":"https:\/\/marcelolopes.jor.br\/site\/","name":"Marcelo Lopes","description":"Not\u00edcias de Cataguases e Regi\u00e3o","publisher":{"@id":"https:\/\/marcelolopes.jor.br\/site\/#organization"},"potentialAction":[{"@type":"SearchAction","target":{"@type":"EntryPoint","urlTemplate":"https:\/\/marcelolopes.jor.br\/site\/?s={search_term_string}"},"query-input":{"@type":"PropertyValueSpecification","valueRequired":true,"valueName":"search_term_string"}}],"inLanguage":"pt-BR"},{"@type":"Organization","@id":"https:\/\/marcelolopes.jor.br\/site\/#organization","name":"Site do Marcelo Lopes","url":"https:\/\/marcelolopes.jor.br\/site\/","logo":{"@type":"ImageObject","inLanguage":"pt-BR","@id":"https:\/\/marcelolopes.jor.br\/site\/#\/schema\/logo\/image\/","url":"https:\/\/marcelolopes.jor.br\/site\/wp-content\/uploads\/2024\/11\/logo-1.png","contentUrl":"https:\/\/marcelolopes.jor.br\/site\/wp-content\/uploads\/2024\/11\/logo-1.png","width":475,"height":80,"caption":"Site do Marcelo Lopes"},"image":{"@id":"https:\/\/marcelolopes.jor.br\/site\/#\/schema\/logo\/image\/"},"sameAs":["https:\/\/www.facebook.com\/sitedomarcelolopes","https:\/\/www.instagram.com\/sitedomarcelolopes\/","https:\/\/www.linkedin.com\/company\/site-do-marcelo-lopes\/","https:\/\/www.youtube.com\/user\/marcelolopes957"]},{"@type":"Person","@id":"https:\/\/marcelolopes.jor.br\/site\/#\/schema\/person\/3e7216a35c34d8fdf952b31da3d1f89f","name":"Marcelo Lopes","sameAs":["http:\/\/www.marcelolopes.jor.br"],"url":"https:\/\/marcelolopes.jor.br\/site\/author\/marcelo\/"}]}},"wps_subtitle":"Senado aprovou dois projetos de lei neste sentido. Deputados v\u00e3o votar.","_links":{"self":[{"href":"https:\/\/marcelolopes.jor.br\/site\/wp-json\/wp\/v2\/posts\/23711","targetHints":{"allow":["GET"]}}],"collection":[{"href":"https:\/\/marcelolopes.jor.br\/site\/wp-json\/wp\/v2\/posts"}],"about":[{"href":"https:\/\/marcelolopes.jor.br\/site\/wp-json\/wp\/v2\/types\/post"}],"author":[{"embeddable":true,"href":"https:\/\/marcelolopes.jor.br\/site\/wp-json\/wp\/v2\/users\/2"}],"replies":[{"embeddable":true,"href":"https:\/\/marcelolopes.jor.br\/site\/wp-json\/wp\/v2\/comments?post=23711"}],"version-history":[{"count":0,"href":"https:\/\/marcelolopes.jor.br\/site\/wp-json\/wp\/v2\/posts\/23711\/revisions"}],"wp:featuredmedia":[{"embeddable":true,"href":"https:\/\/marcelolopes.jor.br\/site\/wp-json\/wp\/v2\/media\/23714"}],"wp:attachment":[{"href":"https:\/\/marcelolopes.jor.br\/site\/wp-json\/wp\/v2\/media?parent=23711"}],"wp:term":[{"taxonomy":"category","embeddable":true,"href":"https:\/\/marcelolopes.jor.br\/site\/wp-json\/wp\/v2\/categories?post=23711"},{"taxonomy":"post_tag","embeddable":true,"href":"https:\/\/marcelolopes.jor.br\/site\/wp-json\/wp\/v2\/tags?post=23711"}],"curies":[{"name":"wp","href":"https:\/\/api.w.org\/{rel}","templated":true}]}}