{"id":23605,"date":"2021-05-11T07:00:11","date_gmt":"2021-05-11T10:00:11","guid":{"rendered":"https:\/\/marcelolopes.jor.br\/?p=23605"},"modified":"2021-05-10T17:23:19","modified_gmt":"2021-05-10T20:23:19","slug":"fic-realiza-a-quinta-edicao-do-projeto-declaracao-solidaria","status":"publish","type":"post","link":"https:\/\/marcelolopes.jor.br\/site\/2021\/05\/11\/fic-realiza-a-quinta-edicao-do-projeto-declaracao-solidaria\/","title":{"rendered":"FIC realiza a quinta edi\u00e7\u00e3o do projeto Declara\u00e7\u00e3o Solid\u00e1ria"},"content":{"rendered":"<p style=\"text-align: justify;\">Alunos e professores do Curso de Ci\u00eancias Cont\u00e1beis da FIC \u2013 UNIS realizam a quinta edi\u00e7\u00e3o do projeto de responsabilidade social Declara\u00e7\u00e3o Solid\u00e1ria. A iniciativa conta com a participa\u00e7\u00e3o de alunos daquela institui\u00e7\u00e3o de ensino superior para orientar, tirar d\u00favidas e fazer a Declara\u00e7\u00e3o de Imposto de Renda Pessoa F\u00edsica, gratuitamente.<!--more--><\/p>\n<p style=\"text-align: justify;\" data-wp-editing=\"1\"><img loading=\"lazy\" decoding=\"async\" class=\"aligncenter size-full wp-image-23456\" src=\"https:\/\/marcelolopes.jor.br\/site\/wp-content\/uploads\/2021\/05\/Banner-Marcelo-Lopes-6.gif\" alt=\"\" width=\"800\" height=\"214\" \/>Segundo informou o professor Jesusimar Dornelas, coordenador do curso, este ano ser\u00e3o feitas 160 declara\u00e7\u00f5es para pessoas que tiveram rendimentos de at\u00e9 R$ 50 mil reais, em 2020. Os alunos formandos do curso de Ci\u00eancias Cont\u00e1beis &#8211; que v\u00e3o preencher estas declara\u00e7\u00f5es &#8211; s\u00e3o supervisionados por professores da FIC e integrantes do N\u00facleo Apoio da Receita Federal do Brasil.<\/p>\n<h6><span style=\"color: #800080;\"><a href=\"https:\/\/voltz.page.link\/6FaZWrWss7UHANSt6\">ABRA A SUA CONTA VOLTZ AGORA. CLIQUE AQUI.<\/a><\/span><\/h6>\n<p style=\"text-align: justify;\">Este ano por conta da pandemia, revela Jesusimar, a FIC est\u00e1 atuando totalmente de forma on-line. &#8220;Os alunos j\u00e1 est\u00e3o preparados e capacitados para fazer os atendimentos que ir\u00e3o ocorrer at\u00e9 dia 20 de maio\u201d, revela. Os interessados em participar deste projeto, obter mais informa\u00e7\u00f5es e realizar sua declara\u00e7\u00e3o, ser\u00e1 preciso entrar em contato com um dos alunos participantes (veja a rela\u00e7\u00e3o ao final deste texto).<\/p>\n<p style=\"text-align: justify;\">Precisam declarar o Imposto de Renda pessoas que receberam R$ 28.559,70 em 2020; pessoas que possuam bens que somavam mais de R$ 300 mil em 2020; pessoas que possuam receita bruta em atividades rurais maiores que R$ 142.798,50; pessoas que receberam rendimentos isentos acima de R$ 40 mil. Se voc\u00ea ainda n\u00e3o fez sua declara\u00e7\u00e3o de imposto de renda de 2021, n\u00e3o perca tempo, porque o prazo para envio da declara\u00e7\u00e3o \u00e9 31 de maio.<\/p>\n<p style=\"text-align: justify;\">Alunos volunt\u00e1rios participantes do Declara\u00e7\u00e3o Solid\u00e1ria<\/p>\n<p style=\"text-align: justify;\"><strong>&#8211; Ana Luiza Garcia de Ara\u00fajo \u2013 (32) 99811-4106<\/strong><br \/>\n<strong>&#8211; Eduarda Melo de Souza Silva \u2013 (32) 98872\u20132772<\/strong><br \/>\n<strong>&#8211; Fernando Campos Moroni Filho \u2013 (32) 99955-2757<\/strong><br \/>\n<strong>&#8211; Gabriela Miguel \u2013 (32) 99924-3805<\/strong><br \/>\n<strong>&#8211; Larissa Conrado \u2013 (32) 984364209 <\/strong><br \/>\n<strong>&#8211; Marina Soares Miranda Sim\u00f5es \u2013 (32) 99833-0739<\/strong><br \/>\n<strong>&#8211; Matheus Ribeiro Oliveira \u2013 (32) 99100-0469<\/strong><br \/>\n<strong>&#8211; Thain\u00e1 Rossi \u2013 (32) 99978-9803<\/strong><\/p>\n<div class=\"gjllx69f76f5183b3c\" ><br><\/div><style type=\"text\/css\">\r\n@media screen and (min-width: 1201px) {\r\n.gjllx69f76f5183b3c {\r\ndisplay: block;\r\n}\r\n}\r\n@media screen and (min-width: 993px) and (max-width: 1200px) {\r\n.gjllx69f76f5183b3c {\r\ndisplay: block;\r\n}\r\n}\r\n@media screen and (min-width: 769px) and (max-width: 992px) {\r\n.gjllx69f76f5183b3c {\r\ndisplay: block;\r\n}\r\n}\r\n@media screen and (min-width: 768px) and (max-width: 768px) {\r\n.gjllx69f76f5183b3c {\r\ndisplay: block;\r\n}\r\n}\r\n@media screen and (max-width: 767px) {\r\n.gjllx69f76f5183b3c {\r\ndisplay: block;\r\n}\r\n}\r\n<\/style>\r\n<div class=\"ursal69f76f5188823\" ><div id=\"div_destino\"><\/div>\r\n<script src=\"https:\/\/cdn.snsrsv.com\/sdk.js\"><\/script>\r\n<script >\r\n      new sdk(\"464030C30061EA8BE065000000000001\") \r\n          .appendTo(\"div_destino\")\r\n          .disableStyle(true) \r\n          .setCacheBusterMacro(\"%%CACHEBUSTER%%\")\r\n          .setSize(\"800\",\"214\")\r\n          .setClickMacro(\"%%CLICK_URL_ESC%%\") \r\n          .setReferrerUrlMacro(\"%%REFERRER_URL_ESC%%\") \r\n          .start(); \r\n<\/script><\/div><style type=\"text\/css\">\r\n@media screen and (min-width: 1201px) {\r\n.ursal69f76f5188823 {\r\ndisplay: block;\r\n}\r\n}\r\n@media screen and (min-width: 993px) and (max-width: 1200px) {\r\n.ursal69f76f5188823 {\r\ndisplay: block;\r\n}\r\n}\r\n@media screen and (min-width: 769px) and (max-width: 992px) {\r\n.ursal69f76f5188823 {\r\ndisplay: block;\r\n}\r\n}\r\n@media screen and (min-width: 768px) and (max-width: 768px) {\r\n.ursal69f76f5188823 {\r\ndisplay: block;\r\n}\r\n}\r\n@media screen and (max-width: 767px) {\r\n.ursal69f76f5188823 {\r\ndisplay: block;\r\n}\r\n}\r\n<\/style>\r\n","protected":false},"excerpt":{"rendered":"<p>Alunos e professores do Curso de Ci\u00eancias Cont\u00e1beis da FIC \u2013 UNIS realizam a quinta edi\u00e7\u00e3o do projeto de responsabilidade social Declara\u00e7\u00e3o Solid\u00e1ria. A iniciativa conta com a participa\u00e7\u00e3o de alunos daquela institui\u00e7\u00e3o de ensino superior para orientar, tirar d\u00favidas<\/p>\n<p class=\"link-more\"><a class=\"more-link\" href=\"https:\/\/marcelolopes.jor.br\/site\/2021\/05\/11\/fic-realiza-a-quinta-edicao-do-projeto-declaracao-solidaria\/\">Leia mais <span class=\"screen-reader-text\">FIC realiza a quinta edi\u00e7\u00e3o do projeto Declara\u00e7\u00e3o Solid\u00e1ria<\/span><\/a><\/p>\n","protected":false},"author":2,"featured_media":7515,"comment_status":"open","ping_status":"open","sticky":false,"template":"","format":"standard","meta":{"footnotes":""},"categories":[1],"tags":[2674,619,1527,4008],"class_list":["post-23605","post","type-post","status-publish","format-standard","has-post-thumbnail","hentry","category-noticias","tag-declaracao","tag-fic-unis","tag-imposto-de-renda","tag-projeto-solidario","thumb-below-title"],"yoast_head":"<!-- This site is optimized with the Yoast SEO plugin v27.4 - https:\/\/yoast.com\/product\/yoast-seo-wordpress\/ -->\n<title>FIC realiza a quinta edi\u00e7\u00e3o do projeto Declara\u00e7\u00e3o Solid\u00e1ria | Marcelo Lopes<\/title>\n<meta name=\"robots\" content=\"index, follow, max-snippet:-1, max-image-preview:large, max-video-preview:-1\" \/>\n<link rel=\"canonical\" href=\"https:\/\/marcelolopes.jor.br\/site\/2021\/05\/11\/fic-realiza-a-quinta-edicao-do-projeto-declaracao-solidaria\/\" \/>\n<meta property=\"og:locale\" content=\"pt_BR\" \/>\n<meta property=\"og:type\" content=\"article\" \/>\n<meta property=\"og:title\" content=\"FIC realiza a quinta edi\u00e7\u00e3o do projeto Declara\u00e7\u00e3o Solid\u00e1ria | Marcelo Lopes\" \/>\n<meta property=\"og:description\" content=\"Alunos e professores do Curso de Ci\u00eancias Cont\u00e1beis da FIC \u2013 UNIS realizam a quinta edi\u00e7\u00e3o do projeto de responsabilidade social Declara\u00e7\u00e3o Solid\u00e1ria. A iniciativa conta com a participa\u00e7\u00e3o de alunos daquela institui\u00e7\u00e3o de ensino superior para orientar, tirar d\u00favidasLeia mais FIC realiza a quinta edi\u00e7\u00e3o do projeto Declara\u00e7\u00e3o Solid\u00e1ria\" \/>\n<meta property=\"og:url\" content=\"https:\/\/marcelolopes.jor.br\/site\/2021\/05\/11\/fic-realiza-a-quinta-edicao-do-projeto-declaracao-solidaria\/\" \/>\n<meta property=\"og:site_name\" content=\"Marcelo Lopes\" \/>\n<meta property=\"article:publisher\" content=\"https:\/\/www.facebook.com\/sitedomarcelolopes\" \/>\n<meta property=\"article:published_time\" content=\"2021-05-11T10:00:11+00:00\" \/>\n<meta property=\"og:image\" content=\"https:\/\/marcelolopes.jor.br\/site\/wp-content\/uploads\/2019\/11\/Fic1.jpg\" \/>\n\t<meta property=\"og:image:width\" content=\"1025\" \/>\n\t<meta property=\"og:image:height\" content=\"720\" \/>\n\t<meta property=\"og:image:type\" content=\"image\/jpeg\" \/>\n<meta name=\"author\" content=\"Marcelo Lopes\" \/>\n<meta name=\"twitter:card\" content=\"summary_large_image\" \/>\n<meta name=\"twitter:label1\" content=\"Escrito por\" \/>\n\t<meta name=\"twitter:data1\" content=\"Marcelo Lopes\" \/>\n\t<meta name=\"twitter:label2\" content=\"Est. tempo de leitura\" \/>\n\t<meta name=\"twitter:data2\" content=\"2 minutos\" \/>\n<script type=\"application\/ld+json\" class=\"yoast-schema-graph\">{\"@context\":\"https:\\\/\\\/schema.org\",\"@graph\":[{\"@type\":\"NewsArticle\",\"@id\":\"https:\\\/\\\/marcelolopes.jor.br\\\/site\\\/2021\\\/05\\\/11\\\/fic-realiza-a-quinta-edicao-do-projeto-declaracao-solidaria\\\/#article\",\"isPartOf\":{\"@id\":\"https:\\\/\\\/marcelolopes.jor.br\\\/site\\\/2021\\\/05\\\/11\\\/fic-realiza-a-quinta-edicao-do-projeto-declaracao-solidaria\\\/\"},\"author\":{\"name\":\"Marcelo Lopes\",\"@id\":\"https:\\\/\\\/marcelolopes.jor.br\\\/site\\\/#\\\/schema\\\/person\\\/3e7216a35c34d8fdf952b31da3d1f89f\"},\"headline\":\"FIC realiza a quinta edi\u00e7\u00e3o do projeto Declara\u00e7\u00e3o Solid\u00e1ria\",\"datePublished\":\"2021-05-11T10:00:11+00:00\",\"mainEntityOfPage\":{\"@id\":\"https:\\\/\\\/marcelolopes.jor.br\\\/site\\\/2021\\\/05\\\/11\\\/fic-realiza-a-quinta-edicao-do-projeto-declaracao-solidaria\\\/\"},\"wordCount\":336,\"commentCount\":0,\"publisher\":{\"@id\":\"https:\\\/\\\/marcelolopes.jor.br\\\/site\\\/#organization\"},\"image\":{\"@id\":\"https:\\\/\\\/marcelolopes.jor.br\\\/site\\\/2021\\\/05\\\/11\\\/fic-realiza-a-quinta-edicao-do-projeto-declaracao-solidaria\\\/#primaryimage\"},\"thumbnailUrl\":\"https:\\\/\\\/marcelolopes.jor.br\\\/site\\\/wp-content\\\/uploads\\\/2019\\\/11\\\/Fic1.jpg\",\"keywords\":[\"declara\u00e7\u00e3o\",\"FIC-UNIS\",\"imposto de renda\",\"projeto solid\u00e1rio\"],\"articleSection\":[\"Not\u00edcias\"],\"inLanguage\":\"pt-BR\",\"potentialAction\":[{\"@type\":\"CommentAction\",\"name\":\"Comment\",\"target\":[\"https:\\\/\\\/marcelolopes.jor.br\\\/site\\\/2021\\\/05\\\/11\\\/fic-realiza-a-quinta-edicao-do-projeto-declaracao-solidaria\\\/#respond\"]}]},{\"@type\":\"WebPage\",\"@id\":\"https:\\\/\\\/marcelolopes.jor.br\\\/site\\\/2021\\\/05\\\/11\\\/fic-realiza-a-quinta-edicao-do-projeto-declaracao-solidaria\\\/\",\"url\":\"https:\\\/\\\/marcelolopes.jor.br\\\/site\\\/2021\\\/05\\\/11\\\/fic-realiza-a-quinta-edicao-do-projeto-declaracao-solidaria\\\/\",\"name\":\"FIC realiza a quinta edi\u00e7\u00e3o do projeto Declara\u00e7\u00e3o Solid\u00e1ria | Marcelo Lopes\",\"isPartOf\":{\"@id\":\"https:\\\/\\\/marcelolopes.jor.br\\\/site\\\/#website\"},\"primaryImageOfPage\":{\"@id\":\"https:\\\/\\\/marcelolopes.jor.br\\\/site\\\/2021\\\/05\\\/11\\\/fic-realiza-a-quinta-edicao-do-projeto-declaracao-solidaria\\\/#primaryimage\"},\"image\":{\"@id\":\"https:\\\/\\\/marcelolopes.jor.br\\\/site\\\/2021\\\/05\\\/11\\\/fic-realiza-a-quinta-edicao-do-projeto-declaracao-solidaria\\\/#primaryimage\"},\"thumbnailUrl\":\"https:\\\/\\\/marcelolopes.jor.br\\\/site\\\/wp-content\\\/uploads\\\/2019\\\/11\\\/Fic1.jpg\",\"datePublished\":\"2021-05-11T10:00:11+00:00\",\"breadcrumb\":{\"@id\":\"https:\\\/\\\/marcelolopes.jor.br\\\/site\\\/2021\\\/05\\\/11\\\/fic-realiza-a-quinta-edicao-do-projeto-declaracao-solidaria\\\/#breadcrumb\"},\"inLanguage\":\"pt-BR\",\"potentialAction\":[{\"@type\":\"ReadAction\",\"target\":[\"https:\\\/\\\/marcelolopes.jor.br\\\/site\\\/2021\\\/05\\\/11\\\/fic-realiza-a-quinta-edicao-do-projeto-declaracao-solidaria\\\/\"]}]},{\"@type\":\"ImageObject\",\"inLanguage\":\"pt-BR\",\"@id\":\"https:\\\/\\\/marcelolopes.jor.br\\\/site\\\/2021\\\/05\\\/11\\\/fic-realiza-a-quinta-edicao-do-projeto-declaracao-solidaria\\\/#primaryimage\",\"url\":\"https:\\\/\\\/marcelolopes.jor.br\\\/site\\\/wp-content\\\/uploads\\\/2019\\\/11\\\/Fic1.jpg\",\"contentUrl\":\"https:\\\/\\\/marcelolopes.jor.br\\\/site\\\/wp-content\\\/uploads\\\/2019\\\/11\\\/Fic1.jpg\",\"width\":1025,\"height\":720},{\"@type\":\"BreadcrumbList\",\"@id\":\"https:\\\/\\\/marcelolopes.jor.br\\\/site\\\/2021\\\/05\\\/11\\\/fic-realiza-a-quinta-edicao-do-projeto-declaracao-solidaria\\\/#breadcrumb\",\"itemListElement\":[{\"@type\":\"ListItem\",\"position\":1,\"name\":\"Home\",\"item\":\"https:\\\/\\\/marcelolopes.jor.br\\\/site\\\/\"},{\"@type\":\"ListItem\",\"position\":2,\"name\":\"FIC realiza a quinta edi\u00e7\u00e3o do projeto Declara\u00e7\u00e3o Solid\u00e1ria\"}]},{\"@type\":\"WebSite\",\"@id\":\"https:\\\/\\\/marcelolopes.jor.br\\\/site\\\/#website\",\"url\":\"https:\\\/\\\/marcelolopes.jor.br\\\/site\\\/\",\"name\":\"Marcelo Lopes\",\"description\":\"Not\u00edcias de Cataguases e Regi\u00e3o\",\"publisher\":{\"@id\":\"https:\\\/\\\/marcelolopes.jor.br\\\/site\\\/#organization\"},\"potentialAction\":[{\"@type\":\"SearchAction\",\"target\":{\"@type\":\"EntryPoint\",\"urlTemplate\":\"https:\\\/\\\/marcelolopes.jor.br\\\/site\\\/?s={search_term_string}\"},\"query-input\":{\"@type\":\"PropertyValueSpecification\",\"valueRequired\":true,\"valueName\":\"search_term_string\"}}],\"inLanguage\":\"pt-BR\"},{\"@type\":\"Organization\",\"@id\":\"https:\\\/\\\/marcelolopes.jor.br\\\/site\\\/#organization\",\"name\":\"Site do Marcelo Lopes\",\"url\":\"https:\\\/\\\/marcelolopes.jor.br\\\/site\\\/\",\"logo\":{\"@type\":\"ImageObject\",\"inLanguage\":\"pt-BR\",\"@id\":\"https:\\\/\\\/marcelolopes.jor.br\\\/site\\\/#\\\/schema\\\/logo\\\/image\\\/\",\"url\":\"https:\\\/\\\/marcelolopes.jor.br\\\/site\\\/wp-content\\\/uploads\\\/2024\\\/11\\\/logo-1.png\",\"contentUrl\":\"https:\\\/\\\/marcelolopes.jor.br\\\/site\\\/wp-content\\\/uploads\\\/2024\\\/11\\\/logo-1.png\",\"width\":475,\"height\":80,\"caption\":\"Site do Marcelo Lopes\"},\"image\":{\"@id\":\"https:\\\/\\\/marcelolopes.jor.br\\\/site\\\/#\\\/schema\\\/logo\\\/image\\\/\"},\"sameAs\":[\"https:\\\/\\\/www.facebook.com\\\/sitedomarcelolopes\",\"https:\\\/\\\/www.instagram.com\\\/sitedomarcelolopes\\\/\",\"https:\\\/\\\/www.linkedin.com\\\/company\\\/site-do-marcelo-lopes\\\/\",\"https:\\\/\\\/www.youtube.com\\\/user\\\/marcelolopes957\"]},{\"@type\":\"Person\",\"@id\":\"https:\\\/\\\/marcelolopes.jor.br\\\/site\\\/#\\\/schema\\\/person\\\/3e7216a35c34d8fdf952b31da3d1f89f\",\"name\":\"Marcelo Lopes\",\"sameAs\":[\"http:\\\/\\\/www.marcelolopes.jor.br\"],\"url\":\"https:\\\/\\\/marcelolopes.jor.br\\\/site\\\/author\\\/marcelo\\\/\"}]}<\/script>\n<!-- \/ Yoast SEO plugin. -->","yoast_head_json":{"title":"FIC realiza a quinta edi\u00e7\u00e3o do projeto Declara\u00e7\u00e3o Solid\u00e1ria | Marcelo Lopes","robots":{"index":"index","follow":"follow","max-snippet":"max-snippet:-1","max-image-preview":"max-image-preview:large","max-video-preview":"max-video-preview:-1"},"canonical":"https:\/\/marcelolopes.jor.br\/site\/2021\/05\/11\/fic-realiza-a-quinta-edicao-do-projeto-declaracao-solidaria\/","og_locale":"pt_BR","og_type":"article","og_title":"FIC realiza a quinta edi\u00e7\u00e3o do projeto Declara\u00e7\u00e3o Solid\u00e1ria | Marcelo Lopes","og_description":"Alunos e professores do Curso de Ci\u00eancias Cont\u00e1beis da FIC \u2013 UNIS realizam a quinta edi\u00e7\u00e3o do projeto de responsabilidade social Declara\u00e7\u00e3o Solid\u00e1ria. A iniciativa conta com a participa\u00e7\u00e3o de alunos daquela institui\u00e7\u00e3o de ensino superior para orientar, tirar d\u00favidasLeia mais FIC realiza a quinta edi\u00e7\u00e3o do projeto Declara\u00e7\u00e3o Solid\u00e1ria","og_url":"https:\/\/marcelolopes.jor.br\/site\/2021\/05\/11\/fic-realiza-a-quinta-edicao-do-projeto-declaracao-solidaria\/","og_site_name":"Marcelo Lopes","article_publisher":"https:\/\/www.facebook.com\/sitedomarcelolopes","article_published_time":"2021-05-11T10:00:11+00:00","og_image":[{"width":1025,"height":720,"url":"https:\/\/marcelolopes.jor.br\/site\/wp-content\/uploads\/2019\/11\/Fic1.jpg","type":"image\/jpeg"}],"author":"Marcelo Lopes","twitter_card":"summary_large_image","twitter_misc":{"Escrito por":"Marcelo Lopes","Est. tempo de leitura":"2 minutos"},"schema":{"@context":"https:\/\/schema.org","@graph":[{"@type":"NewsArticle","@id":"https:\/\/marcelolopes.jor.br\/site\/2021\/05\/11\/fic-realiza-a-quinta-edicao-do-projeto-declaracao-solidaria\/#article","isPartOf":{"@id":"https:\/\/marcelolopes.jor.br\/site\/2021\/05\/11\/fic-realiza-a-quinta-edicao-do-projeto-declaracao-solidaria\/"},"author":{"name":"Marcelo Lopes","@id":"https:\/\/marcelolopes.jor.br\/site\/#\/schema\/person\/3e7216a35c34d8fdf952b31da3d1f89f"},"headline":"FIC realiza a quinta edi\u00e7\u00e3o do projeto Declara\u00e7\u00e3o Solid\u00e1ria","datePublished":"2021-05-11T10:00:11+00:00","mainEntityOfPage":{"@id":"https:\/\/marcelolopes.jor.br\/site\/2021\/05\/11\/fic-realiza-a-quinta-edicao-do-projeto-declaracao-solidaria\/"},"wordCount":336,"commentCount":0,"publisher":{"@id":"https:\/\/marcelolopes.jor.br\/site\/#organization"},"image":{"@id":"https:\/\/marcelolopes.jor.br\/site\/2021\/05\/11\/fic-realiza-a-quinta-edicao-do-projeto-declaracao-solidaria\/#primaryimage"},"thumbnailUrl":"https:\/\/marcelolopes.jor.br\/site\/wp-content\/uploads\/2019\/11\/Fic1.jpg","keywords":["declara\u00e7\u00e3o","FIC-UNIS","imposto de renda","projeto solid\u00e1rio"],"articleSection":["Not\u00edcias"],"inLanguage":"pt-BR","potentialAction":[{"@type":"CommentAction","name":"Comment","target":["https:\/\/marcelolopes.jor.br\/site\/2021\/05\/11\/fic-realiza-a-quinta-edicao-do-projeto-declaracao-solidaria\/#respond"]}]},{"@type":"WebPage","@id":"https:\/\/marcelolopes.jor.br\/site\/2021\/05\/11\/fic-realiza-a-quinta-edicao-do-projeto-declaracao-solidaria\/","url":"https:\/\/marcelolopes.jor.br\/site\/2021\/05\/11\/fic-realiza-a-quinta-edicao-do-projeto-declaracao-solidaria\/","name":"FIC realiza a quinta edi\u00e7\u00e3o do projeto Declara\u00e7\u00e3o Solid\u00e1ria | Marcelo Lopes","isPartOf":{"@id":"https:\/\/marcelolopes.jor.br\/site\/#website"},"primaryImageOfPage":{"@id":"https:\/\/marcelolopes.jor.br\/site\/2021\/05\/11\/fic-realiza-a-quinta-edicao-do-projeto-declaracao-solidaria\/#primaryimage"},"image":{"@id":"https:\/\/marcelolopes.jor.br\/site\/2021\/05\/11\/fic-realiza-a-quinta-edicao-do-projeto-declaracao-solidaria\/#primaryimage"},"thumbnailUrl":"https:\/\/marcelolopes.jor.br\/site\/wp-content\/uploads\/2019\/11\/Fic1.jpg","datePublished":"2021-05-11T10:00:11+00:00","breadcrumb":{"@id":"https:\/\/marcelolopes.jor.br\/site\/2021\/05\/11\/fic-realiza-a-quinta-edicao-do-projeto-declaracao-solidaria\/#breadcrumb"},"inLanguage":"pt-BR","potentialAction":[{"@type":"ReadAction","target":["https:\/\/marcelolopes.jor.br\/site\/2021\/05\/11\/fic-realiza-a-quinta-edicao-do-projeto-declaracao-solidaria\/"]}]},{"@type":"ImageObject","inLanguage":"pt-BR","@id":"https:\/\/marcelolopes.jor.br\/site\/2021\/05\/11\/fic-realiza-a-quinta-edicao-do-projeto-declaracao-solidaria\/#primaryimage","url":"https:\/\/marcelolopes.jor.br\/site\/wp-content\/uploads\/2019\/11\/Fic1.jpg","contentUrl":"https:\/\/marcelolopes.jor.br\/site\/wp-content\/uploads\/2019\/11\/Fic1.jpg","width":1025,"height":720},{"@type":"BreadcrumbList","@id":"https:\/\/marcelolopes.jor.br\/site\/2021\/05\/11\/fic-realiza-a-quinta-edicao-do-projeto-declaracao-solidaria\/#breadcrumb","itemListElement":[{"@type":"ListItem","position":1,"name":"Home","item":"https:\/\/marcelolopes.jor.br\/site\/"},{"@type":"ListItem","position":2,"name":"FIC realiza a quinta edi\u00e7\u00e3o do projeto Declara\u00e7\u00e3o Solid\u00e1ria"}]},{"@type":"WebSite","@id":"https:\/\/marcelolopes.jor.br\/site\/#website","url":"https:\/\/marcelolopes.jor.br\/site\/","name":"Marcelo Lopes","description":"Not\u00edcias de Cataguases e Regi\u00e3o","publisher":{"@id":"https:\/\/marcelolopes.jor.br\/site\/#organization"},"potentialAction":[{"@type":"SearchAction","target":{"@type":"EntryPoint","urlTemplate":"https:\/\/marcelolopes.jor.br\/site\/?s={search_term_string}"},"query-input":{"@type":"PropertyValueSpecification","valueRequired":true,"valueName":"search_term_string"}}],"inLanguage":"pt-BR"},{"@type":"Organization","@id":"https:\/\/marcelolopes.jor.br\/site\/#organization","name":"Site do Marcelo Lopes","url":"https:\/\/marcelolopes.jor.br\/site\/","logo":{"@type":"ImageObject","inLanguage":"pt-BR","@id":"https:\/\/marcelolopes.jor.br\/site\/#\/schema\/logo\/image\/","url":"https:\/\/marcelolopes.jor.br\/site\/wp-content\/uploads\/2024\/11\/logo-1.png","contentUrl":"https:\/\/marcelolopes.jor.br\/site\/wp-content\/uploads\/2024\/11\/logo-1.png","width":475,"height":80,"caption":"Site do Marcelo Lopes"},"image":{"@id":"https:\/\/marcelolopes.jor.br\/site\/#\/schema\/logo\/image\/"},"sameAs":["https:\/\/www.facebook.com\/sitedomarcelolopes","https:\/\/www.instagram.com\/sitedomarcelolopes\/","https:\/\/www.linkedin.com\/company\/site-do-marcelo-lopes\/","https:\/\/www.youtube.com\/user\/marcelolopes957"]},{"@type":"Person","@id":"https:\/\/marcelolopes.jor.br\/site\/#\/schema\/person\/3e7216a35c34d8fdf952b31da3d1f89f","name":"Marcelo Lopes","sameAs":["http:\/\/www.marcelolopes.jor.br"],"url":"https:\/\/marcelolopes.jor.br\/site\/author\/marcelo\/"}]}},"wps_subtitle":"Ser\u00e3o feitas 160 declara\u00e7\u00f5es de Imposto de Renda de pessoa f\u00edsica.","_links":{"self":[{"href":"https:\/\/marcelolopes.jor.br\/site\/wp-json\/wp\/v2\/posts\/23605","targetHints":{"allow":["GET"]}}],"collection":[{"href":"https:\/\/marcelolopes.jor.br\/site\/wp-json\/wp\/v2\/posts"}],"about":[{"href":"https:\/\/marcelolopes.jor.br\/site\/wp-json\/wp\/v2\/types\/post"}],"author":[{"embeddable":true,"href":"https:\/\/marcelolopes.jor.br\/site\/wp-json\/wp\/v2\/users\/2"}],"replies":[{"embeddable":true,"href":"https:\/\/marcelolopes.jor.br\/site\/wp-json\/wp\/v2\/comments?post=23605"}],"version-history":[{"count":0,"href":"https:\/\/marcelolopes.jor.br\/site\/wp-json\/wp\/v2\/posts\/23605\/revisions"}],"wp:featuredmedia":[{"embeddable":true,"href":"https:\/\/marcelolopes.jor.br\/site\/wp-json\/wp\/v2\/media\/7515"}],"wp:attachment":[{"href":"https:\/\/marcelolopes.jor.br\/site\/wp-json\/wp\/v2\/media?parent=23605"}],"wp:term":[{"taxonomy":"category","embeddable":true,"href":"https:\/\/marcelolopes.jor.br\/site\/wp-json\/wp\/v2\/categories?post=23605"},{"taxonomy":"post_tag","embeddable":true,"href":"https:\/\/marcelolopes.jor.br\/site\/wp-json\/wp\/v2\/tags?post=23605"}],"curies":[{"name":"wp","href":"https:\/\/api.w.org\/{rel}","templated":true}]}}