{"id":2348,"date":"2019-06-15T19:00:29","date_gmt":"2019-06-15T22:00:29","guid":{"rendered":"https:\/\/marcelolopes.jor.br\/?p=2348"},"modified":"2019-06-15T13:24:48","modified_gmt":"2019-06-15T16:24:48","slug":"ator-cataguasense-igor-fernandez-vai-estar-na-novela-da-globo","status":"publish","type":"post","link":"https:\/\/marcelolopes.jor.br\/site\/2019\/06\/15\/ator-cataguasense-igor-fernandez-vai-estar-na-novela-da-globo\/","title":{"rendered":"Ator cataguasense, Igor Fernandez, vai estar na novela da Globo"},"content":{"rendered":"<p style=\"text-align: justify;\">O ator Cataguasense Igor Fernandez, estar\u00e1 na pr\u00f3xima novela das 19 horas da Rede Globo de Televis\u00e3o. Ele ser\u00e1 Luan, um garoto do bairro Bonsucesso, do Rio de Janeiro, apaixonado por rimas e o mundo do rap. A trama vai se chamar &#8220;Bom Sucesso&#8221; e vai levantar quest\u00f5es cotidianas da periferia carioca ao mesmo tempo em que trata temas que s\u00e3o super atuais como racismo, drogas e o empoderamento feminino. No folhetim, o personagem de Igor ter\u00e1 import\u00e2ncia na hist\u00f3ria uma vez que vai atuar junto ao n\u00facleo de protagonistas, Grazi Massafera e David J\u00fanior, conta o ator com exclusividade ao Site do Marcelo Lopes.<!--more--><\/p>\n<p style=\"text-align: justify;\">Bom Sucesso \u00e9 dirigida por Luiz Henrique Rios e escrita por Paulo Hall e Rosane Svartman, equipe que, conforme lembra Igor, ficou conhecida por dirigir e escrever novelas de sucesso e que j\u00e1 recebeu indica\u00e7\u00f5es ao Emmy Internacional. A nova trama vai substituir a &#8220;Ver\u00e3o 90&#8221; e vai ter muitas cenas de humor, adianta Igor Fernandez, de 23 anos. Al\u00e9m dos j\u00e1 citados tamb\u00e9m est\u00e3o no elenco, Ant\u00f4nio Fagundes, Ingrid Guimar\u00e3es, Armando Babaioff e Fabiula Nascimento.<\/p>\n<p style=\"text-align: justify;\"><img loading=\"lazy\" decoding=\"async\" class=\"alignnone size-medium wp-image-2375\" src=\"https:\/\/marcelolopes.jor.br\/site\/wp-content\/uploads\/2019\/06\/0735DA6A-6D7C-4DC1-B762-E273DD7DF205-200x300.jpeg\" alt=\"\" width=\"200\" height=\"300\" srcset=\"https:\/\/marcelolopes.jor.br\/site\/wp-content\/uploads\/2019\/06\/0735DA6A-6D7C-4DC1-B762-E273DD7DF205-200x300.jpeg 200w, https:\/\/marcelolopes.jor.br\/site\/wp-content\/uploads\/2019\/06\/0735DA6A-6D7C-4DC1-B762-E273DD7DF205-768x1152.jpeg 768w, https:\/\/marcelolopes.jor.br\/site\/wp-content\/uploads\/2019\/06\/0735DA6A-6D7C-4DC1-B762-E273DD7DF205-683x1024.jpeg 683w, https:\/\/marcelolopes.jor.br\/site\/wp-content\/uploads\/2019\/06\/0735DA6A-6D7C-4DC1-B762-E273DD7DF205-800x1200.jpeg 800w\" sizes=\"auto, (max-width: 200px) 100vw, 200px\" \/>Garoto de origem humilde em Cataguases, filho de pai pedreiro e m\u00e3e dom\u00e9stica, Igor Fernandez descobriu o teatro ainda crian\u00e7a, conta. &#8220;Cresci rodeado de arte e tive grandes mestres como Carlos S\u00e9rgio Bittencourt, que me ensinou t\u00e9cnicas de atua\u00e7\u00e3o que hoje utilizo diariamente nas grava\u00e7\u00f5es da novela.&#8221; Teve tamb\u00e9m uma participa\u00e7\u00e3o intensa no TOCA &#8211; Teatro e Outras Coisas Art\u00edsticas, revela, sem contar que Cataguases sempre foi &#8220;uma fonte de alimento para os meus sonhos e boa parte da minha bagagem art\u00edstica eu aprendi aqui&#8221;, reconhece o jovem ator com pinta de gal\u00e3.<\/p>\n<p style=\"text-align: justify;\">O Polo Audiovisual da Zona da Mata foi sua primeira casa e onde trabalho profissionalmente em v\u00e1rios projetos. &#8220;L\u00e1 sempre fui tratado com carinho e acreditaram no meu potencial&#8221;, conta, fazendo o mesmo reconhecimento \u00e0 Casa de Cultura Sim\u00e3o que &#8220;por sua diversidade de cursos de arte gratuitos ajudaram a transformar a minha vida&#8221;, afirma saudoso. Antes de descobrir a arte, Igor teve que trabalhar duro, ainda muito novo, para ajudar o pai, o que avalia como positivo. &#8220;Isso de come\u00e7ar a trabalhar cedo me ajudou muito, tive que lidar com responsabilidades que jovens da minha idade geralmente n\u00e3o possuem. Assim, amadureci e investi na minha carreira para voar mais longe&#8221;, completa.<\/p>\n<p style=\"text-align: justify;\">Sobre este que \u00e9 o seu mais importante trabalho na TV depois de ter passado pela Record TV o ator cataguasense revela ter feito o teste para a novela global em outubro do ano passado e esperou pelo resultado durante &#8220;longos dois meses per\u00edodo em que ningu\u00e9m daquela emissora entrou em contato comigo. Em janeiro, por\u00e9m, o produtor de elenco da novela me ligou confirmando minha presen\u00e7a na novela. Um dia muito emocionante que nunca vou esquecer&#8221;, garante entusiasmado. Mas foi em mar\u00e7o que ele come\u00e7ou a rotina di\u00e1ria de prepara\u00e7\u00e3o para as grava\u00e7\u00f5es que come\u00e7aram no final de abril. Bom Sucesso est\u00e1 prevista para estrear na \u00faltima segunda-feira de julho, revela Igor, que certamente far\u00e1 grande sucesso, afinal de contas, quem o conhece sabe que talento ele tem de sobra.<\/p>\n<p><em>Fotos: Arquivo pessoal de Igor Fernandez<\/em><\/p>\n<div class=\"lgtbq69f771ff72d3b\" ><br><\/div><style type=\"text\/css\">\r\n@media screen and (min-width: 1201px) {\r\n.lgtbq69f771ff72d3b {\r\ndisplay: block;\r\n}\r\n}\r\n@media screen and (min-width: 993px) and (max-width: 1200px) {\r\n.lgtbq69f771ff72d3b {\r\ndisplay: block;\r\n}\r\n}\r\n@media screen and (min-width: 769px) and (max-width: 992px) {\r\n.lgtbq69f771ff72d3b {\r\ndisplay: block;\r\n}\r\n}\r\n@media screen and (min-width: 768px) and (max-width: 768px) {\r\n.lgtbq69f771ff72d3b {\r\ndisplay: block;\r\n}\r\n}\r\n@media screen and (max-width: 767px) {\r\n.lgtbq69f771ff72d3b {\r\ndisplay: block;\r\n}\r\n}\r\n<\/style>\r\n<div class=\"lvkxe69f771ff78a19\" ><div id=\"div_destino\"><\/div>\r\n<script src=\"https:\/\/cdn.snsrsv.com\/sdk.js\"><\/script>\r\n<script >\r\n      new sdk(\"464030C30061EA8BE065000000000001\") \r\n          .appendTo(\"div_destino\")\r\n          .disableStyle(true) \r\n          .setCacheBusterMacro(\"%%CACHEBUSTER%%\")\r\n          .setSize(\"800\",\"214\")\r\n          .setClickMacro(\"%%CLICK_URL_ESC%%\") \r\n          .setReferrerUrlMacro(\"%%REFERRER_URL_ESC%%\") \r\n          .start(); \r\n<\/script><\/div><style type=\"text\/css\">\r\n@media screen and (min-width: 1201px) {\r\n.lvkxe69f771ff78a19 {\r\ndisplay: block;\r\n}\r\n}\r\n@media screen and (min-width: 993px) and (max-width: 1200px) {\r\n.lvkxe69f771ff78a19 {\r\ndisplay: block;\r\n}\r\n}\r\n@media screen and (min-width: 769px) and (max-width: 992px) {\r\n.lvkxe69f771ff78a19 {\r\ndisplay: block;\r\n}\r\n}\r\n@media screen and (min-width: 768px) and (max-width: 768px) {\r\n.lvkxe69f771ff78a19 {\r\ndisplay: block;\r\n}\r\n}\r\n@media screen and (max-width: 767px) {\r\n.lvkxe69f771ff78a19 {\r\ndisplay: block;\r\n}\r\n}\r\n<\/style>\r\n","protected":false},"excerpt":{"rendered":"<p>O ator Cataguasense Igor Fernandez, estar\u00e1 na pr\u00f3xima novela das 19 horas da Rede Globo de Televis\u00e3o. Ele ser\u00e1 Luan, um garoto do bairro Bonsucesso, do Rio de Janeiro, apaixonado por rimas e o mundo do rap. A trama vai<\/p>\n<p class=\"link-more\"><a class=\"more-link\" href=\"https:\/\/marcelolopes.jor.br\/site\/2019\/06\/15\/ator-cataguasense-igor-fernandez-vai-estar-na-novela-da-globo\/\">Leia mais <span class=\"screen-reader-text\">Ator cataguasense, Igor Fernandez, vai estar na novela da Globo<\/span><\/a><\/p>\n","protected":false},"author":2,"featured_media":2374,"comment_status":"open","ping_status":"open","sticky":false,"template":"","format":"standard","meta":{"footnotes":""},"categories":[1],"tags":[534,533,536,535],"class_list":["post-2348","post","type-post","status-publish","format-standard","has-post-thumbnail","hentry","category-noticias","tag-ator","tag-igor-fernandez","tag-novela","tag-rede-globo","thumb-below-title"],"yoast_head":"<!-- This site is optimized with the Yoast SEO plugin v27.4 - https:\/\/yoast.com\/product\/yoast-seo-wordpress\/ -->\n<title>Ator cataguasense, Igor Fernandez, vai estar na novela da Globo | Marcelo Lopes<\/title>\n<meta name=\"robots\" content=\"index, follow, max-snippet:-1, max-image-preview:large, max-video-preview:-1\" \/>\n<link rel=\"canonical\" href=\"https:\/\/marcelolopes.jor.br\/site\/2019\/06\/15\/ator-cataguasense-igor-fernandez-vai-estar-na-novela-da-globo\/\" \/>\n<meta property=\"og:locale\" content=\"pt_BR\" \/>\n<meta property=\"og:type\" content=\"article\" \/>\n<meta property=\"og:title\" content=\"Ator cataguasense, Igor Fernandez, vai estar na novela da Globo | Marcelo Lopes\" \/>\n<meta property=\"og:description\" content=\"O ator Cataguasense Igor Fernandez, estar\u00e1 na pr\u00f3xima novela das 19 horas da Rede Globo de Televis\u00e3o. Ele ser\u00e1 Luan, um garoto do bairro Bonsucesso, do Rio de Janeiro, apaixonado por rimas e o mundo do rap. A trama vaiLeia mais Ator cataguasense, Igor Fernandez, vai estar na novela da Globo\" \/>\n<meta property=\"og:url\" content=\"https:\/\/marcelolopes.jor.br\/site\/2019\/06\/15\/ator-cataguasense-igor-fernandez-vai-estar-na-novela-da-globo\/\" \/>\n<meta property=\"og:site_name\" content=\"Marcelo Lopes\" \/>\n<meta property=\"article:publisher\" content=\"https:\/\/www.facebook.com\/sitedomarcelolopes\" \/>\n<meta property=\"article:published_time\" content=\"2019-06-15T22:00:29+00:00\" \/>\n<meta property=\"og:image\" content=\"https:\/\/marcelolopes.jor.br\/site\/wp-content\/uploads\/2019\/06\/E2226AF4-73CA-44D8-B819-34EDA468694F-1024x768.jpeg\" \/>\n\t<meta property=\"og:image:width\" content=\"1024\" \/>\n\t<meta property=\"og:image:height\" content=\"768\" \/>\n\t<meta property=\"og:image:type\" content=\"image\/jpeg\" \/>\n<meta name=\"author\" content=\"Marcelo Lopes\" \/>\n<meta name=\"twitter:card\" content=\"summary_large_image\" \/>\n<meta name=\"twitter:label1\" content=\"Escrito por\" \/>\n\t<meta name=\"twitter:data1\" content=\"Marcelo Lopes\" \/>\n\t<meta name=\"twitter:label2\" content=\"Est. tempo de leitura\" \/>\n\t<meta name=\"twitter:data2\" content=\"3 minutos\" \/>\n<script type=\"application\/ld+json\" class=\"yoast-schema-graph\">{\"@context\":\"https:\\\/\\\/schema.org\",\"@graph\":[{\"@type\":\"NewsArticle\",\"@id\":\"https:\\\/\\\/marcelolopes.jor.br\\\/site\\\/2019\\\/06\\\/15\\\/ator-cataguasense-igor-fernandez-vai-estar-na-novela-da-globo\\\/#article\",\"isPartOf\":{\"@id\":\"https:\\\/\\\/marcelolopes.jor.br\\\/site\\\/2019\\\/06\\\/15\\\/ator-cataguasense-igor-fernandez-vai-estar-na-novela-da-globo\\\/\"},\"author\":{\"name\":\"Marcelo Lopes\",\"@id\":\"https:\\\/\\\/marcelolopes.jor.br\\\/site\\\/#\\\/schema\\\/person\\\/3e7216a35c34d8fdf952b31da3d1f89f\"},\"headline\":\"Ator cataguasense, Igor Fernandez, vai estar na novela da Globo\",\"datePublished\":\"2019-06-15T22:00:29+00:00\",\"mainEntityOfPage\":{\"@id\":\"https:\\\/\\\/marcelolopes.jor.br\\\/site\\\/2019\\\/06\\\/15\\\/ator-cataguasense-igor-fernandez-vai-estar-na-novela-da-globo\\\/\"},\"wordCount\":567,\"commentCount\":0,\"publisher\":{\"@id\":\"https:\\\/\\\/marcelolopes.jor.br\\\/site\\\/#organization\"},\"image\":{\"@id\":\"https:\\\/\\\/marcelolopes.jor.br\\\/site\\\/2019\\\/06\\\/15\\\/ator-cataguasense-igor-fernandez-vai-estar-na-novela-da-globo\\\/#primaryimage\"},\"thumbnailUrl\":\"https:\\\/\\\/marcelolopes.jor.br\\\/site\\\/wp-content\\\/uploads\\\/2019\\\/06\\\/E2226AF4-73CA-44D8-B819-34EDA468694F.jpeg\",\"keywords\":[\"ator\",\"Igor Fernandez\",\"novela\",\"Rede Globo\"],\"articleSection\":[\"Not\u00edcias\"],\"inLanguage\":\"pt-BR\",\"potentialAction\":[{\"@type\":\"CommentAction\",\"name\":\"Comment\",\"target\":[\"https:\\\/\\\/marcelolopes.jor.br\\\/site\\\/2019\\\/06\\\/15\\\/ator-cataguasense-igor-fernandez-vai-estar-na-novela-da-globo\\\/#respond\"]}]},{\"@type\":\"WebPage\",\"@id\":\"https:\\\/\\\/marcelolopes.jor.br\\\/site\\\/2019\\\/06\\\/15\\\/ator-cataguasense-igor-fernandez-vai-estar-na-novela-da-globo\\\/\",\"url\":\"https:\\\/\\\/marcelolopes.jor.br\\\/site\\\/2019\\\/06\\\/15\\\/ator-cataguasense-igor-fernandez-vai-estar-na-novela-da-globo\\\/\",\"name\":\"Ator cataguasense, Igor Fernandez, vai estar na novela da Globo | Marcelo Lopes\",\"isPartOf\":{\"@id\":\"https:\\\/\\\/marcelolopes.jor.br\\\/site\\\/#website\"},\"primaryImageOfPage\":{\"@id\":\"https:\\\/\\\/marcelolopes.jor.br\\\/site\\\/2019\\\/06\\\/15\\\/ator-cataguasense-igor-fernandez-vai-estar-na-novela-da-globo\\\/#primaryimage\"},\"image\":{\"@id\":\"https:\\\/\\\/marcelolopes.jor.br\\\/site\\\/2019\\\/06\\\/15\\\/ator-cataguasense-igor-fernandez-vai-estar-na-novela-da-globo\\\/#primaryimage\"},\"thumbnailUrl\":\"https:\\\/\\\/marcelolopes.jor.br\\\/site\\\/wp-content\\\/uploads\\\/2019\\\/06\\\/E2226AF4-73CA-44D8-B819-34EDA468694F.jpeg\",\"datePublished\":\"2019-06-15T22:00:29+00:00\",\"breadcrumb\":{\"@id\":\"https:\\\/\\\/marcelolopes.jor.br\\\/site\\\/2019\\\/06\\\/15\\\/ator-cataguasense-igor-fernandez-vai-estar-na-novela-da-globo\\\/#breadcrumb\"},\"inLanguage\":\"pt-BR\",\"potentialAction\":[{\"@type\":\"ReadAction\",\"target\":[\"https:\\\/\\\/marcelolopes.jor.br\\\/site\\\/2019\\\/06\\\/15\\\/ator-cataguasense-igor-fernandez-vai-estar-na-novela-da-globo\\\/\"]}]},{\"@type\":\"ImageObject\",\"inLanguage\":\"pt-BR\",\"@id\":\"https:\\\/\\\/marcelolopes.jor.br\\\/site\\\/2019\\\/06\\\/15\\\/ator-cataguasense-igor-fernandez-vai-estar-na-novela-da-globo\\\/#primaryimage\",\"url\":\"https:\\\/\\\/marcelolopes.jor.br\\\/site\\\/wp-content\\\/uploads\\\/2019\\\/06\\\/E2226AF4-73CA-44D8-B819-34EDA468694F.jpeg\",\"contentUrl\":\"https:\\\/\\\/marcelolopes.jor.br\\\/site\\\/wp-content\\\/uploads\\\/2019\\\/06\\\/E2226AF4-73CA-44D8-B819-34EDA468694F.jpeg\",\"width\":4032,\"height\":3024},{\"@type\":\"BreadcrumbList\",\"@id\":\"https:\\\/\\\/marcelolopes.jor.br\\\/site\\\/2019\\\/06\\\/15\\\/ator-cataguasense-igor-fernandez-vai-estar-na-novela-da-globo\\\/#breadcrumb\",\"itemListElement\":[{\"@type\":\"ListItem\",\"position\":1,\"name\":\"Home\",\"item\":\"https:\\\/\\\/marcelolopes.jor.br\\\/site\\\/\"},{\"@type\":\"ListItem\",\"position\":2,\"name\":\"Ator cataguasense, Igor Fernandez, vai estar na novela da Globo\"}]},{\"@type\":\"WebSite\",\"@id\":\"https:\\\/\\\/marcelolopes.jor.br\\\/site\\\/#website\",\"url\":\"https:\\\/\\\/marcelolopes.jor.br\\\/site\\\/\",\"name\":\"Marcelo Lopes\",\"description\":\"Not\u00edcias de Cataguases e Regi\u00e3o\",\"publisher\":{\"@id\":\"https:\\\/\\\/marcelolopes.jor.br\\\/site\\\/#organization\"},\"potentialAction\":[{\"@type\":\"SearchAction\",\"target\":{\"@type\":\"EntryPoint\",\"urlTemplate\":\"https:\\\/\\\/marcelolopes.jor.br\\\/site\\\/?s={search_term_string}\"},\"query-input\":{\"@type\":\"PropertyValueSpecification\",\"valueRequired\":true,\"valueName\":\"search_term_string\"}}],\"inLanguage\":\"pt-BR\"},{\"@type\":\"Organization\",\"@id\":\"https:\\\/\\\/marcelolopes.jor.br\\\/site\\\/#organization\",\"name\":\"Site do Marcelo Lopes\",\"url\":\"https:\\\/\\\/marcelolopes.jor.br\\\/site\\\/\",\"logo\":{\"@type\":\"ImageObject\",\"inLanguage\":\"pt-BR\",\"@id\":\"https:\\\/\\\/marcelolopes.jor.br\\\/site\\\/#\\\/schema\\\/logo\\\/image\\\/\",\"url\":\"https:\\\/\\\/marcelolopes.jor.br\\\/site\\\/wp-content\\\/uploads\\\/2024\\\/11\\\/logo-1.png\",\"contentUrl\":\"https:\\\/\\\/marcelolopes.jor.br\\\/site\\\/wp-content\\\/uploads\\\/2024\\\/11\\\/logo-1.png\",\"width\":475,\"height\":80,\"caption\":\"Site do Marcelo Lopes\"},\"image\":{\"@id\":\"https:\\\/\\\/marcelolopes.jor.br\\\/site\\\/#\\\/schema\\\/logo\\\/image\\\/\"},\"sameAs\":[\"https:\\\/\\\/www.facebook.com\\\/sitedomarcelolopes\",\"https:\\\/\\\/www.instagram.com\\\/sitedomarcelolopes\\\/\",\"https:\\\/\\\/www.linkedin.com\\\/company\\\/site-do-marcelo-lopes\\\/\",\"https:\\\/\\\/www.youtube.com\\\/user\\\/marcelolopes957\"]},{\"@type\":\"Person\",\"@id\":\"https:\\\/\\\/marcelolopes.jor.br\\\/site\\\/#\\\/schema\\\/person\\\/3e7216a35c34d8fdf952b31da3d1f89f\",\"name\":\"Marcelo Lopes\",\"sameAs\":[\"http:\\\/\\\/www.marcelolopes.jor.br\"],\"url\":\"https:\\\/\\\/marcelolopes.jor.br\\\/site\\\/author\\\/marcelo\\\/\"}]}<\/script>\n<!-- \/ Yoast SEO plugin. -->","yoast_head_json":{"title":"Ator cataguasense, Igor Fernandez, vai estar na novela da Globo | Marcelo Lopes","robots":{"index":"index","follow":"follow","max-snippet":"max-snippet:-1","max-image-preview":"max-image-preview:large","max-video-preview":"max-video-preview:-1"},"canonical":"https:\/\/marcelolopes.jor.br\/site\/2019\/06\/15\/ator-cataguasense-igor-fernandez-vai-estar-na-novela-da-globo\/","og_locale":"pt_BR","og_type":"article","og_title":"Ator cataguasense, Igor Fernandez, vai estar na novela da Globo | Marcelo Lopes","og_description":"O ator Cataguasense Igor Fernandez, estar\u00e1 na pr\u00f3xima novela das 19 horas da Rede Globo de Televis\u00e3o. Ele ser\u00e1 Luan, um garoto do bairro Bonsucesso, do Rio de Janeiro, apaixonado por rimas e o mundo do rap. A trama vaiLeia mais Ator cataguasense, Igor Fernandez, vai estar na novela da Globo","og_url":"https:\/\/marcelolopes.jor.br\/site\/2019\/06\/15\/ator-cataguasense-igor-fernandez-vai-estar-na-novela-da-globo\/","og_site_name":"Marcelo Lopes","article_publisher":"https:\/\/www.facebook.com\/sitedomarcelolopes","article_published_time":"2019-06-15T22:00:29+00:00","og_image":[{"width":1024,"height":768,"url":"https:\/\/marcelolopes.jor.br\/site\/wp-content\/uploads\/2019\/06\/E2226AF4-73CA-44D8-B819-34EDA468694F-1024x768.jpeg","type":"image\/jpeg"}],"author":"Marcelo Lopes","twitter_card":"summary_large_image","twitter_misc":{"Escrito por":"Marcelo Lopes","Est. tempo de leitura":"3 minutos"},"schema":{"@context":"https:\/\/schema.org","@graph":[{"@type":"NewsArticle","@id":"https:\/\/marcelolopes.jor.br\/site\/2019\/06\/15\/ator-cataguasense-igor-fernandez-vai-estar-na-novela-da-globo\/#article","isPartOf":{"@id":"https:\/\/marcelolopes.jor.br\/site\/2019\/06\/15\/ator-cataguasense-igor-fernandez-vai-estar-na-novela-da-globo\/"},"author":{"name":"Marcelo Lopes","@id":"https:\/\/marcelolopes.jor.br\/site\/#\/schema\/person\/3e7216a35c34d8fdf952b31da3d1f89f"},"headline":"Ator cataguasense, Igor Fernandez, vai estar na novela da Globo","datePublished":"2019-06-15T22:00:29+00:00","mainEntityOfPage":{"@id":"https:\/\/marcelolopes.jor.br\/site\/2019\/06\/15\/ator-cataguasense-igor-fernandez-vai-estar-na-novela-da-globo\/"},"wordCount":567,"commentCount":0,"publisher":{"@id":"https:\/\/marcelolopes.jor.br\/site\/#organization"},"image":{"@id":"https:\/\/marcelolopes.jor.br\/site\/2019\/06\/15\/ator-cataguasense-igor-fernandez-vai-estar-na-novela-da-globo\/#primaryimage"},"thumbnailUrl":"https:\/\/marcelolopes.jor.br\/site\/wp-content\/uploads\/2019\/06\/E2226AF4-73CA-44D8-B819-34EDA468694F.jpeg","keywords":["ator","Igor Fernandez","novela","Rede Globo"],"articleSection":["Not\u00edcias"],"inLanguage":"pt-BR","potentialAction":[{"@type":"CommentAction","name":"Comment","target":["https:\/\/marcelolopes.jor.br\/site\/2019\/06\/15\/ator-cataguasense-igor-fernandez-vai-estar-na-novela-da-globo\/#respond"]}]},{"@type":"WebPage","@id":"https:\/\/marcelolopes.jor.br\/site\/2019\/06\/15\/ator-cataguasense-igor-fernandez-vai-estar-na-novela-da-globo\/","url":"https:\/\/marcelolopes.jor.br\/site\/2019\/06\/15\/ator-cataguasense-igor-fernandez-vai-estar-na-novela-da-globo\/","name":"Ator cataguasense, Igor Fernandez, vai estar na novela da Globo | Marcelo Lopes","isPartOf":{"@id":"https:\/\/marcelolopes.jor.br\/site\/#website"},"primaryImageOfPage":{"@id":"https:\/\/marcelolopes.jor.br\/site\/2019\/06\/15\/ator-cataguasense-igor-fernandez-vai-estar-na-novela-da-globo\/#primaryimage"},"image":{"@id":"https:\/\/marcelolopes.jor.br\/site\/2019\/06\/15\/ator-cataguasense-igor-fernandez-vai-estar-na-novela-da-globo\/#primaryimage"},"thumbnailUrl":"https:\/\/marcelolopes.jor.br\/site\/wp-content\/uploads\/2019\/06\/E2226AF4-73CA-44D8-B819-34EDA468694F.jpeg","datePublished":"2019-06-15T22:00:29+00:00","breadcrumb":{"@id":"https:\/\/marcelolopes.jor.br\/site\/2019\/06\/15\/ator-cataguasense-igor-fernandez-vai-estar-na-novela-da-globo\/#breadcrumb"},"inLanguage":"pt-BR","potentialAction":[{"@type":"ReadAction","target":["https:\/\/marcelolopes.jor.br\/site\/2019\/06\/15\/ator-cataguasense-igor-fernandez-vai-estar-na-novela-da-globo\/"]}]},{"@type":"ImageObject","inLanguage":"pt-BR","@id":"https:\/\/marcelolopes.jor.br\/site\/2019\/06\/15\/ator-cataguasense-igor-fernandez-vai-estar-na-novela-da-globo\/#primaryimage","url":"https:\/\/marcelolopes.jor.br\/site\/wp-content\/uploads\/2019\/06\/E2226AF4-73CA-44D8-B819-34EDA468694F.jpeg","contentUrl":"https:\/\/marcelolopes.jor.br\/site\/wp-content\/uploads\/2019\/06\/E2226AF4-73CA-44D8-B819-34EDA468694F.jpeg","width":4032,"height":3024},{"@type":"BreadcrumbList","@id":"https:\/\/marcelolopes.jor.br\/site\/2019\/06\/15\/ator-cataguasense-igor-fernandez-vai-estar-na-novela-da-globo\/#breadcrumb","itemListElement":[{"@type":"ListItem","position":1,"name":"Home","item":"https:\/\/marcelolopes.jor.br\/site\/"},{"@type":"ListItem","position":2,"name":"Ator cataguasense, Igor Fernandez, vai estar na novela da Globo"}]},{"@type":"WebSite","@id":"https:\/\/marcelolopes.jor.br\/site\/#website","url":"https:\/\/marcelolopes.jor.br\/site\/","name":"Marcelo Lopes","description":"Not\u00edcias de Cataguases e Regi\u00e3o","publisher":{"@id":"https:\/\/marcelolopes.jor.br\/site\/#organization"},"potentialAction":[{"@type":"SearchAction","target":{"@type":"EntryPoint","urlTemplate":"https:\/\/marcelolopes.jor.br\/site\/?s={search_term_string}"},"query-input":{"@type":"PropertyValueSpecification","valueRequired":true,"valueName":"search_term_string"}}],"inLanguage":"pt-BR"},{"@type":"Organization","@id":"https:\/\/marcelolopes.jor.br\/site\/#organization","name":"Site do Marcelo Lopes","url":"https:\/\/marcelolopes.jor.br\/site\/","logo":{"@type":"ImageObject","inLanguage":"pt-BR","@id":"https:\/\/marcelolopes.jor.br\/site\/#\/schema\/logo\/image\/","url":"https:\/\/marcelolopes.jor.br\/site\/wp-content\/uploads\/2024\/11\/logo-1.png","contentUrl":"https:\/\/marcelolopes.jor.br\/site\/wp-content\/uploads\/2024\/11\/logo-1.png","width":475,"height":80,"caption":"Site do Marcelo Lopes"},"image":{"@id":"https:\/\/marcelolopes.jor.br\/site\/#\/schema\/logo\/image\/"},"sameAs":["https:\/\/www.facebook.com\/sitedomarcelolopes","https:\/\/www.instagram.com\/sitedomarcelolopes\/","https:\/\/www.linkedin.com\/company\/site-do-marcelo-lopes\/","https:\/\/www.youtube.com\/user\/marcelolopes957"]},{"@type":"Person","@id":"https:\/\/marcelolopes.jor.br\/site\/#\/schema\/person\/3e7216a35c34d8fdf952b31da3d1f89f","name":"Marcelo Lopes","sameAs":["http:\/\/www.marcelolopes.jor.br"],"url":"https:\/\/marcelolopes.jor.br\/site\/author\/marcelo\/"}]}},"wps_subtitle":"O jovem talento local j\u00e1 atuou na TV e agora faz o personagem mais importante de sua carreira.","_links":{"self":[{"href":"https:\/\/marcelolopes.jor.br\/site\/wp-json\/wp\/v2\/posts\/2348","targetHints":{"allow":["GET"]}}],"collection":[{"href":"https:\/\/marcelolopes.jor.br\/site\/wp-json\/wp\/v2\/posts"}],"about":[{"href":"https:\/\/marcelolopes.jor.br\/site\/wp-json\/wp\/v2\/types\/post"}],"author":[{"embeddable":true,"href":"https:\/\/marcelolopes.jor.br\/site\/wp-json\/wp\/v2\/users\/2"}],"replies":[{"embeddable":true,"href":"https:\/\/marcelolopes.jor.br\/site\/wp-json\/wp\/v2\/comments?post=2348"}],"version-history":[{"count":0,"href":"https:\/\/marcelolopes.jor.br\/site\/wp-json\/wp\/v2\/posts\/2348\/revisions"}],"wp:featuredmedia":[{"embeddable":true,"href":"https:\/\/marcelolopes.jor.br\/site\/wp-json\/wp\/v2\/media\/2374"}],"wp:attachment":[{"href":"https:\/\/marcelolopes.jor.br\/site\/wp-json\/wp\/v2\/media?parent=2348"}],"wp:term":[{"taxonomy":"category","embeddable":true,"href":"https:\/\/marcelolopes.jor.br\/site\/wp-json\/wp\/v2\/categories?post=2348"},{"taxonomy":"post_tag","embeddable":true,"href":"https:\/\/marcelolopes.jor.br\/site\/wp-json\/wp\/v2\/tags?post=2348"}],"curies":[{"name":"wp","href":"https:\/\/api.w.org\/{rel}","templated":true}]}}