{"id":23372,"date":"2021-04-30T20:00:58","date_gmt":"2021-04-30T23:00:58","guid":{"rendered":"https:\/\/marcelolopes.jor.br\/?p=23372"},"modified":"2021-04-30T19:19:38","modified_gmt":"2021-04-30T22:19:38","slug":"cataguases-recusa-proposta-do-governo-de-minas-de-municipalizar-a-educacao","status":"publish","type":"post","link":"https:\/\/marcelolopes.jor.br\/site\/2021\/04\/30\/cataguases-recusa-proposta-do-governo-de-minas-de-municipalizar-a-educacao\/","title":{"rendered":"Cataguases recusa proposta do governo de Minas de municipalizar a Educa\u00e7\u00e3o"},"content":{"rendered":"<p style=\"text-align: justify;\">O Prefeito Jos\u00e9 Henriques e a Secret\u00e1ria Municipal de Educa\u00e7\u00e3o, Luci Mara Guedes, revelaram com exclusividade ao Site do Marcelo Lopes que Cataguases n\u00e3o vai aderir ao projeto M\u00e3os Dadas do Governo de Minas, que prop\u00f5e municipalizar a Educa\u00e7\u00e3o nos anos iniciais (primeiro ao quinto ano). A not\u00edcia foi dada durante uma entrevista em v\u00eddeo, transmitida na fanpage do Site no Facebook, e atende ao desejo dos professores da rede estadual, que seria a mais prejudicada, caso a proposta fosse aceita pelo munic\u00edpio.<!--more--><\/p>\n<p style=\"text-align: justify;\"><a href=\"http:\/\/wa.me\/553234211213\"><img loading=\"lazy\" decoding=\"async\" class=\"aligncenter wp-image-23226 size-full\" src=\"https:\/\/marcelolopes.jor.br\/site\/wp-content\/uploads\/2021\/04\/Banner-Marcelo-Lopes-6-1.gif\" alt=\"\" width=\"800\" height=\"214\" \/><\/a><img loading=\"lazy\" decoding=\"async\" class=\"alignright wp-image-23375\" src=\"https:\/\/marcelolopes.jor.br\/site\/wp-content\/uploads\/2021\/04\/Mara.jpg\" alt=\"\" width=\"194\" height=\"245\" \/>Mara (foto \u00e0 direita) contou que o governo de Minas prop\u00f4s aos munic\u00edpios assumirem as s\u00e9ries iniciais do Ensino Fundamental, inclusive os professores e demais servidores, al\u00e9m da manuten\u00e7\u00e3o f\u00edsica das escolas. Desde o in\u00edcio ela colocou-se contr\u00e1ria a esta possibilidade que segundo explicou traria \u201cum transtorno enorme ao professor da rede estadual atingido pela medida e, tamb\u00e9m, porque nosso munic\u00edpio n\u00e3o tem condi\u00e7\u00f5es de fazer esta municipaliza\u00e7\u00e3o neste momento\u201d, afirmou. Cataguases mant\u00e9m 24 escolas municipais e, na regi\u00e3o, \u00e9 a cidade que tem o maior n\u00famero de unidades educacionais sob a responsabilidade da prefeitura.<\/p>\n<p style=\"text-align: justify;\">O Prefeito Jos\u00e9 Henriques (foto abaixo) ressaltou que em conversa com o deputado estadual Fernando Pacheco, conheceu os pontos negativos deste projeto. A respeito da quest\u00e3o financeira, ele considera \u201ceste projeto praticamente invi\u00e1vel para o munic\u00edpio com base no que estamos vivendo hoje, pois o munic\u00edpio est\u00e1 quase quebrado, com muitas d\u00edvidas e com a prioridade voltada para a Sa\u00fade por conta da pandemia\u201d, destacou. Jos\u00e9 completou afirmando que o projeto &#8220;ainda nos coloca a responsabilidade de transferir os alunos destas s\u00e9ries iniciais que estudam em col\u00e9gios que oferecem o Ensino Fundamental completo, para a rede municipal, o que seria um enorme transtorno para todos\u201d, afirmou.<\/p>\n<p style=\"text-align: justify;\"><img loading=\"lazy\" decoding=\"async\" class=\"alignleft wp-image-23374\" src=\"https:\/\/marcelolopes.jor.br\/site\/wp-content\/uploads\/2021\/04\/Jos\u00e9-mic..jpg\" alt=\"\" width=\"190\" height=\"245\" \/>Na entrevista Jos\u00e9 Henriques tamb\u00e9m abordou o recebimento de emendas do deputado Fernando Pacheco, no valor de R$ 2,7 milh\u00f5es, informando tamb\u00e9m que nesta sexta-feira, 30, assinou os \u00faltimos documentos visando a receber estes recursos que ser\u00e3o utilizadas em obras de infraestrutura e at\u00e9 para investimento em nossas escolas. Al\u00e9m disso, acrescentou, vai dar andamento nas emendas que foram liberadas ano passado e estavam paradas aguardando a\u00e7\u00e3o do munic\u00edpio. Neste sentido, citou como exemplo, o recurso para a pavimenta\u00e7\u00e3o de uma rua no distrito de Sereno, entre outras, finalizou o prefeito.<\/p>\n<div class=\"qtcga69f72789ad108\" ><br><\/div><style type=\"text\/css\">\r\n@media screen and (min-width: 1201px) {\r\n.qtcga69f72789ad108 {\r\ndisplay: block;\r\n}\r\n}\r\n@media screen and (min-width: 993px) and (max-width: 1200px) {\r\n.qtcga69f72789ad108 {\r\ndisplay: block;\r\n}\r\n}\r\n@media screen and (min-width: 769px) and (max-width: 992px) {\r\n.qtcga69f72789ad108 {\r\ndisplay: block;\r\n}\r\n}\r\n@media screen and (min-width: 768px) and (max-width: 768px) {\r\n.qtcga69f72789ad108 {\r\ndisplay: block;\r\n}\r\n}\r\n@media screen and (max-width: 767px) {\r\n.qtcga69f72789ad108 {\r\ndisplay: block;\r\n}\r\n}\r\n<\/style>\r\n<div class=\"folwl69f72789b2c2e\" ><div id=\"div_destino\"><\/div>\r\n<script src=\"https:\/\/cdn.snsrsv.com\/sdk.js\"><\/script>\r\n<script >\r\n      new sdk(\"464030C30061EA8BE065000000000001\") \r\n          .appendTo(\"div_destino\")\r\n          .disableStyle(true) \r\n          .setCacheBusterMacro(\"%%CACHEBUSTER%%\")\r\n          .setSize(\"800\",\"214\")\r\n          .setClickMacro(\"%%CLICK_URL_ESC%%\") \r\n          .setReferrerUrlMacro(\"%%REFERRER_URL_ESC%%\") \r\n          .start(); \r\n<\/script><\/div><style type=\"text\/css\">\r\n@media screen and (min-width: 1201px) {\r\n.folwl69f72789b2c2e {\r\ndisplay: block;\r\n}\r\n}\r\n@media screen and (min-width: 993px) and (max-width: 1200px) {\r\n.folwl69f72789b2c2e {\r\ndisplay: block;\r\n}\r\n}\r\n@media screen and (min-width: 769px) and (max-width: 992px) {\r\n.folwl69f72789b2c2e {\r\ndisplay: block;\r\n}\r\n}\r\n@media screen and (min-width: 768px) and (max-width: 768px) {\r\n.folwl69f72789b2c2e {\r\ndisplay: block;\r\n}\r\n}\r\n@media screen and (max-width: 767px) {\r\n.folwl69f72789b2c2e {\r\ndisplay: block;\r\n}\r\n}\r\n<\/style>\r\n","protected":false},"excerpt":{"rendered":"<p>O Prefeito Jos\u00e9 Henriques e a Secret\u00e1ria Municipal de Educa\u00e7\u00e3o, Luci Mara Guedes, revelaram com exclusividade ao Site do Marcelo Lopes que Cataguases n\u00e3o vai aderir ao projeto M\u00e3os Dadas do Governo de Minas, que prop\u00f5e municipalizar a Educa\u00e7\u00e3o nos<\/p>\n<p class=\"link-more\"><a class=\"more-link\" href=\"https:\/\/marcelolopes.jor.br\/site\/2021\/04\/30\/cataguases-recusa-proposta-do-governo-de-minas-de-municipalizar-a-educacao\/\">Leia mais <span class=\"screen-reader-text\">Cataguases recusa proposta do governo de Minas de municipalizar a Educa\u00e7\u00e3o<\/span><\/a><\/p>\n","protected":false},"author":2,"featured_media":23376,"comment_status":"open","ping_status":"open","sticky":false,"template":"","format":"standard","meta":{"footnotes":""},"categories":[1],"tags":[971,51,3974,1984],"class_list":["post-23372","post","type-post","status-publish","format-standard","has-post-thumbnail","hentry","category-noticias","tag-alfabetizacao-educacao","tag-educacao","tag-ensino-fundamental","tag-municipalizacao","thumb-below-title"],"yoast_head":"<!-- This site is optimized with the Yoast SEO plugin v27.4 - https:\/\/yoast.com\/product\/yoast-seo-wordpress\/ -->\n<title>Cataguases recusa proposta do governo de Minas de municipalizar a Educa\u00e7\u00e3o | Marcelo Lopes<\/title>\n<meta name=\"robots\" content=\"index, follow, max-snippet:-1, max-image-preview:large, max-video-preview:-1\" \/>\n<link rel=\"canonical\" href=\"https:\/\/marcelolopes.jor.br\/site\/2021\/04\/30\/cataguases-recusa-proposta-do-governo-de-minas-de-municipalizar-a-educacao\/\" \/>\n<meta property=\"og:locale\" content=\"pt_BR\" \/>\n<meta property=\"og:type\" content=\"article\" \/>\n<meta property=\"og:title\" content=\"Cataguases recusa proposta do governo de Minas de municipalizar a Educa\u00e7\u00e3o | Marcelo Lopes\" \/>\n<meta property=\"og:description\" content=\"O Prefeito Jos\u00e9 Henriques e a Secret\u00e1ria Municipal de Educa\u00e7\u00e3o, Luci Mara Guedes, revelaram com exclusividade ao Site do Marcelo Lopes que Cataguases n\u00e3o vai aderir ao projeto M\u00e3os Dadas do Governo de Minas, que prop\u00f5e municipalizar a Educa\u00e7\u00e3o nosLeia mais Cataguases recusa proposta do governo de Minas de municipalizar a Educa\u00e7\u00e3o\" \/>\n<meta property=\"og:url\" content=\"https:\/\/marcelolopes.jor.br\/site\/2021\/04\/30\/cataguases-recusa-proposta-do-governo-de-minas-de-municipalizar-a-educacao\/\" \/>\n<meta property=\"og:site_name\" content=\"Marcelo Lopes\" \/>\n<meta property=\"article:publisher\" content=\"https:\/\/www.facebook.com\/sitedomarcelolopes\" \/>\n<meta property=\"article:published_time\" content=\"2021-04-30T23:00:58+00:00\" \/>\n<meta property=\"og:image\" content=\"https:\/\/marcelolopes.jor.br\/site\/wp-content\/uploads\/2021\/04\/Jos\u00e9-e-Mara.jpg\" \/>\n\t<meta property=\"og:image:width\" content=\"800\" \/>\n\t<meta property=\"og:image:height\" content=\"516\" \/>\n\t<meta property=\"og:image:type\" content=\"image\/jpeg\" \/>\n<meta name=\"author\" content=\"Marcelo Lopes\" \/>\n<meta name=\"twitter:card\" content=\"summary_large_image\" \/>\n<meta name=\"twitter:label1\" content=\"Escrito por\" \/>\n\t<meta name=\"twitter:data1\" content=\"Marcelo Lopes\" \/>\n\t<meta name=\"twitter:label2\" content=\"Est. tempo de leitura\" \/>\n\t<meta name=\"twitter:data2\" content=\"2 minutos\" \/>\n<script type=\"application\/ld+json\" class=\"yoast-schema-graph\">{\"@context\":\"https:\\\/\\\/schema.org\",\"@graph\":[{\"@type\":\"NewsArticle\",\"@id\":\"https:\\\/\\\/marcelolopes.jor.br\\\/site\\\/2021\\\/04\\\/30\\\/cataguases-recusa-proposta-do-governo-de-minas-de-municipalizar-a-educacao\\\/#article\",\"isPartOf\":{\"@id\":\"https:\\\/\\\/marcelolopes.jor.br\\\/site\\\/2021\\\/04\\\/30\\\/cataguases-recusa-proposta-do-governo-de-minas-de-municipalizar-a-educacao\\\/\"},\"author\":{\"name\":\"Marcelo Lopes\",\"@id\":\"https:\\\/\\\/marcelolopes.jor.br\\\/site\\\/#\\\/schema\\\/person\\\/3e7216a35c34d8fdf952b31da3d1f89f\"},\"headline\":\"Cataguases recusa proposta do governo de Minas de municipalizar a Educa\u00e7\u00e3o\",\"datePublished\":\"2021-04-30T23:00:58+00:00\",\"mainEntityOfPage\":{\"@id\":\"https:\\\/\\\/marcelolopes.jor.br\\\/site\\\/2021\\\/04\\\/30\\\/cataguases-recusa-proposta-do-governo-de-minas-de-municipalizar-a-educacao\\\/\"},\"wordCount\":423,\"commentCount\":0,\"publisher\":{\"@id\":\"https:\\\/\\\/marcelolopes.jor.br\\\/site\\\/#organization\"},\"image\":{\"@id\":\"https:\\\/\\\/marcelolopes.jor.br\\\/site\\\/2021\\\/04\\\/30\\\/cataguases-recusa-proposta-do-governo-de-minas-de-municipalizar-a-educacao\\\/#primaryimage\"},\"thumbnailUrl\":\"https:\\\/\\\/marcelolopes.jor.br\\\/site\\\/wp-content\\\/uploads\\\/2021\\\/04\\\/Jos\u00e9-e-Mara.jpg\",\"keywords\":[\"alfabetiza\u00e7\u00e3o; educa\u00e7\u00e3o\",\"Educa\u00e7\u00e3o\",\"ensino fundamental\",\"municipaliza\u00e7\u00e3o\"],\"articleSection\":[\"Not\u00edcias\"],\"inLanguage\":\"pt-BR\",\"potentialAction\":[{\"@type\":\"CommentAction\",\"name\":\"Comment\",\"target\":[\"https:\\\/\\\/marcelolopes.jor.br\\\/site\\\/2021\\\/04\\\/30\\\/cataguases-recusa-proposta-do-governo-de-minas-de-municipalizar-a-educacao\\\/#respond\"]}]},{\"@type\":\"WebPage\",\"@id\":\"https:\\\/\\\/marcelolopes.jor.br\\\/site\\\/2021\\\/04\\\/30\\\/cataguases-recusa-proposta-do-governo-de-minas-de-municipalizar-a-educacao\\\/\",\"url\":\"https:\\\/\\\/marcelolopes.jor.br\\\/site\\\/2021\\\/04\\\/30\\\/cataguases-recusa-proposta-do-governo-de-minas-de-municipalizar-a-educacao\\\/\",\"name\":\"Cataguases recusa proposta do governo de Minas de municipalizar a Educa\u00e7\u00e3o | Marcelo Lopes\",\"isPartOf\":{\"@id\":\"https:\\\/\\\/marcelolopes.jor.br\\\/site\\\/#website\"},\"primaryImageOfPage\":{\"@id\":\"https:\\\/\\\/marcelolopes.jor.br\\\/site\\\/2021\\\/04\\\/30\\\/cataguases-recusa-proposta-do-governo-de-minas-de-municipalizar-a-educacao\\\/#primaryimage\"},\"image\":{\"@id\":\"https:\\\/\\\/marcelolopes.jor.br\\\/site\\\/2021\\\/04\\\/30\\\/cataguases-recusa-proposta-do-governo-de-minas-de-municipalizar-a-educacao\\\/#primaryimage\"},\"thumbnailUrl\":\"https:\\\/\\\/marcelolopes.jor.br\\\/site\\\/wp-content\\\/uploads\\\/2021\\\/04\\\/Jos\u00e9-e-Mara.jpg\",\"datePublished\":\"2021-04-30T23:00:58+00:00\",\"breadcrumb\":{\"@id\":\"https:\\\/\\\/marcelolopes.jor.br\\\/site\\\/2021\\\/04\\\/30\\\/cataguases-recusa-proposta-do-governo-de-minas-de-municipalizar-a-educacao\\\/#breadcrumb\"},\"inLanguage\":\"pt-BR\",\"potentialAction\":[{\"@type\":\"ReadAction\",\"target\":[\"https:\\\/\\\/marcelolopes.jor.br\\\/site\\\/2021\\\/04\\\/30\\\/cataguases-recusa-proposta-do-governo-de-minas-de-municipalizar-a-educacao\\\/\"]}]},{\"@type\":\"ImageObject\",\"inLanguage\":\"pt-BR\",\"@id\":\"https:\\\/\\\/marcelolopes.jor.br\\\/site\\\/2021\\\/04\\\/30\\\/cataguases-recusa-proposta-do-governo-de-minas-de-municipalizar-a-educacao\\\/#primaryimage\",\"url\":\"https:\\\/\\\/marcelolopes.jor.br\\\/site\\\/wp-content\\\/uploads\\\/2021\\\/04\\\/Jos\u00e9-e-Mara.jpg\",\"contentUrl\":\"https:\\\/\\\/marcelolopes.jor.br\\\/site\\\/wp-content\\\/uploads\\\/2021\\\/04\\\/Jos\u00e9-e-Mara.jpg\",\"width\":800,\"height\":516},{\"@type\":\"BreadcrumbList\",\"@id\":\"https:\\\/\\\/marcelolopes.jor.br\\\/site\\\/2021\\\/04\\\/30\\\/cataguases-recusa-proposta-do-governo-de-minas-de-municipalizar-a-educacao\\\/#breadcrumb\",\"itemListElement\":[{\"@type\":\"ListItem\",\"position\":1,\"name\":\"Home\",\"item\":\"https:\\\/\\\/marcelolopes.jor.br\\\/site\\\/\"},{\"@type\":\"ListItem\",\"position\":2,\"name\":\"Cataguases recusa proposta do governo de Minas de municipalizar a Educa\u00e7\u00e3o\"}]},{\"@type\":\"WebSite\",\"@id\":\"https:\\\/\\\/marcelolopes.jor.br\\\/site\\\/#website\",\"url\":\"https:\\\/\\\/marcelolopes.jor.br\\\/site\\\/\",\"name\":\"Marcelo Lopes\",\"description\":\"Not\u00edcias de Cataguases e Regi\u00e3o\",\"publisher\":{\"@id\":\"https:\\\/\\\/marcelolopes.jor.br\\\/site\\\/#organization\"},\"potentialAction\":[{\"@type\":\"SearchAction\",\"target\":{\"@type\":\"EntryPoint\",\"urlTemplate\":\"https:\\\/\\\/marcelolopes.jor.br\\\/site\\\/?s={search_term_string}\"},\"query-input\":{\"@type\":\"PropertyValueSpecification\",\"valueRequired\":true,\"valueName\":\"search_term_string\"}}],\"inLanguage\":\"pt-BR\"},{\"@type\":\"Organization\",\"@id\":\"https:\\\/\\\/marcelolopes.jor.br\\\/site\\\/#organization\",\"name\":\"Site do Marcelo Lopes\",\"url\":\"https:\\\/\\\/marcelolopes.jor.br\\\/site\\\/\",\"logo\":{\"@type\":\"ImageObject\",\"inLanguage\":\"pt-BR\",\"@id\":\"https:\\\/\\\/marcelolopes.jor.br\\\/site\\\/#\\\/schema\\\/logo\\\/image\\\/\",\"url\":\"https:\\\/\\\/marcelolopes.jor.br\\\/site\\\/wp-content\\\/uploads\\\/2024\\\/11\\\/logo-1.png\",\"contentUrl\":\"https:\\\/\\\/marcelolopes.jor.br\\\/site\\\/wp-content\\\/uploads\\\/2024\\\/11\\\/logo-1.png\",\"width\":475,\"height\":80,\"caption\":\"Site do Marcelo Lopes\"},\"image\":{\"@id\":\"https:\\\/\\\/marcelolopes.jor.br\\\/site\\\/#\\\/schema\\\/logo\\\/image\\\/\"},\"sameAs\":[\"https:\\\/\\\/www.facebook.com\\\/sitedomarcelolopes\",\"https:\\\/\\\/www.instagram.com\\\/sitedomarcelolopes\\\/\",\"https:\\\/\\\/www.linkedin.com\\\/company\\\/site-do-marcelo-lopes\\\/\",\"https:\\\/\\\/www.youtube.com\\\/user\\\/marcelolopes957\"]},{\"@type\":\"Person\",\"@id\":\"https:\\\/\\\/marcelolopes.jor.br\\\/site\\\/#\\\/schema\\\/person\\\/3e7216a35c34d8fdf952b31da3d1f89f\",\"name\":\"Marcelo Lopes\",\"sameAs\":[\"http:\\\/\\\/www.marcelolopes.jor.br\"],\"url\":\"https:\\\/\\\/marcelolopes.jor.br\\\/site\\\/author\\\/marcelo\\\/\"}]}<\/script>\n<!-- \/ Yoast SEO plugin. -->","yoast_head_json":{"title":"Cataguases recusa proposta do governo de Minas de municipalizar a Educa\u00e7\u00e3o | Marcelo Lopes","robots":{"index":"index","follow":"follow","max-snippet":"max-snippet:-1","max-image-preview":"max-image-preview:large","max-video-preview":"max-video-preview:-1"},"canonical":"https:\/\/marcelolopes.jor.br\/site\/2021\/04\/30\/cataguases-recusa-proposta-do-governo-de-minas-de-municipalizar-a-educacao\/","og_locale":"pt_BR","og_type":"article","og_title":"Cataguases recusa proposta do governo de Minas de municipalizar a Educa\u00e7\u00e3o | Marcelo Lopes","og_description":"O Prefeito Jos\u00e9 Henriques e a Secret\u00e1ria Municipal de Educa\u00e7\u00e3o, Luci Mara Guedes, revelaram com exclusividade ao Site do Marcelo Lopes que Cataguases n\u00e3o vai aderir ao projeto M\u00e3os Dadas do Governo de Minas, que prop\u00f5e municipalizar a Educa\u00e7\u00e3o nosLeia mais Cataguases recusa proposta do governo de Minas de municipalizar a Educa\u00e7\u00e3o","og_url":"https:\/\/marcelolopes.jor.br\/site\/2021\/04\/30\/cataguases-recusa-proposta-do-governo-de-minas-de-municipalizar-a-educacao\/","og_site_name":"Marcelo Lopes","article_publisher":"https:\/\/www.facebook.com\/sitedomarcelolopes","article_published_time":"2021-04-30T23:00:58+00:00","og_image":[{"width":800,"height":516,"url":"https:\/\/marcelolopes.jor.br\/site\/wp-content\/uploads\/2021\/04\/Jos\u00e9-e-Mara.jpg","type":"image\/jpeg"}],"author":"Marcelo Lopes","twitter_card":"summary_large_image","twitter_misc":{"Escrito por":"Marcelo Lopes","Est. tempo de leitura":"2 minutos"},"schema":{"@context":"https:\/\/schema.org","@graph":[{"@type":"NewsArticle","@id":"https:\/\/marcelolopes.jor.br\/site\/2021\/04\/30\/cataguases-recusa-proposta-do-governo-de-minas-de-municipalizar-a-educacao\/#article","isPartOf":{"@id":"https:\/\/marcelolopes.jor.br\/site\/2021\/04\/30\/cataguases-recusa-proposta-do-governo-de-minas-de-municipalizar-a-educacao\/"},"author":{"name":"Marcelo Lopes","@id":"https:\/\/marcelolopes.jor.br\/site\/#\/schema\/person\/3e7216a35c34d8fdf952b31da3d1f89f"},"headline":"Cataguases recusa proposta do governo de Minas de municipalizar a Educa\u00e7\u00e3o","datePublished":"2021-04-30T23:00:58+00:00","mainEntityOfPage":{"@id":"https:\/\/marcelolopes.jor.br\/site\/2021\/04\/30\/cataguases-recusa-proposta-do-governo-de-minas-de-municipalizar-a-educacao\/"},"wordCount":423,"commentCount":0,"publisher":{"@id":"https:\/\/marcelolopes.jor.br\/site\/#organization"},"image":{"@id":"https:\/\/marcelolopes.jor.br\/site\/2021\/04\/30\/cataguases-recusa-proposta-do-governo-de-minas-de-municipalizar-a-educacao\/#primaryimage"},"thumbnailUrl":"https:\/\/marcelolopes.jor.br\/site\/wp-content\/uploads\/2021\/04\/Jos\u00e9-e-Mara.jpg","keywords":["alfabetiza\u00e7\u00e3o; educa\u00e7\u00e3o","Educa\u00e7\u00e3o","ensino fundamental","municipaliza\u00e7\u00e3o"],"articleSection":["Not\u00edcias"],"inLanguage":"pt-BR","potentialAction":[{"@type":"CommentAction","name":"Comment","target":["https:\/\/marcelolopes.jor.br\/site\/2021\/04\/30\/cataguases-recusa-proposta-do-governo-de-minas-de-municipalizar-a-educacao\/#respond"]}]},{"@type":"WebPage","@id":"https:\/\/marcelolopes.jor.br\/site\/2021\/04\/30\/cataguases-recusa-proposta-do-governo-de-minas-de-municipalizar-a-educacao\/","url":"https:\/\/marcelolopes.jor.br\/site\/2021\/04\/30\/cataguases-recusa-proposta-do-governo-de-minas-de-municipalizar-a-educacao\/","name":"Cataguases recusa proposta do governo de Minas de municipalizar a Educa\u00e7\u00e3o | Marcelo Lopes","isPartOf":{"@id":"https:\/\/marcelolopes.jor.br\/site\/#website"},"primaryImageOfPage":{"@id":"https:\/\/marcelolopes.jor.br\/site\/2021\/04\/30\/cataguases-recusa-proposta-do-governo-de-minas-de-municipalizar-a-educacao\/#primaryimage"},"image":{"@id":"https:\/\/marcelolopes.jor.br\/site\/2021\/04\/30\/cataguases-recusa-proposta-do-governo-de-minas-de-municipalizar-a-educacao\/#primaryimage"},"thumbnailUrl":"https:\/\/marcelolopes.jor.br\/site\/wp-content\/uploads\/2021\/04\/Jos\u00e9-e-Mara.jpg","datePublished":"2021-04-30T23:00:58+00:00","breadcrumb":{"@id":"https:\/\/marcelolopes.jor.br\/site\/2021\/04\/30\/cataguases-recusa-proposta-do-governo-de-minas-de-municipalizar-a-educacao\/#breadcrumb"},"inLanguage":"pt-BR","potentialAction":[{"@type":"ReadAction","target":["https:\/\/marcelolopes.jor.br\/site\/2021\/04\/30\/cataguases-recusa-proposta-do-governo-de-minas-de-municipalizar-a-educacao\/"]}]},{"@type":"ImageObject","inLanguage":"pt-BR","@id":"https:\/\/marcelolopes.jor.br\/site\/2021\/04\/30\/cataguases-recusa-proposta-do-governo-de-minas-de-municipalizar-a-educacao\/#primaryimage","url":"https:\/\/marcelolopes.jor.br\/site\/wp-content\/uploads\/2021\/04\/Jos\u00e9-e-Mara.jpg","contentUrl":"https:\/\/marcelolopes.jor.br\/site\/wp-content\/uploads\/2021\/04\/Jos\u00e9-e-Mara.jpg","width":800,"height":516},{"@type":"BreadcrumbList","@id":"https:\/\/marcelolopes.jor.br\/site\/2021\/04\/30\/cataguases-recusa-proposta-do-governo-de-minas-de-municipalizar-a-educacao\/#breadcrumb","itemListElement":[{"@type":"ListItem","position":1,"name":"Home","item":"https:\/\/marcelolopes.jor.br\/site\/"},{"@type":"ListItem","position":2,"name":"Cataguases recusa proposta do governo de Minas de municipalizar a Educa\u00e7\u00e3o"}]},{"@type":"WebSite","@id":"https:\/\/marcelolopes.jor.br\/site\/#website","url":"https:\/\/marcelolopes.jor.br\/site\/","name":"Marcelo Lopes","description":"Not\u00edcias de Cataguases e Regi\u00e3o","publisher":{"@id":"https:\/\/marcelolopes.jor.br\/site\/#organization"},"potentialAction":[{"@type":"SearchAction","target":{"@type":"EntryPoint","urlTemplate":"https:\/\/marcelolopes.jor.br\/site\/?s={search_term_string}"},"query-input":{"@type":"PropertyValueSpecification","valueRequired":true,"valueName":"search_term_string"}}],"inLanguage":"pt-BR"},{"@type":"Organization","@id":"https:\/\/marcelolopes.jor.br\/site\/#organization","name":"Site do Marcelo Lopes","url":"https:\/\/marcelolopes.jor.br\/site\/","logo":{"@type":"ImageObject","inLanguage":"pt-BR","@id":"https:\/\/marcelolopes.jor.br\/site\/#\/schema\/logo\/image\/","url":"https:\/\/marcelolopes.jor.br\/site\/wp-content\/uploads\/2024\/11\/logo-1.png","contentUrl":"https:\/\/marcelolopes.jor.br\/site\/wp-content\/uploads\/2024\/11\/logo-1.png","width":475,"height":80,"caption":"Site do Marcelo Lopes"},"image":{"@id":"https:\/\/marcelolopes.jor.br\/site\/#\/schema\/logo\/image\/"},"sameAs":["https:\/\/www.facebook.com\/sitedomarcelolopes","https:\/\/www.instagram.com\/sitedomarcelolopes\/","https:\/\/www.linkedin.com\/company\/site-do-marcelo-lopes\/","https:\/\/www.youtube.com\/user\/marcelolopes957"]},{"@type":"Person","@id":"https:\/\/marcelolopes.jor.br\/site\/#\/schema\/person\/3e7216a35c34d8fdf952b31da3d1f89f","name":"Marcelo Lopes","sameAs":["http:\/\/www.marcelolopes.jor.br"],"url":"https:\/\/marcelolopes.jor.br\/site\/author\/marcelo\/"}]}},"wps_subtitle":"Prefeito e Secret\u00e1ria de Educa\u00e7\u00e3o anunciaram a decis\u00e3o nesta tarde.","_links":{"self":[{"href":"https:\/\/marcelolopes.jor.br\/site\/wp-json\/wp\/v2\/posts\/23372","targetHints":{"allow":["GET"]}}],"collection":[{"href":"https:\/\/marcelolopes.jor.br\/site\/wp-json\/wp\/v2\/posts"}],"about":[{"href":"https:\/\/marcelolopes.jor.br\/site\/wp-json\/wp\/v2\/types\/post"}],"author":[{"embeddable":true,"href":"https:\/\/marcelolopes.jor.br\/site\/wp-json\/wp\/v2\/users\/2"}],"replies":[{"embeddable":true,"href":"https:\/\/marcelolopes.jor.br\/site\/wp-json\/wp\/v2\/comments?post=23372"}],"version-history":[{"count":0,"href":"https:\/\/marcelolopes.jor.br\/site\/wp-json\/wp\/v2\/posts\/23372\/revisions"}],"wp:featuredmedia":[{"embeddable":true,"href":"https:\/\/marcelolopes.jor.br\/site\/wp-json\/wp\/v2\/media\/23376"}],"wp:attachment":[{"href":"https:\/\/marcelolopes.jor.br\/site\/wp-json\/wp\/v2\/media?parent=23372"}],"wp:term":[{"taxonomy":"category","embeddable":true,"href":"https:\/\/marcelolopes.jor.br\/site\/wp-json\/wp\/v2\/categories?post=23372"},{"taxonomy":"post_tag","embeddable":true,"href":"https:\/\/marcelolopes.jor.br\/site\/wp-json\/wp\/v2\/tags?post=23372"}],"curies":[{"name":"wp","href":"https:\/\/api.w.org\/{rel}","templated":true}]}}