{"id":23240,"date":"2021-04-26T07:00:34","date_gmt":"2021-04-26T10:00:34","guid":{"rendered":"https:\/\/marcelolopes.jor.br\/?p=23240"},"modified":"2021-04-25T18:13:43","modified_gmt":"2021-04-25T21:13:43","slug":"energisa-retira-mais-de-300kg-de-cabos-inutilizados-dos-postes","status":"publish","type":"post","link":"https:\/\/marcelolopes.jor.br\/site\/2021\/04\/26\/energisa-retira-mais-de-300kg-de-cabos-inutilizados-dos-postes\/","title":{"rendered":"Energisa retira mais de 300kg de cabos inutilizados dos postes"},"content":{"rendered":"<p style=\"text-align: justify;\">Com as novas tecnologias e expans\u00e3o das empresas de telecomunica\u00e7\u00f5es, o n\u00famero de provedores que compartilham os postes de energia el\u00e9trica para instala\u00e7\u00e3o dos cabos cresce a cada dia. Por isso, para garantir o compartilhamento seguro e eficiente dos postes pelas empresas de telecomunica\u00e7\u00f5es, a Energisa realizou, em Cataguases, durante o m\u00eas de mar\u00e7o, um trabalho de limpeza dos cabos de telecomunica\u00e7\u00f5es inutilizados. Ou seja, foram retirados os cabos de terceiros, que estavam sem uso e ficam pendurados na rede, totalizando mais de 300 kg de cabos inutilizados. Cabe ressaltar que essa responsabilidade \u00e9 dos provedores de telecomunica\u00e7\u00f5es e que por deixarem esses cabos desorganizados a Energisa precisou promover a limpeza, visando principalmente \u00e0 seguran\u00e7a da popula\u00e7\u00e3o.<!--more--><br \/>\n<a href=\"http:\/\/wa.me\/553234211213\"><img loading=\"lazy\" decoding=\"async\" class=\"aligncenter wp-image-23226 size-full\" src=\"https:\/\/marcelolopes.jor.br\/site\/wp-content\/uploads\/2021\/04\/Banner-Marcelo-Lopes-6-1.gif\" alt=\"\" width=\"800\" height=\"214\" \/><\/a>Vale destacar tamb\u00e9m que o uso compartilhado dos postes de energia el\u00e9trica deve ser obrigatoriamente autorizado pelas concession\u00e1rias de energia el\u00e9trica, j\u00e1 que o uso irregular e o excesso de fios e cabos podem acarretar dificuldade de acesso para manuten\u00e7\u00e3o e at\u00e9 mesmo a queda dos postes. \u201cNo entanto, nem sempre essas empresas est\u00e3o autorizadas ou submetem o projeto para autoriza\u00e7\u00e3o. Isso acaba causando riscos de acidente para as pr\u00f3prias empresas envolvidas e para a popula\u00e7\u00e3o, al\u00e9m da polui\u00e7\u00e3o visual\u201d, explica o coordenador de Projetos, Constru\u00e7\u00e3o e Manuten\u00e7\u00e3o da Energisa, Luciano Cunha.<\/p>\n<p>\u201c\u00c9 de responsabilidade das empresas de telecomunica\u00e7\u00f5es promover a retirada desses cabos que n\u00e3o est\u00e3o em uso e colaborar para a limpeza e organiza\u00e7\u00e3o dos cabos nos postes de energia, al\u00e9m da instala\u00e7\u00e3o correta dos fios. A Energisa est\u00e1 atuando fortemente para eliminar o excesso de cabos soltos e n\u00e3o identificados e reorganizar os fios para evitar a polui\u00e7\u00e3o visual. Essa a\u00e7\u00e3o tamb\u00e9m vai contribuir para a redu\u00e7\u00e3o de carga nos postes e melhorar o visual. Vamos atuar junto \u00e0s empresas de telecomunica\u00e7\u00f5es, cumprindo as regulamenta\u00e7\u00f5es\u201d, complementa Cunha.<\/p>\n<p><img loading=\"lazy\" decoding=\"async\" class=\"aligncenter wp-image-23242 size-full\" src=\"https:\/\/marcelolopes.jor.br\/site\/wp-content\/uploads\/2021\/04\/image004.jpg\" alt=\"\" width=\"624\" height=\"876\" srcset=\"https:\/\/marcelolopes.jor.br\/site\/wp-content\/uploads\/2021\/04\/image004.jpg 624w, https:\/\/marcelolopes.jor.br\/site\/wp-content\/uploads\/2021\/04\/image004-214x300.jpg 214w\" sizes=\"auto, (max-width: 624px) 100vw, 624px\" \/><\/p>\n<p style=\"text-align: justify;\">Fonte e fotos: Energisa Minas Gerais<\/p>\n<div class=\"bpckg69f73e1c274af\" ><br><\/div><style type=\"text\/css\">\r\n@media screen and (min-width: 1201px) {\r\n.bpckg69f73e1c274af {\r\ndisplay: block;\r\n}\r\n}\r\n@media screen and (min-width: 993px) and (max-width: 1200px) {\r\n.bpckg69f73e1c274af {\r\ndisplay: block;\r\n}\r\n}\r\n@media screen and (min-width: 769px) and (max-width: 992px) {\r\n.bpckg69f73e1c274af {\r\ndisplay: block;\r\n}\r\n}\r\n@media screen and (min-width: 768px) and (max-width: 768px) {\r\n.bpckg69f73e1c274af {\r\ndisplay: block;\r\n}\r\n}\r\n@media screen and (max-width: 767px) {\r\n.bpckg69f73e1c274af {\r\ndisplay: block;\r\n}\r\n}\r\n<\/style>\r\n<div class=\"yadfb69f73e1c2c7f7\" ><div id=\"div_destino\"><\/div>\r\n<script src=\"https:\/\/cdn.snsrsv.com\/sdk.js\"><\/script>\r\n<script >\r\n      new sdk(\"464030C30061EA8BE065000000000001\") \r\n          .appendTo(\"div_destino\")\r\n          .disableStyle(true) \r\n          .setCacheBusterMacro(\"%%CACHEBUSTER%%\")\r\n          .setSize(\"800\",\"214\")\r\n          .setClickMacro(\"%%CLICK_URL_ESC%%\") \r\n          .setReferrerUrlMacro(\"%%REFERRER_URL_ESC%%\") \r\n          .start(); \r\n<\/script><\/div><style type=\"text\/css\">\r\n@media screen and (min-width: 1201px) {\r\n.yadfb69f73e1c2c7f7 {\r\ndisplay: block;\r\n}\r\n}\r\n@media screen and (min-width: 993px) and (max-width: 1200px) {\r\n.yadfb69f73e1c2c7f7 {\r\ndisplay: block;\r\n}\r\n}\r\n@media screen and (min-width: 769px) and (max-width: 992px) {\r\n.yadfb69f73e1c2c7f7 {\r\ndisplay: block;\r\n}\r\n}\r\n@media screen and (min-width: 768px) and (max-width: 768px) {\r\n.yadfb69f73e1c2c7f7 {\r\ndisplay: block;\r\n}\r\n}\r\n@media screen and (max-width: 767px) {\r\n.yadfb69f73e1c2c7f7 {\r\ndisplay: block;\r\n}\r\n}\r\n<\/style>\r\n","protected":false},"excerpt":{"rendered":"<p>Com as novas tecnologias e expans\u00e3o das empresas de telecomunica\u00e7\u00f5es, o n\u00famero de provedores que compartilham os postes de energia el\u00e9trica para instala\u00e7\u00e3o dos cabos cresce a cada dia. Por isso, para garantir o compartilhamento seguro e eficiente dos postes<\/p>\n<p class=\"link-more\"><a class=\"more-link\" href=\"https:\/\/marcelolopes.jor.br\/site\/2021\/04\/26\/energisa-retira-mais-de-300kg-de-cabos-inutilizados-dos-postes\/\">Leia mais <span class=\"screen-reader-text\">Energisa retira mais de 300kg de cabos inutilizados dos postes<\/span><\/a><\/p>\n","protected":false},"author":2,"featured_media":23244,"comment_status":"open","ping_status":"open","sticky":false,"template":"","format":"standard","meta":{"footnotes":""},"categories":[1],"tags":[1622,1537,1165,3952],"class_list":["post-23240","post","type-post","status-publish","format-standard","has-post-thumbnail","hentry","category-noticias","tag-fios-e-cabos","tag-postes","tag-rede-eletrica","tag-telecomunicacao","thumb-below-title"],"yoast_head":"<!-- This site is optimized with the Yoast SEO plugin v27.4 - https:\/\/yoast.com\/product\/yoast-seo-wordpress\/ -->\n<title>Energisa retira mais de 300kg de cabos inutilizados dos postes | Marcelo Lopes<\/title>\n<meta name=\"robots\" content=\"index, follow, max-snippet:-1, max-image-preview:large, max-video-preview:-1\" \/>\n<link rel=\"canonical\" href=\"https:\/\/marcelolopes.jor.br\/site\/2021\/04\/26\/energisa-retira-mais-de-300kg-de-cabos-inutilizados-dos-postes\/\" \/>\n<meta property=\"og:locale\" content=\"pt_BR\" \/>\n<meta property=\"og:type\" content=\"article\" \/>\n<meta property=\"og:title\" content=\"Energisa retira mais de 300kg de cabos inutilizados dos postes | Marcelo Lopes\" \/>\n<meta property=\"og:description\" content=\"Com as novas tecnologias e expans\u00e3o das empresas de telecomunica\u00e7\u00f5es, o n\u00famero de provedores que compartilham os postes de energia el\u00e9trica para instala\u00e7\u00e3o dos cabos cresce a cada dia. Por isso, para garantir o compartilhamento seguro e eficiente dos postesLeia mais Energisa retira mais de 300kg de cabos inutilizados dos postes\" \/>\n<meta property=\"og:url\" content=\"https:\/\/marcelolopes.jor.br\/site\/2021\/04\/26\/energisa-retira-mais-de-300kg-de-cabos-inutilizados-dos-postes\/\" \/>\n<meta property=\"og:site_name\" content=\"Marcelo Lopes\" \/>\n<meta property=\"article:publisher\" content=\"https:\/\/www.facebook.com\/sitedomarcelolopes\" \/>\n<meta property=\"article:published_time\" content=\"2021-04-26T10:00:34+00:00\" \/>\n<meta property=\"og:image\" content=\"https:\/\/marcelolopes.jor.br\/site\/wp-content\/uploads\/2021\/04\/fios-e-cabos.jpg\" \/>\n\t<meta property=\"og:image:width\" content=\"800\" \/>\n\t<meta property=\"og:image:height\" content=\"538\" \/>\n\t<meta property=\"og:image:type\" content=\"image\/jpeg\" \/>\n<meta name=\"author\" content=\"Marcelo Lopes\" \/>\n<meta name=\"twitter:card\" content=\"summary_large_image\" \/>\n<meta name=\"twitter:label1\" content=\"Escrito por\" \/>\n\t<meta name=\"twitter:data1\" content=\"Marcelo Lopes\" \/>\n\t<meta name=\"twitter:label2\" content=\"Est. tempo de leitura\" \/>\n\t<meta name=\"twitter:data2\" content=\"2 minutos\" \/>\n<script type=\"application\/ld+json\" class=\"yoast-schema-graph\">{\"@context\":\"https:\\\/\\\/schema.org\",\"@graph\":[{\"@type\":\"NewsArticle\",\"@id\":\"https:\\\/\\\/marcelolopes.jor.br\\\/site\\\/2021\\\/04\\\/26\\\/energisa-retira-mais-de-300kg-de-cabos-inutilizados-dos-postes\\\/#article\",\"isPartOf\":{\"@id\":\"https:\\\/\\\/marcelolopes.jor.br\\\/site\\\/2021\\\/04\\\/26\\\/energisa-retira-mais-de-300kg-de-cabos-inutilizados-dos-postes\\\/\"},\"author\":{\"name\":\"Marcelo Lopes\",\"@id\":\"https:\\\/\\\/marcelolopes.jor.br\\\/site\\\/#\\\/schema\\\/person\\\/3e7216a35c34d8fdf952b31da3d1f89f\"},\"headline\":\"Energisa retira mais de 300kg de cabos inutilizados dos postes\",\"datePublished\":\"2021-04-26T10:00:34+00:00\",\"mainEntityOfPage\":{\"@id\":\"https:\\\/\\\/marcelolopes.jor.br\\\/site\\\/2021\\\/04\\\/26\\\/energisa-retira-mais-de-300kg-de-cabos-inutilizados-dos-postes\\\/\"},\"wordCount\":347,\"commentCount\":0,\"publisher\":{\"@id\":\"https:\\\/\\\/marcelolopes.jor.br\\\/site\\\/#organization\"},\"image\":{\"@id\":\"https:\\\/\\\/marcelolopes.jor.br\\\/site\\\/2021\\\/04\\\/26\\\/energisa-retira-mais-de-300kg-de-cabos-inutilizados-dos-postes\\\/#primaryimage\"},\"thumbnailUrl\":\"https:\\\/\\\/marcelolopes.jor.br\\\/site\\\/wp-content\\\/uploads\\\/2021\\\/04\\\/fios-e-cabos.jpg\",\"keywords\":[\"fios e cabos\",\"postes\",\"rede el\u00e9trica\",\"telecomunica\u00e7\u00e3o\"],\"articleSection\":[\"Not\u00edcias\"],\"inLanguage\":\"pt-BR\",\"potentialAction\":[{\"@type\":\"CommentAction\",\"name\":\"Comment\",\"target\":[\"https:\\\/\\\/marcelolopes.jor.br\\\/site\\\/2021\\\/04\\\/26\\\/energisa-retira-mais-de-300kg-de-cabos-inutilizados-dos-postes\\\/#respond\"]}]},{\"@type\":\"WebPage\",\"@id\":\"https:\\\/\\\/marcelolopes.jor.br\\\/site\\\/2021\\\/04\\\/26\\\/energisa-retira-mais-de-300kg-de-cabos-inutilizados-dos-postes\\\/\",\"url\":\"https:\\\/\\\/marcelolopes.jor.br\\\/site\\\/2021\\\/04\\\/26\\\/energisa-retira-mais-de-300kg-de-cabos-inutilizados-dos-postes\\\/\",\"name\":\"Energisa retira mais de 300kg de cabos inutilizados dos postes | Marcelo Lopes\",\"isPartOf\":{\"@id\":\"https:\\\/\\\/marcelolopes.jor.br\\\/site\\\/#website\"},\"primaryImageOfPage\":{\"@id\":\"https:\\\/\\\/marcelolopes.jor.br\\\/site\\\/2021\\\/04\\\/26\\\/energisa-retira-mais-de-300kg-de-cabos-inutilizados-dos-postes\\\/#primaryimage\"},\"image\":{\"@id\":\"https:\\\/\\\/marcelolopes.jor.br\\\/site\\\/2021\\\/04\\\/26\\\/energisa-retira-mais-de-300kg-de-cabos-inutilizados-dos-postes\\\/#primaryimage\"},\"thumbnailUrl\":\"https:\\\/\\\/marcelolopes.jor.br\\\/site\\\/wp-content\\\/uploads\\\/2021\\\/04\\\/fios-e-cabos.jpg\",\"datePublished\":\"2021-04-26T10:00:34+00:00\",\"breadcrumb\":{\"@id\":\"https:\\\/\\\/marcelolopes.jor.br\\\/site\\\/2021\\\/04\\\/26\\\/energisa-retira-mais-de-300kg-de-cabos-inutilizados-dos-postes\\\/#breadcrumb\"},\"inLanguage\":\"pt-BR\",\"potentialAction\":[{\"@type\":\"ReadAction\",\"target\":[\"https:\\\/\\\/marcelolopes.jor.br\\\/site\\\/2021\\\/04\\\/26\\\/energisa-retira-mais-de-300kg-de-cabos-inutilizados-dos-postes\\\/\"]}]},{\"@type\":\"ImageObject\",\"inLanguage\":\"pt-BR\",\"@id\":\"https:\\\/\\\/marcelolopes.jor.br\\\/site\\\/2021\\\/04\\\/26\\\/energisa-retira-mais-de-300kg-de-cabos-inutilizados-dos-postes\\\/#primaryimage\",\"url\":\"https:\\\/\\\/marcelolopes.jor.br\\\/site\\\/wp-content\\\/uploads\\\/2021\\\/04\\\/fios-e-cabos.jpg\",\"contentUrl\":\"https:\\\/\\\/marcelolopes.jor.br\\\/site\\\/wp-content\\\/uploads\\\/2021\\\/04\\\/fios-e-cabos.jpg\",\"width\":800,\"height\":538},{\"@type\":\"BreadcrumbList\",\"@id\":\"https:\\\/\\\/marcelolopes.jor.br\\\/site\\\/2021\\\/04\\\/26\\\/energisa-retira-mais-de-300kg-de-cabos-inutilizados-dos-postes\\\/#breadcrumb\",\"itemListElement\":[{\"@type\":\"ListItem\",\"position\":1,\"name\":\"Home\",\"item\":\"https:\\\/\\\/marcelolopes.jor.br\\\/site\\\/\"},{\"@type\":\"ListItem\",\"position\":2,\"name\":\"Energisa retira mais de 300kg de cabos inutilizados dos postes\"}]},{\"@type\":\"WebSite\",\"@id\":\"https:\\\/\\\/marcelolopes.jor.br\\\/site\\\/#website\",\"url\":\"https:\\\/\\\/marcelolopes.jor.br\\\/site\\\/\",\"name\":\"Marcelo Lopes\",\"description\":\"Not\u00edcias de Cataguases e Regi\u00e3o\",\"publisher\":{\"@id\":\"https:\\\/\\\/marcelolopes.jor.br\\\/site\\\/#organization\"},\"potentialAction\":[{\"@type\":\"SearchAction\",\"target\":{\"@type\":\"EntryPoint\",\"urlTemplate\":\"https:\\\/\\\/marcelolopes.jor.br\\\/site\\\/?s={search_term_string}\"},\"query-input\":{\"@type\":\"PropertyValueSpecification\",\"valueRequired\":true,\"valueName\":\"search_term_string\"}}],\"inLanguage\":\"pt-BR\"},{\"@type\":\"Organization\",\"@id\":\"https:\\\/\\\/marcelolopes.jor.br\\\/site\\\/#organization\",\"name\":\"Site do Marcelo Lopes\",\"url\":\"https:\\\/\\\/marcelolopes.jor.br\\\/site\\\/\",\"logo\":{\"@type\":\"ImageObject\",\"inLanguage\":\"pt-BR\",\"@id\":\"https:\\\/\\\/marcelolopes.jor.br\\\/site\\\/#\\\/schema\\\/logo\\\/image\\\/\",\"url\":\"https:\\\/\\\/marcelolopes.jor.br\\\/site\\\/wp-content\\\/uploads\\\/2024\\\/11\\\/logo-1.png\",\"contentUrl\":\"https:\\\/\\\/marcelolopes.jor.br\\\/site\\\/wp-content\\\/uploads\\\/2024\\\/11\\\/logo-1.png\",\"width\":475,\"height\":80,\"caption\":\"Site do Marcelo Lopes\"},\"image\":{\"@id\":\"https:\\\/\\\/marcelolopes.jor.br\\\/site\\\/#\\\/schema\\\/logo\\\/image\\\/\"},\"sameAs\":[\"https:\\\/\\\/www.facebook.com\\\/sitedomarcelolopes\",\"https:\\\/\\\/www.instagram.com\\\/sitedomarcelolopes\\\/\",\"https:\\\/\\\/www.linkedin.com\\\/company\\\/site-do-marcelo-lopes\\\/\",\"https:\\\/\\\/www.youtube.com\\\/user\\\/marcelolopes957\"]},{\"@type\":\"Person\",\"@id\":\"https:\\\/\\\/marcelolopes.jor.br\\\/site\\\/#\\\/schema\\\/person\\\/3e7216a35c34d8fdf952b31da3d1f89f\",\"name\":\"Marcelo Lopes\",\"sameAs\":[\"http:\\\/\\\/www.marcelolopes.jor.br\"],\"url\":\"https:\\\/\\\/marcelolopes.jor.br\\\/site\\\/author\\\/marcelo\\\/\"}]}<\/script>\n<!-- \/ Yoast SEO plugin. -->","yoast_head_json":{"title":"Energisa retira mais de 300kg de cabos inutilizados dos postes | Marcelo Lopes","robots":{"index":"index","follow":"follow","max-snippet":"max-snippet:-1","max-image-preview":"max-image-preview:large","max-video-preview":"max-video-preview:-1"},"canonical":"https:\/\/marcelolopes.jor.br\/site\/2021\/04\/26\/energisa-retira-mais-de-300kg-de-cabos-inutilizados-dos-postes\/","og_locale":"pt_BR","og_type":"article","og_title":"Energisa retira mais de 300kg de cabos inutilizados dos postes | Marcelo Lopes","og_description":"Com as novas tecnologias e expans\u00e3o das empresas de telecomunica\u00e7\u00f5es, o n\u00famero de provedores que compartilham os postes de energia el\u00e9trica para instala\u00e7\u00e3o dos cabos cresce a cada dia. Por isso, para garantir o compartilhamento seguro e eficiente dos postesLeia mais Energisa retira mais de 300kg de cabos inutilizados dos postes","og_url":"https:\/\/marcelolopes.jor.br\/site\/2021\/04\/26\/energisa-retira-mais-de-300kg-de-cabos-inutilizados-dos-postes\/","og_site_name":"Marcelo Lopes","article_publisher":"https:\/\/www.facebook.com\/sitedomarcelolopes","article_published_time":"2021-04-26T10:00:34+00:00","og_image":[{"width":800,"height":538,"url":"https:\/\/marcelolopes.jor.br\/site\/wp-content\/uploads\/2021\/04\/fios-e-cabos.jpg","type":"image\/jpeg"}],"author":"Marcelo Lopes","twitter_card":"summary_large_image","twitter_misc":{"Escrito por":"Marcelo Lopes","Est. tempo de leitura":"2 minutos"},"schema":{"@context":"https:\/\/schema.org","@graph":[{"@type":"NewsArticle","@id":"https:\/\/marcelolopes.jor.br\/site\/2021\/04\/26\/energisa-retira-mais-de-300kg-de-cabos-inutilizados-dos-postes\/#article","isPartOf":{"@id":"https:\/\/marcelolopes.jor.br\/site\/2021\/04\/26\/energisa-retira-mais-de-300kg-de-cabos-inutilizados-dos-postes\/"},"author":{"name":"Marcelo Lopes","@id":"https:\/\/marcelolopes.jor.br\/site\/#\/schema\/person\/3e7216a35c34d8fdf952b31da3d1f89f"},"headline":"Energisa retira mais de 300kg de cabos inutilizados dos postes","datePublished":"2021-04-26T10:00:34+00:00","mainEntityOfPage":{"@id":"https:\/\/marcelolopes.jor.br\/site\/2021\/04\/26\/energisa-retira-mais-de-300kg-de-cabos-inutilizados-dos-postes\/"},"wordCount":347,"commentCount":0,"publisher":{"@id":"https:\/\/marcelolopes.jor.br\/site\/#organization"},"image":{"@id":"https:\/\/marcelolopes.jor.br\/site\/2021\/04\/26\/energisa-retira-mais-de-300kg-de-cabos-inutilizados-dos-postes\/#primaryimage"},"thumbnailUrl":"https:\/\/marcelolopes.jor.br\/site\/wp-content\/uploads\/2021\/04\/fios-e-cabos.jpg","keywords":["fios e cabos","postes","rede el\u00e9trica","telecomunica\u00e7\u00e3o"],"articleSection":["Not\u00edcias"],"inLanguage":"pt-BR","potentialAction":[{"@type":"CommentAction","name":"Comment","target":["https:\/\/marcelolopes.jor.br\/site\/2021\/04\/26\/energisa-retira-mais-de-300kg-de-cabos-inutilizados-dos-postes\/#respond"]}]},{"@type":"WebPage","@id":"https:\/\/marcelolopes.jor.br\/site\/2021\/04\/26\/energisa-retira-mais-de-300kg-de-cabos-inutilizados-dos-postes\/","url":"https:\/\/marcelolopes.jor.br\/site\/2021\/04\/26\/energisa-retira-mais-de-300kg-de-cabos-inutilizados-dos-postes\/","name":"Energisa retira mais de 300kg de cabos inutilizados dos postes | Marcelo Lopes","isPartOf":{"@id":"https:\/\/marcelolopes.jor.br\/site\/#website"},"primaryImageOfPage":{"@id":"https:\/\/marcelolopes.jor.br\/site\/2021\/04\/26\/energisa-retira-mais-de-300kg-de-cabos-inutilizados-dos-postes\/#primaryimage"},"image":{"@id":"https:\/\/marcelolopes.jor.br\/site\/2021\/04\/26\/energisa-retira-mais-de-300kg-de-cabos-inutilizados-dos-postes\/#primaryimage"},"thumbnailUrl":"https:\/\/marcelolopes.jor.br\/site\/wp-content\/uploads\/2021\/04\/fios-e-cabos.jpg","datePublished":"2021-04-26T10:00:34+00:00","breadcrumb":{"@id":"https:\/\/marcelolopes.jor.br\/site\/2021\/04\/26\/energisa-retira-mais-de-300kg-de-cabos-inutilizados-dos-postes\/#breadcrumb"},"inLanguage":"pt-BR","potentialAction":[{"@type":"ReadAction","target":["https:\/\/marcelolopes.jor.br\/site\/2021\/04\/26\/energisa-retira-mais-de-300kg-de-cabos-inutilizados-dos-postes\/"]}]},{"@type":"ImageObject","inLanguage":"pt-BR","@id":"https:\/\/marcelolopes.jor.br\/site\/2021\/04\/26\/energisa-retira-mais-de-300kg-de-cabos-inutilizados-dos-postes\/#primaryimage","url":"https:\/\/marcelolopes.jor.br\/site\/wp-content\/uploads\/2021\/04\/fios-e-cabos.jpg","contentUrl":"https:\/\/marcelolopes.jor.br\/site\/wp-content\/uploads\/2021\/04\/fios-e-cabos.jpg","width":800,"height":538},{"@type":"BreadcrumbList","@id":"https:\/\/marcelolopes.jor.br\/site\/2021\/04\/26\/energisa-retira-mais-de-300kg-de-cabos-inutilizados-dos-postes\/#breadcrumb","itemListElement":[{"@type":"ListItem","position":1,"name":"Home","item":"https:\/\/marcelolopes.jor.br\/site\/"},{"@type":"ListItem","position":2,"name":"Energisa retira mais de 300kg de cabos inutilizados dos postes"}]},{"@type":"WebSite","@id":"https:\/\/marcelolopes.jor.br\/site\/#website","url":"https:\/\/marcelolopes.jor.br\/site\/","name":"Marcelo Lopes","description":"Not\u00edcias de Cataguases e Regi\u00e3o","publisher":{"@id":"https:\/\/marcelolopes.jor.br\/site\/#organization"},"potentialAction":[{"@type":"SearchAction","target":{"@type":"EntryPoint","urlTemplate":"https:\/\/marcelolopes.jor.br\/site\/?s={search_term_string}"},"query-input":{"@type":"PropertyValueSpecification","valueRequired":true,"valueName":"search_term_string"}}],"inLanguage":"pt-BR"},{"@type":"Organization","@id":"https:\/\/marcelolopes.jor.br\/site\/#organization","name":"Site do Marcelo Lopes","url":"https:\/\/marcelolopes.jor.br\/site\/","logo":{"@type":"ImageObject","inLanguage":"pt-BR","@id":"https:\/\/marcelolopes.jor.br\/site\/#\/schema\/logo\/image\/","url":"https:\/\/marcelolopes.jor.br\/site\/wp-content\/uploads\/2024\/11\/logo-1.png","contentUrl":"https:\/\/marcelolopes.jor.br\/site\/wp-content\/uploads\/2024\/11\/logo-1.png","width":475,"height":80,"caption":"Site do Marcelo Lopes"},"image":{"@id":"https:\/\/marcelolopes.jor.br\/site\/#\/schema\/logo\/image\/"},"sameAs":["https:\/\/www.facebook.com\/sitedomarcelolopes","https:\/\/www.instagram.com\/sitedomarcelolopes\/","https:\/\/www.linkedin.com\/company\/site-do-marcelo-lopes\/","https:\/\/www.youtube.com\/user\/marcelolopes957"]},{"@type":"Person","@id":"https:\/\/marcelolopes.jor.br\/site\/#\/schema\/person\/3e7216a35c34d8fdf952b31da3d1f89f","name":"Marcelo Lopes","sameAs":["http:\/\/www.marcelolopes.jor.br"],"url":"https:\/\/marcelolopes.jor.br\/site\/author\/marcelo\/"}]}},"wps_subtitle":"Limpeza contribui para organiza\u00e7\u00e3o dos cabos e reduz a polui\u00e7\u00e3o visual.","_links":{"self":[{"href":"https:\/\/marcelolopes.jor.br\/site\/wp-json\/wp\/v2\/posts\/23240","targetHints":{"allow":["GET"]}}],"collection":[{"href":"https:\/\/marcelolopes.jor.br\/site\/wp-json\/wp\/v2\/posts"}],"about":[{"href":"https:\/\/marcelolopes.jor.br\/site\/wp-json\/wp\/v2\/types\/post"}],"author":[{"embeddable":true,"href":"https:\/\/marcelolopes.jor.br\/site\/wp-json\/wp\/v2\/users\/2"}],"replies":[{"embeddable":true,"href":"https:\/\/marcelolopes.jor.br\/site\/wp-json\/wp\/v2\/comments?post=23240"}],"version-history":[{"count":0,"href":"https:\/\/marcelolopes.jor.br\/site\/wp-json\/wp\/v2\/posts\/23240\/revisions"}],"wp:featuredmedia":[{"embeddable":true,"href":"https:\/\/marcelolopes.jor.br\/site\/wp-json\/wp\/v2\/media\/23244"}],"wp:attachment":[{"href":"https:\/\/marcelolopes.jor.br\/site\/wp-json\/wp\/v2\/media?parent=23240"}],"wp:term":[{"taxonomy":"category","embeddable":true,"href":"https:\/\/marcelolopes.jor.br\/site\/wp-json\/wp\/v2\/categories?post=23240"},{"taxonomy":"post_tag","embeddable":true,"href":"https:\/\/marcelolopes.jor.br\/site\/wp-json\/wp\/v2\/tags?post=23240"}],"curies":[{"name":"wp","href":"https:\/\/api.w.org\/{rel}","templated":true}]}}