{"id":23211,"date":"2021-04-24T12:00:32","date_gmt":"2021-04-24T15:00:32","guid":{"rendered":"https:\/\/marcelolopes.jor.br\/?p=23211"},"modified":"2021-04-24T10:11:28","modified_gmt":"2021-04-24T13:11:28","slug":"minas-gerais-prorroga-para-1o-de-julho-exigencia-do-crlv-2020","status":"publish","type":"post","link":"https:\/\/marcelolopes.jor.br\/site\/2021\/04\/24\/minas-gerais-prorroga-para-1o-de-julho-exigencia-do-crlv-2020\/","title":{"rendered":"Minas Gerais prorroga para 1\u00ba de julho exig\u00eancia do CRLV 2020"},"content":{"rendered":"<p style=\"text-align: justify;\">Minas Gerais prorrogou para 1\u00ba de julho a exig\u00eancia do Certificado de Registro e Licenciamento de Ve\u00edculo (CRLV) de 2020. A decis\u00e3o foi anunciada nesta sexta-feira, 23 de abril, pelo governador Romeu Zema e \u00e9 mais uma a\u00e7\u00e3o do governo mineiro em aux\u00edlio \u00e0 popula\u00e7\u00e3o durante a pandemia.<!--more--><\/p>\n<p style=\"text-align: justify;\"><a href=\"http:\/\/wa.me\/553234211213\"><img loading=\"lazy\" decoding=\"async\" class=\"aligncenter wp-image-22910 size-full\" src=\"https:\/\/marcelolopes.jor.br\/site\/wp-content\/uploads\/2021\/04\/Banner-Marcelo-Lopes-6.gif\" alt=\"\" width=\"800\" height=\"214\" \/><\/a>\u201cEst\u00e1 decidido. S\u00f3 passar\u00e1 a ser cobrado dos motoristas a apresenta\u00e7\u00e3o do CRLV 2020 a partir de 1\u00ba de julho. \u00c9 o nosso governo presente com mais uma importante medida para auxiliar as pessoas nesse momento de pandemia\u201d, divulgou Zema em seu Twitter.<\/p>\n<p style=\"text-align: justify;\">Para fins de fiscaliza\u00e7\u00e3o, o CRLV referente ao ano de 2019 deve ser considerado o documento v\u00e1lido para comprovar a regularidade do ve\u00edculo em circula\u00e7\u00e3o. O documento poder\u00e1 ser apresentado em papel comum ou no formato digital dispon\u00edvel no aplicativo Carteira Digital de Tr\u00e2nsito (CDT). O porte do CRLV poder\u00e1 ser dispensado, caso o agente possa consultar o sistema do Departamento de Tr\u00e2nsito de Minas Gerais (Detran-MG) para verificar se o ve\u00edculo est\u00e1 licenciado.<\/p>\n<p style=\"text-align: justify;\">A medida est\u00e1 de acordo com a legisla\u00e7\u00e3o federal e estadual, que autoriza a extens\u00e3o dos prazos de exig\u00eancia do documento. A medida est\u00e1 na Portaria 398, de 23 de abril de 2021, expedida pelo Detran-MG.<\/p>\n<p style=\"text-align: justify;\">Os propriet\u00e1rios de ve\u00edculos que ainda n\u00e3o possuem o CRLV de 2019 ou 2020 podem acessar o site <a href=\"http:\/\/www.detran.mg.gov.br\"><strong><span style=\"color: #800080;\">www.detran.mg.gov.br<\/span><\/strong><\/a> para verificar se h\u00e1 d\u00e9bitos do IPVA, seguro obrigat\u00f3rio, Taxa de Renova\u00e7\u00e3o do Licenciamento Anual do Ve\u00edculo e eventuais multas.<\/p>\n<h6 style=\"text-align: justify;\">IPVA 2021<\/h6>\n<p style=\"text-align: justify;\">Os prazos para pagamento do IPVA e Taxa de Licenciamento referentes ao ano de 2021, dos ve\u00edculos registrados em Minas Gerais, j\u00e1 terminaram. De acordo com a Secretaria de Fazenda do Estado (SEF\/MG), a terceira parcela do IPVA venceu em 24 de mar\u00e7o, conforme o n\u00famero final das placas dos ve\u00edculos, e a taxa de licenciamento venceu no dia 31 de mar\u00e7o.<\/p>\n<p style=\"text-align: justify;\">Portanto, apesar da prorroga\u00e7\u00e3o do prazo para a exig\u00eancia do CRLV 2020, os propriet\u00e1rios de ve\u00edculos devem ficar atentos \u00e0s pend\u00eancias que resultam em multas por atraso e juros, al\u00e9m de inscri\u00e7\u00e3o em d\u00edvida ativa e protesto cartorial.<\/p>\n<p style=\"text-align: justify;\">Fonte: Ag\u00eancia Minas | Foto: Varginha Digital<\/p>\n<div class=\"aomxl6a94e25f7f74c\" ><br><\/div><style type=\"text\/css\">\r\n@media screen and (min-width: 1201px) {\r\n.aomxl6a94e25f7f74c {\r\ndisplay: block;\r\n}\r\n}\r\n@media screen and (min-width: 993px) and (max-width: 1200px) {\r\n.aomxl6a94e25f7f74c {\r\ndisplay: block;\r\n}\r\n}\r\n@media screen and (min-width: 769px) and (max-width: 992px) {\r\n.aomxl6a94e25f7f74c {\r\ndisplay: block;\r\n}\r\n}\r\n@media screen and (min-width: 768px) and (max-width: 768px) {\r\n.aomxl6a94e25f7f74c {\r\ndisplay: block;\r\n}\r\n}\r\n@media screen and (max-width: 767px) {\r\n.aomxl6a94e25f7f74c {\r\ndisplay: block;\r\n}\r\n}\r\n<\/style>\r\n<div class=\"yoesf6a94e25f86580\" ><div id=\"div_destino\"><\/div>\r\n<script src=\"https:\/\/cdn.snsrsv.com\/sdk.js\"><\/script>\r\n<script >\r\n      new sdk(\"464030C30061EA8BE065000000000001\") \r\n          .appendTo(\"div_destino\")\r\n          .disableStyle(true) \r\n          .setCacheBusterMacro(\"%%CACHEBUSTER%%\")\r\n          .setSize(\"800\",\"214\")\r\n          .setClickMacro(\"%%CLICK_URL_ESC%%\") \r\n          .setReferrerUrlMacro(\"%%REFERRER_URL_ESC%%\") \r\n          .start(); \r\n<\/script><\/div><style type=\"text\/css\">\r\n@media screen and (min-width: 1201px) {\r\n.yoesf6a94e25f86580 {\r\ndisplay: block;\r\n}\r\n}\r\n@media screen and (min-width: 993px) and (max-width: 1200px) {\r\n.yoesf6a94e25f86580 {\r\ndisplay: block;\r\n}\r\n}\r\n@media screen and (min-width: 769px) and (max-width: 992px) {\r\n.yoesf6a94e25f86580 {\r\ndisplay: block;\r\n}\r\n}\r\n@media screen and (min-width: 768px) and (max-width: 768px) {\r\n.yoesf6a94e25f86580 {\r\ndisplay: block;\r\n}\r\n}\r\n@media screen and (max-width: 767px) {\r\n.yoesf6a94e25f86580 {\r\ndisplay: block;\r\n}\r\n}\r\n<\/style>\r\n","protected":false},"excerpt":{"rendered":"<p>Minas Gerais prorrogou para 1\u00ba de julho a exig\u00eancia do Certificado de Registro e Licenciamento de Ve\u00edculo (CRLV) de 2020. A decis\u00e3o foi anunciada nesta sexta-feira, 23 de abril, pelo governador Romeu Zema e \u00e9 mais uma a\u00e7\u00e3o do governo<\/p>\n<p class=\"link-more\"><a class=\"more-link\" href=\"https:\/\/marcelolopes.jor.br\/site\/2021\/04\/24\/minas-gerais-prorroga-para-1o-de-julho-exigencia-do-crlv-2020\/\">Leia mais <span class=\"screen-reader-text\">Minas Gerais prorroga para 1\u00ba de julho exig\u00eancia do CRLV 2020<\/span><\/a><\/p>\n","protected":false},"author":2,"featured_media":23213,"comment_status":"open","ping_status":"open","sticky":false,"template":"","format":"standard","meta":{"footnotes":""},"categories":[1],"tags":[2378,1969,1890,3913],"class_list":["post-23211","post","type-post","status-publish","format-standard","has-post-thumbnail","hentry","category-noticias","tag-crlv","tag-detran-mg","tag-emplacamento","tag-taxa-de-licenciamento","thumb-below-title"],"yoast_head":"<!-- This site is optimized with the Yoast SEO plugin v28.3 - https:\/\/yoast.com\/product\/yoast-seo-wordpress\/ -->\n<title>Minas Gerais prorroga para 1\u00ba de julho exig\u00eancia do CRLV 2020 | Marcelo Lopes<\/title>\n<meta name=\"robots\" content=\"index, follow, max-snippet:-1, max-image-preview:large, max-video-preview:-1\" \/>\n<link rel=\"canonical\" href=\"https:\/\/marcelolopes.jor.br\/site\/2021\/04\/24\/minas-gerais-prorroga-para-1o-de-julho-exigencia-do-crlv-2020\/\" \/>\n<meta property=\"og:locale\" content=\"pt_BR\" \/>\n<meta property=\"og:type\" content=\"article\" \/>\n<meta property=\"og:title\" content=\"Minas Gerais prorroga para 1\u00ba de julho exig\u00eancia do CRLV 2020 | Marcelo Lopes\" \/>\n<meta property=\"og:description\" content=\"Minas Gerais prorrogou para 1\u00ba de julho a exig\u00eancia do Certificado de Registro e Licenciamento de Ve\u00edculo (CRLV) de 2020. A decis\u00e3o foi anunciada nesta sexta-feira, 23 de abril, pelo governador Romeu Zema e \u00e9 mais uma a\u00e7\u00e3o do governoLeia mais Minas Gerais prorroga para 1\u00ba de julho exig\u00eancia do CRLV 2020\" \/>\n<meta property=\"og:url\" content=\"https:\/\/marcelolopes.jor.br\/site\/2021\/04\/24\/minas-gerais-prorroga-para-1o-de-julho-exigencia-do-crlv-2020\/\" \/>\n<meta property=\"og:site_name\" content=\"Marcelo Lopes\" \/>\n<meta property=\"article:publisher\" content=\"https:\/\/www.facebook.com\/sitedomarcelolopes\" \/>\n<meta property=\"article:published_time\" content=\"2021-04-24T15:00:32+00:00\" \/>\n<meta property=\"og:image\" content=\"https:\/\/marcelolopes.jor.br\/site\/wp-content\/uploads\/2021\/04\/CRVL-Digital.jpg\" \/>\n\t<meta property=\"og:image:width\" content=\"800\" \/>\n\t<meta property=\"og:image:height\" content=\"540\" \/>\n\t<meta property=\"og:image:type\" content=\"image\/jpeg\" \/>\n<meta name=\"author\" content=\"Marcelo Lopes\" \/>\n<meta name=\"twitter:card\" content=\"summary_large_image\" \/>\n<meta name=\"twitter:label1\" content=\"Escrito por\" \/>\n\t<meta name=\"twitter:data1\" content=\"Marcelo Lopes\" \/>\n\t<meta name=\"twitter:label2\" content=\"Est. tempo de leitura\" \/>\n\t<meta name=\"twitter:data2\" content=\"2 minutos\" \/>\n<script type=\"application\/ld+json\" class=\"yoast-schema-graph\">{\"@context\":\"https:\\\/\\\/schema.org\",\"@graph\":[{\"@type\":\"NewsArticle\",\"@id\":\"https:\\\/\\\/marcelolopes.jor.br\\\/site\\\/2021\\\/04\\\/24\\\/minas-gerais-prorroga-para-1o-de-julho-exigencia-do-crlv-2020\\\/#article\",\"isPartOf\":{\"@id\":\"https:\\\/\\\/marcelolopes.jor.br\\\/site\\\/2021\\\/04\\\/24\\\/minas-gerais-prorroga-para-1o-de-julho-exigencia-do-crlv-2020\\\/\"},\"author\":{\"name\":\"Marcelo Lopes\",\"@id\":\"https:\\\/\\\/marcelolopes.jor.br\\\/site\\\/#\\\/schema\\\/person\\\/3e7216a35c34d8fdf952b31da3d1f89f\"},\"headline\":\"Minas Gerais prorroga para 1\u00ba de julho exig\u00eancia do CRLV 2020\",\"datePublished\":\"2021-04-24T15:00:32+00:00\",\"mainEntityOfPage\":{\"@id\":\"https:\\\/\\\/marcelolopes.jor.br\\\/site\\\/2021\\\/04\\\/24\\\/minas-gerais-prorroga-para-1o-de-julho-exigencia-do-crlv-2020\\\/\"},\"wordCount\":383,\"commentCount\":0,\"publisher\":{\"@id\":\"https:\\\/\\\/marcelolopes.jor.br\\\/site\\\/#organization\"},\"image\":{\"@id\":\"https:\\\/\\\/marcelolopes.jor.br\\\/site\\\/2021\\\/04\\\/24\\\/minas-gerais-prorroga-para-1o-de-julho-exigencia-do-crlv-2020\\\/#primaryimage\"},\"thumbnailUrl\":\"https:\\\/\\\/marcelolopes.jor.br\\\/site\\\/wp-content\\\/uploads\\\/2021\\\/04\\\/CRVL-Digital.jpg\",\"keywords\":[\"CRLV\",\"detran-mg\",\"emplacamento\",\"Taxa de licenciamento\"],\"articleSection\":[\"Not\u00edcias\"],\"inLanguage\":\"pt-BR\",\"potentialAction\":[{\"@type\":\"CommentAction\",\"name\":\"Comment\",\"target\":[\"https:\\\/\\\/marcelolopes.jor.br\\\/site\\\/2021\\\/04\\\/24\\\/minas-gerais-prorroga-para-1o-de-julho-exigencia-do-crlv-2020\\\/#respond\"]}]},{\"@type\":\"WebPage\",\"@id\":\"https:\\\/\\\/marcelolopes.jor.br\\\/site\\\/2021\\\/04\\\/24\\\/minas-gerais-prorroga-para-1o-de-julho-exigencia-do-crlv-2020\\\/\",\"url\":\"https:\\\/\\\/marcelolopes.jor.br\\\/site\\\/2021\\\/04\\\/24\\\/minas-gerais-prorroga-para-1o-de-julho-exigencia-do-crlv-2020\\\/\",\"name\":\"Minas Gerais prorroga para 1\u00ba de julho exig\u00eancia do CRLV 2020 | Marcelo Lopes\",\"isPartOf\":{\"@id\":\"https:\\\/\\\/marcelolopes.jor.br\\\/site\\\/#website\"},\"primaryImageOfPage\":{\"@id\":\"https:\\\/\\\/marcelolopes.jor.br\\\/site\\\/2021\\\/04\\\/24\\\/minas-gerais-prorroga-para-1o-de-julho-exigencia-do-crlv-2020\\\/#primaryimage\"},\"image\":{\"@id\":\"https:\\\/\\\/marcelolopes.jor.br\\\/site\\\/2021\\\/04\\\/24\\\/minas-gerais-prorroga-para-1o-de-julho-exigencia-do-crlv-2020\\\/#primaryimage\"},\"thumbnailUrl\":\"https:\\\/\\\/marcelolopes.jor.br\\\/site\\\/wp-content\\\/uploads\\\/2021\\\/04\\\/CRVL-Digital.jpg\",\"datePublished\":\"2021-04-24T15:00:32+00:00\",\"breadcrumb\":{\"@id\":\"https:\\\/\\\/marcelolopes.jor.br\\\/site\\\/2021\\\/04\\\/24\\\/minas-gerais-prorroga-para-1o-de-julho-exigencia-do-crlv-2020\\\/#breadcrumb\"},\"inLanguage\":\"pt-BR\",\"potentialAction\":[{\"@type\":\"ReadAction\",\"target\":[\"https:\\\/\\\/marcelolopes.jor.br\\\/site\\\/2021\\\/04\\\/24\\\/minas-gerais-prorroga-para-1o-de-julho-exigencia-do-crlv-2020\\\/\"]}]},{\"@type\":\"ImageObject\",\"inLanguage\":\"pt-BR\",\"@id\":\"https:\\\/\\\/marcelolopes.jor.br\\\/site\\\/2021\\\/04\\\/24\\\/minas-gerais-prorroga-para-1o-de-julho-exigencia-do-crlv-2020\\\/#primaryimage\",\"url\":\"https:\\\/\\\/marcelolopes.jor.br\\\/site\\\/wp-content\\\/uploads\\\/2021\\\/04\\\/CRVL-Digital.jpg\",\"contentUrl\":\"https:\\\/\\\/marcelolopes.jor.br\\\/site\\\/wp-content\\\/uploads\\\/2021\\\/04\\\/CRVL-Digital.jpg\",\"width\":800,\"height\":540},{\"@type\":\"BreadcrumbList\",\"@id\":\"https:\\\/\\\/marcelolopes.jor.br\\\/site\\\/2021\\\/04\\\/24\\\/minas-gerais-prorroga-para-1o-de-julho-exigencia-do-crlv-2020\\\/#breadcrumb\",\"itemListElement\":[{\"@type\":\"ListItem\",\"position\":1,\"name\":\"Home\",\"item\":\"https:\\\/\\\/marcelolopes.jor.br\\\/site\\\/\"},{\"@type\":\"ListItem\",\"position\":2,\"name\":\"Minas Gerais prorroga para 1\u00ba de julho exig\u00eancia do CRLV 2020\"}]},{\"@type\":\"WebSite\",\"@id\":\"https:\\\/\\\/marcelolopes.jor.br\\\/site\\\/#website\",\"url\":\"https:\\\/\\\/marcelolopes.jor.br\\\/site\\\/\",\"name\":\"Marcelo Lopes\",\"description\":\"Not\u00edcias de Cataguases e Regi\u00e3o\",\"publisher\":{\"@id\":\"https:\\\/\\\/marcelolopes.jor.br\\\/site\\\/#organization\"},\"potentialAction\":[{\"@type\":\"SearchAction\",\"target\":{\"@type\":\"EntryPoint\",\"urlTemplate\":\"https:\\\/\\\/marcelolopes.jor.br\\\/site\\\/?s={search_term_string}\"},\"query-input\":{\"@type\":\"PropertyValueSpecification\",\"valueRequired\":true,\"valueName\":\"search_term_string\"}}],\"inLanguage\":\"pt-BR\"},{\"@type\":\"Organization\",\"@id\":\"https:\\\/\\\/marcelolopes.jor.br\\\/site\\\/#organization\",\"name\":\"Site do Marcelo Lopes\",\"url\":\"https:\\\/\\\/marcelolopes.jor.br\\\/site\\\/\",\"logo\":{\"@type\":\"ImageObject\",\"inLanguage\":\"pt-BR\",\"@id\":\"https:\\\/\\\/marcelolopes.jor.br\\\/site\\\/#\\\/schema\\\/logo\\\/image\\\/\",\"url\":\"https:\\\/\\\/marcelolopes.jor.br\\\/site\\\/wp-content\\\/uploads\\\/2026\\\/07\\\/cropped-logo2026.png\",\"contentUrl\":\"https:\\\/\\\/marcelolopes.jor.br\\\/site\\\/wp-content\\\/uploads\\\/2026\\\/07\\\/cropped-logo2026.png\",\"width\":328,\"height\":96,\"caption\":\"Site do Marcelo Lopes\"},\"image\":{\"@id\":\"https:\\\/\\\/marcelolopes.jor.br\\\/site\\\/#\\\/schema\\\/logo\\\/image\\\/\"},\"sameAs\":[\"https:\\\/\\\/www.facebook.com\\\/sitedomarcelolopes\",\"https:\\\/\\\/www.instagram.com\\\/sitedomarcelolopes\\\/\",\"https:\\\/\\\/www.linkedin.com\\\/company\\\/site-do-marcelo-lopes\\\/\",\"https:\\\/\\\/www.youtube.com\\\/user\\\/marcelolopes957\"]},{\"@type\":\"Person\",\"@id\":\"https:\\\/\\\/marcelolopes.jor.br\\\/site\\\/#\\\/schema\\\/person\\\/3e7216a35c34d8fdf952b31da3d1f89f\",\"name\":\"Marcelo Lopes\",\"sameAs\":[\"http:\\\/\\\/www.marcelolopes.jor.br\"],\"url\":\"https:\\\/\\\/marcelolopes.jor.br\\\/site\\\/author\\\/marcelo\\\/\"}]}<\/script>\n<!-- \/ Yoast SEO plugin. -->","yoast_head_json":{"title":"Minas Gerais prorroga para 1\u00ba de julho exig\u00eancia do CRLV 2020 | Marcelo Lopes","robots":{"index":"index","follow":"follow","max-snippet":"max-snippet:-1","max-image-preview":"max-image-preview:large","max-video-preview":"max-video-preview:-1"},"canonical":"https:\/\/marcelolopes.jor.br\/site\/2021\/04\/24\/minas-gerais-prorroga-para-1o-de-julho-exigencia-do-crlv-2020\/","og_locale":"pt_BR","og_type":"article","og_title":"Minas Gerais prorroga para 1\u00ba de julho exig\u00eancia do CRLV 2020 | Marcelo Lopes","og_description":"Minas Gerais prorrogou para 1\u00ba de julho a exig\u00eancia do Certificado de Registro e Licenciamento de Ve\u00edculo (CRLV) de 2020. A decis\u00e3o foi anunciada nesta sexta-feira, 23 de abril, pelo governador Romeu Zema e \u00e9 mais uma a\u00e7\u00e3o do governoLeia mais Minas Gerais prorroga para 1\u00ba de julho exig\u00eancia do CRLV 2020","og_url":"https:\/\/marcelolopes.jor.br\/site\/2021\/04\/24\/minas-gerais-prorroga-para-1o-de-julho-exigencia-do-crlv-2020\/","og_site_name":"Marcelo Lopes","article_publisher":"https:\/\/www.facebook.com\/sitedomarcelolopes","article_published_time":"2021-04-24T15:00:32+00:00","og_image":[{"width":800,"height":540,"url":"https:\/\/marcelolopes.jor.br\/site\/wp-content\/uploads\/2021\/04\/CRVL-Digital.jpg","type":"image\/jpeg"}],"author":"Marcelo Lopes","twitter_card":"summary_large_image","twitter_misc":{"Escrito por":"Marcelo Lopes","Est. tempo de leitura":"2 minutos"},"schema":{"@context":"https:\/\/schema.org","@graph":[{"@type":"NewsArticle","@id":"https:\/\/marcelolopes.jor.br\/site\/2021\/04\/24\/minas-gerais-prorroga-para-1o-de-julho-exigencia-do-crlv-2020\/#article","isPartOf":{"@id":"https:\/\/marcelolopes.jor.br\/site\/2021\/04\/24\/minas-gerais-prorroga-para-1o-de-julho-exigencia-do-crlv-2020\/"},"author":{"name":"Marcelo Lopes","@id":"https:\/\/marcelolopes.jor.br\/site\/#\/schema\/person\/3e7216a35c34d8fdf952b31da3d1f89f"},"headline":"Minas Gerais prorroga para 1\u00ba de julho exig\u00eancia do CRLV 2020","datePublished":"2021-04-24T15:00:32+00:00","mainEntityOfPage":{"@id":"https:\/\/marcelolopes.jor.br\/site\/2021\/04\/24\/minas-gerais-prorroga-para-1o-de-julho-exigencia-do-crlv-2020\/"},"wordCount":383,"commentCount":0,"publisher":{"@id":"https:\/\/marcelolopes.jor.br\/site\/#organization"},"image":{"@id":"https:\/\/marcelolopes.jor.br\/site\/2021\/04\/24\/minas-gerais-prorroga-para-1o-de-julho-exigencia-do-crlv-2020\/#primaryimage"},"thumbnailUrl":"https:\/\/marcelolopes.jor.br\/site\/wp-content\/uploads\/2021\/04\/CRVL-Digital.jpg","keywords":["CRLV","detran-mg","emplacamento","Taxa de licenciamento"],"articleSection":["Not\u00edcias"],"inLanguage":"pt-BR","potentialAction":[{"@type":"CommentAction","name":"Comment","target":["https:\/\/marcelolopes.jor.br\/site\/2021\/04\/24\/minas-gerais-prorroga-para-1o-de-julho-exigencia-do-crlv-2020\/#respond"]}]},{"@type":"WebPage","@id":"https:\/\/marcelolopes.jor.br\/site\/2021\/04\/24\/minas-gerais-prorroga-para-1o-de-julho-exigencia-do-crlv-2020\/","url":"https:\/\/marcelolopes.jor.br\/site\/2021\/04\/24\/minas-gerais-prorroga-para-1o-de-julho-exigencia-do-crlv-2020\/","name":"Minas Gerais prorroga para 1\u00ba de julho exig\u00eancia do CRLV 2020 | Marcelo Lopes","isPartOf":{"@id":"https:\/\/marcelolopes.jor.br\/site\/#website"},"primaryImageOfPage":{"@id":"https:\/\/marcelolopes.jor.br\/site\/2021\/04\/24\/minas-gerais-prorroga-para-1o-de-julho-exigencia-do-crlv-2020\/#primaryimage"},"image":{"@id":"https:\/\/marcelolopes.jor.br\/site\/2021\/04\/24\/minas-gerais-prorroga-para-1o-de-julho-exigencia-do-crlv-2020\/#primaryimage"},"thumbnailUrl":"https:\/\/marcelolopes.jor.br\/site\/wp-content\/uploads\/2021\/04\/CRVL-Digital.jpg","datePublished":"2021-04-24T15:00:32+00:00","breadcrumb":{"@id":"https:\/\/marcelolopes.jor.br\/site\/2021\/04\/24\/minas-gerais-prorroga-para-1o-de-julho-exigencia-do-crlv-2020\/#breadcrumb"},"inLanguage":"pt-BR","potentialAction":[{"@type":"ReadAction","target":["https:\/\/marcelolopes.jor.br\/site\/2021\/04\/24\/minas-gerais-prorroga-para-1o-de-julho-exigencia-do-crlv-2020\/"]}]},{"@type":"ImageObject","inLanguage":"pt-BR","@id":"https:\/\/marcelolopes.jor.br\/site\/2021\/04\/24\/minas-gerais-prorroga-para-1o-de-julho-exigencia-do-crlv-2020\/#primaryimage","url":"https:\/\/marcelolopes.jor.br\/site\/wp-content\/uploads\/2021\/04\/CRVL-Digital.jpg","contentUrl":"https:\/\/marcelolopes.jor.br\/site\/wp-content\/uploads\/2021\/04\/CRVL-Digital.jpg","width":800,"height":540},{"@type":"BreadcrumbList","@id":"https:\/\/marcelolopes.jor.br\/site\/2021\/04\/24\/minas-gerais-prorroga-para-1o-de-julho-exigencia-do-crlv-2020\/#breadcrumb","itemListElement":[{"@type":"ListItem","position":1,"name":"Home","item":"https:\/\/marcelolopes.jor.br\/site\/"},{"@type":"ListItem","position":2,"name":"Minas Gerais prorroga para 1\u00ba de julho exig\u00eancia do CRLV 2020"}]},{"@type":"WebSite","@id":"https:\/\/marcelolopes.jor.br\/site\/#website","url":"https:\/\/marcelolopes.jor.br\/site\/","name":"Marcelo Lopes","description":"Not\u00edcias de Cataguases e Regi\u00e3o","publisher":{"@id":"https:\/\/marcelolopes.jor.br\/site\/#organization"},"potentialAction":[{"@type":"SearchAction","target":{"@type":"EntryPoint","urlTemplate":"https:\/\/marcelolopes.jor.br\/site\/?s={search_term_string}"},"query-input":{"@type":"PropertyValueSpecification","valueRequired":true,"valueName":"search_term_string"}}],"inLanguage":"pt-BR"},{"@type":"Organization","@id":"https:\/\/marcelolopes.jor.br\/site\/#organization","name":"Site do Marcelo Lopes","url":"https:\/\/marcelolopes.jor.br\/site\/","logo":{"@type":"ImageObject","inLanguage":"pt-BR","@id":"https:\/\/marcelolopes.jor.br\/site\/#\/schema\/logo\/image\/","url":"https:\/\/marcelolopes.jor.br\/site\/wp-content\/uploads\/2026\/07\/cropped-logo2026.png","contentUrl":"https:\/\/marcelolopes.jor.br\/site\/wp-content\/uploads\/2026\/07\/cropped-logo2026.png","width":328,"height":96,"caption":"Site do Marcelo Lopes"},"image":{"@id":"https:\/\/marcelolopes.jor.br\/site\/#\/schema\/logo\/image\/"},"sameAs":["https:\/\/www.facebook.com\/sitedomarcelolopes","https:\/\/www.instagram.com\/sitedomarcelolopes\/","https:\/\/www.linkedin.com\/company\/site-do-marcelo-lopes\/","https:\/\/www.youtube.com\/user\/marcelolopes957"]},{"@type":"Person","@id":"https:\/\/marcelolopes.jor.br\/site\/#\/schema\/person\/3e7216a35c34d8fdf952b31da3d1f89f","name":"Marcelo Lopes","sameAs":["http:\/\/www.marcelolopes.jor.br"],"url":"https:\/\/marcelolopes.jor.br\/site\/author\/marcelo\/"}]}},"wps_subtitle":"An\u00fancio foi feito sexta-feira, 23; documento exigido atualmente \u00e9 o de 2019.","_links":{"self":[{"href":"https:\/\/marcelolopes.jor.br\/site\/wp-json\/wp\/v2\/posts\/23211","targetHints":{"allow":["GET"]}}],"collection":[{"href":"https:\/\/marcelolopes.jor.br\/site\/wp-json\/wp\/v2\/posts"}],"about":[{"href":"https:\/\/marcelolopes.jor.br\/site\/wp-json\/wp\/v2\/types\/post"}],"author":[{"embeddable":true,"href":"https:\/\/marcelolopes.jor.br\/site\/wp-json\/wp\/v2\/users\/2"}],"replies":[{"embeddable":true,"href":"https:\/\/marcelolopes.jor.br\/site\/wp-json\/wp\/v2\/comments?post=23211"}],"version-history":[{"count":0,"href":"https:\/\/marcelolopes.jor.br\/site\/wp-json\/wp\/v2\/posts\/23211\/revisions"}],"wp:featuredmedia":[{"embeddable":true,"href":"https:\/\/marcelolopes.jor.br\/site\/wp-json\/wp\/v2\/media\/23213"}],"wp:attachment":[{"href":"https:\/\/marcelolopes.jor.br\/site\/wp-json\/wp\/v2\/media?parent=23211"}],"wp:term":[{"taxonomy":"category","embeddable":true,"href":"https:\/\/marcelolopes.jor.br\/site\/wp-json\/wp\/v2\/categories?post=23211"},{"taxonomy":"post_tag","embeddable":true,"href":"https:\/\/marcelolopes.jor.br\/site\/wp-json\/wp\/v2\/tags?post=23211"}],"curies":[{"name":"wp","href":"https:\/\/api.w.org\/{rel}","templated":true}]}}