{"id":23100,"date":"2021-04-19T16:00:43","date_gmt":"2021-04-19T19:00:43","guid":{"rendered":"https:\/\/marcelolopes.jor.br\/?p=23100"},"modified":"2021-04-19T15:28:53","modified_gmt":"2021-04-19T18:28:53","slug":"auxilio-emergencial-veja-o-calendario-de-pagamentos-desta-semana","status":"publish","type":"post","link":"https:\/\/marcelolopes.jor.br\/site\/2021\/04\/19\/auxilio-emergencial-veja-o-calendario-de-pagamentos-desta-semana\/","title":{"rendered":"Aux\u00edlio Emergencial: veja o calend\u00e1rio de pagamentos desta semana"},"content":{"rendered":"<p style=\"text-align: justify;\">A Caixa realiza nesta semana pagamentos do aux\u00edlio emergencial 2021 para os cadastrados no programa em geral e para o grupo do Bolsa Fam\u00edlia. Os benefici\u00e1rios ir\u00e3o receber os recursos nas contas poupan\u00e7as sociais digitais referentes \u00e0 primeira parcela. Quando creditados nas datas previstas, os valores podem ser movimentados pelo aplicativo Caixa Tem para o pagamento de boletos, compras na internet e pelas maquininhas.<!--more--><\/p>\n<p style=\"text-align: justify;\"><strong><a href=\"http:\/\/wa.me\/553234211213\"><img loading=\"lazy\" decoding=\"async\" class=\"aligncenter wp-image-22910 size-full\" src=\"https:\/\/marcelolopes.jor.br\/site\/wp-content\/uploads\/2021\/04\/Banner-Marcelo-Lopes-6.gif\" alt=\"\" width=\"800\" height=\"214\" \/><\/a>Calend\u00e1rio desta semana (geral)<\/strong><\/p>\n<p style=\"text-align: justify;\">O calend\u00e1rio dos pagamentos s\u00e3o organizados pelo m\u00eas de nascimento dos benefici\u00e1rios. Nesta semana os pagamentos ser\u00e3o destinados aos nascidos em julho e agosto.<\/p>\n<p style=\"text-align: justify;\">&#8211; Nascidos em julho \u2013 ter\u00e7a-feira, dia 20 de abril.<br \/>\n&#8211; Nascidos em agosto \u2013 quinta-feira, dia 22 de abril.<\/p>\n<p style=\"text-align: justify;\">Veja abaixo o calend\u00e1rio completo:<\/p>\n<p><img loading=\"lazy\" decoding=\"async\" class=\"aligncenter wp-image-23104\" src=\"https:\/\/marcelolopes.jor.br\/site\/wp-content\/uploads\/2021\/04\/ae-2021-ciclo-1-antecipacao-credito-em-conta-768x768-2.jpg\" alt=\"\" width=\"700\" height=\"700\" srcset=\"https:\/\/marcelolopes.jor.br\/site\/wp-content\/uploads\/2021\/04\/ae-2021-ciclo-1-antecipacao-credito-em-conta-768x768-2.jpg 768w, https:\/\/marcelolopes.jor.br\/site\/wp-content\/uploads\/2021\/04\/ae-2021-ciclo-1-antecipacao-credito-em-conta-768x768-2-150x150.jpg 150w, https:\/\/marcelolopes.jor.br\/site\/wp-content\/uploads\/2021\/04\/ae-2021-ciclo-1-antecipacao-credito-em-conta-768x768-2-300x300.jpg 300w\" sizes=\"auto, (max-width: 700px) 100vw, 700px\" \/><\/p>\n<p style=\"text-align: justify;\"><strong>Calend\u00e1rio do Bolsa Fam\u00edlia desta semana<\/strong><\/p>\n<p style=\"text-align: justify;\">Para o grupo do Bolsa Fam\u00edlia o pagamento do aux\u00edlio emergencial \u00e9 definido pelo \u00faltimo algarismo do N\u00famero de Identifica\u00e7\u00e3o Social (NIS). Nesta semana receber\u00e3o os cidad\u00e3os com final de NIS 2, 3, 4 e 5.<\/p>\n<ul>\n<li style=\"text-align: justify;\">Final de NIS 2 \u2013 segunda-feira, dia 19 de abril.<\/li>\n<li style=\"text-align: justify;\">Final de NIS 3 \u2013 ter\u00e7a-feira, dia 20 de abril.<\/li>\n<li style=\"text-align: justify;\">Final de NIS 4 \u2013 quinta-feira, dia 22 de abril.<\/li>\n<li style=\"text-align: justify;\">Final de NIS 5 \u2013 sexta-feira, dia 23 de abril.<\/li>\n<\/ul>\n<p style=\"text-align: justify;\">Confira abaixo o calend\u00e1rio do aux\u00edlio para as fam\u00edlias do Bolsa Fam\u00edlia:<\/p>\n<p><img loading=\"lazy\" decoding=\"async\" class=\"aligncenter wp-image-23103\" src=\"https:\/\/marcelolopes.jor.br\/site\/wp-content\/uploads\/2021\/04\/microsoftteams-image-768x768-1.jpg\" alt=\"\" width=\"700\" height=\"700\" srcset=\"https:\/\/marcelolopes.jor.br\/site\/wp-content\/uploads\/2021\/04\/microsoftteams-image-768x768-1.jpg 768w, https:\/\/marcelolopes.jor.br\/site\/wp-content\/uploads\/2021\/04\/microsoftteams-image-768x768-1-150x150.jpg 150w, https:\/\/marcelolopes.jor.br\/site\/wp-content\/uploads\/2021\/04\/microsoftteams-image-768x768-1-300x300.jpg 300w\" sizes=\"auto, (max-width: 700px) 100vw, 700px\" \/><\/p>\n<p style=\"text-align: justify;\">Fonte: Isto\u00e9 Dinheiro | Foto: UOL Economia<\/p>\n<div class=\"ievde69f73fc6a8f16\" ><br><\/div><style type=\"text\/css\">\r\n@media screen and (min-width: 1201px) {\r\n.ievde69f73fc6a8f16 {\r\ndisplay: block;\r\n}\r\n}\r\n@media screen and (min-width: 993px) and (max-width: 1200px) {\r\n.ievde69f73fc6a8f16 {\r\ndisplay: block;\r\n}\r\n}\r\n@media screen and (min-width: 769px) and (max-width: 992px) {\r\n.ievde69f73fc6a8f16 {\r\ndisplay: block;\r\n}\r\n}\r\n@media screen and (min-width: 768px) and (max-width: 768px) {\r\n.ievde69f73fc6a8f16 {\r\ndisplay: block;\r\n}\r\n}\r\n@media screen and (max-width: 767px) {\r\n.ievde69f73fc6a8f16 {\r\ndisplay: block;\r\n}\r\n}\r\n<\/style>\r\n<div class=\"zlvhq69f73fc6aef5d\" ><div id=\"div_destino\"><\/div>\r\n<script src=\"https:\/\/cdn.snsrsv.com\/sdk.js\"><\/script>\r\n<script >\r\n      new sdk(\"464030C30061EA8BE065000000000001\") \r\n          .appendTo(\"div_destino\")\r\n          .disableStyle(true) \r\n          .setCacheBusterMacro(\"%%CACHEBUSTER%%\")\r\n          .setSize(\"800\",\"214\")\r\n          .setClickMacro(\"%%CLICK_URL_ESC%%\") \r\n          .setReferrerUrlMacro(\"%%REFERRER_URL_ESC%%\") \r\n          .start(); \r\n<\/script><\/div><style type=\"text\/css\">\r\n@media screen and (min-width: 1201px) {\r\n.zlvhq69f73fc6aef5d {\r\ndisplay: block;\r\n}\r\n}\r\n@media screen and (min-width: 993px) and (max-width: 1200px) {\r\n.zlvhq69f73fc6aef5d {\r\ndisplay: block;\r\n}\r\n}\r\n@media screen and (min-width: 769px) and (max-width: 992px) {\r\n.zlvhq69f73fc6aef5d {\r\ndisplay: block;\r\n}\r\n}\r\n@media screen and (min-width: 768px) and (max-width: 768px) {\r\n.zlvhq69f73fc6aef5d {\r\ndisplay: block;\r\n}\r\n}\r\n@media screen and (max-width: 767px) {\r\n.zlvhq69f73fc6aef5d {\r\ndisplay: block;\r\n}\r\n}\r\n<\/style>\r\n","protected":false},"excerpt":{"rendered":"<p>A Caixa realiza nesta semana pagamentos do aux\u00edlio emergencial 2021 para os cadastrados no programa em geral e para o grupo do Bolsa Fam\u00edlia. Os benefici\u00e1rios ir\u00e3o receber os recursos nas contas poupan\u00e7as sociais digitais referentes \u00e0 primeira parcela. Quando<\/p>\n<p class=\"link-more\"><a class=\"more-link\" href=\"https:\/\/marcelolopes.jor.br\/site\/2021\/04\/19\/auxilio-emergencial-veja-o-calendario-de-pagamentos-desta-semana\/\">Leia mais <span class=\"screen-reader-text\">Aux\u00edlio Emergencial: veja o calend\u00e1rio de pagamentos desta semana<\/span><\/a><\/p>\n","protected":false},"author":2,"featured_media":23102,"comment_status":"open","ping_status":"open","sticky":false,"template":"","format":"standard","meta":{"footnotes":""},"categories":[1],"tags":[2330,2331,3055,3848],"class_list":["post-23100","post","type-post","status-publish","format-standard","has-post-thumbnail","hentry","category-noticias","tag-app-da-caixa","tag-auxilio-emergencial","tag-caixa-tem","tag-data-de-pagamento","thumb-below-title"],"yoast_head":"<!-- This site is optimized with the Yoast SEO plugin v27.4 - https:\/\/yoast.com\/product\/yoast-seo-wordpress\/ -->\n<title>Aux\u00edlio Emergencial: veja o calend\u00e1rio de pagamentos desta semana | Marcelo Lopes<\/title>\n<meta name=\"robots\" content=\"index, follow, max-snippet:-1, max-image-preview:large, max-video-preview:-1\" \/>\n<link rel=\"canonical\" href=\"https:\/\/marcelolopes.jor.br\/site\/2021\/04\/19\/auxilio-emergencial-veja-o-calendario-de-pagamentos-desta-semana\/\" \/>\n<meta property=\"og:locale\" content=\"pt_BR\" \/>\n<meta property=\"og:type\" content=\"article\" \/>\n<meta property=\"og:title\" content=\"Aux\u00edlio Emergencial: veja o calend\u00e1rio de pagamentos desta semana | Marcelo Lopes\" \/>\n<meta property=\"og:description\" content=\"A Caixa realiza nesta semana pagamentos do aux\u00edlio emergencial 2021 para os cadastrados no programa em geral e para o grupo do Bolsa Fam\u00edlia. Os benefici\u00e1rios ir\u00e3o receber os recursos nas contas poupan\u00e7as sociais digitais referentes \u00e0 primeira parcela. QuandoLeia mais Aux\u00edlio Emergencial: veja o calend\u00e1rio de pagamentos desta semana\" \/>\n<meta property=\"og:url\" content=\"https:\/\/marcelolopes.jor.br\/site\/2021\/04\/19\/auxilio-emergencial-veja-o-calendario-de-pagamentos-desta-semana\/\" \/>\n<meta property=\"og:site_name\" content=\"Marcelo Lopes\" \/>\n<meta property=\"article:publisher\" content=\"https:\/\/www.facebook.com\/sitedomarcelolopes\" \/>\n<meta property=\"article:published_time\" content=\"2021-04-19T19:00:43+00:00\" \/>\n<meta property=\"og:image\" content=\"https:\/\/marcelolopes.jor.br\/site\/wp-content\/uploads\/2021\/04\/17abr2020-pagamento-do-auxilio-emergencial-e-feito-pelo-app-caixa-tem-diferente-do-utilizado-para-o-cadastro-no-beneficio-1589242168867_v2_1920x1151.jpg\" \/>\n\t<meta property=\"og:image:width\" content=\"1920\" \/>\n\t<meta property=\"og:image:height\" content=\"1151\" \/>\n\t<meta property=\"og:image:type\" content=\"image\/jpeg\" \/>\n<meta name=\"author\" content=\"Marcelo Lopes\" \/>\n<meta name=\"twitter:card\" content=\"summary_large_image\" \/>\n<meta name=\"twitter:label1\" content=\"Escrito por\" \/>\n\t<meta name=\"twitter:data1\" content=\"Marcelo Lopes\" \/>\n\t<meta name=\"twitter:label2\" content=\"Est. tempo de leitura\" \/>\n\t<meta name=\"twitter:data2\" content=\"1 minuto\" \/>\n<script type=\"application\/ld+json\" class=\"yoast-schema-graph\">{\"@context\":\"https:\\\/\\\/schema.org\",\"@graph\":[{\"@type\":\"NewsArticle\",\"@id\":\"https:\\\/\\\/marcelolopes.jor.br\\\/site\\\/2021\\\/04\\\/19\\\/auxilio-emergencial-veja-o-calendario-de-pagamentos-desta-semana\\\/#article\",\"isPartOf\":{\"@id\":\"https:\\\/\\\/marcelolopes.jor.br\\\/site\\\/2021\\\/04\\\/19\\\/auxilio-emergencial-veja-o-calendario-de-pagamentos-desta-semana\\\/\"},\"author\":{\"name\":\"Marcelo Lopes\",\"@id\":\"https:\\\/\\\/marcelolopes.jor.br\\\/site\\\/#\\\/schema\\\/person\\\/3e7216a35c34d8fdf952b31da3d1f89f\"},\"headline\":\"Aux\u00edlio Emergencial: veja o calend\u00e1rio de pagamentos desta semana\",\"datePublished\":\"2021-04-19T19:00:43+00:00\",\"mainEntityOfPage\":{\"@id\":\"https:\\\/\\\/marcelolopes.jor.br\\\/site\\\/2021\\\/04\\\/19\\\/auxilio-emergencial-veja-o-calendario-de-pagamentos-desta-semana\\\/\"},\"wordCount\":231,\"commentCount\":0,\"publisher\":{\"@id\":\"https:\\\/\\\/marcelolopes.jor.br\\\/site\\\/#organization\"},\"image\":{\"@id\":\"https:\\\/\\\/marcelolopes.jor.br\\\/site\\\/2021\\\/04\\\/19\\\/auxilio-emergencial-veja-o-calendario-de-pagamentos-desta-semana\\\/#primaryimage\"},\"thumbnailUrl\":\"https:\\\/\\\/marcelolopes.jor.br\\\/site\\\/wp-content\\\/uploads\\\/2021\\\/04\\\/17abr2020-pagamento-do-auxilio-emergencial-e-feito-pelo-app-caixa-tem-diferente-do-utilizado-para-o-cadastro-no-beneficio-1589242168867_v2_1920x1151.jpg\",\"keywords\":[\"app da Caixa\",\"aux\u00edlio emergencial\",\"Caixa Tem\",\"data de pagamento\"],\"articleSection\":[\"Not\u00edcias\"],\"inLanguage\":\"pt-BR\",\"potentialAction\":[{\"@type\":\"CommentAction\",\"name\":\"Comment\",\"target\":[\"https:\\\/\\\/marcelolopes.jor.br\\\/site\\\/2021\\\/04\\\/19\\\/auxilio-emergencial-veja-o-calendario-de-pagamentos-desta-semana\\\/#respond\"]}]},{\"@type\":\"WebPage\",\"@id\":\"https:\\\/\\\/marcelolopes.jor.br\\\/site\\\/2021\\\/04\\\/19\\\/auxilio-emergencial-veja-o-calendario-de-pagamentos-desta-semana\\\/\",\"url\":\"https:\\\/\\\/marcelolopes.jor.br\\\/site\\\/2021\\\/04\\\/19\\\/auxilio-emergencial-veja-o-calendario-de-pagamentos-desta-semana\\\/\",\"name\":\"Aux\u00edlio Emergencial: veja o calend\u00e1rio de pagamentos desta semana | Marcelo Lopes\",\"isPartOf\":{\"@id\":\"https:\\\/\\\/marcelolopes.jor.br\\\/site\\\/#website\"},\"primaryImageOfPage\":{\"@id\":\"https:\\\/\\\/marcelolopes.jor.br\\\/site\\\/2021\\\/04\\\/19\\\/auxilio-emergencial-veja-o-calendario-de-pagamentos-desta-semana\\\/#primaryimage\"},\"image\":{\"@id\":\"https:\\\/\\\/marcelolopes.jor.br\\\/site\\\/2021\\\/04\\\/19\\\/auxilio-emergencial-veja-o-calendario-de-pagamentos-desta-semana\\\/#primaryimage\"},\"thumbnailUrl\":\"https:\\\/\\\/marcelolopes.jor.br\\\/site\\\/wp-content\\\/uploads\\\/2021\\\/04\\\/17abr2020-pagamento-do-auxilio-emergencial-e-feito-pelo-app-caixa-tem-diferente-do-utilizado-para-o-cadastro-no-beneficio-1589242168867_v2_1920x1151.jpg\",\"datePublished\":\"2021-04-19T19:00:43+00:00\",\"breadcrumb\":{\"@id\":\"https:\\\/\\\/marcelolopes.jor.br\\\/site\\\/2021\\\/04\\\/19\\\/auxilio-emergencial-veja-o-calendario-de-pagamentos-desta-semana\\\/#breadcrumb\"},\"inLanguage\":\"pt-BR\",\"potentialAction\":[{\"@type\":\"ReadAction\",\"target\":[\"https:\\\/\\\/marcelolopes.jor.br\\\/site\\\/2021\\\/04\\\/19\\\/auxilio-emergencial-veja-o-calendario-de-pagamentos-desta-semana\\\/\"]}]},{\"@type\":\"ImageObject\",\"inLanguage\":\"pt-BR\",\"@id\":\"https:\\\/\\\/marcelolopes.jor.br\\\/site\\\/2021\\\/04\\\/19\\\/auxilio-emergencial-veja-o-calendario-de-pagamentos-desta-semana\\\/#primaryimage\",\"url\":\"https:\\\/\\\/marcelolopes.jor.br\\\/site\\\/wp-content\\\/uploads\\\/2021\\\/04\\\/17abr2020-pagamento-do-auxilio-emergencial-e-feito-pelo-app-caixa-tem-diferente-do-utilizado-para-o-cadastro-no-beneficio-1589242168867_v2_1920x1151.jpg\",\"contentUrl\":\"https:\\\/\\\/marcelolopes.jor.br\\\/site\\\/wp-content\\\/uploads\\\/2021\\\/04\\\/17abr2020-pagamento-do-auxilio-emergencial-e-feito-pelo-app-caixa-tem-diferente-do-utilizado-para-o-cadastro-no-beneficio-1589242168867_v2_1920x1151.jpg\",\"width\":1920,\"height\":1151},{\"@type\":\"BreadcrumbList\",\"@id\":\"https:\\\/\\\/marcelolopes.jor.br\\\/site\\\/2021\\\/04\\\/19\\\/auxilio-emergencial-veja-o-calendario-de-pagamentos-desta-semana\\\/#breadcrumb\",\"itemListElement\":[{\"@type\":\"ListItem\",\"position\":1,\"name\":\"Home\",\"item\":\"https:\\\/\\\/marcelolopes.jor.br\\\/site\\\/\"},{\"@type\":\"ListItem\",\"position\":2,\"name\":\"Aux\u00edlio Emergencial: veja o calend\u00e1rio de pagamentos desta semana\"}]},{\"@type\":\"WebSite\",\"@id\":\"https:\\\/\\\/marcelolopes.jor.br\\\/site\\\/#website\",\"url\":\"https:\\\/\\\/marcelolopes.jor.br\\\/site\\\/\",\"name\":\"Marcelo Lopes\",\"description\":\"Not\u00edcias de Cataguases e Regi\u00e3o\",\"publisher\":{\"@id\":\"https:\\\/\\\/marcelolopes.jor.br\\\/site\\\/#organization\"},\"potentialAction\":[{\"@type\":\"SearchAction\",\"target\":{\"@type\":\"EntryPoint\",\"urlTemplate\":\"https:\\\/\\\/marcelolopes.jor.br\\\/site\\\/?s={search_term_string}\"},\"query-input\":{\"@type\":\"PropertyValueSpecification\",\"valueRequired\":true,\"valueName\":\"search_term_string\"}}],\"inLanguage\":\"pt-BR\"},{\"@type\":\"Organization\",\"@id\":\"https:\\\/\\\/marcelolopes.jor.br\\\/site\\\/#organization\",\"name\":\"Site do Marcelo Lopes\",\"url\":\"https:\\\/\\\/marcelolopes.jor.br\\\/site\\\/\",\"logo\":{\"@type\":\"ImageObject\",\"inLanguage\":\"pt-BR\",\"@id\":\"https:\\\/\\\/marcelolopes.jor.br\\\/site\\\/#\\\/schema\\\/logo\\\/image\\\/\",\"url\":\"https:\\\/\\\/marcelolopes.jor.br\\\/site\\\/wp-content\\\/uploads\\\/2024\\\/11\\\/logo-1.png\",\"contentUrl\":\"https:\\\/\\\/marcelolopes.jor.br\\\/site\\\/wp-content\\\/uploads\\\/2024\\\/11\\\/logo-1.png\",\"width\":475,\"height\":80,\"caption\":\"Site do Marcelo Lopes\"},\"image\":{\"@id\":\"https:\\\/\\\/marcelolopes.jor.br\\\/site\\\/#\\\/schema\\\/logo\\\/image\\\/\"},\"sameAs\":[\"https:\\\/\\\/www.facebook.com\\\/sitedomarcelolopes\",\"https:\\\/\\\/www.instagram.com\\\/sitedomarcelolopes\\\/\",\"https:\\\/\\\/www.linkedin.com\\\/company\\\/site-do-marcelo-lopes\\\/\",\"https:\\\/\\\/www.youtube.com\\\/user\\\/marcelolopes957\"]},{\"@type\":\"Person\",\"@id\":\"https:\\\/\\\/marcelolopes.jor.br\\\/site\\\/#\\\/schema\\\/person\\\/3e7216a35c34d8fdf952b31da3d1f89f\",\"name\":\"Marcelo Lopes\",\"sameAs\":[\"http:\\\/\\\/www.marcelolopes.jor.br\"],\"url\":\"https:\\\/\\\/marcelolopes.jor.br\\\/site\\\/author\\\/marcelo\\\/\"}]}<\/script>\n<!-- \/ Yoast SEO plugin. -->","yoast_head_json":{"title":"Aux\u00edlio Emergencial: veja o calend\u00e1rio de pagamentos desta semana | Marcelo Lopes","robots":{"index":"index","follow":"follow","max-snippet":"max-snippet:-1","max-image-preview":"max-image-preview:large","max-video-preview":"max-video-preview:-1"},"canonical":"https:\/\/marcelolopes.jor.br\/site\/2021\/04\/19\/auxilio-emergencial-veja-o-calendario-de-pagamentos-desta-semana\/","og_locale":"pt_BR","og_type":"article","og_title":"Aux\u00edlio Emergencial: veja o calend\u00e1rio de pagamentos desta semana | Marcelo Lopes","og_description":"A Caixa realiza nesta semana pagamentos do aux\u00edlio emergencial 2021 para os cadastrados no programa em geral e para o grupo do Bolsa Fam\u00edlia. Os benefici\u00e1rios ir\u00e3o receber os recursos nas contas poupan\u00e7as sociais digitais referentes \u00e0 primeira parcela. QuandoLeia mais Aux\u00edlio Emergencial: veja o calend\u00e1rio de pagamentos desta semana","og_url":"https:\/\/marcelolopes.jor.br\/site\/2021\/04\/19\/auxilio-emergencial-veja-o-calendario-de-pagamentos-desta-semana\/","og_site_name":"Marcelo Lopes","article_publisher":"https:\/\/www.facebook.com\/sitedomarcelolopes","article_published_time":"2021-04-19T19:00:43+00:00","og_image":[{"width":1920,"height":1151,"url":"https:\/\/marcelolopes.jor.br\/site\/wp-content\/uploads\/2021\/04\/17abr2020-pagamento-do-auxilio-emergencial-e-feito-pelo-app-caixa-tem-diferente-do-utilizado-para-o-cadastro-no-beneficio-1589242168867_v2_1920x1151.jpg","type":"image\/jpeg"}],"author":"Marcelo Lopes","twitter_card":"summary_large_image","twitter_misc":{"Escrito por":"Marcelo Lopes","Est. tempo de leitura":"1 minuto"},"schema":{"@context":"https:\/\/schema.org","@graph":[{"@type":"NewsArticle","@id":"https:\/\/marcelolopes.jor.br\/site\/2021\/04\/19\/auxilio-emergencial-veja-o-calendario-de-pagamentos-desta-semana\/#article","isPartOf":{"@id":"https:\/\/marcelolopes.jor.br\/site\/2021\/04\/19\/auxilio-emergencial-veja-o-calendario-de-pagamentos-desta-semana\/"},"author":{"name":"Marcelo Lopes","@id":"https:\/\/marcelolopes.jor.br\/site\/#\/schema\/person\/3e7216a35c34d8fdf952b31da3d1f89f"},"headline":"Aux\u00edlio Emergencial: veja o calend\u00e1rio de pagamentos desta semana","datePublished":"2021-04-19T19:00:43+00:00","mainEntityOfPage":{"@id":"https:\/\/marcelolopes.jor.br\/site\/2021\/04\/19\/auxilio-emergencial-veja-o-calendario-de-pagamentos-desta-semana\/"},"wordCount":231,"commentCount":0,"publisher":{"@id":"https:\/\/marcelolopes.jor.br\/site\/#organization"},"image":{"@id":"https:\/\/marcelolopes.jor.br\/site\/2021\/04\/19\/auxilio-emergencial-veja-o-calendario-de-pagamentos-desta-semana\/#primaryimage"},"thumbnailUrl":"https:\/\/marcelolopes.jor.br\/site\/wp-content\/uploads\/2021\/04\/17abr2020-pagamento-do-auxilio-emergencial-e-feito-pelo-app-caixa-tem-diferente-do-utilizado-para-o-cadastro-no-beneficio-1589242168867_v2_1920x1151.jpg","keywords":["app da Caixa","aux\u00edlio emergencial","Caixa Tem","data de pagamento"],"articleSection":["Not\u00edcias"],"inLanguage":"pt-BR","potentialAction":[{"@type":"CommentAction","name":"Comment","target":["https:\/\/marcelolopes.jor.br\/site\/2021\/04\/19\/auxilio-emergencial-veja-o-calendario-de-pagamentos-desta-semana\/#respond"]}]},{"@type":"WebPage","@id":"https:\/\/marcelolopes.jor.br\/site\/2021\/04\/19\/auxilio-emergencial-veja-o-calendario-de-pagamentos-desta-semana\/","url":"https:\/\/marcelolopes.jor.br\/site\/2021\/04\/19\/auxilio-emergencial-veja-o-calendario-de-pagamentos-desta-semana\/","name":"Aux\u00edlio Emergencial: veja o calend\u00e1rio de pagamentos desta semana | Marcelo Lopes","isPartOf":{"@id":"https:\/\/marcelolopes.jor.br\/site\/#website"},"primaryImageOfPage":{"@id":"https:\/\/marcelolopes.jor.br\/site\/2021\/04\/19\/auxilio-emergencial-veja-o-calendario-de-pagamentos-desta-semana\/#primaryimage"},"image":{"@id":"https:\/\/marcelolopes.jor.br\/site\/2021\/04\/19\/auxilio-emergencial-veja-o-calendario-de-pagamentos-desta-semana\/#primaryimage"},"thumbnailUrl":"https:\/\/marcelolopes.jor.br\/site\/wp-content\/uploads\/2021\/04\/17abr2020-pagamento-do-auxilio-emergencial-e-feito-pelo-app-caixa-tem-diferente-do-utilizado-para-o-cadastro-no-beneficio-1589242168867_v2_1920x1151.jpg","datePublished":"2021-04-19T19:00:43+00:00","breadcrumb":{"@id":"https:\/\/marcelolopes.jor.br\/site\/2021\/04\/19\/auxilio-emergencial-veja-o-calendario-de-pagamentos-desta-semana\/#breadcrumb"},"inLanguage":"pt-BR","potentialAction":[{"@type":"ReadAction","target":["https:\/\/marcelolopes.jor.br\/site\/2021\/04\/19\/auxilio-emergencial-veja-o-calendario-de-pagamentos-desta-semana\/"]}]},{"@type":"ImageObject","inLanguage":"pt-BR","@id":"https:\/\/marcelolopes.jor.br\/site\/2021\/04\/19\/auxilio-emergencial-veja-o-calendario-de-pagamentos-desta-semana\/#primaryimage","url":"https:\/\/marcelolopes.jor.br\/site\/wp-content\/uploads\/2021\/04\/17abr2020-pagamento-do-auxilio-emergencial-e-feito-pelo-app-caixa-tem-diferente-do-utilizado-para-o-cadastro-no-beneficio-1589242168867_v2_1920x1151.jpg","contentUrl":"https:\/\/marcelolopes.jor.br\/site\/wp-content\/uploads\/2021\/04\/17abr2020-pagamento-do-auxilio-emergencial-e-feito-pelo-app-caixa-tem-diferente-do-utilizado-para-o-cadastro-no-beneficio-1589242168867_v2_1920x1151.jpg","width":1920,"height":1151},{"@type":"BreadcrumbList","@id":"https:\/\/marcelolopes.jor.br\/site\/2021\/04\/19\/auxilio-emergencial-veja-o-calendario-de-pagamentos-desta-semana\/#breadcrumb","itemListElement":[{"@type":"ListItem","position":1,"name":"Home","item":"https:\/\/marcelolopes.jor.br\/site\/"},{"@type":"ListItem","position":2,"name":"Aux\u00edlio Emergencial: veja o calend\u00e1rio de pagamentos desta semana"}]},{"@type":"WebSite","@id":"https:\/\/marcelolopes.jor.br\/site\/#website","url":"https:\/\/marcelolopes.jor.br\/site\/","name":"Marcelo Lopes","description":"Not\u00edcias de Cataguases e Regi\u00e3o","publisher":{"@id":"https:\/\/marcelolopes.jor.br\/site\/#organization"},"potentialAction":[{"@type":"SearchAction","target":{"@type":"EntryPoint","urlTemplate":"https:\/\/marcelolopes.jor.br\/site\/?s={search_term_string}"},"query-input":{"@type":"PropertyValueSpecification","valueRequired":true,"valueName":"search_term_string"}}],"inLanguage":"pt-BR"},{"@type":"Organization","@id":"https:\/\/marcelolopes.jor.br\/site\/#organization","name":"Site do Marcelo Lopes","url":"https:\/\/marcelolopes.jor.br\/site\/","logo":{"@type":"ImageObject","inLanguage":"pt-BR","@id":"https:\/\/marcelolopes.jor.br\/site\/#\/schema\/logo\/image\/","url":"https:\/\/marcelolopes.jor.br\/site\/wp-content\/uploads\/2024\/11\/logo-1.png","contentUrl":"https:\/\/marcelolopes.jor.br\/site\/wp-content\/uploads\/2024\/11\/logo-1.png","width":475,"height":80,"caption":"Site do Marcelo Lopes"},"image":{"@id":"https:\/\/marcelolopes.jor.br\/site\/#\/schema\/logo\/image\/"},"sameAs":["https:\/\/www.facebook.com\/sitedomarcelolopes","https:\/\/www.instagram.com\/sitedomarcelolopes\/","https:\/\/www.linkedin.com\/company\/site-do-marcelo-lopes\/","https:\/\/www.youtube.com\/user\/marcelolopes957"]},{"@type":"Person","@id":"https:\/\/marcelolopes.jor.br\/site\/#\/schema\/person\/3e7216a35c34d8fdf952b31da3d1f89f","name":"Marcelo Lopes","sameAs":["http:\/\/www.marcelolopes.jor.br"],"url":"https:\/\/marcelolopes.jor.br\/site\/author\/marcelo\/"}]}},"wps_subtitle":"Os benefici\u00e1rios ir\u00e3o receber os recursos nas contas poupan\u00e7as sociais digitais.","_links":{"self":[{"href":"https:\/\/marcelolopes.jor.br\/site\/wp-json\/wp\/v2\/posts\/23100","targetHints":{"allow":["GET"]}}],"collection":[{"href":"https:\/\/marcelolopes.jor.br\/site\/wp-json\/wp\/v2\/posts"}],"about":[{"href":"https:\/\/marcelolopes.jor.br\/site\/wp-json\/wp\/v2\/types\/post"}],"author":[{"embeddable":true,"href":"https:\/\/marcelolopes.jor.br\/site\/wp-json\/wp\/v2\/users\/2"}],"replies":[{"embeddable":true,"href":"https:\/\/marcelolopes.jor.br\/site\/wp-json\/wp\/v2\/comments?post=23100"}],"version-history":[{"count":0,"href":"https:\/\/marcelolopes.jor.br\/site\/wp-json\/wp\/v2\/posts\/23100\/revisions"}],"wp:featuredmedia":[{"embeddable":true,"href":"https:\/\/marcelolopes.jor.br\/site\/wp-json\/wp\/v2\/media\/23102"}],"wp:attachment":[{"href":"https:\/\/marcelolopes.jor.br\/site\/wp-json\/wp\/v2\/media?parent=23100"}],"wp:term":[{"taxonomy":"category","embeddable":true,"href":"https:\/\/marcelolopes.jor.br\/site\/wp-json\/wp\/v2\/categories?post=23100"},{"taxonomy":"post_tag","embeddable":true,"href":"https:\/\/marcelolopes.jor.br\/site\/wp-json\/wp\/v2\/tags?post=23100"}],"curies":[{"name":"wp","href":"https:\/\/api.w.org\/{rel}","templated":true}]}}