{"id":23057,"date":"2021-04-18T07:00:17","date_gmt":"2021-04-18T10:00:17","guid":{"rendered":"https:\/\/marcelolopes.jor.br\/?p=23057"},"modified":"2021-04-18T13:49:46","modified_gmt":"2021-04-18T16:49:46","slug":"cataguases-vai-receber-na-proxima-segunda-feira-2-705-doses-de-vacina","status":"publish","type":"post","link":"https:\/\/marcelolopes.jor.br\/site\/2021\/04\/18\/cataguases-vai-receber-na-proxima-segunda-feira-2-705-doses-de-vacina\/","title":{"rendered":"Cataguases vai receber na pr\u00f3xima segunda-feira, 2.705 doses de vacina"},"content":{"rendered":"<p style=\"text-align: justify;\">A Ger\u00eancia Regional de Sa\u00fade de Leopoldina (GRS) recebeu na manh\u00e3 deste s\u00e1bado, 17 de abril, mais uma remessa de vacina contra a Covid-19. Ao todo s\u00e3o 8.880 doses que ser\u00e3o distribu\u00eddas por aquela GRS aos munic\u00edpios atendidos por ela na pr\u00f3xima segunda-feira, 19. Desta vez, coube a Cataguases 2.705 doses que ser\u00e3o utilizadas na aplica\u00e7\u00e3o da primeira e segunda doses na popula\u00e7\u00e3o alvo conforme informa\u00e7\u00e3o e crit\u00e9rios da Secretaria de Estado da Sa\u00fade.<!--more--><\/p>\n<p style=\"text-align: justify;\"><a href=\"http:\/\/wa.me\/553234211213\"><img loading=\"lazy\" decoding=\"async\" class=\"aligncenter wp-image-22910 size-full\" src=\"https:\/\/marcelolopes.jor.br\/site\/wp-content\/uploads\/2021\/04\/Banner-Marcelo-Lopes-6.gif\" alt=\"\" width=\"800\" height=\"214\" \/><\/a>Em Cataguases o novo lote de vacinas contra a Covid-19 ser\u00e1 utilizado da seguinte forma, conforme determina\u00e7\u00e3o da pr\u00f3pria Secretaria de Estado da Sa\u00fade de Minas Gerais:<br \/>\n&#8211; 150 doses da vacina CoronaVac ser\u00e3o utilizadas como primeira dose (D1) junto aos profissionais de seguran\u00e7a, salvamento e for\u00e7as armadas, popula\u00e7\u00e3o com idade entre 60 e 64 anos (apenas 1,9% das doses s\u00e3o destinadas a este p\u00fablico) e trabalhadores da Sa\u00fade;<\/p>\n<p style=\"text-align: justify;\">&#8211; 880 doses da vacina CoronaVac ser\u00e3o destinadas como segunda dose (D2) para pessoas com 65 a 69 anos de idade e os trabalhadores da Sa\u00fade;<\/p>\n<p style=\"text-align: justify;\">&#8211; 1.670 doses da vacina AstraZeneca ser\u00e3o aplicadas em pessoas com 60 a 64 anos de idade (apenas 0,5% das doses s\u00e3o destinadas a este p\u00fablico) e tamb\u00e9m na faixa et\u00e1ria de 65 a 69 anos de idade como primeira dose (D1);<\/p>\n<p style=\"text-align: justify;\">&#8211; 5 doses da vacina AstraZeneca complementam doses faltantes e ser\u00e3o utilizadas como segunda dose (D2) para trabalhadores de sa\u00fade.<\/p>\n<p style=\"text-align: justify;\">Nesta remessa, Minas Gerais recebeu mais doses da AstraZeneca &#8211; 426.000 doses &#8211; e 275.200 da CoronaVac. \u201cA secretaria orienta munic\u00edpios e gestores de Sa\u00fade conforme o Programa Nacional de Imuniza\u00e7\u00e3o (PNI): todas as doses entregues aos munic\u00edpios devem dar continuidade \u00e0s campanhas de vacina\u00e7\u00e3o observando a cobertura dos p\u00fablicos priorit\u00e1rios\u201d, explica a coordenadora de Imuniza\u00e7\u00e3o da Secretaria de Estado de Sa\u00fade (SES-MG), Josianne Gusm\u00e3o. Minas Gerais recebeu at\u00e9 agora 5.841.330 doses de vacina.<\/p>\n<p><img loading=\"lazy\" decoding=\"async\" class=\"aligncenter wp-image-23070\" src=\"https:\/\/marcelolopes.jor.br\/site\/wp-content\/uploads\/2021\/04\/Captura-de-Tela-2021-04-17-\u00e0s-17.03.07.png\" alt=\"\" width=\"700\" height=\"305\" srcset=\"https:\/\/marcelolopes.jor.br\/site\/wp-content\/uploads\/2021\/04\/Captura-de-Tela-2021-04-17-\u00e0s-17.03.07.png 997w, https:\/\/marcelolopes.jor.br\/site\/wp-content\/uploads\/2021\/04\/Captura-de-Tela-2021-04-17-\u00e0s-17.03.07-300x131.png 300w, https:\/\/marcelolopes.jor.br\/site\/wp-content\/uploads\/2021\/04\/Captura-de-Tela-2021-04-17-\u00e0s-17.03.07-768x335.png 768w\" sizes=\"auto, (max-width: 700px) 100vw, 700px\" \/><\/p>\n<p>Fonte e foto: GRS Leopoldina<\/p>\n<div class=\"ymhan69f732bdf2754\" ><br><\/div><style type=\"text\/css\">\r\n@media screen and (min-width: 1201px) {\r\n.ymhan69f732bdf2754 {\r\ndisplay: block;\r\n}\r\n}\r\n@media screen and (min-width: 993px) and (max-width: 1200px) {\r\n.ymhan69f732bdf2754 {\r\ndisplay: block;\r\n}\r\n}\r\n@media screen and (min-width: 769px) and (max-width: 992px) {\r\n.ymhan69f732bdf2754 {\r\ndisplay: block;\r\n}\r\n}\r\n@media screen and (min-width: 768px) and (max-width: 768px) {\r\n.ymhan69f732bdf2754 {\r\ndisplay: block;\r\n}\r\n}\r\n@media screen and (max-width: 767px) {\r\n.ymhan69f732bdf2754 {\r\ndisplay: block;\r\n}\r\n}\r\n<\/style>\r\n<div class=\"ylgsd69f732be03dcc\" ><div id=\"div_destino\"><\/div>\r\n<script src=\"https:\/\/cdn.snsrsv.com\/sdk.js\"><\/script>\r\n<script >\r\n      new sdk(\"464030C30061EA8BE065000000000001\") \r\n          .appendTo(\"div_destino\")\r\n          .disableStyle(true) \r\n          .setCacheBusterMacro(\"%%CACHEBUSTER%%\")\r\n          .setSize(\"800\",\"214\")\r\n          .setClickMacro(\"%%CLICK_URL_ESC%%\") \r\n          .setReferrerUrlMacro(\"%%REFERRER_URL_ESC%%\") \r\n          .start(); \r\n<\/script><\/div><style type=\"text\/css\">\r\n@media screen and (min-width: 1201px) {\r\n.ylgsd69f732be03dcc {\r\ndisplay: block;\r\n}\r\n}\r\n@media screen and (min-width: 993px) and (max-width: 1200px) {\r\n.ylgsd69f732be03dcc {\r\ndisplay: block;\r\n}\r\n}\r\n@media screen and (min-width: 769px) and (max-width: 992px) {\r\n.ylgsd69f732be03dcc {\r\ndisplay: block;\r\n}\r\n}\r\n@media screen and (min-width: 768px) and (max-width: 768px) {\r\n.ylgsd69f732be03dcc {\r\ndisplay: block;\r\n}\r\n}\r\n@media screen and (max-width: 767px) {\r\n.ylgsd69f732be03dcc {\r\ndisplay: block;\r\n}\r\n}\r\n<\/style>\r\n","protected":false},"excerpt":{"rendered":"<p>A Ger\u00eancia Regional de Sa\u00fade de Leopoldina (GRS) recebeu na manh\u00e3 deste s\u00e1bado, 17 de abril, mais uma remessa de vacina contra a Covid-19. Ao todo s\u00e3o 8.880 doses que ser\u00e3o distribu\u00eddas por aquela GRS aos munic\u00edpios atendidos por ela<\/p>\n<p class=\"link-more\"><a class=\"more-link\" href=\"https:\/\/marcelolopes.jor.br\/site\/2021\/04\/18\/cataguases-vai-receber-na-proxima-segunda-feira-2-705-doses-de-vacina\/\">Leia mais <span class=\"screen-reader-text\">Cataguases vai receber na pr\u00f3xima segunda-feira, 2.705 doses de vacina<\/span><\/a><\/p>\n","protected":false},"author":2,"featured_media":23059,"comment_status":"open","ping_status":"open","sticky":false,"template":"","format":"standard","meta":{"footnotes":""},"categories":[1],"tags":[1332,3545,1945,3622],"class_list":["post-23057","post","type-post","status-publish","format-standard","has-post-thumbnail","hentry","category-noticias","tag-campanha-de-vacinacao","tag-chegada-da-vacina","tag-grs-leopoldina","tag-novas-doses","thumb-below-title"],"yoast_head":"<!-- This site is optimized with the Yoast SEO plugin v27.4 - https:\/\/yoast.com\/product\/yoast-seo-wordpress\/ -->\n<title>Cataguases vai receber na pr\u00f3xima segunda-feira, 2.705 doses de vacina | Marcelo Lopes<\/title>\n<meta name=\"robots\" content=\"index, follow, max-snippet:-1, max-image-preview:large, max-video-preview:-1\" \/>\n<link rel=\"canonical\" href=\"https:\/\/marcelolopes.jor.br\/site\/2021\/04\/18\/cataguases-vai-receber-na-proxima-segunda-feira-2-705-doses-de-vacina\/\" \/>\n<meta property=\"og:locale\" content=\"pt_BR\" \/>\n<meta property=\"og:type\" content=\"article\" \/>\n<meta property=\"og:title\" content=\"Cataguases vai receber na pr\u00f3xima segunda-feira, 2.705 doses de vacina | Marcelo Lopes\" \/>\n<meta property=\"og:description\" content=\"A Ger\u00eancia Regional de Sa\u00fade de Leopoldina (GRS) recebeu na manh\u00e3 deste s\u00e1bado, 17 de abril, mais uma remessa de vacina contra a Covid-19. Ao todo s\u00e3o 8.880 doses que ser\u00e3o distribu\u00eddas por aquela GRS aos munic\u00edpios atendidos por elaLeia mais Cataguases vai receber na pr\u00f3xima segunda-feira, 2.705 doses de vacina\" \/>\n<meta property=\"og:url\" content=\"https:\/\/marcelolopes.jor.br\/site\/2021\/04\/18\/cataguases-vai-receber-na-proxima-segunda-feira-2-705-doses-de-vacina\/\" \/>\n<meta property=\"og:site_name\" content=\"Marcelo Lopes\" \/>\n<meta property=\"article:publisher\" content=\"https:\/\/www.facebook.com\/sitedomarcelolopes\" \/>\n<meta property=\"article:published_time\" content=\"2021-04-18T10:00:17+00:00\" \/>\n<meta property=\"article:modified_time\" content=\"2021-04-18T16:49:46+00:00\" \/>\n<meta property=\"og:image\" content=\"https:\/\/marcelolopes.jor.br\/site\/wp-content\/uploads\/2021\/04\/WhatsApp-Image-2021-04-17-at-11.54.19.jpeg\" \/>\n\t<meta property=\"og:image:width\" content=\"1024\" \/>\n\t<meta property=\"og:image:height\" content=\"768\" \/>\n\t<meta property=\"og:image:type\" content=\"image\/jpeg\" \/>\n<meta name=\"author\" content=\"Marcelo Lopes\" \/>\n<meta name=\"twitter:card\" content=\"summary_large_image\" \/>\n<meta name=\"twitter:label1\" content=\"Escrito por\" \/>\n\t<meta name=\"twitter:data1\" content=\"Marcelo Lopes\" \/>\n\t<meta name=\"twitter:label2\" content=\"Est. tempo de leitura\" \/>\n\t<meta name=\"twitter:data2\" content=\"2 minutos\" \/>\n<script type=\"application\/ld+json\" class=\"yoast-schema-graph\">{\"@context\":\"https:\\\/\\\/schema.org\",\"@graph\":[{\"@type\":\"NewsArticle\",\"@id\":\"https:\\\/\\\/marcelolopes.jor.br\\\/site\\\/2021\\\/04\\\/18\\\/cataguases-vai-receber-na-proxima-segunda-feira-2-705-doses-de-vacina\\\/#article\",\"isPartOf\":{\"@id\":\"https:\\\/\\\/marcelolopes.jor.br\\\/site\\\/2021\\\/04\\\/18\\\/cataguases-vai-receber-na-proxima-segunda-feira-2-705-doses-de-vacina\\\/\"},\"author\":{\"name\":\"Marcelo Lopes\",\"@id\":\"https:\\\/\\\/marcelolopes.jor.br\\\/site\\\/#\\\/schema\\\/person\\\/3e7216a35c34d8fdf952b31da3d1f89f\"},\"headline\":\"Cataguases vai receber na pr\u00f3xima segunda-feira, 2.705 doses de vacina\",\"datePublished\":\"2021-04-18T10:00:17+00:00\",\"dateModified\":\"2021-04-18T16:49:46+00:00\",\"mainEntityOfPage\":{\"@id\":\"https:\\\/\\\/marcelolopes.jor.br\\\/site\\\/2021\\\/04\\\/18\\\/cataguases-vai-receber-na-proxima-segunda-feira-2-705-doses-de-vacina\\\/\"},\"wordCount\":342,\"commentCount\":0,\"publisher\":{\"@id\":\"https:\\\/\\\/marcelolopes.jor.br\\\/site\\\/#organization\"},\"image\":{\"@id\":\"https:\\\/\\\/marcelolopes.jor.br\\\/site\\\/2021\\\/04\\\/18\\\/cataguases-vai-receber-na-proxima-segunda-feira-2-705-doses-de-vacina\\\/#primaryimage\"},\"thumbnailUrl\":\"https:\\\/\\\/marcelolopes.jor.br\\\/site\\\/wp-content\\\/uploads\\\/2021\\\/04\\\/WhatsApp-Image-2021-04-17-at-11.54.19.jpeg\",\"keywords\":[\"campanha de vacina\u00e7\u00e3o\",\"chegada da vacina\",\"GRS-Leopoldina\",\"novas doses\"],\"articleSection\":[\"Not\u00edcias\"],\"inLanguage\":\"pt-BR\",\"potentialAction\":[{\"@type\":\"CommentAction\",\"name\":\"Comment\",\"target\":[\"https:\\\/\\\/marcelolopes.jor.br\\\/site\\\/2021\\\/04\\\/18\\\/cataguases-vai-receber-na-proxima-segunda-feira-2-705-doses-de-vacina\\\/#respond\"]}]},{\"@type\":\"WebPage\",\"@id\":\"https:\\\/\\\/marcelolopes.jor.br\\\/site\\\/2021\\\/04\\\/18\\\/cataguases-vai-receber-na-proxima-segunda-feira-2-705-doses-de-vacina\\\/\",\"url\":\"https:\\\/\\\/marcelolopes.jor.br\\\/site\\\/2021\\\/04\\\/18\\\/cataguases-vai-receber-na-proxima-segunda-feira-2-705-doses-de-vacina\\\/\",\"name\":\"Cataguases vai receber na pr\u00f3xima segunda-feira, 2.705 doses de vacina | Marcelo Lopes\",\"isPartOf\":{\"@id\":\"https:\\\/\\\/marcelolopes.jor.br\\\/site\\\/#website\"},\"primaryImageOfPage\":{\"@id\":\"https:\\\/\\\/marcelolopes.jor.br\\\/site\\\/2021\\\/04\\\/18\\\/cataguases-vai-receber-na-proxima-segunda-feira-2-705-doses-de-vacina\\\/#primaryimage\"},\"image\":{\"@id\":\"https:\\\/\\\/marcelolopes.jor.br\\\/site\\\/2021\\\/04\\\/18\\\/cataguases-vai-receber-na-proxima-segunda-feira-2-705-doses-de-vacina\\\/#primaryimage\"},\"thumbnailUrl\":\"https:\\\/\\\/marcelolopes.jor.br\\\/site\\\/wp-content\\\/uploads\\\/2021\\\/04\\\/WhatsApp-Image-2021-04-17-at-11.54.19.jpeg\",\"datePublished\":\"2021-04-18T10:00:17+00:00\",\"dateModified\":\"2021-04-18T16:49:46+00:00\",\"breadcrumb\":{\"@id\":\"https:\\\/\\\/marcelolopes.jor.br\\\/site\\\/2021\\\/04\\\/18\\\/cataguases-vai-receber-na-proxima-segunda-feira-2-705-doses-de-vacina\\\/#breadcrumb\"},\"inLanguage\":\"pt-BR\",\"potentialAction\":[{\"@type\":\"ReadAction\",\"target\":[\"https:\\\/\\\/marcelolopes.jor.br\\\/site\\\/2021\\\/04\\\/18\\\/cataguases-vai-receber-na-proxima-segunda-feira-2-705-doses-de-vacina\\\/\"]}]},{\"@type\":\"ImageObject\",\"inLanguage\":\"pt-BR\",\"@id\":\"https:\\\/\\\/marcelolopes.jor.br\\\/site\\\/2021\\\/04\\\/18\\\/cataguases-vai-receber-na-proxima-segunda-feira-2-705-doses-de-vacina\\\/#primaryimage\",\"url\":\"https:\\\/\\\/marcelolopes.jor.br\\\/site\\\/wp-content\\\/uploads\\\/2021\\\/04\\\/WhatsApp-Image-2021-04-17-at-11.54.19.jpeg\",\"contentUrl\":\"https:\\\/\\\/marcelolopes.jor.br\\\/site\\\/wp-content\\\/uploads\\\/2021\\\/04\\\/WhatsApp-Image-2021-04-17-at-11.54.19.jpeg\",\"width\":1024,\"height\":768},{\"@type\":\"BreadcrumbList\",\"@id\":\"https:\\\/\\\/marcelolopes.jor.br\\\/site\\\/2021\\\/04\\\/18\\\/cataguases-vai-receber-na-proxima-segunda-feira-2-705-doses-de-vacina\\\/#breadcrumb\",\"itemListElement\":[{\"@type\":\"ListItem\",\"position\":1,\"name\":\"Home\",\"item\":\"https:\\\/\\\/marcelolopes.jor.br\\\/site\\\/\"},{\"@type\":\"ListItem\",\"position\":2,\"name\":\"Cataguases vai receber na pr\u00f3xima segunda-feira, 2.705 doses de vacina\"}]},{\"@type\":\"WebSite\",\"@id\":\"https:\\\/\\\/marcelolopes.jor.br\\\/site\\\/#website\",\"url\":\"https:\\\/\\\/marcelolopes.jor.br\\\/site\\\/\",\"name\":\"Marcelo Lopes\",\"description\":\"Not\u00edcias de Cataguases e Regi\u00e3o\",\"publisher\":{\"@id\":\"https:\\\/\\\/marcelolopes.jor.br\\\/site\\\/#organization\"},\"potentialAction\":[{\"@type\":\"SearchAction\",\"target\":{\"@type\":\"EntryPoint\",\"urlTemplate\":\"https:\\\/\\\/marcelolopes.jor.br\\\/site\\\/?s={search_term_string}\"},\"query-input\":{\"@type\":\"PropertyValueSpecification\",\"valueRequired\":true,\"valueName\":\"search_term_string\"}}],\"inLanguage\":\"pt-BR\"},{\"@type\":\"Organization\",\"@id\":\"https:\\\/\\\/marcelolopes.jor.br\\\/site\\\/#organization\",\"name\":\"Site do Marcelo Lopes\",\"url\":\"https:\\\/\\\/marcelolopes.jor.br\\\/site\\\/\",\"logo\":{\"@type\":\"ImageObject\",\"inLanguage\":\"pt-BR\",\"@id\":\"https:\\\/\\\/marcelolopes.jor.br\\\/site\\\/#\\\/schema\\\/logo\\\/image\\\/\",\"url\":\"https:\\\/\\\/marcelolopes.jor.br\\\/site\\\/wp-content\\\/uploads\\\/2024\\\/11\\\/logo-1.png\",\"contentUrl\":\"https:\\\/\\\/marcelolopes.jor.br\\\/site\\\/wp-content\\\/uploads\\\/2024\\\/11\\\/logo-1.png\",\"width\":475,\"height\":80,\"caption\":\"Site do Marcelo Lopes\"},\"image\":{\"@id\":\"https:\\\/\\\/marcelolopes.jor.br\\\/site\\\/#\\\/schema\\\/logo\\\/image\\\/\"},\"sameAs\":[\"https:\\\/\\\/www.facebook.com\\\/sitedomarcelolopes\",\"https:\\\/\\\/www.instagram.com\\\/sitedomarcelolopes\\\/\",\"https:\\\/\\\/www.linkedin.com\\\/company\\\/site-do-marcelo-lopes\\\/\",\"https:\\\/\\\/www.youtube.com\\\/user\\\/marcelolopes957\"]},{\"@type\":\"Person\",\"@id\":\"https:\\\/\\\/marcelolopes.jor.br\\\/site\\\/#\\\/schema\\\/person\\\/3e7216a35c34d8fdf952b31da3d1f89f\",\"name\":\"Marcelo Lopes\",\"sameAs\":[\"http:\\\/\\\/www.marcelolopes.jor.br\"],\"url\":\"https:\\\/\\\/marcelolopes.jor.br\\\/site\\\/author\\\/marcelo\\\/\"}]}<\/script>\n<!-- \/ Yoast SEO plugin. -->","yoast_head_json":{"title":"Cataguases vai receber na pr\u00f3xima segunda-feira, 2.705 doses de vacina | Marcelo Lopes","robots":{"index":"index","follow":"follow","max-snippet":"max-snippet:-1","max-image-preview":"max-image-preview:large","max-video-preview":"max-video-preview:-1"},"canonical":"https:\/\/marcelolopes.jor.br\/site\/2021\/04\/18\/cataguases-vai-receber-na-proxima-segunda-feira-2-705-doses-de-vacina\/","og_locale":"pt_BR","og_type":"article","og_title":"Cataguases vai receber na pr\u00f3xima segunda-feira, 2.705 doses de vacina | Marcelo Lopes","og_description":"A Ger\u00eancia Regional de Sa\u00fade de Leopoldina (GRS) recebeu na manh\u00e3 deste s\u00e1bado, 17 de abril, mais uma remessa de vacina contra a Covid-19. Ao todo s\u00e3o 8.880 doses que ser\u00e3o distribu\u00eddas por aquela GRS aos munic\u00edpios atendidos por elaLeia mais Cataguases vai receber na pr\u00f3xima segunda-feira, 2.705 doses de vacina","og_url":"https:\/\/marcelolopes.jor.br\/site\/2021\/04\/18\/cataguases-vai-receber-na-proxima-segunda-feira-2-705-doses-de-vacina\/","og_site_name":"Marcelo Lopes","article_publisher":"https:\/\/www.facebook.com\/sitedomarcelolopes","article_published_time":"2021-04-18T10:00:17+00:00","article_modified_time":"2021-04-18T16:49:46+00:00","og_image":[{"width":1024,"height":768,"url":"https:\/\/marcelolopes.jor.br\/site\/wp-content\/uploads\/2021\/04\/WhatsApp-Image-2021-04-17-at-11.54.19.jpeg","type":"image\/jpeg"}],"author":"Marcelo Lopes","twitter_card":"summary_large_image","twitter_misc":{"Escrito por":"Marcelo Lopes","Est. tempo de leitura":"2 minutos"},"schema":{"@context":"https:\/\/schema.org","@graph":[{"@type":"NewsArticle","@id":"https:\/\/marcelolopes.jor.br\/site\/2021\/04\/18\/cataguases-vai-receber-na-proxima-segunda-feira-2-705-doses-de-vacina\/#article","isPartOf":{"@id":"https:\/\/marcelolopes.jor.br\/site\/2021\/04\/18\/cataguases-vai-receber-na-proxima-segunda-feira-2-705-doses-de-vacina\/"},"author":{"name":"Marcelo Lopes","@id":"https:\/\/marcelolopes.jor.br\/site\/#\/schema\/person\/3e7216a35c34d8fdf952b31da3d1f89f"},"headline":"Cataguases vai receber na pr\u00f3xima segunda-feira, 2.705 doses de vacina","datePublished":"2021-04-18T10:00:17+00:00","dateModified":"2021-04-18T16:49:46+00:00","mainEntityOfPage":{"@id":"https:\/\/marcelolopes.jor.br\/site\/2021\/04\/18\/cataguases-vai-receber-na-proxima-segunda-feira-2-705-doses-de-vacina\/"},"wordCount":342,"commentCount":0,"publisher":{"@id":"https:\/\/marcelolopes.jor.br\/site\/#organization"},"image":{"@id":"https:\/\/marcelolopes.jor.br\/site\/2021\/04\/18\/cataguases-vai-receber-na-proxima-segunda-feira-2-705-doses-de-vacina\/#primaryimage"},"thumbnailUrl":"https:\/\/marcelolopes.jor.br\/site\/wp-content\/uploads\/2021\/04\/WhatsApp-Image-2021-04-17-at-11.54.19.jpeg","keywords":["campanha de vacina\u00e7\u00e3o","chegada da vacina","GRS-Leopoldina","novas doses"],"articleSection":["Not\u00edcias"],"inLanguage":"pt-BR","potentialAction":[{"@type":"CommentAction","name":"Comment","target":["https:\/\/marcelolopes.jor.br\/site\/2021\/04\/18\/cataguases-vai-receber-na-proxima-segunda-feira-2-705-doses-de-vacina\/#respond"]}]},{"@type":"WebPage","@id":"https:\/\/marcelolopes.jor.br\/site\/2021\/04\/18\/cataguases-vai-receber-na-proxima-segunda-feira-2-705-doses-de-vacina\/","url":"https:\/\/marcelolopes.jor.br\/site\/2021\/04\/18\/cataguases-vai-receber-na-proxima-segunda-feira-2-705-doses-de-vacina\/","name":"Cataguases vai receber na pr\u00f3xima segunda-feira, 2.705 doses de vacina | Marcelo Lopes","isPartOf":{"@id":"https:\/\/marcelolopes.jor.br\/site\/#website"},"primaryImageOfPage":{"@id":"https:\/\/marcelolopes.jor.br\/site\/2021\/04\/18\/cataguases-vai-receber-na-proxima-segunda-feira-2-705-doses-de-vacina\/#primaryimage"},"image":{"@id":"https:\/\/marcelolopes.jor.br\/site\/2021\/04\/18\/cataguases-vai-receber-na-proxima-segunda-feira-2-705-doses-de-vacina\/#primaryimage"},"thumbnailUrl":"https:\/\/marcelolopes.jor.br\/site\/wp-content\/uploads\/2021\/04\/WhatsApp-Image-2021-04-17-at-11.54.19.jpeg","datePublished":"2021-04-18T10:00:17+00:00","dateModified":"2021-04-18T16:49:46+00:00","breadcrumb":{"@id":"https:\/\/marcelolopes.jor.br\/site\/2021\/04\/18\/cataguases-vai-receber-na-proxima-segunda-feira-2-705-doses-de-vacina\/#breadcrumb"},"inLanguage":"pt-BR","potentialAction":[{"@type":"ReadAction","target":["https:\/\/marcelolopes.jor.br\/site\/2021\/04\/18\/cataguases-vai-receber-na-proxima-segunda-feira-2-705-doses-de-vacina\/"]}]},{"@type":"ImageObject","inLanguage":"pt-BR","@id":"https:\/\/marcelolopes.jor.br\/site\/2021\/04\/18\/cataguases-vai-receber-na-proxima-segunda-feira-2-705-doses-de-vacina\/#primaryimage","url":"https:\/\/marcelolopes.jor.br\/site\/wp-content\/uploads\/2021\/04\/WhatsApp-Image-2021-04-17-at-11.54.19.jpeg","contentUrl":"https:\/\/marcelolopes.jor.br\/site\/wp-content\/uploads\/2021\/04\/WhatsApp-Image-2021-04-17-at-11.54.19.jpeg","width":1024,"height":768},{"@type":"BreadcrumbList","@id":"https:\/\/marcelolopes.jor.br\/site\/2021\/04\/18\/cataguases-vai-receber-na-proxima-segunda-feira-2-705-doses-de-vacina\/#breadcrumb","itemListElement":[{"@type":"ListItem","position":1,"name":"Home","item":"https:\/\/marcelolopes.jor.br\/site\/"},{"@type":"ListItem","position":2,"name":"Cataguases vai receber na pr\u00f3xima segunda-feira, 2.705 doses de vacina"}]},{"@type":"WebSite","@id":"https:\/\/marcelolopes.jor.br\/site\/#website","url":"https:\/\/marcelolopes.jor.br\/site\/","name":"Marcelo Lopes","description":"Not\u00edcias de Cataguases e Regi\u00e3o","publisher":{"@id":"https:\/\/marcelolopes.jor.br\/site\/#organization"},"potentialAction":[{"@type":"SearchAction","target":{"@type":"EntryPoint","urlTemplate":"https:\/\/marcelolopes.jor.br\/site\/?s={search_term_string}"},"query-input":{"@type":"PropertyValueSpecification","valueRequired":true,"valueName":"search_term_string"}}],"inLanguage":"pt-BR"},{"@type":"Organization","@id":"https:\/\/marcelolopes.jor.br\/site\/#organization","name":"Site do Marcelo Lopes","url":"https:\/\/marcelolopes.jor.br\/site\/","logo":{"@type":"ImageObject","inLanguage":"pt-BR","@id":"https:\/\/marcelolopes.jor.br\/site\/#\/schema\/logo\/image\/","url":"https:\/\/marcelolopes.jor.br\/site\/wp-content\/uploads\/2024\/11\/logo-1.png","contentUrl":"https:\/\/marcelolopes.jor.br\/site\/wp-content\/uploads\/2024\/11\/logo-1.png","width":475,"height":80,"caption":"Site do Marcelo Lopes"},"image":{"@id":"https:\/\/marcelolopes.jor.br\/site\/#\/schema\/logo\/image\/"},"sameAs":["https:\/\/www.facebook.com\/sitedomarcelolopes","https:\/\/www.instagram.com\/sitedomarcelolopes\/","https:\/\/www.linkedin.com\/company\/site-do-marcelo-lopes\/","https:\/\/www.youtube.com\/user\/marcelolopes957"]},{"@type":"Person","@id":"https:\/\/marcelolopes.jor.br\/site\/#\/schema\/person\/3e7216a35c34d8fdf952b31da3d1f89f","name":"Marcelo Lopes","sameAs":["http:\/\/www.marcelolopes.jor.br"],"url":"https:\/\/marcelolopes.jor.br\/site\/author\/marcelo\/"}]}},"wps_subtitle":"Nova remessa chegou \u00e0 Ger\u00eancia Regional de Sa\u00fade de Leopoldina, s\u00e1bado 17.","_links":{"self":[{"href":"https:\/\/marcelolopes.jor.br\/site\/wp-json\/wp\/v2\/posts\/23057","targetHints":{"allow":["GET"]}}],"collection":[{"href":"https:\/\/marcelolopes.jor.br\/site\/wp-json\/wp\/v2\/posts"}],"about":[{"href":"https:\/\/marcelolopes.jor.br\/site\/wp-json\/wp\/v2\/types\/post"}],"author":[{"embeddable":true,"href":"https:\/\/marcelolopes.jor.br\/site\/wp-json\/wp\/v2\/users\/2"}],"replies":[{"embeddable":true,"href":"https:\/\/marcelolopes.jor.br\/site\/wp-json\/wp\/v2\/comments?post=23057"}],"version-history":[{"count":0,"href":"https:\/\/marcelolopes.jor.br\/site\/wp-json\/wp\/v2\/posts\/23057\/revisions"}],"wp:featuredmedia":[{"embeddable":true,"href":"https:\/\/marcelolopes.jor.br\/site\/wp-json\/wp\/v2\/media\/23059"}],"wp:attachment":[{"href":"https:\/\/marcelolopes.jor.br\/site\/wp-json\/wp\/v2\/media?parent=23057"}],"wp:term":[{"taxonomy":"category","embeddable":true,"href":"https:\/\/marcelolopes.jor.br\/site\/wp-json\/wp\/v2\/categories?post=23057"},{"taxonomy":"post_tag","embeddable":true,"href":"https:\/\/marcelolopes.jor.br\/site\/wp-json\/wp\/v2\/tags?post=23057"}],"curies":[{"name":"wp","href":"https:\/\/api.w.org\/{rel}","templated":true}]}}