{"id":23047,"date":"2021-04-17T10:05:16","date_gmt":"2021-04-17T13:05:16","guid":{"rendered":"https:\/\/marcelolopes.jor.br\/?p=23047"},"modified":"2021-04-17T10:05:16","modified_gmt":"2021-04-17T13:05:16","slug":"carreta-tomba-no-trevo-e-interdita-parte-da-estrada-cataguases-leopoldina","status":"publish","type":"post","link":"https:\/\/marcelolopes.jor.br\/site\/2021\/04\/17\/carreta-tomba-no-trevo-e-interdita-parte-da-estrada-cataguases-leopoldina\/","title":{"rendered":"Carreta tomba no trevo e interdita parte da estrada Cataguases-Leopoldina"},"content":{"rendered":"<p style=\"text-align: justify;\">Uma carreta, com placas de Pedro Leopoldo\/MG tombou ao fazer uma curva no trevo que d\u00e1 acesso \u00e0 rodovia Cataguases-Leopoldina. O acidente aconteceu por volta das 7h quando o motorista perdeu o controle da dire\u00e7\u00e3o do ve\u00edculo. Carregada com Cal Hidratada, a carreta arrastou por cerca de cinquenta metros na pista e parou interditando a pista sentido Cataguases. A previs\u00e3o \u00e9 de que o ve\u00edculo seja retirado do local no in\u00edcio desta tarde.<!--more--><\/p>\n<p style=\"text-align: justify;\"><a href=\"http:\/\/wa.me\/553234211213\"><img loading=\"lazy\" decoding=\"async\" class=\"aligncenter wp-image-22910 size-full\" src=\"https:\/\/marcelolopes.jor.br\/site\/wp-content\/uploads\/2021\/04\/Banner-Marcelo-Lopes-6.gif\" alt=\"\" width=\"800\" height=\"214\" \/><\/a><br \/>\nO ve\u00edculo seguia de Arcos\/MG para Campos de Goitacazes\/RJ com apenas o motorista, que nada sofreu e aguardava no local a chegada do guincho para retirar a carreta da pista. Equipes do Corpo de Bombeiros Militar de Leopoldina e Defesa Civil de Cataguases estavam no local colocando serragem na pista devido ao \u00f3leo diesel da carreta que vazou no acidente. Uma viatura da Pol\u00edcia Militar do Meio Ambiente tamb\u00e9m acompanhava o caso aguardando a chegada da Pol\u00edcia Militar Rodovi\u00e1ria para fazer o registro do acidente.<span class=\"Apple-converted-space\">\u00a0<\/span><\/p>\n<p>Veja as fotos exclusivas do acidente.<\/p>\n<p><img loading=\"lazy\" decoding=\"async\" class=\"aligncenter wp-image-23050\" src=\"https:\/\/marcelolopes.jor.br\/site\/wp-content\/uploads\/2021\/04\/IMG_8066.jpeg\" alt=\"\" width=\"700\" height=\"394\" srcset=\"https:\/\/marcelolopes.jor.br\/site\/wp-content\/uploads\/2021\/04\/IMG_8066.jpeg 800w, https:\/\/marcelolopes.jor.br\/site\/wp-content\/uploads\/2021\/04\/IMG_8066-300x169.jpeg 300w, https:\/\/marcelolopes.jor.br\/site\/wp-content\/uploads\/2021\/04\/IMG_8066-768x432.jpeg 768w\" sizes=\"auto, (max-width: 700px) 100vw, 700px\" \/> <img loading=\"lazy\" decoding=\"async\" class=\"aligncenter wp-image-23051\" src=\"https:\/\/marcelolopes.jor.br\/site\/wp-content\/uploads\/2021\/04\/IMG_8073.jpeg\" alt=\"\" width=\"700\" height=\"394\" srcset=\"https:\/\/marcelolopes.jor.br\/site\/wp-content\/uploads\/2021\/04\/IMG_8073.jpeg 800w, https:\/\/marcelolopes.jor.br\/site\/wp-content\/uploads\/2021\/04\/IMG_8073-300x169.jpeg 300w, https:\/\/marcelolopes.jor.br\/site\/wp-content\/uploads\/2021\/04\/IMG_8073-768x432.jpeg 768w\" sizes=\"auto, (max-width: 700px) 100vw, 700px\" \/> <img loading=\"lazy\" decoding=\"async\" class=\"aligncenter wp-image-23052\" src=\"https:\/\/marcelolopes.jor.br\/site\/wp-content\/uploads\/2021\/04\/IMG_8071.jpeg\" alt=\"\" width=\"700\" height=\"394\" srcset=\"https:\/\/marcelolopes.jor.br\/site\/wp-content\/uploads\/2021\/04\/IMG_8071.jpeg 800w, https:\/\/marcelolopes.jor.br\/site\/wp-content\/uploads\/2021\/04\/IMG_8071-300x169.jpeg 300w, https:\/\/marcelolopes.jor.br\/site\/wp-content\/uploads\/2021\/04\/IMG_8071-768x432.jpeg 768w\" sizes=\"auto, (max-width: 700px) 100vw, 700px\" \/> <img loading=\"lazy\" decoding=\"async\" class=\"aligncenter wp-image-23053\" src=\"https:\/\/marcelolopes.jor.br\/site\/wp-content\/uploads\/2021\/04\/IMG_8070.jpeg\" alt=\"\" width=\"700\" height=\"394\" srcset=\"https:\/\/marcelolopes.jor.br\/site\/wp-content\/uploads\/2021\/04\/IMG_8070.jpeg 800w, https:\/\/marcelolopes.jor.br\/site\/wp-content\/uploads\/2021\/04\/IMG_8070-300x169.jpeg 300w, https:\/\/marcelolopes.jor.br\/site\/wp-content\/uploads\/2021\/04\/IMG_8070-768x432.jpeg 768w\" sizes=\"auto, (max-width: 700px) 100vw, 700px\" \/> <img loading=\"lazy\" decoding=\"async\" class=\"aligncenter wp-image-23054\" src=\"https:\/\/marcelolopes.jor.br\/site\/wp-content\/uploads\/2021\/04\/IMG_8075.jpeg\" alt=\"\" width=\"700\" height=\"394\" srcset=\"https:\/\/marcelolopes.jor.br\/site\/wp-content\/uploads\/2021\/04\/IMG_8075.jpeg 800w, https:\/\/marcelolopes.jor.br\/site\/wp-content\/uploads\/2021\/04\/IMG_8075-300x169.jpeg 300w, https:\/\/marcelolopes.jor.br\/site\/wp-content\/uploads\/2021\/04\/IMG_8075-768x432.jpeg 768w\" sizes=\"auto, (max-width: 700px) 100vw, 700px\" \/><\/p>\n<div class=\"xposs69f732b3ee5a4\" ><br><\/div><style type=\"text\/css\">\r\n@media screen and (min-width: 1201px) {\r\n.xposs69f732b3ee5a4 {\r\ndisplay: block;\r\n}\r\n}\r\n@media screen and (min-width: 993px) and (max-width: 1200px) {\r\n.xposs69f732b3ee5a4 {\r\ndisplay: block;\r\n}\r\n}\r\n@media screen and (min-width: 769px) and (max-width: 992px) {\r\n.xposs69f732b3ee5a4 {\r\ndisplay: block;\r\n}\r\n}\r\n@media screen and (min-width: 768px) and (max-width: 768px) {\r\n.xposs69f732b3ee5a4 {\r\ndisplay: block;\r\n}\r\n}\r\n@media screen and (max-width: 767px) {\r\n.xposs69f732b3ee5a4 {\r\ndisplay: block;\r\n}\r\n}\r\n<\/style>\r\n<div class=\"ikpzx69f732b400a5a\" ><div id=\"div_destino\"><\/div>\r\n<script src=\"https:\/\/cdn.snsrsv.com\/sdk.js\"><\/script>\r\n<script >\r\n      new sdk(\"464030C30061EA8BE065000000000001\") \r\n          .appendTo(\"div_destino\")\r\n          .disableStyle(true) \r\n          .setCacheBusterMacro(\"%%CACHEBUSTER%%\")\r\n          .setSize(\"800\",\"214\")\r\n          .setClickMacro(\"%%CLICK_URL_ESC%%\") \r\n          .setReferrerUrlMacro(\"%%REFERRER_URL_ESC%%\") \r\n          .start(); \r\n<\/script><\/div><style type=\"text\/css\">\r\n@media screen and (min-width: 1201px) {\r\n.ikpzx69f732b400a5a {\r\ndisplay: block;\r\n}\r\n}\r\n@media screen and (min-width: 993px) and (max-width: 1200px) {\r\n.ikpzx69f732b400a5a {\r\ndisplay: block;\r\n}\r\n}\r\n@media screen and (min-width: 769px) and (max-width: 992px) {\r\n.ikpzx69f732b400a5a {\r\ndisplay: block;\r\n}\r\n}\r\n@media screen and (min-width: 768px) and (max-width: 768px) {\r\n.ikpzx69f732b400a5a {\r\ndisplay: block;\r\n}\r\n}\r\n@media screen and (max-width: 767px) {\r\n.ikpzx69f732b400a5a {\r\ndisplay: block;\r\n}\r\n}\r\n<\/style>\r\n","protected":false},"excerpt":{"rendered":"<p>Uma carreta, com placas de Pedro Leopoldo\/MG tombou ao fazer uma curva no trevo que d\u00e1 acesso \u00e0 rodovia Cataguases-Leopoldina. O acidente aconteceu por volta das 7h quando o motorista perdeu o controle da dire\u00e7\u00e3o do ve\u00edculo. Carregada com Cal<\/p>\n<p class=\"link-more\"><a class=\"more-link\" href=\"https:\/\/marcelolopes.jor.br\/site\/2021\/04\/17\/carreta-tomba-no-trevo-e-interdita-parte-da-estrada-cataguases-leopoldina\/\">Leia mais <span class=\"screen-reader-text\">Carreta tomba no trevo e interdita parte da estrada Cataguases-Leopoldina<\/span><\/a><\/p>\n","protected":false},"author":2,"featured_media":23049,"comment_status":"open","ping_status":"open","sticky":false,"template":"","format":"standard","meta":{"footnotes":""},"categories":[1],"tags":[124,140,516,141],"class_list":["post-23047","post","type-post","status-publish","format-standard","has-post-thumbnail","hentry","category-noticias","tag-acidente","tag-carreta","tag-corpo-de-bombeiros","tag-tombamento","thumb-below-title"],"yoast_head":"<!-- This site is optimized with the Yoast SEO plugin v27.4 - https:\/\/yoast.com\/product\/yoast-seo-wordpress\/ -->\n<title>Carreta tomba no trevo e interdita parte da estrada Cataguases-Leopoldina | Marcelo Lopes<\/title>\n<meta name=\"robots\" content=\"index, follow, max-snippet:-1, max-image-preview:large, max-video-preview:-1\" \/>\n<link rel=\"canonical\" href=\"https:\/\/marcelolopes.jor.br\/site\/2021\/04\/17\/carreta-tomba-no-trevo-e-interdita-parte-da-estrada-cataguases-leopoldina\/\" \/>\n<meta property=\"og:locale\" content=\"pt_BR\" \/>\n<meta property=\"og:type\" content=\"article\" \/>\n<meta property=\"og:title\" content=\"Carreta tomba no trevo e interdita parte da estrada Cataguases-Leopoldina | Marcelo Lopes\" \/>\n<meta property=\"og:description\" content=\"Uma carreta, com placas de Pedro Leopoldo\/MG tombou ao fazer uma curva no trevo que d\u00e1 acesso \u00e0 rodovia Cataguases-Leopoldina. O acidente aconteceu por volta das 7h quando o motorista perdeu o controle da dire\u00e7\u00e3o do ve\u00edculo. Carregada com CalLeia mais Carreta tomba no trevo e interdita parte da estrada Cataguases-Leopoldina\" \/>\n<meta property=\"og:url\" content=\"https:\/\/marcelolopes.jor.br\/site\/2021\/04\/17\/carreta-tomba-no-trevo-e-interdita-parte-da-estrada-cataguases-leopoldina\/\" \/>\n<meta property=\"og:site_name\" content=\"Marcelo Lopes\" \/>\n<meta property=\"article:publisher\" content=\"https:\/\/www.facebook.com\/sitedomarcelolopes\" \/>\n<meta property=\"article:published_time\" content=\"2021-04-17T13:05:16+00:00\" \/>\n<meta property=\"og:image\" content=\"https:\/\/marcelolopes.jor.br\/site\/wp-content\/uploads\/2021\/04\/IMG_8079.jpeg\" \/>\n\t<meta property=\"og:image:width\" content=\"800\" \/>\n\t<meta property=\"og:image:height\" content=\"450\" \/>\n\t<meta property=\"og:image:type\" content=\"image\/jpeg\" \/>\n<meta name=\"author\" content=\"Marcelo Lopes\" \/>\n<meta name=\"twitter:card\" content=\"summary_large_image\" \/>\n<meta name=\"twitter:label1\" content=\"Escrito por\" \/>\n\t<meta name=\"twitter:data1\" content=\"Marcelo Lopes\" \/>\n\t<meta name=\"twitter:label2\" content=\"Est. tempo de leitura\" \/>\n\t<meta name=\"twitter:data2\" content=\"1 minuto\" \/>\n<script type=\"application\/ld+json\" class=\"yoast-schema-graph\">{\"@context\":\"https:\\\/\\\/schema.org\",\"@graph\":[{\"@type\":\"NewsArticle\",\"@id\":\"https:\\\/\\\/marcelolopes.jor.br\\\/site\\\/2021\\\/04\\\/17\\\/carreta-tomba-no-trevo-e-interdita-parte-da-estrada-cataguases-leopoldina\\\/#article\",\"isPartOf\":{\"@id\":\"https:\\\/\\\/marcelolopes.jor.br\\\/site\\\/2021\\\/04\\\/17\\\/carreta-tomba-no-trevo-e-interdita-parte-da-estrada-cataguases-leopoldina\\\/\"},\"author\":{\"name\":\"Marcelo Lopes\",\"@id\":\"https:\\\/\\\/marcelolopes.jor.br\\\/site\\\/#\\\/schema\\\/person\\\/3e7216a35c34d8fdf952b31da3d1f89f\"},\"headline\":\"Carreta tomba no trevo e interdita parte da estrada Cataguases-Leopoldina\",\"datePublished\":\"2021-04-17T13:05:16+00:00\",\"mainEntityOfPage\":{\"@id\":\"https:\\\/\\\/marcelolopes.jor.br\\\/site\\\/2021\\\/04\\\/17\\\/carreta-tomba-no-trevo-e-interdita-parte-da-estrada-cataguases-leopoldina\\\/\"},\"wordCount\":185,\"commentCount\":0,\"publisher\":{\"@id\":\"https:\\\/\\\/marcelolopes.jor.br\\\/site\\\/#organization\"},\"image\":{\"@id\":\"https:\\\/\\\/marcelolopes.jor.br\\\/site\\\/2021\\\/04\\\/17\\\/carreta-tomba-no-trevo-e-interdita-parte-da-estrada-cataguases-leopoldina\\\/#primaryimage\"},\"thumbnailUrl\":\"https:\\\/\\\/marcelolopes.jor.br\\\/site\\\/wp-content\\\/uploads\\\/2021\\\/04\\\/IMG_8079.jpeg\",\"keywords\":[\"acidente\",\"carreta\",\"corpo de bombeiros\",\"tombamento\"],\"articleSection\":[\"Not\u00edcias\"],\"inLanguage\":\"pt-BR\",\"potentialAction\":[{\"@type\":\"CommentAction\",\"name\":\"Comment\",\"target\":[\"https:\\\/\\\/marcelolopes.jor.br\\\/site\\\/2021\\\/04\\\/17\\\/carreta-tomba-no-trevo-e-interdita-parte-da-estrada-cataguases-leopoldina\\\/#respond\"]}]},{\"@type\":\"WebPage\",\"@id\":\"https:\\\/\\\/marcelolopes.jor.br\\\/site\\\/2021\\\/04\\\/17\\\/carreta-tomba-no-trevo-e-interdita-parte-da-estrada-cataguases-leopoldina\\\/\",\"url\":\"https:\\\/\\\/marcelolopes.jor.br\\\/site\\\/2021\\\/04\\\/17\\\/carreta-tomba-no-trevo-e-interdita-parte-da-estrada-cataguases-leopoldina\\\/\",\"name\":\"Carreta tomba no trevo e interdita parte da estrada Cataguases-Leopoldina | Marcelo Lopes\",\"isPartOf\":{\"@id\":\"https:\\\/\\\/marcelolopes.jor.br\\\/site\\\/#website\"},\"primaryImageOfPage\":{\"@id\":\"https:\\\/\\\/marcelolopes.jor.br\\\/site\\\/2021\\\/04\\\/17\\\/carreta-tomba-no-trevo-e-interdita-parte-da-estrada-cataguases-leopoldina\\\/#primaryimage\"},\"image\":{\"@id\":\"https:\\\/\\\/marcelolopes.jor.br\\\/site\\\/2021\\\/04\\\/17\\\/carreta-tomba-no-trevo-e-interdita-parte-da-estrada-cataguases-leopoldina\\\/#primaryimage\"},\"thumbnailUrl\":\"https:\\\/\\\/marcelolopes.jor.br\\\/site\\\/wp-content\\\/uploads\\\/2021\\\/04\\\/IMG_8079.jpeg\",\"datePublished\":\"2021-04-17T13:05:16+00:00\",\"breadcrumb\":{\"@id\":\"https:\\\/\\\/marcelolopes.jor.br\\\/site\\\/2021\\\/04\\\/17\\\/carreta-tomba-no-trevo-e-interdita-parte-da-estrada-cataguases-leopoldina\\\/#breadcrumb\"},\"inLanguage\":\"pt-BR\",\"potentialAction\":[{\"@type\":\"ReadAction\",\"target\":[\"https:\\\/\\\/marcelolopes.jor.br\\\/site\\\/2021\\\/04\\\/17\\\/carreta-tomba-no-trevo-e-interdita-parte-da-estrada-cataguases-leopoldina\\\/\"]}]},{\"@type\":\"ImageObject\",\"inLanguage\":\"pt-BR\",\"@id\":\"https:\\\/\\\/marcelolopes.jor.br\\\/site\\\/2021\\\/04\\\/17\\\/carreta-tomba-no-trevo-e-interdita-parte-da-estrada-cataguases-leopoldina\\\/#primaryimage\",\"url\":\"https:\\\/\\\/marcelolopes.jor.br\\\/site\\\/wp-content\\\/uploads\\\/2021\\\/04\\\/IMG_8079.jpeg\",\"contentUrl\":\"https:\\\/\\\/marcelolopes.jor.br\\\/site\\\/wp-content\\\/uploads\\\/2021\\\/04\\\/IMG_8079.jpeg\",\"width\":800,\"height\":450},{\"@type\":\"BreadcrumbList\",\"@id\":\"https:\\\/\\\/marcelolopes.jor.br\\\/site\\\/2021\\\/04\\\/17\\\/carreta-tomba-no-trevo-e-interdita-parte-da-estrada-cataguases-leopoldina\\\/#breadcrumb\",\"itemListElement\":[{\"@type\":\"ListItem\",\"position\":1,\"name\":\"Home\",\"item\":\"https:\\\/\\\/marcelolopes.jor.br\\\/site\\\/\"},{\"@type\":\"ListItem\",\"position\":2,\"name\":\"Carreta tomba no trevo e interdita parte da estrada Cataguases-Leopoldina\"}]},{\"@type\":\"WebSite\",\"@id\":\"https:\\\/\\\/marcelolopes.jor.br\\\/site\\\/#website\",\"url\":\"https:\\\/\\\/marcelolopes.jor.br\\\/site\\\/\",\"name\":\"Marcelo Lopes\",\"description\":\"Not\u00edcias de Cataguases e Regi\u00e3o\",\"publisher\":{\"@id\":\"https:\\\/\\\/marcelolopes.jor.br\\\/site\\\/#organization\"},\"potentialAction\":[{\"@type\":\"SearchAction\",\"target\":{\"@type\":\"EntryPoint\",\"urlTemplate\":\"https:\\\/\\\/marcelolopes.jor.br\\\/site\\\/?s={search_term_string}\"},\"query-input\":{\"@type\":\"PropertyValueSpecification\",\"valueRequired\":true,\"valueName\":\"search_term_string\"}}],\"inLanguage\":\"pt-BR\"},{\"@type\":\"Organization\",\"@id\":\"https:\\\/\\\/marcelolopes.jor.br\\\/site\\\/#organization\",\"name\":\"Site do Marcelo Lopes\",\"url\":\"https:\\\/\\\/marcelolopes.jor.br\\\/site\\\/\",\"logo\":{\"@type\":\"ImageObject\",\"inLanguage\":\"pt-BR\",\"@id\":\"https:\\\/\\\/marcelolopes.jor.br\\\/site\\\/#\\\/schema\\\/logo\\\/image\\\/\",\"url\":\"https:\\\/\\\/marcelolopes.jor.br\\\/site\\\/wp-content\\\/uploads\\\/2024\\\/11\\\/logo-1.png\",\"contentUrl\":\"https:\\\/\\\/marcelolopes.jor.br\\\/site\\\/wp-content\\\/uploads\\\/2024\\\/11\\\/logo-1.png\",\"width\":475,\"height\":80,\"caption\":\"Site do Marcelo Lopes\"},\"image\":{\"@id\":\"https:\\\/\\\/marcelolopes.jor.br\\\/site\\\/#\\\/schema\\\/logo\\\/image\\\/\"},\"sameAs\":[\"https:\\\/\\\/www.facebook.com\\\/sitedomarcelolopes\",\"https:\\\/\\\/www.instagram.com\\\/sitedomarcelolopes\\\/\",\"https:\\\/\\\/www.linkedin.com\\\/company\\\/site-do-marcelo-lopes\\\/\",\"https:\\\/\\\/www.youtube.com\\\/user\\\/marcelolopes957\"]},{\"@type\":\"Person\",\"@id\":\"https:\\\/\\\/marcelolopes.jor.br\\\/site\\\/#\\\/schema\\\/person\\\/3e7216a35c34d8fdf952b31da3d1f89f\",\"name\":\"Marcelo Lopes\",\"sameAs\":[\"http:\\\/\\\/www.marcelolopes.jor.br\"],\"url\":\"https:\\\/\\\/marcelolopes.jor.br\\\/site\\\/author\\\/marcelo\\\/\"}]}<\/script>\n<!-- \/ Yoast SEO plugin. -->","yoast_head_json":{"title":"Carreta tomba no trevo e interdita parte da estrada Cataguases-Leopoldina | Marcelo Lopes","robots":{"index":"index","follow":"follow","max-snippet":"max-snippet:-1","max-image-preview":"max-image-preview:large","max-video-preview":"max-video-preview:-1"},"canonical":"https:\/\/marcelolopes.jor.br\/site\/2021\/04\/17\/carreta-tomba-no-trevo-e-interdita-parte-da-estrada-cataguases-leopoldina\/","og_locale":"pt_BR","og_type":"article","og_title":"Carreta tomba no trevo e interdita parte da estrada Cataguases-Leopoldina | Marcelo Lopes","og_description":"Uma carreta, com placas de Pedro Leopoldo\/MG tombou ao fazer uma curva no trevo que d\u00e1 acesso \u00e0 rodovia Cataguases-Leopoldina. O acidente aconteceu por volta das 7h quando o motorista perdeu o controle da dire\u00e7\u00e3o do ve\u00edculo. Carregada com CalLeia mais Carreta tomba no trevo e interdita parte da estrada Cataguases-Leopoldina","og_url":"https:\/\/marcelolopes.jor.br\/site\/2021\/04\/17\/carreta-tomba-no-trevo-e-interdita-parte-da-estrada-cataguases-leopoldina\/","og_site_name":"Marcelo Lopes","article_publisher":"https:\/\/www.facebook.com\/sitedomarcelolopes","article_published_time":"2021-04-17T13:05:16+00:00","og_image":[{"width":800,"height":450,"url":"https:\/\/marcelolopes.jor.br\/site\/wp-content\/uploads\/2021\/04\/IMG_8079.jpeg","type":"image\/jpeg"}],"author":"Marcelo Lopes","twitter_card":"summary_large_image","twitter_misc":{"Escrito por":"Marcelo Lopes","Est. tempo de leitura":"1 minuto"},"schema":{"@context":"https:\/\/schema.org","@graph":[{"@type":"NewsArticle","@id":"https:\/\/marcelolopes.jor.br\/site\/2021\/04\/17\/carreta-tomba-no-trevo-e-interdita-parte-da-estrada-cataguases-leopoldina\/#article","isPartOf":{"@id":"https:\/\/marcelolopes.jor.br\/site\/2021\/04\/17\/carreta-tomba-no-trevo-e-interdita-parte-da-estrada-cataguases-leopoldina\/"},"author":{"name":"Marcelo Lopes","@id":"https:\/\/marcelolopes.jor.br\/site\/#\/schema\/person\/3e7216a35c34d8fdf952b31da3d1f89f"},"headline":"Carreta tomba no trevo e interdita parte da estrada Cataguases-Leopoldina","datePublished":"2021-04-17T13:05:16+00:00","mainEntityOfPage":{"@id":"https:\/\/marcelolopes.jor.br\/site\/2021\/04\/17\/carreta-tomba-no-trevo-e-interdita-parte-da-estrada-cataguases-leopoldina\/"},"wordCount":185,"commentCount":0,"publisher":{"@id":"https:\/\/marcelolopes.jor.br\/site\/#organization"},"image":{"@id":"https:\/\/marcelolopes.jor.br\/site\/2021\/04\/17\/carreta-tomba-no-trevo-e-interdita-parte-da-estrada-cataguases-leopoldina\/#primaryimage"},"thumbnailUrl":"https:\/\/marcelolopes.jor.br\/site\/wp-content\/uploads\/2021\/04\/IMG_8079.jpeg","keywords":["acidente","carreta","corpo de bombeiros","tombamento"],"articleSection":["Not\u00edcias"],"inLanguage":"pt-BR","potentialAction":[{"@type":"CommentAction","name":"Comment","target":["https:\/\/marcelolopes.jor.br\/site\/2021\/04\/17\/carreta-tomba-no-trevo-e-interdita-parte-da-estrada-cataguases-leopoldina\/#respond"]}]},{"@type":"WebPage","@id":"https:\/\/marcelolopes.jor.br\/site\/2021\/04\/17\/carreta-tomba-no-trevo-e-interdita-parte-da-estrada-cataguases-leopoldina\/","url":"https:\/\/marcelolopes.jor.br\/site\/2021\/04\/17\/carreta-tomba-no-trevo-e-interdita-parte-da-estrada-cataguases-leopoldina\/","name":"Carreta tomba no trevo e interdita parte da estrada Cataguases-Leopoldina | Marcelo Lopes","isPartOf":{"@id":"https:\/\/marcelolopes.jor.br\/site\/#website"},"primaryImageOfPage":{"@id":"https:\/\/marcelolopes.jor.br\/site\/2021\/04\/17\/carreta-tomba-no-trevo-e-interdita-parte-da-estrada-cataguases-leopoldina\/#primaryimage"},"image":{"@id":"https:\/\/marcelolopes.jor.br\/site\/2021\/04\/17\/carreta-tomba-no-trevo-e-interdita-parte-da-estrada-cataguases-leopoldina\/#primaryimage"},"thumbnailUrl":"https:\/\/marcelolopes.jor.br\/site\/wp-content\/uploads\/2021\/04\/IMG_8079.jpeg","datePublished":"2021-04-17T13:05:16+00:00","breadcrumb":{"@id":"https:\/\/marcelolopes.jor.br\/site\/2021\/04\/17\/carreta-tomba-no-trevo-e-interdita-parte-da-estrada-cataguases-leopoldina\/#breadcrumb"},"inLanguage":"pt-BR","potentialAction":[{"@type":"ReadAction","target":["https:\/\/marcelolopes.jor.br\/site\/2021\/04\/17\/carreta-tomba-no-trevo-e-interdita-parte-da-estrada-cataguases-leopoldina\/"]}]},{"@type":"ImageObject","inLanguage":"pt-BR","@id":"https:\/\/marcelolopes.jor.br\/site\/2021\/04\/17\/carreta-tomba-no-trevo-e-interdita-parte-da-estrada-cataguases-leopoldina\/#primaryimage","url":"https:\/\/marcelolopes.jor.br\/site\/wp-content\/uploads\/2021\/04\/IMG_8079.jpeg","contentUrl":"https:\/\/marcelolopes.jor.br\/site\/wp-content\/uploads\/2021\/04\/IMG_8079.jpeg","width":800,"height":450},{"@type":"BreadcrumbList","@id":"https:\/\/marcelolopes.jor.br\/site\/2021\/04\/17\/carreta-tomba-no-trevo-e-interdita-parte-da-estrada-cataguases-leopoldina\/#breadcrumb","itemListElement":[{"@type":"ListItem","position":1,"name":"Home","item":"https:\/\/marcelolopes.jor.br\/site\/"},{"@type":"ListItem","position":2,"name":"Carreta tomba no trevo e interdita parte da estrada Cataguases-Leopoldina"}]},{"@type":"WebSite","@id":"https:\/\/marcelolopes.jor.br\/site\/#website","url":"https:\/\/marcelolopes.jor.br\/site\/","name":"Marcelo Lopes","description":"Not\u00edcias de Cataguases e Regi\u00e3o","publisher":{"@id":"https:\/\/marcelolopes.jor.br\/site\/#organization"},"potentialAction":[{"@type":"SearchAction","target":{"@type":"EntryPoint","urlTemplate":"https:\/\/marcelolopes.jor.br\/site\/?s={search_term_string}"},"query-input":{"@type":"PropertyValueSpecification","valueRequired":true,"valueName":"search_term_string"}}],"inLanguage":"pt-BR"},{"@type":"Organization","@id":"https:\/\/marcelolopes.jor.br\/site\/#organization","name":"Site do Marcelo Lopes","url":"https:\/\/marcelolopes.jor.br\/site\/","logo":{"@type":"ImageObject","inLanguage":"pt-BR","@id":"https:\/\/marcelolopes.jor.br\/site\/#\/schema\/logo\/image\/","url":"https:\/\/marcelolopes.jor.br\/site\/wp-content\/uploads\/2024\/11\/logo-1.png","contentUrl":"https:\/\/marcelolopes.jor.br\/site\/wp-content\/uploads\/2024\/11\/logo-1.png","width":475,"height":80,"caption":"Site do Marcelo Lopes"},"image":{"@id":"https:\/\/marcelolopes.jor.br\/site\/#\/schema\/logo\/image\/"},"sameAs":["https:\/\/www.facebook.com\/sitedomarcelolopes","https:\/\/www.instagram.com\/sitedomarcelolopes\/","https:\/\/www.linkedin.com\/company\/site-do-marcelo-lopes\/","https:\/\/www.youtube.com\/user\/marcelolopes957"]},{"@type":"Person","@id":"https:\/\/marcelolopes.jor.br\/site\/#\/schema\/person\/3e7216a35c34d8fdf952b31da3d1f89f","name":"Marcelo Lopes","sameAs":["http:\/\/www.marcelolopes.jor.br"],"url":"https:\/\/marcelolopes.jor.br\/site\/author\/marcelo\/"}]}},"wps_subtitle":"Acidente aconteceu por volta das 7h deste s\u00e1bado, 17, e motorista saiu ileso.","_links":{"self":[{"href":"https:\/\/marcelolopes.jor.br\/site\/wp-json\/wp\/v2\/posts\/23047","targetHints":{"allow":["GET"]}}],"collection":[{"href":"https:\/\/marcelolopes.jor.br\/site\/wp-json\/wp\/v2\/posts"}],"about":[{"href":"https:\/\/marcelolopes.jor.br\/site\/wp-json\/wp\/v2\/types\/post"}],"author":[{"embeddable":true,"href":"https:\/\/marcelolopes.jor.br\/site\/wp-json\/wp\/v2\/users\/2"}],"replies":[{"embeddable":true,"href":"https:\/\/marcelolopes.jor.br\/site\/wp-json\/wp\/v2\/comments?post=23047"}],"version-history":[{"count":0,"href":"https:\/\/marcelolopes.jor.br\/site\/wp-json\/wp\/v2\/posts\/23047\/revisions"}],"wp:featuredmedia":[{"embeddable":true,"href":"https:\/\/marcelolopes.jor.br\/site\/wp-json\/wp\/v2\/media\/23049"}],"wp:attachment":[{"href":"https:\/\/marcelolopes.jor.br\/site\/wp-json\/wp\/v2\/media?parent=23047"}],"wp:term":[{"taxonomy":"category","embeddable":true,"href":"https:\/\/marcelolopes.jor.br\/site\/wp-json\/wp\/v2\/categories?post=23047"},{"taxonomy":"post_tag","embeddable":true,"href":"https:\/\/marcelolopes.jor.br\/site\/wp-json\/wp\/v2\/tags?post=23047"}],"curies":[{"name":"wp","href":"https:\/\/api.w.org\/{rel}","templated":true}]}}