{"id":22966,"date":"2021-04-14T12:00:59","date_gmt":"2021-04-14T15:00:59","guid":{"rendered":"https:\/\/marcelolopes.jor.br\/?p=22966"},"modified":"2021-04-14T11:46:14","modified_gmt":"2021-04-14T14:46:14","slug":"sebrae-vai-realizar-processo-seletivo-em-cataguases","status":"publish","type":"post","link":"https:\/\/marcelolopes.jor.br\/site\/2021\/04\/14\/sebrae-vai-realizar-processo-seletivo-em-cataguases\/","title":{"rendered":"SEBRAE vai realizar processo seletivo em Cataguases"},"content":{"rendered":"<p style=\"text-align: justify;\">O Servi\u00e7o de Apoio \u00e0s Micro e Pequenas Empresas de Minas Gerais (SEBRAE\/MG), vai realizar processo seletivo para contrata\u00e7\u00e3o de um profissional para o cargo de Assistente 1. A vaga \u00e9 para trabalhar na unidade em Cataguases e, al\u00e9m disso, o procedimento poder\u00e1 formar tamb\u00e9m, cadastro reserva para ser utilizado conforme demanda futura.<!--more--><\/p>\n<p style=\"text-align: justify;\"><a href=\"http:\/\/wa.me\/553234211213\"><img loading=\"lazy\" decoding=\"async\" class=\"aligncenter wp-image-22910 size-full\" src=\"https:\/\/marcelolopes.jor.br\/site\/wp-content\/uploads\/2021\/04\/Banner-Marcelo-Lopes-6.gif\" alt=\"\" width=\"800\" height=\"214\" \/><\/a>Interessados dever\u00e3o ter o Ensino M\u00e9dio completo, experi\u00eancia com rotinas administrativas e no atendimento ao cliente, conhecimento da realidade das MPEs, CNH categoria B &#8211; Permanente, dom\u00ednio em inform\u00e1tica &#8211; pacote Office, disponibilidade para atendimento interno e externo, disponibilidade para viagens e disponibilidade para residir em Cataguases. O sal\u00e1rio \u00e9 de R$ 2.124,60 e a jornada de trabalho de 40 horas semanais. O contrato ser\u00e1 por tempo indeterminado.<\/p>\n<p style=\"text-align: justify;\">Os candidatos aprovados neste processo seletivo que n\u00e3o forem convocados imediatamente, poder\u00e3o compor Banco de Reserva para as seguintes cidades: Barbacena, Cataguases, Juiz de Fora, Manhua\u00e7u, Muria\u00e9, Ponte Nova, S\u00e3o Jo\u00e3o Del Rei, Ub\u00e1 e\/ou Vi\u00e7osa.<\/p>\n<p>O SEBRAE\/MG oferece, al\u00e9m do sal\u00e1rio, os seguintes benef\u00edcios, mediante a observ\u00e2ncia de suas normas internas:<\/p>\n<p>* Aux\u00edlio-Alimenta\u00e7\u00e3o\/Refei\u00e7\u00e3o<br \/>\n* Aux\u00edlio-Educa\u00e7\u00e3o\/Material escolar (para filhos at\u00e9 ensino m\u00e9dio)<br \/>\n* Bolsa de Estudos (gradua\u00e7\u00e3o, p\u00f3s-gradua\u00e7\u00e3o e idiomas)<br \/>\n* Previd\u00eancia privada<br \/>\n* Plano de Sa\u00fade\/Odontol\u00f3gico<br \/>\n* Seguro de Vida<\/p>\n<p>As inscri\u00e7\u00f5es podem ser realizadas at\u00e9 o dia 19\/04\/2021 clicando <a href=\"https:\/\/www.sebrae.com.br\/sites\/PortalSebrae\/ufs\/mg\/sebraeaz\/ex02621-assistente-i-cataguases,7b7744ec308b8710VgnVCM100000d701210aRCRD\"><strong><span style=\"color: #800080;\">aqui.<\/span><\/strong><\/a><\/p>\n<p style=\"text-align: justify;\">As provas de conhecimentos ser\u00e3o aplicadas em data a ser confirmada. Os aprovados ainda v\u00e3o passar por avalia\u00e7\u00e3o coletiva de habilidades e perfil, entrevista e exame admissional e an\u00e1lise documental.<\/p>\n<p>Confira o edital completo <a href=\"https:\/\/www.sebraemg.com.br\/diversos\/web\/selecao\/2021\/EX026_21%20-%20Assistente%20I%20-%20Cataguases\/EX026_21%20-%20Assistente%20I%20-%20Cataguases%20-%20Comunicado%20de%20Abertura%20de%20Vaga.pdf\"><strong><span style=\"color: #800080;\">aqui<\/span><\/strong><\/a>.<\/p>\n<p>Fonte: Guia Muria\u00e9 | Foto: Arquivo<\/p>\n<div class=\"gmnec69f77dcfe69da\" ><br><\/div><style type=\"text\/css\">\r\n@media screen and (min-width: 1201px) {\r\n.gmnec69f77dcfe69da {\r\ndisplay: block;\r\n}\r\n}\r\n@media screen and (min-width: 993px) and (max-width: 1200px) {\r\n.gmnec69f77dcfe69da {\r\ndisplay: block;\r\n}\r\n}\r\n@media screen and (min-width: 769px) and (max-width: 992px) {\r\n.gmnec69f77dcfe69da {\r\ndisplay: block;\r\n}\r\n}\r\n@media screen and (min-width: 768px) and (max-width: 768px) {\r\n.gmnec69f77dcfe69da {\r\ndisplay: block;\r\n}\r\n}\r\n@media screen and (max-width: 767px) {\r\n.gmnec69f77dcfe69da {\r\ndisplay: block;\r\n}\r\n}\r\n<\/style>\r\n<div class=\"ogfhl69f77dcfec8ab\" ><div id=\"div_destino\"><\/div>\r\n<script src=\"https:\/\/cdn.snsrsv.com\/sdk.js\"><\/script>\r\n<script >\r\n      new sdk(\"464030C30061EA8BE065000000000001\") \r\n          .appendTo(\"div_destino\")\r\n          .disableStyle(true) \r\n          .setCacheBusterMacro(\"%%CACHEBUSTER%%\")\r\n          .setSize(\"800\",\"214\")\r\n          .setClickMacro(\"%%CLICK_URL_ESC%%\") \r\n          .setReferrerUrlMacro(\"%%REFERRER_URL_ESC%%\") \r\n          .start(); \r\n<\/script><\/div><style type=\"text\/css\">\r\n@media screen and (min-width: 1201px) {\r\n.ogfhl69f77dcfec8ab {\r\ndisplay: block;\r\n}\r\n}\r\n@media screen and (min-width: 993px) and (max-width: 1200px) {\r\n.ogfhl69f77dcfec8ab {\r\ndisplay: block;\r\n}\r\n}\r\n@media screen and (min-width: 769px) and (max-width: 992px) {\r\n.ogfhl69f77dcfec8ab {\r\ndisplay: block;\r\n}\r\n}\r\n@media screen and (min-width: 768px) and (max-width: 768px) {\r\n.ogfhl69f77dcfec8ab {\r\ndisplay: block;\r\n}\r\n}\r\n@media screen and (max-width: 767px) {\r\n.ogfhl69f77dcfec8ab {\r\ndisplay: block;\r\n}\r\n}\r\n<\/style>\r\n","protected":false},"excerpt":{"rendered":"<p>O Servi\u00e7o de Apoio \u00e0s Micro e Pequenas Empresas de Minas Gerais (SEBRAE\/MG), vai realizar processo seletivo para contrata\u00e7\u00e3o de um profissional para o cargo de Assistente 1. A vaga \u00e9 para trabalhar na unidade em Cataguases e, al\u00e9m disso,<\/p>\n<p class=\"link-more\"><a class=\"more-link\" href=\"https:\/\/marcelolopes.jor.br\/site\/2021\/04\/14\/sebrae-vai-realizar-processo-seletivo-em-cataguases\/\">Leia mais <span class=\"screen-reader-text\">SEBRAE vai realizar processo seletivo em Cataguases<\/span><\/a><\/p>\n","protected":false},"author":2,"featured_media":4340,"comment_status":"open","ping_status":"open","sticky":false,"template":"","format":"standard","meta":{"footnotes":""},"categories":[1],"tags":[483,159,2398,3910],"class_list":["post-22966","post","type-post","status-publish","format-standard","has-post-thumbnail","hentry","category-noticias","tag-emprego","tag-processo-seletivo","tag-sebrae","tag-vaga-de-trabalho","thumb-below-title"],"yoast_head":"<!-- This site is optimized with the Yoast SEO plugin v27.4 - https:\/\/yoast.com\/product\/yoast-seo-wordpress\/ -->\n<title>SEBRAE vai realizar processo seletivo em Cataguases | Marcelo Lopes<\/title>\n<meta name=\"robots\" content=\"index, follow, max-snippet:-1, max-image-preview:large, max-video-preview:-1\" \/>\n<link rel=\"canonical\" href=\"https:\/\/marcelolopes.jor.br\/site\/2021\/04\/14\/sebrae-vai-realizar-processo-seletivo-em-cataguases\/\" \/>\n<meta property=\"og:locale\" content=\"pt_BR\" \/>\n<meta property=\"og:type\" content=\"article\" \/>\n<meta property=\"og:title\" content=\"SEBRAE vai realizar processo seletivo em Cataguases | Marcelo Lopes\" \/>\n<meta property=\"og:description\" content=\"O Servi\u00e7o de Apoio \u00e0s Micro e Pequenas Empresas de Minas Gerais (SEBRAE\/MG), vai realizar processo seletivo para contrata\u00e7\u00e3o de um profissional para o cargo de Assistente 1. A vaga \u00e9 para trabalhar na unidade em Cataguases e, al\u00e9m disso,Leia mais SEBRAE vai realizar processo seletivo em Cataguases\" \/>\n<meta property=\"og:url\" content=\"https:\/\/marcelolopes.jor.br\/site\/2021\/04\/14\/sebrae-vai-realizar-processo-seletivo-em-cataguases\/\" \/>\n<meta property=\"og:site_name\" content=\"Marcelo Lopes\" \/>\n<meta property=\"article:publisher\" content=\"https:\/\/www.facebook.com\/sitedomarcelolopes\" \/>\n<meta property=\"article:published_time\" content=\"2021-04-14T15:00:59+00:00\" \/>\n<meta property=\"og:image\" content=\"https:\/\/marcelolopes.jor.br\/site\/wp-content\/uploads\/2019\/08\/Sebrae.jpg\" \/>\n\t<meta property=\"og:image:width\" content=\"614\" \/>\n\t<meta property=\"og:image:height\" content=\"460\" \/>\n\t<meta property=\"og:image:type\" content=\"image\/jpeg\" \/>\n<meta name=\"author\" content=\"Marcelo Lopes\" \/>\n<meta name=\"twitter:card\" content=\"summary_large_image\" \/>\n<meta name=\"twitter:label1\" content=\"Escrito por\" \/>\n\t<meta name=\"twitter:data1\" content=\"Marcelo Lopes\" \/>\n\t<meta name=\"twitter:label2\" content=\"Est. tempo de leitura\" \/>\n\t<meta name=\"twitter:data2\" content=\"1 minuto\" \/>\n<script type=\"application\/ld+json\" class=\"yoast-schema-graph\">{\"@context\":\"https:\\\/\\\/schema.org\",\"@graph\":[{\"@type\":\"NewsArticle\",\"@id\":\"https:\\\/\\\/marcelolopes.jor.br\\\/site\\\/2021\\\/04\\\/14\\\/sebrae-vai-realizar-processo-seletivo-em-cataguases\\\/#article\",\"isPartOf\":{\"@id\":\"https:\\\/\\\/marcelolopes.jor.br\\\/site\\\/2021\\\/04\\\/14\\\/sebrae-vai-realizar-processo-seletivo-em-cataguases\\\/\"},\"author\":{\"name\":\"Marcelo Lopes\",\"@id\":\"https:\\\/\\\/marcelolopes.jor.br\\\/site\\\/#\\\/schema\\\/person\\\/3e7216a35c34d8fdf952b31da3d1f89f\"},\"headline\":\"SEBRAE vai realizar processo seletivo em Cataguases\",\"datePublished\":\"2021-04-14T15:00:59+00:00\",\"mainEntityOfPage\":{\"@id\":\"https:\\\/\\\/marcelolopes.jor.br\\\/site\\\/2021\\\/04\\\/14\\\/sebrae-vai-realizar-processo-seletivo-em-cataguases\\\/\"},\"wordCount\":291,\"commentCount\":0,\"publisher\":{\"@id\":\"https:\\\/\\\/marcelolopes.jor.br\\\/site\\\/#organization\"},\"image\":{\"@id\":\"https:\\\/\\\/marcelolopes.jor.br\\\/site\\\/2021\\\/04\\\/14\\\/sebrae-vai-realizar-processo-seletivo-em-cataguases\\\/#primaryimage\"},\"thumbnailUrl\":\"https:\\\/\\\/marcelolopes.jor.br\\\/site\\\/wp-content\\\/uploads\\\/2019\\\/08\\\/Sebrae.jpg\",\"keywords\":[\"emprego\",\"processo seletivo\",\"Sebrae\",\"vaga de trabalho\"],\"articleSection\":[\"Not\u00edcias\"],\"inLanguage\":\"pt-BR\",\"potentialAction\":[{\"@type\":\"CommentAction\",\"name\":\"Comment\",\"target\":[\"https:\\\/\\\/marcelolopes.jor.br\\\/site\\\/2021\\\/04\\\/14\\\/sebrae-vai-realizar-processo-seletivo-em-cataguases\\\/#respond\"]}]},{\"@type\":\"WebPage\",\"@id\":\"https:\\\/\\\/marcelolopes.jor.br\\\/site\\\/2021\\\/04\\\/14\\\/sebrae-vai-realizar-processo-seletivo-em-cataguases\\\/\",\"url\":\"https:\\\/\\\/marcelolopes.jor.br\\\/site\\\/2021\\\/04\\\/14\\\/sebrae-vai-realizar-processo-seletivo-em-cataguases\\\/\",\"name\":\"SEBRAE vai realizar processo seletivo em Cataguases | Marcelo Lopes\",\"isPartOf\":{\"@id\":\"https:\\\/\\\/marcelolopes.jor.br\\\/site\\\/#website\"},\"primaryImageOfPage\":{\"@id\":\"https:\\\/\\\/marcelolopes.jor.br\\\/site\\\/2021\\\/04\\\/14\\\/sebrae-vai-realizar-processo-seletivo-em-cataguases\\\/#primaryimage\"},\"image\":{\"@id\":\"https:\\\/\\\/marcelolopes.jor.br\\\/site\\\/2021\\\/04\\\/14\\\/sebrae-vai-realizar-processo-seletivo-em-cataguases\\\/#primaryimage\"},\"thumbnailUrl\":\"https:\\\/\\\/marcelolopes.jor.br\\\/site\\\/wp-content\\\/uploads\\\/2019\\\/08\\\/Sebrae.jpg\",\"datePublished\":\"2021-04-14T15:00:59+00:00\",\"breadcrumb\":{\"@id\":\"https:\\\/\\\/marcelolopes.jor.br\\\/site\\\/2021\\\/04\\\/14\\\/sebrae-vai-realizar-processo-seletivo-em-cataguases\\\/#breadcrumb\"},\"inLanguage\":\"pt-BR\",\"potentialAction\":[{\"@type\":\"ReadAction\",\"target\":[\"https:\\\/\\\/marcelolopes.jor.br\\\/site\\\/2021\\\/04\\\/14\\\/sebrae-vai-realizar-processo-seletivo-em-cataguases\\\/\"]}]},{\"@type\":\"ImageObject\",\"inLanguage\":\"pt-BR\",\"@id\":\"https:\\\/\\\/marcelolopes.jor.br\\\/site\\\/2021\\\/04\\\/14\\\/sebrae-vai-realizar-processo-seletivo-em-cataguases\\\/#primaryimage\",\"url\":\"https:\\\/\\\/marcelolopes.jor.br\\\/site\\\/wp-content\\\/uploads\\\/2019\\\/08\\\/Sebrae.jpg\",\"contentUrl\":\"https:\\\/\\\/marcelolopes.jor.br\\\/site\\\/wp-content\\\/uploads\\\/2019\\\/08\\\/Sebrae.jpg\",\"width\":614,\"height\":460},{\"@type\":\"BreadcrumbList\",\"@id\":\"https:\\\/\\\/marcelolopes.jor.br\\\/site\\\/2021\\\/04\\\/14\\\/sebrae-vai-realizar-processo-seletivo-em-cataguases\\\/#breadcrumb\",\"itemListElement\":[{\"@type\":\"ListItem\",\"position\":1,\"name\":\"Home\",\"item\":\"https:\\\/\\\/marcelolopes.jor.br\\\/site\\\/\"},{\"@type\":\"ListItem\",\"position\":2,\"name\":\"SEBRAE vai realizar processo seletivo em Cataguases\"}]},{\"@type\":\"WebSite\",\"@id\":\"https:\\\/\\\/marcelolopes.jor.br\\\/site\\\/#website\",\"url\":\"https:\\\/\\\/marcelolopes.jor.br\\\/site\\\/\",\"name\":\"Marcelo Lopes\",\"description\":\"Not\u00edcias de Cataguases e Regi\u00e3o\",\"publisher\":{\"@id\":\"https:\\\/\\\/marcelolopes.jor.br\\\/site\\\/#organization\"},\"potentialAction\":[{\"@type\":\"SearchAction\",\"target\":{\"@type\":\"EntryPoint\",\"urlTemplate\":\"https:\\\/\\\/marcelolopes.jor.br\\\/site\\\/?s={search_term_string}\"},\"query-input\":{\"@type\":\"PropertyValueSpecification\",\"valueRequired\":true,\"valueName\":\"search_term_string\"}}],\"inLanguage\":\"pt-BR\"},{\"@type\":\"Organization\",\"@id\":\"https:\\\/\\\/marcelolopes.jor.br\\\/site\\\/#organization\",\"name\":\"Site do Marcelo Lopes\",\"url\":\"https:\\\/\\\/marcelolopes.jor.br\\\/site\\\/\",\"logo\":{\"@type\":\"ImageObject\",\"inLanguage\":\"pt-BR\",\"@id\":\"https:\\\/\\\/marcelolopes.jor.br\\\/site\\\/#\\\/schema\\\/logo\\\/image\\\/\",\"url\":\"https:\\\/\\\/marcelolopes.jor.br\\\/site\\\/wp-content\\\/uploads\\\/2024\\\/11\\\/logo-1.png\",\"contentUrl\":\"https:\\\/\\\/marcelolopes.jor.br\\\/site\\\/wp-content\\\/uploads\\\/2024\\\/11\\\/logo-1.png\",\"width\":475,\"height\":80,\"caption\":\"Site do Marcelo Lopes\"},\"image\":{\"@id\":\"https:\\\/\\\/marcelolopes.jor.br\\\/site\\\/#\\\/schema\\\/logo\\\/image\\\/\"},\"sameAs\":[\"https:\\\/\\\/www.facebook.com\\\/sitedomarcelolopes\",\"https:\\\/\\\/www.instagram.com\\\/sitedomarcelolopes\\\/\",\"https:\\\/\\\/www.linkedin.com\\\/company\\\/site-do-marcelo-lopes\\\/\",\"https:\\\/\\\/www.youtube.com\\\/user\\\/marcelolopes957\"]},{\"@type\":\"Person\",\"@id\":\"https:\\\/\\\/marcelolopes.jor.br\\\/site\\\/#\\\/schema\\\/person\\\/3e7216a35c34d8fdf952b31da3d1f89f\",\"name\":\"Marcelo Lopes\",\"sameAs\":[\"http:\\\/\\\/www.marcelolopes.jor.br\"],\"url\":\"https:\\\/\\\/marcelolopes.jor.br\\\/site\\\/author\\\/marcelo\\\/\"}]}<\/script>\n<!-- \/ Yoast SEO plugin. -->","yoast_head_json":{"title":"SEBRAE vai realizar processo seletivo em Cataguases | Marcelo Lopes","robots":{"index":"index","follow":"follow","max-snippet":"max-snippet:-1","max-image-preview":"max-image-preview:large","max-video-preview":"max-video-preview:-1"},"canonical":"https:\/\/marcelolopes.jor.br\/site\/2021\/04\/14\/sebrae-vai-realizar-processo-seletivo-em-cataguases\/","og_locale":"pt_BR","og_type":"article","og_title":"SEBRAE vai realizar processo seletivo em Cataguases | Marcelo Lopes","og_description":"O Servi\u00e7o de Apoio \u00e0s Micro e Pequenas Empresas de Minas Gerais (SEBRAE\/MG), vai realizar processo seletivo para contrata\u00e7\u00e3o de um profissional para o cargo de Assistente 1. A vaga \u00e9 para trabalhar na unidade em Cataguases e, al\u00e9m disso,Leia mais SEBRAE vai realizar processo seletivo em Cataguases","og_url":"https:\/\/marcelolopes.jor.br\/site\/2021\/04\/14\/sebrae-vai-realizar-processo-seletivo-em-cataguases\/","og_site_name":"Marcelo Lopes","article_publisher":"https:\/\/www.facebook.com\/sitedomarcelolopes","article_published_time":"2021-04-14T15:00:59+00:00","og_image":[{"width":614,"height":460,"url":"https:\/\/marcelolopes.jor.br\/site\/wp-content\/uploads\/2019\/08\/Sebrae.jpg","type":"image\/jpeg"}],"author":"Marcelo Lopes","twitter_card":"summary_large_image","twitter_misc":{"Escrito por":"Marcelo Lopes","Est. tempo de leitura":"1 minuto"},"schema":{"@context":"https:\/\/schema.org","@graph":[{"@type":"NewsArticle","@id":"https:\/\/marcelolopes.jor.br\/site\/2021\/04\/14\/sebrae-vai-realizar-processo-seletivo-em-cataguases\/#article","isPartOf":{"@id":"https:\/\/marcelolopes.jor.br\/site\/2021\/04\/14\/sebrae-vai-realizar-processo-seletivo-em-cataguases\/"},"author":{"name":"Marcelo Lopes","@id":"https:\/\/marcelolopes.jor.br\/site\/#\/schema\/person\/3e7216a35c34d8fdf952b31da3d1f89f"},"headline":"SEBRAE vai realizar processo seletivo em Cataguases","datePublished":"2021-04-14T15:00:59+00:00","mainEntityOfPage":{"@id":"https:\/\/marcelolopes.jor.br\/site\/2021\/04\/14\/sebrae-vai-realizar-processo-seletivo-em-cataguases\/"},"wordCount":291,"commentCount":0,"publisher":{"@id":"https:\/\/marcelolopes.jor.br\/site\/#organization"},"image":{"@id":"https:\/\/marcelolopes.jor.br\/site\/2021\/04\/14\/sebrae-vai-realizar-processo-seletivo-em-cataguases\/#primaryimage"},"thumbnailUrl":"https:\/\/marcelolopes.jor.br\/site\/wp-content\/uploads\/2019\/08\/Sebrae.jpg","keywords":["emprego","processo seletivo","Sebrae","vaga de trabalho"],"articleSection":["Not\u00edcias"],"inLanguage":"pt-BR","potentialAction":[{"@type":"CommentAction","name":"Comment","target":["https:\/\/marcelolopes.jor.br\/site\/2021\/04\/14\/sebrae-vai-realizar-processo-seletivo-em-cataguases\/#respond"]}]},{"@type":"WebPage","@id":"https:\/\/marcelolopes.jor.br\/site\/2021\/04\/14\/sebrae-vai-realizar-processo-seletivo-em-cataguases\/","url":"https:\/\/marcelolopes.jor.br\/site\/2021\/04\/14\/sebrae-vai-realizar-processo-seletivo-em-cataguases\/","name":"SEBRAE vai realizar processo seletivo em Cataguases | Marcelo Lopes","isPartOf":{"@id":"https:\/\/marcelolopes.jor.br\/site\/#website"},"primaryImageOfPage":{"@id":"https:\/\/marcelolopes.jor.br\/site\/2021\/04\/14\/sebrae-vai-realizar-processo-seletivo-em-cataguases\/#primaryimage"},"image":{"@id":"https:\/\/marcelolopes.jor.br\/site\/2021\/04\/14\/sebrae-vai-realizar-processo-seletivo-em-cataguases\/#primaryimage"},"thumbnailUrl":"https:\/\/marcelolopes.jor.br\/site\/wp-content\/uploads\/2019\/08\/Sebrae.jpg","datePublished":"2021-04-14T15:00:59+00:00","breadcrumb":{"@id":"https:\/\/marcelolopes.jor.br\/site\/2021\/04\/14\/sebrae-vai-realizar-processo-seletivo-em-cataguases\/#breadcrumb"},"inLanguage":"pt-BR","potentialAction":[{"@type":"ReadAction","target":["https:\/\/marcelolopes.jor.br\/site\/2021\/04\/14\/sebrae-vai-realizar-processo-seletivo-em-cataguases\/"]}]},{"@type":"ImageObject","inLanguage":"pt-BR","@id":"https:\/\/marcelolopes.jor.br\/site\/2021\/04\/14\/sebrae-vai-realizar-processo-seletivo-em-cataguases\/#primaryimage","url":"https:\/\/marcelolopes.jor.br\/site\/wp-content\/uploads\/2019\/08\/Sebrae.jpg","contentUrl":"https:\/\/marcelolopes.jor.br\/site\/wp-content\/uploads\/2019\/08\/Sebrae.jpg","width":614,"height":460},{"@type":"BreadcrumbList","@id":"https:\/\/marcelolopes.jor.br\/site\/2021\/04\/14\/sebrae-vai-realizar-processo-seletivo-em-cataguases\/#breadcrumb","itemListElement":[{"@type":"ListItem","position":1,"name":"Home","item":"https:\/\/marcelolopes.jor.br\/site\/"},{"@type":"ListItem","position":2,"name":"SEBRAE vai realizar processo seletivo em Cataguases"}]},{"@type":"WebSite","@id":"https:\/\/marcelolopes.jor.br\/site\/#website","url":"https:\/\/marcelolopes.jor.br\/site\/","name":"Marcelo Lopes","description":"Not\u00edcias de Cataguases e Regi\u00e3o","publisher":{"@id":"https:\/\/marcelolopes.jor.br\/site\/#organization"},"potentialAction":[{"@type":"SearchAction","target":{"@type":"EntryPoint","urlTemplate":"https:\/\/marcelolopes.jor.br\/site\/?s={search_term_string}"},"query-input":{"@type":"PropertyValueSpecification","valueRequired":true,"valueName":"search_term_string"}}],"inLanguage":"pt-BR"},{"@type":"Organization","@id":"https:\/\/marcelolopes.jor.br\/site\/#organization","name":"Site do Marcelo Lopes","url":"https:\/\/marcelolopes.jor.br\/site\/","logo":{"@type":"ImageObject","inLanguage":"pt-BR","@id":"https:\/\/marcelolopes.jor.br\/site\/#\/schema\/logo\/image\/","url":"https:\/\/marcelolopes.jor.br\/site\/wp-content\/uploads\/2024\/11\/logo-1.png","contentUrl":"https:\/\/marcelolopes.jor.br\/site\/wp-content\/uploads\/2024\/11\/logo-1.png","width":475,"height":80,"caption":"Site do Marcelo Lopes"},"image":{"@id":"https:\/\/marcelolopes.jor.br\/site\/#\/schema\/logo\/image\/"},"sameAs":["https:\/\/www.facebook.com\/sitedomarcelolopes","https:\/\/www.instagram.com\/sitedomarcelolopes\/","https:\/\/www.linkedin.com\/company\/site-do-marcelo-lopes\/","https:\/\/www.youtube.com\/user\/marcelolopes957"]},{"@type":"Person","@id":"https:\/\/marcelolopes.jor.br\/site\/#\/schema\/person\/3e7216a35c34d8fdf952b31da3d1f89f","name":"Marcelo Lopes","sameAs":["http:\/\/www.marcelolopes.jor.br"],"url":"https:\/\/marcelolopes.jor.br\/site\/author\/marcelo\/"}]}},"wps_subtitle":"Inscri\u00e7\u00f5es v\u00e3o at\u00e9 o dia 19 de abril para preenchimento de uma vaga.","_links":{"self":[{"href":"https:\/\/marcelolopes.jor.br\/site\/wp-json\/wp\/v2\/posts\/22966","targetHints":{"allow":["GET"]}}],"collection":[{"href":"https:\/\/marcelolopes.jor.br\/site\/wp-json\/wp\/v2\/posts"}],"about":[{"href":"https:\/\/marcelolopes.jor.br\/site\/wp-json\/wp\/v2\/types\/post"}],"author":[{"embeddable":true,"href":"https:\/\/marcelolopes.jor.br\/site\/wp-json\/wp\/v2\/users\/2"}],"replies":[{"embeddable":true,"href":"https:\/\/marcelolopes.jor.br\/site\/wp-json\/wp\/v2\/comments?post=22966"}],"version-history":[{"count":0,"href":"https:\/\/marcelolopes.jor.br\/site\/wp-json\/wp\/v2\/posts\/22966\/revisions"}],"wp:featuredmedia":[{"embeddable":true,"href":"https:\/\/marcelolopes.jor.br\/site\/wp-json\/wp\/v2\/media\/4340"}],"wp:attachment":[{"href":"https:\/\/marcelolopes.jor.br\/site\/wp-json\/wp\/v2\/media?parent=22966"}],"wp:term":[{"taxonomy":"category","embeddable":true,"href":"https:\/\/marcelolopes.jor.br\/site\/wp-json\/wp\/v2\/categories?post=22966"},{"taxonomy":"post_tag","embeddable":true,"href":"https:\/\/marcelolopes.jor.br\/site\/wp-json\/wp\/v2\/tags?post=22966"}],"curies":[{"name":"wp","href":"https:\/\/api.w.org\/{rel}","templated":true}]}}