{"id":22825,"date":"2021-04-08T07:00:46","date_gmt":"2021-04-08T10:00:46","guid":{"rendered":"https:\/\/marcelolopes.jor.br\/?p=22825"},"modified":"2021-04-07T17:56:02","modified_gmt":"2021-04-07T20:56:02","slug":"igreja-em-leopoldina-sera-elevada-a-santuario-dedicado-a-sao-jose","status":"publish","type":"post","link":"https:\/\/marcelolopes.jor.br\/site\/2021\/04\/08\/igreja-em-leopoldina-sera-elevada-a-santuario-dedicado-a-sao-jose\/","title":{"rendered":"Igreja em Leopoldina ser\u00e1 elevada a santu\u00e1rio dedicado a S\u00e3o Jos\u00e9"},"content":{"rendered":"<p style=\"text-align: justify;\">O bispo da Diocese de Leopoldina, Dom Edson Oriolo, comunicou sua decis\u00e3o de elevar a Igreja Matriz S\u00e3o Jos\u00e9 Oper\u00e1rio de Leopoldina a Santu\u00e1rio Diocesano. A instala\u00e7\u00e3o do novo santu\u00e1rio acontecer\u00e1 em Celebra\u00e7\u00e3o Solene marcada para o dia 08 de dezembro de 2021, Solenidade da Imaculada Concei\u00e7\u00e3o e Encerramento do &#8216;Ano de S\u00e3o Jos\u00e9&#8217;.<!--more--><\/p>\n<p style=\"text-align: justify;\"><a href=\"http:\/\/wwwagenciaram.com.br\"><img loading=\"lazy\" decoding=\"async\" class=\"aligncenter wp-image-22340 size-full\" src=\"https:\/\/marcelolopes.jor.br\/site\/wp-content\/uploads\/2021\/03\/WhatsApp-Image-2021-03-18-at-15.53.45.jpeg\" alt=\"\" width=\"800\" height=\"214\" srcset=\"https:\/\/marcelolopes.jor.br\/site\/wp-content\/uploads\/2021\/03\/WhatsApp-Image-2021-03-18-at-15.53.45.jpeg 800w, https:\/\/marcelolopes.jor.br\/site\/wp-content\/uploads\/2021\/03\/WhatsApp-Image-2021-03-18-at-15.53.45-300x80.jpeg 300w, https:\/\/marcelolopes.jor.br\/site\/wp-content\/uploads\/2021\/03\/WhatsApp-Image-2021-03-18-at-15.53.45-768x205.jpeg 768w\" sizes=\"auto, (max-width: 800px) 100vw, 800px\" \/><\/a>H\u00e1 150 anos, S\u00e3o Jos\u00e9 foi declarado padroeiro universal da Igreja, atrav\u00e9s do decreto assinado pelo Papa Pio IX, em 8 de dezembro de 1870. Para celebrar essa data, o papa Francisco instituiu o &#8216;Ano de S\u00e3o Jos\u00e9&#8217;, convidando os cat\u00f3licos a refletirem melhor sobre a vida do pai de Jesus Cristo. Dessa forma, definiu a partir do dia 08 de dezembro de 2020, at\u00e9 a mesma data do ano seguinte, como um tempo santo de indulg\u00eancias e venera\u00e7\u00e3o ao culto de S\u00e3o Jos\u00e9.<\/p>\n<p style=\"text-align: justify;\"><img loading=\"lazy\" decoding=\"async\" class=\"alignright wp-image-22829\" src=\"https:\/\/marcelolopes.jor.br\/site\/wp-content\/uploads\/2021\/04\/WhatsApp-Image-2021-04-07-at-11.53.34.jpeg\" alt=\"\" width=\"150\" height=\"187\" srcset=\"https:\/\/marcelolopes.jor.br\/site\/wp-content\/uploads\/2021\/04\/WhatsApp-Image-2021-04-07-at-11.53.34.jpeg 680w, https:\/\/marcelolopes.jor.br\/site\/wp-content\/uploads\/2021\/04\/WhatsApp-Image-2021-04-07-at-11.53.34-241x300.jpeg 241w\" sizes=\"auto, (max-width: 150px) 100vw, 150px\" \/>Dom Edson (foto ao lado) comentou que foi motivado a criar o Santu\u00e1rio Diocesano S\u00e3o Jos\u00e9 Oper\u00e1rio pela grande devo\u00e7\u00e3o dos fi\u00e9is que visitam o templo, considerado um dos maiores espa\u00e7os lit\u00fargicos da regi\u00e3o, cuja as peculiaridades arquitet\u00f4nicas seguem os mesmos tra\u00e7os da Igreja Santa \u00c1gata, localizada em Boekel, nos Pa\u00edses Baixos (Holanda). Dessa forma, o bispo atende a solicita\u00e7\u00e3o do padre Valtenir Lima e Silva, p\u00e1roco da Par\u00f3quia S\u00e3o Jos\u00e9 Oper\u00e1rio de Leopoldina, que celebrou 70 anos de funda\u00e7\u00e3o recentemente.<\/p>\n<p><img loading=\"lazy\" decoding=\"async\" class=\"alignleft wp-image-22828\" src=\"https:\/\/marcelolopes.jor.br\/site\/wp-content\/uploads\/2021\/04\/WhatsApp-Image-2021-04-07-at-11.53.33-1.jpeg\" alt=\"\" width=\"150\" height=\"176\" srcset=\"https:\/\/marcelolopes.jor.br\/site\/wp-content\/uploads\/2021\/04\/WhatsApp-Image-2021-04-07-at-11.53.33-1.jpeg 800w, https:\/\/marcelolopes.jor.br\/site\/wp-content\/uploads\/2021\/04\/WhatsApp-Image-2021-04-07-at-11.53.33-1-255x300.jpeg 255w, https:\/\/marcelolopes.jor.br\/site\/wp-content\/uploads\/2021\/04\/WhatsApp-Image-2021-04-07-at-11.53.33-1-768x903.jpeg 768w\" sizes=\"auto, (max-width: 150px) 100vw, 150px\" \/>&#8220;Estive com dom Edson em fevereiro deste ano, para apresentar o sonho de nossa comunidade. Nosso bispo acolheu com carinho o pedido, indicando refer\u00eancias sobre a import\u00e2ncia de um santu\u00e1rio. Com isso, estamos trabalhando para vivenciar este momento de gra\u00e7a. O santu\u00e1rio \u00e9 lugar de mem\u00f3ria, da presen\u00e7a de Deus e vida sacramental. Estamos fazendo mem\u00f3ria de nossa f\u00e9, experimentando a presen\u00e7a de Deus e do Povo\u201d, comentou padre Valtenir na foto ao lado.<\/p>\n<div class=\"nfoos69f715b82dd6c\" ><br><\/div><style type=\"text\/css\">\r\n@media screen and (min-width: 1201px) {\r\n.nfoos69f715b82dd6c {\r\ndisplay: block;\r\n}\r\n}\r\n@media screen and (min-width: 993px) and (max-width: 1200px) {\r\n.nfoos69f715b82dd6c {\r\ndisplay: block;\r\n}\r\n}\r\n@media screen and (min-width: 769px) and (max-width: 992px) {\r\n.nfoos69f715b82dd6c {\r\ndisplay: block;\r\n}\r\n}\r\n@media screen and (min-width: 768px) and (max-width: 768px) {\r\n.nfoos69f715b82dd6c {\r\ndisplay: block;\r\n}\r\n}\r\n@media screen and (max-width: 767px) {\r\n.nfoos69f715b82dd6c {\r\ndisplay: block;\r\n}\r\n}\r\n<\/style>\r\n<div class=\"hhvdl69f715b835eab\" ><div id=\"div_destino\"><\/div>\r\n<script src=\"https:\/\/cdn.snsrsv.com\/sdk.js\"><\/script>\r\n<script >\r\n      new sdk(\"464030C30061EA8BE065000000000001\") \r\n          .appendTo(\"div_destino\")\r\n          .disableStyle(true) \r\n          .setCacheBusterMacro(\"%%CACHEBUSTER%%\")\r\n          .setSize(\"800\",\"214\")\r\n          .setClickMacro(\"%%CLICK_URL_ESC%%\") \r\n          .setReferrerUrlMacro(\"%%REFERRER_URL_ESC%%\") \r\n          .start(); \r\n<\/script><\/div><style type=\"text\/css\">\r\n@media screen and (min-width: 1201px) {\r\n.hhvdl69f715b835eab {\r\ndisplay: block;\r\n}\r\n}\r\n@media screen and (min-width: 993px) and (max-width: 1200px) {\r\n.hhvdl69f715b835eab {\r\ndisplay: block;\r\n}\r\n}\r\n@media screen and (min-width: 769px) and (max-width: 992px) {\r\n.hhvdl69f715b835eab {\r\ndisplay: block;\r\n}\r\n}\r\n@media screen and (min-width: 768px) and (max-width: 768px) {\r\n.hhvdl69f715b835eab {\r\ndisplay: block;\r\n}\r\n}\r\n@media screen and (max-width: 767px) {\r\n.hhvdl69f715b835eab {\r\ndisplay: block;\r\n}\r\n}\r\n<\/style>\r\n","protected":false},"excerpt":{"rendered":"<p>O bispo da Diocese de Leopoldina, Dom Edson Oriolo, comunicou sua decis\u00e3o de elevar a Igreja Matriz S\u00e3o Jos\u00e9 Oper\u00e1rio de Leopoldina a Santu\u00e1rio Diocesano. A instala\u00e7\u00e3o do novo santu\u00e1rio acontecer\u00e1 em Celebra\u00e7\u00e3o Solene marcada para o dia 08 de<\/p>\n<p class=\"link-more\"><a class=\"more-link\" href=\"https:\/\/marcelolopes.jor.br\/site\/2021\/04\/08\/igreja-em-leopoldina-sera-elevada-a-santuario-dedicado-a-sao-jose\/\">Leia mais <span class=\"screen-reader-text\">Igreja em Leopoldina ser\u00e1 elevada a santu\u00e1rio dedicado a S\u00e3o Jos\u00e9<\/span><\/a><\/p>\n","protected":false},"author":2,"featured_media":22827,"comment_status":"open","ping_status":"open","sticky":false,"template":"","format":"standard","meta":{"footnotes":""},"categories":[1],"tags":[3886,1561,3885,879],"class_list":["post-22825","post","type-post","status-publish","format-standard","has-post-thumbnail","hentry","category-noticias","tag-bispo-da-diocese","tag-diocese-de-leopoldina","tag-santuario","tag-sao-jose-operario","thumb-below-title"],"yoast_head":"<!-- This site is optimized with the Yoast SEO plugin v27.4 - https:\/\/yoast.com\/product\/yoast-seo-wordpress\/ -->\n<title>Igreja em Leopoldina ser\u00e1 elevada a santu\u00e1rio dedicado a S\u00e3o Jos\u00e9 | Marcelo Lopes<\/title>\n<meta name=\"robots\" content=\"index, follow, max-snippet:-1, max-image-preview:large, max-video-preview:-1\" \/>\n<link rel=\"canonical\" href=\"https:\/\/marcelolopes.jor.br\/site\/2021\/04\/08\/igreja-em-leopoldina-sera-elevada-a-santuario-dedicado-a-sao-jose\/\" \/>\n<meta property=\"og:locale\" content=\"pt_BR\" \/>\n<meta property=\"og:type\" content=\"article\" \/>\n<meta property=\"og:title\" content=\"Igreja em Leopoldina ser\u00e1 elevada a santu\u00e1rio dedicado a S\u00e3o Jos\u00e9 | Marcelo Lopes\" \/>\n<meta property=\"og:description\" content=\"O bispo da Diocese de Leopoldina, Dom Edson Oriolo, comunicou sua decis\u00e3o de elevar a Igreja Matriz S\u00e3o Jos\u00e9 Oper\u00e1rio de Leopoldina a Santu\u00e1rio Diocesano. A instala\u00e7\u00e3o do novo santu\u00e1rio acontecer\u00e1 em Celebra\u00e7\u00e3o Solene marcada para o dia 08 deLeia mais Igreja em Leopoldina ser\u00e1 elevada a santu\u00e1rio dedicado a S\u00e3o Jos\u00e9\" \/>\n<meta property=\"og:url\" content=\"https:\/\/marcelolopes.jor.br\/site\/2021\/04\/08\/igreja-em-leopoldina-sera-elevada-a-santuario-dedicado-a-sao-jose\/\" \/>\n<meta property=\"og:site_name\" content=\"Marcelo Lopes\" \/>\n<meta property=\"article:publisher\" content=\"https:\/\/www.facebook.com\/sitedomarcelolopes\" \/>\n<meta property=\"article:published_time\" content=\"2021-04-08T10:00:46+00:00\" \/>\n<meta property=\"og:image\" content=\"https:\/\/marcelolopes.jor.br\/site\/wp-content\/uploads\/2021\/04\/WhatsApp-Image-2021-04-07-at-11.53.33.jpeg\" \/>\n\t<meta property=\"og:image:width\" content=\"800\" \/>\n\t<meta property=\"og:image:height\" content=\"448\" \/>\n\t<meta property=\"og:image:type\" content=\"image\/jpeg\" \/>\n<meta name=\"author\" content=\"Marcelo Lopes\" \/>\n<meta name=\"twitter:card\" content=\"summary_large_image\" \/>\n<meta name=\"twitter:label1\" content=\"Escrito por\" \/>\n\t<meta name=\"twitter:data1\" content=\"Marcelo Lopes\" \/>\n\t<meta name=\"twitter:label2\" content=\"Est. tempo de leitura\" \/>\n\t<meta name=\"twitter:data2\" content=\"2 minutos\" \/>\n<script type=\"application\/ld+json\" class=\"yoast-schema-graph\">{\"@context\":\"https:\\\/\\\/schema.org\",\"@graph\":[{\"@type\":\"NewsArticle\",\"@id\":\"https:\\\/\\\/marcelolopes.jor.br\\\/site\\\/2021\\\/04\\\/08\\\/igreja-em-leopoldina-sera-elevada-a-santuario-dedicado-a-sao-jose\\\/#article\",\"isPartOf\":{\"@id\":\"https:\\\/\\\/marcelolopes.jor.br\\\/site\\\/2021\\\/04\\\/08\\\/igreja-em-leopoldina-sera-elevada-a-santuario-dedicado-a-sao-jose\\\/\"},\"author\":{\"name\":\"Marcelo Lopes\",\"@id\":\"https:\\\/\\\/marcelolopes.jor.br\\\/site\\\/#\\\/schema\\\/person\\\/3e7216a35c34d8fdf952b31da3d1f89f\"},\"headline\":\"Igreja em Leopoldina ser\u00e1 elevada a santu\u00e1rio dedicado a S\u00e3o Jos\u00e9\",\"datePublished\":\"2021-04-08T10:00:46+00:00\",\"mainEntityOfPage\":{\"@id\":\"https:\\\/\\\/marcelolopes.jor.br\\\/site\\\/2021\\\/04\\\/08\\\/igreja-em-leopoldina-sera-elevada-a-santuario-dedicado-a-sao-jose\\\/\"},\"wordCount\":341,\"commentCount\":0,\"publisher\":{\"@id\":\"https:\\\/\\\/marcelolopes.jor.br\\\/site\\\/#organization\"},\"image\":{\"@id\":\"https:\\\/\\\/marcelolopes.jor.br\\\/site\\\/2021\\\/04\\\/08\\\/igreja-em-leopoldina-sera-elevada-a-santuario-dedicado-a-sao-jose\\\/#primaryimage\"},\"thumbnailUrl\":\"https:\\\/\\\/marcelolopes.jor.br\\\/site\\\/wp-content\\\/uploads\\\/2021\\\/04\\\/WhatsApp-Image-2021-04-07-at-11.53.33.jpeg\",\"keywords\":[\"Bispo da diocese\",\"diocese de Leopoldina\",\"santu\u00e1rio\",\"S\u00e3o Jos\u00e9 Oper\u00e1rio\"],\"articleSection\":[\"Not\u00edcias\"],\"inLanguage\":\"pt-BR\",\"potentialAction\":[{\"@type\":\"CommentAction\",\"name\":\"Comment\",\"target\":[\"https:\\\/\\\/marcelolopes.jor.br\\\/site\\\/2021\\\/04\\\/08\\\/igreja-em-leopoldina-sera-elevada-a-santuario-dedicado-a-sao-jose\\\/#respond\"]}]},{\"@type\":\"WebPage\",\"@id\":\"https:\\\/\\\/marcelolopes.jor.br\\\/site\\\/2021\\\/04\\\/08\\\/igreja-em-leopoldina-sera-elevada-a-santuario-dedicado-a-sao-jose\\\/\",\"url\":\"https:\\\/\\\/marcelolopes.jor.br\\\/site\\\/2021\\\/04\\\/08\\\/igreja-em-leopoldina-sera-elevada-a-santuario-dedicado-a-sao-jose\\\/\",\"name\":\"Igreja em Leopoldina ser\u00e1 elevada a santu\u00e1rio dedicado a S\u00e3o Jos\u00e9 | Marcelo Lopes\",\"isPartOf\":{\"@id\":\"https:\\\/\\\/marcelolopes.jor.br\\\/site\\\/#website\"},\"primaryImageOfPage\":{\"@id\":\"https:\\\/\\\/marcelolopes.jor.br\\\/site\\\/2021\\\/04\\\/08\\\/igreja-em-leopoldina-sera-elevada-a-santuario-dedicado-a-sao-jose\\\/#primaryimage\"},\"image\":{\"@id\":\"https:\\\/\\\/marcelolopes.jor.br\\\/site\\\/2021\\\/04\\\/08\\\/igreja-em-leopoldina-sera-elevada-a-santuario-dedicado-a-sao-jose\\\/#primaryimage\"},\"thumbnailUrl\":\"https:\\\/\\\/marcelolopes.jor.br\\\/site\\\/wp-content\\\/uploads\\\/2021\\\/04\\\/WhatsApp-Image-2021-04-07-at-11.53.33.jpeg\",\"datePublished\":\"2021-04-08T10:00:46+00:00\",\"breadcrumb\":{\"@id\":\"https:\\\/\\\/marcelolopes.jor.br\\\/site\\\/2021\\\/04\\\/08\\\/igreja-em-leopoldina-sera-elevada-a-santuario-dedicado-a-sao-jose\\\/#breadcrumb\"},\"inLanguage\":\"pt-BR\",\"potentialAction\":[{\"@type\":\"ReadAction\",\"target\":[\"https:\\\/\\\/marcelolopes.jor.br\\\/site\\\/2021\\\/04\\\/08\\\/igreja-em-leopoldina-sera-elevada-a-santuario-dedicado-a-sao-jose\\\/\"]}]},{\"@type\":\"ImageObject\",\"inLanguage\":\"pt-BR\",\"@id\":\"https:\\\/\\\/marcelolopes.jor.br\\\/site\\\/2021\\\/04\\\/08\\\/igreja-em-leopoldina-sera-elevada-a-santuario-dedicado-a-sao-jose\\\/#primaryimage\",\"url\":\"https:\\\/\\\/marcelolopes.jor.br\\\/site\\\/wp-content\\\/uploads\\\/2021\\\/04\\\/WhatsApp-Image-2021-04-07-at-11.53.33.jpeg\",\"contentUrl\":\"https:\\\/\\\/marcelolopes.jor.br\\\/site\\\/wp-content\\\/uploads\\\/2021\\\/04\\\/WhatsApp-Image-2021-04-07-at-11.53.33.jpeg\",\"width\":800,\"height\":448},{\"@type\":\"BreadcrumbList\",\"@id\":\"https:\\\/\\\/marcelolopes.jor.br\\\/site\\\/2021\\\/04\\\/08\\\/igreja-em-leopoldina-sera-elevada-a-santuario-dedicado-a-sao-jose\\\/#breadcrumb\",\"itemListElement\":[{\"@type\":\"ListItem\",\"position\":1,\"name\":\"Home\",\"item\":\"https:\\\/\\\/marcelolopes.jor.br\\\/site\\\/\"},{\"@type\":\"ListItem\",\"position\":2,\"name\":\"Igreja em Leopoldina ser\u00e1 elevada a santu\u00e1rio dedicado a S\u00e3o Jos\u00e9\"}]},{\"@type\":\"WebSite\",\"@id\":\"https:\\\/\\\/marcelolopes.jor.br\\\/site\\\/#website\",\"url\":\"https:\\\/\\\/marcelolopes.jor.br\\\/site\\\/\",\"name\":\"Marcelo Lopes\",\"description\":\"Not\u00edcias de Cataguases e Regi\u00e3o\",\"publisher\":{\"@id\":\"https:\\\/\\\/marcelolopes.jor.br\\\/site\\\/#organization\"},\"potentialAction\":[{\"@type\":\"SearchAction\",\"target\":{\"@type\":\"EntryPoint\",\"urlTemplate\":\"https:\\\/\\\/marcelolopes.jor.br\\\/site\\\/?s={search_term_string}\"},\"query-input\":{\"@type\":\"PropertyValueSpecification\",\"valueRequired\":true,\"valueName\":\"search_term_string\"}}],\"inLanguage\":\"pt-BR\"},{\"@type\":\"Organization\",\"@id\":\"https:\\\/\\\/marcelolopes.jor.br\\\/site\\\/#organization\",\"name\":\"Site do Marcelo Lopes\",\"url\":\"https:\\\/\\\/marcelolopes.jor.br\\\/site\\\/\",\"logo\":{\"@type\":\"ImageObject\",\"inLanguage\":\"pt-BR\",\"@id\":\"https:\\\/\\\/marcelolopes.jor.br\\\/site\\\/#\\\/schema\\\/logo\\\/image\\\/\",\"url\":\"https:\\\/\\\/marcelolopes.jor.br\\\/site\\\/wp-content\\\/uploads\\\/2024\\\/11\\\/logo-1.png\",\"contentUrl\":\"https:\\\/\\\/marcelolopes.jor.br\\\/site\\\/wp-content\\\/uploads\\\/2024\\\/11\\\/logo-1.png\",\"width\":475,\"height\":80,\"caption\":\"Site do Marcelo Lopes\"},\"image\":{\"@id\":\"https:\\\/\\\/marcelolopes.jor.br\\\/site\\\/#\\\/schema\\\/logo\\\/image\\\/\"},\"sameAs\":[\"https:\\\/\\\/www.facebook.com\\\/sitedomarcelolopes\",\"https:\\\/\\\/www.instagram.com\\\/sitedomarcelolopes\\\/\",\"https:\\\/\\\/www.linkedin.com\\\/company\\\/site-do-marcelo-lopes\\\/\",\"https:\\\/\\\/www.youtube.com\\\/user\\\/marcelolopes957\"]},{\"@type\":\"Person\",\"@id\":\"https:\\\/\\\/marcelolopes.jor.br\\\/site\\\/#\\\/schema\\\/person\\\/3e7216a35c34d8fdf952b31da3d1f89f\",\"name\":\"Marcelo Lopes\",\"sameAs\":[\"http:\\\/\\\/www.marcelolopes.jor.br\"],\"url\":\"https:\\\/\\\/marcelolopes.jor.br\\\/site\\\/author\\\/marcelo\\\/\"}]}<\/script>\n<!-- \/ Yoast SEO plugin. -->","yoast_head_json":{"title":"Igreja em Leopoldina ser\u00e1 elevada a santu\u00e1rio dedicado a S\u00e3o Jos\u00e9 | Marcelo Lopes","robots":{"index":"index","follow":"follow","max-snippet":"max-snippet:-1","max-image-preview":"max-image-preview:large","max-video-preview":"max-video-preview:-1"},"canonical":"https:\/\/marcelolopes.jor.br\/site\/2021\/04\/08\/igreja-em-leopoldina-sera-elevada-a-santuario-dedicado-a-sao-jose\/","og_locale":"pt_BR","og_type":"article","og_title":"Igreja em Leopoldina ser\u00e1 elevada a santu\u00e1rio dedicado a S\u00e3o Jos\u00e9 | Marcelo Lopes","og_description":"O bispo da Diocese de Leopoldina, Dom Edson Oriolo, comunicou sua decis\u00e3o de elevar a Igreja Matriz S\u00e3o Jos\u00e9 Oper\u00e1rio de Leopoldina a Santu\u00e1rio Diocesano. A instala\u00e7\u00e3o do novo santu\u00e1rio acontecer\u00e1 em Celebra\u00e7\u00e3o Solene marcada para o dia 08 deLeia mais Igreja em Leopoldina ser\u00e1 elevada a santu\u00e1rio dedicado a S\u00e3o Jos\u00e9","og_url":"https:\/\/marcelolopes.jor.br\/site\/2021\/04\/08\/igreja-em-leopoldina-sera-elevada-a-santuario-dedicado-a-sao-jose\/","og_site_name":"Marcelo Lopes","article_publisher":"https:\/\/www.facebook.com\/sitedomarcelolopes","article_published_time":"2021-04-08T10:00:46+00:00","og_image":[{"width":800,"height":448,"url":"https:\/\/marcelolopes.jor.br\/site\/wp-content\/uploads\/2021\/04\/WhatsApp-Image-2021-04-07-at-11.53.33.jpeg","type":"image\/jpeg"}],"author":"Marcelo Lopes","twitter_card":"summary_large_image","twitter_misc":{"Escrito por":"Marcelo Lopes","Est. tempo de leitura":"2 minutos"},"schema":{"@context":"https:\/\/schema.org","@graph":[{"@type":"NewsArticle","@id":"https:\/\/marcelolopes.jor.br\/site\/2021\/04\/08\/igreja-em-leopoldina-sera-elevada-a-santuario-dedicado-a-sao-jose\/#article","isPartOf":{"@id":"https:\/\/marcelolopes.jor.br\/site\/2021\/04\/08\/igreja-em-leopoldina-sera-elevada-a-santuario-dedicado-a-sao-jose\/"},"author":{"name":"Marcelo Lopes","@id":"https:\/\/marcelolopes.jor.br\/site\/#\/schema\/person\/3e7216a35c34d8fdf952b31da3d1f89f"},"headline":"Igreja em Leopoldina ser\u00e1 elevada a santu\u00e1rio dedicado a S\u00e3o Jos\u00e9","datePublished":"2021-04-08T10:00:46+00:00","mainEntityOfPage":{"@id":"https:\/\/marcelolopes.jor.br\/site\/2021\/04\/08\/igreja-em-leopoldina-sera-elevada-a-santuario-dedicado-a-sao-jose\/"},"wordCount":341,"commentCount":0,"publisher":{"@id":"https:\/\/marcelolopes.jor.br\/site\/#organization"},"image":{"@id":"https:\/\/marcelolopes.jor.br\/site\/2021\/04\/08\/igreja-em-leopoldina-sera-elevada-a-santuario-dedicado-a-sao-jose\/#primaryimage"},"thumbnailUrl":"https:\/\/marcelolopes.jor.br\/site\/wp-content\/uploads\/2021\/04\/WhatsApp-Image-2021-04-07-at-11.53.33.jpeg","keywords":["Bispo da diocese","diocese de Leopoldina","santu\u00e1rio","S\u00e3o Jos\u00e9 Oper\u00e1rio"],"articleSection":["Not\u00edcias"],"inLanguage":"pt-BR","potentialAction":[{"@type":"CommentAction","name":"Comment","target":["https:\/\/marcelolopes.jor.br\/site\/2021\/04\/08\/igreja-em-leopoldina-sera-elevada-a-santuario-dedicado-a-sao-jose\/#respond"]}]},{"@type":"WebPage","@id":"https:\/\/marcelolopes.jor.br\/site\/2021\/04\/08\/igreja-em-leopoldina-sera-elevada-a-santuario-dedicado-a-sao-jose\/","url":"https:\/\/marcelolopes.jor.br\/site\/2021\/04\/08\/igreja-em-leopoldina-sera-elevada-a-santuario-dedicado-a-sao-jose\/","name":"Igreja em Leopoldina ser\u00e1 elevada a santu\u00e1rio dedicado a S\u00e3o Jos\u00e9 | Marcelo Lopes","isPartOf":{"@id":"https:\/\/marcelolopes.jor.br\/site\/#website"},"primaryImageOfPage":{"@id":"https:\/\/marcelolopes.jor.br\/site\/2021\/04\/08\/igreja-em-leopoldina-sera-elevada-a-santuario-dedicado-a-sao-jose\/#primaryimage"},"image":{"@id":"https:\/\/marcelolopes.jor.br\/site\/2021\/04\/08\/igreja-em-leopoldina-sera-elevada-a-santuario-dedicado-a-sao-jose\/#primaryimage"},"thumbnailUrl":"https:\/\/marcelolopes.jor.br\/site\/wp-content\/uploads\/2021\/04\/WhatsApp-Image-2021-04-07-at-11.53.33.jpeg","datePublished":"2021-04-08T10:00:46+00:00","breadcrumb":{"@id":"https:\/\/marcelolopes.jor.br\/site\/2021\/04\/08\/igreja-em-leopoldina-sera-elevada-a-santuario-dedicado-a-sao-jose\/#breadcrumb"},"inLanguage":"pt-BR","potentialAction":[{"@type":"ReadAction","target":["https:\/\/marcelolopes.jor.br\/site\/2021\/04\/08\/igreja-em-leopoldina-sera-elevada-a-santuario-dedicado-a-sao-jose\/"]}]},{"@type":"ImageObject","inLanguage":"pt-BR","@id":"https:\/\/marcelolopes.jor.br\/site\/2021\/04\/08\/igreja-em-leopoldina-sera-elevada-a-santuario-dedicado-a-sao-jose\/#primaryimage","url":"https:\/\/marcelolopes.jor.br\/site\/wp-content\/uploads\/2021\/04\/WhatsApp-Image-2021-04-07-at-11.53.33.jpeg","contentUrl":"https:\/\/marcelolopes.jor.br\/site\/wp-content\/uploads\/2021\/04\/WhatsApp-Image-2021-04-07-at-11.53.33.jpeg","width":800,"height":448},{"@type":"BreadcrumbList","@id":"https:\/\/marcelolopes.jor.br\/site\/2021\/04\/08\/igreja-em-leopoldina-sera-elevada-a-santuario-dedicado-a-sao-jose\/#breadcrumb","itemListElement":[{"@type":"ListItem","position":1,"name":"Home","item":"https:\/\/marcelolopes.jor.br\/site\/"},{"@type":"ListItem","position":2,"name":"Igreja em Leopoldina ser\u00e1 elevada a santu\u00e1rio dedicado a S\u00e3o Jos\u00e9"}]},{"@type":"WebSite","@id":"https:\/\/marcelolopes.jor.br\/site\/#website","url":"https:\/\/marcelolopes.jor.br\/site\/","name":"Marcelo Lopes","description":"Not\u00edcias de Cataguases e Regi\u00e3o","publisher":{"@id":"https:\/\/marcelolopes.jor.br\/site\/#organization"},"potentialAction":[{"@type":"SearchAction","target":{"@type":"EntryPoint","urlTemplate":"https:\/\/marcelolopes.jor.br\/site\/?s={search_term_string}"},"query-input":{"@type":"PropertyValueSpecification","valueRequired":true,"valueName":"search_term_string"}}],"inLanguage":"pt-BR"},{"@type":"Organization","@id":"https:\/\/marcelolopes.jor.br\/site\/#organization","name":"Site do Marcelo Lopes","url":"https:\/\/marcelolopes.jor.br\/site\/","logo":{"@type":"ImageObject","inLanguage":"pt-BR","@id":"https:\/\/marcelolopes.jor.br\/site\/#\/schema\/logo\/image\/","url":"https:\/\/marcelolopes.jor.br\/site\/wp-content\/uploads\/2024\/11\/logo-1.png","contentUrl":"https:\/\/marcelolopes.jor.br\/site\/wp-content\/uploads\/2024\/11\/logo-1.png","width":475,"height":80,"caption":"Site do Marcelo Lopes"},"image":{"@id":"https:\/\/marcelolopes.jor.br\/site\/#\/schema\/logo\/image\/"},"sameAs":["https:\/\/www.facebook.com\/sitedomarcelolopes","https:\/\/www.instagram.com\/sitedomarcelolopes\/","https:\/\/www.linkedin.com\/company\/site-do-marcelo-lopes\/","https:\/\/www.youtube.com\/user\/marcelolopes957"]},{"@type":"Person","@id":"https:\/\/marcelolopes.jor.br\/site\/#\/schema\/person\/3e7216a35c34d8fdf952b31da3d1f89f","name":"Marcelo Lopes","sameAs":["http:\/\/www.marcelolopes.jor.br"],"url":"https:\/\/marcelolopes.jor.br\/site\/author\/marcelo\/"}]}},"wps_subtitle":"A grande devo\u00e7\u00e3o dos fieis que visitam aquela igreja motivou a iniciativa.","_links":{"self":[{"href":"https:\/\/marcelolopes.jor.br\/site\/wp-json\/wp\/v2\/posts\/22825","targetHints":{"allow":["GET"]}}],"collection":[{"href":"https:\/\/marcelolopes.jor.br\/site\/wp-json\/wp\/v2\/posts"}],"about":[{"href":"https:\/\/marcelolopes.jor.br\/site\/wp-json\/wp\/v2\/types\/post"}],"author":[{"embeddable":true,"href":"https:\/\/marcelolopes.jor.br\/site\/wp-json\/wp\/v2\/users\/2"}],"replies":[{"embeddable":true,"href":"https:\/\/marcelolopes.jor.br\/site\/wp-json\/wp\/v2\/comments?post=22825"}],"version-history":[{"count":0,"href":"https:\/\/marcelolopes.jor.br\/site\/wp-json\/wp\/v2\/posts\/22825\/revisions"}],"wp:featuredmedia":[{"embeddable":true,"href":"https:\/\/marcelolopes.jor.br\/site\/wp-json\/wp\/v2\/media\/22827"}],"wp:attachment":[{"href":"https:\/\/marcelolopes.jor.br\/site\/wp-json\/wp\/v2\/media?parent=22825"}],"wp:term":[{"taxonomy":"category","embeddable":true,"href":"https:\/\/marcelolopes.jor.br\/site\/wp-json\/wp\/v2\/categories?post=22825"},{"taxonomy":"post_tag","embeddable":true,"href":"https:\/\/marcelolopes.jor.br\/site\/wp-json\/wp\/v2\/tags?post=22825"}],"curies":[{"name":"wp","href":"https:\/\/api.w.org\/{rel}","templated":true}]}}