{"id":2280,"date":"2019-06-14T07:00:11","date_gmt":"2019-06-14T10:00:11","guid":{"rendered":"https:\/\/marcelolopes.jor.br\/?p=2280"},"modified":"2019-06-13T22:21:37","modified_gmt":"2019-06-14T01:21:37","slug":"felicitta-inova-e-inaugura-spa-com-servicos-diversificados","status":"publish","type":"post","link":"https:\/\/marcelolopes.jor.br\/site\/2019\/06\/14\/felicitta-inova-e-inaugura-spa-com-servicos-diversificados\/","title":{"rendered":"Felicitt\u00e1 inova e inaugura Spa com servi\u00e7os diversificados"},"content":{"rendered":"<p style=\"text-align: justify;\">A Cl\u00ednica de Fisioterapia, Est\u00e9tica Corporal e Facial, Felicitt\u00e1, inaugurou no come\u00e7o da noite desta quarta-feira, 12 de junho, novas depend\u00eancias que agora abrigam o Spa Felicitt\u00e1, o mais novo servi\u00e7o oferecido a seus clientes. As modernas instala\u00e7\u00f5es atendem \u00e0 demanda crescente por servi\u00e7os voltados ao cuidado com o corpo, conforme explica a propriet\u00e1ria Talita Werneck que h\u00e1 onze anos deu in\u00edcio ao empreendimento de forma t\u00edmida e em instala\u00e7\u00f5es reduzidas no Bairro Bandeirantes, em Cataguases, relembra. Rodrigo Serra Pacheco, marido de Talita e administrador da Felicitt\u00e1, lembra que desde o ano passado a cl\u00ednica funciona na Pra\u00e7a Jos\u00e9 In\u00e1cio Peixoto, 87, Vila Tereza e agendamentos podem ser feitos pelo telefone (32) 3422-2483.<!--more--><\/p>\n<p style=\"text-align: justify;\"><img loading=\"lazy\" decoding=\"async\" class=\"aligncenter wp-image-2283\" src=\"https:\/\/marcelolopes.jor.br\/site\/wp-content\/uploads\/2019\/06\/a8ad3c1f-1c0d-4e64-8436-d5ad6904e955-300x225.jpg\" alt=\"\" width=\"400\" height=\"300\" srcset=\"https:\/\/marcelolopes.jor.br\/site\/wp-content\/uploads\/2019\/06\/a8ad3c1f-1c0d-4e64-8436-d5ad6904e955-300x225.jpg 300w, https:\/\/marcelolopes.jor.br\/site\/wp-content\/uploads\/2019\/06\/a8ad3c1f-1c0d-4e64-8436-d5ad6904e955-768x576.jpg 768w, https:\/\/marcelolopes.jor.br\/site\/wp-content\/uploads\/2019\/06\/a8ad3c1f-1c0d-4e64-8436-d5ad6904e955-1024x768.jpg 1024w, https:\/\/marcelolopes.jor.br\/site\/wp-content\/uploads\/2019\/06\/a8ad3c1f-1c0d-4e64-8436-d5ad6904e955-1200x900.jpg 1200w, https:\/\/marcelolopes.jor.br\/site\/wp-content\/uploads\/2019\/06\/a8ad3c1f-1c0d-4e64-8436-d5ad6904e955.jpg 1280w\" sizes=\"auto, (max-width: 400px) 100vw, 400px\" \/>Agora, a Felicitt\u00e1 passa a oferecer em seu Spa, um trabalho diferenciado, como ela mesma define, em um espa\u00e7o que &#8220;foi criado mesclando o r\u00fastico com o cl\u00e1ssico, chique, para deixar uma noiva, um casal bem \u00e0 vontade, relaxado e tranquilo&#8221;, contou. Segundo ela, o Spa \u00e9 voltado para este tipo de p\u00fablico, al\u00e9m de debutantes, para quem vai comemorar bodas, e crian\u00e7as que estiverem fazendo anivers\u00e1rio. &#8220;Para elas, explica, vamos fazer um momento de Spa&#8221;. E completa: &#8220;Ao contr\u00e1rio do que est\u00e1 no inconsciente popular, o Spa n\u00e3o \u00e9 apenas para os gordinhos, mas sim para todos que queiram passar por um tratamento corporal e de relaxamento&#8221;, assegura.<\/p>\n<p style=\"text-align: justify;\">No Spa Felicitt\u00e1, conta Talita, o cliente vai receber um tratamento que pode durar de duas horas at\u00e9 cinco horas. E pode ser feito a duas ou quatro m\u00e3os. O espa\u00e7o \u00e9 dotado de uma convidativa banheira de hidromassagem com capacidade para duas pessoas, duas macas, poltronas e um banheiro, tudo muito aconchegante e harmonioso. Para completar, uma m\u00fasica de fundo, \u00e0 escolha do cliente, ajuda o processo de relaxamento, garante. Neste per\u00edodo a equipe do Spa far\u00e1 Escalda p\u00e9s com sais, Reflexologia, Massagem Corporal com pedras quentes, velas, \u00f3leos vegetais essenciais, &#8220;desde que ela tenha escolhido estes procedimentos&#8221;, ressalta. H\u00e1 tamb\u00e9m tratamento facial, com massagem com pedras e drenagens faciais e um relaxamento com Shiatsu, Do In (tamb\u00e9m para crian\u00e7as) e, por fim, a banheira. Logo depois um descanso na poltrona para que o uso destes produtos fa\u00e7am uma ioniza\u00e7\u00e3o do organismo promovendo sua desintoxica\u00e7\u00e3o, completa Talita.<\/p>\n<p style=\"text-align: justify;\"><img loading=\"lazy\" decoding=\"async\" class=\"aligncenter wp-image-2284\" src=\"https:\/\/marcelolopes.jor.br\/site\/wp-content\/uploads\/2019\/06\/IMG_4196-300x225.jpg\" alt=\"\" width=\"400\" height=\"300\" srcset=\"https:\/\/marcelolopes.jor.br\/site\/wp-content\/uploads\/2019\/06\/IMG_4196-300x225.jpg 300w, https:\/\/marcelolopes.jor.br\/site\/wp-content\/uploads\/2019\/06\/IMG_4196.jpg 640w\" sizes=\"auto, (max-width: 400px) 100vw, 400px\" \/>Outra novidade do Spa Felicitt\u00e1 \u00e9 a disponibilidade dos servi\u00e7os de manicure e cabeleireira, al\u00e9m de uma maquiadora, muito usados em Dia de Noiva ou como preparativo para alguma festa. Eles se juntam aos quatro profissionais qualificados e treinados que v\u00e3o atender somente no Spa. Talita ressalta ainda o crescimento do p\u00fablico masculino para este tipo de servi\u00e7o. &#8220;Hoje temos, seguramente, trinta por cento da clientela masculina, o que \u00e9 muito bom porque at\u00e9 pouco tempo quando se falava em Est\u00e9tica a associa\u00e7\u00e3o era com o p\u00fablico feminino&#8221;, comenta. O atendimento ser\u00e1 feito de segunda-feira a s\u00e1bado mediante hora marcada, informa Talita, que j\u00e1 recebe clientes de toda a microrregi\u00e3o.<\/p>\n<p style=\"text-align: justify;\">A ideia do Spa surgiu para atender a demanda e tamb\u00e9m para evitar que os clientes tenham que ir a outras cidades. &#8220;Fizemos quest\u00e3o, inclusive, de usar um espa\u00e7o pr\u00f3prio para isso, sem barulho, sem ningu\u00e9m andando e batendo porta, enfim, um tratamento exclusivo, com a inten\u00e7\u00e3o de gerar conforto e prazer, porque \u00e9 muito gostoso ser mimado&#8221;, afirma Talita. A partir de agora, conta, a meta \u00e9 ampliar o alcance da cl\u00ednica e do Spa, sempre prestando um servi\u00e7o de qualidade que \u00e9 a marca da Felicitt\u00e1 e que ela possa ser refer\u00eancia neste tipo de tratamento, al\u00e9m de continuar oferecendo sempre novidades aos nossos clientes. &#8220;Ano que vem, garante, vamos ter outra inaugura\u00e7\u00e3o&#8221;, diz Talita que recebeu em seguida seus convidados no novo espa\u00e7o.<\/p>\n<p>Veja mais fotos do Spa Felicitt\u00e1 na galeria abaixo.<\/p>\n<div id='gallery-1' class='gallery galleryid-2280 gallery-columns-4 gallery-size-thumbnail'><figure class='gallery-item'>\n\t\t\t<div class='gallery-icon landscape'>\n\t\t\t\t<a href='https:\/\/marcelolopes.jor.br\/site\/2019\/06\/14\/felicitta-inova-e-inaugura-spa-com-servicos-diversificados\/img_4194\/'><img loading=\"lazy\" decoding=\"async\" width=\"150\" height=\"150\" src=\"https:\/\/marcelolopes.jor.br\/site\/wp-content\/uploads\/2019\/06\/IMG_4194-150x150.jpg\" class=\"attachment-thumbnail size-thumbnail\" alt=\"\" \/><\/a>\n\t\t\t<\/div><\/figure><figure class='gallery-item'>\n\t\t\t<div class='gallery-icon landscape'>\n\t\t\t\t<a href='https:\/\/marcelolopes.jor.br\/site\/2019\/06\/14\/felicitta-inova-e-inaugura-spa-com-servicos-diversificados\/img_4195\/'><img loading=\"lazy\" decoding=\"async\" width=\"150\" height=\"150\" src=\"https:\/\/marcelolopes.jor.br\/site\/wp-content\/uploads\/2019\/06\/IMG_4195-150x150.jpg\" class=\"attachment-thumbnail size-thumbnail\" alt=\"\" \/><\/a>\n\t\t\t<\/div><\/figure><figure class='gallery-item'>\n\t\t\t<div class='gallery-icon landscape'>\n\t\t\t\t<a href='https:\/\/marcelolopes.jor.br\/site\/2019\/06\/14\/felicitta-inova-e-inaugura-spa-com-servicos-diversificados\/img_4197\/'><img loading=\"lazy\" decoding=\"async\" width=\"150\" height=\"150\" src=\"https:\/\/marcelolopes.jor.br\/site\/wp-content\/uploads\/2019\/06\/IMG_4197-150x150.jpg\" class=\"attachment-thumbnail size-thumbnail\" alt=\"\" \/><\/a>\n\t\t\t<\/div><\/figure><figure class='gallery-item'>\n\t\t\t<div class='gallery-icon landscape'>\n\t\t\t\t<a href='https:\/\/marcelolopes.jor.br\/site\/2019\/06\/14\/felicitta-inova-e-inaugura-spa-com-servicos-diversificados\/img_4199\/'><img loading=\"lazy\" decoding=\"async\" width=\"150\" height=\"150\" src=\"https:\/\/marcelolopes.jor.br\/site\/wp-content\/uploads\/2019\/06\/IMG_4199-150x150.jpg\" class=\"attachment-thumbnail size-thumbnail\" alt=\"\" \/><\/a>\n\t\t\t<\/div><\/figure><figure class='gallery-item'>\n\t\t\t<div class='gallery-icon landscape'>\n\t\t\t\t<a href='https:\/\/marcelolopes.jor.br\/site\/2019\/06\/14\/felicitta-inova-e-inaugura-spa-com-servicos-diversificados\/img_4202\/'><img loading=\"lazy\" decoding=\"async\" width=\"150\" height=\"150\" src=\"https:\/\/marcelolopes.jor.br\/site\/wp-content\/uploads\/2019\/06\/IMG_4202-150x150.jpg\" class=\"attachment-thumbnail size-thumbnail\" alt=\"\" \/><\/a>\n\t\t\t<\/div><\/figure><figure class='gallery-item'>\n\t\t\t<div class='gallery-icon landscape'>\n\t\t\t\t<a href='https:\/\/marcelolopes.jor.br\/site\/2019\/06\/14\/felicitta-inova-e-inaugura-spa-com-servicos-diversificados\/img_4200\/'><img loading=\"lazy\" decoding=\"async\" width=\"150\" height=\"150\" src=\"https:\/\/marcelolopes.jor.br\/site\/wp-content\/uploads\/2019\/06\/IMG_4200-150x150.jpg\" class=\"attachment-thumbnail size-thumbnail\" alt=\"\" \/><\/a>\n\t\t\t<\/div><\/figure><figure class='gallery-item'>\n\t\t\t<div class='gallery-icon landscape'>\n\t\t\t\t<a href='https:\/\/marcelolopes.jor.br\/site\/2019\/06\/14\/felicitta-inova-e-inaugura-spa-com-servicos-diversificados\/img_4203\/'><img loading=\"lazy\" decoding=\"async\" width=\"150\" height=\"150\" src=\"https:\/\/marcelolopes.jor.br\/site\/wp-content\/uploads\/2019\/06\/IMG_4203-150x150.jpg\" class=\"attachment-thumbnail size-thumbnail\" alt=\"\" \/><\/a>\n\t\t\t<\/div><\/figure><figure class='gallery-item'>\n\t\t\t<div class='gallery-icon landscape'>\n\t\t\t\t<a href='https:\/\/marcelolopes.jor.br\/site\/2019\/06\/14\/felicitta-inova-e-inaugura-spa-com-servicos-diversificados\/img_4209\/'><img loading=\"lazy\" decoding=\"async\" width=\"150\" height=\"150\" src=\"https:\/\/marcelolopes.jor.br\/site\/wp-content\/uploads\/2019\/06\/IMG_4209-150x150.jpg\" class=\"attachment-thumbnail size-thumbnail\" alt=\"\" \/><\/a>\n\t\t\t<\/div><\/figure><figure class='gallery-item'>\n\t\t\t<div class='gallery-icon landscape'>\n\t\t\t\t<a href='https:\/\/marcelolopes.jor.br\/site\/2019\/06\/14\/felicitta-inova-e-inaugura-spa-com-servicos-diversificados\/img_4211\/'><img loading=\"lazy\" decoding=\"async\" width=\"150\" height=\"150\" src=\"https:\/\/marcelolopes.jor.br\/site\/wp-content\/uploads\/2019\/06\/IMG_4211-150x150.jpg\" class=\"attachment-thumbnail size-thumbnail\" alt=\"\" \/><\/a>\n\t\t\t<\/div><\/figure><figure class='gallery-item'>\n\t\t\t<div class='gallery-icon landscape'>\n\t\t\t\t<a href='https:\/\/marcelolopes.jor.br\/site\/2019\/06\/14\/felicitta-inova-e-inaugura-spa-com-servicos-diversificados\/img_4217\/'><img loading=\"lazy\" decoding=\"async\" width=\"150\" height=\"150\" src=\"https:\/\/marcelolopes.jor.br\/site\/wp-content\/uploads\/2019\/06\/IMG_4217-150x150.jpg\" class=\"attachment-thumbnail size-thumbnail\" alt=\"\" \/><\/a>\n\t\t\t<\/div><\/figure><figure class='gallery-item'>\n\t\t\t<div class='gallery-icon landscape'>\n\t\t\t\t<a href='https:\/\/marcelolopes.jor.br\/site\/2019\/06\/14\/felicitta-inova-e-inaugura-spa-com-servicos-diversificados\/img_4219\/'><img loading=\"lazy\" decoding=\"async\" width=\"150\" height=\"150\" src=\"https:\/\/marcelolopes.jor.br\/site\/wp-content\/uploads\/2019\/06\/IMG_4219-150x150.jpg\" class=\"attachment-thumbnail size-thumbnail\" alt=\"\" \/><\/a>\n\t\t\t<\/div><\/figure><figure class='gallery-item'>\n\t\t\t<div class='gallery-icon landscape'>\n\t\t\t\t<a href='https:\/\/marcelolopes.jor.br\/site\/2019\/06\/14\/felicitta-inova-e-inaugura-spa-com-servicos-diversificados\/img_4221\/'><img loading=\"lazy\" decoding=\"async\" width=\"150\" height=\"150\" src=\"https:\/\/marcelolopes.jor.br\/site\/wp-content\/uploads\/2019\/06\/IMG_4221-150x150.jpg\" class=\"attachment-thumbnail size-thumbnail\" alt=\"\" \/><\/a>\n\t\t\t<\/div><\/figure><figure class='gallery-item'>\n\t\t\t<div class='gallery-icon landscape'>\n\t\t\t\t<a href='https:\/\/marcelolopes.jor.br\/site\/2019\/06\/14\/felicitta-inova-e-inaugura-spa-com-servicos-diversificados\/img_4224\/'><img loading=\"lazy\" decoding=\"async\" width=\"150\" height=\"150\" src=\"https:\/\/marcelolopes.jor.br\/site\/wp-content\/uploads\/2019\/06\/IMG_4224-150x150.jpg\" class=\"attachment-thumbnail size-thumbnail\" alt=\"\" \/><\/a>\n\t\t\t<\/div><\/figure><figure class='gallery-item'>\n\t\t\t<div class='gallery-icon landscape'>\n\t\t\t\t<a href='https:\/\/marcelolopes.jor.br\/site\/2019\/06\/14\/felicitta-inova-e-inaugura-spa-com-servicos-diversificados\/img_4225\/'><img loading=\"lazy\" decoding=\"async\" width=\"150\" height=\"150\" src=\"https:\/\/marcelolopes.jor.br\/site\/wp-content\/uploads\/2019\/06\/IMG_4225-150x150.jpg\" class=\"attachment-thumbnail size-thumbnail\" alt=\"\" \/><\/a>\n\t\t\t<\/div><\/figure><figure class='gallery-item'>\n\t\t\t<div class='gallery-icon landscape'>\n\t\t\t\t<a href='https:\/\/marcelolopes.jor.br\/site\/2019\/06\/14\/felicitta-inova-e-inaugura-spa-com-servicos-diversificados\/img_4228\/'><img loading=\"lazy\" decoding=\"async\" width=\"150\" height=\"150\" src=\"https:\/\/marcelolopes.jor.br\/site\/wp-content\/uploads\/2019\/06\/IMG_4228-150x150.jpg\" class=\"attachment-thumbnail size-thumbnail\" alt=\"\" \/><\/a>\n\t\t\t<\/div><\/figure><figure class='gallery-item'>\n\t\t\t<div class='gallery-icon landscape'>\n\t\t\t\t<a href='https:\/\/marcelolopes.jor.br\/site\/2019\/06\/14\/felicitta-inova-e-inaugura-spa-com-servicos-diversificados\/img_4232\/'><img loading=\"lazy\" decoding=\"async\" width=\"150\" height=\"150\" src=\"https:\/\/marcelolopes.jor.br\/site\/wp-content\/uploads\/2019\/06\/IMG_4232-150x150.jpg\" class=\"attachment-thumbnail size-thumbnail\" alt=\"\" \/><\/a>\n\t\t\t<\/div><\/figure><figure class='gallery-item'>\n\t\t\t<div class='gallery-icon landscape'>\n\t\t\t\t<a href='https:\/\/marcelolopes.jor.br\/site\/2019\/06\/14\/felicitta-inova-e-inaugura-spa-com-servicos-diversificados\/img_4233\/'><img loading=\"lazy\" decoding=\"async\" width=\"150\" height=\"150\" src=\"https:\/\/marcelolopes.jor.br\/site\/wp-content\/uploads\/2019\/06\/IMG_4233-150x150.jpg\" class=\"attachment-thumbnail size-thumbnail\" alt=\"\" \/><\/a>\n\t\t\t<\/div><\/figure><figure class='gallery-item'>\n\t\t\t<div class='gallery-icon landscape'>\n\t\t\t\t<a href='https:\/\/marcelolopes.jor.br\/site\/2019\/06\/14\/felicitta-inova-e-inaugura-spa-com-servicos-diversificados\/img_4235\/'><img loading=\"lazy\" decoding=\"async\" width=\"150\" height=\"150\" src=\"https:\/\/marcelolopes.jor.br\/site\/wp-content\/uploads\/2019\/06\/IMG_4235-150x150.jpg\" class=\"attachment-thumbnail size-thumbnail\" alt=\"\" \/><\/a>\n\t\t\t<\/div><\/figure><figure class='gallery-item'>\n\t\t\t<div class='gallery-icon landscape'>\n\t\t\t\t<a href='https:\/\/marcelolopes.jor.br\/site\/2019\/06\/14\/felicitta-inova-e-inaugura-spa-com-servicos-diversificados\/img_4237\/'><img loading=\"lazy\" decoding=\"async\" width=\"150\" height=\"150\" src=\"https:\/\/marcelolopes.jor.br\/site\/wp-content\/uploads\/2019\/06\/IMG_4237-150x150.jpg\" class=\"attachment-thumbnail size-thumbnail\" alt=\"\" \/><\/a>\n\t\t\t<\/div><\/figure><figure class='gallery-item'>\n\t\t\t<div class='gallery-icon landscape'>\n\t\t\t\t<a href='https:\/\/marcelolopes.jor.br\/site\/2019\/06\/14\/felicitta-inova-e-inaugura-spa-com-servicos-diversificados\/img_4238\/'><img loading=\"lazy\" decoding=\"async\" width=\"150\" height=\"150\" src=\"https:\/\/marcelolopes.jor.br\/site\/wp-content\/uploads\/2019\/06\/IMG_4238-150x150.jpg\" class=\"attachment-thumbnail size-thumbnail\" alt=\"\" \/><\/a>\n\t\t\t<\/div><\/figure><figure class='gallery-item'>\n\t\t\t<div class='gallery-icon landscape'>\n\t\t\t\t<a href='https:\/\/marcelolopes.jor.br\/site\/2019\/06\/14\/felicitta-inova-e-inaugura-spa-com-servicos-diversificados\/img_4240\/'><img loading=\"lazy\" decoding=\"async\" width=\"150\" height=\"150\" src=\"https:\/\/marcelolopes.jor.br\/site\/wp-content\/uploads\/2019\/06\/IMG_4240-150x150.jpg\" class=\"attachment-thumbnail size-thumbnail\" alt=\"\" \/><\/a>\n\t\t\t<\/div><\/figure><figure class='gallery-item'>\n\t\t\t<div class='gallery-icon landscape'>\n\t\t\t\t<a href='https:\/\/marcelolopes.jor.br\/site\/2019\/06\/14\/felicitta-inova-e-inaugura-spa-com-servicos-diversificados\/img_4241\/'><img loading=\"lazy\" decoding=\"async\" width=\"150\" height=\"150\" src=\"https:\/\/marcelolopes.jor.br\/site\/wp-content\/uploads\/2019\/06\/IMG_4241-150x150.jpg\" class=\"attachment-thumbnail size-thumbnail\" alt=\"\" \/><\/a>\n\t\t\t<\/div><\/figure><figure class='gallery-item'>\n\t\t\t<div class='gallery-icon landscape'>\n\t\t\t\t<a href='https:\/\/marcelolopes.jor.br\/site\/2019\/06\/14\/felicitta-inova-e-inaugura-spa-com-servicos-diversificados\/img_4243\/'><img loading=\"lazy\" decoding=\"async\" width=\"150\" height=\"150\" src=\"https:\/\/marcelolopes.jor.br\/site\/wp-content\/uploads\/2019\/06\/IMG_4243-150x150.jpg\" class=\"attachment-thumbnail size-thumbnail\" alt=\"\" \/><\/a>\n\t\t\t<\/div><\/figure><figure class='gallery-item'>\n\t\t\t<div class='gallery-icon landscape'>\n\t\t\t\t<a href='https:\/\/marcelolopes.jor.br\/site\/2019\/06\/14\/felicitta-inova-e-inaugura-spa-com-servicos-diversificados\/img_4244\/'><img loading=\"lazy\" decoding=\"async\" width=\"150\" height=\"150\" src=\"https:\/\/marcelolopes.jor.br\/site\/wp-content\/uploads\/2019\/06\/IMG_4244-150x150.jpg\" class=\"attachment-thumbnail size-thumbnail\" alt=\"\" \/><\/a>\n\t\t\t<\/div><\/figure><figure class='gallery-item'>\n\t\t\t<div class='gallery-icon portrait'>\n\t\t\t\t<a href='https:\/\/marcelolopes.jor.br\/site\/2019\/06\/14\/felicitta-inova-e-inaugura-spa-com-servicos-diversificados\/img_4245\/'><img loading=\"lazy\" decoding=\"async\" width=\"150\" height=\"150\" src=\"https:\/\/marcelolopes.jor.br\/site\/wp-content\/uploads\/2019\/06\/IMG_4245-150x150.jpg\" class=\"attachment-thumbnail size-thumbnail\" alt=\"\" \/><\/a>\n\t\t\t<\/div><\/figure><figure class='gallery-item'>\n\t\t\t<div class='gallery-icon landscape'>\n\t\t\t\t<a href='https:\/\/marcelolopes.jor.br\/site\/2019\/06\/14\/felicitta-inova-e-inaugura-spa-com-servicos-diversificados\/img_4246\/'><img loading=\"lazy\" decoding=\"async\" width=\"150\" height=\"150\" src=\"https:\/\/marcelolopes.jor.br\/site\/wp-content\/uploads\/2019\/06\/IMG_4246-150x150.jpg\" class=\"attachment-thumbnail size-thumbnail\" alt=\"\" \/><\/a>\n\t\t\t<\/div><\/figure>\n\t\t<\/div>\n\n<div class=\"wrxei69f774a699a0e\" ><br><\/div><style type=\"text\/css\">\r\n@media screen and (min-width: 1201px) {\r\n.wrxei69f774a699a0e {\r\ndisplay: block;\r\n}\r\n}\r\n@media screen and (min-width: 993px) and (max-width: 1200px) {\r\n.wrxei69f774a699a0e {\r\ndisplay: block;\r\n}\r\n}\r\n@media screen and (min-width: 769px) and (max-width: 992px) {\r\n.wrxei69f774a699a0e {\r\ndisplay: block;\r\n}\r\n}\r\n@media screen and (min-width: 768px) and (max-width: 768px) {\r\n.wrxei69f774a699a0e {\r\ndisplay: block;\r\n}\r\n}\r\n@media screen and (max-width: 767px) {\r\n.wrxei69f774a699a0e {\r\ndisplay: block;\r\n}\r\n}\r\n<\/style>\r\n<div class=\"eywxb69f774a69f3b4\" ><div id=\"div_destino\"><\/div>\r\n<script src=\"https:\/\/cdn.snsrsv.com\/sdk.js\"><\/script>\r\n<script >\r\n      new sdk(\"464030C30061EA8BE065000000000001\") \r\n          .appendTo(\"div_destino\")\r\n          .disableStyle(true) \r\n          .setCacheBusterMacro(\"%%CACHEBUSTER%%\")\r\n          .setSize(\"800\",\"214\")\r\n          .setClickMacro(\"%%CLICK_URL_ESC%%\") \r\n          .setReferrerUrlMacro(\"%%REFERRER_URL_ESC%%\") \r\n          .start(); \r\n<\/script><\/div><style type=\"text\/css\">\r\n@media screen and (min-width: 1201px) {\r\n.eywxb69f774a69f3b4 {\r\ndisplay: block;\r\n}\r\n}\r\n@media screen and (min-width: 993px) and (max-width: 1200px) {\r\n.eywxb69f774a69f3b4 {\r\ndisplay: block;\r\n}\r\n}\r\n@media screen and (min-width: 769px) and (max-width: 992px) {\r\n.eywxb69f774a69f3b4 {\r\ndisplay: block;\r\n}\r\n}\r\n@media screen and (min-width: 768px) and (max-width: 768px) {\r\n.eywxb69f774a69f3b4 {\r\ndisplay: block;\r\n}\r\n}\r\n@media screen and (max-width: 767px) {\r\n.eywxb69f774a69f3b4 {\r\ndisplay: block;\r\n}\r\n}\r\n<\/style>\r\n","protected":false},"excerpt":{"rendered":"<p>A Cl\u00ednica de Fisioterapia, Est\u00e9tica Corporal e Facial, Felicitt\u00e1, inaugurou no come\u00e7o da noite desta quarta-feira, 12 de junho, novas depend\u00eancias que agora abrigam o Spa Felicitt\u00e1, o mais novo servi\u00e7o oferecido a seus clientes. As modernas instala\u00e7\u00f5es atendem \u00e0<\/p>\n<p class=\"link-more\"><a class=\"more-link\" href=\"https:\/\/marcelolopes.jor.br\/site\/2019\/06\/14\/felicitta-inova-e-inaugura-spa-com-servicos-diversificados\/\">Leia mais <span class=\"screen-reader-text\">Felicitt\u00e1 inova e inaugura Spa com servi\u00e7os diversificados<\/span><\/a><\/p>\n","protected":false},"author":2,"featured_media":2282,"comment_status":"open","ping_status":"open","sticky":false,"template":"","format":"standard","meta":{"footnotes":""},"categories":[1],"tags":[521,520,518,519],"class_list":["post-2280","post","type-post","status-publish","format-standard","has-post-thumbnail","hentry","category-noticias","tag-corpo","tag-estetica","tag-felicitta","tag-spa","thumb-below-title"],"yoast_head":"<!-- This site is optimized with the Yoast SEO plugin v27.4 - https:\/\/yoast.com\/product\/yoast-seo-wordpress\/ -->\n<title>Felicitt\u00e1 inova e inaugura Spa com servi\u00e7os diversificados | Marcelo Lopes<\/title>\n<meta name=\"robots\" content=\"index, follow, max-snippet:-1, max-image-preview:large, max-video-preview:-1\" \/>\n<link rel=\"canonical\" href=\"https:\/\/marcelolopes.jor.br\/site\/2019\/06\/14\/felicitta-inova-e-inaugura-spa-com-servicos-diversificados\/\" \/>\n<meta property=\"og:locale\" content=\"pt_BR\" \/>\n<meta property=\"og:type\" content=\"article\" \/>\n<meta property=\"og:title\" content=\"Felicitt\u00e1 inova e inaugura Spa com servi\u00e7os diversificados | Marcelo Lopes\" \/>\n<meta property=\"og:description\" content=\"A Cl\u00ednica de Fisioterapia, Est\u00e9tica Corporal e Facial, Felicitt\u00e1, inaugurou no come\u00e7o da noite desta quarta-feira, 12 de junho, novas depend\u00eancias que agora abrigam o Spa Felicitt\u00e1, o mais novo servi\u00e7o oferecido a seus clientes. As modernas instala\u00e7\u00f5es atendem \u00e0Leia mais Felicitt\u00e1 inova e inaugura Spa com servi\u00e7os diversificados\" \/>\n<meta property=\"og:url\" content=\"https:\/\/marcelolopes.jor.br\/site\/2019\/06\/14\/felicitta-inova-e-inaugura-spa-com-servicos-diversificados\/\" \/>\n<meta property=\"og:site_name\" content=\"Marcelo Lopes\" \/>\n<meta property=\"article:publisher\" content=\"https:\/\/www.facebook.com\/sitedomarcelolopes\" \/>\n<meta property=\"article:published_time\" content=\"2019-06-14T10:00:11+00:00\" \/>\n<meta property=\"og:image\" content=\"https:\/\/marcelolopes.jor.br\/site\/wp-content\/uploads\/2019\/06\/IMG_4215.jpg\" \/>\n\t<meta property=\"og:image:width\" content=\"640\" \/>\n\t<meta property=\"og:image:height\" content=\"480\" \/>\n\t<meta property=\"og:image:type\" content=\"image\/jpeg\" \/>\n<meta name=\"author\" content=\"Marcelo Lopes\" \/>\n<meta name=\"twitter:card\" content=\"summary_large_image\" \/>\n<meta name=\"twitter:label1\" content=\"Escrito por\" \/>\n\t<meta name=\"twitter:data1\" content=\"Marcelo Lopes\" \/>\n\t<meta name=\"twitter:label2\" content=\"Est. tempo de leitura\" \/>\n\t<meta name=\"twitter:data2\" content=\"3 minutos\" \/>\n<script type=\"application\/ld+json\" class=\"yoast-schema-graph\">{\"@context\":\"https:\\\/\\\/schema.org\",\"@graph\":[{\"@type\":\"NewsArticle\",\"@id\":\"https:\\\/\\\/marcelolopes.jor.br\\\/site\\\/2019\\\/06\\\/14\\\/felicitta-inova-e-inaugura-spa-com-servicos-diversificados\\\/#article\",\"isPartOf\":{\"@id\":\"https:\\\/\\\/marcelolopes.jor.br\\\/site\\\/2019\\\/06\\\/14\\\/felicitta-inova-e-inaugura-spa-com-servicos-diversificados\\\/\"},\"author\":{\"name\":\"Marcelo Lopes\",\"@id\":\"https:\\\/\\\/marcelolopes.jor.br\\\/site\\\/#\\\/schema\\\/person\\\/3e7216a35c34d8fdf952b31da3d1f89f\"},\"headline\":\"Felicitt\u00e1 inova e inaugura Spa com servi\u00e7os diversificados\",\"datePublished\":\"2019-06-14T10:00:11+00:00\",\"mainEntityOfPage\":{\"@id\":\"https:\\\/\\\/marcelolopes.jor.br\\\/site\\\/2019\\\/06\\\/14\\\/felicitta-inova-e-inaugura-spa-com-servicos-diversificados\\\/\"},\"wordCount\":669,\"commentCount\":0,\"publisher\":{\"@id\":\"https:\\\/\\\/marcelolopes.jor.br\\\/site\\\/#organization\"},\"image\":{\"@id\":\"https:\\\/\\\/marcelolopes.jor.br\\\/site\\\/2019\\\/06\\\/14\\\/felicitta-inova-e-inaugura-spa-com-servicos-diversificados\\\/#primaryimage\"},\"thumbnailUrl\":\"https:\\\/\\\/marcelolopes.jor.br\\\/site\\\/wp-content\\\/uploads\\\/2019\\\/06\\\/IMG_4215.jpg\",\"keywords\":[\"corpo\",\"est\u00e9tica\",\"Felicitt\u00e1\",\"Spa\"],\"articleSection\":[\"Not\u00edcias\"],\"inLanguage\":\"pt-BR\",\"potentialAction\":[{\"@type\":\"CommentAction\",\"name\":\"Comment\",\"target\":[\"https:\\\/\\\/marcelolopes.jor.br\\\/site\\\/2019\\\/06\\\/14\\\/felicitta-inova-e-inaugura-spa-com-servicos-diversificados\\\/#respond\"]}]},{\"@type\":\"WebPage\",\"@id\":\"https:\\\/\\\/marcelolopes.jor.br\\\/site\\\/2019\\\/06\\\/14\\\/felicitta-inova-e-inaugura-spa-com-servicos-diversificados\\\/\",\"url\":\"https:\\\/\\\/marcelolopes.jor.br\\\/site\\\/2019\\\/06\\\/14\\\/felicitta-inova-e-inaugura-spa-com-servicos-diversificados\\\/\",\"name\":\"Felicitt\u00e1 inova e inaugura Spa com servi\u00e7os diversificados | Marcelo Lopes\",\"isPartOf\":{\"@id\":\"https:\\\/\\\/marcelolopes.jor.br\\\/site\\\/#website\"},\"primaryImageOfPage\":{\"@id\":\"https:\\\/\\\/marcelolopes.jor.br\\\/site\\\/2019\\\/06\\\/14\\\/felicitta-inova-e-inaugura-spa-com-servicos-diversificados\\\/#primaryimage\"},\"image\":{\"@id\":\"https:\\\/\\\/marcelolopes.jor.br\\\/site\\\/2019\\\/06\\\/14\\\/felicitta-inova-e-inaugura-spa-com-servicos-diversificados\\\/#primaryimage\"},\"thumbnailUrl\":\"https:\\\/\\\/marcelolopes.jor.br\\\/site\\\/wp-content\\\/uploads\\\/2019\\\/06\\\/IMG_4215.jpg\",\"datePublished\":\"2019-06-14T10:00:11+00:00\",\"breadcrumb\":{\"@id\":\"https:\\\/\\\/marcelolopes.jor.br\\\/site\\\/2019\\\/06\\\/14\\\/felicitta-inova-e-inaugura-spa-com-servicos-diversificados\\\/#breadcrumb\"},\"inLanguage\":\"pt-BR\",\"potentialAction\":[{\"@type\":\"ReadAction\",\"target\":[\"https:\\\/\\\/marcelolopes.jor.br\\\/site\\\/2019\\\/06\\\/14\\\/felicitta-inova-e-inaugura-spa-com-servicos-diversificados\\\/\"]}]},{\"@type\":\"ImageObject\",\"inLanguage\":\"pt-BR\",\"@id\":\"https:\\\/\\\/marcelolopes.jor.br\\\/site\\\/2019\\\/06\\\/14\\\/felicitta-inova-e-inaugura-spa-com-servicos-diversificados\\\/#primaryimage\",\"url\":\"https:\\\/\\\/marcelolopes.jor.br\\\/site\\\/wp-content\\\/uploads\\\/2019\\\/06\\\/IMG_4215.jpg\",\"contentUrl\":\"https:\\\/\\\/marcelolopes.jor.br\\\/site\\\/wp-content\\\/uploads\\\/2019\\\/06\\\/IMG_4215.jpg\",\"width\":640,\"height\":480,\"caption\":\"Talita e Rodrigo ao lado da banheira do Spa Felicitt\u00e1, o novo servi\u00e7o para tratamento do corpo\"},{\"@type\":\"BreadcrumbList\",\"@id\":\"https:\\\/\\\/marcelolopes.jor.br\\\/site\\\/2019\\\/06\\\/14\\\/felicitta-inova-e-inaugura-spa-com-servicos-diversificados\\\/#breadcrumb\",\"itemListElement\":[{\"@type\":\"ListItem\",\"position\":1,\"name\":\"Home\",\"item\":\"https:\\\/\\\/marcelolopes.jor.br\\\/site\\\/\"},{\"@type\":\"ListItem\",\"position\":2,\"name\":\"Felicitt\u00e1 inova e inaugura Spa com servi\u00e7os diversificados\"}]},{\"@type\":\"WebSite\",\"@id\":\"https:\\\/\\\/marcelolopes.jor.br\\\/site\\\/#website\",\"url\":\"https:\\\/\\\/marcelolopes.jor.br\\\/site\\\/\",\"name\":\"Marcelo Lopes\",\"description\":\"Not\u00edcias de Cataguases e Regi\u00e3o\",\"publisher\":{\"@id\":\"https:\\\/\\\/marcelolopes.jor.br\\\/site\\\/#organization\"},\"potentialAction\":[{\"@type\":\"SearchAction\",\"target\":{\"@type\":\"EntryPoint\",\"urlTemplate\":\"https:\\\/\\\/marcelolopes.jor.br\\\/site\\\/?s={search_term_string}\"},\"query-input\":{\"@type\":\"PropertyValueSpecification\",\"valueRequired\":true,\"valueName\":\"search_term_string\"}}],\"inLanguage\":\"pt-BR\"},{\"@type\":\"Organization\",\"@id\":\"https:\\\/\\\/marcelolopes.jor.br\\\/site\\\/#organization\",\"name\":\"Site do Marcelo Lopes\",\"url\":\"https:\\\/\\\/marcelolopes.jor.br\\\/site\\\/\",\"logo\":{\"@type\":\"ImageObject\",\"inLanguage\":\"pt-BR\",\"@id\":\"https:\\\/\\\/marcelolopes.jor.br\\\/site\\\/#\\\/schema\\\/logo\\\/image\\\/\",\"url\":\"https:\\\/\\\/marcelolopes.jor.br\\\/site\\\/wp-content\\\/uploads\\\/2024\\\/11\\\/logo-1.png\",\"contentUrl\":\"https:\\\/\\\/marcelolopes.jor.br\\\/site\\\/wp-content\\\/uploads\\\/2024\\\/11\\\/logo-1.png\",\"width\":475,\"height\":80,\"caption\":\"Site do Marcelo Lopes\"},\"image\":{\"@id\":\"https:\\\/\\\/marcelolopes.jor.br\\\/site\\\/#\\\/schema\\\/logo\\\/image\\\/\"},\"sameAs\":[\"https:\\\/\\\/www.facebook.com\\\/sitedomarcelolopes\",\"https:\\\/\\\/www.instagram.com\\\/sitedomarcelolopes\\\/\",\"https:\\\/\\\/www.linkedin.com\\\/company\\\/site-do-marcelo-lopes\\\/\",\"https:\\\/\\\/www.youtube.com\\\/user\\\/marcelolopes957\"]},{\"@type\":\"Person\",\"@id\":\"https:\\\/\\\/marcelolopes.jor.br\\\/site\\\/#\\\/schema\\\/person\\\/3e7216a35c34d8fdf952b31da3d1f89f\",\"name\":\"Marcelo Lopes\",\"sameAs\":[\"http:\\\/\\\/www.marcelolopes.jor.br\"],\"url\":\"https:\\\/\\\/marcelolopes.jor.br\\\/site\\\/author\\\/marcelo\\\/\"}]}<\/script>\n<!-- \/ Yoast SEO plugin. -->","yoast_head_json":{"title":"Felicitt\u00e1 inova e inaugura Spa com servi\u00e7os diversificados | Marcelo Lopes","robots":{"index":"index","follow":"follow","max-snippet":"max-snippet:-1","max-image-preview":"max-image-preview:large","max-video-preview":"max-video-preview:-1"},"canonical":"https:\/\/marcelolopes.jor.br\/site\/2019\/06\/14\/felicitta-inova-e-inaugura-spa-com-servicos-diversificados\/","og_locale":"pt_BR","og_type":"article","og_title":"Felicitt\u00e1 inova e inaugura Spa com servi\u00e7os diversificados | Marcelo Lopes","og_description":"A Cl\u00ednica de Fisioterapia, Est\u00e9tica Corporal e Facial, Felicitt\u00e1, inaugurou no come\u00e7o da noite desta quarta-feira, 12 de junho, novas depend\u00eancias que agora abrigam o Spa Felicitt\u00e1, o mais novo servi\u00e7o oferecido a seus clientes. As modernas instala\u00e7\u00f5es atendem \u00e0Leia mais Felicitt\u00e1 inova e inaugura Spa com servi\u00e7os diversificados","og_url":"https:\/\/marcelolopes.jor.br\/site\/2019\/06\/14\/felicitta-inova-e-inaugura-spa-com-servicos-diversificados\/","og_site_name":"Marcelo Lopes","article_publisher":"https:\/\/www.facebook.com\/sitedomarcelolopes","article_published_time":"2019-06-14T10:00:11+00:00","og_image":[{"width":640,"height":480,"url":"https:\/\/marcelolopes.jor.br\/site\/wp-content\/uploads\/2019\/06\/IMG_4215.jpg","type":"image\/jpeg"}],"author":"Marcelo Lopes","twitter_card":"summary_large_image","twitter_misc":{"Escrito por":"Marcelo Lopes","Est. tempo de leitura":"3 minutos"},"schema":{"@context":"https:\/\/schema.org","@graph":[{"@type":"NewsArticle","@id":"https:\/\/marcelolopes.jor.br\/site\/2019\/06\/14\/felicitta-inova-e-inaugura-spa-com-servicos-diversificados\/#article","isPartOf":{"@id":"https:\/\/marcelolopes.jor.br\/site\/2019\/06\/14\/felicitta-inova-e-inaugura-spa-com-servicos-diversificados\/"},"author":{"name":"Marcelo Lopes","@id":"https:\/\/marcelolopes.jor.br\/site\/#\/schema\/person\/3e7216a35c34d8fdf952b31da3d1f89f"},"headline":"Felicitt\u00e1 inova e inaugura Spa com servi\u00e7os diversificados","datePublished":"2019-06-14T10:00:11+00:00","mainEntityOfPage":{"@id":"https:\/\/marcelolopes.jor.br\/site\/2019\/06\/14\/felicitta-inova-e-inaugura-spa-com-servicos-diversificados\/"},"wordCount":669,"commentCount":0,"publisher":{"@id":"https:\/\/marcelolopes.jor.br\/site\/#organization"},"image":{"@id":"https:\/\/marcelolopes.jor.br\/site\/2019\/06\/14\/felicitta-inova-e-inaugura-spa-com-servicos-diversificados\/#primaryimage"},"thumbnailUrl":"https:\/\/marcelolopes.jor.br\/site\/wp-content\/uploads\/2019\/06\/IMG_4215.jpg","keywords":["corpo","est\u00e9tica","Felicitt\u00e1","Spa"],"articleSection":["Not\u00edcias"],"inLanguage":"pt-BR","potentialAction":[{"@type":"CommentAction","name":"Comment","target":["https:\/\/marcelolopes.jor.br\/site\/2019\/06\/14\/felicitta-inova-e-inaugura-spa-com-servicos-diversificados\/#respond"]}]},{"@type":"WebPage","@id":"https:\/\/marcelolopes.jor.br\/site\/2019\/06\/14\/felicitta-inova-e-inaugura-spa-com-servicos-diversificados\/","url":"https:\/\/marcelolopes.jor.br\/site\/2019\/06\/14\/felicitta-inova-e-inaugura-spa-com-servicos-diversificados\/","name":"Felicitt\u00e1 inova e inaugura Spa com servi\u00e7os diversificados | Marcelo Lopes","isPartOf":{"@id":"https:\/\/marcelolopes.jor.br\/site\/#website"},"primaryImageOfPage":{"@id":"https:\/\/marcelolopes.jor.br\/site\/2019\/06\/14\/felicitta-inova-e-inaugura-spa-com-servicos-diversificados\/#primaryimage"},"image":{"@id":"https:\/\/marcelolopes.jor.br\/site\/2019\/06\/14\/felicitta-inova-e-inaugura-spa-com-servicos-diversificados\/#primaryimage"},"thumbnailUrl":"https:\/\/marcelolopes.jor.br\/site\/wp-content\/uploads\/2019\/06\/IMG_4215.jpg","datePublished":"2019-06-14T10:00:11+00:00","breadcrumb":{"@id":"https:\/\/marcelolopes.jor.br\/site\/2019\/06\/14\/felicitta-inova-e-inaugura-spa-com-servicos-diversificados\/#breadcrumb"},"inLanguage":"pt-BR","potentialAction":[{"@type":"ReadAction","target":["https:\/\/marcelolopes.jor.br\/site\/2019\/06\/14\/felicitta-inova-e-inaugura-spa-com-servicos-diversificados\/"]}]},{"@type":"ImageObject","inLanguage":"pt-BR","@id":"https:\/\/marcelolopes.jor.br\/site\/2019\/06\/14\/felicitta-inova-e-inaugura-spa-com-servicos-diversificados\/#primaryimage","url":"https:\/\/marcelolopes.jor.br\/site\/wp-content\/uploads\/2019\/06\/IMG_4215.jpg","contentUrl":"https:\/\/marcelolopes.jor.br\/site\/wp-content\/uploads\/2019\/06\/IMG_4215.jpg","width":640,"height":480,"caption":"Talita e Rodrigo ao lado da banheira do Spa Felicitt\u00e1, o novo servi\u00e7o para tratamento do corpo"},{"@type":"BreadcrumbList","@id":"https:\/\/marcelolopes.jor.br\/site\/2019\/06\/14\/felicitta-inova-e-inaugura-spa-com-servicos-diversificados\/#breadcrumb","itemListElement":[{"@type":"ListItem","position":1,"name":"Home","item":"https:\/\/marcelolopes.jor.br\/site\/"},{"@type":"ListItem","position":2,"name":"Felicitt\u00e1 inova e inaugura Spa com servi\u00e7os diversificados"}]},{"@type":"WebSite","@id":"https:\/\/marcelolopes.jor.br\/site\/#website","url":"https:\/\/marcelolopes.jor.br\/site\/","name":"Marcelo Lopes","description":"Not\u00edcias de Cataguases e Regi\u00e3o","publisher":{"@id":"https:\/\/marcelolopes.jor.br\/site\/#organization"},"potentialAction":[{"@type":"SearchAction","target":{"@type":"EntryPoint","urlTemplate":"https:\/\/marcelolopes.jor.br\/site\/?s={search_term_string}"},"query-input":{"@type":"PropertyValueSpecification","valueRequired":true,"valueName":"search_term_string"}}],"inLanguage":"pt-BR"},{"@type":"Organization","@id":"https:\/\/marcelolopes.jor.br\/site\/#organization","name":"Site do Marcelo Lopes","url":"https:\/\/marcelolopes.jor.br\/site\/","logo":{"@type":"ImageObject","inLanguage":"pt-BR","@id":"https:\/\/marcelolopes.jor.br\/site\/#\/schema\/logo\/image\/","url":"https:\/\/marcelolopes.jor.br\/site\/wp-content\/uploads\/2024\/11\/logo-1.png","contentUrl":"https:\/\/marcelolopes.jor.br\/site\/wp-content\/uploads\/2024\/11\/logo-1.png","width":475,"height":80,"caption":"Site do Marcelo Lopes"},"image":{"@id":"https:\/\/marcelolopes.jor.br\/site\/#\/schema\/logo\/image\/"},"sameAs":["https:\/\/www.facebook.com\/sitedomarcelolopes","https:\/\/www.instagram.com\/sitedomarcelolopes\/","https:\/\/www.linkedin.com\/company\/site-do-marcelo-lopes\/","https:\/\/www.youtube.com\/user\/marcelolopes957"]},{"@type":"Person","@id":"https:\/\/marcelolopes.jor.br\/site\/#\/schema\/person\/3e7216a35c34d8fdf952b31da3d1f89f","name":"Marcelo Lopes","sameAs":["http:\/\/www.marcelolopes.jor.br"],"url":"https:\/\/marcelolopes.jor.br\/site\/author\/marcelo\/"}]}},"wps_subtitle":"Cl\u00ednica que funciona na Vila Tereza amplia seu leque de atua\u00e7\u00e3o investindo em est\u00e9tica corporal","_links":{"self":[{"href":"https:\/\/marcelolopes.jor.br\/site\/wp-json\/wp\/v2\/posts\/2280","targetHints":{"allow":["GET"]}}],"collection":[{"href":"https:\/\/marcelolopes.jor.br\/site\/wp-json\/wp\/v2\/posts"}],"about":[{"href":"https:\/\/marcelolopes.jor.br\/site\/wp-json\/wp\/v2\/types\/post"}],"author":[{"embeddable":true,"href":"https:\/\/marcelolopes.jor.br\/site\/wp-json\/wp\/v2\/users\/2"}],"replies":[{"embeddable":true,"href":"https:\/\/marcelolopes.jor.br\/site\/wp-json\/wp\/v2\/comments?post=2280"}],"version-history":[{"count":0,"href":"https:\/\/marcelolopes.jor.br\/site\/wp-json\/wp\/v2\/posts\/2280\/revisions"}],"wp:featuredmedia":[{"embeddable":true,"href":"https:\/\/marcelolopes.jor.br\/site\/wp-json\/wp\/v2\/media\/2282"}],"wp:attachment":[{"href":"https:\/\/marcelolopes.jor.br\/site\/wp-json\/wp\/v2\/media?parent=2280"}],"wp:term":[{"taxonomy":"category","embeddable":true,"href":"https:\/\/marcelolopes.jor.br\/site\/wp-json\/wp\/v2\/categories?post=2280"},{"taxonomy":"post_tag","embeddable":true,"href":"https:\/\/marcelolopes.jor.br\/site\/wp-json\/wp\/v2\/tags?post=2280"}],"curies":[{"name":"wp","href":"https:\/\/api.w.org\/{rel}","templated":true}]}}