{"id":22721,"date":"2021-04-02T12:00:53","date_gmt":"2021-04-02T15:00:53","guid":{"rendered":"https:\/\/marcelolopes.jor.br\/?p=22721"},"modified":"2021-04-02T11:23:44","modified_gmt":"2021-04-02T14:23:44","slug":"homem-e-detido-em-rio-novo-por-usar-mascara-com-estampa-de-maconha","status":"publish","type":"post","link":"https:\/\/marcelolopes.jor.br\/site\/2021\/04\/02\/homem-e-detido-em-rio-novo-por-usar-mascara-com-estampa-de-maconha\/","title":{"rendered":"Homem \u00e9 detido em Rio Novo por usar m\u00e1scara com estampa de maconha"},"content":{"rendered":"<p style=\"text-align: justify;\">Um homem de 27 anos de idade foi detido pela Pol\u00edcia Militar, no final da manh\u00e3 de quarta-feira, 31 de mar\u00e7o, em uma rua da cidade de Rio Novo, por usar uma m\u00e1scara de prote\u00e7\u00e3o facial cuja estampa parece com uma folha da planta canabis sativa, a popular maconha.<!--more--><\/p>\n<p style=\"text-align: justify;\"><a href=\"http:\/\/www.agenciaram.com.br\"><img loading=\"lazy\" decoding=\"async\" class=\"aligncenter wp-image-22340 size-full\" src=\"https:\/\/marcelolopes.jor.br\/site\/wp-content\/uploads\/2021\/03\/WhatsApp-Image-2021-03-18-at-15.53.45.jpeg\" alt=\"\" width=\"800\" height=\"214\" srcset=\"https:\/\/marcelolopes.jor.br\/site\/wp-content\/uploads\/2021\/03\/WhatsApp-Image-2021-03-18-at-15.53.45.jpeg 800w, https:\/\/marcelolopes.jor.br\/site\/wp-content\/uploads\/2021\/03\/WhatsApp-Image-2021-03-18-at-15.53.45-300x80.jpeg 300w, https:\/\/marcelolopes.jor.br\/site\/wp-content\/uploads\/2021\/03\/WhatsApp-Image-2021-03-18-at-15.53.45-768x205.jpeg 768w\" sizes=\"auto, (max-width: 800px) 100vw, 800px\" \/><\/a>De acordo com a PM, o homem \u00e9 de Juiz de Fora mas mora em Rio Novo e possui diversas passagens pela Pol\u00edcia. Na noite anterior ele havia sido detido por dire\u00e7\u00e3o perigosa e envolvimento com drogas. Poucas horas depois, ele voltou a receber ordem de pris\u00e3o, desta vez, por apologia ao uso de drogas.<\/p>\n<p style=\"text-align: justify;\">Durante a abordagem os policiais lhe deram outra m\u00e1scara, neutra, e apreenderam a que ele estava usando. Foi lavrado um Termo de Ajustamento de Conduta por ele assinado, sendo liberado em seguida. Oportunamente ele vai depor em ju\u00edzo.<\/p>\n<p>Reportagem Kadu Fontana | Foto: Divulga\u00e7\u00e3o PM<\/p>\n<div class=\"hecev69f77485d01cb\" ><br><\/div><style type=\"text\/css\">\r\n@media screen and (min-width: 1201px) {\r\n.hecev69f77485d01cb {\r\ndisplay: block;\r\n}\r\n}\r\n@media screen and (min-width: 993px) and (max-width: 1200px) {\r\n.hecev69f77485d01cb {\r\ndisplay: block;\r\n}\r\n}\r\n@media screen and (min-width: 769px) and (max-width: 992px) {\r\n.hecev69f77485d01cb {\r\ndisplay: block;\r\n}\r\n}\r\n@media screen and (min-width: 768px) and (max-width: 768px) {\r\n.hecev69f77485d01cb {\r\ndisplay: block;\r\n}\r\n}\r\n@media screen and (max-width: 767px) {\r\n.hecev69f77485d01cb {\r\ndisplay: block;\r\n}\r\n}\r\n<\/style>\r\n<div class=\"tidlp69f77485d73bc\" ><div id=\"div_destino\"><\/div>\r\n<script src=\"https:\/\/cdn.snsrsv.com\/sdk.js\"><\/script>\r\n<script >\r\n      new sdk(\"464030C30061EA8BE065000000000001\") \r\n          .appendTo(\"div_destino\")\r\n          .disableStyle(true) \r\n          .setCacheBusterMacro(\"%%CACHEBUSTER%%\")\r\n          .setSize(\"800\",\"214\")\r\n          .setClickMacro(\"%%CLICK_URL_ESC%%\") \r\n          .setReferrerUrlMacro(\"%%REFERRER_URL_ESC%%\") \r\n          .start(); \r\n<\/script><\/div><style type=\"text\/css\">\r\n@media screen and (min-width: 1201px) {\r\n.tidlp69f77485d73bc {\r\ndisplay: block;\r\n}\r\n}\r\n@media screen and (min-width: 993px) and (max-width: 1200px) {\r\n.tidlp69f77485d73bc {\r\ndisplay: block;\r\n}\r\n}\r\n@media screen and (min-width: 769px) and (max-width: 992px) {\r\n.tidlp69f77485d73bc {\r\ndisplay: block;\r\n}\r\n}\r\n@media screen and (min-width: 768px) and (max-width: 768px) {\r\n.tidlp69f77485d73bc {\r\ndisplay: block;\r\n}\r\n}\r\n@media screen and (max-width: 767px) {\r\n.tidlp69f77485d73bc {\r\ndisplay: block;\r\n}\r\n}\r\n<\/style>\r\n","protected":false},"excerpt":{"rendered":"<p>Um homem de 27 anos de idade foi detido pela Pol\u00edcia Militar, no final da manh\u00e3 de quarta-feira, 31 de mar\u00e7o, em uma rua da cidade de Rio Novo, por usar uma m\u00e1scara de prote\u00e7\u00e3o facial cuja estampa parece com<\/p>\n<p class=\"link-more\"><a class=\"more-link\" href=\"https:\/\/marcelolopes.jor.br\/site\/2021\/04\/02\/homem-e-detido-em-rio-novo-por-usar-mascara-com-estampa-de-maconha\/\">Leia mais <span class=\"screen-reader-text\">Homem \u00e9 detido em Rio Novo por usar m\u00e1scara com estampa de maconha<\/span><\/a><\/p>\n","protected":false},"author":2,"featured_media":22723,"comment_status":"open","ping_status":"open","sticky":false,"template":"","format":"standard","meta":{"footnotes":""},"categories":[1],"tags":[3864,3862,3861,3863],"class_list":["post-22721","post","type-post","status-publish","format-standard","has-post-thumbnail","hentry","category-noticias","tag-apologia-as-drogas","tag-estampa-de-maconha","tag-mascara-facial","tag-rio-novo","thumb-below-title"],"yoast_head":"<!-- This site is optimized with the Yoast SEO plugin v27.4 - https:\/\/yoast.com\/product\/yoast-seo-wordpress\/ -->\n<title>Homem \u00e9 detido em Rio Novo por usar m\u00e1scara com estampa de maconha | Marcelo Lopes<\/title>\n<meta name=\"robots\" content=\"index, follow, max-snippet:-1, max-image-preview:large, max-video-preview:-1\" \/>\n<link rel=\"canonical\" href=\"https:\/\/marcelolopes.jor.br\/site\/2021\/04\/02\/homem-e-detido-em-rio-novo-por-usar-mascara-com-estampa-de-maconha\/\" \/>\n<meta property=\"og:locale\" content=\"pt_BR\" \/>\n<meta property=\"og:type\" content=\"article\" \/>\n<meta property=\"og:title\" content=\"Homem \u00e9 detido em Rio Novo por usar m\u00e1scara com estampa de maconha | Marcelo Lopes\" \/>\n<meta property=\"og:description\" content=\"Um homem de 27 anos de idade foi detido pela Pol\u00edcia Militar, no final da manh\u00e3 de quarta-feira, 31 de mar\u00e7o, em uma rua da cidade de Rio Novo, por usar uma m\u00e1scara de prote\u00e7\u00e3o facial cuja estampa parece comLeia mais Homem \u00e9 detido em Rio Novo por usar m\u00e1scara com estampa de maconha\" \/>\n<meta property=\"og:url\" content=\"https:\/\/marcelolopes.jor.br\/site\/2021\/04\/02\/homem-e-detido-em-rio-novo-por-usar-mascara-com-estampa-de-maconha\/\" \/>\n<meta property=\"og:site_name\" content=\"Marcelo Lopes\" \/>\n<meta property=\"article:publisher\" content=\"https:\/\/www.facebook.com\/sitedomarcelolopes\" \/>\n<meta property=\"article:published_time\" content=\"2021-04-02T15:00:53+00:00\" \/>\n<meta property=\"og:image\" content=\"https:\/\/marcelolopes.jor.br\/site\/wp-content\/uploads\/2021\/04\/df6e7197-d35a-4b7b-9ab8-419e8cb4f191.jpg\" \/>\n\t<meta property=\"og:image:width\" content=\"800\" \/>\n\t<meta property=\"og:image:height\" content=\"516\" \/>\n\t<meta property=\"og:image:type\" content=\"image\/jpeg\" \/>\n<meta name=\"author\" content=\"Marcelo Lopes\" \/>\n<meta name=\"twitter:card\" content=\"summary_large_image\" \/>\n<meta name=\"twitter:label1\" content=\"Escrito por\" \/>\n\t<meta name=\"twitter:data1\" content=\"Marcelo Lopes\" \/>\n\t<meta name=\"twitter:label2\" content=\"Est. tempo de leitura\" \/>\n\t<meta name=\"twitter:data2\" content=\"1 minuto\" \/>\n<script type=\"application\/ld+json\" class=\"yoast-schema-graph\">{\"@context\":\"https:\\\/\\\/schema.org\",\"@graph\":[{\"@type\":\"NewsArticle\",\"@id\":\"https:\\\/\\\/marcelolopes.jor.br\\\/site\\\/2021\\\/04\\\/02\\\/homem-e-detido-em-rio-novo-por-usar-mascara-com-estampa-de-maconha\\\/#article\",\"isPartOf\":{\"@id\":\"https:\\\/\\\/marcelolopes.jor.br\\\/site\\\/2021\\\/04\\\/02\\\/homem-e-detido-em-rio-novo-por-usar-mascara-com-estampa-de-maconha\\\/\"},\"author\":{\"name\":\"Marcelo Lopes\",\"@id\":\"https:\\\/\\\/marcelolopes.jor.br\\\/site\\\/#\\\/schema\\\/person\\\/3e7216a35c34d8fdf952b31da3d1f89f\"},\"headline\":\"Homem \u00e9 detido em Rio Novo por usar m\u00e1scara com estampa de maconha\",\"datePublished\":\"2021-04-02T15:00:53+00:00\",\"mainEntityOfPage\":{\"@id\":\"https:\\\/\\\/marcelolopes.jor.br\\\/site\\\/2021\\\/04\\\/02\\\/homem-e-detido-em-rio-novo-por-usar-mascara-com-estampa-de-maconha\\\/\"},\"wordCount\":168,\"commentCount\":0,\"publisher\":{\"@id\":\"https:\\\/\\\/marcelolopes.jor.br\\\/site\\\/#organization\"},\"image\":{\"@id\":\"https:\\\/\\\/marcelolopes.jor.br\\\/site\\\/2021\\\/04\\\/02\\\/homem-e-detido-em-rio-novo-por-usar-mascara-com-estampa-de-maconha\\\/#primaryimage\"},\"thumbnailUrl\":\"https:\\\/\\\/marcelolopes.jor.br\\\/site\\\/wp-content\\\/uploads\\\/2021\\\/04\\\/df6e7197-d35a-4b7b-9ab8-419e8cb4f191.jpg\",\"keywords\":[\"apologia \u00e0s drogas\",\"estampa de maconha\",\"m\u00e1scara facial\",\"Rio Novo\"],\"articleSection\":[\"Not\u00edcias\"],\"inLanguage\":\"pt-BR\",\"potentialAction\":[{\"@type\":\"CommentAction\",\"name\":\"Comment\",\"target\":[\"https:\\\/\\\/marcelolopes.jor.br\\\/site\\\/2021\\\/04\\\/02\\\/homem-e-detido-em-rio-novo-por-usar-mascara-com-estampa-de-maconha\\\/#respond\"]}]},{\"@type\":\"WebPage\",\"@id\":\"https:\\\/\\\/marcelolopes.jor.br\\\/site\\\/2021\\\/04\\\/02\\\/homem-e-detido-em-rio-novo-por-usar-mascara-com-estampa-de-maconha\\\/\",\"url\":\"https:\\\/\\\/marcelolopes.jor.br\\\/site\\\/2021\\\/04\\\/02\\\/homem-e-detido-em-rio-novo-por-usar-mascara-com-estampa-de-maconha\\\/\",\"name\":\"Homem \u00e9 detido em Rio Novo por usar m\u00e1scara com estampa de maconha | Marcelo Lopes\",\"isPartOf\":{\"@id\":\"https:\\\/\\\/marcelolopes.jor.br\\\/site\\\/#website\"},\"primaryImageOfPage\":{\"@id\":\"https:\\\/\\\/marcelolopes.jor.br\\\/site\\\/2021\\\/04\\\/02\\\/homem-e-detido-em-rio-novo-por-usar-mascara-com-estampa-de-maconha\\\/#primaryimage\"},\"image\":{\"@id\":\"https:\\\/\\\/marcelolopes.jor.br\\\/site\\\/2021\\\/04\\\/02\\\/homem-e-detido-em-rio-novo-por-usar-mascara-com-estampa-de-maconha\\\/#primaryimage\"},\"thumbnailUrl\":\"https:\\\/\\\/marcelolopes.jor.br\\\/site\\\/wp-content\\\/uploads\\\/2021\\\/04\\\/df6e7197-d35a-4b7b-9ab8-419e8cb4f191.jpg\",\"datePublished\":\"2021-04-02T15:00:53+00:00\",\"breadcrumb\":{\"@id\":\"https:\\\/\\\/marcelolopes.jor.br\\\/site\\\/2021\\\/04\\\/02\\\/homem-e-detido-em-rio-novo-por-usar-mascara-com-estampa-de-maconha\\\/#breadcrumb\"},\"inLanguage\":\"pt-BR\",\"potentialAction\":[{\"@type\":\"ReadAction\",\"target\":[\"https:\\\/\\\/marcelolopes.jor.br\\\/site\\\/2021\\\/04\\\/02\\\/homem-e-detido-em-rio-novo-por-usar-mascara-com-estampa-de-maconha\\\/\"]}]},{\"@type\":\"ImageObject\",\"inLanguage\":\"pt-BR\",\"@id\":\"https:\\\/\\\/marcelolopes.jor.br\\\/site\\\/2021\\\/04\\\/02\\\/homem-e-detido-em-rio-novo-por-usar-mascara-com-estampa-de-maconha\\\/#primaryimage\",\"url\":\"https:\\\/\\\/marcelolopes.jor.br\\\/site\\\/wp-content\\\/uploads\\\/2021\\\/04\\\/df6e7197-d35a-4b7b-9ab8-419e8cb4f191.jpg\",\"contentUrl\":\"https:\\\/\\\/marcelolopes.jor.br\\\/site\\\/wp-content\\\/uploads\\\/2021\\\/04\\\/df6e7197-d35a-4b7b-9ab8-419e8cb4f191.jpg\",\"width\":800,\"height\":516},{\"@type\":\"BreadcrumbList\",\"@id\":\"https:\\\/\\\/marcelolopes.jor.br\\\/site\\\/2021\\\/04\\\/02\\\/homem-e-detido-em-rio-novo-por-usar-mascara-com-estampa-de-maconha\\\/#breadcrumb\",\"itemListElement\":[{\"@type\":\"ListItem\",\"position\":1,\"name\":\"Home\",\"item\":\"https:\\\/\\\/marcelolopes.jor.br\\\/site\\\/\"},{\"@type\":\"ListItem\",\"position\":2,\"name\":\"Homem \u00e9 detido em Rio Novo por usar m\u00e1scara com estampa de maconha\"}]},{\"@type\":\"WebSite\",\"@id\":\"https:\\\/\\\/marcelolopes.jor.br\\\/site\\\/#website\",\"url\":\"https:\\\/\\\/marcelolopes.jor.br\\\/site\\\/\",\"name\":\"Marcelo Lopes\",\"description\":\"Not\u00edcias de Cataguases e Regi\u00e3o\",\"publisher\":{\"@id\":\"https:\\\/\\\/marcelolopes.jor.br\\\/site\\\/#organization\"},\"potentialAction\":[{\"@type\":\"SearchAction\",\"target\":{\"@type\":\"EntryPoint\",\"urlTemplate\":\"https:\\\/\\\/marcelolopes.jor.br\\\/site\\\/?s={search_term_string}\"},\"query-input\":{\"@type\":\"PropertyValueSpecification\",\"valueRequired\":true,\"valueName\":\"search_term_string\"}}],\"inLanguage\":\"pt-BR\"},{\"@type\":\"Organization\",\"@id\":\"https:\\\/\\\/marcelolopes.jor.br\\\/site\\\/#organization\",\"name\":\"Site do Marcelo Lopes\",\"url\":\"https:\\\/\\\/marcelolopes.jor.br\\\/site\\\/\",\"logo\":{\"@type\":\"ImageObject\",\"inLanguage\":\"pt-BR\",\"@id\":\"https:\\\/\\\/marcelolopes.jor.br\\\/site\\\/#\\\/schema\\\/logo\\\/image\\\/\",\"url\":\"https:\\\/\\\/marcelolopes.jor.br\\\/site\\\/wp-content\\\/uploads\\\/2024\\\/11\\\/logo-1.png\",\"contentUrl\":\"https:\\\/\\\/marcelolopes.jor.br\\\/site\\\/wp-content\\\/uploads\\\/2024\\\/11\\\/logo-1.png\",\"width\":475,\"height\":80,\"caption\":\"Site do Marcelo Lopes\"},\"image\":{\"@id\":\"https:\\\/\\\/marcelolopes.jor.br\\\/site\\\/#\\\/schema\\\/logo\\\/image\\\/\"},\"sameAs\":[\"https:\\\/\\\/www.facebook.com\\\/sitedomarcelolopes\",\"https:\\\/\\\/www.instagram.com\\\/sitedomarcelolopes\\\/\",\"https:\\\/\\\/www.linkedin.com\\\/company\\\/site-do-marcelo-lopes\\\/\",\"https:\\\/\\\/www.youtube.com\\\/user\\\/marcelolopes957\"]},{\"@type\":\"Person\",\"@id\":\"https:\\\/\\\/marcelolopes.jor.br\\\/site\\\/#\\\/schema\\\/person\\\/3e7216a35c34d8fdf952b31da3d1f89f\",\"name\":\"Marcelo Lopes\",\"sameAs\":[\"http:\\\/\\\/www.marcelolopes.jor.br\"],\"url\":\"https:\\\/\\\/marcelolopes.jor.br\\\/site\\\/author\\\/marcelo\\\/\"}]}<\/script>\n<!-- \/ Yoast SEO plugin. -->","yoast_head_json":{"title":"Homem \u00e9 detido em Rio Novo por usar m\u00e1scara com estampa de maconha | Marcelo Lopes","robots":{"index":"index","follow":"follow","max-snippet":"max-snippet:-1","max-image-preview":"max-image-preview:large","max-video-preview":"max-video-preview:-1"},"canonical":"https:\/\/marcelolopes.jor.br\/site\/2021\/04\/02\/homem-e-detido-em-rio-novo-por-usar-mascara-com-estampa-de-maconha\/","og_locale":"pt_BR","og_type":"article","og_title":"Homem \u00e9 detido em Rio Novo por usar m\u00e1scara com estampa de maconha | Marcelo Lopes","og_description":"Um homem de 27 anos de idade foi detido pela Pol\u00edcia Militar, no final da manh\u00e3 de quarta-feira, 31 de mar\u00e7o, em uma rua da cidade de Rio Novo, por usar uma m\u00e1scara de prote\u00e7\u00e3o facial cuja estampa parece comLeia mais Homem \u00e9 detido em Rio Novo por usar m\u00e1scara com estampa de maconha","og_url":"https:\/\/marcelolopes.jor.br\/site\/2021\/04\/02\/homem-e-detido-em-rio-novo-por-usar-mascara-com-estampa-de-maconha\/","og_site_name":"Marcelo Lopes","article_publisher":"https:\/\/www.facebook.com\/sitedomarcelolopes","article_published_time":"2021-04-02T15:00:53+00:00","og_image":[{"width":800,"height":516,"url":"https:\/\/marcelolopes.jor.br\/site\/wp-content\/uploads\/2021\/04\/df6e7197-d35a-4b7b-9ab8-419e8cb4f191.jpg","type":"image\/jpeg"}],"author":"Marcelo Lopes","twitter_card":"summary_large_image","twitter_misc":{"Escrito por":"Marcelo Lopes","Est. tempo de leitura":"1 minuto"},"schema":{"@context":"https:\/\/schema.org","@graph":[{"@type":"NewsArticle","@id":"https:\/\/marcelolopes.jor.br\/site\/2021\/04\/02\/homem-e-detido-em-rio-novo-por-usar-mascara-com-estampa-de-maconha\/#article","isPartOf":{"@id":"https:\/\/marcelolopes.jor.br\/site\/2021\/04\/02\/homem-e-detido-em-rio-novo-por-usar-mascara-com-estampa-de-maconha\/"},"author":{"name":"Marcelo Lopes","@id":"https:\/\/marcelolopes.jor.br\/site\/#\/schema\/person\/3e7216a35c34d8fdf952b31da3d1f89f"},"headline":"Homem \u00e9 detido em Rio Novo por usar m\u00e1scara com estampa de maconha","datePublished":"2021-04-02T15:00:53+00:00","mainEntityOfPage":{"@id":"https:\/\/marcelolopes.jor.br\/site\/2021\/04\/02\/homem-e-detido-em-rio-novo-por-usar-mascara-com-estampa-de-maconha\/"},"wordCount":168,"commentCount":0,"publisher":{"@id":"https:\/\/marcelolopes.jor.br\/site\/#organization"},"image":{"@id":"https:\/\/marcelolopes.jor.br\/site\/2021\/04\/02\/homem-e-detido-em-rio-novo-por-usar-mascara-com-estampa-de-maconha\/#primaryimage"},"thumbnailUrl":"https:\/\/marcelolopes.jor.br\/site\/wp-content\/uploads\/2021\/04\/df6e7197-d35a-4b7b-9ab8-419e8cb4f191.jpg","keywords":["apologia \u00e0s drogas","estampa de maconha","m\u00e1scara facial","Rio Novo"],"articleSection":["Not\u00edcias"],"inLanguage":"pt-BR","potentialAction":[{"@type":"CommentAction","name":"Comment","target":["https:\/\/marcelolopes.jor.br\/site\/2021\/04\/02\/homem-e-detido-em-rio-novo-por-usar-mascara-com-estampa-de-maconha\/#respond"]}]},{"@type":"WebPage","@id":"https:\/\/marcelolopes.jor.br\/site\/2021\/04\/02\/homem-e-detido-em-rio-novo-por-usar-mascara-com-estampa-de-maconha\/","url":"https:\/\/marcelolopes.jor.br\/site\/2021\/04\/02\/homem-e-detido-em-rio-novo-por-usar-mascara-com-estampa-de-maconha\/","name":"Homem \u00e9 detido em Rio Novo por usar m\u00e1scara com estampa de maconha | Marcelo Lopes","isPartOf":{"@id":"https:\/\/marcelolopes.jor.br\/site\/#website"},"primaryImageOfPage":{"@id":"https:\/\/marcelolopes.jor.br\/site\/2021\/04\/02\/homem-e-detido-em-rio-novo-por-usar-mascara-com-estampa-de-maconha\/#primaryimage"},"image":{"@id":"https:\/\/marcelolopes.jor.br\/site\/2021\/04\/02\/homem-e-detido-em-rio-novo-por-usar-mascara-com-estampa-de-maconha\/#primaryimage"},"thumbnailUrl":"https:\/\/marcelolopes.jor.br\/site\/wp-content\/uploads\/2021\/04\/df6e7197-d35a-4b7b-9ab8-419e8cb4f191.jpg","datePublished":"2021-04-02T15:00:53+00:00","breadcrumb":{"@id":"https:\/\/marcelolopes.jor.br\/site\/2021\/04\/02\/homem-e-detido-em-rio-novo-por-usar-mascara-com-estampa-de-maconha\/#breadcrumb"},"inLanguage":"pt-BR","potentialAction":[{"@type":"ReadAction","target":["https:\/\/marcelolopes.jor.br\/site\/2021\/04\/02\/homem-e-detido-em-rio-novo-por-usar-mascara-com-estampa-de-maconha\/"]}]},{"@type":"ImageObject","inLanguage":"pt-BR","@id":"https:\/\/marcelolopes.jor.br\/site\/2021\/04\/02\/homem-e-detido-em-rio-novo-por-usar-mascara-com-estampa-de-maconha\/#primaryimage","url":"https:\/\/marcelolopes.jor.br\/site\/wp-content\/uploads\/2021\/04\/df6e7197-d35a-4b7b-9ab8-419e8cb4f191.jpg","contentUrl":"https:\/\/marcelolopes.jor.br\/site\/wp-content\/uploads\/2021\/04\/df6e7197-d35a-4b7b-9ab8-419e8cb4f191.jpg","width":800,"height":516},{"@type":"BreadcrumbList","@id":"https:\/\/marcelolopes.jor.br\/site\/2021\/04\/02\/homem-e-detido-em-rio-novo-por-usar-mascara-com-estampa-de-maconha\/#breadcrumb","itemListElement":[{"@type":"ListItem","position":1,"name":"Home","item":"https:\/\/marcelolopes.jor.br\/site\/"},{"@type":"ListItem","position":2,"name":"Homem \u00e9 detido em Rio Novo por usar m\u00e1scara com estampa de maconha"}]},{"@type":"WebSite","@id":"https:\/\/marcelolopes.jor.br\/site\/#website","url":"https:\/\/marcelolopes.jor.br\/site\/","name":"Marcelo Lopes","description":"Not\u00edcias de Cataguases e Regi\u00e3o","publisher":{"@id":"https:\/\/marcelolopes.jor.br\/site\/#organization"},"potentialAction":[{"@type":"SearchAction","target":{"@type":"EntryPoint","urlTemplate":"https:\/\/marcelolopes.jor.br\/site\/?s={search_term_string}"},"query-input":{"@type":"PropertyValueSpecification","valueRequired":true,"valueName":"search_term_string"}}],"inLanguage":"pt-BR"},{"@type":"Organization","@id":"https:\/\/marcelolopes.jor.br\/site\/#organization","name":"Site do Marcelo Lopes","url":"https:\/\/marcelolopes.jor.br\/site\/","logo":{"@type":"ImageObject","inLanguage":"pt-BR","@id":"https:\/\/marcelolopes.jor.br\/site\/#\/schema\/logo\/image\/","url":"https:\/\/marcelolopes.jor.br\/site\/wp-content\/uploads\/2024\/11\/logo-1.png","contentUrl":"https:\/\/marcelolopes.jor.br\/site\/wp-content\/uploads\/2024\/11\/logo-1.png","width":475,"height":80,"caption":"Site do Marcelo Lopes"},"image":{"@id":"https:\/\/marcelolopes.jor.br\/site\/#\/schema\/logo\/image\/"},"sameAs":["https:\/\/www.facebook.com\/sitedomarcelolopes","https:\/\/www.instagram.com\/sitedomarcelolopes\/","https:\/\/www.linkedin.com\/company\/site-do-marcelo-lopes\/","https:\/\/www.youtube.com\/user\/marcelolopes957"]},{"@type":"Person","@id":"https:\/\/marcelolopes.jor.br\/site\/#\/schema\/person\/3e7216a35c34d8fdf952b31da3d1f89f","name":"Marcelo Lopes","sameAs":["http:\/\/www.marcelolopes.jor.br"],"url":"https:\/\/marcelolopes.jor.br\/site\/author\/marcelo\/"}]}},"wps_subtitle":"Na noite anterior ele foi detido por dire\u00e7\u00e3o perigosa e envolvimento com drogas.","_links":{"self":[{"href":"https:\/\/marcelolopes.jor.br\/site\/wp-json\/wp\/v2\/posts\/22721","targetHints":{"allow":["GET"]}}],"collection":[{"href":"https:\/\/marcelolopes.jor.br\/site\/wp-json\/wp\/v2\/posts"}],"about":[{"href":"https:\/\/marcelolopes.jor.br\/site\/wp-json\/wp\/v2\/types\/post"}],"author":[{"embeddable":true,"href":"https:\/\/marcelolopes.jor.br\/site\/wp-json\/wp\/v2\/users\/2"}],"replies":[{"embeddable":true,"href":"https:\/\/marcelolopes.jor.br\/site\/wp-json\/wp\/v2\/comments?post=22721"}],"version-history":[{"count":0,"href":"https:\/\/marcelolopes.jor.br\/site\/wp-json\/wp\/v2\/posts\/22721\/revisions"}],"wp:featuredmedia":[{"embeddable":true,"href":"https:\/\/marcelolopes.jor.br\/site\/wp-json\/wp\/v2\/media\/22723"}],"wp:attachment":[{"href":"https:\/\/marcelolopes.jor.br\/site\/wp-json\/wp\/v2\/media?parent=22721"}],"wp:term":[{"taxonomy":"category","embeddable":true,"href":"https:\/\/marcelolopes.jor.br\/site\/wp-json\/wp\/v2\/categories?post=22721"},{"taxonomy":"post_tag","embeddable":true,"href":"https:\/\/marcelolopes.jor.br\/site\/wp-json\/wp\/v2\/tags?post=22721"}],"curies":[{"name":"wp","href":"https:\/\/api.w.org\/{rel}","templated":true}]}}